{"id":9163,"date":"2021-12-21T00:00:00","date_gmt":"2021-12-21T00:00:00","guid":{"rendered":"https:\/\/mwc-cmm.org\/mwc-update-december-2021-2\/"},"modified":"2024-12-10T18:04:06","modified_gmt":"2024-12-10T18:04:06","slug":"actualizacion-cmm-diciembre-2021","status":"publish","type":"post","link":"https:\/\/mwc-cmm.org\/es\/stories\/actualizacion-cmm-diciembre-2021\/","title":{"rendered":"Actualizaci\u00f3n CMM \u2013 Diciembre 2021"},"content":{"rendered":"<p>Las relaciones en el Congreso Mundial Menonita siempre est\u00e1n creciendo. Desde las iglesias miembros que forman el CMM hasta las redes emergentes que vinculan a las organizaciones apoyadas por la iglesia, es as\u00ed como, el CMM facilita las conexiones entre las organizaciones&nbsp;anabautistas.<\/p>\n<ul>\n<li>Stephanie&nbsp;Setiawan&nbsp;se une al equipo del CMM como asistente de comunicaciones de internet. Ella es miembro de GKMI&nbsp;Sidoarjo&nbsp;en Indonesia, donde ense\u00f1a en la escuela dominical. Por otro lado, tiene experiencia en la gesti\u00f3n de redes sociales y trabajo en sitios de internet. Stephanie trabajo con ni\u00f1os en Colombia en el programa conjunto del CMM y el CCM: YAMEN y recientemente sirvi\u00f3 como becaria de la Fraternidad Mundial con Ministerios Globales (Metodistas Unidos) en Argentina. &nbsp;<\/li>\n<li>El equipo de Comunicaciones agradece a Alexandro Marthin, YAMEN interno entre 2018 -2019, quien continuo como voluntario hasta el 2021 en el equipo de comunicaciones para internet. &nbsp;<\/li>\n<\/ul>\n<table style=\"width:100%\">\n<tbody>\n<tr style=\"border:none\">\n<td style=\"border:none\">\n<div style=\"text-align:center\">\n<figure class=\"image\" style=\"display:inline-block\"><img decoding=\"async\" alt=\"\" data-src=\"\/sites\/default\/files\/website_files_2020\/whatsapp_image_2019-09-13_at_3.13.38_pm.jpeg\" width=\"200\" height=\"200\" src=\"data:image\/svg+xml;base64,PHN2ZyB3aWR0aD0iMSIgaGVpZ2h0PSIxIiB4bWxucz0iaHR0cDovL3d3dy53My5vcmcvMjAwMC9zdmciPjwvc3ZnPg==\" class=\"lazyload\" style=\"--smush-placeholder-width: 200px; --smush-placeholder-aspect-ratio: 200\/200;\"><figcaption>Stephanie Setiawan<\/figcaption><\/figure>\n<\/p><\/div>\n<\/td>\n<td style=\"border:none\">\n<div style=\"text-align:center\">\n<figure class=\"image\" style=\"display:inline-block\"><img decoding=\"async\" alt=\"\" data-src=\"\/sites\/default\/files\/website_files_2020\/img_20211221_151858_804_720.jpg\" width=\"205\" height=\"200\" src=\"data:image\/svg+xml;base64,PHN2ZyB3aWR0aD0iMSIgaGVpZ2h0PSIxIiB4bWxucz0iaHR0cDovL3d3dy53My5vcmcvMjAwMC9zdmciPjwvc3ZnPg==\" class=\"lazyload\" style=\"--smush-placeholder-width: 205px; --smush-placeholder-aspect-ratio: 205\/200;\"><figcaption>Alexandro Marthin<\/figcaption><\/figure>\n<\/p><\/div>\n<\/td>\n<\/tr>\n<\/tbody>\n<\/table>\n<ul>\n<li>Los miembros directivos del CMM J. Nelson Kraybill (presidente), Henk Stenvers (Presidente&nbsp;electo),&nbsp;Sunoko&nbsp;Lin (tesorero) y C\u00e9sar Garc\u00eda (secretario general) se encontraron en noviembre del 2021 de manera presencial para la primera reuni\u00f3n oficial desde el 2019. La vicepresidenta Rebecca&nbsp;Osiro&nbsp;no pudo asistir a este encuentro.  &nbsp;<\/li>\n<li>El Fondo de Ayuda de la Iglesia Mundial&nbsp;es administrado por la Comisi\u00f3n de Di\u00e1conos para distribuir los recursos financieros para las necesidades espec\u00edficas de la iglesia. En 2021, ocho proyectos recibieron una&nbsp;subvenci\u00f3n del FAIM en Angola, Belice, Cuba, Etiop\u00eda, India, Indonesia, Kenia y Tanzania, estos recursos fueron para apoyo alimentario, fondos para la construcci\u00f3n de la iglesia y una cl\u00ednica de vacunaci\u00f3n contra el COVID-19. &nbsp;<\/li>\n<\/ul>\n<p>En diciembre, se abren las<a href=\"https:\/\/event.mwc-cmm.org\/event\/8c9c9576-4a3d-4ab2-a486-fc5024defbf6\/summary\"> inscripciones en l\u00ednea<\/a> para la Asamblea 17 en Indonesia en el 2022. &nbsp;<\/p>\n<p>Cesar Garc\u00eda, secretario general del CMM expresa, \u201cnos regocijamos en las amistades transculturales fomentadas entre los menonitas&nbsp;anabautistas&nbsp;alrededor del mundo a trav\u00e9s de las actividades del Congreso Mundial Menonita, mientras compartimos las alegr\u00edas y cargas de los dem\u00e1s en oraci\u00f3n y solidaridad\u201d&nbsp;<\/p>\n","protected":false},"excerpt":{"rendered":"<p>Las relaciones en el Congreso Mundial Menonita siempre est\u00e1n creciendo. Desde las iglesias miembros que forman el CMM hasta las redes emergentes que vinculan a las organizaciones apoyadas por la iglesia, es as\u00ed como, el CMM facilita las conexiones entre las organizaciones&nbsp;anabautistas. Stephanie&nbsp;Setiawan&nbsp;se une al equipo del CMM como asistente de comunicaciones de internet. Ella [&hellip;]<\/p>\n","protected":false},"author":1,"featured_media":94378,"comment_status":"closed","ping_status":"closed","sticky":false,"template":"","format":"standard","meta":{"_acf_changed":false,"footnotes":""},"categories":[6],"tags":[],"network":[],"eventcategory":[],"class_list":["post-9163","post","type-post","status-publish","format-standard","has-post-thumbnail","hentry","category-sin-categorizar"],"acf":[],"yoast_head":"<!-- This site is optimized with the Yoast SEO plugin v27.5 - https:\/\/yoast.com\/product\/yoast-seo-wordpress\/ -->\n<title>Actualizaci\u00f3n CMM \u2013 Diciembre 2021 - Mennonite World Conference<\/title>\n<meta name=\"robots\" content=\"index, follow, max-snippet:-1, max-image-preview:large, max-video-preview:-1\" \/>\n<link rel=\"canonical\" href=\"https:\/\/mwc-cmm.org\/es\/stories\/actualizacion-cmm-diciembre-2021\/\" \/>\n<meta property=\"og:locale\" content=\"es_ES\" \/>\n<meta property=\"og:type\" content=\"article\" \/>\n<meta property=\"og:title\" content=\"Actualizaci\u00f3n CMM \u2013 Diciembre 2021 - Mennonite World Conference\" \/>\n<meta property=\"og:description\" content=\"Las relaciones en el Congreso Mundial Menonita siempre est\u00e1n creciendo. Desde las iglesias miembros que forman el CMM hasta las redes emergentes que vinculan a las organizaciones apoyadas por la iglesia, es as\u00ed como, el CMM facilita las conexiones entre las organizaciones&nbsp;anabautistas. Stephanie&nbsp;Setiawan&nbsp;se une al equipo del CMM como asistente de comunicaciones de internet. Ella [&hellip;]\" \/>\n<meta property=\"og:url\" content=\"https:\/\/mwc-cmm.org\/es\/stories\/actualizacion-cmm-diciembre-2021\/\" \/>\n<meta property=\"og:site_name\" content=\"Mennonite World Conference\" \/>\n<meta property=\"article:publisher\" content=\"https:\/\/www.facebook.com\/MennoniteWorldConference\" \/>\n<meta property=\"article:published_time\" content=\"2021-12-21T00:00:00+00:00\" \/>\n<meta property=\"article:modified_time\" content=\"2024-12-10T18:04:06+00:00\" \/>\n<meta property=\"og:image\" content=\"https:\/\/mwc-cmm.org\/wp-content\/uploads\/2024\/11\/nov5-6-officersvisit-6-scaled.jpg\" \/>\n\t<meta property=\"og:image:width\" content=\"2560\" \/>\n\t<meta property=\"og:image:height\" content=\"1920\" \/>\n\t<meta property=\"og:image:type\" content=\"image\/jpeg\" \/>\n<meta name=\"author\" content=\"mennworldcon\" \/>\n<script type=\"application\/ld+json\" class=\"yoast-schema-graph\">{\"@context\":\"https:\\\/\\\/schema.org\",\"@graph\":[{\"@type\":\"Article\",\"@id\":\"https:\\\/\\\/mwc-cmm.org\\\/es\\\/stories\\\/actualizacion-cmm-diciembre-2021\\\/#article\",\"isPartOf\":{\"@id\":\"https:\\\/\\\/mwc-cmm.org\\\/es\\\/stories\\\/actualizacion-cmm-diciembre-2021\\\/\"},\"author\":{\"name\":\"mennworldcon\",\"@id\":\"https:\\\/\\\/mwc-cmm.org\\\/en\\\/#\\\/schema\\\/person\\\/11f6ae0d7d1868ba20a1cc27f067c836\"},\"headline\":\"Actualizaci\u00f3n CMM \u2013 Diciembre 2021\",\"datePublished\":\"2021-12-21T00:00:00+00:00\",\"dateModified\":\"2024-12-10T18:04:06+00:00\",\"mainEntityOfPage\":{\"@id\":\"https:\\\/\\\/mwc-cmm.org\\\/es\\\/stories\\\/actualizacion-cmm-diciembre-2021\\\/\"},\"wordCount\":364,\"publisher\":{\"@id\":\"https:\\\/\\\/mwc-cmm.org\\\/en\\\/#organization\"},\"image\":{\"@id\":\"https:\\\/\\\/mwc-cmm.org\\\/es\\\/stories\\\/actualizacion-cmm-diciembre-2021\\\/#primaryimage\"},\"thumbnailUrl\":\"https:\\\/\\\/mwc-cmm.org\\\/wp-content\\\/uploads\\\/2024\\\/11\\\/nov5-6-officersvisit-6-scaled.jpg\",\"articleSection\":[\"Sin categorizar\"],\"inLanguage\":\"es\"},{\"@type\":\"WebPage\",\"@id\":\"https:\\\/\\\/mwc-cmm.org\\\/es\\\/stories\\\/actualizacion-cmm-diciembre-2021\\\/\",\"url\":\"https:\\\/\\\/mwc-cmm.org\\\/es\\\/stories\\\/actualizacion-cmm-diciembre-2021\\\/\",\"name\":\"Actualizaci\u00f3n CMM \u2013 Diciembre 2021 - Mennonite World Conference\",\"isPartOf\":{\"@id\":\"https:\\\/\\\/mwc-cmm.org\\\/en\\\/#website\"},\"primaryImageOfPage\":{\"@id\":\"https:\\\/\\\/mwc-cmm.org\\\/es\\\/stories\\\/actualizacion-cmm-diciembre-2021\\\/#primaryimage\"},\"image\":{\"@id\":\"https:\\\/\\\/mwc-cmm.org\\\/es\\\/stories\\\/actualizacion-cmm-diciembre-2021\\\/#primaryimage\"},\"thumbnailUrl\":\"https:\\\/\\\/mwc-cmm.org\\\/wp-content\\\/uploads\\\/2024\\\/11\\\/nov5-6-officersvisit-6-scaled.jpg\",\"datePublished\":\"2021-12-21T00:00:00+00:00\",\"dateModified\":\"2024-12-10T18:04:06+00:00\",\"breadcrumb\":{\"@id\":\"https:\\\/\\\/mwc-cmm.org\\\/es\\\/stories\\\/actualizacion-cmm-diciembre-2021\\\/#breadcrumb\"},\"inLanguage\":\"es\",\"potentialAction\":[{\"@type\":\"ReadAction\",\"target\":[\"https:\\\/\\\/mwc-cmm.org\\\/es\\\/stories\\\/actualizacion-cmm-diciembre-2021\\\/\"]}]},{\"@type\":\"ImageObject\",\"inLanguage\":\"es\",\"@id\":\"https:\\\/\\\/mwc-cmm.org\\\/es\\\/stories\\\/actualizacion-cmm-diciembre-2021\\\/#primaryimage\",\"url\":\"https:\\\/\\\/mwc-cmm.org\\\/wp-content\\\/uploads\\\/2024\\\/11\\\/nov5-6-officersvisit-6-scaled.jpg\",\"contentUrl\":\"https:\\\/\\\/mwc-cmm.org\\\/wp-content\\\/uploads\\\/2024\\\/11\\\/nov5-6-officersvisit-6-scaled.jpg\",\"width\":2560,\"height\":1920},{\"@type\":\"BreadcrumbList\",\"@id\":\"https:\\\/\\\/mwc-cmm.org\\\/es\\\/stories\\\/actualizacion-cmm-diciembre-2021\\\/#breadcrumb\",\"itemListElement\":[{\"@type\":\"ListItem\",\"position\":1,\"name\":\"Home\",\"item\":\"https:\\\/\\\/mwc-cmm.org\\\/es\\\/\"},{\"@type\":\"ListItem\",\"position\":2,\"name\":\"Actualizaci\u00f3n CMM \u2013 Diciembre 2021\"}]},{\"@type\":\"WebSite\",\"@id\":\"https:\\\/\\\/mwc-cmm.org\\\/en\\\/#website\",\"url\":\"https:\\\/\\\/mwc-cmm.org\\\/en\\\/\",\"name\":\"Mennonite World Conference\",\"description\":\"A communion of Anabaptist-related churches\",\"publisher\":{\"@id\":\"https:\\\/\\\/mwc-cmm.org\\\/en\\\/#organization\"},\"alternateName\":\"MWC\",\"potentialAction\":[{\"@type\":\"SearchAction\",\"target\":{\"@type\":\"EntryPoint\",\"urlTemplate\":\"https:\\\/\\\/mwc-cmm.org\\\/en\\\/?s={search_term_string}\"},\"query-input\":{\"@type\":\"PropertyValueSpecification\",\"valueRequired\":true,\"valueName\":\"search_term_string\"}}],\"inLanguage\":\"es\"},{\"@type\":\"Organization\",\"@id\":\"https:\\\/\\\/mwc-cmm.org\\\/en\\\/#organization\",\"name\":\"Mennonite World Conference\",\"alternateName\":\"MWC\",\"url\":\"https:\\\/\\\/mwc-cmm.org\\\/en\\\/\",\"logo\":{\"@type\":\"ImageObject\",\"inLanguage\":\"es\",\"@id\":\"https:\\\/\\\/mwc-cmm.org\\\/en\\\/#\\\/schema\\\/logo\\\/image\\\/\",\"url\":\"https:\\\/\\\/mwc-cmm.org\\\/wp-content\\\/uploads\\\/2026\\\/01\\\/MWC_Sig_Blue_Horiz_webheader1-logo.svg\",\"contentUrl\":\"https:\\\/\\\/mwc-cmm.org\\\/wp-content\\\/uploads\\\/2026\\\/01\\\/MWC_Sig_Blue_Horiz_webheader1-logo.svg\",\"width\":786,\"height\":82,\"caption\":\"Mennonite World Conference\"},\"image\":{\"@id\":\"https:\\\/\\\/mwc-cmm.org\\\/en\\\/#\\\/schema\\\/logo\\\/image\\\/\"},\"sameAs\":[\"https:\\\/\\\/www.facebook.com\\\/MennoniteWorldConference\",\"https:\\\/\\\/www.linkedin.com\\\/company\\\/mennonite-world-conference-mwc\\\/\",\"https:\\\/\\\/www.instagram.com\\\/mwcmm\\\/\",\"https:\\\/\\\/www.youtube.com\\\/user\\\/mwccmm\",\"https:\\\/\\\/bsky.app\\\/profile\\\/mwcmm.bsky.social\"]},{\"@type\":\"Person\",\"@id\":\"https:\\\/\\\/mwc-cmm.org\\\/en\\\/#\\\/schema\\\/person\\\/11f6ae0d7d1868ba20a1cc27f067c836\",\"name\":\"mennworldcon\",\"image\":{\"@type\":\"ImageObject\",\"inLanguage\":\"es\",\"@id\":\"https:\\\/\\\/secure.gravatar.com\\\/avatar\\\/06fdc0dc81c157dfdb82ec42f252178a22307808988d22c043f9eb96f1e0fe80?s=96&d=mm&r=g\",\"url\":\"https:\\\/\\\/secure.gravatar.com\\\/avatar\\\/06fdc0dc81c157dfdb82ec42f252178a22307808988d22c043f9eb96f1e0fe80?s=96&d=mm&r=g\",\"contentUrl\":\"https:\\\/\\\/secure.gravatar.com\\\/avatar\\\/06fdc0dc81c157dfdb82ec42f252178a22307808988d22c043f9eb96f1e0fe80?s=96&d=mm&r=g\",\"caption\":\"mennworldcon\"},\"sameAs\":[\"https:\\\/\\\/mwc-cmm.org\"],\"url\":\"https:\\\/\\\/mwc-cmm.org\\\/es\\\/stories\\\/author\\\/mennworldcon\\\/\"}]}<\/script>\n<!-- \/ Yoast SEO plugin. -->","yoast_head_json":{"title":"Actualizaci\u00f3n CMM \u2013 Diciembre 2021 - Mennonite World Conference","robots":{"index":"index","follow":"follow","max-snippet":"max-snippet:-1","max-image-preview":"max-image-preview:large","max-video-preview":"max-video-preview:-1"},"canonical":"https:\/\/mwc-cmm.org\/es\/stories\/actualizacion-cmm-diciembre-2021\/","og_locale":"es_ES","og_type":"article","og_title":"Actualizaci\u00f3n CMM \u2013 Diciembre 2021 - Mennonite World Conference","og_description":"Las relaciones en el Congreso Mundial Menonita siempre est\u00e1n creciendo. Desde las iglesias miembros que forman el CMM hasta las redes emergentes que vinculan a las organizaciones apoyadas por la iglesia, es as\u00ed como, el CMM facilita las conexiones entre las organizaciones&nbsp;anabautistas. Stephanie&nbsp;Setiawan&nbsp;se une al equipo del CMM como asistente de comunicaciones de internet. Ella [&hellip;]","og_url":"https:\/\/mwc-cmm.org\/es\/stories\/actualizacion-cmm-diciembre-2021\/","og_site_name":"Mennonite World Conference","article_publisher":"https:\/\/www.facebook.com\/MennoniteWorldConference","article_published_time":"2021-12-21T00:00:00+00:00","article_modified_time":"2024-12-10T18:04:06+00:00","og_image":[{"width":2560,"height":1920,"url":"https:\/\/mwc-cmm.org\/wp-content\/uploads\/2024\/11\/nov5-6-officersvisit-6-scaled.jpg","type":"image\/jpeg"}],"author":"mennworldcon","schema":{"@context":"https:\/\/schema.org","@graph":[{"@type":"Article","@id":"https:\/\/mwc-cmm.org\/es\/stories\/actualizacion-cmm-diciembre-2021\/#article","isPartOf":{"@id":"https:\/\/mwc-cmm.org\/es\/stories\/actualizacion-cmm-diciembre-2021\/"},"author":{"name":"mennworldcon","@id":"https:\/\/mwc-cmm.org\/en\/#\/schema\/person\/11f6ae0d7d1868ba20a1cc27f067c836"},"headline":"Actualizaci\u00f3n CMM \u2013 Diciembre 2021","datePublished":"2021-12-21T00:00:00+00:00","dateModified":"2024-12-10T18:04:06+00:00","mainEntityOfPage":{"@id":"https:\/\/mwc-cmm.org\/es\/stories\/actualizacion-cmm-diciembre-2021\/"},"wordCount":364,"publisher":{"@id":"https:\/\/mwc-cmm.org\/en\/#organization"},"image":{"@id":"https:\/\/mwc-cmm.org\/es\/stories\/actualizacion-cmm-diciembre-2021\/#primaryimage"},"thumbnailUrl":"https:\/\/mwc-cmm.org\/wp-content\/uploads\/2024\/11\/nov5-6-officersvisit-6-scaled.jpg","articleSection":["Sin categorizar"],"inLanguage":"es"},{"@type":"WebPage","@id":"https:\/\/mwc-cmm.org\/es\/stories\/actualizacion-cmm-diciembre-2021\/","url":"https:\/\/mwc-cmm.org\/es\/stories\/actualizacion-cmm-diciembre-2021\/","name":"Actualizaci\u00f3n CMM \u2013 Diciembre 2021 - Mennonite World Conference","isPartOf":{"@id":"https:\/\/mwc-cmm.org\/en\/#website"},"primaryImageOfPage":{"@id":"https:\/\/mwc-cmm.org\/es\/stories\/actualizacion-cmm-diciembre-2021\/#primaryimage"},"image":{"@id":"https:\/\/mwc-cmm.org\/es\/stories\/actualizacion-cmm-diciembre-2021\/#primaryimage"},"thumbnailUrl":"https:\/\/mwc-cmm.org\/wp-content\/uploads\/2024\/11\/nov5-6-officersvisit-6-scaled.jpg","datePublished":"2021-12-21T00:00:00+00:00","dateModified":"2024-12-10T18:04:06+00:00","breadcrumb":{"@id":"https:\/\/mwc-cmm.org\/es\/stories\/actualizacion-cmm-diciembre-2021\/#breadcrumb"},"inLanguage":"es","potentialAction":[{"@type":"ReadAction","target":["https:\/\/mwc-cmm.org\/es\/stories\/actualizacion-cmm-diciembre-2021\/"]}]},{"@type":"ImageObject","inLanguage":"es","@id":"https:\/\/mwc-cmm.org\/es\/stories\/actualizacion-cmm-diciembre-2021\/#primaryimage","url":"https:\/\/mwc-cmm.org\/wp-content\/uploads\/2024\/11\/nov5-6-officersvisit-6-scaled.jpg","contentUrl":"https:\/\/mwc-cmm.org\/wp-content\/uploads\/2024\/11\/nov5-6-officersvisit-6-scaled.jpg","width":2560,"height":1920},{"@type":"BreadcrumbList","@id":"https:\/\/mwc-cmm.org\/es\/stories\/actualizacion-cmm-diciembre-2021\/#breadcrumb","itemListElement":[{"@type":"ListItem","position":1,"name":"Home","item":"https:\/\/mwc-cmm.org\/es\/"},{"@type":"ListItem","position":2,"name":"Actualizaci\u00f3n CMM \u2013 Diciembre 2021"}]},{"@type":"WebSite","@id":"https:\/\/mwc-cmm.org\/en\/#website","url":"https:\/\/mwc-cmm.org\/en\/","name":"Mennonite World Conference","description":"A communion of Anabaptist-related churches","publisher":{"@id":"https:\/\/mwc-cmm.org\/en\/#organization"},"alternateName":"MWC","potentialAction":[{"@type":"SearchAction","target":{"@type":"EntryPoint","urlTemplate":"https:\/\/mwc-cmm.org\/en\/?s={search_term_string}"},"query-input":{"@type":"PropertyValueSpecification","valueRequired":true,"valueName":"search_term_string"}}],"inLanguage":"es"},{"@type":"Organization","@id":"https:\/\/mwc-cmm.org\/en\/#organization","name":"Mennonite World Conference","alternateName":"MWC","url":"https:\/\/mwc-cmm.org\/en\/","logo":{"@type":"ImageObject","inLanguage":"es","@id":"https:\/\/mwc-cmm.org\/en\/#\/schema\/logo\/image\/","url":"https:\/\/mwc-cmm.org\/wp-content\/uploads\/2026\/01\/MWC_Sig_Blue_Horiz_webheader1-logo.svg","contentUrl":"https:\/\/mwc-cmm.org\/wp-content\/uploads\/2026\/01\/MWC_Sig_Blue_Horiz_webheader1-logo.svg","width":786,"height":82,"caption":"Mennonite World Conference"},"image":{"@id":"https:\/\/mwc-cmm.org\/en\/#\/schema\/logo\/image\/"},"sameAs":["https:\/\/www.facebook.com\/MennoniteWorldConference","https:\/\/www.linkedin.com\/company\/mennonite-world-conference-mwc\/","https:\/\/www.instagram.com\/mwcmm\/","https:\/\/www.youtube.com\/user\/mwccmm","https:\/\/bsky.app\/profile\/mwcmm.bsky.social"]},{"@type":"Person","@id":"https:\/\/mwc-cmm.org\/en\/#\/schema\/person\/11f6ae0d7d1868ba20a1cc27f067c836","name":"mennworldcon","image":{"@type":"ImageObject","inLanguage":"es","@id":"https:\/\/secure.gravatar.com\/avatar\/06fdc0dc81c157dfdb82ec42f252178a22307808988d22c043f9eb96f1e0fe80?s=96&d=mm&r=g","url":"https:\/\/secure.gravatar.com\/avatar\/06fdc0dc81c157dfdb82ec42f252178a22307808988d22c043f9eb96f1e0fe80?s=96&d=mm&r=g","contentUrl":"https:\/\/secure.gravatar.com\/avatar\/06fdc0dc81c157dfdb82ec42f252178a22307808988d22c043f9eb96f1e0fe80?s=96&d=mm&r=g","caption":"mennworldcon"},"sameAs":["https:\/\/mwc-cmm.org"],"url":"https:\/\/mwc-cmm.org\/es\/stories\/author\/mennworldcon\/"}]}},"_links":{"self":[{"href":"https:\/\/mwc-cmm.org\/es\/wp-json\/wp\/v2\/posts\/9163","targetHints":{"allow":["GET"]}}],"collection":[{"href":"https:\/\/mwc-cmm.org\/es\/wp-json\/wp\/v2\/posts"}],"about":[{"href":"https:\/\/mwc-cmm.org\/es\/wp-json\/wp\/v2\/types\/post"}],"author":[{"embeddable":true,"href":"https:\/\/mwc-cmm.org\/es\/wp-json\/wp\/v2\/users\/1"}],"replies":[{"embeddable":true,"href":"https:\/\/mwc-cmm.org\/es\/wp-json\/wp\/v2\/comments?post=9163"}],"version-history":[{"count":0,"href":"https:\/\/mwc-cmm.org\/es\/wp-json\/wp\/v2\/posts\/9163\/revisions"}],"wp:featuredmedia":[{"embeddable":true,"href":"https:\/\/mwc-cmm.org\/es\/wp-json\/wp\/v2\/media\/94378"}],"wp:attachment":[{"href":"https:\/\/mwc-cmm.org\/es\/wp-json\/wp\/v2\/media?parent=9163"}],"wp:term":[{"taxonomy":"category","embeddable":true,"href":"https:\/\/mwc-cmm.org\/es\/wp-json\/wp\/v2\/categories?post=9163"},{"taxonomy":"post_tag","embeddable":true,"href":"https:\/\/mwc-cmm.org\/es\/wp-json\/wp\/v2\/tags?post=9163"},{"taxonomy":"network","embeddable":true,"href":"https:\/\/mwc-cmm.org\/es\/wp-json\/wp\/v2\/network?post=9163"},{"taxonomy":"eventcategory","embeddable":true,"href":"https:\/\/mwc-cmm.org\/es\/wp-json\/wp\/v2\/eventcategory?post=9163"}],"curies":[{"name":"wp","href":"https:\/\/api.w.org\/{rel}","templated":true}]}}