{"id":9160,"date":"2021-12-14T00:00:00","date_gmt":"2021-12-14T00:00:00","guid":{"rendered":"https:\/\/mwc-cmm.org\/registration-for-mwc-assembly-opens-for-online-participation-2\/"},"modified":"2024-12-10T18:04:04","modified_gmt":"2024-12-10T18:04:04","slug":"se-abre-el-registro-para-la-asamblea-del-cmm-para-la-participacion-en-linea","status":"publish","type":"post","link":"https:\/\/mwc-cmm.org\/es\/stories\/se-abre-el-registro-para-la-asamblea-del-cmm-para-la-participacion-en-linea\/","title":{"rendered":"Se abre el registro para la Asamblea del CMM para la participaci\u00f3n en l\u00ednea"},"content":{"rendered":"<p>A partir del&nbsp;24&nbsp;de diciembre del 2021, el Congreso Mundial Menonita (CMM) acepta el registro de personas participantes en l\u00ednea para Indonesia 2022 a trav\u00e9s de su sitio de&nbsp;event <a href=\"https:\/\/indonesia2022.mwc-cmm.org\">indonesia2022.mwc-cmm.org<\/a>.<\/p>\n<p>\u201cLa Asamblea se centrar\u00e1 en aceptar el registro en l\u00ednea primero y, a partir de finales de febrero del 2022, las personas podr\u00e1n registrarse para participar presencial\u201d, dice&nbsp;Liesa&nbsp;Unger, directora de eventos internacionales del CMM.&nbsp;<\/p>\n<p>\u201cUna vez registradas, las personas participantes en l\u00ednea tendr\u00e1n prioridad para actualizar de la modalidad en l\u00ednea a la modalidad presencial, cuando los requisitos de viaje sean claros\u201d, contin\u00faa&nbsp;Liesa.&nbsp;<\/p>\n<p>Los costos de registro var\u00edan seg\u00fan el pa\u00eds de origen para garantizar un acceso equitativo a esta reuni\u00f3n mundial. El CMM sigue su pol\u00edtica de&nbsp;\u201cAporte Proporcional Justo\u201d&nbsp;para las tarifas de inscripci\u00f3n de membres\u00eda y eventos.&nbsp;\u201cSeg\u00fan el nivel de ingresos de cada pa\u00eds, las tarifas de registro en l\u00ednea var\u00edan desde gratis hasta USD150 por persona\u201d, contin\u00faa&nbsp;Liesa.&nbsp;<\/p>\n<p>Las personas que se registren antes del 30 de abril del 2022 tambi\u00e9n disfrutar\u00e1n de tarifas de reserva anticipada.&nbsp;<\/p>\n<p>Iglesias, grupos de estudio b\u00edblico y grupos de personas j\u00f3venes tambi\u00e9n pueden participar en la experiencia virtual.&nbsp;\u201cAlentamos a toda la iglesia a registrarse en l\u00ednea y a planificar un tiempo para reunirse e involucrarse en la adoraci\u00f3n, las actividades grupales y los talleres con las personas participantes en el lugar\u201d, dice&nbsp;Liesa&nbsp;Unger.&nbsp;<\/p>\n<p>Las iglesias pueden aprovechar al m\u00e1ximo esta comuni\u00f3n h\u00edbrida con su familia global si planifican con anticipaci\u00f3n:&nbsp;<\/p>\n<ul>\n<li>A&nbsp;qu\u00e9&nbsp;sesiones&nbsp;asistir &nbsp;<\/li>\n<li>Organizar actividades paralelas teniendo en cuenta el programa de la Asamblea&nbsp;<\/li>\n<li>Conectarse con las personas participantes de la Asamblea en la modalidad en l\u00ednea en otras ubicaciones&nbsp;<\/li>\n<li>Planificar con anticipaci\u00f3n para participar virtualmente como una iglesia&nbsp;<\/li>\n<\/ul>\n<p>Participar en la Asamblea como grupo tiene varios beneficios. La mejor conexi\u00f3n a Internet puede servir a varias personas participantes, lo que reduce los costos y facilita la resoluci\u00f3n de problemas t\u00e9cnicos. Los grupos tendr\u00e1n una sensaci\u00f3n de uni\u00f3n al estar en el mismo espacio con personas que conocen, interactuando con una comunidad global.&nbsp;La Asamblea no pretende ser una experiencia solitaria.&nbsp;<\/p>\n<p>\u201cQueremos asegurarnos de que la experiencia global en l\u00ednea no se limite a los pa\u00edses donde Internet est\u00e1 disponible en todos los hogares. Por lo tanto, alentamos a las congregaciones a que vean juntas&nbsp;a trav\u00e9s de la inscripci\u00f3n de un registro individual, pero&nbsp;brinden una ofrenda para el Fondo de la Asamblea del Congreso Mundial Menonita en lugar de inscribir a todas las personas que asistan virtualmente desde la iglesia&nbsp;\u201c, dice&nbsp;Liesa&nbsp;Unger.&nbsp;<\/p>\n<p>\u201cAnimo a que nos alentemos y a saber que Dios tiene el control. Desde que comenz\u00f3 la pandemia, hemos aprendido que las situaciones pueden cambiar muy r\u00e1pidamente y, en respuesta, aprendemos cosas nuevas para abordar estos cambios. Presencial o en l\u00ednea, podemos seguir a Jes\u00fas juntos a trav\u00e9s de las barreras como una familia global de fe\u201d, dice&nbsp;Janti&nbsp;Widjaja, lideresa de la iglesia de&nbsp;&#8216;GKMI&#8217;.&nbsp;<\/p>\n<p style=\"text-align:center\"><a href=\"http:\/\/www.indonesia2022.mwc-cmm.org\"><img decoding=\"async\" alt=\"\" height=\"100\" data-src=\"\/sites\/default\/files\/website_files_2020\/button_sp.png\" width=\"400\" src=\"data:image\/svg+xml;base64,PHN2ZyB3aWR0aD0iMSIgaGVpZ2h0PSIxIiB4bWxucz0iaHR0cDovL3d3dy53My5vcmcvMjAwMC9zdmciPjwvc3ZnPg==\" class=\"lazyload\" style=\"--smush-placeholder-width: 400px; --smush-placeholder-aspect-ratio: 400\/100;\"><\/a><\/p>\n<p>Para registrarse, escanee el c\u00f3digo a continuaci\u00f3n o vaya a <a href=\"https:\/\/indonesia2022.mwc-cmm.org\">indonesia2022.mwc-cmm.org<\/a><\/p>\n<p><img decoding=\"async\" alt=\"\" height=\"256\" data-src=\"\/sites\/default\/files\/website_files_2020\/qr-assembly-website.png\" style=\"--smush-placeholder-width: 256px; --smush-placeholder-aspect-ratio: 256\/256;float:left\" width=\"256\" src=\"data:image\/svg+xml;base64,PHN2ZyB3aWR0aD0iMSIgaGVpZ2h0PSIxIiB4bWxucz0iaHR0cDovL3d3dy53My5vcmcvMjAwMC9zdmciPjwvc3ZnPg==\" class=\"lazyload\"><\/p>\n<p>&nbsp;<\/p>\n","protected":false},"excerpt":{"rendered":"<p>A partir del&nbsp;24&nbsp;de diciembre del 2021, el Congreso Mundial Menonita (CMM) acepta el registro de personas participantes en l\u00ednea para Indonesia 2022 a trav\u00e9s de su sitio de&nbsp;event indonesia2022.mwc-cmm.org. \u201cLa Asamblea se centrar\u00e1 en aceptar el registro en l\u00ednea primero y, a partir de finales de febrero del 2022, las personas podr\u00e1n registrarse para participar [&hellip;]<\/p>\n","protected":false},"author":1,"featured_media":94336,"comment_status":"closed","ping_status":"closed","sticky":false,"template":"","format":"standard","meta":{"_acf_changed":false,"footnotes":""},"categories":[6],"tags":[],"network":[],"eventcategory":[1493],"class_list":["post-9160","post","type-post","status-publish","format-standard","has-post-thumbnail","hentry","category-sin-categorizar","eventcategory-assembly-es"],"acf":[],"yoast_head":"<!-- This site is optimized with the Yoast SEO plugin v27.5 - https:\/\/yoast.com\/product\/yoast-seo-wordpress\/ -->\n<title>Se abre el registro para la Asamblea del CMM para la participaci\u00f3n en l\u00ednea - Mennonite World Conference<\/title>\n<meta name=\"robots\" content=\"index, follow, max-snippet:-1, max-image-preview:large, max-video-preview:-1\" \/>\n<link rel=\"canonical\" href=\"https:\/\/mwc-cmm.org\/es\/stories\/se-abre-el-registro-para-la-asamblea-del-cmm-para-la-participacion-en-linea\/\" \/>\n<meta property=\"og:locale\" content=\"es_ES\" \/>\n<meta property=\"og:type\" content=\"article\" \/>\n<meta property=\"og:title\" content=\"Se abre el registro para la Asamblea del CMM para la participaci\u00f3n en l\u00ednea - Mennonite World Conference\" \/>\n<meta property=\"og:description\" content=\"A partir del&nbsp;24&nbsp;de diciembre del 2021, el Congreso Mundial Menonita (CMM) acepta el registro de personas participantes en l\u00ednea para Indonesia 2022 a trav\u00e9s de su sitio de&nbsp;event indonesia2022.mwc-cmm.org. \u201cLa Asamblea se centrar\u00e1 en aceptar el registro en l\u00ednea primero y, a partir de finales de febrero del 2022, las personas podr\u00e1n registrarse para participar [&hellip;]\" \/>\n<meta property=\"og:url\" content=\"https:\/\/mwc-cmm.org\/es\/stories\/se-abre-el-registro-para-la-asamblea-del-cmm-para-la-participacion-en-linea\/\" \/>\n<meta property=\"og:site_name\" content=\"Mennonite World Conference\" \/>\n<meta property=\"article:publisher\" content=\"https:\/\/www.facebook.com\/MennoniteWorldConference\" \/>\n<meta property=\"article:published_time\" content=\"2021-12-14T00:00:00+00:00\" \/>\n<meta property=\"article:modified_time\" content=\"2024-12-10T18:04:04+00:00\" \/>\n<meta property=\"og:image\" content=\"https:\/\/mwc-cmm.org\/wp-content\/uploads\/2024\/11\/51474630727_da68e19576_k.jpg\" \/>\n\t<meta property=\"og:image:width\" content=\"1448\" \/>\n\t<meta property=\"og:image:height\" content=\"2048\" \/>\n\t<meta property=\"og:image:type\" content=\"image\/jpeg\" \/>\n<meta name=\"author\" content=\"mennworldcon\" \/>\n<script type=\"application\/ld+json\" class=\"yoast-schema-graph\">{\"@context\":\"https:\\\/\\\/schema.org\",\"@graph\":[{\"@type\":\"Article\",\"@id\":\"https:\\\/\\\/mwc-cmm.org\\\/es\\\/stories\\\/se-abre-el-registro-para-la-asamblea-del-cmm-para-la-participacion-en-linea\\\/#article\",\"isPartOf\":{\"@id\":\"https:\\\/\\\/mwc-cmm.org\\\/es\\\/stories\\\/se-abre-el-registro-para-la-asamblea-del-cmm-para-la-participacion-en-linea\\\/\"},\"author\":{\"name\":\"mennworldcon\",\"@id\":\"https:\\\/\\\/mwc-cmm.org\\\/en\\\/#\\\/schema\\\/person\\\/11f6ae0d7d1868ba20a1cc27f067c836\"},\"headline\":\"Se abre el registro para la Asamblea del CMM para la participaci\u00f3n en l\u00ednea\",\"datePublished\":\"2021-12-14T00:00:00+00:00\",\"dateModified\":\"2024-12-10T18:04:04+00:00\",\"mainEntityOfPage\":{\"@id\":\"https:\\\/\\\/mwc-cmm.org\\\/es\\\/stories\\\/se-abre-el-registro-para-la-asamblea-del-cmm-para-la-participacion-en-linea\\\/\"},\"wordCount\":603,\"publisher\":{\"@id\":\"https:\\\/\\\/mwc-cmm.org\\\/en\\\/#organization\"},\"image\":{\"@id\":\"https:\\\/\\\/mwc-cmm.org\\\/es\\\/stories\\\/se-abre-el-registro-para-la-asamblea-del-cmm-para-la-participacion-en-linea\\\/#primaryimage\"},\"thumbnailUrl\":\"https:\\\/\\\/mwc-cmm.org\\\/wp-content\\\/uploads\\\/2024\\\/11\\\/51474630727_da68e19576_k.jpg\",\"articleSection\":[\"Sin categorizar\"],\"inLanguage\":\"es\"},{\"@type\":\"WebPage\",\"@id\":\"https:\\\/\\\/mwc-cmm.org\\\/es\\\/stories\\\/se-abre-el-registro-para-la-asamblea-del-cmm-para-la-participacion-en-linea\\\/\",\"url\":\"https:\\\/\\\/mwc-cmm.org\\\/es\\\/stories\\\/se-abre-el-registro-para-la-asamblea-del-cmm-para-la-participacion-en-linea\\\/\",\"name\":\"Se abre el registro para la Asamblea del CMM para la participaci\u00f3n en l\u00ednea - Mennonite World Conference\",\"isPartOf\":{\"@id\":\"https:\\\/\\\/mwc-cmm.org\\\/en\\\/#website\"},\"primaryImageOfPage\":{\"@id\":\"https:\\\/\\\/mwc-cmm.org\\\/es\\\/stories\\\/se-abre-el-registro-para-la-asamblea-del-cmm-para-la-participacion-en-linea\\\/#primaryimage\"},\"image\":{\"@id\":\"https:\\\/\\\/mwc-cmm.org\\\/es\\\/stories\\\/se-abre-el-registro-para-la-asamblea-del-cmm-para-la-participacion-en-linea\\\/#primaryimage\"},\"thumbnailUrl\":\"https:\\\/\\\/mwc-cmm.org\\\/wp-content\\\/uploads\\\/2024\\\/11\\\/51474630727_da68e19576_k.jpg\",\"datePublished\":\"2021-12-14T00:00:00+00:00\",\"dateModified\":\"2024-12-10T18:04:04+00:00\",\"breadcrumb\":{\"@id\":\"https:\\\/\\\/mwc-cmm.org\\\/es\\\/stories\\\/se-abre-el-registro-para-la-asamblea-del-cmm-para-la-participacion-en-linea\\\/#breadcrumb\"},\"inLanguage\":\"es\",\"potentialAction\":[{\"@type\":\"ReadAction\",\"target\":[\"https:\\\/\\\/mwc-cmm.org\\\/es\\\/stories\\\/se-abre-el-registro-para-la-asamblea-del-cmm-para-la-participacion-en-linea\\\/\"]}]},{\"@type\":\"ImageObject\",\"inLanguage\":\"es\",\"@id\":\"https:\\\/\\\/mwc-cmm.org\\\/es\\\/stories\\\/se-abre-el-registro-para-la-asamblea-del-cmm-para-la-participacion-en-linea\\\/#primaryimage\",\"url\":\"https:\\\/\\\/mwc-cmm.org\\\/wp-content\\\/uploads\\\/2024\\\/11\\\/51474630727_da68e19576_k.jpg\",\"contentUrl\":\"https:\\\/\\\/mwc-cmm.org\\\/wp-content\\\/uploads\\\/2024\\\/11\\\/51474630727_da68e19576_k.jpg\",\"width\":1448,\"height\":2048},{\"@type\":\"BreadcrumbList\",\"@id\":\"https:\\\/\\\/mwc-cmm.org\\\/es\\\/stories\\\/se-abre-el-registro-para-la-asamblea-del-cmm-para-la-participacion-en-linea\\\/#breadcrumb\",\"itemListElement\":[{\"@type\":\"ListItem\",\"position\":1,\"name\":\"Home\",\"item\":\"https:\\\/\\\/mwc-cmm.org\\\/es\\\/\"},{\"@type\":\"ListItem\",\"position\":2,\"name\":\"Se abre el registro para la Asamblea del CMM para la participaci\u00f3n en l\u00ednea\"}]},{\"@type\":\"WebSite\",\"@id\":\"https:\\\/\\\/mwc-cmm.org\\\/en\\\/#website\",\"url\":\"https:\\\/\\\/mwc-cmm.org\\\/en\\\/\",\"name\":\"Mennonite World Conference\",\"description\":\"A communion of Anabaptist-related churches\",\"publisher\":{\"@id\":\"https:\\\/\\\/mwc-cmm.org\\\/en\\\/#organization\"},\"alternateName\":\"MWC\",\"potentialAction\":[{\"@type\":\"SearchAction\",\"target\":{\"@type\":\"EntryPoint\",\"urlTemplate\":\"https:\\\/\\\/mwc-cmm.org\\\/en\\\/?s={search_term_string}\"},\"query-input\":{\"@type\":\"PropertyValueSpecification\",\"valueRequired\":true,\"valueName\":\"search_term_string\"}}],\"inLanguage\":\"es\"},{\"@type\":\"Organization\",\"@id\":\"https:\\\/\\\/mwc-cmm.org\\\/en\\\/#organization\",\"name\":\"Mennonite World Conference\",\"alternateName\":\"MWC\",\"url\":\"https:\\\/\\\/mwc-cmm.org\\\/en\\\/\",\"logo\":{\"@type\":\"ImageObject\",\"inLanguage\":\"es\",\"@id\":\"https:\\\/\\\/mwc-cmm.org\\\/en\\\/#\\\/schema\\\/logo\\\/image\\\/\",\"url\":\"https:\\\/\\\/mwc-cmm.org\\\/wp-content\\\/uploads\\\/2026\\\/01\\\/MWC_Sig_Blue_Horiz_webheader1-logo.svg\",\"contentUrl\":\"https:\\\/\\\/mwc-cmm.org\\\/wp-content\\\/uploads\\\/2026\\\/01\\\/MWC_Sig_Blue_Horiz_webheader1-logo.svg\",\"width\":786,\"height\":82,\"caption\":\"Mennonite World Conference\"},\"image\":{\"@id\":\"https:\\\/\\\/mwc-cmm.org\\\/en\\\/#\\\/schema\\\/logo\\\/image\\\/\"},\"sameAs\":[\"https:\\\/\\\/www.facebook.com\\\/MennoniteWorldConference\",\"https:\\\/\\\/www.linkedin.com\\\/company\\\/mennonite-world-conference-mwc\\\/\",\"https:\\\/\\\/www.instagram.com\\\/mwcmm\\\/\",\"https:\\\/\\\/www.youtube.com\\\/user\\\/mwccmm\",\"https:\\\/\\\/bsky.app\\\/profile\\\/mwcmm.bsky.social\"]},{\"@type\":\"Person\",\"@id\":\"https:\\\/\\\/mwc-cmm.org\\\/en\\\/#\\\/schema\\\/person\\\/11f6ae0d7d1868ba20a1cc27f067c836\",\"name\":\"mennworldcon\",\"image\":{\"@type\":\"ImageObject\",\"inLanguage\":\"es\",\"@id\":\"https:\\\/\\\/secure.gravatar.com\\\/avatar\\\/06fdc0dc81c157dfdb82ec42f252178a22307808988d22c043f9eb96f1e0fe80?s=96&d=mm&r=g\",\"url\":\"https:\\\/\\\/secure.gravatar.com\\\/avatar\\\/06fdc0dc81c157dfdb82ec42f252178a22307808988d22c043f9eb96f1e0fe80?s=96&d=mm&r=g\",\"contentUrl\":\"https:\\\/\\\/secure.gravatar.com\\\/avatar\\\/06fdc0dc81c157dfdb82ec42f252178a22307808988d22c043f9eb96f1e0fe80?s=96&d=mm&r=g\",\"caption\":\"mennworldcon\"},\"sameAs\":[\"https:\\\/\\\/mwc-cmm.org\"],\"url\":\"https:\\\/\\\/mwc-cmm.org\\\/es\\\/stories\\\/author\\\/mennworldcon\\\/\"}]}<\/script>\n<!-- \/ Yoast SEO plugin. -->","yoast_head_json":{"title":"Se abre el registro para la Asamblea del CMM para la participaci\u00f3n en l\u00ednea - Mennonite World Conference","robots":{"index":"index","follow":"follow","max-snippet":"max-snippet:-1","max-image-preview":"max-image-preview:large","max-video-preview":"max-video-preview:-1"},"canonical":"https:\/\/mwc-cmm.org\/es\/stories\/se-abre-el-registro-para-la-asamblea-del-cmm-para-la-participacion-en-linea\/","og_locale":"es_ES","og_type":"article","og_title":"Se abre el registro para la Asamblea del CMM para la participaci\u00f3n en l\u00ednea - Mennonite World Conference","og_description":"A partir del&nbsp;24&nbsp;de diciembre del 2021, el Congreso Mundial Menonita (CMM) acepta el registro de personas participantes en l\u00ednea para Indonesia 2022 a trav\u00e9s de su sitio de&nbsp;event indonesia2022.mwc-cmm.org. \u201cLa Asamblea se centrar\u00e1 en aceptar el registro en l\u00ednea primero y, a partir de finales de febrero del 2022, las personas podr\u00e1n registrarse para participar [&hellip;]","og_url":"https:\/\/mwc-cmm.org\/es\/stories\/se-abre-el-registro-para-la-asamblea-del-cmm-para-la-participacion-en-linea\/","og_site_name":"Mennonite World Conference","article_publisher":"https:\/\/www.facebook.com\/MennoniteWorldConference","article_published_time":"2021-12-14T00:00:00+00:00","article_modified_time":"2024-12-10T18:04:04+00:00","og_image":[{"width":1448,"height":2048,"url":"https:\/\/mwc-cmm.org\/wp-content\/uploads\/2024\/11\/51474630727_da68e19576_k.jpg","type":"image\/jpeg"}],"author":"mennworldcon","schema":{"@context":"https:\/\/schema.org","@graph":[{"@type":"Article","@id":"https:\/\/mwc-cmm.org\/es\/stories\/se-abre-el-registro-para-la-asamblea-del-cmm-para-la-participacion-en-linea\/#article","isPartOf":{"@id":"https:\/\/mwc-cmm.org\/es\/stories\/se-abre-el-registro-para-la-asamblea-del-cmm-para-la-participacion-en-linea\/"},"author":{"name":"mennworldcon","@id":"https:\/\/mwc-cmm.org\/en\/#\/schema\/person\/11f6ae0d7d1868ba20a1cc27f067c836"},"headline":"Se abre el registro para la Asamblea del CMM para la participaci\u00f3n en l\u00ednea","datePublished":"2021-12-14T00:00:00+00:00","dateModified":"2024-12-10T18:04:04+00:00","mainEntityOfPage":{"@id":"https:\/\/mwc-cmm.org\/es\/stories\/se-abre-el-registro-para-la-asamblea-del-cmm-para-la-participacion-en-linea\/"},"wordCount":603,"publisher":{"@id":"https:\/\/mwc-cmm.org\/en\/#organization"},"image":{"@id":"https:\/\/mwc-cmm.org\/es\/stories\/se-abre-el-registro-para-la-asamblea-del-cmm-para-la-participacion-en-linea\/#primaryimage"},"thumbnailUrl":"https:\/\/mwc-cmm.org\/wp-content\/uploads\/2024\/11\/51474630727_da68e19576_k.jpg","articleSection":["Sin categorizar"],"inLanguage":"es"},{"@type":"WebPage","@id":"https:\/\/mwc-cmm.org\/es\/stories\/se-abre-el-registro-para-la-asamblea-del-cmm-para-la-participacion-en-linea\/","url":"https:\/\/mwc-cmm.org\/es\/stories\/se-abre-el-registro-para-la-asamblea-del-cmm-para-la-participacion-en-linea\/","name":"Se abre el registro para la Asamblea del CMM para la participaci\u00f3n en l\u00ednea - Mennonite World Conference","isPartOf":{"@id":"https:\/\/mwc-cmm.org\/en\/#website"},"primaryImageOfPage":{"@id":"https:\/\/mwc-cmm.org\/es\/stories\/se-abre-el-registro-para-la-asamblea-del-cmm-para-la-participacion-en-linea\/#primaryimage"},"image":{"@id":"https:\/\/mwc-cmm.org\/es\/stories\/se-abre-el-registro-para-la-asamblea-del-cmm-para-la-participacion-en-linea\/#primaryimage"},"thumbnailUrl":"https:\/\/mwc-cmm.org\/wp-content\/uploads\/2024\/11\/51474630727_da68e19576_k.jpg","datePublished":"2021-12-14T00:00:00+00:00","dateModified":"2024-12-10T18:04:04+00:00","breadcrumb":{"@id":"https:\/\/mwc-cmm.org\/es\/stories\/se-abre-el-registro-para-la-asamblea-del-cmm-para-la-participacion-en-linea\/#breadcrumb"},"inLanguage":"es","potentialAction":[{"@type":"ReadAction","target":["https:\/\/mwc-cmm.org\/es\/stories\/se-abre-el-registro-para-la-asamblea-del-cmm-para-la-participacion-en-linea\/"]}]},{"@type":"ImageObject","inLanguage":"es","@id":"https:\/\/mwc-cmm.org\/es\/stories\/se-abre-el-registro-para-la-asamblea-del-cmm-para-la-participacion-en-linea\/#primaryimage","url":"https:\/\/mwc-cmm.org\/wp-content\/uploads\/2024\/11\/51474630727_da68e19576_k.jpg","contentUrl":"https:\/\/mwc-cmm.org\/wp-content\/uploads\/2024\/11\/51474630727_da68e19576_k.jpg","width":1448,"height":2048},{"@type":"BreadcrumbList","@id":"https:\/\/mwc-cmm.org\/es\/stories\/se-abre-el-registro-para-la-asamblea-del-cmm-para-la-participacion-en-linea\/#breadcrumb","itemListElement":[{"@type":"ListItem","position":1,"name":"Home","item":"https:\/\/mwc-cmm.org\/es\/"},{"@type":"ListItem","position":2,"name":"Se abre el registro para la Asamblea del CMM para la participaci\u00f3n en l\u00ednea"}]},{"@type":"WebSite","@id":"https:\/\/mwc-cmm.org\/en\/#website","url":"https:\/\/mwc-cmm.org\/en\/","name":"Mennonite World Conference","description":"A communion of Anabaptist-related churches","publisher":{"@id":"https:\/\/mwc-cmm.org\/en\/#organization"},"alternateName":"MWC","potentialAction":[{"@type":"SearchAction","target":{"@type":"EntryPoint","urlTemplate":"https:\/\/mwc-cmm.org\/en\/?s={search_term_string}"},"query-input":{"@type":"PropertyValueSpecification","valueRequired":true,"valueName":"search_term_string"}}],"inLanguage":"es"},{"@type":"Organization","@id":"https:\/\/mwc-cmm.org\/en\/#organization","name":"Mennonite World Conference","alternateName":"MWC","url":"https:\/\/mwc-cmm.org\/en\/","logo":{"@type":"ImageObject","inLanguage":"es","@id":"https:\/\/mwc-cmm.org\/en\/#\/schema\/logo\/image\/","url":"https:\/\/mwc-cmm.org\/wp-content\/uploads\/2026\/01\/MWC_Sig_Blue_Horiz_webheader1-logo.svg","contentUrl":"https:\/\/mwc-cmm.org\/wp-content\/uploads\/2026\/01\/MWC_Sig_Blue_Horiz_webheader1-logo.svg","width":786,"height":82,"caption":"Mennonite World Conference"},"image":{"@id":"https:\/\/mwc-cmm.org\/en\/#\/schema\/logo\/image\/"},"sameAs":["https:\/\/www.facebook.com\/MennoniteWorldConference","https:\/\/www.linkedin.com\/company\/mennonite-world-conference-mwc\/","https:\/\/www.instagram.com\/mwcmm\/","https:\/\/www.youtube.com\/user\/mwccmm","https:\/\/bsky.app\/profile\/mwcmm.bsky.social"]},{"@type":"Person","@id":"https:\/\/mwc-cmm.org\/en\/#\/schema\/person\/11f6ae0d7d1868ba20a1cc27f067c836","name":"mennworldcon","image":{"@type":"ImageObject","inLanguage":"es","@id":"https:\/\/secure.gravatar.com\/avatar\/06fdc0dc81c157dfdb82ec42f252178a22307808988d22c043f9eb96f1e0fe80?s=96&d=mm&r=g","url":"https:\/\/secure.gravatar.com\/avatar\/06fdc0dc81c157dfdb82ec42f252178a22307808988d22c043f9eb96f1e0fe80?s=96&d=mm&r=g","contentUrl":"https:\/\/secure.gravatar.com\/avatar\/06fdc0dc81c157dfdb82ec42f252178a22307808988d22c043f9eb96f1e0fe80?s=96&d=mm&r=g","caption":"mennworldcon"},"sameAs":["https:\/\/mwc-cmm.org"],"url":"https:\/\/mwc-cmm.org\/es\/stories\/author\/mennworldcon\/"}]}},"_links":{"self":[{"href":"https:\/\/mwc-cmm.org\/es\/wp-json\/wp\/v2\/posts\/9160","targetHints":{"allow":["GET"]}}],"collection":[{"href":"https:\/\/mwc-cmm.org\/es\/wp-json\/wp\/v2\/posts"}],"about":[{"href":"https:\/\/mwc-cmm.org\/es\/wp-json\/wp\/v2\/types\/post"}],"author":[{"embeddable":true,"href":"https:\/\/mwc-cmm.org\/es\/wp-json\/wp\/v2\/users\/1"}],"replies":[{"embeddable":true,"href":"https:\/\/mwc-cmm.org\/es\/wp-json\/wp\/v2\/comments?post=9160"}],"version-history":[{"count":0,"href":"https:\/\/mwc-cmm.org\/es\/wp-json\/wp\/v2\/posts\/9160\/revisions"}],"wp:featuredmedia":[{"embeddable":true,"href":"https:\/\/mwc-cmm.org\/es\/wp-json\/wp\/v2\/media\/94336"}],"wp:attachment":[{"href":"https:\/\/mwc-cmm.org\/es\/wp-json\/wp\/v2\/media?parent=9160"}],"wp:term":[{"taxonomy":"category","embeddable":true,"href":"https:\/\/mwc-cmm.org\/es\/wp-json\/wp\/v2\/categories?post=9160"},{"taxonomy":"post_tag","embeddable":true,"href":"https:\/\/mwc-cmm.org\/es\/wp-json\/wp\/v2\/tags?post=9160"},{"taxonomy":"network","embeddable":true,"href":"https:\/\/mwc-cmm.org\/es\/wp-json\/wp\/v2\/network?post=9160"},{"taxonomy":"eventcategory","embeddable":true,"href":"https:\/\/mwc-cmm.org\/es\/wp-json\/wp\/v2\/eventcategory?post=9160"}],"curies":[{"name":"wp","href":"https:\/\/api.w.org\/{rel}","templated":true}]}}