{"id":9153,"date":"2021-11-29T00:00:00","date_gmt":"2021-11-29T00:00:00","guid":{"rendered":"https:\/\/mwc-cmm.org\/assembly-music-a-mountaintop-experience-2\/"},"modified":"2024-12-10T18:04:00","modified_gmt":"2024-12-10T18:04:00","slug":"coro-internacional-cima-montana","status":"publish","type":"post","link":"https:\/\/mwc-cmm.org\/es\/stories\/coro-internacional-cima-montana\/","title":{"rendered":"Coro Internacional de la Asamblea del CMM:  \u201cla experiencia de estar en la cima de una monta\u00f1a\u201d"},"content":{"rendered":"<h3><strong>Mark Wenger,&nbsp;cantante y bajista <\/strong><\/h3>\n<h5>Iglesia Menonita&nbsp;Francofonia, Telford, Pensilvania, EEUU&nbsp;<\/h5>\n<h5>Asamblea 16: PA 2015 &nbsp;<\/h5>\n<p>\u201cYo era el chico viejo en el equipo de adoraci\u00f3n. Mi recuerdo favorito es la exuberancia y alegr\u00eda de hacer m\u00fasica juntos con canciones de todo el mundo, fue dif\u00edcil trabajar en la preparaci\u00f3n, pero muy divertido en la actuaci\u00f3n y el liderazgo\u201d.  &nbsp;<\/p>\n<p>\u201cLa familia menonita global ha madurado, est\u00e1 siendo enriquecida y apoyada mutuamente junto con las congregaciones de todo el mundo. Am\u00e9rica del Norte no es el centro de la iglesia menonita, ni de su teolog\u00eda, y esto se lo recuerdo regularmente a mi congregaci\u00f3n\u201d.&nbsp;<\/p>\n<h3><strong>Paul Dueck, director\u201a\u00c4\u00e3&nbsp;<img decoding=\"async\" alt=\"\" height=\"150\" data-src=\"\/sites\/default\/files\/website_files_2020\/50507385042_2679842f2e_k.jpg\" style=\"--smush-placeholder-width: 200px; --smush-placeholder-aspect-ratio: 200\/150;float:right\" width=\"200\" src=\"data:image\/svg+xml;base64,PHN2ZyB3aWR0aD0iMSIgaGVpZ2h0PSIxIiB4bWxucz0iaHR0cDovL3d3dy53My5vcmcvMjAwMC9zdmciPjwvc3ZnPg==\" class=\"lazyload\" \/><\/strong><\/h3>\n<h5>Canad\u00e1&nbsp;<\/h5>\n<h5>Asamblea 15: Paraguay 2009&nbsp;<\/h5>\n<p>\u201cLa Asamblea del CMM en Paraguay en 2009, fue para m\u00ed como la experiencia de estar en la cima de una monta\u00f1a. Fue un gran privilegio trabajar con un grupo de m\u00fasicos tan asombrosos, y juntos dirigir el canto en las sesiones de adoraci\u00f3n. Actualmente, sigo en contacto con la mayor\u00eda de las personas de este grupo\u201d.&nbsp;<\/p>\n<p>\u201cUna de las experiencias m\u00e1s memorables fue cuando las luces se apagaron en el medio del d\u00eda, como la iglesia no ten\u00eda ventanas, nos sentamos en total oscuridad. [El equipo de m\u00fasica] subi\u00f3 al&nbsp;escenario y milagrosamente, pudo interpretar canciones familiares en varios idiomas hasta que se restauraron las luces. La \u00faltima canci\u00f3n fue&nbsp;\u2018Siyahamba\u2019&nbsp;as\u00ed que; (marchamos en la luz de Dios)\u201d. &nbsp;<\/p>\n<h3><strong>Agus Setianto, cantante&nbsp;<img decoding=\"async\" alt=\"\" height=\"138\" data-src=\"\/sites\/default\/files\/website_files_2020\/zimbabwe_-_2003_-_a14.jpg\" style=\"--smush-placeholder-width: 200px; --smush-placeholder-aspect-ratio: 200\/138;float:right\" width=\"200\" src=\"data:image\/svg+xml;base64,PHN2ZyB3aWR0aD0iMSIgaGVpZ2h0PSIxIiB4bWxucz0iaHR0cDovL3d3dy53My5vcmcvMjAwMC9zdmciPjwvc3ZnPg==\" class=\"lazyload\" \/><\/strong><\/h3>\n<h5>GKMI Gloria Patri, Semarang, Indonesia&nbsp;<\/h5>\n<h5>Asamblea 14:&nbsp;Zimbabuen&nbsp;2003&nbsp;<\/h5>\n<p>\u201cUn momento inolvidable fue cuando lider\u00e9 la adoraci\u00f3n en la ma\u00f1ana y Marilyn&nbsp;Houser&nbsp;Hamm, nuestra l\u00edder, anunci\u00f3 que yo estaba celebrando mi cumplea\u00f1os ese d\u00eda. De mod que el 16 de agosto de 2003, 7000 personas de todo el mundo, \u00a1cantaron para m\u00ed, en mi cumplea\u00f1os!&nbsp;Esto fue maravilloso\u201d. &nbsp;<\/p>\n<h3><strong>Marisol Arriaga Aranda,&nbsp;cantante y guitarrista <\/strong><strong><img decoding=\"async\" alt=\"\" height=\"200\" data-src=\"\/sites\/default\/files\/website_files_2020\/20150721_2.jpg\" style=\"--smush-placeholder-width: 148px; --smush-placeholder-aspect-ratio: 148\/200;float:right\" width=\"148\" src=\"data:image\/svg+xml;base64,PHN2ZyB3aWR0aD0iMSIgaGVpZ2h0PSIxIiB4bWxucz0iaHR0cDovL3d3dy53My5vcmcvMjAwMC9zdmciPjwvc3ZnPg==\" class=\"lazyload\" \/><\/strong><\/h3>\n<h5>M\u00e9xico&nbsp;<\/h5>\n<h5>Asamblea 16: PA 2015&nbsp;<\/h5>\n<p>\u201cTodo el encuentro del congreso mundial menonita para m\u00ed es un recuerdo maravilloso, pero en especial les contar\u00e9 cuando est\u00e1bamos en uno de los momentos de oraci\u00f3n previa a la participaci\u00f3n coral\u2026 Mi hermana me comunic\u00f3 que operar\u00edan de emergencia a mi sobrinita de 9 a\u00f1os. En ese momento yo quise compartir con todo el grupo que intercedieran por mi sobrina y fue un momento de comuni\u00f3n muy hermosa. esto dio paz a mi coraz\u00f3n y comuniqu\u00e9 a mi hermana que en el grupo coral estuvimos orando por mi sobrina. Agradezco a Dios que la operaci\u00f3n de mi sobrina sali\u00f3 bien.\u201d&nbsp;<\/p>\n<p>\u201cMe ha motivado a tener una visi\u00f3n global de nuestras comunidades&nbsp;anabautistas. Sobre todo, en la uni\u00f3n e integraci\u00f3n de culturas y naciones que enriquecen nuestra manera de hacer comunidad; un ambiente libre, creativo y lleno de esperanza. Un lugar de adoraci\u00f3n con una atm\u00f3sfera de multiforme gracia de Dios.\u201d&nbsp;<\/p>\n<h3><strong>Saptojoadi,<\/strong>&nbsp;<strong>cantante y guitarrista<\/strong><strong><img decoding=\"async\" alt=\"\" height=\"150\" data-src=\"\/sites\/default\/files\/website_files_2020\/paraguay2009-saptojoadi-2021-07-14.jpeg\" style=\"--smush-placeholder-width: 200px; --smush-placeholder-aspect-ratio: 200\/150;float:right\" width=\"200\" src=\"data:image\/svg+xml;base64,PHN2ZyB3aWR0aD0iMSIgaGVpZ2h0PSIxIiB4bWxucz0iaHR0cDovL3d3dy53My5vcmcvMjAwMC9zdmciPjwvc3ZnPg==\" class=\"lazyload\" \/><\/strong><\/h3>\n<h5>GITJ&nbsp;Banyutowo,&nbsp;Indonesia&nbsp;<\/h5>\n<h5>Asamblea 15: Paraguay 2009&nbsp;<\/h5>\n<p> \u201cEstaba muy emocionado por ser miembro del coro internacional y de la m\u00fasica de la asamblea. Toqu\u00e9 con tres guitarras prestadas. Por una semana, mis nuevos amigos de Paraguay, Canad\u00e1, EEUU, Alemania, Francia y RD del Congo practicaron canciones de muchos pa\u00edses. As\u00ed que disfrut\u00e9 la m\u00fasica tradicional de Paraguay\u201d. &nbsp;<\/p>\n<p>\u201cEn el servicio de la Asamblea, el sr. Paul Dueck me dio la oportunidad de cantar [mi composici\u00f3n original]&nbsp;Dhuh&nbsp;Pangeran,&nbsp;dos veces, estaba tan orgulloso de cantar mi canci\u00f3n ante unas 5000 personas de todo el mundo. Tambi\u00e9n estuve muy feliz, porque a muchas personas les gusto la canci\u00f3n. Gracias a&nbsp;Dhuh&nbsp;Pangeran,&nbsp;conozco personas en CMM, amigos del editor del himnario Voces Juntos y muchas personas&nbsp;anabautistas\u201d.&nbsp;<\/p>\n<p> \u201cContin\u00fao cantando del Cancionero Internacional del CMM (2009) en casa. He traducido algunas canciones y he convertido las notas musicales en notaci\u00f3n num\u00e9rica. Quiero mostrar estas canciones a los miembros de mi iglesia y cantarlas en nuestro idioma\u201d. &nbsp;<\/p>\n<h3><strong>\u201cDod\u00f3&nbsp;Miranda\u201d Ad\u00e3o Jo\u00e3o Gomes de Miranda,&nbsp;<\/strong><strong>vocalista<\/strong><strong><img decoding=\"async\" alt=\"\" height=\"133\" data-src=\"\/sites\/default\/files\/website_files_2020\/20150723_1906.jpg\" style=\"--smush-placeholder-width: 200px; --smush-placeholder-aspect-ratio: 200\/133;float:right\" width=\"200\" src=\"data:image\/svg+xml;base64,PHN2ZyB3aWR0aD0iMSIgaGVpZ2h0PSIxIiB4bWxucz0iaHR0cDovL3d3dy53My5vcmcvMjAwMC9zdmciPjwvc3ZnPg==\" class=\"lazyload\" \/><\/strong><\/h3>\n<h5>Angola&nbsp;<\/h5>\n<h5>Asamblea 16: PA 2015&nbsp;<\/h5>\n<p>\u201cHe aprendi\u00f3 mucho de la \u00faltima conferencia, especialmente sobre la tolerancia, adem\u00e1s la importancia de prestar m\u00e1s atenci\u00f3n a los otros. Espero que Dios siga capacit\u00e1ndonos para servir mejor en su ministerio\u201d. <\/p>\n","protected":false},"excerpt":{"rendered":"<p>Mark Wenger,&nbsp;cantante y bajista Iglesia Menonita&nbsp;Francofonia, Telford, Pensilvania, EEUU&nbsp; Asamblea 16: PA 2015 &nbsp; \u201cYo era el chico viejo en el equipo de adoraci\u00f3n. Mi recuerdo favorito es la exuberancia y alegr\u00eda de hacer m\u00fasica juntos con canciones de todo el mundo, fue dif\u00edcil trabajar en la preparaci\u00f3n, pero muy divertido en la actuaci\u00f3n y [&hellip;]<\/p>\n","protected":false},"author":1,"featured_media":94266,"comment_status":"closed","ping_status":"closed","sticky":false,"template":"","format":"standard","meta":{"_acf_changed":false,"footnotes":""},"categories":[6],"tags":[499],"network":[],"eventcategory":[1493],"class_list":["post-9153","post","type-post","status-publish","format-standard","has-post-thumbnail","hentry","category-sin-categorizar","tag-asamblea","eventcategory-assembly-es"],"acf":[],"yoast_head":"<!-- This site is optimized with the Yoast SEO plugin v27.5 - https:\/\/yoast.com\/product\/yoast-seo-wordpress\/ -->\n<title>Coro Internacional de la Asamblea del CMM: \u201cla experiencia de estar en la cima de una monta\u00f1a\u201d - Mennonite World Conference<\/title>\n<meta name=\"robots\" content=\"index, follow, max-snippet:-1, max-image-preview:large, max-video-preview:-1\" \/>\n<link rel=\"canonical\" href=\"https:\/\/mwc-cmm.org\/es\/stories\/coro-internacional-cima-montana\/\" \/>\n<meta property=\"og:locale\" content=\"es_ES\" \/>\n<meta property=\"og:type\" content=\"article\" \/>\n<meta property=\"og:title\" content=\"Coro Internacional de la Asamblea del CMM: \u201cla experiencia de estar en la cima de una monta\u00f1a\u201d - Mennonite World Conference\" \/>\n<meta property=\"og:description\" content=\"Mark Wenger,&nbsp;cantante y bajista Iglesia Menonita&nbsp;Francofonia, Telford, Pensilvania, EEUU&nbsp; Asamblea 16: PA 2015 &nbsp; \u201cYo era el chico viejo en el equipo de adoraci\u00f3n. Mi recuerdo favorito es la exuberancia y alegr\u00eda de hacer m\u00fasica juntos con canciones de todo el mundo, fue dif\u00edcil trabajar en la preparaci\u00f3n, pero muy divertido en la actuaci\u00f3n y [&hellip;]\" \/>\n<meta property=\"og:url\" content=\"https:\/\/mwc-cmm.org\/es\/stories\/coro-internacional-cima-montana\/\" \/>\n<meta property=\"og:site_name\" content=\"Mennonite World Conference\" \/>\n<meta property=\"article:publisher\" content=\"https:\/\/www.facebook.com\/MennoniteWorldConference\" \/>\n<meta property=\"article:published_time\" content=\"2021-11-29T00:00:00+00:00\" \/>\n<meta property=\"article:modified_time\" content=\"2024-12-10T18:04:00+00:00\" \/>\n<meta property=\"og:image\" content=\"https:\/\/mwc-cmm.org\/wp-content\/uploads\/2024\/11\/49549968791_989791b849_c.jpg\" \/>\n\t<meta property=\"og:image:width\" content=\"800\" \/>\n\t<meta property=\"og:image:height\" content=\"534\" \/>\n\t<meta property=\"og:image:type\" content=\"image\/jpeg\" \/>\n<meta name=\"author\" content=\"mennworldcon\" \/>\n<script type=\"application\/ld+json\" class=\"yoast-schema-graph\">{\"@context\":\"https:\\\/\\\/schema.org\",\"@graph\":[{\"@type\":\"Article\",\"@id\":\"https:\\\/\\\/mwc-cmm.org\\\/es\\\/stories\\\/coro-internacional-cima-montana\\\/#article\",\"isPartOf\":{\"@id\":\"https:\\\/\\\/mwc-cmm.org\\\/es\\\/stories\\\/coro-internacional-cima-montana\\\/\"},\"author\":{\"name\":\"mennworldcon\",\"@id\":\"https:\\\/\\\/mwc-cmm.org\\\/en\\\/#\\\/schema\\\/person\\\/11f6ae0d7d1868ba20a1cc27f067c836\"},\"headline\":\"Coro Internacional de la Asamblea del CMM: \u201cla experiencia de estar en la cima de una monta\u00f1a\u201d\",\"datePublished\":\"2021-11-29T00:00:00+00:00\",\"dateModified\":\"2024-12-10T18:04:00+00:00\",\"mainEntityOfPage\":{\"@id\":\"https:\\\/\\\/mwc-cmm.org\\\/es\\\/stories\\\/coro-internacional-cima-montana\\\/\"},\"wordCount\":768,\"publisher\":{\"@id\":\"https:\\\/\\\/mwc-cmm.org\\\/en\\\/#organization\"},\"image\":{\"@id\":\"https:\\\/\\\/mwc-cmm.org\\\/es\\\/stories\\\/coro-internacional-cima-montana\\\/#primaryimage\"},\"thumbnailUrl\":\"https:\\\/\\\/mwc-cmm.org\\\/wp-content\\\/uploads\\\/2024\\\/11\\\/49549968791_989791b849_c.jpg\",\"keywords\":[\"Asamblea\"],\"articleSection\":[\"Sin categorizar\"],\"inLanguage\":\"es\"},{\"@type\":\"WebPage\",\"@id\":\"https:\\\/\\\/mwc-cmm.org\\\/es\\\/stories\\\/coro-internacional-cima-montana\\\/\",\"url\":\"https:\\\/\\\/mwc-cmm.org\\\/es\\\/stories\\\/coro-internacional-cima-montana\\\/\",\"name\":\"Coro Internacional de la Asamblea del CMM: \u201cla experiencia de estar en la cima de una monta\u00f1a\u201d - Mennonite World Conference\",\"isPartOf\":{\"@id\":\"https:\\\/\\\/mwc-cmm.org\\\/en\\\/#website\"},\"primaryImageOfPage\":{\"@id\":\"https:\\\/\\\/mwc-cmm.org\\\/es\\\/stories\\\/coro-internacional-cima-montana\\\/#primaryimage\"},\"image\":{\"@id\":\"https:\\\/\\\/mwc-cmm.org\\\/es\\\/stories\\\/coro-internacional-cima-montana\\\/#primaryimage\"},\"thumbnailUrl\":\"https:\\\/\\\/mwc-cmm.org\\\/wp-content\\\/uploads\\\/2024\\\/11\\\/49549968791_989791b849_c.jpg\",\"datePublished\":\"2021-11-29T00:00:00+00:00\",\"dateModified\":\"2024-12-10T18:04:00+00:00\",\"breadcrumb\":{\"@id\":\"https:\\\/\\\/mwc-cmm.org\\\/es\\\/stories\\\/coro-internacional-cima-montana\\\/#breadcrumb\"},\"inLanguage\":\"es\",\"potentialAction\":[{\"@type\":\"ReadAction\",\"target\":[\"https:\\\/\\\/mwc-cmm.org\\\/es\\\/stories\\\/coro-internacional-cima-montana\\\/\"]}]},{\"@type\":\"ImageObject\",\"inLanguage\":\"es\",\"@id\":\"https:\\\/\\\/mwc-cmm.org\\\/es\\\/stories\\\/coro-internacional-cima-montana\\\/#primaryimage\",\"url\":\"https:\\\/\\\/mwc-cmm.org\\\/wp-content\\\/uploads\\\/2024\\\/11\\\/49549968791_989791b849_c.jpg\",\"contentUrl\":\"https:\\\/\\\/mwc-cmm.org\\\/wp-content\\\/uploads\\\/2024\\\/11\\\/49549968791_989791b849_c.jpg\",\"width\":800,\"height\":534},{\"@type\":\"BreadcrumbList\",\"@id\":\"https:\\\/\\\/mwc-cmm.org\\\/es\\\/stories\\\/coro-internacional-cima-montana\\\/#breadcrumb\",\"itemListElement\":[{\"@type\":\"ListItem\",\"position\":1,\"name\":\"Home\",\"item\":\"https:\\\/\\\/mwc-cmm.org\\\/es\\\/\"},{\"@type\":\"ListItem\",\"position\":2,\"name\":\"Coro Internacional de la Asamblea del CMM: \u201cla experiencia de estar en la cima de una monta\u00f1a\u201d\"}]},{\"@type\":\"WebSite\",\"@id\":\"https:\\\/\\\/mwc-cmm.org\\\/en\\\/#website\",\"url\":\"https:\\\/\\\/mwc-cmm.org\\\/en\\\/\",\"name\":\"Mennonite World Conference\",\"description\":\"A communion of Anabaptist-related churches\",\"publisher\":{\"@id\":\"https:\\\/\\\/mwc-cmm.org\\\/en\\\/#organization\"},\"alternateName\":\"MWC\",\"potentialAction\":[{\"@type\":\"SearchAction\",\"target\":{\"@type\":\"EntryPoint\",\"urlTemplate\":\"https:\\\/\\\/mwc-cmm.org\\\/en\\\/?s={search_term_string}\"},\"query-input\":{\"@type\":\"PropertyValueSpecification\",\"valueRequired\":true,\"valueName\":\"search_term_string\"}}],\"inLanguage\":\"es\"},{\"@type\":\"Organization\",\"@id\":\"https:\\\/\\\/mwc-cmm.org\\\/en\\\/#organization\",\"name\":\"Mennonite World Conference\",\"alternateName\":\"MWC\",\"url\":\"https:\\\/\\\/mwc-cmm.org\\\/en\\\/\",\"logo\":{\"@type\":\"ImageObject\",\"inLanguage\":\"es\",\"@id\":\"https:\\\/\\\/mwc-cmm.org\\\/en\\\/#\\\/schema\\\/logo\\\/image\\\/\",\"url\":\"https:\\\/\\\/mwc-cmm.org\\\/wp-content\\\/uploads\\\/2026\\\/01\\\/MWC_Sig_Blue_Horiz_webheader1-logo.svg\",\"contentUrl\":\"https:\\\/\\\/mwc-cmm.org\\\/wp-content\\\/uploads\\\/2026\\\/01\\\/MWC_Sig_Blue_Horiz_webheader1-logo.svg\",\"width\":786,\"height\":82,\"caption\":\"Mennonite World Conference\"},\"image\":{\"@id\":\"https:\\\/\\\/mwc-cmm.org\\\/en\\\/#\\\/schema\\\/logo\\\/image\\\/\"},\"sameAs\":[\"https:\\\/\\\/www.facebook.com\\\/MennoniteWorldConference\",\"https:\\\/\\\/www.linkedin.com\\\/company\\\/mennonite-world-conference-mwc\\\/\",\"https:\\\/\\\/www.instagram.com\\\/mwcmm\\\/\",\"https:\\\/\\\/www.youtube.com\\\/user\\\/mwccmm\",\"https:\\\/\\\/bsky.app\\\/profile\\\/mwcmm.bsky.social\"]},{\"@type\":\"Person\",\"@id\":\"https:\\\/\\\/mwc-cmm.org\\\/en\\\/#\\\/schema\\\/person\\\/11f6ae0d7d1868ba20a1cc27f067c836\",\"name\":\"mennworldcon\",\"image\":{\"@type\":\"ImageObject\",\"inLanguage\":\"es\",\"@id\":\"https:\\\/\\\/secure.gravatar.com\\\/avatar\\\/06fdc0dc81c157dfdb82ec42f252178a22307808988d22c043f9eb96f1e0fe80?s=96&d=mm&r=g\",\"url\":\"https:\\\/\\\/secure.gravatar.com\\\/avatar\\\/06fdc0dc81c157dfdb82ec42f252178a22307808988d22c043f9eb96f1e0fe80?s=96&d=mm&r=g\",\"contentUrl\":\"https:\\\/\\\/secure.gravatar.com\\\/avatar\\\/06fdc0dc81c157dfdb82ec42f252178a22307808988d22c043f9eb96f1e0fe80?s=96&d=mm&r=g\",\"caption\":\"mennworldcon\"},\"sameAs\":[\"https:\\\/\\\/mwc-cmm.org\"],\"url\":\"https:\\\/\\\/mwc-cmm.org\\\/es\\\/stories\\\/author\\\/mennworldcon\\\/\"}]}<\/script>\n<!-- \/ Yoast SEO plugin. -->","yoast_head_json":{"title":"Coro Internacional de la Asamblea del CMM: \u201cla experiencia de estar en la cima de una monta\u00f1a\u201d - Mennonite World Conference","robots":{"index":"index","follow":"follow","max-snippet":"max-snippet:-1","max-image-preview":"max-image-preview:large","max-video-preview":"max-video-preview:-1"},"canonical":"https:\/\/mwc-cmm.org\/es\/stories\/coro-internacional-cima-montana\/","og_locale":"es_ES","og_type":"article","og_title":"Coro Internacional de la Asamblea del CMM: \u201cla experiencia de estar en la cima de una monta\u00f1a\u201d - Mennonite World Conference","og_description":"Mark Wenger,&nbsp;cantante y bajista Iglesia Menonita&nbsp;Francofonia, Telford, Pensilvania, EEUU&nbsp; Asamblea 16: PA 2015 &nbsp; \u201cYo era el chico viejo en el equipo de adoraci\u00f3n. Mi recuerdo favorito es la exuberancia y alegr\u00eda de hacer m\u00fasica juntos con canciones de todo el mundo, fue dif\u00edcil trabajar en la preparaci\u00f3n, pero muy divertido en la actuaci\u00f3n y [&hellip;]","og_url":"https:\/\/mwc-cmm.org\/es\/stories\/coro-internacional-cima-montana\/","og_site_name":"Mennonite World Conference","article_publisher":"https:\/\/www.facebook.com\/MennoniteWorldConference","article_published_time":"2021-11-29T00:00:00+00:00","article_modified_time":"2024-12-10T18:04:00+00:00","og_image":[{"width":800,"height":534,"url":"https:\/\/mwc-cmm.org\/wp-content\/uploads\/2024\/11\/49549968791_989791b849_c.jpg","type":"image\/jpeg"}],"author":"mennworldcon","schema":{"@context":"https:\/\/schema.org","@graph":[{"@type":"Article","@id":"https:\/\/mwc-cmm.org\/es\/stories\/coro-internacional-cima-montana\/#article","isPartOf":{"@id":"https:\/\/mwc-cmm.org\/es\/stories\/coro-internacional-cima-montana\/"},"author":{"name":"mennworldcon","@id":"https:\/\/mwc-cmm.org\/en\/#\/schema\/person\/11f6ae0d7d1868ba20a1cc27f067c836"},"headline":"Coro Internacional de la Asamblea del CMM: \u201cla experiencia de estar en la cima de una monta\u00f1a\u201d","datePublished":"2021-11-29T00:00:00+00:00","dateModified":"2024-12-10T18:04:00+00:00","mainEntityOfPage":{"@id":"https:\/\/mwc-cmm.org\/es\/stories\/coro-internacional-cima-montana\/"},"wordCount":768,"publisher":{"@id":"https:\/\/mwc-cmm.org\/en\/#organization"},"image":{"@id":"https:\/\/mwc-cmm.org\/es\/stories\/coro-internacional-cima-montana\/#primaryimage"},"thumbnailUrl":"https:\/\/mwc-cmm.org\/wp-content\/uploads\/2024\/11\/49549968791_989791b849_c.jpg","keywords":["Asamblea"],"articleSection":["Sin categorizar"],"inLanguage":"es"},{"@type":"WebPage","@id":"https:\/\/mwc-cmm.org\/es\/stories\/coro-internacional-cima-montana\/","url":"https:\/\/mwc-cmm.org\/es\/stories\/coro-internacional-cima-montana\/","name":"Coro Internacional de la Asamblea del CMM: \u201cla experiencia de estar en la cima de una monta\u00f1a\u201d - Mennonite World Conference","isPartOf":{"@id":"https:\/\/mwc-cmm.org\/en\/#website"},"primaryImageOfPage":{"@id":"https:\/\/mwc-cmm.org\/es\/stories\/coro-internacional-cima-montana\/#primaryimage"},"image":{"@id":"https:\/\/mwc-cmm.org\/es\/stories\/coro-internacional-cima-montana\/#primaryimage"},"thumbnailUrl":"https:\/\/mwc-cmm.org\/wp-content\/uploads\/2024\/11\/49549968791_989791b849_c.jpg","datePublished":"2021-11-29T00:00:00+00:00","dateModified":"2024-12-10T18:04:00+00:00","breadcrumb":{"@id":"https:\/\/mwc-cmm.org\/es\/stories\/coro-internacional-cima-montana\/#breadcrumb"},"inLanguage":"es","potentialAction":[{"@type":"ReadAction","target":["https:\/\/mwc-cmm.org\/es\/stories\/coro-internacional-cima-montana\/"]}]},{"@type":"ImageObject","inLanguage":"es","@id":"https:\/\/mwc-cmm.org\/es\/stories\/coro-internacional-cima-montana\/#primaryimage","url":"https:\/\/mwc-cmm.org\/wp-content\/uploads\/2024\/11\/49549968791_989791b849_c.jpg","contentUrl":"https:\/\/mwc-cmm.org\/wp-content\/uploads\/2024\/11\/49549968791_989791b849_c.jpg","width":800,"height":534},{"@type":"BreadcrumbList","@id":"https:\/\/mwc-cmm.org\/es\/stories\/coro-internacional-cima-montana\/#breadcrumb","itemListElement":[{"@type":"ListItem","position":1,"name":"Home","item":"https:\/\/mwc-cmm.org\/es\/"},{"@type":"ListItem","position":2,"name":"Coro Internacional de la Asamblea del CMM: \u201cla experiencia de estar en la cima de una monta\u00f1a\u201d"}]},{"@type":"WebSite","@id":"https:\/\/mwc-cmm.org\/en\/#website","url":"https:\/\/mwc-cmm.org\/en\/","name":"Mennonite World Conference","description":"A communion of Anabaptist-related churches","publisher":{"@id":"https:\/\/mwc-cmm.org\/en\/#organization"},"alternateName":"MWC","potentialAction":[{"@type":"SearchAction","target":{"@type":"EntryPoint","urlTemplate":"https:\/\/mwc-cmm.org\/en\/?s={search_term_string}"},"query-input":{"@type":"PropertyValueSpecification","valueRequired":true,"valueName":"search_term_string"}}],"inLanguage":"es"},{"@type":"Organization","@id":"https:\/\/mwc-cmm.org\/en\/#organization","name":"Mennonite World Conference","alternateName":"MWC","url":"https:\/\/mwc-cmm.org\/en\/","logo":{"@type":"ImageObject","inLanguage":"es","@id":"https:\/\/mwc-cmm.org\/en\/#\/schema\/logo\/image\/","url":"https:\/\/mwc-cmm.org\/wp-content\/uploads\/2026\/01\/MWC_Sig_Blue_Horiz_webheader1-logo.svg","contentUrl":"https:\/\/mwc-cmm.org\/wp-content\/uploads\/2026\/01\/MWC_Sig_Blue_Horiz_webheader1-logo.svg","width":786,"height":82,"caption":"Mennonite World Conference"},"image":{"@id":"https:\/\/mwc-cmm.org\/en\/#\/schema\/logo\/image\/"},"sameAs":["https:\/\/www.facebook.com\/MennoniteWorldConference","https:\/\/www.linkedin.com\/company\/mennonite-world-conference-mwc\/","https:\/\/www.instagram.com\/mwcmm\/","https:\/\/www.youtube.com\/user\/mwccmm","https:\/\/bsky.app\/profile\/mwcmm.bsky.social"]},{"@type":"Person","@id":"https:\/\/mwc-cmm.org\/en\/#\/schema\/person\/11f6ae0d7d1868ba20a1cc27f067c836","name":"mennworldcon","image":{"@type":"ImageObject","inLanguage":"es","@id":"https:\/\/secure.gravatar.com\/avatar\/06fdc0dc81c157dfdb82ec42f252178a22307808988d22c043f9eb96f1e0fe80?s=96&d=mm&r=g","url":"https:\/\/secure.gravatar.com\/avatar\/06fdc0dc81c157dfdb82ec42f252178a22307808988d22c043f9eb96f1e0fe80?s=96&d=mm&r=g","contentUrl":"https:\/\/secure.gravatar.com\/avatar\/06fdc0dc81c157dfdb82ec42f252178a22307808988d22c043f9eb96f1e0fe80?s=96&d=mm&r=g","caption":"mennworldcon"},"sameAs":["https:\/\/mwc-cmm.org"],"url":"https:\/\/mwc-cmm.org\/es\/stories\/author\/mennworldcon\/"}]}},"_links":{"self":[{"href":"https:\/\/mwc-cmm.org\/es\/wp-json\/wp\/v2\/posts\/9153","targetHints":{"allow":["GET"]}}],"collection":[{"href":"https:\/\/mwc-cmm.org\/es\/wp-json\/wp\/v2\/posts"}],"about":[{"href":"https:\/\/mwc-cmm.org\/es\/wp-json\/wp\/v2\/types\/post"}],"author":[{"embeddable":true,"href":"https:\/\/mwc-cmm.org\/es\/wp-json\/wp\/v2\/users\/1"}],"replies":[{"embeddable":true,"href":"https:\/\/mwc-cmm.org\/es\/wp-json\/wp\/v2\/comments?post=9153"}],"version-history":[{"count":0,"href":"https:\/\/mwc-cmm.org\/es\/wp-json\/wp\/v2\/posts\/9153\/revisions"}],"wp:featuredmedia":[{"embeddable":true,"href":"https:\/\/mwc-cmm.org\/es\/wp-json\/wp\/v2\/media\/94266"}],"wp:attachment":[{"href":"https:\/\/mwc-cmm.org\/es\/wp-json\/wp\/v2\/media?parent=9153"}],"wp:term":[{"taxonomy":"category","embeddable":true,"href":"https:\/\/mwc-cmm.org\/es\/wp-json\/wp\/v2\/categories?post=9153"},{"taxonomy":"post_tag","embeddable":true,"href":"https:\/\/mwc-cmm.org\/es\/wp-json\/wp\/v2\/tags?post=9153"},{"taxonomy":"network","embeddable":true,"href":"https:\/\/mwc-cmm.org\/es\/wp-json\/wp\/v2\/network?post=9153"},{"taxonomy":"eventcategory","embeddable":true,"href":"https:\/\/mwc-cmm.org\/es\/wp-json\/wp\/v2\/eventcategory?post=9153"}],"curies":[{"name":"wp","href":"https:\/\/api.w.org\/{rel}","templated":true}]}}