{"id":9152,"date":"2021-11-28T00:00:00","date_gmt":"2021-11-28T00:00:00","guid":{"rendered":"https:\/\/mwc-cmm.org\/when-the-wicked-prosper-2\/"},"modified":"2024-12-10T18:04:00","modified_gmt":"2024-12-10T18:04:00","slug":"cuando-las-personas-malvadas-prosperan","status":"publish","type":"post","link":"https:\/\/mwc-cmm.org\/es\/stories\/cuando-las-personas-malvadas-prosperan\/","title":{"rendered":"Cuando las personas malvadas prosperan"},"content":{"rendered":"<h2>Ref\u00fagiese en el Se\u00f1or<\/h2>\n<p><em>Este devocional est\u00e1 inspirado en la pregunta \u00ab\u00bfY ahora qu\u00e9?\u00bb mientras el liderazgo de la iglesia eval\u00faa los cambios que se han producido debido al COVID-19. <\/em><\/p>\n<hr \/>\n<p>El Salmo 73, refleja la frustraci\u00f3n comprensible cuando las expectativas del Salmo 1 no se concretan en la experiencia vivida.<\/p>\n<p>Aqu\u00ed, el salmista ve la \u201cprosperidad (<em>shalom<\/em>) de las personas <em>malvadas<\/em>\u201d en lugar de las personas \u201cjustas\u201d. Su \u2018paz\u2019 es extensa y \u2018descarada\u2019 \u2013 est\u00e1n f\u00edsicamente sanas, bien alimentadas y no sufren problemas. Para empeorar las cosas, ellas no ocultan su maldad, sino que est\u00e1n llenas de orgullo y \u201camenazan con la opresi\u00f3n\u201d, multiplicando su riqueza mientras otras personas sufren.<\/p>\n<p>En resumen, exactamente aquellas personas cuyo camino deber\u00eda \u201cperecer\u201d (Salmo 1:6) no solo se encuentran bien, sino que se ense\u00f1orean de las dem\u00e1s personas. El mundo est\u00e1 al rev\u00e9s&#8230;<\/p>\n<p>El salmista pierde la esperanza. Como Job, se pregunta si tiene sentido mantener su \u201ccoraz\u00f3n limpio\u201d o ser inocente. A pesar de sus mejores esfuerzos, la recompensa predecible que sugiere el Salmo 1 simplemente no est\u00e1 sucediendo; \u00a1No es justo!<\/p>\n<p>El sorprendente cambio de perspectiva, su momento de reorientaci\u00f3n, ocurre al entrar al santuario (vs.17).<\/p>\n<p>\u00c9l est\u00e1 convencido de que la prosperidad de las personas malvadas es temporal; \u00e9l todav\u00eda espera que ellas tropiecen, pero puede que se tome un tiempo. Y lo que es m\u00e1s importante, ya no se ve al SE\u00d1OR como \u201cPap\u00e1 Noel\u201d, que castiga a las personas \u201cde mal comportamiento\u201d y recompensa a las \u201cpersonas amables\u201d; la relaci\u00f3n con Dios se ha convertido en su propia recompensa.<\/p>\n<p>\u201c\u00bfA qui\u00e9n tengo yo en los cielos? Aparte de ti nada deseo en la tierra.\u201d (Salmos 73,25, RVA 2015)<\/p>\n<p>Aunque, el salmista no se aleja por completo de una mentalidad retributiva (el v.27 repite la convicci\u00f3n de que \u201clos que se alejan de ti perecer\u00e1n\u201d), el factor determinante ahora se ha vuelto relacional (la cercan\u00eda o distancia de Dios). En lugar de envidiar la prosperidad de las personas malvadas, como al principio, el salmista se deleita en una relaci\u00f3n m\u00e1s estrecha con Dios.<\/p>\n<p>La afirmaci\u00f3n final subraya un motivo crucial en los Salmos, a menudo vinculado a la oraci\u00f3n misma (comp\u00e1rese con Salmo 2:11; 91: 2). El acto de venir a Dios, con frustraci\u00f3n e incluso enojo, representa una forma clave de \u201crefugiarse\u201d en el SE\u00d1OR.<\/p>\n<p><em>\u2014 Un art\u00edculo del CMM por W. Derek Suderman, profesor del Antiguo Testamento (estudios teol\u00f3gicos) en \u2018Conrad Grebel University College\u2019, Canad\u00e1, que asiste a la Iglesia Menonita Stirling Ave., Kitchener, Ontario, Canad\u00e1.<\/em><\/p>\n<hr \/>\n<p><em>Reconociendo c\u00f3mo la pandemia ha cambiado los rituales, h\u00e1bitos y expectativas en torno a la asistencia a la iglesia, MennoMedia ha desarrollado una serie de devocionales, reflexiones y herramientas pr\u00e1cticas destinadas a equipar a pastores, pastoras y a congregaciones, como tambi\u00e9n a nutrir a la comunidad: \u201c\u00bfY ahora qu\u00e9? Liderando iglesias durante el COVID\u201d.<\/em><\/p>\n<p>&nbsp;<\/p>\n<table style=\"width:300px\">\n<tbody>\n<tr>\n<td><a href=\"https:\/\/www.mennomedia.org\/what-now\/\"><em>Obtenga m\u00e1s informaci\u00f3n sobre la serie de MennoMedia y descargue los recursos (en ingl\u00e9s) aqu\u00ed<\/em><\/a><\/td>\n<\/tr>\n<\/tbody>\n<\/table>\n<p>&nbsp;<\/p>\n<table style=\"width:300px\">\n<tbody>\n<tr>\n<td><a href=\"https:\/\/dhjhkxawhe8q4.cloudfront.net\/mennomedia-wp\/wp-content\/uploads\/2021\/08\/13181055\/WhatNow_FullAug.pdf\"><em>What now? <\/em>Agosto <\/a><\/td>\n<\/tr>\n<\/tbody>\n<\/table>\n<p>&nbsp;<\/p>\n<table style=\"width:300px\">\n<tbody>\n<tr>\n<td><a href=\"https:\/\/dhjhkxawhe8q4.cloudfront.net\/mennomedia-wp\/wp-content\/uploads\/2021\/09\/14153418\/WhatNow-FullSept.pdf\"><em>What now? <\/em>Septiembre <\/a><\/td>\n<\/tr>\n<\/tbody>\n<\/table>\n<p>&nbsp;<\/p>\n<table style=\"width:300px\">\n<tbody>\n<tr>\n<td><a href=\"https:\/\/dhjhkxawhe8q4.cloudfront.net\/mennomedia-wp\/wp-content\/uploads\/2021\/10\/11205343\/WhatNowOctober-2021.pdf\"><em>What now? <\/em>Octubre <\/a><\/td>\n<\/tr>\n<\/tbody>\n<\/table>\n<p>&nbsp;<\/p>\n<table style=\"width:300px\">\n<tbody>\n<tr>\n<td><em>What now? <\/em>Noviembre<\/td>\n<\/tr>\n<\/tbody>\n<\/table>\n","protected":false},"excerpt":{"rendered":"<p>Ref\u00fagiese en el Se\u00f1or Este devocional est\u00e1 inspirado en la pregunta \u00ab\u00bfY ahora qu\u00e9?\u00bb mientras el liderazgo de la iglesia eval\u00faa los cambios que se han producido debido al COVID-19. El Salmo 73, refleja la frustraci\u00f3n comprensible cuando las expectativas del Salmo 1 no se concretan en la experiencia vivida. Aqu\u00ed, el salmista ve la [&hellip;]<\/p>\n","protected":false},"author":1,"featured_media":94280,"comment_status":"closed","ping_status":"closed","sticky":false,"template":"","format":"standard","meta":{"_acf_changed":false,"footnotes":""},"categories":[6],"tags":[],"network":[],"eventcategory":[],"class_list":["post-9152","post","type-post","status-publish","format-standard","has-post-thumbnail","hentry","category-sin-categorizar"],"acf":[],"yoast_head":"<!-- This site is optimized with the Yoast SEO plugin v27.5 - https:\/\/yoast.com\/product\/yoast-seo-wordpress\/ -->\n<title>Cuando las personas malvadas prosperan - Mennonite World Conference<\/title>\n<meta name=\"robots\" content=\"index, follow, max-snippet:-1, max-image-preview:large, max-video-preview:-1\" \/>\n<link rel=\"canonical\" href=\"https:\/\/mwc-cmm.org\/es\/stories\/cuando-las-personas-malvadas-prosperan\/\" \/>\n<meta property=\"og:locale\" content=\"es_ES\" \/>\n<meta property=\"og:type\" content=\"article\" \/>\n<meta property=\"og:title\" content=\"Cuando las personas malvadas prosperan - Mennonite World Conference\" \/>\n<meta property=\"og:description\" content=\"Ref\u00fagiese en el Se\u00f1or Este devocional est\u00e1 inspirado en la pregunta \u00ab\u00bfY ahora qu\u00e9?\u00bb mientras el liderazgo de la iglesia eval\u00faa los cambios que se han producido debido al COVID-19. El Salmo 73, refleja la frustraci\u00f3n comprensible cuando las expectativas del Salmo 1 no se concretan en la experiencia vivida. Aqu\u00ed, el salmista ve la [&hellip;]\" \/>\n<meta property=\"og:url\" content=\"https:\/\/mwc-cmm.org\/es\/stories\/cuando-las-personas-malvadas-prosperan\/\" \/>\n<meta property=\"og:site_name\" content=\"Mennonite World Conference\" \/>\n<meta property=\"article:publisher\" content=\"https:\/\/www.facebook.com\/MennoniteWorldConference\" \/>\n<meta property=\"article:published_time\" content=\"2021-11-28T00:00:00+00:00\" \/>\n<meta property=\"article:modified_time\" content=\"2024-12-10T18:04:00+00:00\" \/>\n<meta property=\"og:image\" content=\"https:\/\/mwc-cmm.org\/wp-content\/uploads\/2024\/11\/mosaico_166x130_x34.png\" \/>\n\t<meta property=\"og:image:width\" content=\"996\" \/>\n\t<meta property=\"og:image:height\" content=\"780\" \/>\n\t<meta property=\"og:image:type\" content=\"image\/png\" \/>\n<meta name=\"author\" content=\"mennworldcon\" \/>\n<script type=\"application\/ld+json\" class=\"yoast-schema-graph\">{\"@context\":\"https:\\\/\\\/schema.org\",\"@graph\":[{\"@type\":\"Article\",\"@id\":\"https:\\\/\\\/mwc-cmm.org\\\/es\\\/stories\\\/cuando-las-personas-malvadas-prosperan\\\/#article\",\"isPartOf\":{\"@id\":\"https:\\\/\\\/mwc-cmm.org\\\/es\\\/stories\\\/cuando-las-personas-malvadas-prosperan\\\/\"},\"author\":{\"name\":\"mennworldcon\",\"@id\":\"https:\\\/\\\/mwc-cmm.org\\\/en\\\/#\\\/schema\\\/person\\\/11f6ae0d7d1868ba20a1cc27f067c836\"},\"headline\":\"Cuando las personas malvadas prosperan\",\"datePublished\":\"2021-11-28T00:00:00+00:00\",\"dateModified\":\"2024-12-10T18:04:00+00:00\",\"mainEntityOfPage\":{\"@id\":\"https:\\\/\\\/mwc-cmm.org\\\/es\\\/stories\\\/cuando-las-personas-malvadas-prosperan\\\/\"},\"wordCount\":536,\"publisher\":{\"@id\":\"https:\\\/\\\/mwc-cmm.org\\\/en\\\/#organization\"},\"image\":{\"@id\":\"https:\\\/\\\/mwc-cmm.org\\\/es\\\/stories\\\/cuando-las-personas-malvadas-prosperan\\\/#primaryimage\"},\"thumbnailUrl\":\"https:\\\/\\\/mwc-cmm.org\\\/wp-content\\\/uploads\\\/2024\\\/11\\\/mosaico_166x130_x34.png\",\"articleSection\":[\"Sin categorizar\"],\"inLanguage\":\"es\"},{\"@type\":\"WebPage\",\"@id\":\"https:\\\/\\\/mwc-cmm.org\\\/es\\\/stories\\\/cuando-las-personas-malvadas-prosperan\\\/\",\"url\":\"https:\\\/\\\/mwc-cmm.org\\\/es\\\/stories\\\/cuando-las-personas-malvadas-prosperan\\\/\",\"name\":\"Cuando las personas malvadas prosperan - Mennonite World Conference\",\"isPartOf\":{\"@id\":\"https:\\\/\\\/mwc-cmm.org\\\/en\\\/#website\"},\"primaryImageOfPage\":{\"@id\":\"https:\\\/\\\/mwc-cmm.org\\\/es\\\/stories\\\/cuando-las-personas-malvadas-prosperan\\\/#primaryimage\"},\"image\":{\"@id\":\"https:\\\/\\\/mwc-cmm.org\\\/es\\\/stories\\\/cuando-las-personas-malvadas-prosperan\\\/#primaryimage\"},\"thumbnailUrl\":\"https:\\\/\\\/mwc-cmm.org\\\/wp-content\\\/uploads\\\/2024\\\/11\\\/mosaico_166x130_x34.png\",\"datePublished\":\"2021-11-28T00:00:00+00:00\",\"dateModified\":\"2024-12-10T18:04:00+00:00\",\"breadcrumb\":{\"@id\":\"https:\\\/\\\/mwc-cmm.org\\\/es\\\/stories\\\/cuando-las-personas-malvadas-prosperan\\\/#breadcrumb\"},\"inLanguage\":\"es\",\"potentialAction\":[{\"@type\":\"ReadAction\",\"target\":[\"https:\\\/\\\/mwc-cmm.org\\\/es\\\/stories\\\/cuando-las-personas-malvadas-prosperan\\\/\"]}]},{\"@type\":\"ImageObject\",\"inLanguage\":\"es\",\"@id\":\"https:\\\/\\\/mwc-cmm.org\\\/es\\\/stories\\\/cuando-las-personas-malvadas-prosperan\\\/#primaryimage\",\"url\":\"https:\\\/\\\/mwc-cmm.org\\\/wp-content\\\/uploads\\\/2024\\\/11\\\/mosaico_166x130_x34.png\",\"contentUrl\":\"https:\\\/\\\/mwc-cmm.org\\\/wp-content\\\/uploads\\\/2024\\\/11\\\/mosaico_166x130_x34.png\",\"width\":996,\"height\":780},{\"@type\":\"BreadcrumbList\",\"@id\":\"https:\\\/\\\/mwc-cmm.org\\\/es\\\/stories\\\/cuando-las-personas-malvadas-prosperan\\\/#breadcrumb\",\"itemListElement\":[{\"@type\":\"ListItem\",\"position\":1,\"name\":\"Home\",\"item\":\"https:\\\/\\\/mwc-cmm.org\\\/es\\\/\"},{\"@type\":\"ListItem\",\"position\":2,\"name\":\"Cuando las personas malvadas prosperan\"}]},{\"@type\":\"WebSite\",\"@id\":\"https:\\\/\\\/mwc-cmm.org\\\/en\\\/#website\",\"url\":\"https:\\\/\\\/mwc-cmm.org\\\/en\\\/\",\"name\":\"Mennonite World Conference\",\"description\":\"A communion of Anabaptist-related churches\",\"publisher\":{\"@id\":\"https:\\\/\\\/mwc-cmm.org\\\/en\\\/#organization\"},\"alternateName\":\"MWC\",\"potentialAction\":[{\"@type\":\"SearchAction\",\"target\":{\"@type\":\"EntryPoint\",\"urlTemplate\":\"https:\\\/\\\/mwc-cmm.org\\\/en\\\/?s={search_term_string}\"},\"query-input\":{\"@type\":\"PropertyValueSpecification\",\"valueRequired\":true,\"valueName\":\"search_term_string\"}}],\"inLanguage\":\"es\"},{\"@type\":\"Organization\",\"@id\":\"https:\\\/\\\/mwc-cmm.org\\\/en\\\/#organization\",\"name\":\"Mennonite World Conference\",\"alternateName\":\"MWC\",\"url\":\"https:\\\/\\\/mwc-cmm.org\\\/en\\\/\",\"logo\":{\"@type\":\"ImageObject\",\"inLanguage\":\"es\",\"@id\":\"https:\\\/\\\/mwc-cmm.org\\\/en\\\/#\\\/schema\\\/logo\\\/image\\\/\",\"url\":\"https:\\\/\\\/mwc-cmm.org\\\/wp-content\\\/uploads\\\/2026\\\/01\\\/MWC_Sig_Blue_Horiz_webheader1-logo.svg\",\"contentUrl\":\"https:\\\/\\\/mwc-cmm.org\\\/wp-content\\\/uploads\\\/2026\\\/01\\\/MWC_Sig_Blue_Horiz_webheader1-logo.svg\",\"width\":786,\"height\":82,\"caption\":\"Mennonite World Conference\"},\"image\":{\"@id\":\"https:\\\/\\\/mwc-cmm.org\\\/en\\\/#\\\/schema\\\/logo\\\/image\\\/\"},\"sameAs\":[\"https:\\\/\\\/www.facebook.com\\\/MennoniteWorldConference\",\"https:\\\/\\\/www.linkedin.com\\\/company\\\/mennonite-world-conference-mwc\\\/\",\"https:\\\/\\\/www.instagram.com\\\/mwcmm\\\/\",\"https:\\\/\\\/www.youtube.com\\\/user\\\/mwccmm\",\"https:\\\/\\\/bsky.app\\\/profile\\\/mwcmm.bsky.social\"]},{\"@type\":\"Person\",\"@id\":\"https:\\\/\\\/mwc-cmm.org\\\/en\\\/#\\\/schema\\\/person\\\/11f6ae0d7d1868ba20a1cc27f067c836\",\"name\":\"mennworldcon\",\"image\":{\"@type\":\"ImageObject\",\"inLanguage\":\"es\",\"@id\":\"https:\\\/\\\/secure.gravatar.com\\\/avatar\\\/06fdc0dc81c157dfdb82ec42f252178a22307808988d22c043f9eb96f1e0fe80?s=96&d=mm&r=g\",\"url\":\"https:\\\/\\\/secure.gravatar.com\\\/avatar\\\/06fdc0dc81c157dfdb82ec42f252178a22307808988d22c043f9eb96f1e0fe80?s=96&d=mm&r=g\",\"contentUrl\":\"https:\\\/\\\/secure.gravatar.com\\\/avatar\\\/06fdc0dc81c157dfdb82ec42f252178a22307808988d22c043f9eb96f1e0fe80?s=96&d=mm&r=g\",\"caption\":\"mennworldcon\"},\"sameAs\":[\"https:\\\/\\\/mwc-cmm.org\"],\"url\":\"https:\\\/\\\/mwc-cmm.org\\\/es\\\/stories\\\/author\\\/mennworldcon\\\/\"}]}<\/script>\n<!-- \/ Yoast SEO plugin. -->","yoast_head_json":{"title":"Cuando las personas malvadas prosperan - Mennonite World Conference","robots":{"index":"index","follow":"follow","max-snippet":"max-snippet:-1","max-image-preview":"max-image-preview:large","max-video-preview":"max-video-preview:-1"},"canonical":"https:\/\/mwc-cmm.org\/es\/stories\/cuando-las-personas-malvadas-prosperan\/","og_locale":"es_ES","og_type":"article","og_title":"Cuando las personas malvadas prosperan - Mennonite World Conference","og_description":"Ref\u00fagiese en el Se\u00f1or Este devocional est\u00e1 inspirado en la pregunta \u00ab\u00bfY ahora qu\u00e9?\u00bb mientras el liderazgo de la iglesia eval\u00faa los cambios que se han producido debido al COVID-19. El Salmo 73, refleja la frustraci\u00f3n comprensible cuando las expectativas del Salmo 1 no se concretan en la experiencia vivida. Aqu\u00ed, el salmista ve la [&hellip;]","og_url":"https:\/\/mwc-cmm.org\/es\/stories\/cuando-las-personas-malvadas-prosperan\/","og_site_name":"Mennonite World Conference","article_publisher":"https:\/\/www.facebook.com\/MennoniteWorldConference","article_published_time":"2021-11-28T00:00:00+00:00","article_modified_time":"2024-12-10T18:04:00+00:00","og_image":[{"width":996,"height":780,"url":"https:\/\/mwc-cmm.org\/wp-content\/uploads\/2024\/11\/mosaico_166x130_x34.png","type":"image\/png"}],"author":"mennworldcon","schema":{"@context":"https:\/\/schema.org","@graph":[{"@type":"Article","@id":"https:\/\/mwc-cmm.org\/es\/stories\/cuando-las-personas-malvadas-prosperan\/#article","isPartOf":{"@id":"https:\/\/mwc-cmm.org\/es\/stories\/cuando-las-personas-malvadas-prosperan\/"},"author":{"name":"mennworldcon","@id":"https:\/\/mwc-cmm.org\/en\/#\/schema\/person\/11f6ae0d7d1868ba20a1cc27f067c836"},"headline":"Cuando las personas malvadas prosperan","datePublished":"2021-11-28T00:00:00+00:00","dateModified":"2024-12-10T18:04:00+00:00","mainEntityOfPage":{"@id":"https:\/\/mwc-cmm.org\/es\/stories\/cuando-las-personas-malvadas-prosperan\/"},"wordCount":536,"publisher":{"@id":"https:\/\/mwc-cmm.org\/en\/#organization"},"image":{"@id":"https:\/\/mwc-cmm.org\/es\/stories\/cuando-las-personas-malvadas-prosperan\/#primaryimage"},"thumbnailUrl":"https:\/\/mwc-cmm.org\/wp-content\/uploads\/2024\/11\/mosaico_166x130_x34.png","articleSection":["Sin categorizar"],"inLanguage":"es"},{"@type":"WebPage","@id":"https:\/\/mwc-cmm.org\/es\/stories\/cuando-las-personas-malvadas-prosperan\/","url":"https:\/\/mwc-cmm.org\/es\/stories\/cuando-las-personas-malvadas-prosperan\/","name":"Cuando las personas malvadas prosperan - Mennonite World Conference","isPartOf":{"@id":"https:\/\/mwc-cmm.org\/en\/#website"},"primaryImageOfPage":{"@id":"https:\/\/mwc-cmm.org\/es\/stories\/cuando-las-personas-malvadas-prosperan\/#primaryimage"},"image":{"@id":"https:\/\/mwc-cmm.org\/es\/stories\/cuando-las-personas-malvadas-prosperan\/#primaryimage"},"thumbnailUrl":"https:\/\/mwc-cmm.org\/wp-content\/uploads\/2024\/11\/mosaico_166x130_x34.png","datePublished":"2021-11-28T00:00:00+00:00","dateModified":"2024-12-10T18:04:00+00:00","breadcrumb":{"@id":"https:\/\/mwc-cmm.org\/es\/stories\/cuando-las-personas-malvadas-prosperan\/#breadcrumb"},"inLanguage":"es","potentialAction":[{"@type":"ReadAction","target":["https:\/\/mwc-cmm.org\/es\/stories\/cuando-las-personas-malvadas-prosperan\/"]}]},{"@type":"ImageObject","inLanguage":"es","@id":"https:\/\/mwc-cmm.org\/es\/stories\/cuando-las-personas-malvadas-prosperan\/#primaryimage","url":"https:\/\/mwc-cmm.org\/wp-content\/uploads\/2024\/11\/mosaico_166x130_x34.png","contentUrl":"https:\/\/mwc-cmm.org\/wp-content\/uploads\/2024\/11\/mosaico_166x130_x34.png","width":996,"height":780},{"@type":"BreadcrumbList","@id":"https:\/\/mwc-cmm.org\/es\/stories\/cuando-las-personas-malvadas-prosperan\/#breadcrumb","itemListElement":[{"@type":"ListItem","position":1,"name":"Home","item":"https:\/\/mwc-cmm.org\/es\/"},{"@type":"ListItem","position":2,"name":"Cuando las personas malvadas prosperan"}]},{"@type":"WebSite","@id":"https:\/\/mwc-cmm.org\/en\/#website","url":"https:\/\/mwc-cmm.org\/en\/","name":"Mennonite World Conference","description":"A communion of Anabaptist-related churches","publisher":{"@id":"https:\/\/mwc-cmm.org\/en\/#organization"},"alternateName":"MWC","potentialAction":[{"@type":"SearchAction","target":{"@type":"EntryPoint","urlTemplate":"https:\/\/mwc-cmm.org\/en\/?s={search_term_string}"},"query-input":{"@type":"PropertyValueSpecification","valueRequired":true,"valueName":"search_term_string"}}],"inLanguage":"es"},{"@type":"Organization","@id":"https:\/\/mwc-cmm.org\/en\/#organization","name":"Mennonite World Conference","alternateName":"MWC","url":"https:\/\/mwc-cmm.org\/en\/","logo":{"@type":"ImageObject","inLanguage":"es","@id":"https:\/\/mwc-cmm.org\/en\/#\/schema\/logo\/image\/","url":"https:\/\/mwc-cmm.org\/wp-content\/uploads\/2026\/01\/MWC_Sig_Blue_Horiz_webheader1-logo.svg","contentUrl":"https:\/\/mwc-cmm.org\/wp-content\/uploads\/2026\/01\/MWC_Sig_Blue_Horiz_webheader1-logo.svg","width":786,"height":82,"caption":"Mennonite World Conference"},"image":{"@id":"https:\/\/mwc-cmm.org\/en\/#\/schema\/logo\/image\/"},"sameAs":["https:\/\/www.facebook.com\/MennoniteWorldConference","https:\/\/www.linkedin.com\/company\/mennonite-world-conference-mwc\/","https:\/\/www.instagram.com\/mwcmm\/","https:\/\/www.youtube.com\/user\/mwccmm","https:\/\/bsky.app\/profile\/mwcmm.bsky.social"]},{"@type":"Person","@id":"https:\/\/mwc-cmm.org\/en\/#\/schema\/person\/11f6ae0d7d1868ba20a1cc27f067c836","name":"mennworldcon","image":{"@type":"ImageObject","inLanguage":"es","@id":"https:\/\/secure.gravatar.com\/avatar\/06fdc0dc81c157dfdb82ec42f252178a22307808988d22c043f9eb96f1e0fe80?s=96&d=mm&r=g","url":"https:\/\/secure.gravatar.com\/avatar\/06fdc0dc81c157dfdb82ec42f252178a22307808988d22c043f9eb96f1e0fe80?s=96&d=mm&r=g","contentUrl":"https:\/\/secure.gravatar.com\/avatar\/06fdc0dc81c157dfdb82ec42f252178a22307808988d22c043f9eb96f1e0fe80?s=96&d=mm&r=g","caption":"mennworldcon"},"sameAs":["https:\/\/mwc-cmm.org"],"url":"https:\/\/mwc-cmm.org\/es\/stories\/author\/mennworldcon\/"}]}},"_links":{"self":[{"href":"https:\/\/mwc-cmm.org\/es\/wp-json\/wp\/v2\/posts\/9152","targetHints":{"allow":["GET"]}}],"collection":[{"href":"https:\/\/mwc-cmm.org\/es\/wp-json\/wp\/v2\/posts"}],"about":[{"href":"https:\/\/mwc-cmm.org\/es\/wp-json\/wp\/v2\/types\/post"}],"author":[{"embeddable":true,"href":"https:\/\/mwc-cmm.org\/es\/wp-json\/wp\/v2\/users\/1"}],"replies":[{"embeddable":true,"href":"https:\/\/mwc-cmm.org\/es\/wp-json\/wp\/v2\/comments?post=9152"}],"version-history":[{"count":0,"href":"https:\/\/mwc-cmm.org\/es\/wp-json\/wp\/v2\/posts\/9152\/revisions"}],"wp:featuredmedia":[{"embeddable":true,"href":"https:\/\/mwc-cmm.org\/es\/wp-json\/wp\/v2\/media\/94280"}],"wp:attachment":[{"href":"https:\/\/mwc-cmm.org\/es\/wp-json\/wp\/v2\/media?parent=9152"}],"wp:term":[{"taxonomy":"category","embeddable":true,"href":"https:\/\/mwc-cmm.org\/es\/wp-json\/wp\/v2\/categories?post=9152"},{"taxonomy":"post_tag","embeddable":true,"href":"https:\/\/mwc-cmm.org\/es\/wp-json\/wp\/v2\/tags?post=9152"},{"taxonomy":"network","embeddable":true,"href":"https:\/\/mwc-cmm.org\/es\/wp-json\/wp\/v2\/network?post=9152"},{"taxonomy":"eventcategory","embeddable":true,"href":"https:\/\/mwc-cmm.org\/es\/wp-json\/wp\/v2\/eventcategory?post=9152"}],"curies":[{"name":"wp","href":"https:\/\/api.w.org\/{rel}","templated":true}]}}