{"id":9143,"date":"2021-10-22T00:00:00","date_gmt":"2021-10-22T00:00:00","guid":{"rendered":"https:\/\/mwc-cmm.org\/a-pastoral-letter-for-the-healing-of-haiti-3\/"},"modified":"2024-12-10T18:03:54","modified_gmt":"2024-12-10T18:03:54","slug":"carta-pastoral-para-la-sanidad-de-haiti","status":"publish","type":"post","link":"https:\/\/mwc-cmm.org\/es\/stories\/carta-pastoral-para-la-sanidad-de-haiti\/","title":{"rendered":"Carta pastoral para la sanidad de Haiti"},"content":{"rendered":"<p>Amados hermanos y hermanas:<\/p>\n<p>\u00a1Un\u00e1monos en oraci\u00f3n por la paz y la estabilidad en Hait\u00ed! La naci\u00f3n isle\u00f1a se tambalea despu\u00e9s del asesinato de su presidente en el mes de julio, un devastador terremoto en agosto y los efectos continuos de la pandemia del coronavirus. La corrupci\u00f3n del gobierno y la violencia incontenida de las pandillas, han sumado al sufrimiento. La pobreza y el hambre est\u00e1n muy extendidos.<\/p>\n<p>El 16 de octubre del 2021, diecisiete personas, integrantes de un grupo misionero, que inclu\u00eda cinco ni\u00f1os y ni\u00f1as, fueron secuestradas en Hait\u00ed. Oremos por las personas involucradas de alguna manera en el secuestro. Por todas las personas en Hait\u00ed que est\u00e1n atrapadas por la pobreza, la violencia o el secuestro; un\u00e1monos a la petici\u00f3n del salmista:<\/p>\n<p class=\"rteindent1\">Dios m\u00edo, \u00a1ven a librarme!<br \/>\nSe\u00f1or, \u00a1ven pronto en mi ayuda! [\u2026]<br \/>\n&nbsp;Y a m\u00ed, que estoy pobre y afligido,<br \/>\nDios m\u00edo, \u00a1ven pronto a ayudarme!<br \/>\nT\u00fa eres quien me ayuda y me liberta;<br \/>\n\u00a1no te tardes, Se\u00f1or! (Salmos 70,2.6)<\/p>\n<p>\u00a1Se\u00f1or, escucha la oraci\u00f3n de tus hijos e hijas!<\/p>\n<p>En el nombre de Jes\u00fas. Am\u00e9n.<\/p>\n<p>J. Nelson Kraybill &nbsp;<\/p>\n<p>Presidente, CMM<\/p>\n<hr \/>\n<p>Lea m\u00e1s<\/p>\n<table style=\"width:300px\">\n<tbody>\n<tr>\n<td>\n<h4><a href=\"\/es\/node\/516\">Un milagro en Hait\u00ed <\/a><\/h4>\n<\/td>\n<\/tr>\n<\/tbody>\n<\/table>\n<p>&nbsp;<\/p>\n","protected":false},"excerpt":{"rendered":"<p>Amados hermanos y hermanas: \u00a1Un\u00e1monos en oraci\u00f3n por la paz y la estabilidad en Hait\u00ed! La naci\u00f3n isle\u00f1a se tambalea despu\u00e9s del asesinato de su presidente en el mes de julio, un devastador terremoto en agosto y los efectos continuos de la pandemia del coronavirus. La corrupci\u00f3n del gobierno y la violencia incontenida de las [&hellip;]<\/p>\n","protected":false},"author":1,"featured_media":94154,"comment_status":"closed","ping_status":"closed","sticky":false,"template":"","format":"standard","meta":{"_acf_changed":false,"footnotes":""},"categories":[472,6],"tags":[536],"network":[],"eventcategory":[],"class_list":["post-9143","post","type-post","status-publish","format-standard","has-post-thumbnail","hentry","category-oracion-urgente-es","category-sin-categorizar","tag-oracion"],"acf":[],"yoast_head":"<!-- This site is optimized with the Yoast SEO plugin v27.2 - https:\/\/yoast.com\/product\/yoast-seo-wordpress\/ -->\n<title>Carta pastoral para la sanidad de Haiti - Mennonite World Conference<\/title>\n<meta name=\"robots\" content=\"index, follow, max-snippet:-1, max-image-preview:large, max-video-preview:-1\" \/>\n<link rel=\"canonical\" href=\"https:\/\/mwc-cmm.org\/es\/stories\/carta-pastoral-para-la-sanidad-de-haiti\/\" \/>\n<meta property=\"og:locale\" content=\"es_ES\" \/>\n<meta property=\"og:type\" content=\"article\" \/>\n<meta property=\"og:title\" content=\"Carta pastoral para la sanidad de Haiti - Mennonite World Conference\" \/>\n<meta property=\"og:description\" content=\"Amados hermanos y hermanas: \u00a1Un\u00e1monos en oraci\u00f3n por la paz y la estabilidad en Hait\u00ed! La naci\u00f3n isle\u00f1a se tambalea despu\u00e9s del asesinato de su presidente en el mes de julio, un devastador terremoto en agosto y los efectos continuos de la pandemia del coronavirus. La corrupci\u00f3n del gobierno y la violencia incontenida de las [&hellip;]\" \/>\n<meta property=\"og:url\" content=\"https:\/\/mwc-cmm.org\/es\/stories\/carta-pastoral-para-la-sanidad-de-haiti\/\" \/>\n<meta property=\"og:site_name\" content=\"Mennonite World Conference\" \/>\n<meta property=\"article:publisher\" content=\"https:\/\/www.facebook.com\/MennoniteWorldConference\" \/>\n<meta property=\"article:published_time\" content=\"2021-10-22T00:00:00+00:00\" \/>\n<meta property=\"article:modified_time\" content=\"2024-12-10T18:03:54+00:00\" \/>\n<meta property=\"og:image\" content=\"https:\/\/mwc-cmm.org\/wp-content\/uploads\/2024\/11\/50119954273_77a70dbfab_c.jpg\" \/>\n\t<meta property=\"og:image:width\" content=\"799\" \/>\n\t<meta property=\"og:image:height\" content=\"600\" \/>\n\t<meta property=\"og:image:type\" content=\"image\/jpeg\" \/>\n<meta name=\"author\" content=\"mennworldcon\" \/>\n<script type=\"application\/ld+json\" class=\"yoast-schema-graph\">{\"@context\":\"https:\/\/schema.org\",\"@graph\":[{\"@type\":\"Article\",\"@id\":\"https:\/\/mwc-cmm.org\/es\/stories\/carta-pastoral-para-la-sanidad-de-haiti\/#article\",\"isPartOf\":{\"@id\":\"https:\/\/mwc-cmm.org\/es\/stories\/carta-pastoral-para-la-sanidad-de-haiti\/\"},\"author\":{\"name\":\"mennworldcon\",\"@id\":\"https:\/\/mwc-cmm.org\/en\/#\/schema\/person\/11f6ae0d7d1868ba20a1cc27f067c836\"},\"headline\":\"Carta pastoral para la sanidad de Haiti\",\"datePublished\":\"2021-10-22T00:00:00+00:00\",\"dateModified\":\"2024-12-10T18:03:54+00:00\",\"mainEntityOfPage\":{\"@id\":\"https:\/\/mwc-cmm.org\/es\/stories\/carta-pastoral-para-la-sanidad-de-haiti\/\"},\"wordCount\":219,\"publisher\":{\"@id\":\"https:\/\/mwc-cmm.org\/en\/#organization\"},\"image\":{\"@id\":\"https:\/\/mwc-cmm.org\/es\/stories\/carta-pastoral-para-la-sanidad-de-haiti\/#primaryimage\"},\"thumbnailUrl\":\"https:\/\/mwc-cmm.org\/wp-content\/uploads\/2024\/11\/50119954273_77a70dbfab_c.jpg\",\"keywords\":[\"oraci\u00f3n\"],\"articleSection\":[\"Oraci\u00f3n urgente\",\"Sin categorizar\"],\"inLanguage\":\"es\"},{\"@type\":\"WebPage\",\"@id\":\"https:\/\/mwc-cmm.org\/es\/stories\/carta-pastoral-para-la-sanidad-de-haiti\/\",\"url\":\"https:\/\/mwc-cmm.org\/es\/stories\/carta-pastoral-para-la-sanidad-de-haiti\/\",\"name\":\"Carta pastoral para la sanidad de Haiti - Mennonite World Conference\",\"isPartOf\":{\"@id\":\"https:\/\/mwc-cmm.org\/en\/#website\"},\"primaryImageOfPage\":{\"@id\":\"https:\/\/mwc-cmm.org\/es\/stories\/carta-pastoral-para-la-sanidad-de-haiti\/#primaryimage\"},\"image\":{\"@id\":\"https:\/\/mwc-cmm.org\/es\/stories\/carta-pastoral-para-la-sanidad-de-haiti\/#primaryimage\"},\"thumbnailUrl\":\"https:\/\/mwc-cmm.org\/wp-content\/uploads\/2024\/11\/50119954273_77a70dbfab_c.jpg\",\"datePublished\":\"2021-10-22T00:00:00+00:00\",\"dateModified\":\"2024-12-10T18:03:54+00:00\",\"breadcrumb\":{\"@id\":\"https:\/\/mwc-cmm.org\/es\/stories\/carta-pastoral-para-la-sanidad-de-haiti\/#breadcrumb\"},\"inLanguage\":\"es\",\"potentialAction\":[{\"@type\":\"ReadAction\",\"target\":[\"https:\/\/mwc-cmm.org\/es\/stories\/carta-pastoral-para-la-sanidad-de-haiti\/\"]}]},{\"@type\":\"ImageObject\",\"inLanguage\":\"es\",\"@id\":\"https:\/\/mwc-cmm.org\/es\/stories\/carta-pastoral-para-la-sanidad-de-haiti\/#primaryimage\",\"url\":\"https:\/\/mwc-cmm.org\/wp-content\/uploads\/2024\/11\/50119954273_77a70dbfab_c.jpg\",\"contentUrl\":\"https:\/\/mwc-cmm.org\/wp-content\/uploads\/2024\/11\/50119954273_77a70dbfab_c.jpg\",\"width\":799,\"height\":600},{\"@type\":\"BreadcrumbList\",\"@id\":\"https:\/\/mwc-cmm.org\/es\/stories\/carta-pastoral-para-la-sanidad-de-haiti\/#breadcrumb\",\"itemListElement\":[{\"@type\":\"ListItem\",\"position\":1,\"name\":\"Home\",\"item\":\"https:\/\/mwc-cmm.org\/es\/\"},{\"@type\":\"ListItem\",\"position\":2,\"name\":\"Carta pastoral para la sanidad de Haiti\"}]},{\"@type\":\"WebSite\",\"@id\":\"https:\/\/mwc-cmm.org\/en\/#website\",\"url\":\"https:\/\/mwc-cmm.org\/en\/\",\"name\":\"Mennonite World Conference\",\"description\":\"A communion of Anabaptist-related churches\",\"publisher\":{\"@id\":\"https:\/\/mwc-cmm.org\/en\/#organization\"},\"alternateName\":\"MWC\",\"potentialAction\":[{\"@type\":\"SearchAction\",\"target\":{\"@type\":\"EntryPoint\",\"urlTemplate\":\"https:\/\/mwc-cmm.org\/en\/?s={search_term_string}\"},\"query-input\":{\"@type\":\"PropertyValueSpecification\",\"valueRequired\":true,\"valueName\":\"search_term_string\"}}],\"inLanguage\":\"es\"},{\"@type\":\"Organization\",\"@id\":\"https:\/\/mwc-cmm.org\/en\/#organization\",\"name\":\"Mennonite World Conference\",\"alternateName\":\"MWC\",\"url\":\"https:\/\/mwc-cmm.org\/en\/\",\"logo\":{\"@type\":\"ImageObject\",\"inLanguage\":\"es\",\"@id\":\"https:\/\/mwc-cmm.org\/en\/#\/schema\/logo\/image\/\",\"url\":\"https:\/\/mwc-cmm.org\/wp-content\/uploads\/2026\/01\/MWC_Sig_Blue_Horiz_webheader1-logo.svg\",\"contentUrl\":\"https:\/\/mwc-cmm.org\/wp-content\/uploads\/2026\/01\/MWC_Sig_Blue_Horiz_webheader1-logo.svg\",\"width\":786,\"height\":82,\"caption\":\"Mennonite World Conference\"},\"image\":{\"@id\":\"https:\/\/mwc-cmm.org\/en\/#\/schema\/logo\/image\/\"},\"sameAs\":[\"https:\/\/www.facebook.com\/MennoniteWorldConference\",\"https:\/\/www.linkedin.com\/company\/mennonite-world-conference-mwc\/\",\"https:\/\/www.instagram.com\/mwcmm\/\",\"https:\/\/www.youtube.com\/user\/mwccmm\",\"https:\/\/bsky.app\/profile\/mwcmm.bsky.social\"]},{\"@type\":\"Person\",\"@id\":\"https:\/\/mwc-cmm.org\/en\/#\/schema\/person\/11f6ae0d7d1868ba20a1cc27f067c836\",\"name\":\"mennworldcon\",\"image\":{\"@type\":\"ImageObject\",\"inLanguage\":\"es\",\"@id\":\"https:\/\/secure.gravatar.com\/avatar\/06fdc0dc81c157dfdb82ec42f252178a22307808988d22c043f9eb96f1e0fe80?s=96&d=mm&r=g\",\"url\":\"https:\/\/secure.gravatar.com\/avatar\/06fdc0dc81c157dfdb82ec42f252178a22307808988d22c043f9eb96f1e0fe80?s=96&d=mm&r=g\",\"contentUrl\":\"https:\/\/secure.gravatar.com\/avatar\/06fdc0dc81c157dfdb82ec42f252178a22307808988d22c043f9eb96f1e0fe80?s=96&d=mm&r=g\",\"caption\":\"mennworldcon\"},\"sameAs\":[\"https:\/\/mwc-cmm.org\"],\"url\":\"https:\/\/mwc-cmm.org\/es\/stories\/author\/mennworldcon\/\"}]}<\/script>\n<!-- \/ Yoast SEO plugin. -->","yoast_head_json":{"title":"Carta pastoral para la sanidad de Haiti - Mennonite World Conference","robots":{"index":"index","follow":"follow","max-snippet":"max-snippet:-1","max-image-preview":"max-image-preview:large","max-video-preview":"max-video-preview:-1"},"canonical":"https:\/\/mwc-cmm.org\/es\/stories\/carta-pastoral-para-la-sanidad-de-haiti\/","og_locale":"es_ES","og_type":"article","og_title":"Carta pastoral para la sanidad de Haiti - Mennonite World Conference","og_description":"Amados hermanos y hermanas: \u00a1Un\u00e1monos en oraci\u00f3n por la paz y la estabilidad en Hait\u00ed! La naci\u00f3n isle\u00f1a se tambalea despu\u00e9s del asesinato de su presidente en el mes de julio, un devastador terremoto en agosto y los efectos continuos de la pandemia del coronavirus. La corrupci\u00f3n del gobierno y la violencia incontenida de las [&hellip;]","og_url":"https:\/\/mwc-cmm.org\/es\/stories\/carta-pastoral-para-la-sanidad-de-haiti\/","og_site_name":"Mennonite World Conference","article_publisher":"https:\/\/www.facebook.com\/MennoniteWorldConference","article_published_time":"2021-10-22T00:00:00+00:00","article_modified_time":"2024-12-10T18:03:54+00:00","og_image":[{"width":799,"height":600,"url":"https:\/\/mwc-cmm.org\/wp-content\/uploads\/2024\/11\/50119954273_77a70dbfab_c.jpg","type":"image\/jpeg"}],"author":"mennworldcon","schema":{"@context":"https:\/\/schema.org","@graph":[{"@type":"Article","@id":"https:\/\/mwc-cmm.org\/es\/stories\/carta-pastoral-para-la-sanidad-de-haiti\/#article","isPartOf":{"@id":"https:\/\/mwc-cmm.org\/es\/stories\/carta-pastoral-para-la-sanidad-de-haiti\/"},"author":{"name":"mennworldcon","@id":"https:\/\/mwc-cmm.org\/en\/#\/schema\/person\/11f6ae0d7d1868ba20a1cc27f067c836"},"headline":"Carta pastoral para la sanidad de Haiti","datePublished":"2021-10-22T00:00:00+00:00","dateModified":"2024-12-10T18:03:54+00:00","mainEntityOfPage":{"@id":"https:\/\/mwc-cmm.org\/es\/stories\/carta-pastoral-para-la-sanidad-de-haiti\/"},"wordCount":219,"publisher":{"@id":"https:\/\/mwc-cmm.org\/en\/#organization"},"image":{"@id":"https:\/\/mwc-cmm.org\/es\/stories\/carta-pastoral-para-la-sanidad-de-haiti\/#primaryimage"},"thumbnailUrl":"https:\/\/mwc-cmm.org\/wp-content\/uploads\/2024\/11\/50119954273_77a70dbfab_c.jpg","keywords":["oraci\u00f3n"],"articleSection":["Oraci\u00f3n urgente","Sin categorizar"],"inLanguage":"es"},{"@type":"WebPage","@id":"https:\/\/mwc-cmm.org\/es\/stories\/carta-pastoral-para-la-sanidad-de-haiti\/","url":"https:\/\/mwc-cmm.org\/es\/stories\/carta-pastoral-para-la-sanidad-de-haiti\/","name":"Carta pastoral para la sanidad de Haiti - Mennonite World Conference","isPartOf":{"@id":"https:\/\/mwc-cmm.org\/en\/#website"},"primaryImageOfPage":{"@id":"https:\/\/mwc-cmm.org\/es\/stories\/carta-pastoral-para-la-sanidad-de-haiti\/#primaryimage"},"image":{"@id":"https:\/\/mwc-cmm.org\/es\/stories\/carta-pastoral-para-la-sanidad-de-haiti\/#primaryimage"},"thumbnailUrl":"https:\/\/mwc-cmm.org\/wp-content\/uploads\/2024\/11\/50119954273_77a70dbfab_c.jpg","datePublished":"2021-10-22T00:00:00+00:00","dateModified":"2024-12-10T18:03:54+00:00","breadcrumb":{"@id":"https:\/\/mwc-cmm.org\/es\/stories\/carta-pastoral-para-la-sanidad-de-haiti\/#breadcrumb"},"inLanguage":"es","potentialAction":[{"@type":"ReadAction","target":["https:\/\/mwc-cmm.org\/es\/stories\/carta-pastoral-para-la-sanidad-de-haiti\/"]}]},{"@type":"ImageObject","inLanguage":"es","@id":"https:\/\/mwc-cmm.org\/es\/stories\/carta-pastoral-para-la-sanidad-de-haiti\/#primaryimage","url":"https:\/\/mwc-cmm.org\/wp-content\/uploads\/2024\/11\/50119954273_77a70dbfab_c.jpg","contentUrl":"https:\/\/mwc-cmm.org\/wp-content\/uploads\/2024\/11\/50119954273_77a70dbfab_c.jpg","width":799,"height":600},{"@type":"BreadcrumbList","@id":"https:\/\/mwc-cmm.org\/es\/stories\/carta-pastoral-para-la-sanidad-de-haiti\/#breadcrumb","itemListElement":[{"@type":"ListItem","position":1,"name":"Home","item":"https:\/\/mwc-cmm.org\/es\/"},{"@type":"ListItem","position":2,"name":"Carta pastoral para la sanidad de Haiti"}]},{"@type":"WebSite","@id":"https:\/\/mwc-cmm.org\/en\/#website","url":"https:\/\/mwc-cmm.org\/en\/","name":"Mennonite World Conference","description":"A communion of Anabaptist-related churches","publisher":{"@id":"https:\/\/mwc-cmm.org\/en\/#organization"},"alternateName":"MWC","potentialAction":[{"@type":"SearchAction","target":{"@type":"EntryPoint","urlTemplate":"https:\/\/mwc-cmm.org\/en\/?s={search_term_string}"},"query-input":{"@type":"PropertyValueSpecification","valueRequired":true,"valueName":"search_term_string"}}],"inLanguage":"es"},{"@type":"Organization","@id":"https:\/\/mwc-cmm.org\/en\/#organization","name":"Mennonite World Conference","alternateName":"MWC","url":"https:\/\/mwc-cmm.org\/en\/","logo":{"@type":"ImageObject","inLanguage":"es","@id":"https:\/\/mwc-cmm.org\/en\/#\/schema\/logo\/image\/","url":"https:\/\/mwc-cmm.org\/wp-content\/uploads\/2026\/01\/MWC_Sig_Blue_Horiz_webheader1-logo.svg","contentUrl":"https:\/\/mwc-cmm.org\/wp-content\/uploads\/2026\/01\/MWC_Sig_Blue_Horiz_webheader1-logo.svg","width":786,"height":82,"caption":"Mennonite World Conference"},"image":{"@id":"https:\/\/mwc-cmm.org\/en\/#\/schema\/logo\/image\/"},"sameAs":["https:\/\/www.facebook.com\/MennoniteWorldConference","https:\/\/www.linkedin.com\/company\/mennonite-world-conference-mwc\/","https:\/\/www.instagram.com\/mwcmm\/","https:\/\/www.youtube.com\/user\/mwccmm","https:\/\/bsky.app\/profile\/mwcmm.bsky.social"]},{"@type":"Person","@id":"https:\/\/mwc-cmm.org\/en\/#\/schema\/person\/11f6ae0d7d1868ba20a1cc27f067c836","name":"mennworldcon","image":{"@type":"ImageObject","inLanguage":"es","@id":"https:\/\/secure.gravatar.com\/avatar\/06fdc0dc81c157dfdb82ec42f252178a22307808988d22c043f9eb96f1e0fe80?s=96&d=mm&r=g","url":"https:\/\/secure.gravatar.com\/avatar\/06fdc0dc81c157dfdb82ec42f252178a22307808988d22c043f9eb96f1e0fe80?s=96&d=mm&r=g","contentUrl":"https:\/\/secure.gravatar.com\/avatar\/06fdc0dc81c157dfdb82ec42f252178a22307808988d22c043f9eb96f1e0fe80?s=96&d=mm&r=g","caption":"mennworldcon"},"sameAs":["https:\/\/mwc-cmm.org"],"url":"https:\/\/mwc-cmm.org\/es\/stories\/author\/mennworldcon\/"}]}},"_links":{"self":[{"href":"https:\/\/mwc-cmm.org\/es\/wp-json\/wp\/v2\/posts\/9143","targetHints":{"allow":["GET"]}}],"collection":[{"href":"https:\/\/mwc-cmm.org\/es\/wp-json\/wp\/v2\/posts"}],"about":[{"href":"https:\/\/mwc-cmm.org\/es\/wp-json\/wp\/v2\/types\/post"}],"author":[{"embeddable":true,"href":"https:\/\/mwc-cmm.org\/es\/wp-json\/wp\/v2\/users\/1"}],"replies":[{"embeddable":true,"href":"https:\/\/mwc-cmm.org\/es\/wp-json\/wp\/v2\/comments?post=9143"}],"version-history":[{"count":0,"href":"https:\/\/mwc-cmm.org\/es\/wp-json\/wp\/v2\/posts\/9143\/revisions"}],"wp:featuredmedia":[{"embeddable":true,"href":"https:\/\/mwc-cmm.org\/es\/wp-json\/wp\/v2\/media\/94154"}],"wp:attachment":[{"href":"https:\/\/mwc-cmm.org\/es\/wp-json\/wp\/v2\/media?parent=9143"}],"wp:term":[{"taxonomy":"category","embeddable":true,"href":"https:\/\/mwc-cmm.org\/es\/wp-json\/wp\/v2\/categories?post=9143"},{"taxonomy":"post_tag","embeddable":true,"href":"https:\/\/mwc-cmm.org\/es\/wp-json\/wp\/v2\/tags?post=9143"},{"taxonomy":"network","embeddable":true,"href":"https:\/\/mwc-cmm.org\/es\/wp-json\/wp\/v2\/network?post=9143"},{"taxonomy":"eventcategory","embeddable":true,"href":"https:\/\/mwc-cmm.org\/es\/wp-json\/wp\/v2\/eventcategory?post=9143"}],"curies":[{"name":"wp","href":"https:\/\/api.w.org\/{rel}","templated":true}]}}