{"id":9135,"date":"2021-09-15T00:00:00","date_gmt":"2021-09-15T00:00:00","guid":{"rendered":"https:\/\/mwc-cmm.org\/safe-space-in-light-of-covid-19-3\/"},"modified":"2024-12-10T18:03:51","modified_gmt":"2024-12-10T18:03:51","slug":"un-espacio-seguro-la-luz-del-covid-19","status":"publish","type":"post","link":"https:\/\/mwc-cmm.org\/es\/stories\/un-espacio-seguro-la-luz-del-covid-19\/","title":{"rendered":"Un espacio seguro a la luz del COVID-19"},"content":{"rendered":"<p><em>*Estas sugerencias provienen de una pastora norteamericana; en otros contextos culturales probablemente existan variaciones en las pr\u00e1cticas. Vea a continuaci\u00f3n los comentarios de diferentes partes del mundo. <\/em><\/p>\n<hr>\n<p>En una fr\u00eda noche invernal a mediados de febrero, hace aproximadamente una d\u00e9cada, coloqu\u00e9 cinco sillas alrededor de la mesa para la reuni\u00f3n de nuestro comit\u00e9. Una persona entr\u00f3 con aspecto desdichado; se son\u00f3 la nariz y estornud\u00f3 durante toda la reuni\u00f3n. Ten\u00eda ganas de apartar la silla, pero no quer\u00eda ser descort\u00e9s. Al final de la reuni\u00f3n ella dijo: \u201cPens\u00e9 en no venir porque tengo un resfriado terrible, pero fue dif\u00edcil programar esta reuni\u00f3n\u201d.<\/p>\n<p>A los dos d\u00edas me enferm\u00e9 mucho y otra persona que se encontraba ah\u00ed tambi\u00e9n. Los dos tuvimos que pedir tiempo libre en el trabajo.<\/p>\n<p>Ojal\u00e1 la mujer enferma hubiese llamado por tel\u00e9fono o enviado un correo electr\u00f3nico diciendo, \u201cEstoy resfriada, \u00bfigual quieren que vaya?\u201d Podr\u00edamos haber tomado la decisi\u00f3n juntos. En cambio, no se nos dio una opci\u00f3n; no dimos nuestro consentimiento en poner nuestra salud en riesgo.<\/p>\n<p>\u00bfC\u00f3mo creamos juntos espacios seguros y saludables? Muchas iglesias piensan en la seguridad en relaci\u00f3n al abuso sexual y han trabajado en pol\u00edticas de espacios seguros en ese contexto. \u00bfQu\u00e9 significa un espacio seguro a la luz del COVID-19?<\/p>\n<h3>Una cultura de consentimiento<\/h3>\n<p>Cuando las sanciones de distanciamiento f\u00edsico impuestas por el gobierno se levanten y las iglesias comiencen a reunirse en persona nuevamente, nuestras comunidades deber\u00e1n negociar l\u00edmites para la salud. No sabremos qui\u00e9n se ha vacunado y qui\u00e9n no, o cu\u00e1les podr\u00edan ser las afecciones subyacentes de las personas. No sabremos qui\u00e9n quiere mantener el distanciamiento f\u00edsico.<\/p>\n<p>Con las pol\u00edticas de espacio seguro existentes, algunas iglesias han cultivado una \u201c<strong>cultura de consentimiento<\/strong>\u201d sobre el contacto f\u00edsico. En lugar de asumir que todos quieren un abrazo, antes de tocar a la persona se puede preguntar. Al preguntar y dar permiso significa que todos se sienten respetados y seguros.<\/p>\n<p>\u00bfC\u00f3mo pueden el respeto y la comunicaci\u00f3n cuidadosa ayudarnos a negociar los l\u00edmites de los dem\u00e1s en torno a la salud?<\/p>\n<p>En entornos de grupos grandes, la iglesia puede imponer reglas: \u201cTodos deben usar mascarilla cuando estamos todos juntos en el culto de adoraci\u00f3n\u201d.<\/p>\n<p>Pero si en las reuniones de grupos peque\u00f1os y en las reuniones sociales hacemos suposiciones, pueden resultar inc\u00f3modas.<\/p>\n<p>Es importante<strong> hacer preguntas.<\/strong> \u201c\u00bfEst\u00e1 observando el distanciamiento social o le puedo dar la mano?\u201d \u201c\u00bfPodemos tener la reuni\u00f3n del consejo de forma virtual o preferir\u00eda que la reuni\u00f3n fuese en persona?\u201d<\/p>\n<p>Podr\u00edamos desarrollar el h\u00e1bito de consultar primero antes de reunirnos, para evaluar c\u00f3mo interactuamos.<\/p>\n<p>La forma en la que <strong>formulamos las cosas<\/strong> importa. Si digo, \u201c\u00bfPuedo abrazarte?\u201d puede ser socialmente inc\u00f3modo responder, \u201cNo, no quiero un abrazo\u201d. Es por eso que formular una pregunta en la que todas las opciones est\u00e1n bien es una pr\u00e1ctica recomendada: a decir, \u201c\u00bfEst\u00e1 bien darnos la mano o preferir\u00eda un abrazo?\u201d<\/p>\n<h3>Respetando las decisiones<\/h3>\n<p>La cultura de consentimiento no se trata de explicar por qu\u00e9; se trata de respetar las decisiones.<\/p>\n<p>Si alguien no quiere un abrazo, no le preguntamos: \u201c\u00bfPor qu\u00e9 no quiere que lo abrace?\u201d Eso ser\u00eda indiscreto.<\/p>\n<p>Del mismo modo, no debemos esperar que las personas divulguen su estado de salud y sus opciones. Es indiscreto preguntar si alguien est\u00e1 vacunado o por qu\u00e9 no puede o no quiere.<\/p>\n<p>Si las personas desean el distanciamiento social o usar mascarillas, deber\u00edamos ofrecer eso sin juzgar. No sabemos por qu\u00e9; simplemente cumplimos por respeto.<\/p>\n<p>Muchas personas est\u00e1n cansadas y frustradas por la pandemia y quieren que la vida vuelva a la normalidad. Otros viven con riesgos de salud continuos.<\/p>\n<p>\u00bfQu\u00e9 significa ser iglesia en esta realidad pand\u00e9mica? Exponer involuntariamente a otros a nuestros virus ser\u00e1 un obst\u00e1culo, que no solo pone en peligro su salud, sino que tambi\u00e9n significa que la comunidad no se siente segura para ellos.<\/p>\n<p>Crear espacios seguros es parte de ser iglesia, y eso incluye cultivar una cultura de consentimiento en la que hacemos buenas preguntas y hacemos un esfuerzo adicional para acomodar a todos.<\/p>\n<p><em>Carol Penner ense\u00f1a teolog\u00eda pr\u00e1ctica en Conrad Grebel University College, Waterloo, Ontario, Canada, y tiene un blog de recursos para el culto de adoraci\u00f3n en <\/em><a href=\"http:\/\/leadinginworship.com\" target=\"_blank\" rel=\"noopener\"><em>leadinginworship.com<\/em><\/a><em>. Este art\u00edculo apareci\u00f3 originalmente en la edici\u00f3n impresa del 24 de mayo de 2021 de <\/em>Canadian Mennonite<em>.<\/em><\/p>\n<table style=\"width:500px\">\n<tbody>\n<tr>\n<td>\n<p>En Colombia, las personas se gu\u00edan por el lenguaje corporal de los dem\u00e1s. Quiz\u00e1s la persona que prefiere m\u00e1s distancia tome la iniciativa para establecerla. Por ejemplo, extender el brazo con la mano en forma de pu\u00f1o para que el saludo sea el de dos brazos extendidos toc\u00e1ndose los nudillos. \u2014<em>Pablo Stucky, representante regional del CMM para Am\u00e9rica Latina \u2013 Regi\u00f3n Andina<\/em><\/p>\n<\/td>\n<\/tr>\n<\/tbody>\n<\/table>\n<p>&nbsp;<\/p>\n<table style=\"width:500px\">\n<tbody>\n<tr>\n<td>\n<p>En el <strong>sur de \u00c1frica<\/strong>, la gente practica <em>UBUNTU: Umuntu ngumuntu ngabantu<\/em> (una persona es una persona debido a otras personas). Hubo una protesta cuando supimos por primera vez en 2020 que no deber\u00edamos darnos la mano ni abrazarnos. Pero ahora, todo el mundo est\u00e1 acostumbrado a saludarse observando la distancia o simplemente saludarse con los codos.<br \/>\n\t\t\t<em>\u2014Barbara Nkala, representante regional del CMM, \u00c1frica del Sur<\/em><\/p>\n<\/td>\n<\/tr>\n<\/tbody>\n<\/table>\n<p>&nbsp;<\/p>\n<table style=\"width:500px\">\n<tbody>\n<tr>\n<td>\n<p>\u201cTodos juntos deben cuidar la seguridad y la comodidad de los dem\u00e1s para que la atm\u00f3sfera de la comunidad siga siendo c\u00e1lida y mutuamente beneficiosa. En la cultura oriental, que hace mucho \u00e9nfasis en los modales, a veces la franqueza en realidad duele y puede resultar inc\u00f3modo. Esta pandemia ha cambiado muchas cosas y ha hecho que las personas comprendan que deben mantener la distancia entre s\u00ed y reducir el contacto sin tener que ser indiferentes unos con ostros<em>.<br \/>\n\t\t\t\u2014Agus Mayanto, representante regional del CMM, Sudeste de Asia.<\/em><\/p>\n<\/td>\n<\/tr>\n<\/tbody>\n<\/table>\n","protected":false},"excerpt":{"rendered":"<p>*Estas sugerencias provienen de una pastora norteamericana; en otros contextos culturales probablemente existan variaciones en las pr\u00e1cticas. Vea a continuaci\u00f3n los comentarios de diferentes partes del mundo. En una fr\u00eda noche invernal a mediados de febrero, hace aproximadamente una d\u00e9cada, coloqu\u00e9 cinco sillas alrededor de la mesa para la reuni\u00f3n de nuestro comit\u00e9. Una persona [&hellip;]<\/p>\n","protected":false},"author":1,"featured_media":94028,"comment_status":"closed","ping_status":"closed","sticky":false,"template":"","format":"standard","meta":{"_acf_changed":false,"footnotes":""},"categories":[6],"tags":[],"network":[],"eventcategory":[],"class_list":["post-9135","post","type-post","status-publish","format-standard","has-post-thumbnail","hentry","category-sin-categorizar"],"acf":[],"yoast_head":"<!-- This site is optimized with the Yoast SEO plugin v27.5 - https:\/\/yoast.com\/product\/yoast-seo-wordpress\/ -->\n<title>Un espacio seguro a la luz del COVID-19 - Mennonite World Conference<\/title>\n<meta name=\"robots\" content=\"index, follow, max-snippet:-1, max-image-preview:large, max-video-preview:-1\" \/>\n<link rel=\"canonical\" href=\"https:\/\/mwc-cmm.org\/en\/stories\/safe-space-in-light-of-covid-19-2\/\" \/>\n<meta property=\"og:locale\" content=\"es_ES\" \/>\n<meta property=\"og:type\" content=\"article\" \/>\n<meta property=\"og:title\" content=\"Un espacio seguro a la luz del COVID-19 - Mennonite World Conference\" \/>\n<meta property=\"og:description\" content=\"*Estas sugerencias provienen de una pastora norteamericana; en otros contextos culturales probablemente existan variaciones en las pr\u00e1cticas. Vea a continuaci\u00f3n los comentarios de diferentes partes del mundo. En una fr\u00eda noche invernal a mediados de febrero, hace aproximadamente una d\u00e9cada, coloqu\u00e9 cinco sillas alrededor de la mesa para la reuni\u00f3n de nuestro comit\u00e9. Una persona [&hellip;]\" \/>\n<meta property=\"og:url\" content=\"https:\/\/mwc-cmm.org\/en\/stories\/safe-space-in-light-of-covid-19-2\/\" \/>\n<meta property=\"og:site_name\" content=\"Mennonite World Conference\" \/>\n<meta property=\"article:publisher\" content=\"https:\/\/www.facebook.com\/MennoniteWorldConference\" \/>\n<meta property=\"article:published_time\" content=\"2021-09-15T00:00:00+00:00\" \/>\n<meta property=\"article:modified_time\" content=\"2024-12-10T18:03:51+00:00\" \/>\n<meta property=\"og:image\" content=\"https:\/\/mwc-cmm.org\/wp-content\/uploads\/2024\/11\/20210915_lorenzofellycyano101633-cropped-scaled.jpeg\" \/>\n\t<meta property=\"og:image:width\" content=\"2560\" \/>\n\t<meta property=\"og:image:height\" content=\"1920\" \/>\n\t<meta property=\"og:image:type\" content=\"image\/jpeg\" \/>\n<meta name=\"author\" content=\"mennworldcon\" \/>\n<script type=\"application\/ld+json\" class=\"yoast-schema-graph\">{\"@context\":\"https:\\\/\\\/schema.org\",\"@graph\":[{\"@type\":\"Article\",\"@id\":\"https:\\\/\\\/mwc-cmm.org\\\/en\\\/stories\\\/safe-space-in-light-of-covid-19-2\\\/#article\",\"isPartOf\":{\"@id\":\"https:\\\/\\\/mwc-cmm.org\\\/en\\\/stories\\\/safe-space-in-light-of-covid-19-2\\\/\"},\"author\":{\"name\":\"mennworldcon\",\"@id\":\"https:\\\/\\\/mwc-cmm.org\\\/en\\\/#\\\/schema\\\/person\\\/11f6ae0d7d1868ba20a1cc27f067c836\"},\"headline\":\"Un espacio seguro a la luz del COVID-19\",\"datePublished\":\"2021-09-15T00:00:00+00:00\",\"dateModified\":\"2024-12-10T18:03:51+00:00\",\"mainEntityOfPage\":{\"@id\":\"https:\\\/\\\/mwc-cmm.org\\\/en\\\/stories\\\/safe-space-in-light-of-covid-19-2\\\/\"},\"wordCount\":1011,\"publisher\":{\"@id\":\"https:\\\/\\\/mwc-cmm.org\\\/en\\\/#organization\"},\"image\":{\"@id\":\"https:\\\/\\\/mwc-cmm.org\\\/en\\\/stories\\\/safe-space-in-light-of-covid-19-2\\\/#primaryimage\"},\"thumbnailUrl\":\"https:\\\/\\\/mwc-cmm.org\\\/wp-content\\\/uploads\\\/2024\\\/11\\\/20210915_lorenzofellycyano101633-cropped-scaled.jpeg\",\"articleSection\":[\"Sin categorizar\"],\"inLanguage\":\"es\"},{\"@type\":\"WebPage\",\"@id\":\"https:\\\/\\\/mwc-cmm.org\\\/en\\\/stories\\\/safe-space-in-light-of-covid-19-2\\\/\",\"url\":\"https:\\\/\\\/mwc-cmm.org\\\/en\\\/stories\\\/safe-space-in-light-of-covid-19-2\\\/\",\"name\":\"Un espacio seguro a la luz del COVID-19 - Mennonite World Conference\",\"isPartOf\":{\"@id\":\"https:\\\/\\\/mwc-cmm.org\\\/en\\\/#website\"},\"primaryImageOfPage\":{\"@id\":\"https:\\\/\\\/mwc-cmm.org\\\/en\\\/stories\\\/safe-space-in-light-of-covid-19-2\\\/#primaryimage\"},\"image\":{\"@id\":\"https:\\\/\\\/mwc-cmm.org\\\/en\\\/stories\\\/safe-space-in-light-of-covid-19-2\\\/#primaryimage\"},\"thumbnailUrl\":\"https:\\\/\\\/mwc-cmm.org\\\/wp-content\\\/uploads\\\/2024\\\/11\\\/20210915_lorenzofellycyano101633-cropped-scaled.jpeg\",\"datePublished\":\"2021-09-15T00:00:00+00:00\",\"dateModified\":\"2024-12-10T18:03:51+00:00\",\"breadcrumb\":{\"@id\":\"https:\\\/\\\/mwc-cmm.org\\\/en\\\/stories\\\/safe-space-in-light-of-covid-19-2\\\/#breadcrumb\"},\"inLanguage\":\"es\",\"potentialAction\":[{\"@type\":\"ReadAction\",\"target\":[\"https:\\\/\\\/mwc-cmm.org\\\/en\\\/stories\\\/safe-space-in-light-of-covid-19-2\\\/\"]}]},{\"@type\":\"ImageObject\",\"inLanguage\":\"es\",\"@id\":\"https:\\\/\\\/mwc-cmm.org\\\/en\\\/stories\\\/safe-space-in-light-of-covid-19-2\\\/#primaryimage\",\"url\":\"https:\\\/\\\/mwc-cmm.org\\\/wp-content\\\/uploads\\\/2024\\\/11\\\/20210915_lorenzofellycyano101633-cropped-scaled.jpeg\",\"contentUrl\":\"https:\\\/\\\/mwc-cmm.org\\\/wp-content\\\/uploads\\\/2024\\\/11\\\/20210915_lorenzofellycyano101633-cropped-scaled.jpeg\",\"width\":2560,\"height\":1920},{\"@type\":\"BreadcrumbList\",\"@id\":\"https:\\\/\\\/mwc-cmm.org\\\/en\\\/stories\\\/safe-space-in-light-of-covid-19-2\\\/#breadcrumb\",\"itemListElement\":[{\"@type\":\"ListItem\",\"position\":1,\"name\":\"Home\",\"item\":\"https:\\\/\\\/mwc-cmm.org\\\/es\\\/\"},{\"@type\":\"ListItem\",\"position\":2,\"name\":\"Un espacio seguro a la luz del COVID-19\"}]},{\"@type\":\"WebSite\",\"@id\":\"https:\\\/\\\/mwc-cmm.org\\\/en\\\/#website\",\"url\":\"https:\\\/\\\/mwc-cmm.org\\\/en\\\/\",\"name\":\"Mennonite World Conference\",\"description\":\"A communion of Anabaptist-related churches\",\"publisher\":{\"@id\":\"https:\\\/\\\/mwc-cmm.org\\\/en\\\/#organization\"},\"alternateName\":\"MWC\",\"potentialAction\":[{\"@type\":\"SearchAction\",\"target\":{\"@type\":\"EntryPoint\",\"urlTemplate\":\"https:\\\/\\\/mwc-cmm.org\\\/en\\\/?s={search_term_string}\"},\"query-input\":{\"@type\":\"PropertyValueSpecification\",\"valueRequired\":true,\"valueName\":\"search_term_string\"}}],\"inLanguage\":\"es\"},{\"@type\":\"Organization\",\"@id\":\"https:\\\/\\\/mwc-cmm.org\\\/en\\\/#organization\",\"name\":\"Mennonite World Conference\",\"alternateName\":\"MWC\",\"url\":\"https:\\\/\\\/mwc-cmm.org\\\/en\\\/\",\"logo\":{\"@type\":\"ImageObject\",\"inLanguage\":\"es\",\"@id\":\"https:\\\/\\\/mwc-cmm.org\\\/en\\\/#\\\/schema\\\/logo\\\/image\\\/\",\"url\":\"https:\\\/\\\/mwc-cmm.org\\\/wp-content\\\/uploads\\\/2026\\\/01\\\/MWC_Sig_Blue_Horiz_webheader1-logo.svg\",\"contentUrl\":\"https:\\\/\\\/mwc-cmm.org\\\/wp-content\\\/uploads\\\/2026\\\/01\\\/MWC_Sig_Blue_Horiz_webheader1-logo.svg\",\"width\":786,\"height\":82,\"caption\":\"Mennonite World Conference\"},\"image\":{\"@id\":\"https:\\\/\\\/mwc-cmm.org\\\/en\\\/#\\\/schema\\\/logo\\\/image\\\/\"},\"sameAs\":[\"https:\\\/\\\/www.facebook.com\\\/MennoniteWorldConference\",\"https:\\\/\\\/www.linkedin.com\\\/company\\\/mennonite-world-conference-mwc\\\/\",\"https:\\\/\\\/www.instagram.com\\\/mwcmm\\\/\",\"https:\\\/\\\/www.youtube.com\\\/user\\\/mwccmm\",\"https:\\\/\\\/bsky.app\\\/profile\\\/mwcmm.bsky.social\"]},{\"@type\":\"Person\",\"@id\":\"https:\\\/\\\/mwc-cmm.org\\\/en\\\/#\\\/schema\\\/person\\\/11f6ae0d7d1868ba20a1cc27f067c836\",\"name\":\"mennworldcon\",\"image\":{\"@type\":\"ImageObject\",\"inLanguage\":\"es\",\"@id\":\"https:\\\/\\\/secure.gravatar.com\\\/avatar\\\/06fdc0dc81c157dfdb82ec42f252178a22307808988d22c043f9eb96f1e0fe80?s=96&d=mm&r=g\",\"url\":\"https:\\\/\\\/secure.gravatar.com\\\/avatar\\\/06fdc0dc81c157dfdb82ec42f252178a22307808988d22c043f9eb96f1e0fe80?s=96&d=mm&r=g\",\"contentUrl\":\"https:\\\/\\\/secure.gravatar.com\\\/avatar\\\/06fdc0dc81c157dfdb82ec42f252178a22307808988d22c043f9eb96f1e0fe80?s=96&d=mm&r=g\",\"caption\":\"mennworldcon\"},\"sameAs\":[\"https:\\\/\\\/mwc-cmm.org\"],\"url\":\"https:\\\/\\\/mwc-cmm.org\\\/es\\\/stories\\\/author\\\/mennworldcon\\\/\"}]}<\/script>\n<!-- \/ Yoast SEO plugin. -->","yoast_head_json":{"title":"Un espacio seguro a la luz del COVID-19 - Mennonite World Conference","robots":{"index":"index","follow":"follow","max-snippet":"max-snippet:-1","max-image-preview":"max-image-preview:large","max-video-preview":"max-video-preview:-1"},"canonical":"https:\/\/mwc-cmm.org\/en\/stories\/safe-space-in-light-of-covid-19-2\/","og_locale":"es_ES","og_type":"article","og_title":"Un espacio seguro a la luz del COVID-19 - Mennonite World Conference","og_description":"*Estas sugerencias provienen de una pastora norteamericana; en otros contextos culturales probablemente existan variaciones en las pr\u00e1cticas. Vea a continuaci\u00f3n los comentarios de diferentes partes del mundo. En una fr\u00eda noche invernal a mediados de febrero, hace aproximadamente una d\u00e9cada, coloqu\u00e9 cinco sillas alrededor de la mesa para la reuni\u00f3n de nuestro comit\u00e9. Una persona [&hellip;]","og_url":"https:\/\/mwc-cmm.org\/en\/stories\/safe-space-in-light-of-covid-19-2\/","og_site_name":"Mennonite World Conference","article_publisher":"https:\/\/www.facebook.com\/MennoniteWorldConference","article_published_time":"2021-09-15T00:00:00+00:00","article_modified_time":"2024-12-10T18:03:51+00:00","og_image":[{"width":2560,"height":1920,"url":"https:\/\/mwc-cmm.org\/wp-content\/uploads\/2024\/11\/20210915_lorenzofellycyano101633-cropped-scaled.jpeg","type":"image\/jpeg"}],"author":"mennworldcon","schema":{"@context":"https:\/\/schema.org","@graph":[{"@type":"Article","@id":"https:\/\/mwc-cmm.org\/en\/stories\/safe-space-in-light-of-covid-19-2\/#article","isPartOf":{"@id":"https:\/\/mwc-cmm.org\/en\/stories\/safe-space-in-light-of-covid-19-2\/"},"author":{"name":"mennworldcon","@id":"https:\/\/mwc-cmm.org\/en\/#\/schema\/person\/11f6ae0d7d1868ba20a1cc27f067c836"},"headline":"Un espacio seguro a la luz del COVID-19","datePublished":"2021-09-15T00:00:00+00:00","dateModified":"2024-12-10T18:03:51+00:00","mainEntityOfPage":{"@id":"https:\/\/mwc-cmm.org\/en\/stories\/safe-space-in-light-of-covid-19-2\/"},"wordCount":1011,"publisher":{"@id":"https:\/\/mwc-cmm.org\/en\/#organization"},"image":{"@id":"https:\/\/mwc-cmm.org\/en\/stories\/safe-space-in-light-of-covid-19-2\/#primaryimage"},"thumbnailUrl":"https:\/\/mwc-cmm.org\/wp-content\/uploads\/2024\/11\/20210915_lorenzofellycyano101633-cropped-scaled.jpeg","articleSection":["Sin categorizar"],"inLanguage":"es"},{"@type":"WebPage","@id":"https:\/\/mwc-cmm.org\/en\/stories\/safe-space-in-light-of-covid-19-2\/","url":"https:\/\/mwc-cmm.org\/en\/stories\/safe-space-in-light-of-covid-19-2\/","name":"Un espacio seguro a la luz del COVID-19 - Mennonite World Conference","isPartOf":{"@id":"https:\/\/mwc-cmm.org\/en\/#website"},"primaryImageOfPage":{"@id":"https:\/\/mwc-cmm.org\/en\/stories\/safe-space-in-light-of-covid-19-2\/#primaryimage"},"image":{"@id":"https:\/\/mwc-cmm.org\/en\/stories\/safe-space-in-light-of-covid-19-2\/#primaryimage"},"thumbnailUrl":"https:\/\/mwc-cmm.org\/wp-content\/uploads\/2024\/11\/20210915_lorenzofellycyano101633-cropped-scaled.jpeg","datePublished":"2021-09-15T00:00:00+00:00","dateModified":"2024-12-10T18:03:51+00:00","breadcrumb":{"@id":"https:\/\/mwc-cmm.org\/en\/stories\/safe-space-in-light-of-covid-19-2\/#breadcrumb"},"inLanguage":"es","potentialAction":[{"@type":"ReadAction","target":["https:\/\/mwc-cmm.org\/en\/stories\/safe-space-in-light-of-covid-19-2\/"]}]},{"@type":"ImageObject","inLanguage":"es","@id":"https:\/\/mwc-cmm.org\/en\/stories\/safe-space-in-light-of-covid-19-2\/#primaryimage","url":"https:\/\/mwc-cmm.org\/wp-content\/uploads\/2024\/11\/20210915_lorenzofellycyano101633-cropped-scaled.jpeg","contentUrl":"https:\/\/mwc-cmm.org\/wp-content\/uploads\/2024\/11\/20210915_lorenzofellycyano101633-cropped-scaled.jpeg","width":2560,"height":1920},{"@type":"BreadcrumbList","@id":"https:\/\/mwc-cmm.org\/en\/stories\/safe-space-in-light-of-covid-19-2\/#breadcrumb","itemListElement":[{"@type":"ListItem","position":1,"name":"Home","item":"https:\/\/mwc-cmm.org\/es\/"},{"@type":"ListItem","position":2,"name":"Un espacio seguro a la luz del COVID-19"}]},{"@type":"WebSite","@id":"https:\/\/mwc-cmm.org\/en\/#website","url":"https:\/\/mwc-cmm.org\/en\/","name":"Mennonite World Conference","description":"A communion of Anabaptist-related churches","publisher":{"@id":"https:\/\/mwc-cmm.org\/en\/#organization"},"alternateName":"MWC","potentialAction":[{"@type":"SearchAction","target":{"@type":"EntryPoint","urlTemplate":"https:\/\/mwc-cmm.org\/en\/?s={search_term_string}"},"query-input":{"@type":"PropertyValueSpecification","valueRequired":true,"valueName":"search_term_string"}}],"inLanguage":"es"},{"@type":"Organization","@id":"https:\/\/mwc-cmm.org\/en\/#organization","name":"Mennonite World Conference","alternateName":"MWC","url":"https:\/\/mwc-cmm.org\/en\/","logo":{"@type":"ImageObject","inLanguage":"es","@id":"https:\/\/mwc-cmm.org\/en\/#\/schema\/logo\/image\/","url":"https:\/\/mwc-cmm.org\/wp-content\/uploads\/2026\/01\/MWC_Sig_Blue_Horiz_webheader1-logo.svg","contentUrl":"https:\/\/mwc-cmm.org\/wp-content\/uploads\/2026\/01\/MWC_Sig_Blue_Horiz_webheader1-logo.svg","width":786,"height":82,"caption":"Mennonite World Conference"},"image":{"@id":"https:\/\/mwc-cmm.org\/en\/#\/schema\/logo\/image\/"},"sameAs":["https:\/\/www.facebook.com\/MennoniteWorldConference","https:\/\/www.linkedin.com\/company\/mennonite-world-conference-mwc\/","https:\/\/www.instagram.com\/mwcmm\/","https:\/\/www.youtube.com\/user\/mwccmm","https:\/\/bsky.app\/profile\/mwcmm.bsky.social"]},{"@type":"Person","@id":"https:\/\/mwc-cmm.org\/en\/#\/schema\/person\/11f6ae0d7d1868ba20a1cc27f067c836","name":"mennworldcon","image":{"@type":"ImageObject","inLanguage":"es","@id":"https:\/\/secure.gravatar.com\/avatar\/06fdc0dc81c157dfdb82ec42f252178a22307808988d22c043f9eb96f1e0fe80?s=96&d=mm&r=g","url":"https:\/\/secure.gravatar.com\/avatar\/06fdc0dc81c157dfdb82ec42f252178a22307808988d22c043f9eb96f1e0fe80?s=96&d=mm&r=g","contentUrl":"https:\/\/secure.gravatar.com\/avatar\/06fdc0dc81c157dfdb82ec42f252178a22307808988d22c043f9eb96f1e0fe80?s=96&d=mm&r=g","caption":"mennworldcon"},"sameAs":["https:\/\/mwc-cmm.org"],"url":"https:\/\/mwc-cmm.org\/es\/stories\/author\/mennworldcon\/"}]}},"_links":{"self":[{"href":"https:\/\/mwc-cmm.org\/es\/wp-json\/wp\/v2\/posts\/9135","targetHints":{"allow":["GET"]}}],"collection":[{"href":"https:\/\/mwc-cmm.org\/es\/wp-json\/wp\/v2\/posts"}],"about":[{"href":"https:\/\/mwc-cmm.org\/es\/wp-json\/wp\/v2\/types\/post"}],"author":[{"embeddable":true,"href":"https:\/\/mwc-cmm.org\/es\/wp-json\/wp\/v2\/users\/1"}],"replies":[{"embeddable":true,"href":"https:\/\/mwc-cmm.org\/es\/wp-json\/wp\/v2\/comments?post=9135"}],"version-history":[{"count":0,"href":"https:\/\/mwc-cmm.org\/es\/wp-json\/wp\/v2\/posts\/9135\/revisions"}],"wp:featuredmedia":[{"embeddable":true,"href":"https:\/\/mwc-cmm.org\/es\/wp-json\/wp\/v2\/media\/94028"}],"wp:attachment":[{"href":"https:\/\/mwc-cmm.org\/es\/wp-json\/wp\/v2\/media?parent=9135"}],"wp:term":[{"taxonomy":"category","embeddable":true,"href":"https:\/\/mwc-cmm.org\/es\/wp-json\/wp\/v2\/categories?post=9135"},{"taxonomy":"post_tag","embeddable":true,"href":"https:\/\/mwc-cmm.org\/es\/wp-json\/wp\/v2\/tags?post=9135"},{"taxonomy":"network","embeddable":true,"href":"https:\/\/mwc-cmm.org\/es\/wp-json\/wp\/v2\/network?post=9135"},{"taxonomy":"eventcategory","embeddable":true,"href":"https:\/\/mwc-cmm.org\/es\/wp-json\/wp\/v2\/eventcategory?post=9135"}],"curies":[{"name":"wp","href":"https:\/\/api.w.org\/{rel}","templated":true}]}}