{"id":9134,"date":"2021-09-09T00:00:00","date_gmt":"2021-09-09T00:00:00","guid":{"rendered":"https:\/\/mwc-cmm.org\/ubiquese-place-yourself-webinar-3\/"},"modified":"2024-12-10T18:03:51","modified_gmt":"2024-12-10T18:03:51","slug":"seminario-web-ubiquese","status":"publish","type":"post","link":"https:\/\/mwc-cmm.org\/es\/stories\/seminario-web-ubiquese\/","title":{"rendered":"Seminario web \u201c\u00a1Ub\u00edquese!\u201d"},"content":{"rendered":"<h2><strong>Red Mundial Anabautista de Paz (GAPN)<\/strong><\/h2>\n<h3><strong>12 Octubre 2021 &#8212; 14:00 (UTC)<\/strong><\/h3>\n<table border=\"1\" cellpadding=\"2\" cellspacing=\"2\" style=\"width:300px;\">\n<tbody>\n<tr>\n<td><a href=\"https:\/\/mwc-cmm.org\/form\/gapn-ub%C3%ADquese-webinar-registration\">Inscr\u00edbase aqu\u00ed para \u201c\u00a1Ub\u00edquese!\u201d<\/a><\/td>\n<\/tr>\n<\/tbody>\n<\/table>\n<p>En el marco del Domingo de Paz, la emergente <strong>Red Mundial Anabautista de Paz (GAPN)<\/strong> est\u00e1 promoviendo un seminario web de dos horas <em>\u201c\u00a1Ub\u00edquese! (Place yourself)<\/em>\u201d a llevarse a cabo el 12 de octubre de 2021.&nbsp;<\/p>\n<p>El t\u00edtulo del seminario web \u2013 <em>\u201cUb\u00edquese\u201d<\/em> en espa\u00f1ol, que puede traducirse aproximadamente como \u201c<em>place yourself\u201d<\/em> en ingl\u00e9s \u2013 sugiere la importancia de repensar y reubicar nuestro testimonio de paz dentro de \u201clos tiempos del COVID\u201d y en contextos relacionados con la injusticia pasada o presente. Este t\u00e9rmino tambi\u00e9n indica la necesidad de arraigarnos con el valor de ser testigos de paz.<\/p>\n<p>Para esta ocasi\u00f3n, invitamos a las voces activas en el testimonio de paz en Canad\u00e1 y Colombia a reflexionar con nosotros sobre lo que significa ser solidario; caminar con personas y comunidades vulnerables en estos dos contextos.&nbsp;<\/p>\n<ul>\n<li>En el caso de Canad\u00e1, la atenci\u00f3n se centrar\u00e1 en las discusiones sobre <a href=\"\/es\/irs-prayer\">las injusticias pasadas y presentes cometidas contra los pueblos y comunidades ind\u00edgenas<\/a>.<\/li>\n<li>En el caso de Colombia, el objetivo es centrarse en el <a href=\"\/node\/3996\">contexto posterior al acuerdo de paz<\/a>, su implementaci\u00f3n y las recientes protestas nacionales que han puesto de relieve casos de brutalidad policial.<\/li>\n<\/ul>\n<p>We hope this input (including the challenges, dilemmas, examples of peace witness and signs of hope) will invite each participant to reflect on and engage in the conversation from their own realities.<\/p>\n<p>Esperamos que este aporte (incluidos los desaf\u00edos, dilemas, ejemplos de testimonios de paz y se\u00f1ales de esperanza) invite a cada participante a reflexionar y participar en la conversaci\u00f3n desde sus propias realidades.&nbsp;<\/p>\n<p>Los objetivos de este seminario web son:&nbsp;<\/p>\n<ol>\n<li>servir como un espacio para que las personas y las organizaciones de paz anabautista-menonitas se re\u00fanan e interact\u00faen, uno de los objetivos clave de la emergente GAPN;&nbsp;<\/li>\n<li>ofrecer un espacio en el que podamos reflexionar m\u00e1s profundamente sobre lo que significa caminar en solidaridad o compa\u00f1erismo con comunidades y organizaciones en diferentes contextos y realidades, mientras buscamos construir la paz; y&nbsp;<\/li>\n<li>ser una oportunidad para conocer y compartir m\u00e1s sobre GAPN, nuestros pr\u00f3ximos pasos y nuestra primera reuni\u00f3n de GAPN el pr\u00f3ximo a\u00f1o en Indonesia (2022), en el marco de la Asamblea 17 del CMM.<\/li>\n<\/ol>\n<table style=\"width:300px\">\n<tbody>\n<tr>\n<td>\n<h3>Inscr\u00edbase aqu\u00ed para \u201c\u00a1Ub\u00edquese!\u201d<\/h3>\n<\/td>\n<\/tr>\n<\/tbody>\n<\/table>\n<p style=\"text-align:center\"><img decoding=\"async\" alt=\"\" data-src=\"https:\/\/mwc-cmm.org\/sites\/default\/files\/gapn-webinar-time-chart-sp.jpg\" src=\"data:image\/svg+xml;base64,PHN2ZyB3aWR0aD0iMSIgaGVpZ2h0PSIxIiB4bWxucz0iaHR0cDovL3d3dy53My5vcmcvMjAwMC9zdmciPjwvc3ZnPg==\" class=\"lazyload\" \/><\/p>\n<p>Si desea que su organizaci\u00f3n sea miembro de GAPN, favor de hacer clic a continuaci\u00f3n para descargar el formulario de solicitud.<\/p>\n<table style=\"width:300px\">\n<tbody>\n<tr>\n<td>\n<h3>GAPN<a href=\"\/es\/node\/4115\"> membership application<\/a><\/h3>\n<\/td>\n<\/tr>\n<\/tbody>\n<\/table>\n<h3>&nbsp;<\/h3>\n","protected":false},"excerpt":{"rendered":"<p>Red Mundial Anabautista de Paz (GAPN) 12 Octubre 2021 &#8212; 14:00 (UTC) Inscr\u00edbase aqu\u00ed para \u201c\u00a1Ub\u00edquese!\u201d En el marco del Domingo de Paz, la emergente Red Mundial Anabautista de Paz (GAPN) est\u00e1 promoviendo un seminario web de dos horas \u201c\u00a1Ub\u00edquese! (Place yourself)\u201d a llevarse a cabo el 12 de octubre de 2021.&nbsp; El t\u00edtulo del [&hellip;]<\/p>\n","protected":false},"author":1,"featured_media":94014,"comment_status":"closed","ping_status":"closed","sticky":false,"template":"","format":"standard","meta":{"_acf_changed":false,"footnotes":""},"categories":[6],"tags":[],"network":[1267],"eventcategory":[],"class_list":["post-9134","post","type-post","status-publish","format-standard","has-post-thumbnail","hentry","category-sin-categorizar","network-global-anabaptist-peace-network-es"],"acf":[],"yoast_head":"<!-- This site is optimized with the Yoast SEO plugin v27.2 - https:\/\/yoast.com\/product\/yoast-seo-wordpress\/ -->\n<title>Seminario web \u201c\u00a1Ub\u00edquese!\u201d - Mennonite World Conference<\/title>\n<meta name=\"robots\" content=\"index, follow, max-snippet:-1, max-image-preview:large, max-video-preview:-1\" \/>\n<link rel=\"canonical\" href=\"https:\/\/mwc-cmm.org\/en\/stories\/ubiquese-place-yourself-webinar-2\/\" \/>\n<meta property=\"og:locale\" content=\"es_ES\" \/>\n<meta property=\"og:type\" content=\"article\" \/>\n<meta property=\"og:title\" content=\"Seminario web \u201c\u00a1Ub\u00edquese!\u201d - Mennonite World Conference\" \/>\n<meta property=\"og:description\" content=\"Red Mundial Anabautista de Paz (GAPN) 12 Octubre 2021 &#8212; 14:00 (UTC) Inscr\u00edbase aqu\u00ed para \u201c\u00a1Ub\u00edquese!\u201d En el marco del Domingo de Paz, la emergente Red Mundial Anabautista de Paz (GAPN) est\u00e1 promoviendo un seminario web de dos horas \u201c\u00a1Ub\u00edquese! (Place yourself)\u201d a llevarse a cabo el 12 de octubre de 2021.&nbsp; El t\u00edtulo del [&hellip;]\" \/>\n<meta property=\"og:url\" content=\"https:\/\/mwc-cmm.org\/en\/stories\/ubiquese-place-yourself-webinar-2\/\" \/>\n<meta property=\"og:site_name\" content=\"Mennonite World Conference\" \/>\n<meta property=\"article:publisher\" content=\"https:\/\/www.facebook.com\/MennoniteWorldConference\" \/>\n<meta property=\"article:published_time\" content=\"2021-09-09T00:00:00+00:00\" \/>\n<meta property=\"article:modified_time\" content=\"2024-12-10T18:03:51+00:00\" \/>\n<meta property=\"og:image\" content=\"https:\/\/mwc-cmm.org\/wp-content\/uploads\/2024\/11\/2017annavogtpanypaz.jpg\" \/>\n\t<meta property=\"og:image:width\" content=\"2048\" \/>\n\t<meta property=\"og:image:height\" content=\"1365\" \/>\n\t<meta property=\"og:image:type\" content=\"image\/jpeg\" \/>\n<meta name=\"author\" content=\"mennworldcon\" \/>\n<script type=\"application\/ld+json\" class=\"yoast-schema-graph\">{\"@context\":\"https:\/\/schema.org\",\"@graph\":[{\"@type\":\"Article\",\"@id\":\"https:\/\/mwc-cmm.org\/en\/stories\/ubiquese-place-yourself-webinar-2\/#article\",\"isPartOf\":{\"@id\":\"https:\/\/mwc-cmm.org\/en\/stories\/ubiquese-place-yourself-webinar-2\/\"},\"author\":{\"name\":\"mennworldcon\",\"@id\":\"https:\/\/mwc-cmm.org\/en\/#\/schema\/person\/11f6ae0d7d1868ba20a1cc27f067c836\"},\"headline\":\"Seminario web \u201c\u00a1Ub\u00edquese!\u201d\",\"datePublished\":\"2021-09-09T00:00:00+00:00\",\"dateModified\":\"2024-12-10T18:03:51+00:00\",\"mainEntityOfPage\":{\"@id\":\"https:\/\/mwc-cmm.org\/en\/stories\/ubiquese-place-yourself-webinar-2\/\"},\"wordCount\":434,\"publisher\":{\"@id\":\"https:\/\/mwc-cmm.org\/en\/#organization\"},\"image\":{\"@id\":\"https:\/\/mwc-cmm.org\/en\/stories\/ubiquese-place-yourself-webinar-2\/#primaryimage\"},\"thumbnailUrl\":\"https:\/\/mwc-cmm.org\/wp-content\/uploads\/2024\/11\/2017annavogtpanypaz.jpg\",\"articleSection\":[\"Sin categorizar\"],\"inLanguage\":\"es\"},{\"@type\":\"WebPage\",\"@id\":\"https:\/\/mwc-cmm.org\/en\/stories\/ubiquese-place-yourself-webinar-2\/\",\"url\":\"https:\/\/mwc-cmm.org\/en\/stories\/ubiquese-place-yourself-webinar-2\/\",\"name\":\"Seminario web \u201c\u00a1Ub\u00edquese!\u201d - Mennonite World Conference\",\"isPartOf\":{\"@id\":\"https:\/\/mwc-cmm.org\/en\/#website\"},\"primaryImageOfPage\":{\"@id\":\"https:\/\/mwc-cmm.org\/en\/stories\/ubiquese-place-yourself-webinar-2\/#primaryimage\"},\"image\":{\"@id\":\"https:\/\/mwc-cmm.org\/en\/stories\/ubiquese-place-yourself-webinar-2\/#primaryimage\"},\"thumbnailUrl\":\"https:\/\/mwc-cmm.org\/wp-content\/uploads\/2024\/11\/2017annavogtpanypaz.jpg\",\"datePublished\":\"2021-09-09T00:00:00+00:00\",\"dateModified\":\"2024-12-10T18:03:51+00:00\",\"breadcrumb\":{\"@id\":\"https:\/\/mwc-cmm.org\/en\/stories\/ubiquese-place-yourself-webinar-2\/#breadcrumb\"},\"inLanguage\":\"es\",\"potentialAction\":[{\"@type\":\"ReadAction\",\"target\":[\"https:\/\/mwc-cmm.org\/en\/stories\/ubiquese-place-yourself-webinar-2\/\"]}]},{\"@type\":\"ImageObject\",\"inLanguage\":\"es\",\"@id\":\"https:\/\/mwc-cmm.org\/en\/stories\/ubiquese-place-yourself-webinar-2\/#primaryimage\",\"url\":\"https:\/\/mwc-cmm.org\/wp-content\/uploads\/2024\/11\/2017annavogtpanypaz.jpg\",\"contentUrl\":\"https:\/\/mwc-cmm.org\/wp-content\/uploads\/2024\/11\/2017annavogtpanypaz.jpg\",\"width\":2048,\"height\":1365},{\"@type\":\"BreadcrumbList\",\"@id\":\"https:\/\/mwc-cmm.org\/en\/stories\/ubiquese-place-yourself-webinar-2\/#breadcrumb\",\"itemListElement\":[{\"@type\":\"ListItem\",\"position\":1,\"name\":\"Home\",\"item\":\"https:\/\/mwc-cmm.org\/es\/\"},{\"@type\":\"ListItem\",\"position\":2,\"name\":\"Seminario web \u201c\u00a1Ub\u00edquese!\u201d\"}]},{\"@type\":\"WebSite\",\"@id\":\"https:\/\/mwc-cmm.org\/en\/#website\",\"url\":\"https:\/\/mwc-cmm.org\/en\/\",\"name\":\"Mennonite World Conference\",\"description\":\"A communion of Anabaptist-related churches\",\"publisher\":{\"@id\":\"https:\/\/mwc-cmm.org\/en\/#organization\"},\"alternateName\":\"MWC\",\"potentialAction\":[{\"@type\":\"SearchAction\",\"target\":{\"@type\":\"EntryPoint\",\"urlTemplate\":\"https:\/\/mwc-cmm.org\/en\/?s={search_term_string}\"},\"query-input\":{\"@type\":\"PropertyValueSpecification\",\"valueRequired\":true,\"valueName\":\"search_term_string\"}}],\"inLanguage\":\"es\"},{\"@type\":\"Organization\",\"@id\":\"https:\/\/mwc-cmm.org\/en\/#organization\",\"name\":\"Mennonite World Conference\",\"alternateName\":\"MWC\",\"url\":\"https:\/\/mwc-cmm.org\/en\/\",\"logo\":{\"@type\":\"ImageObject\",\"inLanguage\":\"es\",\"@id\":\"https:\/\/mwc-cmm.org\/en\/#\/schema\/logo\/image\/\",\"url\":\"https:\/\/mwc-cmm.org\/wp-content\/uploads\/2026\/01\/MWC_Sig_Blue_Horiz_webheader1-logo.svg\",\"contentUrl\":\"https:\/\/mwc-cmm.org\/wp-content\/uploads\/2026\/01\/MWC_Sig_Blue_Horiz_webheader1-logo.svg\",\"width\":786,\"height\":82,\"caption\":\"Mennonite World Conference\"},\"image\":{\"@id\":\"https:\/\/mwc-cmm.org\/en\/#\/schema\/logo\/image\/\"},\"sameAs\":[\"https:\/\/www.facebook.com\/MennoniteWorldConference\",\"https:\/\/www.linkedin.com\/company\/mennonite-world-conference-mwc\/\",\"https:\/\/www.instagram.com\/mwcmm\/\",\"https:\/\/www.youtube.com\/user\/mwccmm\",\"https:\/\/bsky.app\/profile\/mwcmm.bsky.social\"]},{\"@type\":\"Person\",\"@id\":\"https:\/\/mwc-cmm.org\/en\/#\/schema\/person\/11f6ae0d7d1868ba20a1cc27f067c836\",\"name\":\"mennworldcon\",\"image\":{\"@type\":\"ImageObject\",\"inLanguage\":\"es\",\"@id\":\"https:\/\/secure.gravatar.com\/avatar\/06fdc0dc81c157dfdb82ec42f252178a22307808988d22c043f9eb96f1e0fe80?s=96&d=mm&r=g\",\"url\":\"https:\/\/secure.gravatar.com\/avatar\/06fdc0dc81c157dfdb82ec42f252178a22307808988d22c043f9eb96f1e0fe80?s=96&d=mm&r=g\",\"contentUrl\":\"https:\/\/secure.gravatar.com\/avatar\/06fdc0dc81c157dfdb82ec42f252178a22307808988d22c043f9eb96f1e0fe80?s=96&d=mm&r=g\",\"caption\":\"mennworldcon\"},\"sameAs\":[\"https:\/\/mwc-cmm.org\"],\"url\":\"https:\/\/mwc-cmm.org\/es\/stories\/author\/mennworldcon\/\"}]}<\/script>\n<!-- \/ Yoast SEO plugin. -->","yoast_head_json":{"title":"Seminario web \u201c\u00a1Ub\u00edquese!\u201d - Mennonite World Conference","robots":{"index":"index","follow":"follow","max-snippet":"max-snippet:-1","max-image-preview":"max-image-preview:large","max-video-preview":"max-video-preview:-1"},"canonical":"https:\/\/mwc-cmm.org\/en\/stories\/ubiquese-place-yourself-webinar-2\/","og_locale":"es_ES","og_type":"article","og_title":"Seminario web \u201c\u00a1Ub\u00edquese!\u201d - Mennonite World Conference","og_description":"Red Mundial Anabautista de Paz (GAPN) 12 Octubre 2021 &#8212; 14:00 (UTC) Inscr\u00edbase aqu\u00ed para \u201c\u00a1Ub\u00edquese!\u201d En el marco del Domingo de Paz, la emergente Red Mundial Anabautista de Paz (GAPN) est\u00e1 promoviendo un seminario web de dos horas \u201c\u00a1Ub\u00edquese! (Place yourself)\u201d a llevarse a cabo el 12 de octubre de 2021.&nbsp; El t\u00edtulo del [&hellip;]","og_url":"https:\/\/mwc-cmm.org\/en\/stories\/ubiquese-place-yourself-webinar-2\/","og_site_name":"Mennonite World Conference","article_publisher":"https:\/\/www.facebook.com\/MennoniteWorldConference","article_published_time":"2021-09-09T00:00:00+00:00","article_modified_time":"2024-12-10T18:03:51+00:00","og_image":[{"width":2048,"height":1365,"url":"https:\/\/mwc-cmm.org\/wp-content\/uploads\/2024\/11\/2017annavogtpanypaz.jpg","type":"image\/jpeg"}],"author":"mennworldcon","schema":{"@context":"https:\/\/schema.org","@graph":[{"@type":"Article","@id":"https:\/\/mwc-cmm.org\/en\/stories\/ubiquese-place-yourself-webinar-2\/#article","isPartOf":{"@id":"https:\/\/mwc-cmm.org\/en\/stories\/ubiquese-place-yourself-webinar-2\/"},"author":{"name":"mennworldcon","@id":"https:\/\/mwc-cmm.org\/en\/#\/schema\/person\/11f6ae0d7d1868ba20a1cc27f067c836"},"headline":"Seminario web \u201c\u00a1Ub\u00edquese!\u201d","datePublished":"2021-09-09T00:00:00+00:00","dateModified":"2024-12-10T18:03:51+00:00","mainEntityOfPage":{"@id":"https:\/\/mwc-cmm.org\/en\/stories\/ubiquese-place-yourself-webinar-2\/"},"wordCount":434,"publisher":{"@id":"https:\/\/mwc-cmm.org\/en\/#organization"},"image":{"@id":"https:\/\/mwc-cmm.org\/en\/stories\/ubiquese-place-yourself-webinar-2\/#primaryimage"},"thumbnailUrl":"https:\/\/mwc-cmm.org\/wp-content\/uploads\/2024\/11\/2017annavogtpanypaz.jpg","articleSection":["Sin categorizar"],"inLanguage":"es"},{"@type":"WebPage","@id":"https:\/\/mwc-cmm.org\/en\/stories\/ubiquese-place-yourself-webinar-2\/","url":"https:\/\/mwc-cmm.org\/en\/stories\/ubiquese-place-yourself-webinar-2\/","name":"Seminario web \u201c\u00a1Ub\u00edquese!\u201d - Mennonite World Conference","isPartOf":{"@id":"https:\/\/mwc-cmm.org\/en\/#website"},"primaryImageOfPage":{"@id":"https:\/\/mwc-cmm.org\/en\/stories\/ubiquese-place-yourself-webinar-2\/#primaryimage"},"image":{"@id":"https:\/\/mwc-cmm.org\/en\/stories\/ubiquese-place-yourself-webinar-2\/#primaryimage"},"thumbnailUrl":"https:\/\/mwc-cmm.org\/wp-content\/uploads\/2024\/11\/2017annavogtpanypaz.jpg","datePublished":"2021-09-09T00:00:00+00:00","dateModified":"2024-12-10T18:03:51+00:00","breadcrumb":{"@id":"https:\/\/mwc-cmm.org\/en\/stories\/ubiquese-place-yourself-webinar-2\/#breadcrumb"},"inLanguage":"es","potentialAction":[{"@type":"ReadAction","target":["https:\/\/mwc-cmm.org\/en\/stories\/ubiquese-place-yourself-webinar-2\/"]}]},{"@type":"ImageObject","inLanguage":"es","@id":"https:\/\/mwc-cmm.org\/en\/stories\/ubiquese-place-yourself-webinar-2\/#primaryimage","url":"https:\/\/mwc-cmm.org\/wp-content\/uploads\/2024\/11\/2017annavogtpanypaz.jpg","contentUrl":"https:\/\/mwc-cmm.org\/wp-content\/uploads\/2024\/11\/2017annavogtpanypaz.jpg","width":2048,"height":1365},{"@type":"BreadcrumbList","@id":"https:\/\/mwc-cmm.org\/en\/stories\/ubiquese-place-yourself-webinar-2\/#breadcrumb","itemListElement":[{"@type":"ListItem","position":1,"name":"Home","item":"https:\/\/mwc-cmm.org\/es\/"},{"@type":"ListItem","position":2,"name":"Seminario web \u201c\u00a1Ub\u00edquese!\u201d"}]},{"@type":"WebSite","@id":"https:\/\/mwc-cmm.org\/en\/#website","url":"https:\/\/mwc-cmm.org\/en\/","name":"Mennonite World Conference","description":"A communion of Anabaptist-related churches","publisher":{"@id":"https:\/\/mwc-cmm.org\/en\/#organization"},"alternateName":"MWC","potentialAction":[{"@type":"SearchAction","target":{"@type":"EntryPoint","urlTemplate":"https:\/\/mwc-cmm.org\/en\/?s={search_term_string}"},"query-input":{"@type":"PropertyValueSpecification","valueRequired":true,"valueName":"search_term_string"}}],"inLanguage":"es"},{"@type":"Organization","@id":"https:\/\/mwc-cmm.org\/en\/#organization","name":"Mennonite World Conference","alternateName":"MWC","url":"https:\/\/mwc-cmm.org\/en\/","logo":{"@type":"ImageObject","inLanguage":"es","@id":"https:\/\/mwc-cmm.org\/en\/#\/schema\/logo\/image\/","url":"https:\/\/mwc-cmm.org\/wp-content\/uploads\/2026\/01\/MWC_Sig_Blue_Horiz_webheader1-logo.svg","contentUrl":"https:\/\/mwc-cmm.org\/wp-content\/uploads\/2026\/01\/MWC_Sig_Blue_Horiz_webheader1-logo.svg","width":786,"height":82,"caption":"Mennonite World Conference"},"image":{"@id":"https:\/\/mwc-cmm.org\/en\/#\/schema\/logo\/image\/"},"sameAs":["https:\/\/www.facebook.com\/MennoniteWorldConference","https:\/\/www.linkedin.com\/company\/mennonite-world-conference-mwc\/","https:\/\/www.instagram.com\/mwcmm\/","https:\/\/www.youtube.com\/user\/mwccmm","https:\/\/bsky.app\/profile\/mwcmm.bsky.social"]},{"@type":"Person","@id":"https:\/\/mwc-cmm.org\/en\/#\/schema\/person\/11f6ae0d7d1868ba20a1cc27f067c836","name":"mennworldcon","image":{"@type":"ImageObject","inLanguage":"es","@id":"https:\/\/secure.gravatar.com\/avatar\/06fdc0dc81c157dfdb82ec42f252178a22307808988d22c043f9eb96f1e0fe80?s=96&d=mm&r=g","url":"https:\/\/secure.gravatar.com\/avatar\/06fdc0dc81c157dfdb82ec42f252178a22307808988d22c043f9eb96f1e0fe80?s=96&d=mm&r=g","contentUrl":"https:\/\/secure.gravatar.com\/avatar\/06fdc0dc81c157dfdb82ec42f252178a22307808988d22c043f9eb96f1e0fe80?s=96&d=mm&r=g","caption":"mennworldcon"},"sameAs":["https:\/\/mwc-cmm.org"],"url":"https:\/\/mwc-cmm.org\/es\/stories\/author\/mennworldcon\/"}]}},"_links":{"self":[{"href":"https:\/\/mwc-cmm.org\/es\/wp-json\/wp\/v2\/posts\/9134","targetHints":{"allow":["GET"]}}],"collection":[{"href":"https:\/\/mwc-cmm.org\/es\/wp-json\/wp\/v2\/posts"}],"about":[{"href":"https:\/\/mwc-cmm.org\/es\/wp-json\/wp\/v2\/types\/post"}],"author":[{"embeddable":true,"href":"https:\/\/mwc-cmm.org\/es\/wp-json\/wp\/v2\/users\/1"}],"replies":[{"embeddable":true,"href":"https:\/\/mwc-cmm.org\/es\/wp-json\/wp\/v2\/comments?post=9134"}],"version-history":[{"count":0,"href":"https:\/\/mwc-cmm.org\/es\/wp-json\/wp\/v2\/posts\/9134\/revisions"}],"wp:featuredmedia":[{"embeddable":true,"href":"https:\/\/mwc-cmm.org\/es\/wp-json\/wp\/v2\/media\/94014"}],"wp:attachment":[{"href":"https:\/\/mwc-cmm.org\/es\/wp-json\/wp\/v2\/media?parent=9134"}],"wp:term":[{"taxonomy":"category","embeddable":true,"href":"https:\/\/mwc-cmm.org\/es\/wp-json\/wp\/v2\/categories?post=9134"},{"taxonomy":"post_tag","embeddable":true,"href":"https:\/\/mwc-cmm.org\/es\/wp-json\/wp\/v2\/tags?post=9134"},{"taxonomy":"network","embeddable":true,"href":"https:\/\/mwc-cmm.org\/es\/wp-json\/wp\/v2\/network?post=9134"},{"taxonomy":"eventcategory","embeddable":true,"href":"https:\/\/mwc-cmm.org\/es\/wp-json\/wp\/v2\/eventcategory?post=9134"}],"curies":[{"name":"wp","href":"https:\/\/api.w.org\/{rel}","templated":true}]}}