{"id":9117,"date":"2021-07-02T00:00:00","date_gmt":"2021-07-02T00:00:00","guid":{"rendered":"https:\/\/mwc-cmm.org\/is-church-online-for-good-3\/"},"modified":"2024-12-10T18:03:43","modified_gmt":"2024-12-10T18:03:43","slug":"la-iglesia-virtual-permanecera-para-siempre","status":"publish","type":"post","link":"https:\/\/mwc-cmm.org\/es\/stories\/la-iglesia-virtual-permanecera-para-siempre\/","title":{"rendered":"\u00bfLa iglesia virtual permanecer\u00e1 para siempre?"},"content":{"rendered":"<p dir=\"ltr\" id=\"docs-internal-guid-5463f249-7fff-1ec7-bca9-4d6bcfad27dd\">\u201cTodos estamos pasando por la misma tormenta, pero no todos estamos en el mismo barco. El contexto lo es todo\u201d.<\/p>\n<p dir=\"ltr\">Estas palabras, pronunciadas por un pastor norteamericano, abordan la diversidad de respuestas a la pandemia mundial del COVID-19. Muchas congregaciones en Canad\u00e1 y los EE. UU. contin\u00faan experimentando restricciones para reunirse en persona, mientras que otras han tenido la libertad de reunirse de manera segura nuevamente.<\/p>\n<p dir=\"ltr\">Tambi\u00e9n hay un reconocimiento general de que los norteamericanos han recibido un porcentaje desproporcionado del suministro mundial de vacunas, lo que deja a muchos cuestionando la injusticia de nuestro privilegio, la opulencia y las libertades resultantes.<\/p>\n<h3 dir=\"ltr\">Una comunicaci\u00f3n en constante evoluci\u00f3n<\/h3>\n<p dir=\"ltr\">En marzo del 2020, Canad\u00e1 y EE. UU entraron en confinamiento. Las reuniones p\u00fablicas, incluyendo la iglesia, se detuvieron. Las congregaciones se apresuraron para adaptar los cultos a la virtualidad. Los pastores trabajaban desde casa, muchos de ellos luchando con herramientas de comunicaci\u00f3n en constante evoluci\u00f3n.<\/p>\n<p dir=\"ltr\">Los l\u00edderes de la iglesia nacional y su personal trabajaron arduamente para apoyar a las congregaciones locales con recursos para videos y redes sociales. Las congregaciones locales se volvieron creativas al relacionarse con las personas por tel\u00e9fono, a trav\u00e9s de redes en l\u00ednea, con visitas desde la entrada de las casas, formas de conexi\u00f3n que respetan el distanciamiento social. Tambi\u00e9n nos conectamos m\u00e1s con la comuni\u00f3n mundial de iglesias a trav\u00e9s de comunicados de prensa m\u00e1s frecuentes y conexiones en l\u00ednea.<\/p>\n<p dir=\"ltr\">\u201cPor lo general, guiamos a partir de nuestra experiencia, pero ninguno de nosotros ha estado en una situaci\u00f3n como esta antes, as\u00ed que vamos desarrollando un plan sobre la marcha\u201d, afirma un pastor. \u201cNos hemos vuelto profundamente dependientes del Esp\u00edritu Santo para saber c\u00f3mo dirigir y ense\u00f1ar a la comunidad eclesial\u201d.<\/p>\n<h3 dir=\"ltr\">Necesidad de la virtualidad&nbsp;<\/h3>\n<p dir=\"ltr\">La presencia virtual&nbsp; se ha convertido en algo m\u00e1s que una comodidad. Algunos la han descrito como una necesidad social y espiritual de conexi\u00f3n, particularmente para aquellos que est\u00e1n socialmente aislados, f\u00edsicamente discapacitados, emocionalmente agotados y econ\u00f3micamente empobrecidos.<\/p>\n<p dir=\"ltr\">Adem\u00e1s de proporcionar una forma de fraternizar, las conexiones en l\u00ednea abordan el tema de la accesibilidad, particularmente en lo que se refiere a la edad, la salud y la movilidad. Muchos de los que generalmente han sido relegados a los m\u00e1rgenes de la vida social ahora pueden participar en donde antes hab\u00edan sido excluidos.<\/p>\n<p dir=\"ltr\">Como respuesta, algunas iglesias les han proporcionado a los feligreses acceso a Internet y a dispositivos para posibilitar la conexi\u00f3n con las familias y la comunidad en general.<\/p>\n<p dir=\"ltr\">Los pastores informan que la mayor\u00eda de los participantes de la iglesia virtual (o iglesia por zoom) son adultos mayores. Los l\u00edderes de la iglesia tambi\u00e9n est\u00e1n descubriendo que muchas de las audiencias m\u00e1s j\u00f3venes est\u00e1n \u201calejadas\u201d. No participan en reuniones en l\u00ednea como se hab\u00eda anticipado.<\/p>\n<h3 dir=\"ltr\">Cuando nos volvamos a reunir&nbsp;<\/h3>\n<p dir=\"ltr\">Cuando comenz\u00f3 la pandemia, la gente anhelaba el momento en que pudi\u00e9ramos reunirnos nuevamente. M\u00e1s de un a\u00f1o despu\u00e9s, hay vacilaci\u00f3n, miedo, cautela y reserva. Los congregantes van despacio en el proceso de volver a unirse a los espacios grupales.<\/p>\n<p dir=\"ltr\">La temporada de la pandemia ha sido lo suficientemente larga para que las personas establezcan nuevos patrones de vida y creen nuevos h\u00e1bitos.<\/p>\n<ul style=\"list-style-type:disc;\">\n<li aria-level=\"1\" dir=\"ltr\">\n<p dir=\"ltr\" role=\"presentation\">\u00bfEste modelo h\u00edbrido de reuniones virtuales y presenciales est\u00e1 aqu\u00ed para quedarse?<\/p>\n<\/li>\n<li aria-level=\"1\" dir=\"ltr\">\n<p dir=\"ltr\" role=\"presentation\">\u00bfVolver\u00e1n las familias j\u00f3venes y los adultos emergentes, con o sin opciones en l\u00ednea?<\/p>\n<\/li>\n<li aria-level=\"1\" dir=\"ltr\">\n<p dir=\"ltr\" role=\"presentation\">Lo m\u00e1s importante de todo: \u00bfc\u00f3mo practicar\u00e1 la gente su fe cristiana en tiempos posteriores a una pandemia?<\/p>\n<\/li>\n<\/ul>\n<p dir=\"ltr\">Quiz\u00e1s los modelos h\u00edbridos sean el camino del futuro. Las opciones en l\u00ednea brindan la oportunidad de involucrar a aquellos que de otro modo est\u00e1n f\u00edsicamente aislados de la comunidad. Una forma de conectarse con la iglesia mundial es invitar a un orador del CMM para que est\u00e9 virtualmente presente con su congregaci\u00f3n.<\/p>\n<table style=\"width:300px\">\n<tbody>\n<tr>\n<td>\n<h3>Vea <a href=\"\/node\/3918\">la lista de oradores<\/a><\/h3>\n<\/td>\n<\/tr>\n<\/tbody>\n<\/table>\n<p>Global connections provide us with news from our global sisters and brothers so that we may offer informed prayers of intercession and respond to the needs of others in a timely way. MWC has responded to the pandemic with online events such as <a href=\"https:\/\/mwc-cmm.org\/node\/3720\">prayer gatherings<\/a>, through <a href=\"https:\/\/mwc-cmm.org\/node\/3973\">webinars<\/a>, and <a href=\"https:\/\/youtube.com\/playlist?list=PLrO98PUzjOB2OI2f16qF14iWZej1DCeBw\">videos<\/a> on our <a href=\"https:\/\/www.youtube.com\/user\/mwccmm\">YouTube channel<\/a>.<\/p>\n<p>Las conexiones mundiales nos brindan noticias de nuestros hermanos y hermanas a nivel mundial para que podamos ofrecer oraciones informadas de intercesi\u00f3n y responder a las necesidades de los dem\u00e1s de manera oportuna. El CMM ha respondido a la pandemia con eventos en l\u00ednea como <a href=\"http:\/\/mwc-cmm.org\/es\/node\/3720\">reuniones de oraci\u00f3n<\/a>, <a href=\"http:\/\/mwc-cmm.org\/es\/node\/3973\">seminarios web<\/a> y <a href=\"http:\/\/youtube.com\/playlist?list=PLrO98PUzjOB2OI2f16qF14iWZej1DCeBw\">videos <\/a>en nuestro canal de <a href=\"http:\/\/www.youtube.com\/user\/mwccmm\">YouTube<\/a>.<\/p>\n<p>\u201cLa iglesia por Zoom no es suficiente\u201d, asevera otro pastor. \u201cNecesitamos presencia encarnacional. Necesitamos vivir p\u00fablicamente el evangelio de Jesucristo con nuestros hermanos y hermanas de alrededor del mundo\u201d.<\/p>\n<p>Juntos, seguimos siendo la iglesia de Jesucristo, reunidos y esparcidos. Gracias sean dadas a Dios.<\/p>\n<p><em>\u2014Gerald Hildebrand es el representante regional del CMM para Am\u00e9rica del Norte. Reside en Winnipeg, Manitoba, Canad\u00e1, en donde es miembro de la iglesia River East, una congregaci\u00f3n de los Hermanos Menonitas.&nbsp;<\/em><\/p>\n","protected":false},"excerpt":{"rendered":"<p>\u201cTodos estamos pasando por la misma tormenta, pero no todos estamos en el mismo barco. El contexto lo es todo\u201d. Estas palabras, pronunciadas por un pastor norteamericano, abordan la diversidad de respuestas a la pandemia mundial del COVID-19. Muchas congregaciones en Canad\u00e1 y los EE. UU. contin\u00faan experimentando restricciones para reunirse en persona, mientras que [&hellip;]<\/p>\n","protected":false},"author":1,"featured_media":93792,"comment_status":"closed","ping_status":"closed","sticky":false,"template":"","format":"standard","meta":{"_acf_changed":false,"footnotes":""},"categories":[6],"tags":[],"network":[],"eventcategory":[],"class_list":["post-9117","post","type-post","status-publish","format-standard","has-post-thumbnail","hentry","category-sin-categorizar"],"acf":[],"yoast_head":"<!-- This site is optimized with the Yoast SEO plugin v27.2 - https:\/\/yoast.com\/product\/yoast-seo-wordpress\/ -->\n<title>\u00bfLa iglesia virtual permanecer\u00e1 para siempre? - Mennonite World Conference<\/title>\n<meta name=\"robots\" content=\"index, follow, max-snippet:-1, max-image-preview:large, max-video-preview:-1\" \/>\n<link rel=\"canonical\" href=\"https:\/\/mwc-cmm.org\/es\/stories\/la-iglesia-virtual-permanecera-para-siempre\/\" \/>\n<meta property=\"og:locale\" content=\"es_ES\" \/>\n<meta property=\"og:type\" content=\"article\" \/>\n<meta property=\"og:title\" content=\"\u00bfLa iglesia virtual permanecer\u00e1 para siempre? - Mennonite World Conference\" \/>\n<meta property=\"og:description\" content=\"\u201cTodos estamos pasando por la misma tormenta, pero no todos estamos en el mismo barco. El contexto lo es todo\u201d. Estas palabras, pronunciadas por un pastor norteamericano, abordan la diversidad de respuestas a la pandemia mundial del COVID-19. Muchas congregaciones en Canad\u00e1 y los EE. UU. contin\u00faan experimentando restricciones para reunirse en persona, mientras que [&hellip;]\" \/>\n<meta property=\"og:url\" content=\"https:\/\/mwc-cmm.org\/es\/stories\/la-iglesia-virtual-permanecera-para-siempre\/\" \/>\n<meta property=\"og:site_name\" content=\"Mennonite World Conference\" \/>\n<meta property=\"article:publisher\" content=\"https:\/\/www.facebook.com\/MennoniteWorldConference\" \/>\n<meta property=\"article:published_time\" content=\"2021-07-02T00:00:00+00:00\" \/>\n<meta property=\"article:modified_time\" content=\"2024-12-10T18:03:43+00:00\" \/>\n<meta property=\"og:image\" content=\"https:\/\/mwc-cmm.org\/wp-content\/uploads\/2024\/11\/202102_alfred_lozano_aran_c60d9106-4c94-429b-a957-4de2fb427be4.jpeg\" \/>\n\t<meta property=\"og:image:width\" content=\"818\" \/>\n\t<meta property=\"og:image:height\" content=\"900\" \/>\n\t<meta property=\"og:image:type\" content=\"image\/jpeg\" \/>\n<meta name=\"author\" content=\"mennworldcon\" \/>\n<script type=\"application\/ld+json\" class=\"yoast-schema-graph\">{\"@context\":\"https:\/\/schema.org\",\"@graph\":[{\"@type\":\"Article\",\"@id\":\"https:\/\/mwc-cmm.org\/es\/stories\/la-iglesia-virtual-permanecera-para-siempre\/#article\",\"isPartOf\":{\"@id\":\"https:\/\/mwc-cmm.org\/es\/stories\/la-iglesia-virtual-permanecera-para-siempre\/\"},\"author\":{\"name\":\"mennworldcon\",\"@id\":\"https:\/\/mwc-cmm.org\/en\/#\/schema\/person\/11f6ae0d7d1868ba20a1cc27f067c836\"},\"headline\":\"\u00bfLa iglesia virtual permanecer\u00e1 para siempre?\",\"datePublished\":\"2021-07-02T00:00:00+00:00\",\"dateModified\":\"2024-12-10T18:03:43+00:00\",\"mainEntityOfPage\":{\"@id\":\"https:\/\/mwc-cmm.org\/es\/stories\/la-iglesia-virtual-permanecera-para-siempre\/\"},\"wordCount\":888,\"publisher\":{\"@id\":\"https:\/\/mwc-cmm.org\/en\/#organization\"},\"image\":{\"@id\":\"https:\/\/mwc-cmm.org\/es\/stories\/la-iglesia-virtual-permanecera-para-siempre\/#primaryimage\"},\"thumbnailUrl\":\"https:\/\/mwc-cmm.org\/wp-content\/uploads\/2024\/11\/202102_alfred_lozano_aran_c60d9106-4c94-429b-a957-4de2fb427be4.jpeg\",\"articleSection\":[\"Sin categorizar\"],\"inLanguage\":\"es\"},{\"@type\":\"WebPage\",\"@id\":\"https:\/\/mwc-cmm.org\/es\/stories\/la-iglesia-virtual-permanecera-para-siempre\/\",\"url\":\"https:\/\/mwc-cmm.org\/es\/stories\/la-iglesia-virtual-permanecera-para-siempre\/\",\"name\":\"\u00bfLa iglesia virtual permanecer\u00e1 para siempre? - Mennonite World Conference\",\"isPartOf\":{\"@id\":\"https:\/\/mwc-cmm.org\/en\/#website\"},\"primaryImageOfPage\":{\"@id\":\"https:\/\/mwc-cmm.org\/es\/stories\/la-iglesia-virtual-permanecera-para-siempre\/#primaryimage\"},\"image\":{\"@id\":\"https:\/\/mwc-cmm.org\/es\/stories\/la-iglesia-virtual-permanecera-para-siempre\/#primaryimage\"},\"thumbnailUrl\":\"https:\/\/mwc-cmm.org\/wp-content\/uploads\/2024\/11\/202102_alfred_lozano_aran_c60d9106-4c94-429b-a957-4de2fb427be4.jpeg\",\"datePublished\":\"2021-07-02T00:00:00+00:00\",\"dateModified\":\"2024-12-10T18:03:43+00:00\",\"breadcrumb\":{\"@id\":\"https:\/\/mwc-cmm.org\/es\/stories\/la-iglesia-virtual-permanecera-para-siempre\/#breadcrumb\"},\"inLanguage\":\"es\",\"potentialAction\":[{\"@type\":\"ReadAction\",\"target\":[\"https:\/\/mwc-cmm.org\/es\/stories\/la-iglesia-virtual-permanecera-para-siempre\/\"]}]},{\"@type\":\"ImageObject\",\"inLanguage\":\"es\",\"@id\":\"https:\/\/mwc-cmm.org\/es\/stories\/la-iglesia-virtual-permanecera-para-siempre\/#primaryimage\",\"url\":\"https:\/\/mwc-cmm.org\/wp-content\/uploads\/2024\/11\/202102_alfred_lozano_aran_c60d9106-4c94-429b-a957-4de2fb427be4.jpeg\",\"contentUrl\":\"https:\/\/mwc-cmm.org\/wp-content\/uploads\/2024\/11\/202102_alfred_lozano_aran_c60d9106-4c94-429b-a957-4de2fb427be4.jpeg\",\"width\":818,\"height\":900},{\"@type\":\"BreadcrumbList\",\"@id\":\"https:\/\/mwc-cmm.org\/es\/stories\/la-iglesia-virtual-permanecera-para-siempre\/#breadcrumb\",\"itemListElement\":[{\"@type\":\"ListItem\",\"position\":1,\"name\":\"Home\",\"item\":\"https:\/\/mwc-cmm.org\/es\/\"},{\"@type\":\"ListItem\",\"position\":2,\"name\":\"\u00bfLa iglesia virtual permanecer\u00e1 para siempre?\"}]},{\"@type\":\"WebSite\",\"@id\":\"https:\/\/mwc-cmm.org\/en\/#website\",\"url\":\"https:\/\/mwc-cmm.org\/en\/\",\"name\":\"Mennonite World Conference\",\"description\":\"A communion of Anabaptist-related churches\",\"publisher\":{\"@id\":\"https:\/\/mwc-cmm.org\/en\/#organization\"},\"alternateName\":\"MWC\",\"potentialAction\":[{\"@type\":\"SearchAction\",\"target\":{\"@type\":\"EntryPoint\",\"urlTemplate\":\"https:\/\/mwc-cmm.org\/en\/?s={search_term_string}\"},\"query-input\":{\"@type\":\"PropertyValueSpecification\",\"valueRequired\":true,\"valueName\":\"search_term_string\"}}],\"inLanguage\":\"es\"},{\"@type\":\"Organization\",\"@id\":\"https:\/\/mwc-cmm.org\/en\/#organization\",\"name\":\"Mennonite World Conference\",\"alternateName\":\"MWC\",\"url\":\"https:\/\/mwc-cmm.org\/en\/\",\"logo\":{\"@type\":\"ImageObject\",\"inLanguage\":\"es\",\"@id\":\"https:\/\/mwc-cmm.org\/en\/#\/schema\/logo\/image\/\",\"url\":\"https:\/\/mwc-cmm.org\/wp-content\/uploads\/2026\/01\/MWC_Sig_Blue_Horiz_webheader1-logo.svg\",\"contentUrl\":\"https:\/\/mwc-cmm.org\/wp-content\/uploads\/2026\/01\/MWC_Sig_Blue_Horiz_webheader1-logo.svg\",\"width\":786,\"height\":82,\"caption\":\"Mennonite World Conference\"},\"image\":{\"@id\":\"https:\/\/mwc-cmm.org\/en\/#\/schema\/logo\/image\/\"},\"sameAs\":[\"https:\/\/www.facebook.com\/MennoniteWorldConference\",\"https:\/\/www.linkedin.com\/company\/mennonite-world-conference-mwc\/\",\"https:\/\/www.instagram.com\/mwcmm\/\",\"https:\/\/www.youtube.com\/user\/mwccmm\",\"https:\/\/bsky.app\/profile\/mwcmm.bsky.social\"]},{\"@type\":\"Person\",\"@id\":\"https:\/\/mwc-cmm.org\/en\/#\/schema\/person\/11f6ae0d7d1868ba20a1cc27f067c836\",\"name\":\"mennworldcon\",\"image\":{\"@type\":\"ImageObject\",\"inLanguage\":\"es\",\"@id\":\"https:\/\/secure.gravatar.com\/avatar\/06fdc0dc81c157dfdb82ec42f252178a22307808988d22c043f9eb96f1e0fe80?s=96&d=mm&r=g\",\"url\":\"https:\/\/secure.gravatar.com\/avatar\/06fdc0dc81c157dfdb82ec42f252178a22307808988d22c043f9eb96f1e0fe80?s=96&d=mm&r=g\",\"contentUrl\":\"https:\/\/secure.gravatar.com\/avatar\/06fdc0dc81c157dfdb82ec42f252178a22307808988d22c043f9eb96f1e0fe80?s=96&d=mm&r=g\",\"caption\":\"mennworldcon\"},\"sameAs\":[\"https:\/\/mwc-cmm.org\"],\"url\":\"https:\/\/mwc-cmm.org\/es\/stories\/author\/mennworldcon\/\"}]}<\/script>\n<!-- \/ Yoast SEO plugin. -->","yoast_head_json":{"title":"\u00bfLa iglesia virtual permanecer\u00e1 para siempre? - Mennonite World Conference","robots":{"index":"index","follow":"follow","max-snippet":"max-snippet:-1","max-image-preview":"max-image-preview:large","max-video-preview":"max-video-preview:-1"},"canonical":"https:\/\/mwc-cmm.org\/es\/stories\/la-iglesia-virtual-permanecera-para-siempre\/","og_locale":"es_ES","og_type":"article","og_title":"\u00bfLa iglesia virtual permanecer\u00e1 para siempre? - Mennonite World Conference","og_description":"\u201cTodos estamos pasando por la misma tormenta, pero no todos estamos en el mismo barco. El contexto lo es todo\u201d. Estas palabras, pronunciadas por un pastor norteamericano, abordan la diversidad de respuestas a la pandemia mundial del COVID-19. Muchas congregaciones en Canad\u00e1 y los EE. UU. contin\u00faan experimentando restricciones para reunirse en persona, mientras que [&hellip;]","og_url":"https:\/\/mwc-cmm.org\/es\/stories\/la-iglesia-virtual-permanecera-para-siempre\/","og_site_name":"Mennonite World Conference","article_publisher":"https:\/\/www.facebook.com\/MennoniteWorldConference","article_published_time":"2021-07-02T00:00:00+00:00","article_modified_time":"2024-12-10T18:03:43+00:00","og_image":[{"width":818,"height":900,"url":"https:\/\/mwc-cmm.org\/wp-content\/uploads\/2024\/11\/202102_alfred_lozano_aran_c60d9106-4c94-429b-a957-4de2fb427be4.jpeg","type":"image\/jpeg"}],"author":"mennworldcon","schema":{"@context":"https:\/\/schema.org","@graph":[{"@type":"Article","@id":"https:\/\/mwc-cmm.org\/es\/stories\/la-iglesia-virtual-permanecera-para-siempre\/#article","isPartOf":{"@id":"https:\/\/mwc-cmm.org\/es\/stories\/la-iglesia-virtual-permanecera-para-siempre\/"},"author":{"name":"mennworldcon","@id":"https:\/\/mwc-cmm.org\/en\/#\/schema\/person\/11f6ae0d7d1868ba20a1cc27f067c836"},"headline":"\u00bfLa iglesia virtual permanecer\u00e1 para siempre?","datePublished":"2021-07-02T00:00:00+00:00","dateModified":"2024-12-10T18:03:43+00:00","mainEntityOfPage":{"@id":"https:\/\/mwc-cmm.org\/es\/stories\/la-iglesia-virtual-permanecera-para-siempre\/"},"wordCount":888,"publisher":{"@id":"https:\/\/mwc-cmm.org\/en\/#organization"},"image":{"@id":"https:\/\/mwc-cmm.org\/es\/stories\/la-iglesia-virtual-permanecera-para-siempre\/#primaryimage"},"thumbnailUrl":"https:\/\/mwc-cmm.org\/wp-content\/uploads\/2024\/11\/202102_alfred_lozano_aran_c60d9106-4c94-429b-a957-4de2fb427be4.jpeg","articleSection":["Sin categorizar"],"inLanguage":"es"},{"@type":"WebPage","@id":"https:\/\/mwc-cmm.org\/es\/stories\/la-iglesia-virtual-permanecera-para-siempre\/","url":"https:\/\/mwc-cmm.org\/es\/stories\/la-iglesia-virtual-permanecera-para-siempre\/","name":"\u00bfLa iglesia virtual permanecer\u00e1 para siempre? - Mennonite World Conference","isPartOf":{"@id":"https:\/\/mwc-cmm.org\/en\/#website"},"primaryImageOfPage":{"@id":"https:\/\/mwc-cmm.org\/es\/stories\/la-iglesia-virtual-permanecera-para-siempre\/#primaryimage"},"image":{"@id":"https:\/\/mwc-cmm.org\/es\/stories\/la-iglesia-virtual-permanecera-para-siempre\/#primaryimage"},"thumbnailUrl":"https:\/\/mwc-cmm.org\/wp-content\/uploads\/2024\/11\/202102_alfred_lozano_aran_c60d9106-4c94-429b-a957-4de2fb427be4.jpeg","datePublished":"2021-07-02T00:00:00+00:00","dateModified":"2024-12-10T18:03:43+00:00","breadcrumb":{"@id":"https:\/\/mwc-cmm.org\/es\/stories\/la-iglesia-virtual-permanecera-para-siempre\/#breadcrumb"},"inLanguage":"es","potentialAction":[{"@type":"ReadAction","target":["https:\/\/mwc-cmm.org\/es\/stories\/la-iglesia-virtual-permanecera-para-siempre\/"]}]},{"@type":"ImageObject","inLanguage":"es","@id":"https:\/\/mwc-cmm.org\/es\/stories\/la-iglesia-virtual-permanecera-para-siempre\/#primaryimage","url":"https:\/\/mwc-cmm.org\/wp-content\/uploads\/2024\/11\/202102_alfred_lozano_aran_c60d9106-4c94-429b-a957-4de2fb427be4.jpeg","contentUrl":"https:\/\/mwc-cmm.org\/wp-content\/uploads\/2024\/11\/202102_alfred_lozano_aran_c60d9106-4c94-429b-a957-4de2fb427be4.jpeg","width":818,"height":900},{"@type":"BreadcrumbList","@id":"https:\/\/mwc-cmm.org\/es\/stories\/la-iglesia-virtual-permanecera-para-siempre\/#breadcrumb","itemListElement":[{"@type":"ListItem","position":1,"name":"Home","item":"https:\/\/mwc-cmm.org\/es\/"},{"@type":"ListItem","position":2,"name":"\u00bfLa iglesia virtual permanecer\u00e1 para siempre?"}]},{"@type":"WebSite","@id":"https:\/\/mwc-cmm.org\/en\/#website","url":"https:\/\/mwc-cmm.org\/en\/","name":"Mennonite World Conference","description":"A communion of Anabaptist-related churches","publisher":{"@id":"https:\/\/mwc-cmm.org\/en\/#organization"},"alternateName":"MWC","potentialAction":[{"@type":"SearchAction","target":{"@type":"EntryPoint","urlTemplate":"https:\/\/mwc-cmm.org\/en\/?s={search_term_string}"},"query-input":{"@type":"PropertyValueSpecification","valueRequired":true,"valueName":"search_term_string"}}],"inLanguage":"es"},{"@type":"Organization","@id":"https:\/\/mwc-cmm.org\/en\/#organization","name":"Mennonite World Conference","alternateName":"MWC","url":"https:\/\/mwc-cmm.org\/en\/","logo":{"@type":"ImageObject","inLanguage":"es","@id":"https:\/\/mwc-cmm.org\/en\/#\/schema\/logo\/image\/","url":"https:\/\/mwc-cmm.org\/wp-content\/uploads\/2026\/01\/MWC_Sig_Blue_Horiz_webheader1-logo.svg","contentUrl":"https:\/\/mwc-cmm.org\/wp-content\/uploads\/2026\/01\/MWC_Sig_Blue_Horiz_webheader1-logo.svg","width":786,"height":82,"caption":"Mennonite World Conference"},"image":{"@id":"https:\/\/mwc-cmm.org\/en\/#\/schema\/logo\/image\/"},"sameAs":["https:\/\/www.facebook.com\/MennoniteWorldConference","https:\/\/www.linkedin.com\/company\/mennonite-world-conference-mwc\/","https:\/\/www.instagram.com\/mwcmm\/","https:\/\/www.youtube.com\/user\/mwccmm","https:\/\/bsky.app\/profile\/mwcmm.bsky.social"]},{"@type":"Person","@id":"https:\/\/mwc-cmm.org\/en\/#\/schema\/person\/11f6ae0d7d1868ba20a1cc27f067c836","name":"mennworldcon","image":{"@type":"ImageObject","inLanguage":"es","@id":"https:\/\/secure.gravatar.com\/avatar\/06fdc0dc81c157dfdb82ec42f252178a22307808988d22c043f9eb96f1e0fe80?s=96&d=mm&r=g","url":"https:\/\/secure.gravatar.com\/avatar\/06fdc0dc81c157dfdb82ec42f252178a22307808988d22c043f9eb96f1e0fe80?s=96&d=mm&r=g","contentUrl":"https:\/\/secure.gravatar.com\/avatar\/06fdc0dc81c157dfdb82ec42f252178a22307808988d22c043f9eb96f1e0fe80?s=96&d=mm&r=g","caption":"mennworldcon"},"sameAs":["https:\/\/mwc-cmm.org"],"url":"https:\/\/mwc-cmm.org\/es\/stories\/author\/mennworldcon\/"}]}},"_links":{"self":[{"href":"https:\/\/mwc-cmm.org\/es\/wp-json\/wp\/v2\/posts\/9117","targetHints":{"allow":["GET"]}}],"collection":[{"href":"https:\/\/mwc-cmm.org\/es\/wp-json\/wp\/v2\/posts"}],"about":[{"href":"https:\/\/mwc-cmm.org\/es\/wp-json\/wp\/v2\/types\/post"}],"author":[{"embeddable":true,"href":"https:\/\/mwc-cmm.org\/es\/wp-json\/wp\/v2\/users\/1"}],"replies":[{"embeddable":true,"href":"https:\/\/mwc-cmm.org\/es\/wp-json\/wp\/v2\/comments?post=9117"}],"version-history":[{"count":0,"href":"https:\/\/mwc-cmm.org\/es\/wp-json\/wp\/v2\/posts\/9117\/revisions"}],"wp:featuredmedia":[{"embeddable":true,"href":"https:\/\/mwc-cmm.org\/es\/wp-json\/wp\/v2\/media\/93792"}],"wp:attachment":[{"href":"https:\/\/mwc-cmm.org\/es\/wp-json\/wp\/v2\/media?parent=9117"}],"wp:term":[{"taxonomy":"category","embeddable":true,"href":"https:\/\/mwc-cmm.org\/es\/wp-json\/wp\/v2\/categories?post=9117"},{"taxonomy":"post_tag","embeddable":true,"href":"https:\/\/mwc-cmm.org\/es\/wp-json\/wp\/v2\/tags?post=9117"},{"taxonomy":"network","embeddable":true,"href":"https:\/\/mwc-cmm.org\/es\/wp-json\/wp\/v2\/network?post=9117"},{"taxonomy":"eventcategory","embeddable":true,"href":"https:\/\/mwc-cmm.org\/es\/wp-json\/wp\/v2\/eventcategory?post=9117"}],"curies":[{"name":"wp","href":"https:\/\/api.w.org\/{rel}","templated":true}]}}