{"id":9107,"date":"2021-05-06T00:00:00","date_gmt":"2021-05-06T00:00:00","guid":{"rendered":"https:\/\/mwc-cmm.org\/a-pastoral-letter-to-anabaptist-mennonites-of-colombia-3\/"},"modified":"2024-12-10T18:03:37","modified_gmt":"2024-12-10T18:03:37","slug":"carta-pastoral-para-las-iglesias-anabautistas-de-colombia","status":"publish","type":"post","link":"https:\/\/mwc-cmm.org\/es\/stories\/carta-pastoral-para-las-iglesias-anabautistas-de-colombia\/","title":{"rendered":"Carta pastoral para las iglesias anabautistas de Colombia"},"content":{"rendered":"<p>Amados&nbsp;hermanas y hermanos:<\/p>\n<p>El mundo est\u00e1 observando c\u00f3mo las fuerzas de dominaci\u00f3n buscan silenciar los clamores pac\u00edficos por una reforma en su pa\u00eds. Dios tambi\u00e9n lo ve y pedir\u00e1 cuentas a los opresores.<\/p>\n<p><em>Pues \u00e9l salvar\u00e1 al pobre que suplica y al necesitado que no tiene quien lo ayude\u2026<\/em><br \/>\n<em>Los salvar\u00e1 de la opresi\u00f3n y la violencia,<\/em><br \/>\n<em>pues sus vidas le son de gran valor.<\/em><br \/>\n(Salmo 72,12-14)<\/p>\n<p>Dios compasivo, ten misericordia de todas aquellas personas que se encuentran en peligro o que viven con miedo en Colombia.&nbsp;<\/p>\n<p>Ablanda los corazones de los l\u00edderes gubernamentales y militares y ap\u00e1rtalos de la violencia. Protege a tu pueblo de da\u00f1os f\u00edsicos o espirituales. Fortalece a tu iglesia para que siga el camino de Jes\u00fas en estos d\u00edas dif\u00edciles.<\/p>\n<p>Dale a las personas seguidoras del Cordero la visi\u00f3n y la valent\u00eda para ser ministros&nbsp;de la reconciliaci\u00f3n.&nbsp;<\/p>\n<p><strong>Se\u00f1or, en tu misericordia, escucha nuestra clamor.<\/strong><\/p>\n<p>En el nombre de Jes\u00fas, Principe de Paz, am\u00e9n.<\/p>\n<p>J. Nelson Kraybill<br \/>\nPresidente, Congreso Mundial Menonita<\/p>\n<table style=\"width:300px\">\n<tbody>\n<tr>\n<td>\n<p>Lea m\u00e1s: [[{\u00abfid\u00bb:\u00bb5915&#8243;,\u00bbview_mode\u00bb:\u00bbdefault\u00bb,\u00bbfields\u00bb:{\u00abformat\u00bb:\u00bbdefault\u00bb,\u00bbalignment\u00bb:\u00bb\u00bb},\u00bbtype\u00bb:\u00bbmedia\u00bb,\u00bbfield_deltas\u00bb:{\u00ab1\u00bb:{\u00abformat\u00bb:\u00bbdefault\u00bb,\u00bbalignment\u00bb:\u00bb\u00bb}},\u00bblink_text\u00bb:\u00bbmwc-imcol-comunicado2021.pdf\u00bb,\u00bbattributes\u00bb:{\u00abclass\u00bb:\u00bbmedia-element file-default\u00bb,\u00bbdata-delta\u00bb:\u00bb1&#8243;}}]]<\/p>\n<p>[[{\u00abfid\u00bb:\u00bb5918&#8243;,\u00bbview_mode\u00bb:\u00bbdefault\u00bb,\u00bbfields\u00bb:{\u00abformat\u00bb:\u00bbdefault\u00bb,\u00bbalignment\u00bb:\u00bb\u00bb},\u00bbtype\u00bb:\u00bbmedia\u00bb,\u00bbfield_deltas\u00bb:{\u00ab3\u00bb:{\u00abformat\u00bb:\u00bbdefault\u00bb,\u00bbalignment\u00bb:\u00bb\u00bb}},\u00bblink_text\u00bb:\u00bbcomunicado_oficial_ichmc.pdf\u00bb,\u00bbattributes\u00bb:{\u00abclass\u00bb:\u00bbmedia-element file-default\u00bb,\u00bbdata-delta\u00bb:\u00bb3&#8243;}}]]<\/p>\n<\/td>\n<\/tr>\n<\/tbody>\n<\/table>\n","protected":false},"excerpt":{"rendered":"<p>Amados&nbsp;hermanas y hermanos: El mundo est\u00e1 observando c\u00f3mo las fuerzas de dominaci\u00f3n buscan silenciar los clamores pac\u00edficos por una reforma en su pa\u00eds. Dios tambi\u00e9n lo ve y pedir\u00e1 cuentas a los opresores. Pues \u00e9l salvar\u00e1 al pobre que suplica y al necesitado que no tiene quien lo ayude\u2026 Los salvar\u00e1 de la opresi\u00f3n y [&hellip;]<\/p>\n","protected":false},"author":1,"featured_media":93624,"comment_status":"closed","ping_status":"closed","sticky":false,"template":"","format":"standard","meta":{"_acf_changed":false,"footnotes":""},"categories":[296,472,6],"tags":[536],"network":[],"eventcategory":[],"class_list":["post-9107","post","type-post","status-publish","format-standard","has-post-thumbnail","hentry","category-oracion-urgente","category-oracion-urgente-es","category-sin-categorizar","tag-oracion"],"acf":[],"yoast_head":"<!-- This site is optimized with the Yoast SEO plugin v27.2 - https:\/\/yoast.com\/product\/yoast-seo-wordpress\/ -->\n<title>Carta pastoral para las iglesias anabautistas de Colombia - Mennonite World Conference<\/title>\n<meta name=\"robots\" content=\"index, follow, max-snippet:-1, max-image-preview:large, max-video-preview:-1\" \/>\n<link rel=\"canonical\" href=\"https:\/\/mwc-cmm.org\/es\/stories\/carta-pastoral-para-las-iglesias-anabautistas-de-colombia\/\" \/>\n<meta property=\"og:locale\" content=\"es_ES\" \/>\n<meta property=\"og:type\" content=\"article\" \/>\n<meta property=\"og:title\" content=\"Carta pastoral para las iglesias anabautistas de Colombia - Mennonite World Conference\" \/>\n<meta property=\"og:description\" content=\"Amados&nbsp;hermanas y hermanos: El mundo est\u00e1 observando c\u00f3mo las fuerzas de dominaci\u00f3n buscan silenciar los clamores pac\u00edficos por una reforma en su pa\u00eds. Dios tambi\u00e9n lo ve y pedir\u00e1 cuentas a los opresores. Pues \u00e9l salvar\u00e1 al pobre que suplica y al necesitado que no tiene quien lo ayude\u2026 Los salvar\u00e1 de la opresi\u00f3n y [&hellip;]\" \/>\n<meta property=\"og:url\" content=\"https:\/\/mwc-cmm.org\/es\/stories\/carta-pastoral-para-las-iglesias-anabautistas-de-colombia\/\" \/>\n<meta property=\"og:site_name\" content=\"Mennonite World Conference\" \/>\n<meta property=\"article:publisher\" content=\"https:\/\/www.facebook.com\/MennoniteWorldConference\" \/>\n<meta property=\"article:published_time\" content=\"2021-05-06T00:00:00+00:00\" \/>\n<meta property=\"article:modified_time\" content=\"2024-12-10T18:03:37+00:00\" \/>\n<meta property=\"og:image\" content=\"https:\/\/mwc-cmm.org\/wp-content\/uploads\/2024\/11\/ricardo-arce-jj9q-5svqvk-unsplash-scaled.jpg\" \/>\n\t<meta property=\"og:image:width\" content=\"2560\" \/>\n\t<meta property=\"og:image:height\" content=\"1440\" \/>\n\t<meta property=\"og:image:type\" content=\"image\/jpeg\" \/>\n<meta name=\"author\" content=\"mennworldcon\" \/>\n<script type=\"application\/ld+json\" class=\"yoast-schema-graph\">{\"@context\":\"https:\/\/schema.org\",\"@graph\":[{\"@type\":\"Article\",\"@id\":\"https:\/\/mwc-cmm.org\/es\/stories\/carta-pastoral-para-las-iglesias-anabautistas-de-colombia\/#article\",\"isPartOf\":{\"@id\":\"https:\/\/mwc-cmm.org\/es\/stories\/carta-pastoral-para-las-iglesias-anabautistas-de-colombia\/\"},\"author\":{\"name\":\"mennworldcon\",\"@id\":\"https:\/\/mwc-cmm.org\/en\/#\/schema\/person\/11f6ae0d7d1868ba20a1cc27f067c836\"},\"headline\":\"Carta pastoral para las iglesias anabautistas de Colombia\",\"datePublished\":\"2021-05-06T00:00:00+00:00\",\"dateModified\":\"2024-12-10T18:03:37+00:00\",\"mainEntityOfPage\":{\"@id\":\"https:\/\/mwc-cmm.org\/es\/stories\/carta-pastoral-para-las-iglesias-anabautistas-de-colombia\/\"},\"wordCount\":251,\"publisher\":{\"@id\":\"https:\/\/mwc-cmm.org\/en\/#organization\"},\"image\":{\"@id\":\"https:\/\/mwc-cmm.org\/es\/stories\/carta-pastoral-para-las-iglesias-anabautistas-de-colombia\/#primaryimage\"},\"thumbnailUrl\":\"https:\/\/mwc-cmm.org\/wp-content\/uploads\/2024\/11\/ricardo-arce-jj9q-5svqvk-unsplash-scaled.jpg\",\"keywords\":[\"oraci\u00f3n\"],\"articleSection\":[\"Oraci\u00f3n urgente\",\"Oraci\u00f3n urgente\",\"Sin categorizar\"],\"inLanguage\":\"es\"},{\"@type\":\"WebPage\",\"@id\":\"https:\/\/mwc-cmm.org\/es\/stories\/carta-pastoral-para-las-iglesias-anabautistas-de-colombia\/\",\"url\":\"https:\/\/mwc-cmm.org\/es\/stories\/carta-pastoral-para-las-iglesias-anabautistas-de-colombia\/\",\"name\":\"Carta pastoral para las iglesias anabautistas de Colombia - Mennonite World Conference\",\"isPartOf\":{\"@id\":\"https:\/\/mwc-cmm.org\/en\/#website\"},\"primaryImageOfPage\":{\"@id\":\"https:\/\/mwc-cmm.org\/es\/stories\/carta-pastoral-para-las-iglesias-anabautistas-de-colombia\/#primaryimage\"},\"image\":{\"@id\":\"https:\/\/mwc-cmm.org\/es\/stories\/carta-pastoral-para-las-iglesias-anabautistas-de-colombia\/#primaryimage\"},\"thumbnailUrl\":\"https:\/\/mwc-cmm.org\/wp-content\/uploads\/2024\/11\/ricardo-arce-jj9q-5svqvk-unsplash-scaled.jpg\",\"datePublished\":\"2021-05-06T00:00:00+00:00\",\"dateModified\":\"2024-12-10T18:03:37+00:00\",\"breadcrumb\":{\"@id\":\"https:\/\/mwc-cmm.org\/es\/stories\/carta-pastoral-para-las-iglesias-anabautistas-de-colombia\/#breadcrumb\"},\"inLanguage\":\"es\",\"potentialAction\":[{\"@type\":\"ReadAction\",\"target\":[\"https:\/\/mwc-cmm.org\/es\/stories\/carta-pastoral-para-las-iglesias-anabautistas-de-colombia\/\"]}]},{\"@type\":\"ImageObject\",\"inLanguage\":\"es\",\"@id\":\"https:\/\/mwc-cmm.org\/es\/stories\/carta-pastoral-para-las-iglesias-anabautistas-de-colombia\/#primaryimage\",\"url\":\"https:\/\/mwc-cmm.org\/wp-content\/uploads\/2024\/11\/ricardo-arce-jj9q-5svqvk-unsplash-scaled.jpg\",\"contentUrl\":\"https:\/\/mwc-cmm.org\/wp-content\/uploads\/2024\/11\/ricardo-arce-jj9q-5svqvk-unsplash-scaled.jpg\",\"width\":2560,\"height\":1440},{\"@type\":\"BreadcrumbList\",\"@id\":\"https:\/\/mwc-cmm.org\/es\/stories\/carta-pastoral-para-las-iglesias-anabautistas-de-colombia\/#breadcrumb\",\"itemListElement\":[{\"@type\":\"ListItem\",\"position\":1,\"name\":\"Home\",\"item\":\"https:\/\/mwc-cmm.org\/es\/\"},{\"@type\":\"ListItem\",\"position\":2,\"name\":\"Carta pastoral para las iglesias anabautistas de Colombia\"}]},{\"@type\":\"WebSite\",\"@id\":\"https:\/\/mwc-cmm.org\/en\/#website\",\"url\":\"https:\/\/mwc-cmm.org\/en\/\",\"name\":\"Mennonite World Conference\",\"description\":\"A communion of Anabaptist-related churches\",\"publisher\":{\"@id\":\"https:\/\/mwc-cmm.org\/en\/#organization\"},\"alternateName\":\"MWC\",\"potentialAction\":[{\"@type\":\"SearchAction\",\"target\":{\"@type\":\"EntryPoint\",\"urlTemplate\":\"https:\/\/mwc-cmm.org\/en\/?s={search_term_string}\"},\"query-input\":{\"@type\":\"PropertyValueSpecification\",\"valueRequired\":true,\"valueName\":\"search_term_string\"}}],\"inLanguage\":\"es\"},{\"@type\":\"Organization\",\"@id\":\"https:\/\/mwc-cmm.org\/en\/#organization\",\"name\":\"Mennonite World Conference\",\"alternateName\":\"MWC\",\"url\":\"https:\/\/mwc-cmm.org\/en\/\",\"logo\":{\"@type\":\"ImageObject\",\"inLanguage\":\"es\",\"@id\":\"https:\/\/mwc-cmm.org\/en\/#\/schema\/logo\/image\/\",\"url\":\"https:\/\/mwc-cmm.org\/wp-content\/uploads\/2026\/01\/MWC_Sig_Blue_Horiz_webheader1-logo.svg\",\"contentUrl\":\"https:\/\/mwc-cmm.org\/wp-content\/uploads\/2026\/01\/MWC_Sig_Blue_Horiz_webheader1-logo.svg\",\"width\":786,\"height\":82,\"caption\":\"Mennonite World Conference\"},\"image\":{\"@id\":\"https:\/\/mwc-cmm.org\/en\/#\/schema\/logo\/image\/\"},\"sameAs\":[\"https:\/\/www.facebook.com\/MennoniteWorldConference\",\"https:\/\/www.linkedin.com\/company\/mennonite-world-conference-mwc\/\",\"https:\/\/www.instagram.com\/mwcmm\/\",\"https:\/\/www.youtube.com\/user\/mwccmm\",\"https:\/\/bsky.app\/profile\/mwcmm.bsky.social\"]},{\"@type\":\"Person\",\"@id\":\"https:\/\/mwc-cmm.org\/en\/#\/schema\/person\/11f6ae0d7d1868ba20a1cc27f067c836\",\"name\":\"mennworldcon\",\"image\":{\"@type\":\"ImageObject\",\"inLanguage\":\"es\",\"@id\":\"https:\/\/secure.gravatar.com\/avatar\/06fdc0dc81c157dfdb82ec42f252178a22307808988d22c043f9eb96f1e0fe80?s=96&d=mm&r=g\",\"url\":\"https:\/\/secure.gravatar.com\/avatar\/06fdc0dc81c157dfdb82ec42f252178a22307808988d22c043f9eb96f1e0fe80?s=96&d=mm&r=g\",\"contentUrl\":\"https:\/\/secure.gravatar.com\/avatar\/06fdc0dc81c157dfdb82ec42f252178a22307808988d22c043f9eb96f1e0fe80?s=96&d=mm&r=g\",\"caption\":\"mennworldcon\"},\"sameAs\":[\"https:\/\/mwc-cmm.org\"],\"url\":\"https:\/\/mwc-cmm.org\/es\/stories\/author\/mennworldcon\/\"}]}<\/script>\n<!-- \/ Yoast SEO plugin. -->","yoast_head_json":{"title":"Carta pastoral para las iglesias anabautistas de Colombia - Mennonite World Conference","robots":{"index":"index","follow":"follow","max-snippet":"max-snippet:-1","max-image-preview":"max-image-preview:large","max-video-preview":"max-video-preview:-1"},"canonical":"https:\/\/mwc-cmm.org\/es\/stories\/carta-pastoral-para-las-iglesias-anabautistas-de-colombia\/","og_locale":"es_ES","og_type":"article","og_title":"Carta pastoral para las iglesias anabautistas de Colombia - Mennonite World Conference","og_description":"Amados&nbsp;hermanas y hermanos: El mundo est\u00e1 observando c\u00f3mo las fuerzas de dominaci\u00f3n buscan silenciar los clamores pac\u00edficos por una reforma en su pa\u00eds. Dios tambi\u00e9n lo ve y pedir\u00e1 cuentas a los opresores. Pues \u00e9l salvar\u00e1 al pobre que suplica y al necesitado que no tiene quien lo ayude\u2026 Los salvar\u00e1 de la opresi\u00f3n y [&hellip;]","og_url":"https:\/\/mwc-cmm.org\/es\/stories\/carta-pastoral-para-las-iglesias-anabautistas-de-colombia\/","og_site_name":"Mennonite World Conference","article_publisher":"https:\/\/www.facebook.com\/MennoniteWorldConference","article_published_time":"2021-05-06T00:00:00+00:00","article_modified_time":"2024-12-10T18:03:37+00:00","og_image":[{"width":2560,"height":1440,"url":"https:\/\/mwc-cmm.org\/wp-content\/uploads\/2024\/11\/ricardo-arce-jj9q-5svqvk-unsplash-scaled.jpg","type":"image\/jpeg"}],"author":"mennworldcon","schema":{"@context":"https:\/\/schema.org","@graph":[{"@type":"Article","@id":"https:\/\/mwc-cmm.org\/es\/stories\/carta-pastoral-para-las-iglesias-anabautistas-de-colombia\/#article","isPartOf":{"@id":"https:\/\/mwc-cmm.org\/es\/stories\/carta-pastoral-para-las-iglesias-anabautistas-de-colombia\/"},"author":{"name":"mennworldcon","@id":"https:\/\/mwc-cmm.org\/en\/#\/schema\/person\/11f6ae0d7d1868ba20a1cc27f067c836"},"headline":"Carta pastoral para las iglesias anabautistas de Colombia","datePublished":"2021-05-06T00:00:00+00:00","dateModified":"2024-12-10T18:03:37+00:00","mainEntityOfPage":{"@id":"https:\/\/mwc-cmm.org\/es\/stories\/carta-pastoral-para-las-iglesias-anabautistas-de-colombia\/"},"wordCount":251,"publisher":{"@id":"https:\/\/mwc-cmm.org\/en\/#organization"},"image":{"@id":"https:\/\/mwc-cmm.org\/es\/stories\/carta-pastoral-para-las-iglesias-anabautistas-de-colombia\/#primaryimage"},"thumbnailUrl":"https:\/\/mwc-cmm.org\/wp-content\/uploads\/2024\/11\/ricardo-arce-jj9q-5svqvk-unsplash-scaled.jpg","keywords":["oraci\u00f3n"],"articleSection":["Oraci\u00f3n urgente","Oraci\u00f3n urgente","Sin categorizar"],"inLanguage":"es"},{"@type":"WebPage","@id":"https:\/\/mwc-cmm.org\/es\/stories\/carta-pastoral-para-las-iglesias-anabautistas-de-colombia\/","url":"https:\/\/mwc-cmm.org\/es\/stories\/carta-pastoral-para-las-iglesias-anabautistas-de-colombia\/","name":"Carta pastoral para las iglesias anabautistas de Colombia - Mennonite World Conference","isPartOf":{"@id":"https:\/\/mwc-cmm.org\/en\/#website"},"primaryImageOfPage":{"@id":"https:\/\/mwc-cmm.org\/es\/stories\/carta-pastoral-para-las-iglesias-anabautistas-de-colombia\/#primaryimage"},"image":{"@id":"https:\/\/mwc-cmm.org\/es\/stories\/carta-pastoral-para-las-iglesias-anabautistas-de-colombia\/#primaryimage"},"thumbnailUrl":"https:\/\/mwc-cmm.org\/wp-content\/uploads\/2024\/11\/ricardo-arce-jj9q-5svqvk-unsplash-scaled.jpg","datePublished":"2021-05-06T00:00:00+00:00","dateModified":"2024-12-10T18:03:37+00:00","breadcrumb":{"@id":"https:\/\/mwc-cmm.org\/es\/stories\/carta-pastoral-para-las-iglesias-anabautistas-de-colombia\/#breadcrumb"},"inLanguage":"es","potentialAction":[{"@type":"ReadAction","target":["https:\/\/mwc-cmm.org\/es\/stories\/carta-pastoral-para-las-iglesias-anabautistas-de-colombia\/"]}]},{"@type":"ImageObject","inLanguage":"es","@id":"https:\/\/mwc-cmm.org\/es\/stories\/carta-pastoral-para-las-iglesias-anabautistas-de-colombia\/#primaryimage","url":"https:\/\/mwc-cmm.org\/wp-content\/uploads\/2024\/11\/ricardo-arce-jj9q-5svqvk-unsplash-scaled.jpg","contentUrl":"https:\/\/mwc-cmm.org\/wp-content\/uploads\/2024\/11\/ricardo-arce-jj9q-5svqvk-unsplash-scaled.jpg","width":2560,"height":1440},{"@type":"BreadcrumbList","@id":"https:\/\/mwc-cmm.org\/es\/stories\/carta-pastoral-para-las-iglesias-anabautistas-de-colombia\/#breadcrumb","itemListElement":[{"@type":"ListItem","position":1,"name":"Home","item":"https:\/\/mwc-cmm.org\/es\/"},{"@type":"ListItem","position":2,"name":"Carta pastoral para las iglesias anabautistas de Colombia"}]},{"@type":"WebSite","@id":"https:\/\/mwc-cmm.org\/en\/#website","url":"https:\/\/mwc-cmm.org\/en\/","name":"Mennonite World Conference","description":"A communion of Anabaptist-related churches","publisher":{"@id":"https:\/\/mwc-cmm.org\/en\/#organization"},"alternateName":"MWC","potentialAction":[{"@type":"SearchAction","target":{"@type":"EntryPoint","urlTemplate":"https:\/\/mwc-cmm.org\/en\/?s={search_term_string}"},"query-input":{"@type":"PropertyValueSpecification","valueRequired":true,"valueName":"search_term_string"}}],"inLanguage":"es"},{"@type":"Organization","@id":"https:\/\/mwc-cmm.org\/en\/#organization","name":"Mennonite World Conference","alternateName":"MWC","url":"https:\/\/mwc-cmm.org\/en\/","logo":{"@type":"ImageObject","inLanguage":"es","@id":"https:\/\/mwc-cmm.org\/en\/#\/schema\/logo\/image\/","url":"https:\/\/mwc-cmm.org\/wp-content\/uploads\/2026\/01\/MWC_Sig_Blue_Horiz_webheader1-logo.svg","contentUrl":"https:\/\/mwc-cmm.org\/wp-content\/uploads\/2026\/01\/MWC_Sig_Blue_Horiz_webheader1-logo.svg","width":786,"height":82,"caption":"Mennonite World Conference"},"image":{"@id":"https:\/\/mwc-cmm.org\/en\/#\/schema\/logo\/image\/"},"sameAs":["https:\/\/www.facebook.com\/MennoniteWorldConference","https:\/\/www.linkedin.com\/company\/mennonite-world-conference-mwc\/","https:\/\/www.instagram.com\/mwcmm\/","https:\/\/www.youtube.com\/user\/mwccmm","https:\/\/bsky.app\/profile\/mwcmm.bsky.social"]},{"@type":"Person","@id":"https:\/\/mwc-cmm.org\/en\/#\/schema\/person\/11f6ae0d7d1868ba20a1cc27f067c836","name":"mennworldcon","image":{"@type":"ImageObject","inLanguage":"es","@id":"https:\/\/secure.gravatar.com\/avatar\/06fdc0dc81c157dfdb82ec42f252178a22307808988d22c043f9eb96f1e0fe80?s=96&d=mm&r=g","url":"https:\/\/secure.gravatar.com\/avatar\/06fdc0dc81c157dfdb82ec42f252178a22307808988d22c043f9eb96f1e0fe80?s=96&d=mm&r=g","contentUrl":"https:\/\/secure.gravatar.com\/avatar\/06fdc0dc81c157dfdb82ec42f252178a22307808988d22c043f9eb96f1e0fe80?s=96&d=mm&r=g","caption":"mennworldcon"},"sameAs":["https:\/\/mwc-cmm.org"],"url":"https:\/\/mwc-cmm.org\/es\/stories\/author\/mennworldcon\/"}]}},"_links":{"self":[{"href":"https:\/\/mwc-cmm.org\/es\/wp-json\/wp\/v2\/posts\/9107","targetHints":{"allow":["GET"]}}],"collection":[{"href":"https:\/\/mwc-cmm.org\/es\/wp-json\/wp\/v2\/posts"}],"about":[{"href":"https:\/\/mwc-cmm.org\/es\/wp-json\/wp\/v2\/types\/post"}],"author":[{"embeddable":true,"href":"https:\/\/mwc-cmm.org\/es\/wp-json\/wp\/v2\/users\/1"}],"replies":[{"embeddable":true,"href":"https:\/\/mwc-cmm.org\/es\/wp-json\/wp\/v2\/comments?post=9107"}],"version-history":[{"count":0,"href":"https:\/\/mwc-cmm.org\/es\/wp-json\/wp\/v2\/posts\/9107\/revisions"}],"wp:featuredmedia":[{"embeddable":true,"href":"https:\/\/mwc-cmm.org\/es\/wp-json\/wp\/v2\/media\/93624"}],"wp:attachment":[{"href":"https:\/\/mwc-cmm.org\/es\/wp-json\/wp\/v2\/media?parent=9107"}],"wp:term":[{"taxonomy":"category","embeddable":true,"href":"https:\/\/mwc-cmm.org\/es\/wp-json\/wp\/v2\/categories?post=9107"},{"taxonomy":"post_tag","embeddable":true,"href":"https:\/\/mwc-cmm.org\/es\/wp-json\/wp\/v2\/tags?post=9107"},{"taxonomy":"network","embeddable":true,"href":"https:\/\/mwc-cmm.org\/es\/wp-json\/wp\/v2\/network?post=9107"},{"taxonomy":"eventcategory","embeddable":true,"href":"https:\/\/mwc-cmm.org\/es\/wp-json\/wp\/v2\/eventcategory?post=9107"}],"curies":[{"name":"wp","href":"https:\/\/api.w.org\/{rel}","templated":true}]}}