{"id":9103,"date":"2021-05-03T00:00:00","date_gmt":"2021-05-03T00:00:00","guid":{"rendered":"https:\/\/mwc-cmm.org\/the-messiness-of-actual-life-3\/"},"modified":"2024-12-10T18:03:36","modified_gmt":"2024-12-10T18:03:36","slug":"the-messiness-of-actual-life-3","status":"publish","type":"post","link":"https:\/\/mwc-cmm.org\/es\/stories\/the-messiness-of-actual-life-3\/","title":{"rendered":"El desorden de la vida real"},"content":{"rendered":"<h3><span style=\"color:#330066\">Perspectivas: Alemania<\/span><\/h3>\n<hr \/>\n<h2>La labor interreligiosa en Berl\u00edn, Alemania<\/h2>\n<p>A quienes siguen otros caminos religiosos, a menudo se les llama personas \u201cextra\u00f1as\u201d, pero viviendo en Berl\u00edn, Alemania, esto nunca nos ha parecido correcto. Por supuesto, \u201csus\u201d vidas son, en cierto sentido, extra\u00f1as para \u201cnosotros\u201d, al reunirse como lo hacen en torno a historias diferentes, con canciones diferentes y, a menudo, en un d\u00eda de la semana diferente al de nuestro culto dominical. Sin embargo \u2013al vivir en esta ciudad, as\u00ed como en muchos lugares del mundo\u2013 dichas personas \u201cextra\u00f1as\u201d se encuentran muy cerca; el encuentro y la relaci\u00f3n m\u00e1s all\u00e1 de esos l\u00edmites, es algo demasiado cotidiano para que dicha extra\u00f1eza persista.<\/p>\n<p>Esto no siempre es f\u00e1cil. Neukoelln, nuestro antiguo vecindario [barrio], es un microcosmos que refleja dicha ambigua convivencia.<\/p>\n<h3>Pasado y presente<\/h3>\n<p>Esta ambig\u00fcedad se observa con solo dar una vuelta a la manzana: pasando las tiendas y restaurantes de migrantes que a\u00fan subsisten en medio del continuo aburguesamiento, y pasando los caf\u00e9s y bares caros cuya intenci\u00f3n es reemplazarlos; pasando una impresionante mezquita y un resplandeciente templo hind\u00fa pero tambi\u00e9n una antigua sinagoga, un recordatorio inquietante de cu\u00e1nta vida jud\u00eda hubo alguna vez en esta ciudad.<\/p>\n<p>En este lugar, la esperanza de estar juntos en el presente est\u00e1 siempre ensombrecida por el sufrimiento del pasado, que nunca yace realmente en el pasado. En las calles empedradas frente a muchas casas de Berl\u00edn, se encuentran las <em>Stolpersteine<\/em>: placas de bronce conmemorativas que marcan las viviendas de las personas asesinadas por el r\u00e9gimen nazi.<\/p>\n<p>Junto al templo hind\u00fa, se encuentra el <em>Neue Welt<\/em>, alguna vez un lugar de reuni\u00f3n popular para las reuniones de trabajadores y trabajadoras que organizaban la resistencia a la Primera Guerra Mundial.<\/p>\n<p>El edificio principal de la mezquita <em>S\u00c3\u00dfehitlik<\/em> es reciente, pero la presencia musulmana en este lugar es anterior al Estado alem\u00e1n. La mezquita todav\u00eda sufre regularmente ataques xen\u00f3fobos. Est\u00e1 ubicada al costado del aeropuerto de <em>Tempelhof<\/em>, que fue construido por el r\u00e9gimen nacionalsocialista, y fue vital para Berl\u00edn Occidental aislada durante la Guerra Fr\u00eda. Ahora ha renacido como un gran espacio verde donde la gente va a volar cometas, cultivar verduras y jugar al f\u00fatbol. Personas refugiadas viven en el edificio terminal del aeropuerto.<\/p>\n<p>Esta ciudad es antigua y nueva a la vez, mantiene viva la esperanza y est\u00e1 de luto permanentemente. Este lugar me hace recordar que las fronteras erigidas y las historias contadas para separarnos de \u201cellos o ellas\u201d \u2013las personas que pertenecen de aquellas que no\u2013, pueden tener consecuencias fatales.<\/p>\n<h3>Nueva vida a partir de una historia penosa<\/h3>\n<p>Durante a\u00f1os, el Centro Menonita de Paz de Berl\u00edn realiz\u00f3 all\u00ed su labor, pregunt\u00e1ndose sencillamemente qu\u00e9 podr\u00eda significar el Reino de Dios en un lugar as\u00ed. Desde un principio, qued\u00f3 claro que esto deb\u00eda incluir la creaci\u00f3n de espacios para el encuentro y la hermandad interreligiosos. Y a medida que nos reun\u00edamos con activistas, l\u00edderes religiosos y trabajadores sociales, nos maravill\u00e1bamos de la inesperada vida nueva que surg\u00eda continuamente de nuestra labor conjunta, en medio de la penosa historia de esta ciudad.<\/p>\n<p>Cuando trabajamos por la paz, siempre lo hacemos en medio de todo lo que ha acontecido antes. No se da nunca el nuevo comienzo que desear\u00edamos. No se puede abordar al \u201cotro religioso\u201d simplemente como un \u201cotro\u201d sin un reconocimiento del desorden hist\u00f3rico del endeudamiento, el sentido de unidad fraterna y la violencia que ya est\u00e1n presentes en nuestra historia com\u00fan.<\/p>\n<p>A menudo se asume que todos o la mayor\u00eda de los caminos religiosos son iguales, o que son irreconciliablemente diferentes. Sin embargo, ninguno de estos enfoques aborda del todo el desorden hist\u00f3rico y contempor\u00e1neo, y la ambig\u00fcedad de la vida real.<\/p>\n<h3>Escuchar y testificar<\/h3>\n<p>En nuestro grupo de conversaci\u00f3n cristiano-musulm\u00e1n de Neukoelln, adoptamos el h\u00e1bito de <em>escuchar y testificar<\/em>, permitiendo que el testimonio de la otra persona desaf\u00ede nuestra propia fe.<\/p>\n<p>Tal es as\u00ed que descubrimos r\u00e1pidamente que nuestros caminos estaban lejos de ser fundamentalmente los mismos. Hab\u00eda demasiadas diferencias; nuestras historias, tradiciones y nuestros encuentros con Dios eran demasiado singulares, demasiado <em>nuestros<\/em>.<\/p>\n<p>Sin embargo, dicha singularidad no inhibi\u00f3 nuestras conversaciones, sino que hizo que cobraran vida. Mi aprecio personal por la Trinidad y la Encarnaci\u00f3n \u2013pero tambi\u00e9n mi fascinaci\u00f3n por el rabino Jes\u00fas y su camino de paz\u2013 se han profundizado al ser interpelado y desafiado por las preguntas y el testimonio de mis amistades musulmanas.<\/p>\n<p>Pero a medida que compart\u00edamos la mesa y las historias de fe, vida y comunidad, tambi\u00e9n las afirmaciones sobre diferencias inequ\u00edvocas comenzaban a debilitarse. Nos dimos cuenta de que cristianos y musulmanes nunca formaron cuerpos homog\u00e9neos: a menudo est\u00e1bamos en desacuerdo con nuestros \u201ccolegas\u201d con m\u00e1s vehemencia que con los \u201cotros\u201d.<\/p>\n<p>Algo creci\u00f3 entre nosotros que no puede describirse realmente como un acuerdo o una coincidencia, aunque tambi\u00e9n era algo m\u00e1s que un mero respeto de las diferencias: relaci\u00f3n, comunidad. Quiz\u00e1 lo que vivenciamos no est\u00e1 tan lejos de ese singular Reino de personas extra\u00f1as y cenas inesperadas al que nos llama Jes\u00fas de Nazaret (Lucas&nbsp;14,15-24).<\/p>\n<p><em><img decoding=\"async\" alt=\"Marius van Hoogstraten\" class=\"media-element file-default lazyload\" data-delta=\"1\" data-fid=\"6007\" data-media-element=\"1\" height=\"50\" data-src=\"https:\/\/mwc-cmm.org\/sites\/default\/files\/marius3.png\" style=\"--smush-placeholder-width: 50px; --smush-placeholder-aspect-ratio: 50\/50;float:left\" typeof=\"foaf:Image\" width=\"50\" src=\"data:image\/svg+xml;base64,PHN2ZyB3aWR0aD0iMSIgaGVpZ2h0PSIxIiB4bWxucz0iaHR0cDovL3d3dy53My5vcmcvMjAwMC9zdmciPjwvc3ZnPg==\" \/>\u2014Marius van Hoogstraten, pastor de la congregaci\u00f3n menonita de Hamburgo, colabor\u00f3 con el Centro Menonita de Paz de Berl\u00edn (2011-2016).<br \/>\nPara m\u00e1s informaci\u00f3n:<\/em> <em><a href=\"http:\/\/www.menno-friedenszentrum.de\">www.menno-friedenszentrum.de<\/a><\/em><\/p>\n<hr \/>\n<h5>Este art\u00edculo apareci\u00f3 por primera vez en <em>Correo<\/em> en abril de 2021.<\/h5>\n<hr \/>\n<table style=\"width:300px\">\n<tbody>\n<tr>\n<td><a href=\"\/es\/node\/117\">Suscr\u00edbase para recibir la revista Correo en versi\u00f3n impresa o digital<\/a><\/td>\n<\/tr>\n<\/tbody>\n<\/table>\n","protected":false},"excerpt":{"rendered":"<p>Perspectivas: Alemania La labor interreligiosa en Berl\u00edn, Alemania A quienes siguen otros caminos religiosos, a menudo se les llama personas \u201cextra\u00f1as\u201d, pero viviendo en Berl\u00edn, Alemania, esto nunca nos ha parecido correcto. Por supuesto, \u201csus\u201d vidas son, en cierto sentido, extra\u00f1as para \u201cnosotros\u201d, al reunirse como lo hacen en torno a historias diferentes, con canciones [&hellip;]<\/p>\n","protected":false},"author":1,"featured_media":93722,"comment_status":"closed","ping_status":"closed","sticky":false,"template":"","format":"standard","meta":{"_acf_changed":false,"footnotes":""},"categories":[6],"tags":[],"network":[1306],"eventcategory":[],"class_list":["post-9103","post","type-post","status-publish","format-standard","has-post-thumbnail","hentry","category-sin-categorizar","network-courier-es"],"acf":[],"yoast_head":"<!-- This site is optimized with the Yoast SEO plugin v27.5 - https:\/\/yoast.com\/product\/yoast-seo-wordpress\/ -->\n<title>El desorden de la vida real - Mennonite World Conference<\/title>\n<meta name=\"robots\" content=\"index, follow, max-snippet:-1, max-image-preview:large, max-video-preview:-1\" \/>\n<link rel=\"canonical\" href=\"https:\/\/mwc-cmm.org\/en\/stories\/the-messiness-of-actual-life-2\/\" \/>\n<meta property=\"og:locale\" content=\"es_ES\" \/>\n<meta property=\"og:type\" content=\"article\" \/>\n<meta property=\"og:title\" content=\"El desorden de la vida real - Mennonite World Conference\" \/>\n<meta property=\"og:description\" content=\"Perspectivas: Alemania La labor interreligiosa en Berl\u00edn, Alemania A quienes siguen otros caminos religiosos, a menudo se les llama personas \u201cextra\u00f1as\u201d, pero viviendo en Berl\u00edn, Alemania, esto nunca nos ha parecido correcto. Por supuesto, \u201csus\u201d vidas son, en cierto sentido, extra\u00f1as para \u201cnosotros\u201d, al reunirse como lo hacen en torno a historias diferentes, con canciones [&hellip;]\" \/>\n<meta property=\"og:url\" content=\"https:\/\/mwc-cmm.org\/en\/stories\/the-messiness-of-actual-life-2\/\" \/>\n<meta property=\"og:site_name\" content=\"Mennonite World Conference\" \/>\n<meta property=\"article:publisher\" content=\"https:\/\/www.facebook.com\/MennoniteWorldConference\" \/>\n<meta property=\"article:published_time\" content=\"2021-05-03T00:00:00+00:00\" \/>\n<meta property=\"article:modified_time\" content=\"2024-12-10T18:03:36+00:00\" \/>\n<meta property=\"og:image\" content=\"https:\/\/mwc-cmm.org\/wp-content\/uploads\/2024\/11\/64310_10151583894749227_1787530981_n.jpg\" \/>\n\t<meta property=\"og:image:width\" content=\"720\" \/>\n\t<meta property=\"og:image:height\" content=\"960\" \/>\n\t<meta property=\"og:image:type\" content=\"image\/jpeg\" \/>\n<meta name=\"author\" content=\"mennworldcon\" \/>\n<script type=\"application\/ld+json\" class=\"yoast-schema-graph\">{\"@context\":\"https:\\\/\\\/schema.org\",\"@graph\":[{\"@type\":\"Article\",\"@id\":\"https:\\\/\\\/mwc-cmm.org\\\/en\\\/stories\\\/the-messiness-of-actual-life-2\\\/#article\",\"isPartOf\":{\"@id\":\"https:\\\/\\\/mwc-cmm.org\\\/en\\\/stories\\\/the-messiness-of-actual-life-2\\\/\"},\"author\":{\"name\":\"mennworldcon\",\"@id\":\"https:\\\/\\\/mwc-cmm.org\\\/en\\\/#\\\/schema\\\/person\\\/11f6ae0d7d1868ba20a1cc27f067c836\"},\"headline\":\"El desorden de la vida real\",\"datePublished\":\"2021-05-03T00:00:00+00:00\",\"dateModified\":\"2024-12-10T18:03:36+00:00\",\"mainEntityOfPage\":{\"@id\":\"https:\\\/\\\/mwc-cmm.org\\\/en\\\/stories\\\/the-messiness-of-actual-life-2\\\/\"},\"wordCount\":963,\"publisher\":{\"@id\":\"https:\\\/\\\/mwc-cmm.org\\\/en\\\/#organization\"},\"image\":{\"@id\":\"https:\\\/\\\/mwc-cmm.org\\\/en\\\/stories\\\/the-messiness-of-actual-life-2\\\/#primaryimage\"},\"thumbnailUrl\":\"https:\\\/\\\/mwc-cmm.org\\\/wp-content\\\/uploads\\\/2024\\\/11\\\/64310_10151583894749227_1787530981_n.jpg\",\"articleSection\":[\"Sin categorizar\"],\"inLanguage\":\"es\"},{\"@type\":\"WebPage\",\"@id\":\"https:\\\/\\\/mwc-cmm.org\\\/en\\\/stories\\\/the-messiness-of-actual-life-2\\\/\",\"url\":\"https:\\\/\\\/mwc-cmm.org\\\/en\\\/stories\\\/the-messiness-of-actual-life-2\\\/\",\"name\":\"El desorden de la vida real - Mennonite World Conference\",\"isPartOf\":{\"@id\":\"https:\\\/\\\/mwc-cmm.org\\\/en\\\/#website\"},\"primaryImageOfPage\":{\"@id\":\"https:\\\/\\\/mwc-cmm.org\\\/en\\\/stories\\\/the-messiness-of-actual-life-2\\\/#primaryimage\"},\"image\":{\"@id\":\"https:\\\/\\\/mwc-cmm.org\\\/en\\\/stories\\\/the-messiness-of-actual-life-2\\\/#primaryimage\"},\"thumbnailUrl\":\"https:\\\/\\\/mwc-cmm.org\\\/wp-content\\\/uploads\\\/2024\\\/11\\\/64310_10151583894749227_1787530981_n.jpg\",\"datePublished\":\"2021-05-03T00:00:00+00:00\",\"dateModified\":\"2024-12-10T18:03:36+00:00\",\"breadcrumb\":{\"@id\":\"https:\\\/\\\/mwc-cmm.org\\\/en\\\/stories\\\/the-messiness-of-actual-life-2\\\/#breadcrumb\"},\"inLanguage\":\"es\",\"potentialAction\":[{\"@type\":\"ReadAction\",\"target\":[\"https:\\\/\\\/mwc-cmm.org\\\/en\\\/stories\\\/the-messiness-of-actual-life-2\\\/\"]}]},{\"@type\":\"ImageObject\",\"inLanguage\":\"es\",\"@id\":\"https:\\\/\\\/mwc-cmm.org\\\/en\\\/stories\\\/the-messiness-of-actual-life-2\\\/#primaryimage\",\"url\":\"https:\\\/\\\/mwc-cmm.org\\\/wp-content\\\/uploads\\\/2024\\\/11\\\/64310_10151583894749227_1787530981_n.jpg\",\"contentUrl\":\"https:\\\/\\\/mwc-cmm.org\\\/wp-content\\\/uploads\\\/2024\\\/11\\\/64310_10151583894749227_1787530981_n.jpg\",\"width\":720,\"height\":960},{\"@type\":\"BreadcrumbList\",\"@id\":\"https:\\\/\\\/mwc-cmm.org\\\/en\\\/stories\\\/the-messiness-of-actual-life-2\\\/#breadcrumb\",\"itemListElement\":[{\"@type\":\"ListItem\",\"position\":1,\"name\":\"Home\",\"item\":\"https:\\\/\\\/mwc-cmm.org\\\/es\\\/\"},{\"@type\":\"ListItem\",\"position\":2,\"name\":\"El desorden de la vida real\"}]},{\"@type\":\"WebSite\",\"@id\":\"https:\\\/\\\/mwc-cmm.org\\\/en\\\/#website\",\"url\":\"https:\\\/\\\/mwc-cmm.org\\\/en\\\/\",\"name\":\"Mennonite World Conference\",\"description\":\"A communion of Anabaptist-related churches\",\"publisher\":{\"@id\":\"https:\\\/\\\/mwc-cmm.org\\\/en\\\/#organization\"},\"alternateName\":\"MWC\",\"potentialAction\":[{\"@type\":\"SearchAction\",\"target\":{\"@type\":\"EntryPoint\",\"urlTemplate\":\"https:\\\/\\\/mwc-cmm.org\\\/en\\\/?s={search_term_string}\"},\"query-input\":{\"@type\":\"PropertyValueSpecification\",\"valueRequired\":true,\"valueName\":\"search_term_string\"}}],\"inLanguage\":\"es\"},{\"@type\":\"Organization\",\"@id\":\"https:\\\/\\\/mwc-cmm.org\\\/en\\\/#organization\",\"name\":\"Mennonite World Conference\",\"alternateName\":\"MWC\",\"url\":\"https:\\\/\\\/mwc-cmm.org\\\/en\\\/\",\"logo\":{\"@type\":\"ImageObject\",\"inLanguage\":\"es\",\"@id\":\"https:\\\/\\\/mwc-cmm.org\\\/en\\\/#\\\/schema\\\/logo\\\/image\\\/\",\"url\":\"https:\\\/\\\/mwc-cmm.org\\\/wp-content\\\/uploads\\\/2026\\\/01\\\/MWC_Sig_Blue_Horiz_webheader1-logo.svg\",\"contentUrl\":\"https:\\\/\\\/mwc-cmm.org\\\/wp-content\\\/uploads\\\/2026\\\/01\\\/MWC_Sig_Blue_Horiz_webheader1-logo.svg\",\"width\":786,\"height\":82,\"caption\":\"Mennonite World Conference\"},\"image\":{\"@id\":\"https:\\\/\\\/mwc-cmm.org\\\/en\\\/#\\\/schema\\\/logo\\\/image\\\/\"},\"sameAs\":[\"https:\\\/\\\/www.facebook.com\\\/MennoniteWorldConference\",\"https:\\\/\\\/www.linkedin.com\\\/company\\\/mennonite-world-conference-mwc\\\/\",\"https:\\\/\\\/www.instagram.com\\\/mwcmm\\\/\",\"https:\\\/\\\/www.youtube.com\\\/user\\\/mwccmm\",\"https:\\\/\\\/bsky.app\\\/profile\\\/mwcmm.bsky.social\"]},{\"@type\":\"Person\",\"@id\":\"https:\\\/\\\/mwc-cmm.org\\\/en\\\/#\\\/schema\\\/person\\\/11f6ae0d7d1868ba20a1cc27f067c836\",\"name\":\"mennworldcon\",\"image\":{\"@type\":\"ImageObject\",\"inLanguage\":\"es\",\"@id\":\"https:\\\/\\\/secure.gravatar.com\\\/avatar\\\/06fdc0dc81c157dfdb82ec42f252178a22307808988d22c043f9eb96f1e0fe80?s=96&d=mm&r=g\",\"url\":\"https:\\\/\\\/secure.gravatar.com\\\/avatar\\\/06fdc0dc81c157dfdb82ec42f252178a22307808988d22c043f9eb96f1e0fe80?s=96&d=mm&r=g\",\"contentUrl\":\"https:\\\/\\\/secure.gravatar.com\\\/avatar\\\/06fdc0dc81c157dfdb82ec42f252178a22307808988d22c043f9eb96f1e0fe80?s=96&d=mm&r=g\",\"caption\":\"mennworldcon\"},\"sameAs\":[\"https:\\\/\\\/mwc-cmm.org\"],\"url\":\"https:\\\/\\\/mwc-cmm.org\\\/es\\\/stories\\\/author\\\/mennworldcon\\\/\"}]}<\/script>\n<!-- \/ Yoast SEO plugin. -->","yoast_head_json":{"title":"El desorden de la vida real - Mennonite World Conference","robots":{"index":"index","follow":"follow","max-snippet":"max-snippet:-1","max-image-preview":"max-image-preview:large","max-video-preview":"max-video-preview:-1"},"canonical":"https:\/\/mwc-cmm.org\/en\/stories\/the-messiness-of-actual-life-2\/","og_locale":"es_ES","og_type":"article","og_title":"El desorden de la vida real - Mennonite World Conference","og_description":"Perspectivas: Alemania La labor interreligiosa en Berl\u00edn, Alemania A quienes siguen otros caminos religiosos, a menudo se les llama personas \u201cextra\u00f1as\u201d, pero viviendo en Berl\u00edn, Alemania, esto nunca nos ha parecido correcto. Por supuesto, \u201csus\u201d vidas son, en cierto sentido, extra\u00f1as para \u201cnosotros\u201d, al reunirse como lo hacen en torno a historias diferentes, con canciones [&hellip;]","og_url":"https:\/\/mwc-cmm.org\/en\/stories\/the-messiness-of-actual-life-2\/","og_site_name":"Mennonite World Conference","article_publisher":"https:\/\/www.facebook.com\/MennoniteWorldConference","article_published_time":"2021-05-03T00:00:00+00:00","article_modified_time":"2024-12-10T18:03:36+00:00","og_image":[{"width":720,"height":960,"url":"https:\/\/mwc-cmm.org\/wp-content\/uploads\/2024\/11\/64310_10151583894749227_1787530981_n.jpg","type":"image\/jpeg"}],"author":"mennworldcon","schema":{"@context":"https:\/\/schema.org","@graph":[{"@type":"Article","@id":"https:\/\/mwc-cmm.org\/en\/stories\/the-messiness-of-actual-life-2\/#article","isPartOf":{"@id":"https:\/\/mwc-cmm.org\/en\/stories\/the-messiness-of-actual-life-2\/"},"author":{"name":"mennworldcon","@id":"https:\/\/mwc-cmm.org\/en\/#\/schema\/person\/11f6ae0d7d1868ba20a1cc27f067c836"},"headline":"El desorden de la vida real","datePublished":"2021-05-03T00:00:00+00:00","dateModified":"2024-12-10T18:03:36+00:00","mainEntityOfPage":{"@id":"https:\/\/mwc-cmm.org\/en\/stories\/the-messiness-of-actual-life-2\/"},"wordCount":963,"publisher":{"@id":"https:\/\/mwc-cmm.org\/en\/#organization"},"image":{"@id":"https:\/\/mwc-cmm.org\/en\/stories\/the-messiness-of-actual-life-2\/#primaryimage"},"thumbnailUrl":"https:\/\/mwc-cmm.org\/wp-content\/uploads\/2024\/11\/64310_10151583894749227_1787530981_n.jpg","articleSection":["Sin categorizar"],"inLanguage":"es"},{"@type":"WebPage","@id":"https:\/\/mwc-cmm.org\/en\/stories\/the-messiness-of-actual-life-2\/","url":"https:\/\/mwc-cmm.org\/en\/stories\/the-messiness-of-actual-life-2\/","name":"El desorden de la vida real - Mennonite World Conference","isPartOf":{"@id":"https:\/\/mwc-cmm.org\/en\/#website"},"primaryImageOfPage":{"@id":"https:\/\/mwc-cmm.org\/en\/stories\/the-messiness-of-actual-life-2\/#primaryimage"},"image":{"@id":"https:\/\/mwc-cmm.org\/en\/stories\/the-messiness-of-actual-life-2\/#primaryimage"},"thumbnailUrl":"https:\/\/mwc-cmm.org\/wp-content\/uploads\/2024\/11\/64310_10151583894749227_1787530981_n.jpg","datePublished":"2021-05-03T00:00:00+00:00","dateModified":"2024-12-10T18:03:36+00:00","breadcrumb":{"@id":"https:\/\/mwc-cmm.org\/en\/stories\/the-messiness-of-actual-life-2\/#breadcrumb"},"inLanguage":"es","potentialAction":[{"@type":"ReadAction","target":["https:\/\/mwc-cmm.org\/en\/stories\/the-messiness-of-actual-life-2\/"]}]},{"@type":"ImageObject","inLanguage":"es","@id":"https:\/\/mwc-cmm.org\/en\/stories\/the-messiness-of-actual-life-2\/#primaryimage","url":"https:\/\/mwc-cmm.org\/wp-content\/uploads\/2024\/11\/64310_10151583894749227_1787530981_n.jpg","contentUrl":"https:\/\/mwc-cmm.org\/wp-content\/uploads\/2024\/11\/64310_10151583894749227_1787530981_n.jpg","width":720,"height":960},{"@type":"BreadcrumbList","@id":"https:\/\/mwc-cmm.org\/en\/stories\/the-messiness-of-actual-life-2\/#breadcrumb","itemListElement":[{"@type":"ListItem","position":1,"name":"Home","item":"https:\/\/mwc-cmm.org\/es\/"},{"@type":"ListItem","position":2,"name":"El desorden de la vida real"}]},{"@type":"WebSite","@id":"https:\/\/mwc-cmm.org\/en\/#website","url":"https:\/\/mwc-cmm.org\/en\/","name":"Mennonite World Conference","description":"A communion of Anabaptist-related churches","publisher":{"@id":"https:\/\/mwc-cmm.org\/en\/#organization"},"alternateName":"MWC","potentialAction":[{"@type":"SearchAction","target":{"@type":"EntryPoint","urlTemplate":"https:\/\/mwc-cmm.org\/en\/?s={search_term_string}"},"query-input":{"@type":"PropertyValueSpecification","valueRequired":true,"valueName":"search_term_string"}}],"inLanguage":"es"},{"@type":"Organization","@id":"https:\/\/mwc-cmm.org\/en\/#organization","name":"Mennonite World Conference","alternateName":"MWC","url":"https:\/\/mwc-cmm.org\/en\/","logo":{"@type":"ImageObject","inLanguage":"es","@id":"https:\/\/mwc-cmm.org\/en\/#\/schema\/logo\/image\/","url":"https:\/\/mwc-cmm.org\/wp-content\/uploads\/2026\/01\/MWC_Sig_Blue_Horiz_webheader1-logo.svg","contentUrl":"https:\/\/mwc-cmm.org\/wp-content\/uploads\/2026\/01\/MWC_Sig_Blue_Horiz_webheader1-logo.svg","width":786,"height":82,"caption":"Mennonite World Conference"},"image":{"@id":"https:\/\/mwc-cmm.org\/en\/#\/schema\/logo\/image\/"},"sameAs":["https:\/\/www.facebook.com\/MennoniteWorldConference","https:\/\/www.linkedin.com\/company\/mennonite-world-conference-mwc\/","https:\/\/www.instagram.com\/mwcmm\/","https:\/\/www.youtube.com\/user\/mwccmm","https:\/\/bsky.app\/profile\/mwcmm.bsky.social"]},{"@type":"Person","@id":"https:\/\/mwc-cmm.org\/en\/#\/schema\/person\/11f6ae0d7d1868ba20a1cc27f067c836","name":"mennworldcon","image":{"@type":"ImageObject","inLanguage":"es","@id":"https:\/\/secure.gravatar.com\/avatar\/06fdc0dc81c157dfdb82ec42f252178a22307808988d22c043f9eb96f1e0fe80?s=96&d=mm&r=g","url":"https:\/\/secure.gravatar.com\/avatar\/06fdc0dc81c157dfdb82ec42f252178a22307808988d22c043f9eb96f1e0fe80?s=96&d=mm&r=g","contentUrl":"https:\/\/secure.gravatar.com\/avatar\/06fdc0dc81c157dfdb82ec42f252178a22307808988d22c043f9eb96f1e0fe80?s=96&d=mm&r=g","caption":"mennworldcon"},"sameAs":["https:\/\/mwc-cmm.org"],"url":"https:\/\/mwc-cmm.org\/es\/stories\/author\/mennworldcon\/"}]}},"_links":{"self":[{"href":"https:\/\/mwc-cmm.org\/es\/wp-json\/wp\/v2\/posts\/9103","targetHints":{"allow":["GET"]}}],"collection":[{"href":"https:\/\/mwc-cmm.org\/es\/wp-json\/wp\/v2\/posts"}],"about":[{"href":"https:\/\/mwc-cmm.org\/es\/wp-json\/wp\/v2\/types\/post"}],"author":[{"embeddable":true,"href":"https:\/\/mwc-cmm.org\/es\/wp-json\/wp\/v2\/users\/1"}],"replies":[{"embeddable":true,"href":"https:\/\/mwc-cmm.org\/es\/wp-json\/wp\/v2\/comments?post=9103"}],"version-history":[{"count":0,"href":"https:\/\/mwc-cmm.org\/es\/wp-json\/wp\/v2\/posts\/9103\/revisions"}],"wp:featuredmedia":[{"embeddable":true,"href":"https:\/\/mwc-cmm.org\/es\/wp-json\/wp\/v2\/media\/93722"}],"wp:attachment":[{"href":"https:\/\/mwc-cmm.org\/es\/wp-json\/wp\/v2\/media?parent=9103"}],"wp:term":[{"taxonomy":"category","embeddable":true,"href":"https:\/\/mwc-cmm.org\/es\/wp-json\/wp\/v2\/categories?post=9103"},{"taxonomy":"post_tag","embeddable":true,"href":"https:\/\/mwc-cmm.org\/es\/wp-json\/wp\/v2\/tags?post=9103"},{"taxonomy":"network","embeddable":true,"href":"https:\/\/mwc-cmm.org\/es\/wp-json\/wp\/v2\/network?post=9103"},{"taxonomy":"eventcategory","embeddable":true,"href":"https:\/\/mwc-cmm.org\/es\/wp-json\/wp\/v2\/eventcategory?post=9103"}],"curies":[{"name":"wp","href":"https:\/\/api.w.org\/{rel}","templated":true}]}}