{"id":9094,"date":"2021-04-19T00:00:00","date_gmt":"2021-04-19T00:00:00","guid":{"rendered":"https:\/\/mwc-cmm.org\/caring-for-our-brothers-and-sisters-3\/"},"modified":"2024-12-10T18:03:33","modified_gmt":"2024-12-10T18:03:33","slug":"caring-for-our-brothers-and-sisters-3","status":"publish","type":"post","link":"https:\/\/mwc-cmm.org\/es\/stories\/caring-for-our-brothers-and-sisters-3\/","title":{"rendered":"Cuidando a nuestros hermanos y hermanas"},"content":{"rendered":"<p>Para los anabautistas Menonitas y Hermanos en Cristo de todo el mundo<\/p>\n<p>Paz y gracia de parte de sus hermanos y hermanas reunidos en torno a la Red Anabautista Mundial de Salud (GAHN).<\/p>\n<p>La pandemia del COVID-19 ha provocado enormes trastornos, dolor y p\u00e9rdidas.<\/p>\n<p>Nos lamentamos con aquellos que han perdido a sus seres queridos y nos aflige la p\u00e9rdida de los medios de sustento que otras personas han tenido.<\/p>\n<p>Anhelamos reunirnos libremente de nuevo, compartir un plato de comida y adorar sin restricciones porque esto es lo que somos; una comunidad llena de amor.<\/p>\n<p>En medio de todo esto, recordamos nuestra fe en un Dios que nos consuela en el sufrimiento y que camina con nosotros en todas las circunstancias. En palabras de Cristo que ya venci\u00f3: \u201cNo tengan miedo\u201d (Mateo&nbsp;28,10).<\/p>\n<h3>Combatamos las historias sensacionalistas<\/h3>\n<p>Como miembros de la comunidad del cuidado de la salud y como cristianos, reconocemos el miedo y la incertidumbre. Es tentador alimentar dichos sentimientos con falsedades y narrativas sensacionalistas y conspirativas. Las historias falsas captan nuestra atenci\u00f3n y se apoderan de nuestros corazones como las palabras de los falsos profetas. Debemos tener cuidado de no dar falso testimonio (\u00c9xodo&nbsp;20,16).<\/p>\n<p>El mundo gravita hacia el miedo. Pero ser motivados por el miedo no es una se\u00f1al de seguir el camino de Cristo. Deber\u00edamos reflejar la fe a la que nos aferramos. La iglesia debe ser conocida por su amor (Juan&nbsp;13,35).<\/p>\n<h3>Cuidemos de las personas que est\u00e1n enfermas<\/h3>\n<p>Como miembros de la comunidad del cuidado de la salud y como cristianos, cuidamos de aquellas personas est\u00e1n enfermas y protegemos a quienes son vulnerables (Mateo 25: 44-45). Honramos a quienes dedican sus vidas y esfuerzos a combatir este virus, el enemigo com\u00fan.<\/p>\n<p>Por la gracia de Dios, se nos han dado herramientas que disminuyen la transmisi\u00f3n y la mortalidad del COVID-19. Estamos agradecidos por el conocimiento y el arduo trabajo de nuestros hermanos y hermanas en los campos de la ciencia y la salud p\u00fablica que nos brindan opciones que puedan reducir significativamente la enfermedad y la muerte. Deber\u00edamos aceptar sus consejos cuidadosamente considerados.<\/p>\n<p>Tambi\u00e9n honramos a quienes cuidan a las personas enfermas, brindando consuelo y sanaci\u00f3n en los momentos dif\u00edciles. Muchos de nuestros hermanos y hermanas brindan seguridad y cuidado.<\/p>\n<h3>Sigamos las recomendaciones sanitarias<\/h3>\n<p>Como miembros de la comunidad del cuidado de la salud y como cristianos, apoyamos la recomendaci\u00f3n de usar mascarillas y de respetar el distanciamiento social. En un momento dado recurrimos a las mascarillas para protegernos. En el presente, usamos las mascarillas para amar a nuestro pr\u00f3jimo, evitando que nuestro aliento infecte a otros en caso de que, sin saberlo, seamos portadores del virus.<\/p>\n<p>Mantener la distancia f\u00edsica por un tiempo protege a nuestras comunidades. Existe evidencia s\u00f3lida y l\u00f3gica de que cuando limitamos las interacciones cara a cara y cuando evitamos el hacinamiento, los brotes se calman y los sistemas abrumados se estabilizan.<\/p>\n<p>Al seguir consejos sensatos, nuestras iglesias pueden contrarrestar la epidemia con verdad y amor y reducir el miedo que sentimos al mismo tiempo que ponemos de nuestra parte para superar estos tiempos dif\u00edciles (Proverbios 19,20). Trabajemos juntos para perseverar en el amor y abrazar la verdad.<\/p>\n<h3>Aceptemos la vacunaci\u00f3n cuando nos la ofrezcan<\/h3>\n<p>Como miembros de la comunidad del cuidado de la salud y como cristianos, reconocemos que las vacunas ofrecen una gran esperanza para poner fin a esta pandemia, ofrecen protecci\u00f3n personal y construyen resiliencia en nuestra comunidad y en nuestros sistemas de salud.<\/p>\n<p>Muchos de nuestros hermanos y hermanas en Cristo han estado trabajando para lograr estas intervenciones. Ellos abogan en\u00e9rgicamente por la vacunaci\u00f3n y la aceptan para s\u00ed mismos. Honremos su trabajo y ejemplo. La vacunaci\u00f3n es un beneficio que tendr\u00e1 un mayor efecto si se acepta ampliamente. Tambi\u00e9n deber\u00edamos poner al descubierto las falsedades sobre el da\u00f1o que podr\u00eda ocasionar la vacunaci\u00f3n.<\/p>\n<p>Aunque muchos en el mundo pueden buscar autoprotecci\u00f3n debido al ego\u00edsmo, aceptamos la vacunaci\u00f3n como una forma de avanzar en el amor, aceptando en nuestro propio cuerpo la oportunidad de proteger a nuestros vecinos, hermanos y hermanas (Filipenses&nbsp;2,3).<\/p>\n<h3>Esperemos en la gracia de Dios<\/h3>\n<p>Esta es una \u00e9poca de mucha incertidumbre; nuestra fe y esperanza nos ayudar\u00e1n a salir adelante. Que cuando la motivaci\u00f3n dominante sea la autoprotecci\u00f3n, seamos conocidos por lo contrario: el amor a los dem\u00e1s.<\/p>\n<p>Hay esperanza en la gracia de Dios; debemos continuar avanzando juntos (Isa\u00edas&nbsp;40,31).<\/p>\n<p>Al cuidar de nuestros hermanos y hermanas, de nuestro pr\u00f3jimo e incluso de nuestros adversarios, el mundo sabr\u00e1 que somos cristianos por nuestro amor.<\/p>\n<p>Al honrar a quienes han dedicado su vida al cuidado de los enfermos y a quienes encuentran las respuestas a los complejos problemas de la pandemia, la iglesia act\u00faa, cree y demuestra el camino de Cristo en todas las cosas.<\/p>\n<p>&nbsp;Este tiempo de trastornos es una oportunidad para nosotros, como seguidores de Cristo, para permitir que todos conozcan nuestra fe, esperanza y amor.<\/p>\n<p>\u00a1Mantengamos la fe!<\/p>\n<p>\u2014Un recurso educativo del Congreso Mundial Menonita preparado por la Comisi\u00f3n de Coordinaci\u00f3n y Seguimiento de la Red Anabautista Mundial de Salud.<\/p>\n<table style=\"width:300px\">\n<tbody>\n<tr>\n<td><em><a href=\"#firmantes\">Consulte a continuaci\u00f3n los nombres de los firmantes<\/a>.<\/em><\/td>\n<\/tr>\n<\/tbody>\n<\/table>\n<p><em>&nbsp;<\/em><\/p>\n<table style=\"width:300px\">\n<tbody>\n<tr>\n<td>\n<p>Por favor env\u00ede sus preguntas o comentarios a&nbsp;<a href=\"mailto:globalanabaptisthealthnetwork@gmail.com?subject=regarding%20the%20Letter%20from%20GAHN\">globalanabaptisthealthnetwork@gmail.com<\/a><\/p>\n<\/td>\n<\/tr>\n<\/tbody>\n<\/table>\n<h2>Recursos recomendados para l\u00edderes eclesiales&nbsp;<\/h2>\n<p><a href=\"https:\/\/apps.who.int\/iris\/handle\/10665\/332046\">Cuestiones pr\u00e1cticas y recomendaciones para los l\u00edderes religiosos y las comunidades confesionales en el marco de la COVID-19: orientaciones provisionales, 7 de abril de 2020&nbsp;\u00d4\u00aa\u00f8&nbsp;<\/a><\/p>\n<p><a href=\"https:\/\/www.who.int\/es\/news-room\/q-a-detail\/coronavirus-disease-(covid-19)-vaccines-safety\">Enfermedad por el coronavirus de 2019 (COVID-19): seguridad de las vacunas&nbsp;<\/a><\/p>\n<p><a href=\"\/es\/node\/3970\">Perspectivas anabautistas mundiales sobre la lucha contra una pandemia: \u00bfLa fe marca una diferencia?<\/a><\/p>\n<hr \/>\n<h5>La Red Anabautista Mundial de Salud (GAHN) se esfuerza por ser una comunidad mundial compuesta por organizaciones y profesionales de la salud afines al anabautismo que fortalecen el testimonio de la comunidad de fe anabautista a trav\u00e9s de la motivaci\u00f3n mutua, el aprendizaje entre pares, la colaboraci\u00f3n y las co-participaci\u00f3n. Esperamos comunicarnos con usted y agradecemos sus comentarios. Con\u00e9ctese con nosotros en <a href=\"http:\/\/www.globalanabaptisthealthnetwork.org\">www.globalanabaptisthealthnetwork.org<\/a>, en Facebook o env\u00edenos un correo electr\u00f3nico a <a href=\"mailto:globalanabaptisthealthnetwork@gmail.com?subject=contact%20from%20Letter%20post%20on%20website\">globalanabaptisthealthnetwork@gmail.com<\/a>.&nbsp;<\/h5>\n<hr \/>\n<p><a id=\"firmantes\" name=\"firmantes\"><\/a>Los nombres de los firmantes<\/p>\n<p>Dr. Pujianto, MPH<br \/>\ndirector general del Hospital Mardi Rahayu, Kudus, Java Central, Indonesia<br \/>\nGKMI<\/p>\n<p>Mark Shelly, MD<br \/>\nRochester Mennonite Fellowship, New York, EE.UU.<\/p>\n<p>Henk Stenvers, MD<br \/>\nDoopsgezind Gemeente Naarden-Bussum, Netherlands<\/p>\n<p>Comisi\u00f3n de Coordinaci\u00f3n y Seguimiento de la Red Anabautista Mundial de Salud<\/p>\n<p>Jos\u00e9 Arrais<\/p>\n<p>Coordinador del redes, coordinador europeo de las Conferencias Menonitas y representante regionale \u2013 Europa<br \/>\nIgreja Irm\u00e3os Menonitas de Portugal<\/p>\n<p>Cate Michelle Desjardins, MDiv, MPH, BCC<br \/>\nDirectora, Mennonite Healthcare Fellowship, Germantown Mennonite Church, Philadelphia, Pennsylvania, EE.UU.<\/p>\n<p>Beth Good, PhD, APHN-BC, RN<br \/>\nWaynesboro Mennonite Church, Virginia, EE.UU.<\/p>\n<p>Karen Lehman, NHA, MBA<br \/>\nPresidenta de Mennonite Health Services<br \/>\nCollege Mennonite Church, Goshen, Indiana, EE.UU.<\/p>\n<p>Murray Nickel MD<br \/>\nBakerview Church (Hermanos Menonitas), Abbotsford, B.C., Canad\u00e1<\/p>\n<p>Ray Martin, MPH<br \/>\ndirector ejecutivo em\u00e9rito, Christian Connections for International Health<\/p>\n<p>Rolando L. Santiago, PhD<br \/>\njefe, Behavioral Health and Crisis Services, Department of Health and Human Services, Montgomery County, Maryland<br \/>\nNeffsville Mennonite Church, Lancaster, Pennsylvania, EE.UU.<\/p>\n<p>Pakisa K. Tshimika, MPH, DrPH<br \/>\ndirector ejecutivo, Mama Makeka House of Hope<br \/>\nWillow Avenue Mennonite Church (Hermanos Menonitas), Clovis, California, EE.UU.<\/p>\n<p>Ronald Yoder, MPIA<br \/>\nPark View Mennonite Church, Harrisonburg, Virginia, EE.UU.Rick M Stiffney, PhD, MSA<br \/>\n(antiguo) director ejecutivo de MHS y propietario Integrated Leadership and Consultancy LLC<\/p>\n","protected":false},"excerpt":{"rendered":"<p>Para los anabautistas Menonitas y Hermanos en Cristo de todo el mundo Paz y gracia de parte de sus hermanos y hermanas reunidos en torno a la Red Anabautista Mundial de Salud (GAHN). La pandemia del COVID-19 ha provocado enormes trastornos, dolor y p\u00e9rdidas. Nos lamentamos con aquellos que han perdido a sus seres queridos [&hellip;]<\/p>\n","protected":false},"author":1,"featured_media":93512,"comment_status":"closed","ping_status":"closed","sticky":false,"template":"","format":"standard","meta":{"_acf_changed":false,"footnotes":""},"categories":[6],"tags":[615,691],"network":[1293],"eventcategory":[],"class_list":["post-9094","post","type-post","status-publish","format-standard","has-post-thumbnail","hentry","category-sin-categorizar","tag-covid-19-es","tag-gahn-es","network-global-anabaptist-health-network-es"],"acf":[],"yoast_head":"<!-- This site is optimized with the Yoast SEO plugin v27.2 - https:\/\/yoast.com\/product\/yoast-seo-wordpress\/ -->\n<title>Cuidando a nuestros hermanos y hermanas - Mennonite World Conference<\/title>\n<meta name=\"robots\" content=\"index, follow, max-snippet:-1, max-image-preview:large, max-video-preview:-1\" \/>\n<link rel=\"canonical\" href=\"https:\/\/mwc-cmm.org\/es\/stories\/caring-for-our-brothers-and-sisters-3\/\" \/>\n<meta property=\"og:locale\" content=\"es_ES\" \/>\n<meta property=\"og:type\" content=\"article\" \/>\n<meta property=\"og:title\" content=\"Cuidando a nuestros hermanos y hermanas - Mennonite World Conference\" \/>\n<meta property=\"og:description\" content=\"Para los anabautistas Menonitas y Hermanos en Cristo de todo el mundo Paz y gracia de parte de sus hermanos y hermanas reunidos en torno a la Red Anabautista Mundial de Salud (GAHN). La pandemia del COVID-19 ha provocado enormes trastornos, dolor y p\u00e9rdidas. Nos lamentamos con aquellos que han perdido a sus seres queridos [&hellip;]\" \/>\n<meta property=\"og:url\" content=\"https:\/\/mwc-cmm.org\/es\/stories\/caring-for-our-brothers-and-sisters-3\/\" \/>\n<meta property=\"og:site_name\" content=\"Mennonite World Conference\" \/>\n<meta property=\"article:publisher\" content=\"https:\/\/www.facebook.com\/MennoniteWorldConference\" \/>\n<meta property=\"article:published_time\" content=\"2021-04-19T00:00:00+00:00\" \/>\n<meta property=\"article:modified_time\" content=\"2024-12-10T18:03:33+00:00\" \/>\n<meta property=\"og:image\" content=\"https:\/\/mwc-cmm.org\/wp-content\/uploads\/2024\/11\/mardirahaya.jpg\" \/>\n\t<meta property=\"og:image:width\" content=\"960\" \/>\n\t<meta property=\"og:image:height\" content=\"1280\" \/>\n\t<meta property=\"og:image:type\" content=\"image\/jpeg\" \/>\n<meta name=\"author\" content=\"mennworldcon\" \/>\n<script type=\"application\/ld+json\" class=\"yoast-schema-graph\">{\"@context\":\"https:\/\/schema.org\",\"@graph\":[{\"@type\":\"Article\",\"@id\":\"https:\/\/mwc-cmm.org\/es\/stories\/caring-for-our-brothers-and-sisters-3\/#article\",\"isPartOf\":{\"@id\":\"https:\/\/mwc-cmm.org\/es\/stories\/caring-for-our-brothers-and-sisters-3\/\"},\"author\":{\"name\":\"mennworldcon\",\"@id\":\"https:\/\/mwc-cmm.org\/en\/#\/schema\/person\/11f6ae0d7d1868ba20a1cc27f067c836\"},\"headline\":\"Cuidando a nuestros hermanos y hermanas\",\"datePublished\":\"2021-04-19T00:00:00+00:00\",\"dateModified\":\"2024-12-10T18:03:33+00:00\",\"mainEntityOfPage\":{\"@id\":\"https:\/\/mwc-cmm.org\/es\/stories\/caring-for-our-brothers-and-sisters-3\/\"},\"wordCount\":1271,\"publisher\":{\"@id\":\"https:\/\/mwc-cmm.org\/en\/#organization\"},\"image\":{\"@id\":\"https:\/\/mwc-cmm.org\/es\/stories\/caring-for-our-brothers-and-sisters-3\/#primaryimage\"},\"thumbnailUrl\":\"https:\/\/mwc-cmm.org\/wp-content\/uploads\/2024\/11\/mardirahaya.jpg\",\"keywords\":[\"COVID-19\",\"GAHN\"],\"articleSection\":[\"Sin categorizar\"],\"inLanguage\":\"es\"},{\"@type\":\"WebPage\",\"@id\":\"https:\/\/mwc-cmm.org\/es\/stories\/caring-for-our-brothers-and-sisters-3\/\",\"url\":\"https:\/\/mwc-cmm.org\/es\/stories\/caring-for-our-brothers-and-sisters-3\/\",\"name\":\"Cuidando a nuestros hermanos y hermanas - Mennonite World Conference\",\"isPartOf\":{\"@id\":\"https:\/\/mwc-cmm.org\/en\/#website\"},\"primaryImageOfPage\":{\"@id\":\"https:\/\/mwc-cmm.org\/es\/stories\/caring-for-our-brothers-and-sisters-3\/#primaryimage\"},\"image\":{\"@id\":\"https:\/\/mwc-cmm.org\/es\/stories\/caring-for-our-brothers-and-sisters-3\/#primaryimage\"},\"thumbnailUrl\":\"https:\/\/mwc-cmm.org\/wp-content\/uploads\/2024\/11\/mardirahaya.jpg\",\"datePublished\":\"2021-04-19T00:00:00+00:00\",\"dateModified\":\"2024-12-10T18:03:33+00:00\",\"breadcrumb\":{\"@id\":\"https:\/\/mwc-cmm.org\/es\/stories\/caring-for-our-brothers-and-sisters-3\/#breadcrumb\"},\"inLanguage\":\"es\",\"potentialAction\":[{\"@type\":\"ReadAction\",\"target\":[\"https:\/\/mwc-cmm.org\/es\/stories\/caring-for-our-brothers-and-sisters-3\/\"]}]},{\"@type\":\"ImageObject\",\"inLanguage\":\"es\",\"@id\":\"https:\/\/mwc-cmm.org\/es\/stories\/caring-for-our-brothers-and-sisters-3\/#primaryimage\",\"url\":\"https:\/\/mwc-cmm.org\/wp-content\/uploads\/2024\/11\/mardirahaya.jpg\",\"contentUrl\":\"https:\/\/mwc-cmm.org\/wp-content\/uploads\/2024\/11\/mardirahaya.jpg\",\"width\":960,\"height\":1280},{\"@type\":\"BreadcrumbList\",\"@id\":\"https:\/\/mwc-cmm.org\/es\/stories\/caring-for-our-brothers-and-sisters-3\/#breadcrumb\",\"itemListElement\":[{\"@type\":\"ListItem\",\"position\":1,\"name\":\"Home\",\"item\":\"https:\/\/mwc-cmm.org\/es\/\"},{\"@type\":\"ListItem\",\"position\":2,\"name\":\"Cuidando a nuestros hermanos y hermanas\"}]},{\"@type\":\"WebSite\",\"@id\":\"https:\/\/mwc-cmm.org\/en\/#website\",\"url\":\"https:\/\/mwc-cmm.org\/en\/\",\"name\":\"Mennonite World Conference\",\"description\":\"A communion of Anabaptist-related churches\",\"publisher\":{\"@id\":\"https:\/\/mwc-cmm.org\/en\/#organization\"},\"alternateName\":\"MWC\",\"potentialAction\":[{\"@type\":\"SearchAction\",\"target\":{\"@type\":\"EntryPoint\",\"urlTemplate\":\"https:\/\/mwc-cmm.org\/en\/?s={search_term_string}\"},\"query-input\":{\"@type\":\"PropertyValueSpecification\",\"valueRequired\":true,\"valueName\":\"search_term_string\"}}],\"inLanguage\":\"es\"},{\"@type\":\"Organization\",\"@id\":\"https:\/\/mwc-cmm.org\/en\/#organization\",\"name\":\"Mennonite World Conference\",\"alternateName\":\"MWC\",\"url\":\"https:\/\/mwc-cmm.org\/en\/\",\"logo\":{\"@type\":\"ImageObject\",\"inLanguage\":\"es\",\"@id\":\"https:\/\/mwc-cmm.org\/en\/#\/schema\/logo\/image\/\",\"url\":\"https:\/\/mwc-cmm.org\/wp-content\/uploads\/2026\/01\/MWC_Sig_Blue_Horiz_webheader1-logo.svg\",\"contentUrl\":\"https:\/\/mwc-cmm.org\/wp-content\/uploads\/2026\/01\/MWC_Sig_Blue_Horiz_webheader1-logo.svg\",\"width\":786,\"height\":82,\"caption\":\"Mennonite World Conference\"},\"image\":{\"@id\":\"https:\/\/mwc-cmm.org\/en\/#\/schema\/logo\/image\/\"},\"sameAs\":[\"https:\/\/www.facebook.com\/MennoniteWorldConference\",\"https:\/\/www.linkedin.com\/company\/mennonite-world-conference-mwc\/\",\"https:\/\/www.instagram.com\/mwcmm\/\",\"https:\/\/www.youtube.com\/user\/mwccmm\",\"https:\/\/bsky.app\/profile\/mwcmm.bsky.social\"]},{\"@type\":\"Person\",\"@id\":\"https:\/\/mwc-cmm.org\/en\/#\/schema\/person\/11f6ae0d7d1868ba20a1cc27f067c836\",\"name\":\"mennworldcon\",\"image\":{\"@type\":\"ImageObject\",\"inLanguage\":\"es\",\"@id\":\"https:\/\/secure.gravatar.com\/avatar\/06fdc0dc81c157dfdb82ec42f252178a22307808988d22c043f9eb96f1e0fe80?s=96&d=mm&r=g\",\"url\":\"https:\/\/secure.gravatar.com\/avatar\/06fdc0dc81c157dfdb82ec42f252178a22307808988d22c043f9eb96f1e0fe80?s=96&d=mm&r=g\",\"contentUrl\":\"https:\/\/secure.gravatar.com\/avatar\/06fdc0dc81c157dfdb82ec42f252178a22307808988d22c043f9eb96f1e0fe80?s=96&d=mm&r=g\",\"caption\":\"mennworldcon\"},\"sameAs\":[\"https:\/\/mwc-cmm.org\"],\"url\":\"https:\/\/mwc-cmm.org\/es\/stories\/author\/mennworldcon\/\"}]}<\/script>\n<!-- \/ Yoast SEO plugin. -->","yoast_head_json":{"title":"Cuidando a nuestros hermanos y hermanas - Mennonite World Conference","robots":{"index":"index","follow":"follow","max-snippet":"max-snippet:-1","max-image-preview":"max-image-preview:large","max-video-preview":"max-video-preview:-1"},"canonical":"https:\/\/mwc-cmm.org\/es\/stories\/caring-for-our-brothers-and-sisters-3\/","og_locale":"es_ES","og_type":"article","og_title":"Cuidando a nuestros hermanos y hermanas - Mennonite World Conference","og_description":"Para los anabautistas Menonitas y Hermanos en Cristo de todo el mundo Paz y gracia de parte de sus hermanos y hermanas reunidos en torno a la Red Anabautista Mundial de Salud (GAHN). La pandemia del COVID-19 ha provocado enormes trastornos, dolor y p\u00e9rdidas. Nos lamentamos con aquellos que han perdido a sus seres queridos [&hellip;]","og_url":"https:\/\/mwc-cmm.org\/es\/stories\/caring-for-our-brothers-and-sisters-3\/","og_site_name":"Mennonite World Conference","article_publisher":"https:\/\/www.facebook.com\/MennoniteWorldConference","article_published_time":"2021-04-19T00:00:00+00:00","article_modified_time":"2024-12-10T18:03:33+00:00","og_image":[{"width":960,"height":1280,"url":"https:\/\/mwc-cmm.org\/wp-content\/uploads\/2024\/11\/mardirahaya.jpg","type":"image\/jpeg"}],"author":"mennworldcon","schema":{"@context":"https:\/\/schema.org","@graph":[{"@type":"Article","@id":"https:\/\/mwc-cmm.org\/es\/stories\/caring-for-our-brothers-and-sisters-3\/#article","isPartOf":{"@id":"https:\/\/mwc-cmm.org\/es\/stories\/caring-for-our-brothers-and-sisters-3\/"},"author":{"name":"mennworldcon","@id":"https:\/\/mwc-cmm.org\/en\/#\/schema\/person\/11f6ae0d7d1868ba20a1cc27f067c836"},"headline":"Cuidando a nuestros hermanos y hermanas","datePublished":"2021-04-19T00:00:00+00:00","dateModified":"2024-12-10T18:03:33+00:00","mainEntityOfPage":{"@id":"https:\/\/mwc-cmm.org\/es\/stories\/caring-for-our-brothers-and-sisters-3\/"},"wordCount":1271,"publisher":{"@id":"https:\/\/mwc-cmm.org\/en\/#organization"},"image":{"@id":"https:\/\/mwc-cmm.org\/es\/stories\/caring-for-our-brothers-and-sisters-3\/#primaryimage"},"thumbnailUrl":"https:\/\/mwc-cmm.org\/wp-content\/uploads\/2024\/11\/mardirahaya.jpg","keywords":["COVID-19","GAHN"],"articleSection":["Sin categorizar"],"inLanguage":"es"},{"@type":"WebPage","@id":"https:\/\/mwc-cmm.org\/es\/stories\/caring-for-our-brothers-and-sisters-3\/","url":"https:\/\/mwc-cmm.org\/es\/stories\/caring-for-our-brothers-and-sisters-3\/","name":"Cuidando a nuestros hermanos y hermanas - Mennonite World Conference","isPartOf":{"@id":"https:\/\/mwc-cmm.org\/en\/#website"},"primaryImageOfPage":{"@id":"https:\/\/mwc-cmm.org\/es\/stories\/caring-for-our-brothers-and-sisters-3\/#primaryimage"},"image":{"@id":"https:\/\/mwc-cmm.org\/es\/stories\/caring-for-our-brothers-and-sisters-3\/#primaryimage"},"thumbnailUrl":"https:\/\/mwc-cmm.org\/wp-content\/uploads\/2024\/11\/mardirahaya.jpg","datePublished":"2021-04-19T00:00:00+00:00","dateModified":"2024-12-10T18:03:33+00:00","breadcrumb":{"@id":"https:\/\/mwc-cmm.org\/es\/stories\/caring-for-our-brothers-and-sisters-3\/#breadcrumb"},"inLanguage":"es","potentialAction":[{"@type":"ReadAction","target":["https:\/\/mwc-cmm.org\/es\/stories\/caring-for-our-brothers-and-sisters-3\/"]}]},{"@type":"ImageObject","inLanguage":"es","@id":"https:\/\/mwc-cmm.org\/es\/stories\/caring-for-our-brothers-and-sisters-3\/#primaryimage","url":"https:\/\/mwc-cmm.org\/wp-content\/uploads\/2024\/11\/mardirahaya.jpg","contentUrl":"https:\/\/mwc-cmm.org\/wp-content\/uploads\/2024\/11\/mardirahaya.jpg","width":960,"height":1280},{"@type":"BreadcrumbList","@id":"https:\/\/mwc-cmm.org\/es\/stories\/caring-for-our-brothers-and-sisters-3\/#breadcrumb","itemListElement":[{"@type":"ListItem","position":1,"name":"Home","item":"https:\/\/mwc-cmm.org\/es\/"},{"@type":"ListItem","position":2,"name":"Cuidando a nuestros hermanos y hermanas"}]},{"@type":"WebSite","@id":"https:\/\/mwc-cmm.org\/en\/#website","url":"https:\/\/mwc-cmm.org\/en\/","name":"Mennonite World Conference","description":"A communion of Anabaptist-related churches","publisher":{"@id":"https:\/\/mwc-cmm.org\/en\/#organization"},"alternateName":"MWC","potentialAction":[{"@type":"SearchAction","target":{"@type":"EntryPoint","urlTemplate":"https:\/\/mwc-cmm.org\/en\/?s={search_term_string}"},"query-input":{"@type":"PropertyValueSpecification","valueRequired":true,"valueName":"search_term_string"}}],"inLanguage":"es"},{"@type":"Organization","@id":"https:\/\/mwc-cmm.org\/en\/#organization","name":"Mennonite World Conference","alternateName":"MWC","url":"https:\/\/mwc-cmm.org\/en\/","logo":{"@type":"ImageObject","inLanguage":"es","@id":"https:\/\/mwc-cmm.org\/en\/#\/schema\/logo\/image\/","url":"https:\/\/mwc-cmm.org\/wp-content\/uploads\/2026\/01\/MWC_Sig_Blue_Horiz_webheader1-logo.svg","contentUrl":"https:\/\/mwc-cmm.org\/wp-content\/uploads\/2026\/01\/MWC_Sig_Blue_Horiz_webheader1-logo.svg","width":786,"height":82,"caption":"Mennonite World Conference"},"image":{"@id":"https:\/\/mwc-cmm.org\/en\/#\/schema\/logo\/image\/"},"sameAs":["https:\/\/www.facebook.com\/MennoniteWorldConference","https:\/\/www.linkedin.com\/company\/mennonite-world-conference-mwc\/","https:\/\/www.instagram.com\/mwcmm\/","https:\/\/www.youtube.com\/user\/mwccmm","https:\/\/bsky.app\/profile\/mwcmm.bsky.social"]},{"@type":"Person","@id":"https:\/\/mwc-cmm.org\/en\/#\/schema\/person\/11f6ae0d7d1868ba20a1cc27f067c836","name":"mennworldcon","image":{"@type":"ImageObject","inLanguage":"es","@id":"https:\/\/secure.gravatar.com\/avatar\/06fdc0dc81c157dfdb82ec42f252178a22307808988d22c043f9eb96f1e0fe80?s=96&d=mm&r=g","url":"https:\/\/secure.gravatar.com\/avatar\/06fdc0dc81c157dfdb82ec42f252178a22307808988d22c043f9eb96f1e0fe80?s=96&d=mm&r=g","contentUrl":"https:\/\/secure.gravatar.com\/avatar\/06fdc0dc81c157dfdb82ec42f252178a22307808988d22c043f9eb96f1e0fe80?s=96&d=mm&r=g","caption":"mennworldcon"},"sameAs":["https:\/\/mwc-cmm.org"],"url":"https:\/\/mwc-cmm.org\/es\/stories\/author\/mennworldcon\/"}]}},"_links":{"self":[{"href":"https:\/\/mwc-cmm.org\/es\/wp-json\/wp\/v2\/posts\/9094","targetHints":{"allow":["GET"]}}],"collection":[{"href":"https:\/\/mwc-cmm.org\/es\/wp-json\/wp\/v2\/posts"}],"about":[{"href":"https:\/\/mwc-cmm.org\/es\/wp-json\/wp\/v2\/types\/post"}],"author":[{"embeddable":true,"href":"https:\/\/mwc-cmm.org\/es\/wp-json\/wp\/v2\/users\/1"}],"replies":[{"embeddable":true,"href":"https:\/\/mwc-cmm.org\/es\/wp-json\/wp\/v2\/comments?post=9094"}],"version-history":[{"count":0,"href":"https:\/\/mwc-cmm.org\/es\/wp-json\/wp\/v2\/posts\/9094\/revisions"}],"wp:featuredmedia":[{"embeddable":true,"href":"https:\/\/mwc-cmm.org\/es\/wp-json\/wp\/v2\/media\/93512"}],"wp:attachment":[{"href":"https:\/\/mwc-cmm.org\/es\/wp-json\/wp\/v2\/media?parent=9094"}],"wp:term":[{"taxonomy":"category","embeddable":true,"href":"https:\/\/mwc-cmm.org\/es\/wp-json\/wp\/v2\/categories?post=9094"},{"taxonomy":"post_tag","embeddable":true,"href":"https:\/\/mwc-cmm.org\/es\/wp-json\/wp\/v2\/tags?post=9094"},{"taxonomy":"network","embeddable":true,"href":"https:\/\/mwc-cmm.org\/es\/wp-json\/wp\/v2\/network?post=9094"},{"taxonomy":"eventcategory","embeddable":true,"href":"https:\/\/mwc-cmm.org\/es\/wp-json\/wp\/v2\/eventcategory?post=9094"}],"curies":[{"name":"wp","href":"https:\/\/api.w.org\/{rel}","templated":true}]}}