{"id":9062,"date":"2020-12-12T00:00:00","date_gmt":"2020-12-12T00:00:00","guid":{"rendered":"https:\/\/mwc-cmm.org\/captivated-by-the-stories-3\/"},"modified":"2024-12-10T18:03:18","modified_gmt":"2024-12-10T18:03:18","slug":"captivated-by-the-stories-3","status":"publish","type":"post","link":"https:\/\/mwc-cmm.org\/es\/stories\/captivated-by-the-stories-3\/","title":{"rendered":"Cautivados por las historias"},"content":{"rendered":"<p>\u201cLos talleres (de la Asamblea del CMM) brindaron una oportunidad excepcional para que personas de diversos trasfondos se conocieran y compartieran sus historias y experiencias de las grandes cosas que Dios ha logrado a trav\u00e9s de sus ministerios\u201d, afirma Francis Ojwang, l\u00edder de la iglesia de Kenia.<\/p>\n<p>\u00c9l fue una de las m\u00e1s de 220 personas de unos 30 pa\u00edses quienes presentaron unos159 talleres o reuniones de afinidad en la Asamblea del Congreso Mundial Menonita en Pensilvania en 2015.<\/p>\n<p>\u201cEn los talleres, la gente puede interactuar con expertos de nuestra familia mundial sobre temas de inter\u00e9s espec\u00edficos\u201d, explica Estifanos Gedlu, coordinador de talleres de la Asamblea 17. El formato de grupos peque\u00f1os permite el intercambio de ideas por medio del dialogo. Las personas que asisten tambi\u00e9n tienen la oportunidad de conocer a otros miembros de la familia menonita quienes est\u00e1n aprendiendo sobre los mismos temas.<\/p>\n<p>Unas 120 personas asistieron al taller de Francis Ojwang: <em>Avanzando en la Fe: historia de la iglesia Menonita de Kenia de 1942 a 2012<\/em> que se trat\u00f3 de un libro del mismo t\u00edtulo. \u00c9l cree que la mayor\u00eda de las personas que asistieron eran trabajadoras de organizaciones de servicio y misi\u00f3n de la iglesia y que hab\u00edan vivido en Kenia y Tanzania.&nbsp;<\/p>\n<p>\u201cDe hecho, fue una gran sorpresa ver tantas personas, algunas a las que hab\u00eda conocido hace muchos a\u00f1os, aquellas de quienes solo hab\u00eda escuchado hablar y las que estaba conociendo por primera vez\u201d, dice. \u201c\u00a1No pod\u00eda creer lo que ve\u00eda!\u201d<\/p>\n<p>\u201cQuedaron cautivados por las historias (del libro de historia de Kenia)\u201d, relata. Mientras pasaban las p\u00e1ginas, la gente hablaba sobre personas a quienes reconoc\u00edan o lugares en los que hab\u00edan estado. \u201cMe sent\u00ed muy motivado y animado\u201d, expresa Francis Ojwang.<\/p>\n<p>Como resultado del taller, recibi\u00f3 invitaciones para hablar en iglesias locales. \u201cLogr\u00e9 presentarme en dos de ellas (despu\u00e9s de la Asamblea)\u201d.<\/p>\n<p>Tambi\u00e9n se conect\u00f3 con John Roth del Instituto para el Estudio del Anabautismo Mundial. John Roth le ense\u00f1\u00f3 a Francis Ojwang c\u00f3mo hacer para que el libro estuviera disponible en l\u00ednea y le sugiri\u00f3 que reeditara el contenido para enviarlo como biograf\u00edas para GAMEO (Enciclopedia Mundial Anabautista Menonita en l\u00ednea).<\/p>\n<figure class=\"image\" style=\"float:right\"><img decoding=\"async\" alt=\"workshops\" height=\"133\" data-src=\"https:\/\/mwc-cmm.org\/sites\/default\/files\/07242015_jonathan_charles_0695.jpg\" width=\"200\" src=\"data:image\/svg+xml;base64,PHN2ZyB3aWR0aD0iMSIgaGVpZ2h0PSIxIiB4bWxucz0iaHR0cDovL3d3dy53My5vcmcvMjAwMC9zdmciPjwvc3ZnPg==\" class=\"lazyload\" style=\"--smush-placeholder-width: 200px; --smush-placeholder-aspect-ratio: 200\/133;\" \/><figcaption>Tallere Te\u00f3logas Anabautistas<\/figcaption><\/figure>\n<p><a href=\"\/node\/75\">Haga clic aqu\u00ed para obtener m\u00e1s informaci\u00f3n sobre GAMEO.<\/a><\/p>\n<p>\u201cEl inter\u00e9s en general fue grande\u201d, declara Dorothy Jean Weaver (EE. UU.). La profesora de Nuevo Testamento present\u00f3 dos estudios b\u00edblicos sobre el poder y la no violencia, y un taller sobre viajes para la transformaci\u00f3n, que present\u00f3 en la Cumbre Mundial de la Juventud y durante la Asamblea principal. \u201cLa pas\u00e9 muy bien haciendo todos estos talleres\u201d, afirma.<\/p>\n<p>\u201cDurante los talleres, nuestras discusiones fueron animadas y valiosas\u201d, comenta Jonathan Bornman (EE.UU.), quien dio una ponencia sobre las relaciones entre cristianos y musulmanes. \u201cAprend\u00ed sobre otros lugares y c\u00f3mo la gente abordaba dichos asuntos\u201d.<\/p>\n<p>Los presentadores informan que generaron conexiones que resultaron en&nbsp; una comunicaci\u00f3n continua, en algunos casos, hasta el d\u00eda de hoy.<\/p>\n<p>En una Asamblea del CMM, algunos de los talleres son impartidos por l\u00edderes del CMM. Estos se enfocan en el trabajo de las comisiones o en la fraternidad dentro de las redes tales como la Fraternidad Mundial Misionera, la de Mujeres Te\u00f3logas&nbsp; o los antiguos participantes del CCM.<\/p>\n<p>Sin embargo, muchos de los talleres son el resultado de propuestas enviadas por especialistas de las conferencias miembros del CMM de alrededor del mundo. Ellos comparten su experticia en temas que van desde el trabajo por la paz,&nbsp; pasando por el ministerio de ni\u00f1os y&nbsp; hasta el archivo de documentos eclesiales.&nbsp;<\/p>\n<p><a href=\"\/node\/3540\">Haga clic aqu\u00ed para obtener mayor informaci\u00f3n sobre c\u00f3mo postularse para presentar un taller en 2022.<\/a><\/p>\n<p>\u201cInteractuar con representantes de la familia anabautista mundial durante esos d\u00edas sigue siendo un recuerdo positivo\u201d, expresa Jonathan Bornman. \u201c\u00a1Todos estamos muy emocionados de reunirnos en Indonesia!\u201d<\/p>\n<p><div class=\"media_embed\" height=\"315px\" width=\"560px\"><iframe allow=\"accelerometer; autoplay; clipboard-write; encrypted-media; gyroscope; picture-in-picture\" allowfullscreen=\"\" frameborder=\"0\" height=\"315px\" data-src=\"https:\/\/www.youtube.com\/embed\/WNvSgyc9UMQ\" width=\"560px\" src=\"data:image\/svg+xml;base64,PHN2ZyB3aWR0aD0iMSIgaGVpZ2h0PSIxIiB4bWxucz0iaHR0cDovL3d3dy53My5vcmcvMjAwMC9zdmciPjwvc3ZnPg==\" class=\"lazyload\" data-load-mode=\"1\"><\/iframe><\/div><\/p>\n","protected":false},"excerpt":{"rendered":"<p>\u201cLos talleres (de la Asamblea del CMM) brindaron una oportunidad excepcional para que personas de diversos trasfondos se conocieran y compartieran sus historias y experiencias de las grandes cosas que Dios ha logrado a trav\u00e9s de sus ministerios\u201d, afirma Francis Ojwang, l\u00edder de la iglesia de Kenia. \u00c9l fue una de las m\u00e1s de 220 [&hellip;]<\/p>\n","protected":false},"author":1,"featured_media":93079,"comment_status":"closed","ping_status":"closed","sticky":false,"template":"","format":"standard","meta":{"_acf_changed":false,"footnotes":""},"categories":[6],"tags":[],"network":[],"eventcategory":[1493],"class_list":["post-9062","post","type-post","status-publish","format-standard","has-post-thumbnail","hentry","category-sin-categorizar","eventcategory-assembly-es"],"acf":[],"yoast_head":"<!-- This site is optimized with the Yoast SEO plugin v27.5 - https:\/\/yoast.com\/product\/yoast-seo-wordpress\/ -->\n<title>Cautivados por las historias - Mennonite World Conference<\/title>\n<meta name=\"robots\" content=\"index, follow, max-snippet:-1, max-image-preview:large, max-video-preview:-1\" \/>\n<link rel=\"canonical\" href=\"https:\/\/mwc-cmm.org\/en\/stories\/captivated-by-the-stories-2\/\" \/>\n<meta property=\"og:locale\" content=\"es_ES\" \/>\n<meta property=\"og:type\" content=\"article\" \/>\n<meta property=\"og:title\" content=\"Cautivados por las historias - Mennonite World Conference\" \/>\n<meta property=\"og:description\" content=\"\u201cLos talleres (de la Asamblea del CMM) brindaron una oportunidad excepcional para que personas de diversos trasfondos se conocieran y compartieran sus historias y experiencias de las grandes cosas que Dios ha logrado a trav\u00e9s de sus ministerios\u201d, afirma Francis Ojwang, l\u00edder de la iglesia de Kenia. \u00c9l fue una de las m\u00e1s de 220 [&hellip;]\" \/>\n<meta property=\"og:url\" content=\"https:\/\/mwc-cmm.org\/en\/stories\/captivated-by-the-stories-2\/\" \/>\n<meta property=\"og:site_name\" content=\"Mennonite World Conference\" \/>\n<meta property=\"article:publisher\" content=\"https:\/\/www.facebook.com\/MennoniteWorldConference\" \/>\n<meta property=\"article:published_time\" content=\"2020-12-12T00:00:00+00:00\" \/>\n<meta property=\"article:modified_time\" content=\"2024-12-10T18:03:18+00:00\" \/>\n<meta property=\"og:image\" content=\"https:\/\/mwc-cmm.org\/wp-content\/uploads\/2024\/11\/07242015_jonathan_charles_0573-scaled.jpg\" \/>\n\t<meta property=\"og:image:width\" content=\"2560\" \/>\n\t<meta property=\"og:image:height\" content=\"1707\" \/>\n\t<meta property=\"og:image:type\" content=\"image\/jpeg\" \/>\n<meta name=\"author\" content=\"mennworldcon\" \/>\n<script type=\"application\/ld+json\" class=\"yoast-schema-graph\">{\"@context\":\"https:\\\/\\\/schema.org\",\"@graph\":[{\"@type\":\"Article\",\"@id\":\"https:\\\/\\\/mwc-cmm.org\\\/en\\\/stories\\\/captivated-by-the-stories-2\\\/#article\",\"isPartOf\":{\"@id\":\"https:\\\/\\\/mwc-cmm.org\\\/en\\\/stories\\\/captivated-by-the-stories-2\\\/\"},\"author\":{\"name\":\"mennworldcon\",\"@id\":\"https:\\\/\\\/mwc-cmm.org\\\/en\\\/#\\\/schema\\\/person\\\/11f6ae0d7d1868ba20a1cc27f067c836\"},\"headline\":\"Cautivados por las historias\",\"datePublished\":\"2020-12-12T00:00:00+00:00\",\"dateModified\":\"2024-12-10T18:03:18+00:00\",\"mainEntityOfPage\":{\"@id\":\"https:\\\/\\\/mwc-cmm.org\\\/en\\\/stories\\\/captivated-by-the-stories-2\\\/\"},\"wordCount\":671,\"publisher\":{\"@id\":\"https:\\\/\\\/mwc-cmm.org\\\/en\\\/#organization\"},\"image\":{\"@id\":\"https:\\\/\\\/mwc-cmm.org\\\/en\\\/stories\\\/captivated-by-the-stories-2\\\/#primaryimage\"},\"thumbnailUrl\":\"https:\\\/\\\/mwc-cmm.org\\\/wp-content\\\/uploads\\\/2024\\\/11\\\/07242015_jonathan_charles_0573-scaled.jpg\",\"articleSection\":[\"Sin categorizar\"],\"inLanguage\":\"es\"},{\"@type\":\"WebPage\",\"@id\":\"https:\\\/\\\/mwc-cmm.org\\\/en\\\/stories\\\/captivated-by-the-stories-2\\\/\",\"url\":\"https:\\\/\\\/mwc-cmm.org\\\/en\\\/stories\\\/captivated-by-the-stories-2\\\/\",\"name\":\"Cautivados por las historias - Mennonite World Conference\",\"isPartOf\":{\"@id\":\"https:\\\/\\\/mwc-cmm.org\\\/en\\\/#website\"},\"primaryImageOfPage\":{\"@id\":\"https:\\\/\\\/mwc-cmm.org\\\/en\\\/stories\\\/captivated-by-the-stories-2\\\/#primaryimage\"},\"image\":{\"@id\":\"https:\\\/\\\/mwc-cmm.org\\\/en\\\/stories\\\/captivated-by-the-stories-2\\\/#primaryimage\"},\"thumbnailUrl\":\"https:\\\/\\\/mwc-cmm.org\\\/wp-content\\\/uploads\\\/2024\\\/11\\\/07242015_jonathan_charles_0573-scaled.jpg\",\"datePublished\":\"2020-12-12T00:00:00+00:00\",\"dateModified\":\"2024-12-10T18:03:18+00:00\",\"breadcrumb\":{\"@id\":\"https:\\\/\\\/mwc-cmm.org\\\/en\\\/stories\\\/captivated-by-the-stories-2\\\/#breadcrumb\"},\"inLanguage\":\"es\",\"potentialAction\":[{\"@type\":\"ReadAction\",\"target\":[\"https:\\\/\\\/mwc-cmm.org\\\/en\\\/stories\\\/captivated-by-the-stories-2\\\/\"]}]},{\"@type\":\"ImageObject\",\"inLanguage\":\"es\",\"@id\":\"https:\\\/\\\/mwc-cmm.org\\\/en\\\/stories\\\/captivated-by-the-stories-2\\\/#primaryimage\",\"url\":\"https:\\\/\\\/mwc-cmm.org\\\/wp-content\\\/uploads\\\/2024\\\/11\\\/07242015_jonathan_charles_0573-scaled.jpg\",\"contentUrl\":\"https:\\\/\\\/mwc-cmm.org\\\/wp-content\\\/uploads\\\/2024\\\/11\\\/07242015_jonathan_charles_0573-scaled.jpg\",\"width\":2560,\"height\":1707},{\"@type\":\"BreadcrumbList\",\"@id\":\"https:\\\/\\\/mwc-cmm.org\\\/en\\\/stories\\\/captivated-by-the-stories-2\\\/#breadcrumb\",\"itemListElement\":[{\"@type\":\"ListItem\",\"position\":1,\"name\":\"Home\",\"item\":\"https:\\\/\\\/mwc-cmm.org\\\/es\\\/\"},{\"@type\":\"ListItem\",\"position\":2,\"name\":\"Cautivados por las historias\"}]},{\"@type\":\"WebSite\",\"@id\":\"https:\\\/\\\/mwc-cmm.org\\\/en\\\/#website\",\"url\":\"https:\\\/\\\/mwc-cmm.org\\\/en\\\/\",\"name\":\"Mennonite World Conference\",\"description\":\"A communion of Anabaptist-related churches\",\"publisher\":{\"@id\":\"https:\\\/\\\/mwc-cmm.org\\\/en\\\/#organization\"},\"alternateName\":\"MWC\",\"potentialAction\":[{\"@type\":\"SearchAction\",\"target\":{\"@type\":\"EntryPoint\",\"urlTemplate\":\"https:\\\/\\\/mwc-cmm.org\\\/en\\\/?s={search_term_string}\"},\"query-input\":{\"@type\":\"PropertyValueSpecification\",\"valueRequired\":true,\"valueName\":\"search_term_string\"}}],\"inLanguage\":\"es\"},{\"@type\":\"Organization\",\"@id\":\"https:\\\/\\\/mwc-cmm.org\\\/en\\\/#organization\",\"name\":\"Mennonite World Conference\",\"alternateName\":\"MWC\",\"url\":\"https:\\\/\\\/mwc-cmm.org\\\/en\\\/\",\"logo\":{\"@type\":\"ImageObject\",\"inLanguage\":\"es\",\"@id\":\"https:\\\/\\\/mwc-cmm.org\\\/en\\\/#\\\/schema\\\/logo\\\/image\\\/\",\"url\":\"https:\\\/\\\/mwc-cmm.org\\\/wp-content\\\/uploads\\\/2026\\\/01\\\/MWC_Sig_Blue_Horiz_webheader1-logo.svg\",\"contentUrl\":\"https:\\\/\\\/mwc-cmm.org\\\/wp-content\\\/uploads\\\/2026\\\/01\\\/MWC_Sig_Blue_Horiz_webheader1-logo.svg\",\"width\":786,\"height\":82,\"caption\":\"Mennonite World Conference\"},\"image\":{\"@id\":\"https:\\\/\\\/mwc-cmm.org\\\/en\\\/#\\\/schema\\\/logo\\\/image\\\/\"},\"sameAs\":[\"https:\\\/\\\/www.facebook.com\\\/MennoniteWorldConference\",\"https:\\\/\\\/www.linkedin.com\\\/company\\\/mennonite-world-conference-mwc\\\/\",\"https:\\\/\\\/www.instagram.com\\\/mwcmm\\\/\",\"https:\\\/\\\/www.youtube.com\\\/user\\\/mwccmm\",\"https:\\\/\\\/bsky.app\\\/profile\\\/mwcmm.bsky.social\"]},{\"@type\":\"Person\",\"@id\":\"https:\\\/\\\/mwc-cmm.org\\\/en\\\/#\\\/schema\\\/person\\\/11f6ae0d7d1868ba20a1cc27f067c836\",\"name\":\"mennworldcon\",\"image\":{\"@type\":\"ImageObject\",\"inLanguage\":\"es\",\"@id\":\"https:\\\/\\\/secure.gravatar.com\\\/avatar\\\/06fdc0dc81c157dfdb82ec42f252178a22307808988d22c043f9eb96f1e0fe80?s=96&d=mm&r=g\",\"url\":\"https:\\\/\\\/secure.gravatar.com\\\/avatar\\\/06fdc0dc81c157dfdb82ec42f252178a22307808988d22c043f9eb96f1e0fe80?s=96&d=mm&r=g\",\"contentUrl\":\"https:\\\/\\\/secure.gravatar.com\\\/avatar\\\/06fdc0dc81c157dfdb82ec42f252178a22307808988d22c043f9eb96f1e0fe80?s=96&d=mm&r=g\",\"caption\":\"mennworldcon\"},\"sameAs\":[\"https:\\\/\\\/mwc-cmm.org\"],\"url\":\"https:\\\/\\\/mwc-cmm.org\\\/es\\\/stories\\\/author\\\/mennworldcon\\\/\"}]}<\/script>\n<!-- \/ Yoast SEO plugin. -->","yoast_head_json":{"title":"Cautivados por las historias - Mennonite World Conference","robots":{"index":"index","follow":"follow","max-snippet":"max-snippet:-1","max-image-preview":"max-image-preview:large","max-video-preview":"max-video-preview:-1"},"canonical":"https:\/\/mwc-cmm.org\/en\/stories\/captivated-by-the-stories-2\/","og_locale":"es_ES","og_type":"article","og_title":"Cautivados por las historias - Mennonite World Conference","og_description":"\u201cLos talleres (de la Asamblea del CMM) brindaron una oportunidad excepcional para que personas de diversos trasfondos se conocieran y compartieran sus historias y experiencias de las grandes cosas que Dios ha logrado a trav\u00e9s de sus ministerios\u201d, afirma Francis Ojwang, l\u00edder de la iglesia de Kenia. \u00c9l fue una de las m\u00e1s de 220 [&hellip;]","og_url":"https:\/\/mwc-cmm.org\/en\/stories\/captivated-by-the-stories-2\/","og_site_name":"Mennonite World Conference","article_publisher":"https:\/\/www.facebook.com\/MennoniteWorldConference","article_published_time":"2020-12-12T00:00:00+00:00","article_modified_time":"2024-12-10T18:03:18+00:00","og_image":[{"width":2560,"height":1707,"url":"https:\/\/mwc-cmm.org\/wp-content\/uploads\/2024\/11\/07242015_jonathan_charles_0573-scaled.jpg","type":"image\/jpeg"}],"author":"mennworldcon","schema":{"@context":"https:\/\/schema.org","@graph":[{"@type":"Article","@id":"https:\/\/mwc-cmm.org\/en\/stories\/captivated-by-the-stories-2\/#article","isPartOf":{"@id":"https:\/\/mwc-cmm.org\/en\/stories\/captivated-by-the-stories-2\/"},"author":{"name":"mennworldcon","@id":"https:\/\/mwc-cmm.org\/en\/#\/schema\/person\/11f6ae0d7d1868ba20a1cc27f067c836"},"headline":"Cautivados por las historias","datePublished":"2020-12-12T00:00:00+00:00","dateModified":"2024-12-10T18:03:18+00:00","mainEntityOfPage":{"@id":"https:\/\/mwc-cmm.org\/en\/stories\/captivated-by-the-stories-2\/"},"wordCount":671,"publisher":{"@id":"https:\/\/mwc-cmm.org\/en\/#organization"},"image":{"@id":"https:\/\/mwc-cmm.org\/en\/stories\/captivated-by-the-stories-2\/#primaryimage"},"thumbnailUrl":"https:\/\/mwc-cmm.org\/wp-content\/uploads\/2024\/11\/07242015_jonathan_charles_0573-scaled.jpg","articleSection":["Sin categorizar"],"inLanguage":"es"},{"@type":"WebPage","@id":"https:\/\/mwc-cmm.org\/en\/stories\/captivated-by-the-stories-2\/","url":"https:\/\/mwc-cmm.org\/en\/stories\/captivated-by-the-stories-2\/","name":"Cautivados por las historias - Mennonite World Conference","isPartOf":{"@id":"https:\/\/mwc-cmm.org\/en\/#website"},"primaryImageOfPage":{"@id":"https:\/\/mwc-cmm.org\/en\/stories\/captivated-by-the-stories-2\/#primaryimage"},"image":{"@id":"https:\/\/mwc-cmm.org\/en\/stories\/captivated-by-the-stories-2\/#primaryimage"},"thumbnailUrl":"https:\/\/mwc-cmm.org\/wp-content\/uploads\/2024\/11\/07242015_jonathan_charles_0573-scaled.jpg","datePublished":"2020-12-12T00:00:00+00:00","dateModified":"2024-12-10T18:03:18+00:00","breadcrumb":{"@id":"https:\/\/mwc-cmm.org\/en\/stories\/captivated-by-the-stories-2\/#breadcrumb"},"inLanguage":"es","potentialAction":[{"@type":"ReadAction","target":["https:\/\/mwc-cmm.org\/en\/stories\/captivated-by-the-stories-2\/"]}]},{"@type":"ImageObject","inLanguage":"es","@id":"https:\/\/mwc-cmm.org\/en\/stories\/captivated-by-the-stories-2\/#primaryimage","url":"https:\/\/mwc-cmm.org\/wp-content\/uploads\/2024\/11\/07242015_jonathan_charles_0573-scaled.jpg","contentUrl":"https:\/\/mwc-cmm.org\/wp-content\/uploads\/2024\/11\/07242015_jonathan_charles_0573-scaled.jpg","width":2560,"height":1707},{"@type":"BreadcrumbList","@id":"https:\/\/mwc-cmm.org\/en\/stories\/captivated-by-the-stories-2\/#breadcrumb","itemListElement":[{"@type":"ListItem","position":1,"name":"Home","item":"https:\/\/mwc-cmm.org\/es\/"},{"@type":"ListItem","position":2,"name":"Cautivados por las historias"}]},{"@type":"WebSite","@id":"https:\/\/mwc-cmm.org\/en\/#website","url":"https:\/\/mwc-cmm.org\/en\/","name":"Mennonite World Conference","description":"A communion of Anabaptist-related churches","publisher":{"@id":"https:\/\/mwc-cmm.org\/en\/#organization"},"alternateName":"MWC","potentialAction":[{"@type":"SearchAction","target":{"@type":"EntryPoint","urlTemplate":"https:\/\/mwc-cmm.org\/en\/?s={search_term_string}"},"query-input":{"@type":"PropertyValueSpecification","valueRequired":true,"valueName":"search_term_string"}}],"inLanguage":"es"},{"@type":"Organization","@id":"https:\/\/mwc-cmm.org\/en\/#organization","name":"Mennonite World Conference","alternateName":"MWC","url":"https:\/\/mwc-cmm.org\/en\/","logo":{"@type":"ImageObject","inLanguage":"es","@id":"https:\/\/mwc-cmm.org\/en\/#\/schema\/logo\/image\/","url":"https:\/\/mwc-cmm.org\/wp-content\/uploads\/2026\/01\/MWC_Sig_Blue_Horiz_webheader1-logo.svg","contentUrl":"https:\/\/mwc-cmm.org\/wp-content\/uploads\/2026\/01\/MWC_Sig_Blue_Horiz_webheader1-logo.svg","width":786,"height":82,"caption":"Mennonite World Conference"},"image":{"@id":"https:\/\/mwc-cmm.org\/en\/#\/schema\/logo\/image\/"},"sameAs":["https:\/\/www.facebook.com\/MennoniteWorldConference","https:\/\/www.linkedin.com\/company\/mennonite-world-conference-mwc\/","https:\/\/www.instagram.com\/mwcmm\/","https:\/\/www.youtube.com\/user\/mwccmm","https:\/\/bsky.app\/profile\/mwcmm.bsky.social"]},{"@type":"Person","@id":"https:\/\/mwc-cmm.org\/en\/#\/schema\/person\/11f6ae0d7d1868ba20a1cc27f067c836","name":"mennworldcon","image":{"@type":"ImageObject","inLanguage":"es","@id":"https:\/\/secure.gravatar.com\/avatar\/06fdc0dc81c157dfdb82ec42f252178a22307808988d22c043f9eb96f1e0fe80?s=96&d=mm&r=g","url":"https:\/\/secure.gravatar.com\/avatar\/06fdc0dc81c157dfdb82ec42f252178a22307808988d22c043f9eb96f1e0fe80?s=96&d=mm&r=g","contentUrl":"https:\/\/secure.gravatar.com\/avatar\/06fdc0dc81c157dfdb82ec42f252178a22307808988d22c043f9eb96f1e0fe80?s=96&d=mm&r=g","caption":"mennworldcon"},"sameAs":["https:\/\/mwc-cmm.org"],"url":"https:\/\/mwc-cmm.org\/es\/stories\/author\/mennworldcon\/"}]}},"_links":{"self":[{"href":"https:\/\/mwc-cmm.org\/es\/wp-json\/wp\/v2\/posts\/9062","targetHints":{"allow":["GET"]}}],"collection":[{"href":"https:\/\/mwc-cmm.org\/es\/wp-json\/wp\/v2\/posts"}],"about":[{"href":"https:\/\/mwc-cmm.org\/es\/wp-json\/wp\/v2\/types\/post"}],"author":[{"embeddable":true,"href":"https:\/\/mwc-cmm.org\/es\/wp-json\/wp\/v2\/users\/1"}],"replies":[{"embeddable":true,"href":"https:\/\/mwc-cmm.org\/es\/wp-json\/wp\/v2\/comments?post=9062"}],"version-history":[{"count":0,"href":"https:\/\/mwc-cmm.org\/es\/wp-json\/wp\/v2\/posts\/9062\/revisions"}],"wp:featuredmedia":[{"embeddable":true,"href":"https:\/\/mwc-cmm.org\/es\/wp-json\/wp\/v2\/media\/93079"}],"wp:attachment":[{"href":"https:\/\/mwc-cmm.org\/es\/wp-json\/wp\/v2\/media?parent=9062"}],"wp:term":[{"taxonomy":"category","embeddable":true,"href":"https:\/\/mwc-cmm.org\/es\/wp-json\/wp\/v2\/categories?post=9062"},{"taxonomy":"post_tag","embeddable":true,"href":"https:\/\/mwc-cmm.org\/es\/wp-json\/wp\/v2\/tags?post=9062"},{"taxonomy":"network","embeddable":true,"href":"https:\/\/mwc-cmm.org\/es\/wp-json\/wp\/v2\/network?post=9062"},{"taxonomy":"eventcategory","embeddable":true,"href":"https:\/\/mwc-cmm.org\/es\/wp-json\/wp\/v2\/eventcategory?post=9062"}],"curies":[{"name":"wp","href":"https:\/\/api.w.org\/{rel}","templated":true}]}}