{"id":9058,"date":"2020-12-10T00:00:00","date_gmt":"2020-12-10T00:00:00","guid":{"rendered":"https:\/\/mwc-cmm.org\/executive-committee-approves-expansion-plan-3\/"},"modified":"2024-12-10T18:03:16","modified_gmt":"2024-12-10T18:03:16","slug":"comit%c2%8e-ejecutivo-aprueba-plan-de-expansion","status":"publish","type":"post","link":"https:\/\/mwc-cmm.org\/es\/stories\/comit%c2%8e-ejecutivo-aprueba-plan-de-expansion\/","title":{"rendered":"Comit\u00e9 Ejecutivo aprueba plan de expansi\u00f3n"},"content":{"rendered":"<p>\u201cDios nos ha escogido para llevar buenas nuevas a las personas quebrantadas de coraz\u00f3n&#8230; y a proclamar el a\u00f1o del favor de Dios\u201d, dice J. Nelson Kraybill, presidente del CMM, citando Isa\u00edas 61:1-4. \u201cLos \u00faltimos 10 meses del COVID-19 han sido desorientadores\u201d, dice, pero nota c\u00f3mo la narrativa del Antiguo Testamento muestra la fidelidad de Dios a su pueblo a pesar de las grandes dificultades.<\/p>\n<p>En las reuniones en l\u00ednea del 18 al 19 de Noviembre del 2020, el Comit\u00e9 Ejecutivo aprob\u00f3 la expansi\u00f3n de la estructura del Congreso Mundial Menonita para incluir nuevas redes especializadas. La tercera sesi\u00f3n virtual en el 2020 reemplaz\u00f3 las reuniones presenciales en Columbia Brit\u00e1nica, Canad\u00e1, las cuales fueron canceladas debido a la pandemia.<\/p>\n<h3>Iglesias experimentando desaf\u00edos participan<\/h3>\n<p>En muchas de las conferencias nacionales miembros del CMM, hay desempleo y hambre debido a la escasez de alimentos e ingresos. Esto ha dado lugar a contribuciones de las conferencias miembros que est\u00e1n por debajo del presupuesto, inform\u00f3 el Director de Operaciones, Len Rempel. \u201cNos ha alentado que, a pesar de sus dificultades, las conferencias hayan respondido diciendo: &#8216;estamos experimentando desaf\u00edos pero a\u00fan queremos hacer lo que podamos para participar en la iglesia global&#8217;\u201d.<\/p>\n<p>El nivel de ingresos del CMM est\u00e1 por debajo de a\u00f1os anteriores, sin embargo, debido a la cancelaci\u00f3n de todos los viajes desde Marzo, el gasto tambi\u00e9n es menor que en a\u00f1os anteriores. Hasta el 40 por ciento de las donaciones anuales del CMM generalmente se reciben en noviembre y diciembre.<\/p>\n<p>El aplazamiento de la Asamblea hasta el 2022 resulta en un a\u00f1o adicional de gastos. Sin hacer ajustes, Len Rempel proyecta un d\u00e9ficit de $150 000 para la Asamblea. (<a href=\"\/node\/3777\">Haga clic aqu\u00ed para conocer al personal de la Asamblea<\/a>.)<\/p>\n<p>El fondo de respuesta al COVID-19, un proyecto extrapresupuestario en el 2020, recaud\u00f3 unos $ 400 000 en colaboraci\u00f3n con una docena de agencias de servicios y misiones anabautistas. Los proyectos de las conferencias miembros del CMM llevaron ayuda de emergencia a sus comunidades que necesitaban alimentos y suministros de higiene debido a la pandemia. (<a href=\"\/node\/3849\">Haga clic aqu\u00ed para leer m\u00e1s<\/a>.)<\/p>\n<h3>Revisando la Objeci\u00f3n de Conciencia<\/h3>\n<p>El Comit\u00e9 Ejecutivo recomend\u00f3 una revisi\u00f3n adicional de un documento sobre la objeci\u00f3n de conciencia creado por la Comisi\u00f3n de Paz. Esta declaraci\u00f3n ir\u00e1 al Concilio General para su aprobaci\u00f3n en el 2022.<\/p>\n<p>El CMM tiene tres tipos de documentos oficiales: declaraciones, recursos did\u00e1cticos y lineamientos \u2013 todos se encuentran en el Cuaderno de Referencia, un recurso para aquellas personas en posici\u00f3n de liderazgo del Concilio General y del Comit\u00e9 Ejecutivo. (<a href=\"\/node\/37\">Haga clic aqu\u00ed para leer las declaraciones y los recursos did\u00e1cticos del CMM<\/a>.)<\/p>\n<p>El Comit\u00e9 Ejecutivo aprob\u00f3 revisiones del documento de pol\u00edtica sobre el nombramiento de especialistas para las Comisiones del CMM.<\/p>\n<h3>Colaborando con redes<\/h3>\n<p>La deliberaci\u00f3n de la propuesta de aceptar nuevas redes emergentes en la estructura del CMM ocup\u00f3 gran parte de las reuniones. Las redes de Paz, Salud y Educaci\u00f3n ampliar\u00edan el CMM al crear una relaci\u00f3n oficial con sus organizaciones miembros.<\/p>\n<p>\u201cLa idea de las redes es coherente con nuestra visi\u00f3n proyectada en el 2009 de ser una comuni\u00f3n global. Las redes re\u00fanen a las agencias anabautistas para intercambiar experiencias y recursos para mejorar su propio trabajo\u201d, dice C\u00e9sar Garc\u00eda, secretario general del CMM. En ese momento (2009), el Concilio General cre\u00f3 las cuatro Comisiones para enriquecer a la iglesia al proponer recursos materiales y proyectos relacionados con los <a href=\"\/node\/132\/\">Diaconos<\/a>, <a href=\"\/node\/143\/\">Fe y Vida<\/a>, <a href=\"\/node\/144\">Mision <\/a>y <a href=\"\/node\/145\">Paz<\/a>. Proyect\u00f3 una expansi\u00f3n futura para incluir redes para conectar a especialistas anabautistas en campos como la educaci\u00f3n y la salud.<\/p>\n<p>Aunque los fondos operativos de la red fluyen a trav\u00e9s del CMM, las redes ser\u00edan responsables de su propia recaudaci\u00f3n de fondos a trav\u00e9s de las cuotas de los miembros o de las solicitudes de subvenciones. Cada red tendr\u00eda una coordinacion de personal a tiempo parcial y una representaci\u00f3n en una Comisi\u00f3n.<\/p>\n<p>Dos redes ya forman parte de la estructura del CMM, a trav\u00e9s de la Comisi\u00f3n de Misi\u00f3n. La <a href=\"\/node\/3523\/\">Fraternidad Mundial Misionera (GMF)<\/a> tiene 71 miembros de agencias de la iglesia anabaptista involucrados en una variedad de actividades evangelizadoras, humanitarias y sociales y de formaci\u00f3n de disc\u00edpulos.. La <a href=\"\/node\/3525\/\">Red de Servicio Anabautista Mundial (GASN)<\/a> tiene 57 miembros de agencias y organizaciones eclesi\u00e1sticas comprometidas con el evangelio integral de Jesucristo y la misi\u00f3n de la iglesia a trav\u00e9s de ministerios de servicio.<\/p>\n<p>\u201cEsta propuesta est\u00e1 en l\u00ednea con el funcionamiento del CMM \u2013 de abajo hacia arriba\u201d, dice Carlos Mart\u00ednez-Garc\u00eda, representante de Am\u00e9rica Latina. \u201cEsta es una forma en que las personas expertas de estas agencias compartan sus dones con la familia global\u201d.<\/p>\n<p>\u201cNos da m\u00e1s capacidad\u201d, dice Lisa Carr-Pries, aunque advierte el establecimiento de personas para el liderazgo para una tarea tan grande.<\/p>\n<p>La propuesta de agregar redes de Educaci\u00f3n (GAPSEN y GAHEN), Salud (GAHN) y Paz (GAPN) fue aprobada con las precauciones registradas por algunas personas miembros del Comit\u00e9 Ejecutivo. El Concilio General considerar\u00e1 la propuesta en el 2022. Si se aprueba, las redes se evaluar\u00e1n en el 2027 para determinar su condici\u00f3n de continuidad.<\/p>\n<p>\u201cExisten riesgos como para aumentar el tama\u00f1o y la complejidad de la estructura del CMM\u201d, dice Nelson Kraybill. \u201cSin embargo, estas redes ya est\u00e1n funcionando. Estamos encantados de aprovechar la oportunidad para que colaboren con el CMM\u201d.<\/p>\n","protected":false},"excerpt":{"rendered":"<p>\u201cDios nos ha escogido para llevar buenas nuevas a las personas quebrantadas de coraz\u00f3n&#8230; y a proclamar el a\u00f1o del favor de Dios\u201d, dice J. Nelson Kraybill, presidente del CMM, citando Isa\u00edas 61:1-4. \u201cLos \u00faltimos 10 meses del COVID-19 han sido desorientadores\u201d, dice, pero nota c\u00f3mo la narrativa del Antiguo Testamento muestra la fidelidad de [&hellip;]<\/p>\n","protected":false},"author":1,"featured_media":93065,"comment_status":"closed","ping_status":"closed","sticky":false,"template":"","format":"standard","meta":{"_acf_changed":false,"footnotes":""},"categories":[6],"tags":[217],"network":[],"eventcategory":[],"class_list":["post-9058","post","type-post","status-publish","format-standard","has-post-thumbnail","hentry","category-sin-categorizar","tag-executive-committee"],"acf":[],"yoast_head":"<!-- This site is optimized with the Yoast SEO plugin v27.5 - https:\/\/yoast.com\/product\/yoast-seo-wordpress\/ -->\n<title>Comit\u00e9 Ejecutivo aprueba plan de expansi\u00f3n - Mennonite World Conference<\/title>\n<meta name=\"robots\" content=\"index, follow, max-snippet:-1, max-image-preview:large, max-video-preview:-1\" \/>\n<link rel=\"canonical\" href=\"https:\/\/mwc-cmm.org\/es\/stories\/comit\u008e-ejecutivo-aprueba-plan-de-expansion\/\" \/>\n<meta property=\"og:locale\" content=\"es_ES\" \/>\n<meta property=\"og:type\" content=\"article\" \/>\n<meta property=\"og:title\" content=\"Comit\u00e9 Ejecutivo aprueba plan de expansi\u00f3n - Mennonite World Conference\" \/>\n<meta property=\"og:description\" content=\"\u201cDios nos ha escogido para llevar buenas nuevas a las personas quebrantadas de coraz\u00f3n&#8230; y a proclamar el a\u00f1o del favor de Dios\u201d, dice J. Nelson Kraybill, presidente del CMM, citando Isa\u00edas 61:1-4. \u201cLos \u00faltimos 10 meses del COVID-19 han sido desorientadores\u201d, dice, pero nota c\u00f3mo la narrativa del Antiguo Testamento muestra la fidelidad de [&hellip;]\" \/>\n<meta property=\"og:url\" content=\"https:\/\/mwc-cmm.org\/es\/stories\/comit\u008e-ejecutivo-aprueba-plan-de-expansion\/\" \/>\n<meta property=\"og:site_name\" content=\"Mennonite World Conference\" \/>\n<meta property=\"article:publisher\" content=\"https:\/\/www.facebook.com\/MennoniteWorldConference\" \/>\n<meta property=\"article:published_time\" content=\"2020-12-10T00:00:00+00:00\" \/>\n<meta property=\"article:modified_time\" content=\"2024-12-10T18:03:16+00:00\" \/>\n<meta property=\"og:image\" content=\"https:\/\/mwc-cmm.org\/wp-content\/uploads\/2024\/11\/ec-nov-2020_1.1.2_1.1.2.jpg\" \/>\n\t<meta property=\"og:image:width\" content=\"1920\" \/>\n\t<meta property=\"og:image:height\" content=\"1080\" \/>\n\t<meta property=\"og:image:type\" content=\"image\/jpeg\" \/>\n<meta name=\"author\" content=\"mennworldcon\" \/>\n<script type=\"application\/ld+json\" class=\"yoast-schema-graph\">{\"@context\":\"https:\\\/\\\/schema.org\",\"@graph\":[{\"@type\":\"Article\",\"@id\":\"https:\\\/\\\/mwc-cmm.org\\\/es\\\/stories\\\/comit%c2%8e-ejecutivo-aprueba-plan-de-expansion\\\/#article\",\"isPartOf\":{\"@id\":\"https:\\\/\\\/mwc-cmm.org\\\/es\\\/stories\\\/comit%c2%8e-ejecutivo-aprueba-plan-de-expansion\\\/\"},\"author\":{\"name\":\"mennworldcon\",\"@id\":\"https:\\\/\\\/mwc-cmm.org\\\/en\\\/#\\\/schema\\\/person\\\/11f6ae0d7d1868ba20a1cc27f067c836\"},\"headline\":\"Comit\u00e9 Ejecutivo aprueba plan de expansi\u00f3n\",\"datePublished\":\"2020-12-10T00:00:00+00:00\",\"dateModified\":\"2024-12-10T18:03:16+00:00\",\"mainEntityOfPage\":{\"@id\":\"https:\\\/\\\/mwc-cmm.org\\\/es\\\/stories\\\/comit%c2%8e-ejecutivo-aprueba-plan-de-expansion\\\/\"},\"wordCount\":929,\"publisher\":{\"@id\":\"https:\\\/\\\/mwc-cmm.org\\\/en\\\/#organization\"},\"image\":{\"@id\":\"https:\\\/\\\/mwc-cmm.org\\\/es\\\/stories\\\/comit%c2%8e-ejecutivo-aprueba-plan-de-expansion\\\/#primaryimage\"},\"thumbnailUrl\":\"https:\\\/\\\/mwc-cmm.org\\\/wp-content\\\/uploads\\\/2024\\\/11\\\/ec-nov-2020_1.1.2_1.1.2.jpg\",\"keywords\":[\"Executive Committee\"],\"articleSection\":[\"Sin categorizar\"],\"inLanguage\":\"es\"},{\"@type\":\"WebPage\",\"@id\":\"https:\\\/\\\/mwc-cmm.org\\\/es\\\/stories\\\/comit%c2%8e-ejecutivo-aprueba-plan-de-expansion\\\/\",\"url\":\"https:\\\/\\\/mwc-cmm.org\\\/es\\\/stories\\\/comit%c2%8e-ejecutivo-aprueba-plan-de-expansion\\\/\",\"name\":\"Comit\u00e9 Ejecutivo aprueba plan de expansi\u00f3n - Mennonite World Conference\",\"isPartOf\":{\"@id\":\"https:\\\/\\\/mwc-cmm.org\\\/en\\\/#website\"},\"primaryImageOfPage\":{\"@id\":\"https:\\\/\\\/mwc-cmm.org\\\/es\\\/stories\\\/comit%c2%8e-ejecutivo-aprueba-plan-de-expansion\\\/#primaryimage\"},\"image\":{\"@id\":\"https:\\\/\\\/mwc-cmm.org\\\/es\\\/stories\\\/comit%c2%8e-ejecutivo-aprueba-plan-de-expansion\\\/#primaryimage\"},\"thumbnailUrl\":\"https:\\\/\\\/mwc-cmm.org\\\/wp-content\\\/uploads\\\/2024\\\/11\\\/ec-nov-2020_1.1.2_1.1.2.jpg\",\"datePublished\":\"2020-12-10T00:00:00+00:00\",\"dateModified\":\"2024-12-10T18:03:16+00:00\",\"breadcrumb\":{\"@id\":\"https:\\\/\\\/mwc-cmm.org\\\/es\\\/stories\\\/comit%c2%8e-ejecutivo-aprueba-plan-de-expansion\\\/#breadcrumb\"},\"inLanguage\":\"es\",\"potentialAction\":[{\"@type\":\"ReadAction\",\"target\":[\"https:\\\/\\\/mwc-cmm.org\\\/es\\\/stories\\\/comit%c2%8e-ejecutivo-aprueba-plan-de-expansion\\\/\"]}]},{\"@type\":\"ImageObject\",\"inLanguage\":\"es\",\"@id\":\"https:\\\/\\\/mwc-cmm.org\\\/es\\\/stories\\\/comit%c2%8e-ejecutivo-aprueba-plan-de-expansion\\\/#primaryimage\",\"url\":\"https:\\\/\\\/mwc-cmm.org\\\/wp-content\\\/uploads\\\/2024\\\/11\\\/ec-nov-2020_1.1.2_1.1.2.jpg\",\"contentUrl\":\"https:\\\/\\\/mwc-cmm.org\\\/wp-content\\\/uploads\\\/2024\\\/11\\\/ec-nov-2020_1.1.2_1.1.2.jpg\",\"width\":1920,\"height\":1080},{\"@type\":\"BreadcrumbList\",\"@id\":\"https:\\\/\\\/mwc-cmm.org\\\/es\\\/stories\\\/comit%c2%8e-ejecutivo-aprueba-plan-de-expansion\\\/#breadcrumb\",\"itemListElement\":[{\"@type\":\"ListItem\",\"position\":1,\"name\":\"Home\",\"item\":\"https:\\\/\\\/mwc-cmm.org\\\/es\\\/\"},{\"@type\":\"ListItem\",\"position\":2,\"name\":\"Comit\u00e9 Ejecutivo aprueba plan de expansi\u00f3n\"}]},{\"@type\":\"WebSite\",\"@id\":\"https:\\\/\\\/mwc-cmm.org\\\/en\\\/#website\",\"url\":\"https:\\\/\\\/mwc-cmm.org\\\/en\\\/\",\"name\":\"Mennonite World Conference\",\"description\":\"A communion of Anabaptist-related churches\",\"publisher\":{\"@id\":\"https:\\\/\\\/mwc-cmm.org\\\/en\\\/#organization\"},\"alternateName\":\"MWC\",\"potentialAction\":[{\"@type\":\"SearchAction\",\"target\":{\"@type\":\"EntryPoint\",\"urlTemplate\":\"https:\\\/\\\/mwc-cmm.org\\\/en\\\/?s={search_term_string}\"},\"query-input\":{\"@type\":\"PropertyValueSpecification\",\"valueRequired\":true,\"valueName\":\"search_term_string\"}}],\"inLanguage\":\"es\"},{\"@type\":\"Organization\",\"@id\":\"https:\\\/\\\/mwc-cmm.org\\\/en\\\/#organization\",\"name\":\"Mennonite World Conference\",\"alternateName\":\"MWC\",\"url\":\"https:\\\/\\\/mwc-cmm.org\\\/en\\\/\",\"logo\":{\"@type\":\"ImageObject\",\"inLanguage\":\"es\",\"@id\":\"https:\\\/\\\/mwc-cmm.org\\\/en\\\/#\\\/schema\\\/logo\\\/image\\\/\",\"url\":\"https:\\\/\\\/mwc-cmm.org\\\/wp-content\\\/uploads\\\/2026\\\/01\\\/MWC_Sig_Blue_Horiz_webheader1-logo.svg\",\"contentUrl\":\"https:\\\/\\\/mwc-cmm.org\\\/wp-content\\\/uploads\\\/2026\\\/01\\\/MWC_Sig_Blue_Horiz_webheader1-logo.svg\",\"width\":786,\"height\":82,\"caption\":\"Mennonite World Conference\"},\"image\":{\"@id\":\"https:\\\/\\\/mwc-cmm.org\\\/en\\\/#\\\/schema\\\/logo\\\/image\\\/\"},\"sameAs\":[\"https:\\\/\\\/www.facebook.com\\\/MennoniteWorldConference\",\"https:\\\/\\\/www.linkedin.com\\\/company\\\/mennonite-world-conference-mwc\\\/\",\"https:\\\/\\\/www.instagram.com\\\/mwcmm\\\/\",\"https:\\\/\\\/www.youtube.com\\\/user\\\/mwccmm\",\"https:\\\/\\\/bsky.app\\\/profile\\\/mwcmm.bsky.social\"]},{\"@type\":\"Person\",\"@id\":\"https:\\\/\\\/mwc-cmm.org\\\/en\\\/#\\\/schema\\\/person\\\/11f6ae0d7d1868ba20a1cc27f067c836\",\"name\":\"mennworldcon\",\"image\":{\"@type\":\"ImageObject\",\"inLanguage\":\"es\",\"@id\":\"https:\\\/\\\/secure.gravatar.com\\\/avatar\\\/06fdc0dc81c157dfdb82ec42f252178a22307808988d22c043f9eb96f1e0fe80?s=96&d=mm&r=g\",\"url\":\"https:\\\/\\\/secure.gravatar.com\\\/avatar\\\/06fdc0dc81c157dfdb82ec42f252178a22307808988d22c043f9eb96f1e0fe80?s=96&d=mm&r=g\",\"contentUrl\":\"https:\\\/\\\/secure.gravatar.com\\\/avatar\\\/06fdc0dc81c157dfdb82ec42f252178a22307808988d22c043f9eb96f1e0fe80?s=96&d=mm&r=g\",\"caption\":\"mennworldcon\"},\"sameAs\":[\"https:\\\/\\\/mwc-cmm.org\"],\"url\":\"https:\\\/\\\/mwc-cmm.org\\\/es\\\/stories\\\/author\\\/mennworldcon\\\/\"}]}<\/script>\n<!-- \/ Yoast SEO plugin. -->","yoast_head_json":{"title":"Comit\u00e9 Ejecutivo aprueba plan de expansi\u00f3n - Mennonite World Conference","robots":{"index":"index","follow":"follow","max-snippet":"max-snippet:-1","max-image-preview":"max-image-preview:large","max-video-preview":"max-video-preview:-1"},"canonical":"https:\/\/mwc-cmm.org\/es\/stories\/comit\u008e-ejecutivo-aprueba-plan-de-expansion\/","og_locale":"es_ES","og_type":"article","og_title":"Comit\u00e9 Ejecutivo aprueba plan de expansi\u00f3n - Mennonite World Conference","og_description":"\u201cDios nos ha escogido para llevar buenas nuevas a las personas quebrantadas de coraz\u00f3n&#8230; y a proclamar el a\u00f1o del favor de Dios\u201d, dice J. Nelson Kraybill, presidente del CMM, citando Isa\u00edas 61:1-4. \u201cLos \u00faltimos 10 meses del COVID-19 han sido desorientadores\u201d, dice, pero nota c\u00f3mo la narrativa del Antiguo Testamento muestra la fidelidad de [&hellip;]","og_url":"https:\/\/mwc-cmm.org\/es\/stories\/comit\u008e-ejecutivo-aprueba-plan-de-expansion\/","og_site_name":"Mennonite World Conference","article_publisher":"https:\/\/www.facebook.com\/MennoniteWorldConference","article_published_time":"2020-12-10T00:00:00+00:00","article_modified_time":"2024-12-10T18:03:16+00:00","og_image":[{"width":1920,"height":1080,"url":"https:\/\/mwc-cmm.org\/wp-content\/uploads\/2024\/11\/ec-nov-2020_1.1.2_1.1.2.jpg","type":"image\/jpeg"}],"author":"mennworldcon","schema":{"@context":"https:\/\/schema.org","@graph":[{"@type":"Article","@id":"https:\/\/mwc-cmm.org\/es\/stories\/comit%c2%8e-ejecutivo-aprueba-plan-de-expansion\/#article","isPartOf":{"@id":"https:\/\/mwc-cmm.org\/es\/stories\/comit%c2%8e-ejecutivo-aprueba-plan-de-expansion\/"},"author":{"name":"mennworldcon","@id":"https:\/\/mwc-cmm.org\/en\/#\/schema\/person\/11f6ae0d7d1868ba20a1cc27f067c836"},"headline":"Comit\u00e9 Ejecutivo aprueba plan de expansi\u00f3n","datePublished":"2020-12-10T00:00:00+00:00","dateModified":"2024-12-10T18:03:16+00:00","mainEntityOfPage":{"@id":"https:\/\/mwc-cmm.org\/es\/stories\/comit%c2%8e-ejecutivo-aprueba-plan-de-expansion\/"},"wordCount":929,"publisher":{"@id":"https:\/\/mwc-cmm.org\/en\/#organization"},"image":{"@id":"https:\/\/mwc-cmm.org\/es\/stories\/comit%c2%8e-ejecutivo-aprueba-plan-de-expansion\/#primaryimage"},"thumbnailUrl":"https:\/\/mwc-cmm.org\/wp-content\/uploads\/2024\/11\/ec-nov-2020_1.1.2_1.1.2.jpg","keywords":["Executive Committee"],"articleSection":["Sin categorizar"],"inLanguage":"es"},{"@type":"WebPage","@id":"https:\/\/mwc-cmm.org\/es\/stories\/comit%c2%8e-ejecutivo-aprueba-plan-de-expansion\/","url":"https:\/\/mwc-cmm.org\/es\/stories\/comit%c2%8e-ejecutivo-aprueba-plan-de-expansion\/","name":"Comit\u00e9 Ejecutivo aprueba plan de expansi\u00f3n - Mennonite World Conference","isPartOf":{"@id":"https:\/\/mwc-cmm.org\/en\/#website"},"primaryImageOfPage":{"@id":"https:\/\/mwc-cmm.org\/es\/stories\/comit%c2%8e-ejecutivo-aprueba-plan-de-expansion\/#primaryimage"},"image":{"@id":"https:\/\/mwc-cmm.org\/es\/stories\/comit%c2%8e-ejecutivo-aprueba-plan-de-expansion\/#primaryimage"},"thumbnailUrl":"https:\/\/mwc-cmm.org\/wp-content\/uploads\/2024\/11\/ec-nov-2020_1.1.2_1.1.2.jpg","datePublished":"2020-12-10T00:00:00+00:00","dateModified":"2024-12-10T18:03:16+00:00","breadcrumb":{"@id":"https:\/\/mwc-cmm.org\/es\/stories\/comit%c2%8e-ejecutivo-aprueba-plan-de-expansion\/#breadcrumb"},"inLanguage":"es","potentialAction":[{"@type":"ReadAction","target":["https:\/\/mwc-cmm.org\/es\/stories\/comit%c2%8e-ejecutivo-aprueba-plan-de-expansion\/"]}]},{"@type":"ImageObject","inLanguage":"es","@id":"https:\/\/mwc-cmm.org\/es\/stories\/comit%c2%8e-ejecutivo-aprueba-plan-de-expansion\/#primaryimage","url":"https:\/\/mwc-cmm.org\/wp-content\/uploads\/2024\/11\/ec-nov-2020_1.1.2_1.1.2.jpg","contentUrl":"https:\/\/mwc-cmm.org\/wp-content\/uploads\/2024\/11\/ec-nov-2020_1.1.2_1.1.2.jpg","width":1920,"height":1080},{"@type":"BreadcrumbList","@id":"https:\/\/mwc-cmm.org\/es\/stories\/comit%c2%8e-ejecutivo-aprueba-plan-de-expansion\/#breadcrumb","itemListElement":[{"@type":"ListItem","position":1,"name":"Home","item":"https:\/\/mwc-cmm.org\/es\/"},{"@type":"ListItem","position":2,"name":"Comit\u00e9 Ejecutivo aprueba plan de expansi\u00f3n"}]},{"@type":"WebSite","@id":"https:\/\/mwc-cmm.org\/en\/#website","url":"https:\/\/mwc-cmm.org\/en\/","name":"Mennonite World Conference","description":"A communion of Anabaptist-related churches","publisher":{"@id":"https:\/\/mwc-cmm.org\/en\/#organization"},"alternateName":"MWC","potentialAction":[{"@type":"SearchAction","target":{"@type":"EntryPoint","urlTemplate":"https:\/\/mwc-cmm.org\/en\/?s={search_term_string}"},"query-input":{"@type":"PropertyValueSpecification","valueRequired":true,"valueName":"search_term_string"}}],"inLanguage":"es"},{"@type":"Organization","@id":"https:\/\/mwc-cmm.org\/en\/#organization","name":"Mennonite World Conference","alternateName":"MWC","url":"https:\/\/mwc-cmm.org\/en\/","logo":{"@type":"ImageObject","inLanguage":"es","@id":"https:\/\/mwc-cmm.org\/en\/#\/schema\/logo\/image\/","url":"https:\/\/mwc-cmm.org\/wp-content\/uploads\/2026\/01\/MWC_Sig_Blue_Horiz_webheader1-logo.svg","contentUrl":"https:\/\/mwc-cmm.org\/wp-content\/uploads\/2026\/01\/MWC_Sig_Blue_Horiz_webheader1-logo.svg","width":786,"height":82,"caption":"Mennonite World Conference"},"image":{"@id":"https:\/\/mwc-cmm.org\/en\/#\/schema\/logo\/image\/"},"sameAs":["https:\/\/www.facebook.com\/MennoniteWorldConference","https:\/\/www.linkedin.com\/company\/mennonite-world-conference-mwc\/","https:\/\/www.instagram.com\/mwcmm\/","https:\/\/www.youtube.com\/user\/mwccmm","https:\/\/bsky.app\/profile\/mwcmm.bsky.social"]},{"@type":"Person","@id":"https:\/\/mwc-cmm.org\/en\/#\/schema\/person\/11f6ae0d7d1868ba20a1cc27f067c836","name":"mennworldcon","image":{"@type":"ImageObject","inLanguage":"es","@id":"https:\/\/secure.gravatar.com\/avatar\/06fdc0dc81c157dfdb82ec42f252178a22307808988d22c043f9eb96f1e0fe80?s=96&d=mm&r=g","url":"https:\/\/secure.gravatar.com\/avatar\/06fdc0dc81c157dfdb82ec42f252178a22307808988d22c043f9eb96f1e0fe80?s=96&d=mm&r=g","contentUrl":"https:\/\/secure.gravatar.com\/avatar\/06fdc0dc81c157dfdb82ec42f252178a22307808988d22c043f9eb96f1e0fe80?s=96&d=mm&r=g","caption":"mennworldcon"},"sameAs":["https:\/\/mwc-cmm.org"],"url":"https:\/\/mwc-cmm.org\/es\/stories\/author\/mennworldcon\/"}]}},"_links":{"self":[{"href":"https:\/\/mwc-cmm.org\/es\/wp-json\/wp\/v2\/posts\/9058","targetHints":{"allow":["GET"]}}],"collection":[{"href":"https:\/\/mwc-cmm.org\/es\/wp-json\/wp\/v2\/posts"}],"about":[{"href":"https:\/\/mwc-cmm.org\/es\/wp-json\/wp\/v2\/types\/post"}],"author":[{"embeddable":true,"href":"https:\/\/mwc-cmm.org\/es\/wp-json\/wp\/v2\/users\/1"}],"replies":[{"embeddable":true,"href":"https:\/\/mwc-cmm.org\/es\/wp-json\/wp\/v2\/comments?post=9058"}],"version-history":[{"count":0,"href":"https:\/\/mwc-cmm.org\/es\/wp-json\/wp\/v2\/posts\/9058\/revisions"}],"wp:featuredmedia":[{"embeddable":true,"href":"https:\/\/mwc-cmm.org\/es\/wp-json\/wp\/v2\/media\/93065"}],"wp:attachment":[{"href":"https:\/\/mwc-cmm.org\/es\/wp-json\/wp\/v2\/media?parent=9058"}],"wp:term":[{"taxonomy":"category","embeddable":true,"href":"https:\/\/mwc-cmm.org\/es\/wp-json\/wp\/v2\/categories?post=9058"},{"taxonomy":"post_tag","embeddable":true,"href":"https:\/\/mwc-cmm.org\/es\/wp-json\/wp\/v2\/tags?post=9058"},{"taxonomy":"network","embeddable":true,"href":"https:\/\/mwc-cmm.org\/es\/wp-json\/wp\/v2\/network?post=9058"},{"taxonomy":"eventcategory","embeddable":true,"href":"https:\/\/mwc-cmm.org\/es\/wp-json\/wp\/v2\/eventcategory?post=9058"}],"curies":[{"name":"wp","href":"https:\/\/api.w.org\/{rel}","templated":true}]}}