{"id":9057,"date":"2020-12-03T00:00:00","date_gmt":"2020-12-03T00:00:00","guid":{"rendered":"https:\/\/mwc-cmm.org\/ambitious-dreams-for-a-more-just-world-3\/"},"modified":"2024-12-10T18:03:16","modified_gmt":"2024-12-10T18:03:16","slug":"ambitious-dreams-for-a-more-just-world-3","status":"publish","type":"post","link":"https:\/\/mwc-cmm.org\/es\/stories\/ambitious-dreams-for-a-more-just-world-3\/","title":{"rendered":"Sue\u00f1os ambiciosos para un mundo m\u00e1s justo"},"content":{"rendered":"<p>\u201cTodo comenz\u00f3 con las peque\u00f1as ambiciones de un corazoncito\u201d, comenta Sibonokuhle Ncubenokuhle Ncube. Cuando era una ni\u00f1a de 10 a\u00f1os en Zimbabue, \u201cal escuchar que mis padres nunca ten\u00edan suficiente dinero para ayudar (a mis parientes) porque todo el pueblo pasaba hambre, mis sue\u00f1os se volvieron ambiciosos&#8230; <em>Cuando crezca, ser\u00e9 \u00fatil.<\/em>\u201d<\/p>\n<p>Tanto en las zonas rurales como urbanas de Zimbabue, la mayor\u00eda de los hogares cultivan algunos de sus alimentos. Por tal motivo, los cambios en los patrones clim\u00e1ticos son evidentes para todos. Las sequ\u00edas sol\u00edan ocurrir cada diez a\u00f1os, luego cada cinco. \u201cHoy en d\u00eda, las sequ\u00edas se van sucediendo a lo largo de las estaciones, de lo cual somos muy conscientes\u201d, afirma.<\/p>\n<p>Al sumarse una pandemia mundial, la situaci\u00f3n se vuelve a\u00fan m\u00e1s cr\u00edtica.<\/p>\n<p><strong>Liderazgo eclesial en la comunidad<\/strong><\/p>\n<p>Al igual que con las cuestiones relacionadas al coronavirus, las razones del cambio clim\u00e1tico no siempre se comprenden, explica Sibonokuhle Ncube, y a menudo se politizan. Las divisiones pol\u00edticas se traducen en acciones que causan da\u00f1o.<\/p>\n<p>La mala gesti\u00f3n y la politizaci\u00f3n del desarrollo tambi\u00e9n pueden afectar la manera en que la asistencia y los recursos fluyen de una regi\u00f3n a otra. \u201cAparte de los problemas estructurales, [en Zimbabue] hubo disturbios civiles; violencia estructural, cultural y f\u00edsica, y desplazamiento\u201d.<\/p>\n<p>Sus estudios y su vocaci\u00f3n se han centrado en el desarrollo, la construcci\u00f3n de la paz y la gesti\u00f3n financiera clim\u00e1tica en Zimbabue, donde ha trabajado con organismos gubernamentales, ONG nacionales e internacionales, y organizaciones religiosas.<\/p>\n<p>\u201cAbordar la pobreza rural a trav\u00e9s de intervenciones agr\u00edcolas fue mi primera estrategia. Trabajamos conjuntamente con las comunidades (afectadas por la falta de alimentos) para que juntos podamos crear los medios que les ayuden a obtener un aprovisionamiento adecuado. Adem\u00e1s, abordamos las cuestiones que suelen dividir a las comunidades.\u201d<\/p>\n<p>La iglesia necesita l\u00edderes que comprendan sus din\u00e1micas locales y puedan compartir informaci\u00f3n transformadora desde el p\u00falpito. \u201cEl Cuerpo de Cristo se enriquece m\u00e1s, no solo en t\u00e9rminos de conocimiento espiritual, sino en un amplio intercambio de habilidades para la vida\u201d, agrega. Por ejemplo, la iglesia podr\u00eda promover la restauraci\u00f3n ecol\u00f3gica de tierras comunales (el cuidado de los bosques locales, los potreros compartidos) en su comunidad.<\/p>\n<p><strong>La esperanza <\/strong><strong>surge<\/strong><strong> de la acci\u00f3n <\/strong><\/p>\n<p>Es necesaria una acci\u00f3n de alto nivel como respuesta clim\u00e1tica. En toda \u00e9poca, hay problem\u00e1ticas que \u201cconvocan a las personas de fe a llevar a la pr\u00e1ctica acciones radicales de discipulado. En el presente, la respuesta ante la crisis clim\u00e1tica implica algunas de dichas acciones\u201d. Es necesaria una postura prof\u00e9tica frente a los poderes que reproducen la marginalidad.<\/p>\n<p>\u201cUna respuesta clim\u00e1tica en\u00e9rgica consta de m\u00faltiples niveles. En funci\u00f3n de las pol\u00edticas gubernamentales, hablemos con personas en el poder para que tomen medidas financieras a favor de la innovaci\u00f3n, mitigaci\u00f3n y adaptaci\u00f3n\u201d, propone Sibonokuhle Ncube. \u201cLas comunidades de fe deben orar por las personas en el poder que controlan los recursos. Necesitamos orar por aquellos que no tienen un sentido de responsabilidad ecol\u00f3gica.\u201d<\/p>\n<p>La gente tambi\u00e9n deber\u00eda considerar la acci\u00f3n civil. \u201cLos individuos y las comunidades podr\u00edan actuar en sus \u00e1mbitos respectivos, lo cual evitar\u00eda que nos invadiera la desesperaci\u00f3n.\u201d<\/p>\n<p>Sibonokuhle Ncube asesor\u00f3 al Gobierno de Zimbabue en el per\u00edodo previo al acuerdo clim\u00e1tico de Par\u00eds, en 2015. Algunos de los compromisos asumidos entonces por las potencias mundiales no se han cumplido. Sin embargo, \u201che optado por la esperanza y seguir actuando desde las bases\u201d.<\/p>\n<p>\u201cAl abordar la respuesta clim\u00e1tica, nuestro enfoque deber\u00eda ser tan consensuado, coordinado e intergeneracional como la atenci\u00f3n que le dedicamos al VIH y el SIDA\u201d, asevera.<\/p>\n<p><strong>Una perspectiva <\/strong><strong>desde un<\/strong> <strong><em>nosotros<\/em><\/strong><\/p>\n<p>Para una respuesta clim\u00e1tica profunda y significativa, \u201cser\u00eda necesario que convergi\u00e9ramos en una mesa redonda tan grande como la circunferencia de la Tierra. Esto nos afecta a todos como humanidad\u201d, afirma Sibonokuhle Ncube.<\/p>\n<p>\u201cEs muy valioso que no hablemos desde una perspectiva polarizada que tenga un <em>nosotros<\/em> y un <em>ellos<\/em>. Tambi\u00e9n considero las cosas a nivel generacional.\u201d<\/p>\n<p>\u201cMe encantar\u00eda partir de una visi\u00f3n sist\u00e9mica encarnada del mundo, en que les pedir\u00eda a todos que nos consideremos beneficiarios de la era del carbono. Invito a las comunidades a pensar en lo que podr\u00edamos hacer para cambiar algunas de las maneras en que fomentamos el desarrollo y la econom\u00eda. La informaci\u00f3n colectiva libera recursos y abre la participaci\u00f3n.\u201d<\/p>\n<p><strong>Ejerc<\/strong><strong>er<\/strong><strong> una mayordom\u00eda <\/strong><strong>mundial<\/strong><\/p>\n<p>Sibonokuhle Ncube hace un llamado a las personas de fe para que consideren la justicia y la mayordom\u00eda en su respuesta clim\u00e1tica. \u201cEl impacto de nuestras reducciones individuales puede ser m\u00ednimo, pero debemos considerar c\u00f3mo nuestra excesiva dependencia de combustibles f\u00f3siles causa malestar al otro lado del mundo.\u201d<\/p>\n<p>&nbsp;\u201cLa perspectiva sist\u00e9mica hace que las Escrituras cobren vida. Las comunidades desfavorecidas por el cambio clim\u00e1tico y debido a nuestras acciones, son nuestros pr\u00f3jimos\u201d (Mateo 25).<\/p>\n<p>\u201cEs necesario que reflexionemos profundamente sobre qu\u00e9 implica una transici\u00f3n justa. En el Norte global o el Sur global, es necesario que todos hagamos algo. Es necesario que hagamos que las autoridades rindan cuentas con una fundamentaci\u00f3n teol\u00f3gicamente s\u00f3lida. No solo somos un pueblo que obra de manera oculta, sino que tambi\u00e9n somos capaces de denunciar la verdad ante los que est\u00e1n en el poder, como lo tuvieron que hacer muchos personajes de la Biblia.\u201d<\/p>\n<p>Ante las cat\u00e1strofes naturales y el impacto del clima cambiante a futuro, es necesario que las comunidades sean resilientes, trabajen con energ\u00edas alternativas, sepan c\u00f3mo comunicar nuestra mayordom\u00eda ecol\u00f3gica como parte de nuestra fe\u201d, expresa Sibonokuhle Ncube.<\/p>\n<p><strong>Comparti<\/strong><strong>r <\/strong><strong>los dones<\/strong><\/p>\n<p>Para el Congreso Mundial Menonita, existe una perspectiva de \u201ccompartir los dones\u201d. \u201cLa vida que vivimos es un don de Dios. Nos brinda dones tales como el orden creado. Somos responsables de cuidar dichos dones, dejando mejores dones ecol\u00f3gicos como legado a las generaciones venideras, para garantizar que compartamos una mejor calidad de vida para la posteridad.\u201d<\/p>\n<p>\u201cRuego que este pensamiento generacional pueda ayudarnos a reorientar nuestras mentes: pidamos al Esp\u00edritu Santo que reconfigure nuestros esp\u00edritus. Miremos al mundo de manera redentora a trav\u00e9s de los ojos de Dios. Miremos a los hermanos y hermanas y la creaci\u00f3n en todo el mundo a trav\u00e9s de los ojos de Dios\u201d.<\/p>\n<p><em>\u2014Sibonokuhle Ncube, miembro de la iglesia de los Hermanos en Cristo de Zimbabue, actualmente <\/em><em>transita<\/em><em> su proceso de construcci\u00f3n de <\/em><em>la <\/em><em>paz a trav\u00e9s de estudios <\/em><em>de<\/em><em> teolog\u00eda y paz en el Seminario B\u00edblico Menonita Asociado, Elkhart, Indiana, USA. <\/em><em>T<\/em><em>ambi\u00e9n es miembro del <\/em><em>G<\/em><em>rupo de <\/em><em>T<\/em><em>rabajo para el Cuidado de la Creaci\u00f3n del CMM. <\/em><\/p>\n<p>&nbsp;<\/p>\n<p>Para m\u00e1s informaci\u00f3n sobre el Grupo de Trabajo para el Cuidado de la Creaci\u00f3n del CMM visite:&nbsp;<\/p>\n<table style=\"width:368px\">\n<tbody>\n<tr>\n<td class=\"rtecenter\" style=\"width:356px\"><strong><a href=\"https:\/\/mwc-cmm.org\/es\/grupo-de-trabajo-para-el-cuidado-de-la-creaci%C3%B3n\">Grupo de Trabajo para el Cuidado de la Creaci\u00f3n<\/a><\/strong><\/td>\n<\/tr>\n<\/tbody>\n<\/table>\n<hr \/>\n<p>Este art\u00edculo apareci\u00f3 por primera vez en&nbsp;<a href=\"https:\/\/mwc-cmm.org\/resources\/courier-2020-2-october?language=es\">Correo\/Courier\/Courrier&nbsp;en&nbsp;octubre&nbsp;de 2020<\/a>.&nbsp;<a href=\"https:\/\/mwc-cmm.org\/resources\/courier-2020-2-october?language=es\">Haga clic aqu\u00ed<\/a>&nbsp;para leer otros art\u00edculos de este n\u00famero.<\/p>\n","protected":false},"excerpt":{"rendered":"<p>Tanto en las zonas rurales como urbanas de Zimbabue, la mayor\u00eda de los hogares cultivan algunos de sus alimentos. Por tal motivo, los cambios en los patrones clim\u00e1ticos son evidentes para todos. Las sequ\u00edas sol\u00edan ocurrir cada diez a\u00f1os, luego cada cinco.&nbsp;Al sumarse una pandemia mundial, la situaci\u00f3n se vuelve a\u00fan m\u00e1s cr\u00edtica.<\/p>\n","protected":false},"author":1,"featured_media":93009,"comment_status":"closed","ping_status":"closed","sticky":false,"template":"","format":"standard","meta":{"_acf_changed":false,"footnotes":""},"categories":[6],"tags":[],"network":[1306],"eventcategory":[],"class_list":["post-9057","post","type-post","status-publish","format-standard","has-post-thumbnail","hentry","category-sin-categorizar","network-courier-es"],"acf":[],"yoast_head":"<!-- This site is optimized with the Yoast SEO plugin v27.5 - https:\/\/yoast.com\/product\/yoast-seo-wordpress\/ -->\n<title>Sue\u00f1os ambiciosos para un mundo m\u00e1s justo - Mennonite World Conference<\/title>\n<meta name=\"robots\" content=\"index, follow, max-snippet:-1, max-image-preview:large, max-video-preview:-1\" \/>\n<link rel=\"canonical\" href=\"https:\/\/mwc-cmm.org\/en\/stories\/ambitious-dreams-for-a-more-just-world-2\/\" \/>\n<meta property=\"og:locale\" content=\"es_ES\" \/>\n<meta property=\"og:type\" content=\"article\" \/>\n<meta property=\"og:title\" content=\"Sue\u00f1os ambiciosos para un mundo m\u00e1s justo - Mennonite World Conference\" \/>\n<meta property=\"og:description\" content=\"Tanto en las zonas rurales como urbanas de Zimbabue, la mayor\u00eda de los hogares cultivan algunos de sus alimentos. Por tal motivo, los cambios en los patrones clim\u00e1ticos son evidentes para todos. Las sequ\u00edas sol\u00edan ocurrir cada diez a\u00f1os, luego cada cinco.&nbsp;Al sumarse una pandemia mundial, la situaci\u00f3n se vuelve a\u00fan m\u00e1s cr\u00edtica.\" \/>\n<meta property=\"og:url\" content=\"https:\/\/mwc-cmm.org\/en\/stories\/ambitious-dreams-for-a-more-just-world-2\/\" \/>\n<meta property=\"og:site_name\" content=\"Mennonite World Conference\" \/>\n<meta property=\"article:publisher\" content=\"https:\/\/www.facebook.com\/MennoniteWorldConference\" \/>\n<meta property=\"article:published_time\" content=\"2020-12-03T00:00:00+00:00\" \/>\n<meta property=\"article:modified_time\" content=\"2024-12-10T18:03:16+00:00\" \/>\n<meta property=\"og:image\" content=\"https:\/\/mwc-cmm.org\/wp-content\/uploads\/2024\/11\/whatsapp_image_2020-12-03_at_22.38.10.jpeg\" \/>\n\t<meta property=\"og:image:width\" content=\"1600\" \/>\n\t<meta property=\"og:image:height\" content=\"1200\" \/>\n\t<meta property=\"og:image:type\" content=\"image\/jpeg\" \/>\n<meta name=\"author\" content=\"mennworldcon\" \/>\n<script type=\"application\/ld+json\" class=\"yoast-schema-graph\">{\"@context\":\"https:\\\/\\\/schema.org\",\"@graph\":[{\"@type\":\"Article\",\"@id\":\"https:\\\/\\\/mwc-cmm.org\\\/en\\\/stories\\\/ambitious-dreams-for-a-more-just-world-2\\\/#article\",\"isPartOf\":{\"@id\":\"https:\\\/\\\/mwc-cmm.org\\\/en\\\/stories\\\/ambitious-dreams-for-a-more-just-world-2\\\/\"},\"author\":{\"name\":\"mennworldcon\",\"@id\":\"https:\\\/\\\/mwc-cmm.org\\\/en\\\/#\\\/schema\\\/person\\\/11f6ae0d7d1868ba20a1cc27f067c836\"},\"headline\":\"Sue\u00f1os ambiciosos para un mundo m\u00e1s justo\",\"datePublished\":\"2020-12-03T00:00:00+00:00\",\"dateModified\":\"2024-12-10T18:03:16+00:00\",\"mainEntityOfPage\":{\"@id\":\"https:\\\/\\\/mwc-cmm.org\\\/en\\\/stories\\\/ambitious-dreams-for-a-more-just-world-2\\\/\"},\"wordCount\":1252,\"publisher\":{\"@id\":\"https:\\\/\\\/mwc-cmm.org\\\/en\\\/#organization\"},\"image\":{\"@id\":\"https:\\\/\\\/mwc-cmm.org\\\/en\\\/stories\\\/ambitious-dreams-for-a-more-just-world-2\\\/#primaryimage\"},\"thumbnailUrl\":\"https:\\\/\\\/mwc-cmm.org\\\/wp-content\\\/uploads\\\/2024\\\/11\\\/whatsapp_image_2020-12-03_at_22.38.10.jpeg\",\"articleSection\":[\"Sin categorizar\"],\"inLanguage\":\"es\"},{\"@type\":\"WebPage\",\"@id\":\"https:\\\/\\\/mwc-cmm.org\\\/en\\\/stories\\\/ambitious-dreams-for-a-more-just-world-2\\\/\",\"url\":\"https:\\\/\\\/mwc-cmm.org\\\/en\\\/stories\\\/ambitious-dreams-for-a-more-just-world-2\\\/\",\"name\":\"Sue\u00f1os ambiciosos para un mundo m\u00e1s justo - Mennonite World Conference\",\"isPartOf\":{\"@id\":\"https:\\\/\\\/mwc-cmm.org\\\/en\\\/#website\"},\"primaryImageOfPage\":{\"@id\":\"https:\\\/\\\/mwc-cmm.org\\\/en\\\/stories\\\/ambitious-dreams-for-a-more-just-world-2\\\/#primaryimage\"},\"image\":{\"@id\":\"https:\\\/\\\/mwc-cmm.org\\\/en\\\/stories\\\/ambitious-dreams-for-a-more-just-world-2\\\/#primaryimage\"},\"thumbnailUrl\":\"https:\\\/\\\/mwc-cmm.org\\\/wp-content\\\/uploads\\\/2024\\\/11\\\/whatsapp_image_2020-12-03_at_22.38.10.jpeg\",\"datePublished\":\"2020-12-03T00:00:00+00:00\",\"dateModified\":\"2024-12-10T18:03:16+00:00\",\"breadcrumb\":{\"@id\":\"https:\\\/\\\/mwc-cmm.org\\\/en\\\/stories\\\/ambitious-dreams-for-a-more-just-world-2\\\/#breadcrumb\"},\"inLanguage\":\"es\",\"potentialAction\":[{\"@type\":\"ReadAction\",\"target\":[\"https:\\\/\\\/mwc-cmm.org\\\/en\\\/stories\\\/ambitious-dreams-for-a-more-just-world-2\\\/\"]}]},{\"@type\":\"ImageObject\",\"inLanguage\":\"es\",\"@id\":\"https:\\\/\\\/mwc-cmm.org\\\/en\\\/stories\\\/ambitious-dreams-for-a-more-just-world-2\\\/#primaryimage\",\"url\":\"https:\\\/\\\/mwc-cmm.org\\\/wp-content\\\/uploads\\\/2024\\\/11\\\/whatsapp_image_2020-12-03_at_22.38.10.jpeg\",\"contentUrl\":\"https:\\\/\\\/mwc-cmm.org\\\/wp-content\\\/uploads\\\/2024\\\/11\\\/whatsapp_image_2020-12-03_at_22.38.10.jpeg\",\"width\":1600,\"height\":1200},{\"@type\":\"BreadcrumbList\",\"@id\":\"https:\\\/\\\/mwc-cmm.org\\\/en\\\/stories\\\/ambitious-dreams-for-a-more-just-world-2\\\/#breadcrumb\",\"itemListElement\":[{\"@type\":\"ListItem\",\"position\":1,\"name\":\"Home\",\"item\":\"https:\\\/\\\/mwc-cmm.org\\\/es\\\/\"},{\"@type\":\"ListItem\",\"position\":2,\"name\":\"Sue\u00f1os ambiciosos para un mundo m\u00e1s justo\"}]},{\"@type\":\"WebSite\",\"@id\":\"https:\\\/\\\/mwc-cmm.org\\\/en\\\/#website\",\"url\":\"https:\\\/\\\/mwc-cmm.org\\\/en\\\/\",\"name\":\"Mennonite World Conference\",\"description\":\"A communion of Anabaptist-related churches\",\"publisher\":{\"@id\":\"https:\\\/\\\/mwc-cmm.org\\\/en\\\/#organization\"},\"alternateName\":\"MWC\",\"potentialAction\":[{\"@type\":\"SearchAction\",\"target\":{\"@type\":\"EntryPoint\",\"urlTemplate\":\"https:\\\/\\\/mwc-cmm.org\\\/en\\\/?s={search_term_string}\"},\"query-input\":{\"@type\":\"PropertyValueSpecification\",\"valueRequired\":true,\"valueName\":\"search_term_string\"}}],\"inLanguage\":\"es\"},{\"@type\":\"Organization\",\"@id\":\"https:\\\/\\\/mwc-cmm.org\\\/en\\\/#organization\",\"name\":\"Mennonite World Conference\",\"alternateName\":\"MWC\",\"url\":\"https:\\\/\\\/mwc-cmm.org\\\/en\\\/\",\"logo\":{\"@type\":\"ImageObject\",\"inLanguage\":\"es\",\"@id\":\"https:\\\/\\\/mwc-cmm.org\\\/en\\\/#\\\/schema\\\/logo\\\/image\\\/\",\"url\":\"https:\\\/\\\/mwc-cmm.org\\\/wp-content\\\/uploads\\\/2026\\\/01\\\/MWC_Sig_Blue_Horiz_webheader1-logo.svg\",\"contentUrl\":\"https:\\\/\\\/mwc-cmm.org\\\/wp-content\\\/uploads\\\/2026\\\/01\\\/MWC_Sig_Blue_Horiz_webheader1-logo.svg\",\"width\":786,\"height\":82,\"caption\":\"Mennonite World Conference\"},\"image\":{\"@id\":\"https:\\\/\\\/mwc-cmm.org\\\/en\\\/#\\\/schema\\\/logo\\\/image\\\/\"},\"sameAs\":[\"https:\\\/\\\/www.facebook.com\\\/MennoniteWorldConference\",\"https:\\\/\\\/www.linkedin.com\\\/company\\\/mennonite-world-conference-mwc\\\/\",\"https:\\\/\\\/www.instagram.com\\\/mwcmm\\\/\",\"https:\\\/\\\/www.youtube.com\\\/user\\\/mwccmm\",\"https:\\\/\\\/bsky.app\\\/profile\\\/mwcmm.bsky.social\"]},{\"@type\":\"Person\",\"@id\":\"https:\\\/\\\/mwc-cmm.org\\\/en\\\/#\\\/schema\\\/person\\\/11f6ae0d7d1868ba20a1cc27f067c836\",\"name\":\"mennworldcon\",\"image\":{\"@type\":\"ImageObject\",\"inLanguage\":\"es\",\"@id\":\"https:\\\/\\\/secure.gravatar.com\\\/avatar\\\/06fdc0dc81c157dfdb82ec42f252178a22307808988d22c043f9eb96f1e0fe80?s=96&d=mm&r=g\",\"url\":\"https:\\\/\\\/secure.gravatar.com\\\/avatar\\\/06fdc0dc81c157dfdb82ec42f252178a22307808988d22c043f9eb96f1e0fe80?s=96&d=mm&r=g\",\"contentUrl\":\"https:\\\/\\\/secure.gravatar.com\\\/avatar\\\/06fdc0dc81c157dfdb82ec42f252178a22307808988d22c043f9eb96f1e0fe80?s=96&d=mm&r=g\",\"caption\":\"mennworldcon\"},\"sameAs\":[\"https:\\\/\\\/mwc-cmm.org\"],\"url\":\"https:\\\/\\\/mwc-cmm.org\\\/es\\\/stories\\\/author\\\/mennworldcon\\\/\"}]}<\/script>\n<!-- \/ Yoast SEO plugin. -->","yoast_head_json":{"title":"Sue\u00f1os ambiciosos para un mundo m\u00e1s justo - Mennonite World Conference","robots":{"index":"index","follow":"follow","max-snippet":"max-snippet:-1","max-image-preview":"max-image-preview:large","max-video-preview":"max-video-preview:-1"},"canonical":"https:\/\/mwc-cmm.org\/en\/stories\/ambitious-dreams-for-a-more-just-world-2\/","og_locale":"es_ES","og_type":"article","og_title":"Sue\u00f1os ambiciosos para un mundo m\u00e1s justo - Mennonite World Conference","og_description":"Tanto en las zonas rurales como urbanas de Zimbabue, la mayor\u00eda de los hogares cultivan algunos de sus alimentos. Por tal motivo, los cambios en los patrones clim\u00e1ticos son evidentes para todos. Las sequ\u00edas sol\u00edan ocurrir cada diez a\u00f1os, luego cada cinco.&nbsp;Al sumarse una pandemia mundial, la situaci\u00f3n se vuelve a\u00fan m\u00e1s cr\u00edtica.","og_url":"https:\/\/mwc-cmm.org\/en\/stories\/ambitious-dreams-for-a-more-just-world-2\/","og_site_name":"Mennonite World Conference","article_publisher":"https:\/\/www.facebook.com\/MennoniteWorldConference","article_published_time":"2020-12-03T00:00:00+00:00","article_modified_time":"2024-12-10T18:03:16+00:00","og_image":[{"width":1600,"height":1200,"url":"https:\/\/mwc-cmm.org\/wp-content\/uploads\/2024\/11\/whatsapp_image_2020-12-03_at_22.38.10.jpeg","type":"image\/jpeg"}],"author":"mennworldcon","schema":{"@context":"https:\/\/schema.org","@graph":[{"@type":"Article","@id":"https:\/\/mwc-cmm.org\/en\/stories\/ambitious-dreams-for-a-more-just-world-2\/#article","isPartOf":{"@id":"https:\/\/mwc-cmm.org\/en\/stories\/ambitious-dreams-for-a-more-just-world-2\/"},"author":{"name":"mennworldcon","@id":"https:\/\/mwc-cmm.org\/en\/#\/schema\/person\/11f6ae0d7d1868ba20a1cc27f067c836"},"headline":"Sue\u00f1os ambiciosos para un mundo m\u00e1s justo","datePublished":"2020-12-03T00:00:00+00:00","dateModified":"2024-12-10T18:03:16+00:00","mainEntityOfPage":{"@id":"https:\/\/mwc-cmm.org\/en\/stories\/ambitious-dreams-for-a-more-just-world-2\/"},"wordCount":1252,"publisher":{"@id":"https:\/\/mwc-cmm.org\/en\/#organization"},"image":{"@id":"https:\/\/mwc-cmm.org\/en\/stories\/ambitious-dreams-for-a-more-just-world-2\/#primaryimage"},"thumbnailUrl":"https:\/\/mwc-cmm.org\/wp-content\/uploads\/2024\/11\/whatsapp_image_2020-12-03_at_22.38.10.jpeg","articleSection":["Sin categorizar"],"inLanguage":"es"},{"@type":"WebPage","@id":"https:\/\/mwc-cmm.org\/en\/stories\/ambitious-dreams-for-a-more-just-world-2\/","url":"https:\/\/mwc-cmm.org\/en\/stories\/ambitious-dreams-for-a-more-just-world-2\/","name":"Sue\u00f1os ambiciosos para un mundo m\u00e1s justo - Mennonite World Conference","isPartOf":{"@id":"https:\/\/mwc-cmm.org\/en\/#website"},"primaryImageOfPage":{"@id":"https:\/\/mwc-cmm.org\/en\/stories\/ambitious-dreams-for-a-more-just-world-2\/#primaryimage"},"image":{"@id":"https:\/\/mwc-cmm.org\/en\/stories\/ambitious-dreams-for-a-more-just-world-2\/#primaryimage"},"thumbnailUrl":"https:\/\/mwc-cmm.org\/wp-content\/uploads\/2024\/11\/whatsapp_image_2020-12-03_at_22.38.10.jpeg","datePublished":"2020-12-03T00:00:00+00:00","dateModified":"2024-12-10T18:03:16+00:00","breadcrumb":{"@id":"https:\/\/mwc-cmm.org\/en\/stories\/ambitious-dreams-for-a-more-just-world-2\/#breadcrumb"},"inLanguage":"es","potentialAction":[{"@type":"ReadAction","target":["https:\/\/mwc-cmm.org\/en\/stories\/ambitious-dreams-for-a-more-just-world-2\/"]}]},{"@type":"ImageObject","inLanguage":"es","@id":"https:\/\/mwc-cmm.org\/en\/stories\/ambitious-dreams-for-a-more-just-world-2\/#primaryimage","url":"https:\/\/mwc-cmm.org\/wp-content\/uploads\/2024\/11\/whatsapp_image_2020-12-03_at_22.38.10.jpeg","contentUrl":"https:\/\/mwc-cmm.org\/wp-content\/uploads\/2024\/11\/whatsapp_image_2020-12-03_at_22.38.10.jpeg","width":1600,"height":1200},{"@type":"BreadcrumbList","@id":"https:\/\/mwc-cmm.org\/en\/stories\/ambitious-dreams-for-a-more-just-world-2\/#breadcrumb","itemListElement":[{"@type":"ListItem","position":1,"name":"Home","item":"https:\/\/mwc-cmm.org\/es\/"},{"@type":"ListItem","position":2,"name":"Sue\u00f1os ambiciosos para un mundo m\u00e1s justo"}]},{"@type":"WebSite","@id":"https:\/\/mwc-cmm.org\/en\/#website","url":"https:\/\/mwc-cmm.org\/en\/","name":"Mennonite World Conference","description":"A communion of Anabaptist-related churches","publisher":{"@id":"https:\/\/mwc-cmm.org\/en\/#organization"},"alternateName":"MWC","potentialAction":[{"@type":"SearchAction","target":{"@type":"EntryPoint","urlTemplate":"https:\/\/mwc-cmm.org\/en\/?s={search_term_string}"},"query-input":{"@type":"PropertyValueSpecification","valueRequired":true,"valueName":"search_term_string"}}],"inLanguage":"es"},{"@type":"Organization","@id":"https:\/\/mwc-cmm.org\/en\/#organization","name":"Mennonite World Conference","alternateName":"MWC","url":"https:\/\/mwc-cmm.org\/en\/","logo":{"@type":"ImageObject","inLanguage":"es","@id":"https:\/\/mwc-cmm.org\/en\/#\/schema\/logo\/image\/","url":"https:\/\/mwc-cmm.org\/wp-content\/uploads\/2026\/01\/MWC_Sig_Blue_Horiz_webheader1-logo.svg","contentUrl":"https:\/\/mwc-cmm.org\/wp-content\/uploads\/2026\/01\/MWC_Sig_Blue_Horiz_webheader1-logo.svg","width":786,"height":82,"caption":"Mennonite World Conference"},"image":{"@id":"https:\/\/mwc-cmm.org\/en\/#\/schema\/logo\/image\/"},"sameAs":["https:\/\/www.facebook.com\/MennoniteWorldConference","https:\/\/www.linkedin.com\/company\/mennonite-world-conference-mwc\/","https:\/\/www.instagram.com\/mwcmm\/","https:\/\/www.youtube.com\/user\/mwccmm","https:\/\/bsky.app\/profile\/mwcmm.bsky.social"]},{"@type":"Person","@id":"https:\/\/mwc-cmm.org\/en\/#\/schema\/person\/11f6ae0d7d1868ba20a1cc27f067c836","name":"mennworldcon","image":{"@type":"ImageObject","inLanguage":"es","@id":"https:\/\/secure.gravatar.com\/avatar\/06fdc0dc81c157dfdb82ec42f252178a22307808988d22c043f9eb96f1e0fe80?s=96&d=mm&r=g","url":"https:\/\/secure.gravatar.com\/avatar\/06fdc0dc81c157dfdb82ec42f252178a22307808988d22c043f9eb96f1e0fe80?s=96&d=mm&r=g","contentUrl":"https:\/\/secure.gravatar.com\/avatar\/06fdc0dc81c157dfdb82ec42f252178a22307808988d22c043f9eb96f1e0fe80?s=96&d=mm&r=g","caption":"mennworldcon"},"sameAs":["https:\/\/mwc-cmm.org"],"url":"https:\/\/mwc-cmm.org\/es\/stories\/author\/mennworldcon\/"}]}},"_links":{"self":[{"href":"https:\/\/mwc-cmm.org\/es\/wp-json\/wp\/v2\/posts\/9057","targetHints":{"allow":["GET"]}}],"collection":[{"href":"https:\/\/mwc-cmm.org\/es\/wp-json\/wp\/v2\/posts"}],"about":[{"href":"https:\/\/mwc-cmm.org\/es\/wp-json\/wp\/v2\/types\/post"}],"author":[{"embeddable":true,"href":"https:\/\/mwc-cmm.org\/es\/wp-json\/wp\/v2\/users\/1"}],"replies":[{"embeddable":true,"href":"https:\/\/mwc-cmm.org\/es\/wp-json\/wp\/v2\/comments?post=9057"}],"version-history":[{"count":0,"href":"https:\/\/mwc-cmm.org\/es\/wp-json\/wp\/v2\/posts\/9057\/revisions"}],"wp:featuredmedia":[{"embeddable":true,"href":"https:\/\/mwc-cmm.org\/es\/wp-json\/wp\/v2\/media\/93009"}],"wp:attachment":[{"href":"https:\/\/mwc-cmm.org\/es\/wp-json\/wp\/v2\/media?parent=9057"}],"wp:term":[{"taxonomy":"category","embeddable":true,"href":"https:\/\/mwc-cmm.org\/es\/wp-json\/wp\/v2\/categories?post=9057"},{"taxonomy":"post_tag","embeddable":true,"href":"https:\/\/mwc-cmm.org\/es\/wp-json\/wp\/v2\/tags?post=9057"},{"taxonomy":"network","embeddable":true,"href":"https:\/\/mwc-cmm.org\/es\/wp-json\/wp\/v2\/network?post=9057"},{"taxonomy":"eventcategory","embeddable":true,"href":"https:\/\/mwc-cmm.org\/es\/wp-json\/wp\/v2\/eventcategory?post=9057"}],"curies":[{"name":"wp","href":"https:\/\/api.w.org\/{rel}","templated":true}]}}