{"id":9041,"date":"2020-10-20T00:00:00","date_gmt":"2020-10-20T00:00:00","guid":{"rendered":"https:\/\/mwc-cmm.org\/crossing-barriers-to-connect-deeply-3\/"},"modified":"2024-12-10T18:03:09","modified_gmt":"2024-12-10T18:03:09","slug":"crossing-barriers-to-connect-deeply-3","status":"publish","type":"post","link":"https:\/\/mwc-cmm.org\/es\/stories\/crossing-barriers-to-connect-deeply-3\/","title":{"rendered":"Superando barreras para conectarnos de manera profunda"},"content":{"rendered":"<p>La tecnolog\u00eda ha reducido la distancia que nos ha separado durante los tiempos de pandemia en los que no podemos encontrarnos en persona.<\/p>\n<p>Aunque la tecnolog\u00eda puede acercarnos, no garantiza que estemos realmente en conexci\u00f3n y entrelazadas entre las personas. La cercan\u00eda f\u00edsica y virtual, incluso cuando podemos vernos, no significa que estemos conectadas mutuamente.<\/p>\n<p>Por ejemplo, cuando tomamos un autob\u00fas urbano ocupado, la distancia entre las personas que viajan no es m\u00e1s de 50 cm. A veces incluso nos tocamos, pero eso no significa que haya conexci\u00f3n entre personas. La realidad es que cada persona sigue siendo una extra\u00f1a para la otra.<\/p>\n<p>Eso puede suceder en cualquier lugar, incluso en una familia, donde las personas que conforman esa familia se re\u00fanen pero no est\u00e1n conectadas entre s\u00ed. Podemos vivir en viviendas muy densas, pero no estamos necesariamente conectadas. Tal vez incluso construimos un muro alto que separa nuestras casas vecinas.<\/p>\n<p>Los muros o barreras que construimos pueden estar basados en econom\u00eda, etnia o raza, pol\u00edtica, ideolog\u00eda, orientaci\u00f3n sexual, etc.<\/p>\n<p>\u00a1No digamos que esto no ocurre en la iglesia! En la iglesia, podemos encontrarnos, darnos la mano, cantar y escuchar la Palabra conjuntamente, pero estar en conjunto f\u00edsica o virtualmente no es garant\u00eda de una comuni\u00f3n profunda.<\/p>\n<p>Como seguidores y seguidoras de Jes\u00fas, debemos seguirlo superando todas estas barreras para construir conexiones profundas.<\/p>\n<p><em>\u2014Pastor Danang Kristiawan, GITJ Jepara (Gereja Inijili di Tanah Jawa), Jepara, Indonesia<\/em><\/p>\n<p>&nbsp;<\/p>\n<hr \/>\n<h5>Este testimonio es parte del Recurso para el Domingo de la Fraternidad Mundial Anabautista 2021.<\/h5>\n<h5><a href=\"https:\/\/mwc-cmm.org\/es\/node\/151\">Haga clic aqu\u00ed <\/a><\/h5>\n","protected":false},"excerpt":{"rendered":"<p>La tecnolog\u00eda ha reducido la distancia que nos ha separado durante los tiempos de pandemia en los que no podemos encontrarnos en persona. Aunque la tecnolog\u00eda puede acercarnos, no garantiza que estemos realmente en conexci\u00f3n y entrelazadas entre las personas. La cercan\u00eda f\u00edsica y virtual, incluso cuando podemos vernos, no significa que estemos conectadas mutuamente. [&hellip;]<\/p>\n","protected":false},"author":1,"featured_media":92828,"comment_status":"closed","ping_status":"closed","sticky":false,"template":"","format":"standard","meta":{"_acf_changed":false,"footnotes":""},"categories":[6],"tags":[],"network":[],"eventcategory":[1499],"class_list":["post-9041","post","type-post","status-publish","format-standard","has-post-thumbnail","hentry","category-sin-categorizar","eventcategory-anabaptist-world-fellowship-sunday-es"],"acf":[],"yoast_head":"<!-- This site is optimized with the Yoast SEO plugin v27.2 - https:\/\/yoast.com\/product\/yoast-seo-wordpress\/ -->\n<title>Superando barreras para conectarnos de manera profunda - Mennonite World Conference<\/title>\n<meta name=\"robots\" content=\"index, follow, max-snippet:-1, max-image-preview:large, max-video-preview:-1\" \/>\n<link rel=\"canonical\" href=\"https:\/\/mwc-cmm.org\/en\/stories\/crossing-barriers-to-connect-deeply-2\/\" \/>\n<meta property=\"og:locale\" content=\"es_ES\" \/>\n<meta property=\"og:type\" content=\"article\" \/>\n<meta property=\"og:title\" content=\"Superando barreras para conectarnos de manera profunda - Mennonite World Conference\" \/>\n<meta property=\"og:description\" content=\"La tecnolog\u00eda ha reducido la distancia que nos ha separado durante los tiempos de pandemia en los que no podemos encontrarnos en persona. Aunque la tecnolog\u00eda puede acercarnos, no garantiza que estemos realmente en conexci\u00f3n y entrelazadas entre las personas. La cercan\u00eda f\u00edsica y virtual, incluso cuando podemos vernos, no significa que estemos conectadas mutuamente. [&hellip;]\" \/>\n<meta property=\"og:url\" content=\"https:\/\/mwc-cmm.org\/en\/stories\/crossing-barriers-to-connect-deeply-2\/\" \/>\n<meta property=\"og:site_name\" content=\"Mennonite World Conference\" \/>\n<meta property=\"article:publisher\" content=\"https:\/\/www.facebook.com\/MennoniteWorldConference\" \/>\n<meta property=\"article:published_time\" content=\"2020-10-20T00:00:00+00:00\" \/>\n<meta property=\"article:modified_time\" content=\"2024-12-10T18:03:09+00:00\" \/>\n<meta property=\"og:image\" content=\"https:\/\/mwc-cmm.org\/wp-content\/uploads\/2024\/11\/gloria_patri_worship_from_home_2_july_2020_agus_setianto.jpg\" \/>\n\t<meta property=\"og:image:width\" content=\"1316\" \/>\n\t<meta property=\"og:image:height\" content=\"640\" \/>\n\t<meta property=\"og:image:type\" content=\"image\/jpeg\" \/>\n<meta name=\"author\" content=\"mennworldcon\" \/>\n<script type=\"application\/ld+json\" class=\"yoast-schema-graph\">{\"@context\":\"https:\/\/schema.org\",\"@graph\":[{\"@type\":\"Article\",\"@id\":\"https:\/\/mwc-cmm.org\/en\/stories\/crossing-barriers-to-connect-deeply-2\/#article\",\"isPartOf\":{\"@id\":\"https:\/\/mwc-cmm.org\/en\/stories\/crossing-barriers-to-connect-deeply-2\/\"},\"author\":{\"name\":\"mennworldcon\",\"@id\":\"https:\/\/mwc-cmm.org\/en\/#\/schema\/person\/11f6ae0d7d1868ba20a1cc27f067c836\"},\"headline\":\"Superando barreras para conectarnos de manera profunda\",\"datePublished\":\"2020-10-20T00:00:00+00:00\",\"dateModified\":\"2024-12-10T18:03:09+00:00\",\"mainEntityOfPage\":{\"@id\":\"https:\/\/mwc-cmm.org\/en\/stories\/crossing-barriers-to-connect-deeply-2\/\"},\"wordCount\":278,\"publisher\":{\"@id\":\"https:\/\/mwc-cmm.org\/en\/#organization\"},\"image\":{\"@id\":\"https:\/\/mwc-cmm.org\/en\/stories\/crossing-barriers-to-connect-deeply-2\/#primaryimage\"},\"thumbnailUrl\":\"https:\/\/mwc-cmm.org\/wp-content\/uploads\/2024\/11\/gloria_patri_worship_from_home_2_july_2020_agus_setianto.jpg\",\"articleSection\":[\"Sin categorizar\"],\"inLanguage\":\"es\"},{\"@type\":\"WebPage\",\"@id\":\"https:\/\/mwc-cmm.org\/en\/stories\/crossing-barriers-to-connect-deeply-2\/\",\"url\":\"https:\/\/mwc-cmm.org\/en\/stories\/crossing-barriers-to-connect-deeply-2\/\",\"name\":\"Superando barreras para conectarnos de manera profunda - Mennonite World Conference\",\"isPartOf\":{\"@id\":\"https:\/\/mwc-cmm.org\/en\/#website\"},\"primaryImageOfPage\":{\"@id\":\"https:\/\/mwc-cmm.org\/en\/stories\/crossing-barriers-to-connect-deeply-2\/#primaryimage\"},\"image\":{\"@id\":\"https:\/\/mwc-cmm.org\/en\/stories\/crossing-barriers-to-connect-deeply-2\/#primaryimage\"},\"thumbnailUrl\":\"https:\/\/mwc-cmm.org\/wp-content\/uploads\/2024\/11\/gloria_patri_worship_from_home_2_july_2020_agus_setianto.jpg\",\"datePublished\":\"2020-10-20T00:00:00+00:00\",\"dateModified\":\"2024-12-10T18:03:09+00:00\",\"breadcrumb\":{\"@id\":\"https:\/\/mwc-cmm.org\/en\/stories\/crossing-barriers-to-connect-deeply-2\/#breadcrumb\"},\"inLanguage\":\"es\",\"potentialAction\":[{\"@type\":\"ReadAction\",\"target\":[\"https:\/\/mwc-cmm.org\/en\/stories\/crossing-barriers-to-connect-deeply-2\/\"]}]},{\"@type\":\"ImageObject\",\"inLanguage\":\"es\",\"@id\":\"https:\/\/mwc-cmm.org\/en\/stories\/crossing-barriers-to-connect-deeply-2\/#primaryimage\",\"url\":\"https:\/\/mwc-cmm.org\/wp-content\/uploads\/2024\/11\/gloria_patri_worship_from_home_2_july_2020_agus_setianto.jpg\",\"contentUrl\":\"https:\/\/mwc-cmm.org\/wp-content\/uploads\/2024\/11\/gloria_patri_worship_from_home_2_july_2020_agus_setianto.jpg\",\"width\":1316,\"height\":640},{\"@type\":\"BreadcrumbList\",\"@id\":\"https:\/\/mwc-cmm.org\/en\/stories\/crossing-barriers-to-connect-deeply-2\/#breadcrumb\",\"itemListElement\":[{\"@type\":\"ListItem\",\"position\":1,\"name\":\"Home\",\"item\":\"https:\/\/mwc-cmm.org\/es\/\"},{\"@type\":\"ListItem\",\"position\":2,\"name\":\"Superando barreras para conectarnos de manera profunda\"}]},{\"@type\":\"WebSite\",\"@id\":\"https:\/\/mwc-cmm.org\/en\/#website\",\"url\":\"https:\/\/mwc-cmm.org\/en\/\",\"name\":\"Mennonite World Conference\",\"description\":\"A communion of Anabaptist-related churches\",\"publisher\":{\"@id\":\"https:\/\/mwc-cmm.org\/en\/#organization\"},\"alternateName\":\"MWC\",\"potentialAction\":[{\"@type\":\"SearchAction\",\"target\":{\"@type\":\"EntryPoint\",\"urlTemplate\":\"https:\/\/mwc-cmm.org\/en\/?s={search_term_string}\"},\"query-input\":{\"@type\":\"PropertyValueSpecification\",\"valueRequired\":true,\"valueName\":\"search_term_string\"}}],\"inLanguage\":\"es\"},{\"@type\":\"Organization\",\"@id\":\"https:\/\/mwc-cmm.org\/en\/#organization\",\"name\":\"Mennonite World Conference\",\"alternateName\":\"MWC\",\"url\":\"https:\/\/mwc-cmm.org\/en\/\",\"logo\":{\"@type\":\"ImageObject\",\"inLanguage\":\"es\",\"@id\":\"https:\/\/mwc-cmm.org\/en\/#\/schema\/logo\/image\/\",\"url\":\"https:\/\/mwc-cmm.org\/wp-content\/uploads\/2026\/01\/MWC_Sig_Blue_Horiz_webheader1-logo.svg\",\"contentUrl\":\"https:\/\/mwc-cmm.org\/wp-content\/uploads\/2026\/01\/MWC_Sig_Blue_Horiz_webheader1-logo.svg\",\"width\":786,\"height\":82,\"caption\":\"Mennonite World Conference\"},\"image\":{\"@id\":\"https:\/\/mwc-cmm.org\/en\/#\/schema\/logo\/image\/\"},\"sameAs\":[\"https:\/\/www.facebook.com\/MennoniteWorldConference\",\"https:\/\/www.linkedin.com\/company\/mennonite-world-conference-mwc\/\",\"https:\/\/www.instagram.com\/mwcmm\/\",\"https:\/\/www.youtube.com\/user\/mwccmm\",\"https:\/\/bsky.app\/profile\/mwcmm.bsky.social\"]},{\"@type\":\"Person\",\"@id\":\"https:\/\/mwc-cmm.org\/en\/#\/schema\/person\/11f6ae0d7d1868ba20a1cc27f067c836\",\"name\":\"mennworldcon\",\"image\":{\"@type\":\"ImageObject\",\"inLanguage\":\"es\",\"@id\":\"https:\/\/secure.gravatar.com\/avatar\/06fdc0dc81c157dfdb82ec42f252178a22307808988d22c043f9eb96f1e0fe80?s=96&d=mm&r=g\",\"url\":\"https:\/\/secure.gravatar.com\/avatar\/06fdc0dc81c157dfdb82ec42f252178a22307808988d22c043f9eb96f1e0fe80?s=96&d=mm&r=g\",\"contentUrl\":\"https:\/\/secure.gravatar.com\/avatar\/06fdc0dc81c157dfdb82ec42f252178a22307808988d22c043f9eb96f1e0fe80?s=96&d=mm&r=g\",\"caption\":\"mennworldcon\"},\"sameAs\":[\"https:\/\/mwc-cmm.org\"],\"url\":\"https:\/\/mwc-cmm.org\/es\/stories\/author\/mennworldcon\/\"}]}<\/script>\n<!-- \/ Yoast SEO plugin. -->","yoast_head_json":{"title":"Superando barreras para conectarnos de manera profunda - Mennonite World Conference","robots":{"index":"index","follow":"follow","max-snippet":"max-snippet:-1","max-image-preview":"max-image-preview:large","max-video-preview":"max-video-preview:-1"},"canonical":"https:\/\/mwc-cmm.org\/en\/stories\/crossing-barriers-to-connect-deeply-2\/","og_locale":"es_ES","og_type":"article","og_title":"Superando barreras para conectarnos de manera profunda - Mennonite World Conference","og_description":"La tecnolog\u00eda ha reducido la distancia que nos ha separado durante los tiempos de pandemia en los que no podemos encontrarnos en persona. Aunque la tecnolog\u00eda puede acercarnos, no garantiza que estemos realmente en conexci\u00f3n y entrelazadas entre las personas. La cercan\u00eda f\u00edsica y virtual, incluso cuando podemos vernos, no significa que estemos conectadas mutuamente. [&hellip;]","og_url":"https:\/\/mwc-cmm.org\/en\/stories\/crossing-barriers-to-connect-deeply-2\/","og_site_name":"Mennonite World Conference","article_publisher":"https:\/\/www.facebook.com\/MennoniteWorldConference","article_published_time":"2020-10-20T00:00:00+00:00","article_modified_time":"2024-12-10T18:03:09+00:00","og_image":[{"width":1316,"height":640,"url":"https:\/\/mwc-cmm.org\/wp-content\/uploads\/2024\/11\/gloria_patri_worship_from_home_2_july_2020_agus_setianto.jpg","type":"image\/jpeg"}],"author":"mennworldcon","schema":{"@context":"https:\/\/schema.org","@graph":[{"@type":"Article","@id":"https:\/\/mwc-cmm.org\/en\/stories\/crossing-barriers-to-connect-deeply-2\/#article","isPartOf":{"@id":"https:\/\/mwc-cmm.org\/en\/stories\/crossing-barriers-to-connect-deeply-2\/"},"author":{"name":"mennworldcon","@id":"https:\/\/mwc-cmm.org\/en\/#\/schema\/person\/11f6ae0d7d1868ba20a1cc27f067c836"},"headline":"Superando barreras para conectarnos de manera profunda","datePublished":"2020-10-20T00:00:00+00:00","dateModified":"2024-12-10T18:03:09+00:00","mainEntityOfPage":{"@id":"https:\/\/mwc-cmm.org\/en\/stories\/crossing-barriers-to-connect-deeply-2\/"},"wordCount":278,"publisher":{"@id":"https:\/\/mwc-cmm.org\/en\/#organization"},"image":{"@id":"https:\/\/mwc-cmm.org\/en\/stories\/crossing-barriers-to-connect-deeply-2\/#primaryimage"},"thumbnailUrl":"https:\/\/mwc-cmm.org\/wp-content\/uploads\/2024\/11\/gloria_patri_worship_from_home_2_july_2020_agus_setianto.jpg","articleSection":["Sin categorizar"],"inLanguage":"es"},{"@type":"WebPage","@id":"https:\/\/mwc-cmm.org\/en\/stories\/crossing-barriers-to-connect-deeply-2\/","url":"https:\/\/mwc-cmm.org\/en\/stories\/crossing-barriers-to-connect-deeply-2\/","name":"Superando barreras para conectarnos de manera profunda - Mennonite World Conference","isPartOf":{"@id":"https:\/\/mwc-cmm.org\/en\/#website"},"primaryImageOfPage":{"@id":"https:\/\/mwc-cmm.org\/en\/stories\/crossing-barriers-to-connect-deeply-2\/#primaryimage"},"image":{"@id":"https:\/\/mwc-cmm.org\/en\/stories\/crossing-barriers-to-connect-deeply-2\/#primaryimage"},"thumbnailUrl":"https:\/\/mwc-cmm.org\/wp-content\/uploads\/2024\/11\/gloria_patri_worship_from_home_2_july_2020_agus_setianto.jpg","datePublished":"2020-10-20T00:00:00+00:00","dateModified":"2024-12-10T18:03:09+00:00","breadcrumb":{"@id":"https:\/\/mwc-cmm.org\/en\/stories\/crossing-barriers-to-connect-deeply-2\/#breadcrumb"},"inLanguage":"es","potentialAction":[{"@type":"ReadAction","target":["https:\/\/mwc-cmm.org\/en\/stories\/crossing-barriers-to-connect-deeply-2\/"]}]},{"@type":"ImageObject","inLanguage":"es","@id":"https:\/\/mwc-cmm.org\/en\/stories\/crossing-barriers-to-connect-deeply-2\/#primaryimage","url":"https:\/\/mwc-cmm.org\/wp-content\/uploads\/2024\/11\/gloria_patri_worship_from_home_2_july_2020_agus_setianto.jpg","contentUrl":"https:\/\/mwc-cmm.org\/wp-content\/uploads\/2024\/11\/gloria_patri_worship_from_home_2_july_2020_agus_setianto.jpg","width":1316,"height":640},{"@type":"BreadcrumbList","@id":"https:\/\/mwc-cmm.org\/en\/stories\/crossing-barriers-to-connect-deeply-2\/#breadcrumb","itemListElement":[{"@type":"ListItem","position":1,"name":"Home","item":"https:\/\/mwc-cmm.org\/es\/"},{"@type":"ListItem","position":2,"name":"Superando barreras para conectarnos de manera profunda"}]},{"@type":"WebSite","@id":"https:\/\/mwc-cmm.org\/en\/#website","url":"https:\/\/mwc-cmm.org\/en\/","name":"Mennonite World Conference","description":"A communion of Anabaptist-related churches","publisher":{"@id":"https:\/\/mwc-cmm.org\/en\/#organization"},"alternateName":"MWC","potentialAction":[{"@type":"SearchAction","target":{"@type":"EntryPoint","urlTemplate":"https:\/\/mwc-cmm.org\/en\/?s={search_term_string}"},"query-input":{"@type":"PropertyValueSpecification","valueRequired":true,"valueName":"search_term_string"}}],"inLanguage":"es"},{"@type":"Organization","@id":"https:\/\/mwc-cmm.org\/en\/#organization","name":"Mennonite World Conference","alternateName":"MWC","url":"https:\/\/mwc-cmm.org\/en\/","logo":{"@type":"ImageObject","inLanguage":"es","@id":"https:\/\/mwc-cmm.org\/en\/#\/schema\/logo\/image\/","url":"https:\/\/mwc-cmm.org\/wp-content\/uploads\/2026\/01\/MWC_Sig_Blue_Horiz_webheader1-logo.svg","contentUrl":"https:\/\/mwc-cmm.org\/wp-content\/uploads\/2026\/01\/MWC_Sig_Blue_Horiz_webheader1-logo.svg","width":786,"height":82,"caption":"Mennonite World Conference"},"image":{"@id":"https:\/\/mwc-cmm.org\/en\/#\/schema\/logo\/image\/"},"sameAs":["https:\/\/www.facebook.com\/MennoniteWorldConference","https:\/\/www.linkedin.com\/company\/mennonite-world-conference-mwc\/","https:\/\/www.instagram.com\/mwcmm\/","https:\/\/www.youtube.com\/user\/mwccmm","https:\/\/bsky.app\/profile\/mwcmm.bsky.social"]},{"@type":"Person","@id":"https:\/\/mwc-cmm.org\/en\/#\/schema\/person\/11f6ae0d7d1868ba20a1cc27f067c836","name":"mennworldcon","image":{"@type":"ImageObject","inLanguage":"es","@id":"https:\/\/secure.gravatar.com\/avatar\/06fdc0dc81c157dfdb82ec42f252178a22307808988d22c043f9eb96f1e0fe80?s=96&d=mm&r=g","url":"https:\/\/secure.gravatar.com\/avatar\/06fdc0dc81c157dfdb82ec42f252178a22307808988d22c043f9eb96f1e0fe80?s=96&d=mm&r=g","contentUrl":"https:\/\/secure.gravatar.com\/avatar\/06fdc0dc81c157dfdb82ec42f252178a22307808988d22c043f9eb96f1e0fe80?s=96&d=mm&r=g","caption":"mennworldcon"},"sameAs":["https:\/\/mwc-cmm.org"],"url":"https:\/\/mwc-cmm.org\/es\/stories\/author\/mennworldcon\/"}]}},"_links":{"self":[{"href":"https:\/\/mwc-cmm.org\/es\/wp-json\/wp\/v2\/posts\/9041","targetHints":{"allow":["GET"]}}],"collection":[{"href":"https:\/\/mwc-cmm.org\/es\/wp-json\/wp\/v2\/posts"}],"about":[{"href":"https:\/\/mwc-cmm.org\/es\/wp-json\/wp\/v2\/types\/post"}],"author":[{"embeddable":true,"href":"https:\/\/mwc-cmm.org\/es\/wp-json\/wp\/v2\/users\/1"}],"replies":[{"embeddable":true,"href":"https:\/\/mwc-cmm.org\/es\/wp-json\/wp\/v2\/comments?post=9041"}],"version-history":[{"count":0,"href":"https:\/\/mwc-cmm.org\/es\/wp-json\/wp\/v2\/posts\/9041\/revisions"}],"wp:featuredmedia":[{"embeddable":true,"href":"https:\/\/mwc-cmm.org\/es\/wp-json\/wp\/v2\/media\/92828"}],"wp:attachment":[{"href":"https:\/\/mwc-cmm.org\/es\/wp-json\/wp\/v2\/media?parent=9041"}],"wp:term":[{"taxonomy":"category","embeddable":true,"href":"https:\/\/mwc-cmm.org\/es\/wp-json\/wp\/v2\/categories?post=9041"},{"taxonomy":"post_tag","embeddable":true,"href":"https:\/\/mwc-cmm.org\/es\/wp-json\/wp\/v2\/tags?post=9041"},{"taxonomy":"network","embeddable":true,"href":"https:\/\/mwc-cmm.org\/es\/wp-json\/wp\/v2\/network?post=9041"},{"taxonomy":"eventcategory","embeddable":true,"href":"https:\/\/mwc-cmm.org\/es\/wp-json\/wp\/v2\/eventcategory?post=9041"}],"curies":[{"name":"wp","href":"https:\/\/api.w.org\/{rel}","templated":true}]}}