{"id":9039,"date":"2020-10-10T00:00:00","date_gmt":"2020-10-10T00:00:00","guid":{"rendered":"https:\/\/mwc-cmm.org\/receptive-ecumenism-3\/"},"modified":"2024-12-10T18:03:08","modified_gmt":"2024-12-10T18:03:08","slug":"receptive-ecumenism-3","status":"publish","type":"post","link":"https:\/\/mwc-cmm.org\/es\/stories\/receptive-ecumenism-3\/","title":{"rendered":"Ecumenismo receptivo"},"content":{"rendered":"<h2>Volverse vulnerable ante los demas<\/h2>\n<p>Hay un momento en que todo cambia para los estudiantes que cursan la materia de Misi\u00f3n y Ecumenismo en la Universidad <em>Vrije<\/em> de \u00c1msterdam, Pa\u00edses Bajos. Este curso de car\u00e1cter obligatorio est\u00e1 compuesto por una gran diversidad de estudiantes. La mayor\u00eda representa matices de la tradici\u00f3n reformada: algunos estudiantes (principalmente hombres j\u00f3venes) se consideran \u201cconservadores\u201d o biblistas; otros estudiantes (principalmente mujeres) son &nbsp;\u201cprogresistas\u201d. Hay bautistas (\u201cevang\u00e9licos\u201d), menonitas (considerados los m\u00e1s progresistas), pentecostales y estudiantes sin una clara afiliaci\u00f3n religiosa.<\/p>\n<p>La mayor\u00eda de los estudiantes son bastante esc\u00e9pticos sobre el ecumenismo. Algunos no creen que haya necesidad de reflexionar sobre su relaci\u00f3n con otros cristianos. Otros estudiantes creen que las relaciones entre cristianos son irrelevantes en el contexto de los encuentros multirreligiosos y del secularismo extremo.<\/p>\n<h3>Sentar las bases<\/h3>\n<p>Durante las primeras sesiones del curso, Heleen Zorgdrager -mi colega de la tradici\u00f3n reformada- y yo guiamos a los estudiantes en el estudio de textos b\u00edblicos sobre la unidad de la iglesia, tales como Juan 17 o Efesios 4.<\/p>\n<p>Al reflexionar sobre la eclesiolog\u00eda (la naturaleza de la iglesia), descubrimos que \u201cser uno\u201d es una caracter\u00edstica esencial de la iglesia en todas las tradiciones.<\/p>\n<table style=\"width:300px\">\n<tbody>\n<tr>\n<td>\n<h3 style=\"color:#330066\">Ser receptivo al otro es muy distinto a que trate de convencer a los dem\u00e1s de que mi camino no solo es leg\u00edtimo sino superior.<\/h3>\n<\/td>\n<\/tr>\n<\/tbody>\n<\/table>\n<p>Tambi\u00e9n aprendemos sobre la historia del movimiento ecum\u00e9nico.<\/p>\n<p>Hasta entonces la mayor\u00eda de los estudiantes prefieren permanecer en terreno conocido. Han aprendido a \u201ctolerar\u201d a los dem\u00e1s, pero puedo percibir que tienen estereotipos unos de otros (y de su profesor menonita).<\/p>\n<p>Ninguno realmente cuestiona lo que ha cre\u00eddo hasta ahora. Les animo a expresar su propia identidad, y a valorar lo que han aprendido de sus sistemas de creencias y de sus experiencias personales con la iglesia.<\/p>\n<h3>Volverse receptivos<\/h3>\n<p>Entonces llega un momento en el que todo cambia.<\/p>\n<p>Esto ocurre generalmente cuando introduzco el concepto de \u201cecumenismo receptivo\u201d. En lugar de preguntar, <em>\u00bfqu\u00e9 necesitan aprender otras tradiciones de la m\u00eda?,<\/em> la pregunta principal ser\u00eda, <em>\u00bfcu\u00e1les son las debilidades que percibo en mi propia comunidad?<\/em> Y, <em>\u00bfhay \u201cdones\u201d en otras tradiciones que podr\u00edan ayudarme a superar estas debilidades? <\/em>Paul Murray, quien ha desarrollado este enfoque en el Centro de Estudios Cat\u00f3licos de Durham, sostiene la siguiente premisa: \u201cSi todos formul\u00e1ramos esta pregunta seriamente y actu\u00e1ramos en consecuencia, entonces todos nos movilizar\u00edamos a fin de profundizar nuestras aut\u00e9nticas identidades, lo cual nos llevar\u00eda a establecer v\u00ednculos m\u00e1s estrechos\u201d.<\/p>\n<p>Por supuesto que al principio hay cierta reticencia. Los estudiantes se dividen en grupos de tres o cuatro, conformados por personas de diferentes trasfondos. Esto brinda un espacio seguro para compartir los problemas, dificultades, desaf\u00edos e incluso el dolor que atraviesan en su propia comunidad.<\/p>\n<h3>Compartir la vulnerabilidad<\/h3>\n<p>Cuando regresan al grupo m\u00e1s amplio, todo se siente diferente. Los estudiantes ahora expresan, a veces con l\u00e1grimas en los ojos, las experiencias que nunca pensaron que fueran a&nbsp; compartir con nadie, y mucho menos con alguien que no perteneciera a sus propios c\u00edrculos.<\/p>\n<p>Los otros estudiantes escuchan con empat\u00eda. Toda la arrogancia y la ignorancia de las sesiones anteriores ya no est\u00e1n.<\/p>\n<p>Ahora se relacionan entre s\u00ed, construyendo confianza gradualmente. Ya no se trata de tolerancia en el sentido de indiferencia, sino que implica un inter\u00e9s real en el otro y una b\u00fasqueda com\u00fan y honesta de sabidur\u00eda b\u00edblica y reflexi\u00f3n teol\u00f3gica que responda a los desaf\u00edos expresados.<\/p>\n<p>Los estudiantes comienzan a preguntarse unos a otros: <em>\u00bfC\u00f3mo se hace eso en tu comunidad? \u00bfPor qu\u00e9 motivos? \u00bfPor qu\u00e9 no puedo hacer\/creer lo mismo en mi propia iglesia? \u00bfO, s\u00ed puedo? <\/em><\/p>\n<p>Entonces, el aula se convierte en un verdadero espacio ecum\u00e9nico, una imagen de la \u201c\u00fanica casa de Dios\u201d en toda su diversidad. Nos hemos convertido en creyentes que procuran fortalecerse mutuamente en la fe al compartir las dudas en presencia del otro. <em>\u00bfPodemos recibir juntos aquello que es de Dios?<\/em><\/p>\n<h3>Recibir los dones<\/h3>\n<p>Para m\u00ed, siempre es un milagro c\u00f3mo cambia el esp\u00edritu, cu\u00e1n amablemente se comportan los estudiantes entre s\u00ed, cu\u00e1n cautelosos son al se\u00f1alar las fortalezas de la tradici\u00f3n del otro.<\/p>\n<p>Despu\u00e9s de haber participado en instituciones y di\u00e1logos ecum\u00e9nicos oficiales durante d\u00e9cadas, me doy cuenta de que ser receptivo al otro es muy distinto a que trate de convencer a los dem\u00e1s de que mi camino no solo es leg\u00edtimo sino superior. A menos que me haga vulnerable frente al otro \u201a\u00c4\u00edconfiando en que no destruir\u00e1 mi fe, sino que se convertir\u00e1 en un compa\u00f1ero para hacerla crecer\u201a\u00c4\u00ed, no podr\u00e9 recibir los dones de una iglesia mundial que celebra su diversidad reconciliada como una bendici\u00f3n de Dios.<\/p>\n<p>Adem\u00e1s, \u00bfno es este enfoque exactamente la sabidur\u00eda de la iglesia de paz, que ense\u00f1a la no violencia como otra caracter\u00edstica esencial de la iglesia de Cristo? Ser no violento con otra opini\u00f3n, cultura, mentalidad o tradici\u00f3n, hace que mi propia fe sea vulnerable. Como sabemos por nuestra propia historia, esto requiere mucho valor y una profunda confianza en la gu\u00eda del Esp\u00edritu de Dios.<\/p>\n<p>\u00a1Me siento orgulloso de la confianza de mis estudiantes! Aprendo mucho de ellos.<\/p>\n<p><em>Fernando Enns, miembro y vicepresidente de Arbeitsgemeinschaft Mennonitischer Gemeinden (Alemania), es docente de la Vrije Universiteit de los Pa\u00edses Bajos y la Universidad de Hamburgo (Alemania). Ha participado en <a href=\"\/es\/node\/71\">los di\u00e1logos trilaterales del CMM <\/a>con la Federaci\u00f3n Luterana Mundial y el Consejo Pontificio para la Promoci\u00f3n de la Unidad Cristiana. Adem\u00e1s, es miembro del <a href=\"http:\/\/oikoumene.org\/\">Comit\u00e9 Central del Consejo Mundial de Iglesias<\/a>. <\/em><\/p>\n<hr \/>\n<h5>Este art\u00edculo apareci\u00f3 por primera vez en&nbsp;<em>Correo\/Courier\/Courrier<\/em>&nbsp;en abril de 2020.&nbsp;<\/h5>\n<h5><a href=\"http:\/\/mwc-cmm.org\/node\/3526\">Haga clic aqu\u00ed&nbsp;para leer otros art\u00edculos de este n\u00famero<\/a><\/h5>\n","protected":false},"excerpt":{"rendered":"<p>Volverse vulnerable ante los demas Hay un momento en que todo cambia para los estudiantes que cursan la materia de Misi\u00f3n y Ecumenismo en la Universidad Vrije de \u00c1msterdam, Pa\u00edses Bajos. Este curso de car\u00e1cter obligatorio est\u00e1 compuesto por una gran diversidad de estudiantes. La mayor\u00eda representa matices de la tradici\u00f3n reformada: algunos estudiantes (principalmente [&hellip;]<\/p>\n","protected":false},"author":1,"featured_media":92814,"comment_status":"closed","ping_status":"closed","sticky":false,"template":"","format":"standard","meta":{"_acf_changed":false,"footnotes":""},"categories":[6],"tags":[],"network":[1306],"eventcategory":[],"class_list":["post-9039","post","type-post","status-publish","format-standard","has-post-thumbnail","hentry","category-sin-categorizar","network-courier-es"],"acf":[],"yoast_head":"<!-- This site is optimized with the Yoast SEO plugin v27.5 - https:\/\/yoast.com\/product\/yoast-seo-wordpress\/ -->\n<title>Ecumenismo receptivo - Mennonite World Conference<\/title>\n<meta name=\"robots\" content=\"index, follow, max-snippet:-1, max-image-preview:large, max-video-preview:-1\" \/>\n<link rel=\"canonical\" href=\"https:\/\/mwc-cmm.org\/en\/stories\/receptive-ecumenism-2\/\" \/>\n<meta property=\"og:locale\" content=\"es_ES\" \/>\n<meta property=\"og:type\" content=\"article\" \/>\n<meta property=\"og:title\" content=\"Ecumenismo receptivo - Mennonite World Conference\" \/>\n<meta property=\"og:description\" content=\"Volverse vulnerable ante los demas Hay un momento en que todo cambia para los estudiantes que cursan la materia de Misi\u00f3n y Ecumenismo en la Universidad Vrije de \u00c1msterdam, Pa\u00edses Bajos. Este curso de car\u00e1cter obligatorio est\u00e1 compuesto por una gran diversidad de estudiantes. La mayor\u00eda representa matices de la tradici\u00f3n reformada: algunos estudiantes (principalmente [&hellip;]\" \/>\n<meta property=\"og:url\" content=\"https:\/\/mwc-cmm.org\/en\/stories\/receptive-ecumenism-2\/\" \/>\n<meta property=\"og:site_name\" content=\"Mennonite World Conference\" \/>\n<meta property=\"article:publisher\" content=\"https:\/\/www.facebook.com\/MennoniteWorldConference\" \/>\n<meta property=\"article:published_time\" content=\"2020-10-10T00:00:00+00:00\" \/>\n<meta property=\"article:modified_time\" content=\"2024-12-10T18:03:08+00:00\" \/>\n<meta property=\"og:image\" content=\"https:\/\/mwc-cmm.org\/wp-content\/uploads\/2024\/11\/2017-harryunger-renewal2027.jpg-1024x602.png\" \/>\n\t<meta property=\"og:image:width\" content=\"1024\" \/>\n\t<meta property=\"og:image:height\" content=\"602\" \/>\n\t<meta property=\"og:image:type\" content=\"image\/png\" \/>\n<meta name=\"author\" content=\"mennworldcon\" \/>\n<script type=\"application\/ld+json\" class=\"yoast-schema-graph\">{\"@context\":\"https:\\\/\\\/schema.org\",\"@graph\":[{\"@type\":\"Article\",\"@id\":\"https:\\\/\\\/mwc-cmm.org\\\/en\\\/stories\\\/receptive-ecumenism-2\\\/#article\",\"isPartOf\":{\"@id\":\"https:\\\/\\\/mwc-cmm.org\\\/en\\\/stories\\\/receptive-ecumenism-2\\\/\"},\"author\":{\"name\":\"mennworldcon\",\"@id\":\"https:\\\/\\\/mwc-cmm.org\\\/en\\\/#\\\/schema\\\/person\\\/11f6ae0d7d1868ba20a1cc27f067c836\"},\"headline\":\"Ecumenismo receptivo\",\"datePublished\":\"2020-10-10T00:00:00+00:00\",\"dateModified\":\"2024-12-10T18:03:08+00:00\",\"mainEntityOfPage\":{\"@id\":\"https:\\\/\\\/mwc-cmm.org\\\/en\\\/stories\\\/receptive-ecumenism-2\\\/\"},\"wordCount\":1017,\"publisher\":{\"@id\":\"https:\\\/\\\/mwc-cmm.org\\\/en\\\/#organization\"},\"image\":{\"@id\":\"https:\\\/\\\/mwc-cmm.org\\\/en\\\/stories\\\/receptive-ecumenism-2\\\/#primaryimage\"},\"thumbnailUrl\":\"https:\\\/\\\/mwc-cmm.org\\\/wp-content\\\/uploads\\\/2024\\\/11\\\/2017-harryunger-renewal2027.jpg.png\",\"articleSection\":[\"Sin categorizar\"],\"inLanguage\":\"es\"},{\"@type\":\"WebPage\",\"@id\":\"https:\\\/\\\/mwc-cmm.org\\\/en\\\/stories\\\/receptive-ecumenism-2\\\/\",\"url\":\"https:\\\/\\\/mwc-cmm.org\\\/en\\\/stories\\\/receptive-ecumenism-2\\\/\",\"name\":\"Ecumenismo receptivo - Mennonite World Conference\",\"isPartOf\":{\"@id\":\"https:\\\/\\\/mwc-cmm.org\\\/en\\\/#website\"},\"primaryImageOfPage\":{\"@id\":\"https:\\\/\\\/mwc-cmm.org\\\/en\\\/stories\\\/receptive-ecumenism-2\\\/#primaryimage\"},\"image\":{\"@id\":\"https:\\\/\\\/mwc-cmm.org\\\/en\\\/stories\\\/receptive-ecumenism-2\\\/#primaryimage\"},\"thumbnailUrl\":\"https:\\\/\\\/mwc-cmm.org\\\/wp-content\\\/uploads\\\/2024\\\/11\\\/2017-harryunger-renewal2027.jpg.png\",\"datePublished\":\"2020-10-10T00:00:00+00:00\",\"dateModified\":\"2024-12-10T18:03:08+00:00\",\"breadcrumb\":{\"@id\":\"https:\\\/\\\/mwc-cmm.org\\\/en\\\/stories\\\/receptive-ecumenism-2\\\/#breadcrumb\"},\"inLanguage\":\"es\",\"potentialAction\":[{\"@type\":\"ReadAction\",\"target\":[\"https:\\\/\\\/mwc-cmm.org\\\/en\\\/stories\\\/receptive-ecumenism-2\\\/\"]}]},{\"@type\":\"ImageObject\",\"inLanguage\":\"es\",\"@id\":\"https:\\\/\\\/mwc-cmm.org\\\/en\\\/stories\\\/receptive-ecumenism-2\\\/#primaryimage\",\"url\":\"https:\\\/\\\/mwc-cmm.org\\\/wp-content\\\/uploads\\\/2024\\\/11\\\/2017-harryunger-renewal2027.jpg.png\",\"contentUrl\":\"https:\\\/\\\/mwc-cmm.org\\\/wp-content\\\/uploads\\\/2024\\\/11\\\/2017-harryunger-renewal2027.jpg.png\",\"width\":1875,\"height\":1102},{\"@type\":\"BreadcrumbList\",\"@id\":\"https:\\\/\\\/mwc-cmm.org\\\/en\\\/stories\\\/receptive-ecumenism-2\\\/#breadcrumb\",\"itemListElement\":[{\"@type\":\"ListItem\",\"position\":1,\"name\":\"Home\",\"item\":\"https:\\\/\\\/mwc-cmm.org\\\/es\\\/\"},{\"@type\":\"ListItem\",\"position\":2,\"name\":\"Ecumenismo receptivo\"}]},{\"@type\":\"WebSite\",\"@id\":\"https:\\\/\\\/mwc-cmm.org\\\/en\\\/#website\",\"url\":\"https:\\\/\\\/mwc-cmm.org\\\/en\\\/\",\"name\":\"Mennonite World Conference\",\"description\":\"A communion of Anabaptist-related churches\",\"publisher\":{\"@id\":\"https:\\\/\\\/mwc-cmm.org\\\/en\\\/#organization\"},\"alternateName\":\"MWC\",\"potentialAction\":[{\"@type\":\"SearchAction\",\"target\":{\"@type\":\"EntryPoint\",\"urlTemplate\":\"https:\\\/\\\/mwc-cmm.org\\\/en\\\/?s={search_term_string}\"},\"query-input\":{\"@type\":\"PropertyValueSpecification\",\"valueRequired\":true,\"valueName\":\"search_term_string\"}}],\"inLanguage\":\"es\"},{\"@type\":\"Organization\",\"@id\":\"https:\\\/\\\/mwc-cmm.org\\\/en\\\/#organization\",\"name\":\"Mennonite World Conference\",\"alternateName\":\"MWC\",\"url\":\"https:\\\/\\\/mwc-cmm.org\\\/en\\\/\",\"logo\":{\"@type\":\"ImageObject\",\"inLanguage\":\"es\",\"@id\":\"https:\\\/\\\/mwc-cmm.org\\\/en\\\/#\\\/schema\\\/logo\\\/image\\\/\",\"url\":\"https:\\\/\\\/mwc-cmm.org\\\/wp-content\\\/uploads\\\/2026\\\/01\\\/MWC_Sig_Blue_Horiz_webheader1-logo.svg\",\"contentUrl\":\"https:\\\/\\\/mwc-cmm.org\\\/wp-content\\\/uploads\\\/2026\\\/01\\\/MWC_Sig_Blue_Horiz_webheader1-logo.svg\",\"width\":786,\"height\":82,\"caption\":\"Mennonite World Conference\"},\"image\":{\"@id\":\"https:\\\/\\\/mwc-cmm.org\\\/en\\\/#\\\/schema\\\/logo\\\/image\\\/\"},\"sameAs\":[\"https:\\\/\\\/www.facebook.com\\\/MennoniteWorldConference\",\"https:\\\/\\\/www.linkedin.com\\\/company\\\/mennonite-world-conference-mwc\\\/\",\"https:\\\/\\\/www.instagram.com\\\/mwcmm\\\/\",\"https:\\\/\\\/www.youtube.com\\\/user\\\/mwccmm\",\"https:\\\/\\\/bsky.app\\\/profile\\\/mwcmm.bsky.social\"]},{\"@type\":\"Person\",\"@id\":\"https:\\\/\\\/mwc-cmm.org\\\/en\\\/#\\\/schema\\\/person\\\/11f6ae0d7d1868ba20a1cc27f067c836\",\"name\":\"mennworldcon\",\"image\":{\"@type\":\"ImageObject\",\"inLanguage\":\"es\",\"@id\":\"https:\\\/\\\/secure.gravatar.com\\\/avatar\\\/06fdc0dc81c157dfdb82ec42f252178a22307808988d22c043f9eb96f1e0fe80?s=96&d=mm&r=g\",\"url\":\"https:\\\/\\\/secure.gravatar.com\\\/avatar\\\/06fdc0dc81c157dfdb82ec42f252178a22307808988d22c043f9eb96f1e0fe80?s=96&d=mm&r=g\",\"contentUrl\":\"https:\\\/\\\/secure.gravatar.com\\\/avatar\\\/06fdc0dc81c157dfdb82ec42f252178a22307808988d22c043f9eb96f1e0fe80?s=96&d=mm&r=g\",\"caption\":\"mennworldcon\"},\"sameAs\":[\"https:\\\/\\\/mwc-cmm.org\"],\"url\":\"https:\\\/\\\/mwc-cmm.org\\\/es\\\/stories\\\/author\\\/mennworldcon\\\/\"}]}<\/script>\n<!-- \/ Yoast SEO plugin. -->","yoast_head_json":{"title":"Ecumenismo receptivo - Mennonite World Conference","robots":{"index":"index","follow":"follow","max-snippet":"max-snippet:-1","max-image-preview":"max-image-preview:large","max-video-preview":"max-video-preview:-1"},"canonical":"https:\/\/mwc-cmm.org\/en\/stories\/receptive-ecumenism-2\/","og_locale":"es_ES","og_type":"article","og_title":"Ecumenismo receptivo - Mennonite World Conference","og_description":"Volverse vulnerable ante los demas Hay un momento en que todo cambia para los estudiantes que cursan la materia de Misi\u00f3n y Ecumenismo en la Universidad Vrije de \u00c1msterdam, Pa\u00edses Bajos. Este curso de car\u00e1cter obligatorio est\u00e1 compuesto por una gran diversidad de estudiantes. La mayor\u00eda representa matices de la tradici\u00f3n reformada: algunos estudiantes (principalmente [&hellip;]","og_url":"https:\/\/mwc-cmm.org\/en\/stories\/receptive-ecumenism-2\/","og_site_name":"Mennonite World Conference","article_publisher":"https:\/\/www.facebook.com\/MennoniteWorldConference","article_published_time":"2020-10-10T00:00:00+00:00","article_modified_time":"2024-12-10T18:03:08+00:00","og_image":[{"width":1024,"height":602,"url":"https:\/\/mwc-cmm.org\/wp-content\/uploads\/2024\/11\/2017-harryunger-renewal2027.jpg-1024x602.png","type":"image\/png"}],"author":"mennworldcon","schema":{"@context":"https:\/\/schema.org","@graph":[{"@type":"Article","@id":"https:\/\/mwc-cmm.org\/en\/stories\/receptive-ecumenism-2\/#article","isPartOf":{"@id":"https:\/\/mwc-cmm.org\/en\/stories\/receptive-ecumenism-2\/"},"author":{"name":"mennworldcon","@id":"https:\/\/mwc-cmm.org\/en\/#\/schema\/person\/11f6ae0d7d1868ba20a1cc27f067c836"},"headline":"Ecumenismo receptivo","datePublished":"2020-10-10T00:00:00+00:00","dateModified":"2024-12-10T18:03:08+00:00","mainEntityOfPage":{"@id":"https:\/\/mwc-cmm.org\/en\/stories\/receptive-ecumenism-2\/"},"wordCount":1017,"publisher":{"@id":"https:\/\/mwc-cmm.org\/en\/#organization"},"image":{"@id":"https:\/\/mwc-cmm.org\/en\/stories\/receptive-ecumenism-2\/#primaryimage"},"thumbnailUrl":"https:\/\/mwc-cmm.org\/wp-content\/uploads\/2024\/11\/2017-harryunger-renewal2027.jpg.png","articleSection":["Sin categorizar"],"inLanguage":"es"},{"@type":"WebPage","@id":"https:\/\/mwc-cmm.org\/en\/stories\/receptive-ecumenism-2\/","url":"https:\/\/mwc-cmm.org\/en\/stories\/receptive-ecumenism-2\/","name":"Ecumenismo receptivo - Mennonite World Conference","isPartOf":{"@id":"https:\/\/mwc-cmm.org\/en\/#website"},"primaryImageOfPage":{"@id":"https:\/\/mwc-cmm.org\/en\/stories\/receptive-ecumenism-2\/#primaryimage"},"image":{"@id":"https:\/\/mwc-cmm.org\/en\/stories\/receptive-ecumenism-2\/#primaryimage"},"thumbnailUrl":"https:\/\/mwc-cmm.org\/wp-content\/uploads\/2024\/11\/2017-harryunger-renewal2027.jpg.png","datePublished":"2020-10-10T00:00:00+00:00","dateModified":"2024-12-10T18:03:08+00:00","breadcrumb":{"@id":"https:\/\/mwc-cmm.org\/en\/stories\/receptive-ecumenism-2\/#breadcrumb"},"inLanguage":"es","potentialAction":[{"@type":"ReadAction","target":["https:\/\/mwc-cmm.org\/en\/stories\/receptive-ecumenism-2\/"]}]},{"@type":"ImageObject","inLanguage":"es","@id":"https:\/\/mwc-cmm.org\/en\/stories\/receptive-ecumenism-2\/#primaryimage","url":"https:\/\/mwc-cmm.org\/wp-content\/uploads\/2024\/11\/2017-harryunger-renewal2027.jpg.png","contentUrl":"https:\/\/mwc-cmm.org\/wp-content\/uploads\/2024\/11\/2017-harryunger-renewal2027.jpg.png","width":1875,"height":1102},{"@type":"BreadcrumbList","@id":"https:\/\/mwc-cmm.org\/en\/stories\/receptive-ecumenism-2\/#breadcrumb","itemListElement":[{"@type":"ListItem","position":1,"name":"Home","item":"https:\/\/mwc-cmm.org\/es\/"},{"@type":"ListItem","position":2,"name":"Ecumenismo receptivo"}]},{"@type":"WebSite","@id":"https:\/\/mwc-cmm.org\/en\/#website","url":"https:\/\/mwc-cmm.org\/en\/","name":"Mennonite World Conference","description":"A communion of Anabaptist-related churches","publisher":{"@id":"https:\/\/mwc-cmm.org\/en\/#organization"},"alternateName":"MWC","potentialAction":[{"@type":"SearchAction","target":{"@type":"EntryPoint","urlTemplate":"https:\/\/mwc-cmm.org\/en\/?s={search_term_string}"},"query-input":{"@type":"PropertyValueSpecification","valueRequired":true,"valueName":"search_term_string"}}],"inLanguage":"es"},{"@type":"Organization","@id":"https:\/\/mwc-cmm.org\/en\/#organization","name":"Mennonite World Conference","alternateName":"MWC","url":"https:\/\/mwc-cmm.org\/en\/","logo":{"@type":"ImageObject","inLanguage":"es","@id":"https:\/\/mwc-cmm.org\/en\/#\/schema\/logo\/image\/","url":"https:\/\/mwc-cmm.org\/wp-content\/uploads\/2026\/01\/MWC_Sig_Blue_Horiz_webheader1-logo.svg","contentUrl":"https:\/\/mwc-cmm.org\/wp-content\/uploads\/2026\/01\/MWC_Sig_Blue_Horiz_webheader1-logo.svg","width":786,"height":82,"caption":"Mennonite World Conference"},"image":{"@id":"https:\/\/mwc-cmm.org\/en\/#\/schema\/logo\/image\/"},"sameAs":["https:\/\/www.facebook.com\/MennoniteWorldConference","https:\/\/www.linkedin.com\/company\/mennonite-world-conference-mwc\/","https:\/\/www.instagram.com\/mwcmm\/","https:\/\/www.youtube.com\/user\/mwccmm","https:\/\/bsky.app\/profile\/mwcmm.bsky.social"]},{"@type":"Person","@id":"https:\/\/mwc-cmm.org\/en\/#\/schema\/person\/11f6ae0d7d1868ba20a1cc27f067c836","name":"mennworldcon","image":{"@type":"ImageObject","inLanguage":"es","@id":"https:\/\/secure.gravatar.com\/avatar\/06fdc0dc81c157dfdb82ec42f252178a22307808988d22c043f9eb96f1e0fe80?s=96&d=mm&r=g","url":"https:\/\/secure.gravatar.com\/avatar\/06fdc0dc81c157dfdb82ec42f252178a22307808988d22c043f9eb96f1e0fe80?s=96&d=mm&r=g","contentUrl":"https:\/\/secure.gravatar.com\/avatar\/06fdc0dc81c157dfdb82ec42f252178a22307808988d22c043f9eb96f1e0fe80?s=96&d=mm&r=g","caption":"mennworldcon"},"sameAs":["https:\/\/mwc-cmm.org"],"url":"https:\/\/mwc-cmm.org\/es\/stories\/author\/mennworldcon\/"}]}},"_links":{"self":[{"href":"https:\/\/mwc-cmm.org\/es\/wp-json\/wp\/v2\/posts\/9039","targetHints":{"allow":["GET"]}}],"collection":[{"href":"https:\/\/mwc-cmm.org\/es\/wp-json\/wp\/v2\/posts"}],"about":[{"href":"https:\/\/mwc-cmm.org\/es\/wp-json\/wp\/v2\/types\/post"}],"author":[{"embeddable":true,"href":"https:\/\/mwc-cmm.org\/es\/wp-json\/wp\/v2\/users\/1"}],"replies":[{"embeddable":true,"href":"https:\/\/mwc-cmm.org\/es\/wp-json\/wp\/v2\/comments?post=9039"}],"version-history":[{"count":0,"href":"https:\/\/mwc-cmm.org\/es\/wp-json\/wp\/v2\/posts\/9039\/revisions"}],"wp:featuredmedia":[{"embeddable":true,"href":"https:\/\/mwc-cmm.org\/es\/wp-json\/wp\/v2\/media\/92814"}],"wp:attachment":[{"href":"https:\/\/mwc-cmm.org\/es\/wp-json\/wp\/v2\/media?parent=9039"}],"wp:term":[{"taxonomy":"category","embeddable":true,"href":"https:\/\/mwc-cmm.org\/es\/wp-json\/wp\/v2\/categories?post=9039"},{"taxonomy":"post_tag","embeddable":true,"href":"https:\/\/mwc-cmm.org\/es\/wp-json\/wp\/v2\/tags?post=9039"},{"taxonomy":"network","embeddable":true,"href":"https:\/\/mwc-cmm.org\/es\/wp-json\/wp\/v2\/network?post=9039"},{"taxonomy":"eventcategory","embeddable":true,"href":"https:\/\/mwc-cmm.org\/es\/wp-json\/wp\/v2\/eventcategory?post=9039"}],"curies":[{"name":"wp","href":"https:\/\/api.w.org\/{rel}","templated":true}]}}