{"id":9030,"date":"2020-09-17T00:00:00","date_gmt":"2020-09-17T00:00:00","guid":{"rendered":"https:\/\/mwc-cmm.org\/can-preaching-bring-peace-3\/"},"modified":"2024-12-10T18:03:04","modified_gmt":"2024-12-10T18:03:04","slug":"puede-una-predicacion-traer-la-paz","status":"publish","type":"post","link":"https:\/\/mwc-cmm.org\/es\/stories\/puede-una-predicacion-traer-la-paz\/","title":{"rendered":"\u00bfPuede una predicaci\u00f3n traer la paz?"},"content":{"rendered":"<p>El Premio Serm\u00f3n Menno Simons fue establecido por la Dra. h.c. Annelie K\u00fcmpers-Greve (1946-2017), miembro de la congregaci\u00f3n menonita de Hamburgo-Altona en Alemania, en el a\u00f1o 2008 por su convicci\u00f3n sobre la palabra hablada. Cada a\u00f1o, el Centro para una Teolog\u00eda Eclesial de la Paz de la Universidad de Hamburgo, Alemania, en cooperaci\u00f3n con la congregaci\u00f3n de Hamburgo-Altona otorga el premio de 2000 \u201a\u00c7\u00a8 por un discurso sobre la paz.<\/p>\n<p>\u201cEl Premio Serm\u00f3n Menno Simons alienta y reconoce aquellos sermones que: exploren el testimonio b\u00edblico a trav\u00e9s de los lentes de la tradici\u00f3n anabautista-menonita; aquellos que promuevan la tradici\u00f3n de ser iglesia de paz en contextos ecum\u00e9nicos amplios, y que comuniquen de manera eficaz, convincente y que fortalezca la espiritualidad de quien escucha\u201d, explica Fernando Enns, profesor catedr\u00e1tico del Centro.<\/p>\n<p>La mitad del dinero del premio se le entrega al predicador; la mitad restante es otorgada a la congregaci\u00f3n del predicador a fin de fomentar la reflexi\u00f3n b\u00edblica acad\u00e9mica.<\/p>\n<p>Para el a\u00f1o 2021 se recibir\u00e1n las postulaciones de pastores y predicadores laicos de todo el mundo en los idiomas: alem\u00e1n, ingl\u00e9s, holand\u00e9s, franc\u00e9s y espa\u00f1ol. Las postulaciones se deber\u00e1n presentar antes del 1 de diciembre del 2020. El serm\u00f3n debe haber sido predicado en alg\u00fan lugar antes de ser postulado.<\/p>\n<p>Alabar al Creador y preservar la creaci\u00f3n de Dios son partes importantes de nuestro llamado cristiano a ser \u201csal\u201d en el mundo,&nbsp; afirma Andrea Schneider, directora de radiodifusi\u00f3n de la Asociaci\u00f3n de Iglesias Evang\u00e9licas Libres (VEF) en Alemania quien recibi\u00f3 el premio 2020 por su serm\u00f3n sobre Mateo 5:13.<\/p>\n<p>El serm\u00f3n galardonado en el 2020 se escuchar\u00e1 el 1 de noviembre del 2020 en el culto de la Iglesia Menonita en Hamburgo-Altona. La ceremonia p\u00fablica de premiaci\u00f3n tendr\u00e1 lugar inmediatamente despu\u00e9s del culto.<\/p>\n<p>\u201cLa predicaci\u00f3n no es [simplemente] informaci\u00f3n, sino el comienzo de un proceso de transformaci\u00f3n\u201d, declara el pastor Markus Hentschel de la iglesia anfitriona. \u201cLos sermones sobre la paz presentan el conflicto social o pol\u00edtico actual a la luz de la paz de Dios y de la mediaci\u00f3n de la iglesia, indica Hentschel\u201d.<\/p>\n<p>\u201cTambi\u00e9n escuchamos la voz de otra congregaci\u00f3n que nos recuerda que la paz tambi\u00e9n significa estar conectados mutuamente\u201d, a\u00f1ade Hentschel.<\/p>\n<p>El serm\u00f3n de 2012 de Lydia Penner, una canadiense que vive en los Pa\u00edses Bajos dice: \u201cEl gran sue\u00f1o de la paz&#8230; no se cumple a trav\u00e9s de la pol\u00edtica de poder y la violencia, sino que surge de actos aparentemente ineficaces de los individuos\u201d, este serm\u00f3n todav\u00eda contin\u00faa inspirando a Hentschel.<\/p>\n<p>El comit\u00e9 de selecci\u00f3n incluye a Fernando Enns, Hans-Martin Gutmann, Lukas Amstutz, Christina Duhoux, Birgit Foth, Christiane Karrer y Heinrich Wiens.<\/p>\n<h3>Anteriores ganadores del premio<\/h3>\n<p><strong>2024<\/strong>&nbsp;Riki Neufeld, pastor de la congregaci\u00f3n Menonita Evang\u00e9lica de Sch\u00e4nzli, en MuRenz (Suiza)<\/p>\n<p><strong>2023<\/strong> Joachim Lebrerecht, pastor de&nbsp; la congregaci\u00f3n&nbsp;Lydia-Congregation Herzogenrath, Protestant Church in the Rhineland (EKiR), Aachen, Germany<\/p>\n<p><strong>2022&nbsp;<\/strong>Peter Stucky, pastor de la Iglesia Menonita de Teusaquillo en Bogot\u00e1 (Colombia)<\/p>\n<p><strong>2019 <\/strong>Dr. Jochen Wagner, chair of the Council of Churches in Rheinland-Pfalz and Saarland, Germany<\/p>\n<p><strong>2018 <\/strong>Rainer W. Burkart, pastor of the Mennonite congregation in Enkenbach and Neudorferhof, Germany<\/p>\n<p><strong>2017<\/strong> Dr. Betty Pries, Waterloo North Mennonite Church, Canada<\/p>\n<p><strong>2016 <\/strong>Marie-No\u00eblle von der Recke, Mennonite congregation at Weierhof\/ Pfalz, Germany<\/p>\n<p><strong>2015 <\/strong>Dr. Pieter Post, pastor of the Mennonite congregation in Ijmond, Netherlands<\/p>\n<p><strong>2014 <\/strong>Carmen Rossol, pastor of the Mennonite congregation in Weierhof\/Pfalz, Germany<\/p>\n<p><strong>2013 <\/strong>Andrea Lange, Mennonite theologian, Mainz, Germany<\/p>\n<p><strong>2012 <\/strong>Lydia Penner, Pastor of Doopsgezinde Gemeente Den Haag, Netherlands<\/p>\n<p><strong>2011 <\/strong>Lukas Amstutz, Mennonite theologian at Bienenberg, Switzerland<\/p>\n<p><strong>2010 <\/strong>J\u00fcrg Br\u00e4ker, Mennonite theologian, Heidelberg-Bammental, Germany<\/p>\n<p><strong>2009 <\/strong>Ernst Christian Driedger, Mennonite congregation of Limburgerhof-Kohlhof, Germany<\/p>\n<p>&nbsp;<\/p>\n<hr>\n<table style=\"width:300px\">\n<tbody>\n<tr>\n<td>\n<h3>Lea m\u00e1s &#8211; 2022<\/h3>\n<h3><a href=\"https:\/\/www.theologie.uni-hamburg.de\/einrichtungen\/arbeitsstellen\/friedenskirche\/menno-simons-predigtpreis.html\">https:\/\/www.theologie.uni-hamburg.de\/einrichtungen\/arbeitsstellen\/friedenskirche\/menno-simons-predigtpreis.html<\/a><\/h3>\n<\/td>\n<\/tr>\n<\/tbody>\n<\/table>\n<p>Actualizado 20 marzo 2021<\/p>\n","protected":false},"excerpt":{"rendered":"<p>El Premio Serm\u00f3n Menno Simons fue establecido por la Dra. h.c. Annelie K\u00fcmpers-Greve (1946-2017), miembro de la congregaci\u00f3n menonita de Hamburgo-Altona en Alemania, en el a\u00f1o 2008 por su convicci\u00f3n sobre la palabra hablada. Cada a\u00f1o, el Centro para una Teolog\u00eda Eclesial de la Paz de la Universidad de Hamburgo, Alemania, en cooperaci\u00f3n con la [&hellip;]<\/p>\n","protected":false},"author":1,"featured_media":92716,"comment_status":"closed","ping_status":"closed","sticky":false,"template":"","format":"standard","meta":{"_acf_changed":false,"footnotes":""},"categories":[6],"tags":[473,417],"network":[],"eventcategory":[],"class_list":["post-9030","post","type-post","status-publish","format-standard","has-post-thumbnail","hentry","category-sin-categorizar","tag-paz","tag-theology-es"],"acf":[],"yoast_head":"<!-- This site is optimized with the Yoast SEO plugin v27.2 - https:\/\/yoast.com\/product\/yoast-seo-wordpress\/ -->\n<title>\u00bfPuede una predicaci\u00f3n traer la paz? - Mennonite World Conference<\/title>\n<meta name=\"robots\" content=\"index, follow, max-snippet:-1, max-image-preview:large, max-video-preview:-1\" \/>\n<link rel=\"canonical\" href=\"https:\/\/mwc-cmm.org\/es\/stories\/puede-una-predicacion-traer-la-paz\/\" \/>\n<meta property=\"og:locale\" content=\"es_ES\" \/>\n<meta property=\"og:type\" content=\"article\" \/>\n<meta property=\"og:title\" content=\"\u00bfPuede una predicaci\u00f3n traer la paz? - Mennonite World Conference\" \/>\n<meta property=\"og:description\" content=\"El Premio Serm\u00f3n Menno Simons fue establecido por la Dra. h.c. Annelie K\u00fcmpers-Greve (1946-2017), miembro de la congregaci\u00f3n menonita de Hamburgo-Altona en Alemania, en el a\u00f1o 2008 por su convicci\u00f3n sobre la palabra hablada. Cada a\u00f1o, el Centro para una Teolog\u00eda Eclesial de la Paz de la Universidad de Hamburgo, Alemania, en cooperaci\u00f3n con la [&hellip;]\" \/>\n<meta property=\"og:url\" content=\"https:\/\/mwc-cmm.org\/es\/stories\/puede-una-predicacion-traer-la-paz\/\" \/>\n<meta property=\"og:site_name\" content=\"Mennonite World Conference\" \/>\n<meta property=\"article:publisher\" content=\"https:\/\/www.facebook.com\/MennoniteWorldConference\" \/>\n<meta property=\"article:published_time\" content=\"2020-09-17T00:00:00+00:00\" \/>\n<meta property=\"article:modified_time\" content=\"2024-12-10T18:03:04+00:00\" \/>\n<meta property=\"og:image\" content=\"https:\/\/mwc-cmm.org\/wp-content\/uploads\/2024\/11\/nr-german-peace-prize.png\" \/>\n\t<meta property=\"og:image:width\" content=\"1255\" \/>\n\t<meta property=\"og:image:height\" content=\"915\" \/>\n\t<meta property=\"og:image:type\" content=\"image\/png\" \/>\n<meta name=\"author\" content=\"mennworldcon\" \/>\n<script type=\"application\/ld+json\" class=\"yoast-schema-graph\">{\"@context\":\"https:\/\/schema.org\",\"@graph\":[{\"@type\":\"Article\",\"@id\":\"https:\/\/mwc-cmm.org\/es\/stories\/puede-una-predicacion-traer-la-paz\/#article\",\"isPartOf\":{\"@id\":\"https:\/\/mwc-cmm.org\/es\/stories\/puede-una-predicacion-traer-la-paz\/\"},\"author\":{\"name\":\"mennworldcon\",\"@id\":\"https:\/\/mwc-cmm.org\/en\/#\/schema\/person\/11f6ae0d7d1868ba20a1cc27f067c836\"},\"headline\":\"\u00bfPuede una predicaci\u00f3n traer la paz?\",\"datePublished\":\"2020-09-17T00:00:00+00:00\",\"dateModified\":\"2024-12-10T18:03:04+00:00\",\"mainEntityOfPage\":{\"@id\":\"https:\/\/mwc-cmm.org\/es\/stories\/puede-una-predicacion-traer-la-paz\/\"},\"wordCount\":668,\"publisher\":{\"@id\":\"https:\/\/mwc-cmm.org\/en\/#organization\"},\"image\":{\"@id\":\"https:\/\/mwc-cmm.org\/es\/stories\/puede-una-predicacion-traer-la-paz\/#primaryimage\"},\"thumbnailUrl\":\"https:\/\/mwc-cmm.org\/wp-content\/uploads\/2024\/11\/nr-german-peace-prize.png\",\"keywords\":[\"paz\",\"theology\"],\"articleSection\":[\"Sin categorizar\"],\"inLanguage\":\"es\"},{\"@type\":\"WebPage\",\"@id\":\"https:\/\/mwc-cmm.org\/es\/stories\/puede-una-predicacion-traer-la-paz\/\",\"url\":\"https:\/\/mwc-cmm.org\/es\/stories\/puede-una-predicacion-traer-la-paz\/\",\"name\":\"\u00bfPuede una predicaci\u00f3n traer la paz? - Mennonite World Conference\",\"isPartOf\":{\"@id\":\"https:\/\/mwc-cmm.org\/en\/#website\"},\"primaryImageOfPage\":{\"@id\":\"https:\/\/mwc-cmm.org\/es\/stories\/puede-una-predicacion-traer-la-paz\/#primaryimage\"},\"image\":{\"@id\":\"https:\/\/mwc-cmm.org\/es\/stories\/puede-una-predicacion-traer-la-paz\/#primaryimage\"},\"thumbnailUrl\":\"https:\/\/mwc-cmm.org\/wp-content\/uploads\/2024\/11\/nr-german-peace-prize.png\",\"datePublished\":\"2020-09-17T00:00:00+00:00\",\"dateModified\":\"2024-12-10T18:03:04+00:00\",\"breadcrumb\":{\"@id\":\"https:\/\/mwc-cmm.org\/es\/stories\/puede-una-predicacion-traer-la-paz\/#breadcrumb\"},\"inLanguage\":\"es\",\"potentialAction\":[{\"@type\":\"ReadAction\",\"target\":[\"https:\/\/mwc-cmm.org\/es\/stories\/puede-una-predicacion-traer-la-paz\/\"]}]},{\"@type\":\"ImageObject\",\"inLanguage\":\"es\",\"@id\":\"https:\/\/mwc-cmm.org\/es\/stories\/puede-una-predicacion-traer-la-paz\/#primaryimage\",\"url\":\"https:\/\/mwc-cmm.org\/wp-content\/uploads\/2024\/11\/nr-german-peace-prize.png\",\"contentUrl\":\"https:\/\/mwc-cmm.org\/wp-content\/uploads\/2024\/11\/nr-german-peace-prize.png\",\"width\":1255,\"height\":915},{\"@type\":\"BreadcrumbList\",\"@id\":\"https:\/\/mwc-cmm.org\/es\/stories\/puede-una-predicacion-traer-la-paz\/#breadcrumb\",\"itemListElement\":[{\"@type\":\"ListItem\",\"position\":1,\"name\":\"Home\",\"item\":\"https:\/\/mwc-cmm.org\/es\/\"},{\"@type\":\"ListItem\",\"position\":2,\"name\":\"\u00bfPuede una predicaci\u00f3n traer la paz?\"}]},{\"@type\":\"WebSite\",\"@id\":\"https:\/\/mwc-cmm.org\/en\/#website\",\"url\":\"https:\/\/mwc-cmm.org\/en\/\",\"name\":\"Mennonite World Conference\",\"description\":\"A communion of Anabaptist-related churches\",\"publisher\":{\"@id\":\"https:\/\/mwc-cmm.org\/en\/#organization\"},\"alternateName\":\"MWC\",\"potentialAction\":[{\"@type\":\"SearchAction\",\"target\":{\"@type\":\"EntryPoint\",\"urlTemplate\":\"https:\/\/mwc-cmm.org\/en\/?s={search_term_string}\"},\"query-input\":{\"@type\":\"PropertyValueSpecification\",\"valueRequired\":true,\"valueName\":\"search_term_string\"}}],\"inLanguage\":\"es\"},{\"@type\":\"Organization\",\"@id\":\"https:\/\/mwc-cmm.org\/en\/#organization\",\"name\":\"Mennonite World Conference\",\"alternateName\":\"MWC\",\"url\":\"https:\/\/mwc-cmm.org\/en\/\",\"logo\":{\"@type\":\"ImageObject\",\"inLanguage\":\"es\",\"@id\":\"https:\/\/mwc-cmm.org\/en\/#\/schema\/logo\/image\/\",\"url\":\"https:\/\/mwc-cmm.org\/wp-content\/uploads\/2026\/01\/MWC_Sig_Blue_Horiz_webheader1-logo.svg\",\"contentUrl\":\"https:\/\/mwc-cmm.org\/wp-content\/uploads\/2026\/01\/MWC_Sig_Blue_Horiz_webheader1-logo.svg\",\"width\":786,\"height\":82,\"caption\":\"Mennonite World Conference\"},\"image\":{\"@id\":\"https:\/\/mwc-cmm.org\/en\/#\/schema\/logo\/image\/\"},\"sameAs\":[\"https:\/\/www.facebook.com\/MennoniteWorldConference\",\"https:\/\/www.linkedin.com\/company\/mennonite-world-conference-mwc\/\",\"https:\/\/www.instagram.com\/mwcmm\/\",\"https:\/\/www.youtube.com\/user\/mwccmm\",\"https:\/\/bsky.app\/profile\/mwcmm.bsky.social\"]},{\"@type\":\"Person\",\"@id\":\"https:\/\/mwc-cmm.org\/en\/#\/schema\/person\/11f6ae0d7d1868ba20a1cc27f067c836\",\"name\":\"mennworldcon\",\"image\":{\"@type\":\"ImageObject\",\"inLanguage\":\"es\",\"@id\":\"https:\/\/secure.gravatar.com\/avatar\/06fdc0dc81c157dfdb82ec42f252178a22307808988d22c043f9eb96f1e0fe80?s=96&d=mm&r=g\",\"url\":\"https:\/\/secure.gravatar.com\/avatar\/06fdc0dc81c157dfdb82ec42f252178a22307808988d22c043f9eb96f1e0fe80?s=96&d=mm&r=g\",\"contentUrl\":\"https:\/\/secure.gravatar.com\/avatar\/06fdc0dc81c157dfdb82ec42f252178a22307808988d22c043f9eb96f1e0fe80?s=96&d=mm&r=g\",\"caption\":\"mennworldcon\"},\"sameAs\":[\"https:\/\/mwc-cmm.org\"],\"url\":\"https:\/\/mwc-cmm.org\/es\/stories\/author\/mennworldcon\/\"}]}<\/script>\n<!-- \/ Yoast SEO plugin. -->","yoast_head_json":{"title":"\u00bfPuede una predicaci\u00f3n traer la paz? - Mennonite World Conference","robots":{"index":"index","follow":"follow","max-snippet":"max-snippet:-1","max-image-preview":"max-image-preview:large","max-video-preview":"max-video-preview:-1"},"canonical":"https:\/\/mwc-cmm.org\/es\/stories\/puede-una-predicacion-traer-la-paz\/","og_locale":"es_ES","og_type":"article","og_title":"\u00bfPuede una predicaci\u00f3n traer la paz? - Mennonite World Conference","og_description":"El Premio Serm\u00f3n Menno Simons fue establecido por la Dra. h.c. Annelie K\u00fcmpers-Greve (1946-2017), miembro de la congregaci\u00f3n menonita de Hamburgo-Altona en Alemania, en el a\u00f1o 2008 por su convicci\u00f3n sobre la palabra hablada. Cada a\u00f1o, el Centro para una Teolog\u00eda Eclesial de la Paz de la Universidad de Hamburgo, Alemania, en cooperaci\u00f3n con la [&hellip;]","og_url":"https:\/\/mwc-cmm.org\/es\/stories\/puede-una-predicacion-traer-la-paz\/","og_site_name":"Mennonite World Conference","article_publisher":"https:\/\/www.facebook.com\/MennoniteWorldConference","article_published_time":"2020-09-17T00:00:00+00:00","article_modified_time":"2024-12-10T18:03:04+00:00","og_image":[{"width":1255,"height":915,"url":"https:\/\/mwc-cmm.org\/wp-content\/uploads\/2024\/11\/nr-german-peace-prize.png","type":"image\/png"}],"author":"mennworldcon","schema":{"@context":"https:\/\/schema.org","@graph":[{"@type":"Article","@id":"https:\/\/mwc-cmm.org\/es\/stories\/puede-una-predicacion-traer-la-paz\/#article","isPartOf":{"@id":"https:\/\/mwc-cmm.org\/es\/stories\/puede-una-predicacion-traer-la-paz\/"},"author":{"name":"mennworldcon","@id":"https:\/\/mwc-cmm.org\/en\/#\/schema\/person\/11f6ae0d7d1868ba20a1cc27f067c836"},"headline":"\u00bfPuede una predicaci\u00f3n traer la paz?","datePublished":"2020-09-17T00:00:00+00:00","dateModified":"2024-12-10T18:03:04+00:00","mainEntityOfPage":{"@id":"https:\/\/mwc-cmm.org\/es\/stories\/puede-una-predicacion-traer-la-paz\/"},"wordCount":668,"publisher":{"@id":"https:\/\/mwc-cmm.org\/en\/#organization"},"image":{"@id":"https:\/\/mwc-cmm.org\/es\/stories\/puede-una-predicacion-traer-la-paz\/#primaryimage"},"thumbnailUrl":"https:\/\/mwc-cmm.org\/wp-content\/uploads\/2024\/11\/nr-german-peace-prize.png","keywords":["paz","theology"],"articleSection":["Sin categorizar"],"inLanguage":"es"},{"@type":"WebPage","@id":"https:\/\/mwc-cmm.org\/es\/stories\/puede-una-predicacion-traer-la-paz\/","url":"https:\/\/mwc-cmm.org\/es\/stories\/puede-una-predicacion-traer-la-paz\/","name":"\u00bfPuede una predicaci\u00f3n traer la paz? - Mennonite World Conference","isPartOf":{"@id":"https:\/\/mwc-cmm.org\/en\/#website"},"primaryImageOfPage":{"@id":"https:\/\/mwc-cmm.org\/es\/stories\/puede-una-predicacion-traer-la-paz\/#primaryimage"},"image":{"@id":"https:\/\/mwc-cmm.org\/es\/stories\/puede-una-predicacion-traer-la-paz\/#primaryimage"},"thumbnailUrl":"https:\/\/mwc-cmm.org\/wp-content\/uploads\/2024\/11\/nr-german-peace-prize.png","datePublished":"2020-09-17T00:00:00+00:00","dateModified":"2024-12-10T18:03:04+00:00","breadcrumb":{"@id":"https:\/\/mwc-cmm.org\/es\/stories\/puede-una-predicacion-traer-la-paz\/#breadcrumb"},"inLanguage":"es","potentialAction":[{"@type":"ReadAction","target":["https:\/\/mwc-cmm.org\/es\/stories\/puede-una-predicacion-traer-la-paz\/"]}]},{"@type":"ImageObject","inLanguage":"es","@id":"https:\/\/mwc-cmm.org\/es\/stories\/puede-una-predicacion-traer-la-paz\/#primaryimage","url":"https:\/\/mwc-cmm.org\/wp-content\/uploads\/2024\/11\/nr-german-peace-prize.png","contentUrl":"https:\/\/mwc-cmm.org\/wp-content\/uploads\/2024\/11\/nr-german-peace-prize.png","width":1255,"height":915},{"@type":"BreadcrumbList","@id":"https:\/\/mwc-cmm.org\/es\/stories\/puede-una-predicacion-traer-la-paz\/#breadcrumb","itemListElement":[{"@type":"ListItem","position":1,"name":"Home","item":"https:\/\/mwc-cmm.org\/es\/"},{"@type":"ListItem","position":2,"name":"\u00bfPuede una predicaci\u00f3n traer la paz?"}]},{"@type":"WebSite","@id":"https:\/\/mwc-cmm.org\/en\/#website","url":"https:\/\/mwc-cmm.org\/en\/","name":"Mennonite World Conference","description":"A communion of Anabaptist-related churches","publisher":{"@id":"https:\/\/mwc-cmm.org\/en\/#organization"},"alternateName":"MWC","potentialAction":[{"@type":"SearchAction","target":{"@type":"EntryPoint","urlTemplate":"https:\/\/mwc-cmm.org\/en\/?s={search_term_string}"},"query-input":{"@type":"PropertyValueSpecification","valueRequired":true,"valueName":"search_term_string"}}],"inLanguage":"es"},{"@type":"Organization","@id":"https:\/\/mwc-cmm.org\/en\/#organization","name":"Mennonite World Conference","alternateName":"MWC","url":"https:\/\/mwc-cmm.org\/en\/","logo":{"@type":"ImageObject","inLanguage":"es","@id":"https:\/\/mwc-cmm.org\/en\/#\/schema\/logo\/image\/","url":"https:\/\/mwc-cmm.org\/wp-content\/uploads\/2026\/01\/MWC_Sig_Blue_Horiz_webheader1-logo.svg","contentUrl":"https:\/\/mwc-cmm.org\/wp-content\/uploads\/2026\/01\/MWC_Sig_Blue_Horiz_webheader1-logo.svg","width":786,"height":82,"caption":"Mennonite World Conference"},"image":{"@id":"https:\/\/mwc-cmm.org\/en\/#\/schema\/logo\/image\/"},"sameAs":["https:\/\/www.facebook.com\/MennoniteWorldConference","https:\/\/www.linkedin.com\/company\/mennonite-world-conference-mwc\/","https:\/\/www.instagram.com\/mwcmm\/","https:\/\/www.youtube.com\/user\/mwccmm","https:\/\/bsky.app\/profile\/mwcmm.bsky.social"]},{"@type":"Person","@id":"https:\/\/mwc-cmm.org\/en\/#\/schema\/person\/11f6ae0d7d1868ba20a1cc27f067c836","name":"mennworldcon","image":{"@type":"ImageObject","inLanguage":"es","@id":"https:\/\/secure.gravatar.com\/avatar\/06fdc0dc81c157dfdb82ec42f252178a22307808988d22c043f9eb96f1e0fe80?s=96&d=mm&r=g","url":"https:\/\/secure.gravatar.com\/avatar\/06fdc0dc81c157dfdb82ec42f252178a22307808988d22c043f9eb96f1e0fe80?s=96&d=mm&r=g","contentUrl":"https:\/\/secure.gravatar.com\/avatar\/06fdc0dc81c157dfdb82ec42f252178a22307808988d22c043f9eb96f1e0fe80?s=96&d=mm&r=g","caption":"mennworldcon"},"sameAs":["https:\/\/mwc-cmm.org"],"url":"https:\/\/mwc-cmm.org\/es\/stories\/author\/mennworldcon\/"}]}},"_links":{"self":[{"href":"https:\/\/mwc-cmm.org\/es\/wp-json\/wp\/v2\/posts\/9030","targetHints":{"allow":["GET"]}}],"collection":[{"href":"https:\/\/mwc-cmm.org\/es\/wp-json\/wp\/v2\/posts"}],"about":[{"href":"https:\/\/mwc-cmm.org\/es\/wp-json\/wp\/v2\/types\/post"}],"author":[{"embeddable":true,"href":"https:\/\/mwc-cmm.org\/es\/wp-json\/wp\/v2\/users\/1"}],"replies":[{"embeddable":true,"href":"https:\/\/mwc-cmm.org\/es\/wp-json\/wp\/v2\/comments?post=9030"}],"version-history":[{"count":0,"href":"https:\/\/mwc-cmm.org\/es\/wp-json\/wp\/v2\/posts\/9030\/revisions"}],"wp:featuredmedia":[{"embeddable":true,"href":"https:\/\/mwc-cmm.org\/es\/wp-json\/wp\/v2\/media\/92716"}],"wp:attachment":[{"href":"https:\/\/mwc-cmm.org\/es\/wp-json\/wp\/v2\/media?parent=9030"}],"wp:term":[{"taxonomy":"category","embeddable":true,"href":"https:\/\/mwc-cmm.org\/es\/wp-json\/wp\/v2\/categories?post=9030"},{"taxonomy":"post_tag","embeddable":true,"href":"https:\/\/mwc-cmm.org\/es\/wp-json\/wp\/v2\/tags?post=9030"},{"taxonomy":"network","embeddable":true,"href":"https:\/\/mwc-cmm.org\/es\/wp-json\/wp\/v2\/network?post=9030"},{"taxonomy":"eventcategory","embeddable":true,"href":"https:\/\/mwc-cmm.org\/es\/wp-json\/wp\/v2\/eventcategory?post=9030"}],"curies":[{"name":"wp","href":"https:\/\/api.w.org\/{rel}","templated":true}]}}