{"id":9023,"date":"2020-09-04T00:00:00","date_gmt":"2020-09-04T00:00:00","guid":{"rendered":"https:\/\/mwc-cmm.org\/season-of-creation-2-3\/"},"modified":"2024-12-10T18:02:59","modified_gmt":"2024-12-10T18:02:59","slug":"season-of-creation-2-3","status":"publish","type":"post","link":"https:\/\/mwc-cmm.org\/es\/stories\/season-of-creation-2-3\/","title":{"rendered":"Tiempo de la Creaci\u00f3n \u2013 2"},"content":{"rendered":"<h2><strong>Danos el poder<\/strong><\/h2>\n<p>Dios,<\/p>\n<p>Danos el poder de confiar el uno en el otro<br \/>\ny elegir la forma ecol\u00f3gica la cual<br \/>\nlibera a tu creaci\u00f3n de la aflicci\u00f3n.<\/p>\n<p>Danos el poder de compartir conocimientos<br \/>\ny buscar soluciones sostenibles<br \/>\nque les permitan a las generaciones futuras sobrevivir.<\/p>\n<p>Danos el poder de cooperar<br \/>\npara tomar decisiones y acciones<br \/>\nque den frutos de forma sostenible.<\/p>\n<p>Danos el poder<br \/>\na trav\u00e9s de tu Esp\u00edritu Santo.<\/p>\n<p>&nbsp;<\/p>\n<p>T\u00fa que viste que era bueno.<\/p>\n<p>As\u00ed como en el principio, tambi\u00e9n en el d\u00eda despu\u00e9s de ma\u00f1ana.<\/p>\n<p>Que venga tu reino<br \/>\ny tu gloria brille<br \/>\npor siempre.<\/p>\n<p>Amen<\/p>\n<p>\u2014<em>Esta oraci\u00f3n est\u00e1 tomada del libro <\/em>Dancing with the Golden Frog: Global Warming and the Lord\u2019s Prayer<em>, de Herman Heijn, pastor de Doopsgezinde Gemeente Haarlem, Holanda. Enviado por Rebecca Froese, persona miembro del Grupo de Trabajo para el Cuidado de la Creaci\u00f3n, miembro de la Iglesia Menonita de Hamburgo-Altona, Alemania.<\/em><\/p>\n<p><strong>#SeasonofCreation<\/strong><\/p>\n<p><strong>#TiempodelaCreaci\u00f3n<\/strong><\/p>\n<p><strong>#TempsdelaCr\u00e9ation<\/strong><\/p>\n<p><strong>#TempodaCria\u00e7\u00e3o<\/strong><\/p>\n<p>&nbsp;<\/p>\n<table>\n<tbody>\n<tr>\n<td style=\"width:623px\">\n<p><em>Las personas cristianas de todo el mundo est\u00e1n caminando en esp\u00edritu hacia el cuidado de la creaci\u00f3n. Esta celebraci\u00f3n de la #SeasonofCreation se llevar\u00e1 a cabo del 1 de Septiembre al 4 de Octubre del 2020.<\/em><\/p>\n<\/td>\n<\/tr>\n<\/tbody>\n<\/table>\n<hr \/>\n<table style=\"width:300px\">\n<tbody>\n<tr>\n<td>\n<h4><a href=\"http:\/\/mwc-cmm.org\/es\/node\/3762\">Oraciones Tiempo de la Creaci\u00f3n<\/a><\/h4>\n<\/td>\n<\/tr>\n<\/tbody>\n<\/table>\n<p>&nbsp;<\/p>\n<table style=\"width:300px\">\n<tbody>\n<tr>\n<td>\n<h4><a href=\"http:\/\/mwc-cmm.org\/es\/node\/3766\">Encuesta del Grupo de Trabajo para el Cuidado de la Creaci\u00f3n<\/a><\/h4>\n<\/td>\n<\/tr>\n<\/tbody>\n<\/table>\n<p><strong>\u00a1Necesitamos su opini\u00f3n!<\/strong><\/p>\n<p>Encuesta del Grupo de Trabajo para el Cuidado de la Creaci\u00f3n<\/p>\n<p>El Grupo de Trabajo para el Cuidado de la Creaci\u00f3n le solicita que responda&nbsp; la encuesta sobre el cuidado de la creaci\u00f3n, \u00a1necesitamos su opini\u00f3n! A medida que comenzamos nuestra labor, como grupo de trabajo, consideramos importante escuchar de ustedes como congregaci\u00f3n perteneciente al Congreso Mundial Menonita, sobre temas relacionados con el cuidado de la creaci\u00f3n como el cambio clim\u00e1tico, por ejemplo.<\/p>\n<p>Sus observaciones son fundamentales para la creaci\u00f3n de un plan de trabajo que contenga los aspectos del cuidado de la creaci\u00f3n que las iglesias consideren m\u00e1s importantes y a medida que vamos proporcionando recursos para las iglesias que desean abordar temas como el cambio clim\u00e1tico y otras formas de degradaci\u00f3n ambiental que impactan a nuestras congregaciones. Por favor, t\u00f3mese, ya sea en forma individual o junto con otros miembros de su congregaci\u00f3n, alrededor de 15 minutos para completar esta encuesta.<\/p>\n<p>Apreciamos mucho sus aportes \u00a1Gracias por participar!<\/p>\n","protected":false},"excerpt":{"rendered":"<p>Danos el poder Dios, Danos el poder de confiar el uno en el otro y elegir la forma ecol\u00f3gica la cual libera a tu creaci\u00f3n de la aflicci\u00f3n. Danos el poder de compartir conocimientos y buscar soluciones sostenibles que les permitan a las generaciones futuras sobrevivir. Danos el poder de cooperar para tomar decisiones y [&hellip;]<\/p>\n","protected":false},"author":1,"featured_media":92646,"comment_status":"closed","ping_status":"closed","sticky":false,"template":"","format":"standard","meta":{"_acf_changed":false,"footnotes":""},"categories":[6],"tags":[],"network":[1306,1248],"eventcategory":[],"class_list":["post-9023","post","type-post","status-publish","format-standard","has-post-thumbnail","hentry","category-sin-categorizar","network-courier-es","network-creation-care-task-force-es"],"acf":[],"yoast_head":"<!-- This site is optimized with the Yoast SEO plugin v27.2 - https:\/\/yoast.com\/product\/yoast-seo-wordpress\/ -->\n<title>Tiempo de la Creaci\u00f3n \u2013 2 - Mennonite World Conference<\/title>\n<meta name=\"robots\" content=\"index, follow, max-snippet:-1, max-image-preview:large, max-video-preview:-1\" \/>\n<link rel=\"canonical\" href=\"https:\/\/mwc-cmm.org\/es\/stories\/season-of-creation-2-3\/\" \/>\n<meta property=\"og:locale\" content=\"es_ES\" \/>\n<meta property=\"og:type\" content=\"article\" \/>\n<meta property=\"og:title\" content=\"Tiempo de la Creaci\u00f3n \u2013 2 - Mennonite World Conference\" \/>\n<meta property=\"og:description\" content=\"Danos el poder Dios, Danos el poder de confiar el uno en el otro y elegir la forma ecol\u00f3gica la cual libera a tu creaci\u00f3n de la aflicci\u00f3n. Danos el poder de compartir conocimientos y buscar soluciones sostenibles que les permitan a las generaciones futuras sobrevivir. Danos el poder de cooperar para tomar decisiones y [&hellip;]\" \/>\n<meta property=\"og:url\" content=\"https:\/\/mwc-cmm.org\/es\/stories\/season-of-creation-2-3\/\" \/>\n<meta property=\"og:site_name\" content=\"Mennonite World Conference\" \/>\n<meta property=\"article:publisher\" content=\"https:\/\/www.facebook.com\/MennoniteWorldConference\" \/>\n<meta property=\"article:published_time\" content=\"2020-09-04T00:00:00+00:00\" \/>\n<meta property=\"article:modified_time\" content=\"2024-12-10T18:02:59+00:00\" \/>\n<meta property=\"og:image\" content=\"https:\/\/mwc-cmm.org\/wp-content\/uploads\/2024\/11\/49946076313_35046d6004_o-scaled.jpg\" \/>\n\t<meta property=\"og:image:width\" content=\"2560\" \/>\n\t<meta property=\"og:image:height\" content=\"1920\" \/>\n\t<meta property=\"og:image:type\" content=\"image\/jpeg\" \/>\n<meta name=\"author\" content=\"mennworldcon\" \/>\n<script type=\"application\/ld+json\" class=\"yoast-schema-graph\">{\"@context\":\"https:\/\/schema.org\",\"@graph\":[{\"@type\":\"Article\",\"@id\":\"https:\/\/mwc-cmm.org\/es\/stories\/season-of-creation-2-3\/#article\",\"isPartOf\":{\"@id\":\"https:\/\/mwc-cmm.org\/es\/stories\/season-of-creation-2-3\/\"},\"author\":{\"name\":\"mennworldcon\",\"@id\":\"https:\/\/mwc-cmm.org\/en\/#\/schema\/person\/11f6ae0d7d1868ba20a1cc27f067c836\"},\"headline\":\"Tiempo de la Creaci\u00f3n \u2013 2\",\"datePublished\":\"2020-09-04T00:00:00+00:00\",\"dateModified\":\"2024-12-10T18:02:59+00:00\",\"mainEntityOfPage\":{\"@id\":\"https:\/\/mwc-cmm.org\/es\/stories\/season-of-creation-2-3\/\"},\"wordCount\":410,\"publisher\":{\"@id\":\"https:\/\/mwc-cmm.org\/en\/#organization\"},\"image\":{\"@id\":\"https:\/\/mwc-cmm.org\/es\/stories\/season-of-creation-2-3\/#primaryimage\"},\"thumbnailUrl\":\"https:\/\/mwc-cmm.org\/wp-content\/uploads\/2024\/11\/49946076313_35046d6004_o-scaled.jpg\",\"articleSection\":[\"Sin categorizar\"],\"inLanguage\":\"es\"},{\"@type\":\"WebPage\",\"@id\":\"https:\/\/mwc-cmm.org\/es\/stories\/season-of-creation-2-3\/\",\"url\":\"https:\/\/mwc-cmm.org\/es\/stories\/season-of-creation-2-3\/\",\"name\":\"Tiempo de la Creaci\u00f3n \u2013 2 - Mennonite World Conference\",\"isPartOf\":{\"@id\":\"https:\/\/mwc-cmm.org\/en\/#website\"},\"primaryImageOfPage\":{\"@id\":\"https:\/\/mwc-cmm.org\/es\/stories\/season-of-creation-2-3\/#primaryimage\"},\"image\":{\"@id\":\"https:\/\/mwc-cmm.org\/es\/stories\/season-of-creation-2-3\/#primaryimage\"},\"thumbnailUrl\":\"https:\/\/mwc-cmm.org\/wp-content\/uploads\/2024\/11\/49946076313_35046d6004_o-scaled.jpg\",\"datePublished\":\"2020-09-04T00:00:00+00:00\",\"dateModified\":\"2024-12-10T18:02:59+00:00\",\"breadcrumb\":{\"@id\":\"https:\/\/mwc-cmm.org\/es\/stories\/season-of-creation-2-3\/#breadcrumb\"},\"inLanguage\":\"es\",\"potentialAction\":[{\"@type\":\"ReadAction\",\"target\":[\"https:\/\/mwc-cmm.org\/es\/stories\/season-of-creation-2-3\/\"]}]},{\"@type\":\"ImageObject\",\"inLanguage\":\"es\",\"@id\":\"https:\/\/mwc-cmm.org\/es\/stories\/season-of-creation-2-3\/#primaryimage\",\"url\":\"https:\/\/mwc-cmm.org\/wp-content\/uploads\/2024\/11\/49946076313_35046d6004_o-scaled.jpg\",\"contentUrl\":\"https:\/\/mwc-cmm.org\/wp-content\/uploads\/2024\/11\/49946076313_35046d6004_o-scaled.jpg\",\"width\":2560,\"height\":1920},{\"@type\":\"BreadcrumbList\",\"@id\":\"https:\/\/mwc-cmm.org\/es\/stories\/season-of-creation-2-3\/#breadcrumb\",\"itemListElement\":[{\"@type\":\"ListItem\",\"position\":1,\"name\":\"Home\",\"item\":\"https:\/\/mwc-cmm.org\/es\/\"},{\"@type\":\"ListItem\",\"position\":2,\"name\":\"Tiempo de la Creaci\u00f3n \u2013 2\"}]},{\"@type\":\"WebSite\",\"@id\":\"https:\/\/mwc-cmm.org\/en\/#website\",\"url\":\"https:\/\/mwc-cmm.org\/en\/\",\"name\":\"Mennonite World Conference\",\"description\":\"A communion of Anabaptist-related churches\",\"publisher\":{\"@id\":\"https:\/\/mwc-cmm.org\/en\/#organization\"},\"alternateName\":\"MWC\",\"potentialAction\":[{\"@type\":\"SearchAction\",\"target\":{\"@type\":\"EntryPoint\",\"urlTemplate\":\"https:\/\/mwc-cmm.org\/en\/?s={search_term_string}\"},\"query-input\":{\"@type\":\"PropertyValueSpecification\",\"valueRequired\":true,\"valueName\":\"search_term_string\"}}],\"inLanguage\":\"es\"},{\"@type\":\"Organization\",\"@id\":\"https:\/\/mwc-cmm.org\/en\/#organization\",\"name\":\"Mennonite World Conference\",\"alternateName\":\"MWC\",\"url\":\"https:\/\/mwc-cmm.org\/en\/\",\"logo\":{\"@type\":\"ImageObject\",\"inLanguage\":\"es\",\"@id\":\"https:\/\/mwc-cmm.org\/en\/#\/schema\/logo\/image\/\",\"url\":\"https:\/\/mwc-cmm.org\/wp-content\/uploads\/2026\/01\/MWC_Sig_Blue_Horiz_webheader1-logo.svg\",\"contentUrl\":\"https:\/\/mwc-cmm.org\/wp-content\/uploads\/2026\/01\/MWC_Sig_Blue_Horiz_webheader1-logo.svg\",\"width\":786,\"height\":82,\"caption\":\"Mennonite World Conference\"},\"image\":{\"@id\":\"https:\/\/mwc-cmm.org\/en\/#\/schema\/logo\/image\/\"},\"sameAs\":[\"https:\/\/www.facebook.com\/MennoniteWorldConference\",\"https:\/\/www.linkedin.com\/company\/mennonite-world-conference-mwc\/\",\"https:\/\/www.instagram.com\/mwcmm\/\",\"https:\/\/www.youtube.com\/user\/mwccmm\",\"https:\/\/bsky.app\/profile\/mwcmm.bsky.social\"]},{\"@type\":\"Person\",\"@id\":\"https:\/\/mwc-cmm.org\/en\/#\/schema\/person\/11f6ae0d7d1868ba20a1cc27f067c836\",\"name\":\"mennworldcon\",\"image\":{\"@type\":\"ImageObject\",\"inLanguage\":\"es\",\"@id\":\"https:\/\/secure.gravatar.com\/avatar\/06fdc0dc81c157dfdb82ec42f252178a22307808988d22c043f9eb96f1e0fe80?s=96&d=mm&r=g\",\"url\":\"https:\/\/secure.gravatar.com\/avatar\/06fdc0dc81c157dfdb82ec42f252178a22307808988d22c043f9eb96f1e0fe80?s=96&d=mm&r=g\",\"contentUrl\":\"https:\/\/secure.gravatar.com\/avatar\/06fdc0dc81c157dfdb82ec42f252178a22307808988d22c043f9eb96f1e0fe80?s=96&d=mm&r=g\",\"caption\":\"mennworldcon\"},\"sameAs\":[\"https:\/\/mwc-cmm.org\"],\"url\":\"https:\/\/mwc-cmm.org\/es\/stories\/author\/mennworldcon\/\"}]}<\/script>\n<!-- \/ Yoast SEO plugin. -->","yoast_head_json":{"title":"Tiempo de la Creaci\u00f3n \u2013 2 - Mennonite World Conference","robots":{"index":"index","follow":"follow","max-snippet":"max-snippet:-1","max-image-preview":"max-image-preview:large","max-video-preview":"max-video-preview:-1"},"canonical":"https:\/\/mwc-cmm.org\/es\/stories\/season-of-creation-2-3\/","og_locale":"es_ES","og_type":"article","og_title":"Tiempo de la Creaci\u00f3n \u2013 2 - Mennonite World Conference","og_description":"Danos el poder Dios, Danos el poder de confiar el uno en el otro y elegir la forma ecol\u00f3gica la cual libera a tu creaci\u00f3n de la aflicci\u00f3n. Danos el poder de compartir conocimientos y buscar soluciones sostenibles que les permitan a las generaciones futuras sobrevivir. Danos el poder de cooperar para tomar decisiones y [&hellip;]","og_url":"https:\/\/mwc-cmm.org\/es\/stories\/season-of-creation-2-3\/","og_site_name":"Mennonite World Conference","article_publisher":"https:\/\/www.facebook.com\/MennoniteWorldConference","article_published_time":"2020-09-04T00:00:00+00:00","article_modified_time":"2024-12-10T18:02:59+00:00","og_image":[{"width":2560,"height":1920,"url":"https:\/\/mwc-cmm.org\/wp-content\/uploads\/2024\/11\/49946076313_35046d6004_o-scaled.jpg","type":"image\/jpeg"}],"author":"mennworldcon","schema":{"@context":"https:\/\/schema.org","@graph":[{"@type":"Article","@id":"https:\/\/mwc-cmm.org\/es\/stories\/season-of-creation-2-3\/#article","isPartOf":{"@id":"https:\/\/mwc-cmm.org\/es\/stories\/season-of-creation-2-3\/"},"author":{"name":"mennworldcon","@id":"https:\/\/mwc-cmm.org\/en\/#\/schema\/person\/11f6ae0d7d1868ba20a1cc27f067c836"},"headline":"Tiempo de la Creaci\u00f3n \u2013 2","datePublished":"2020-09-04T00:00:00+00:00","dateModified":"2024-12-10T18:02:59+00:00","mainEntityOfPage":{"@id":"https:\/\/mwc-cmm.org\/es\/stories\/season-of-creation-2-3\/"},"wordCount":410,"publisher":{"@id":"https:\/\/mwc-cmm.org\/en\/#organization"},"image":{"@id":"https:\/\/mwc-cmm.org\/es\/stories\/season-of-creation-2-3\/#primaryimage"},"thumbnailUrl":"https:\/\/mwc-cmm.org\/wp-content\/uploads\/2024\/11\/49946076313_35046d6004_o-scaled.jpg","articleSection":["Sin categorizar"],"inLanguage":"es"},{"@type":"WebPage","@id":"https:\/\/mwc-cmm.org\/es\/stories\/season-of-creation-2-3\/","url":"https:\/\/mwc-cmm.org\/es\/stories\/season-of-creation-2-3\/","name":"Tiempo de la Creaci\u00f3n \u2013 2 - Mennonite World Conference","isPartOf":{"@id":"https:\/\/mwc-cmm.org\/en\/#website"},"primaryImageOfPage":{"@id":"https:\/\/mwc-cmm.org\/es\/stories\/season-of-creation-2-3\/#primaryimage"},"image":{"@id":"https:\/\/mwc-cmm.org\/es\/stories\/season-of-creation-2-3\/#primaryimage"},"thumbnailUrl":"https:\/\/mwc-cmm.org\/wp-content\/uploads\/2024\/11\/49946076313_35046d6004_o-scaled.jpg","datePublished":"2020-09-04T00:00:00+00:00","dateModified":"2024-12-10T18:02:59+00:00","breadcrumb":{"@id":"https:\/\/mwc-cmm.org\/es\/stories\/season-of-creation-2-3\/#breadcrumb"},"inLanguage":"es","potentialAction":[{"@type":"ReadAction","target":["https:\/\/mwc-cmm.org\/es\/stories\/season-of-creation-2-3\/"]}]},{"@type":"ImageObject","inLanguage":"es","@id":"https:\/\/mwc-cmm.org\/es\/stories\/season-of-creation-2-3\/#primaryimage","url":"https:\/\/mwc-cmm.org\/wp-content\/uploads\/2024\/11\/49946076313_35046d6004_o-scaled.jpg","contentUrl":"https:\/\/mwc-cmm.org\/wp-content\/uploads\/2024\/11\/49946076313_35046d6004_o-scaled.jpg","width":2560,"height":1920},{"@type":"BreadcrumbList","@id":"https:\/\/mwc-cmm.org\/es\/stories\/season-of-creation-2-3\/#breadcrumb","itemListElement":[{"@type":"ListItem","position":1,"name":"Home","item":"https:\/\/mwc-cmm.org\/es\/"},{"@type":"ListItem","position":2,"name":"Tiempo de la Creaci\u00f3n \u2013 2"}]},{"@type":"WebSite","@id":"https:\/\/mwc-cmm.org\/en\/#website","url":"https:\/\/mwc-cmm.org\/en\/","name":"Mennonite World Conference","description":"A communion of Anabaptist-related churches","publisher":{"@id":"https:\/\/mwc-cmm.org\/en\/#organization"},"alternateName":"MWC","potentialAction":[{"@type":"SearchAction","target":{"@type":"EntryPoint","urlTemplate":"https:\/\/mwc-cmm.org\/en\/?s={search_term_string}"},"query-input":{"@type":"PropertyValueSpecification","valueRequired":true,"valueName":"search_term_string"}}],"inLanguage":"es"},{"@type":"Organization","@id":"https:\/\/mwc-cmm.org\/en\/#organization","name":"Mennonite World Conference","alternateName":"MWC","url":"https:\/\/mwc-cmm.org\/en\/","logo":{"@type":"ImageObject","inLanguage":"es","@id":"https:\/\/mwc-cmm.org\/en\/#\/schema\/logo\/image\/","url":"https:\/\/mwc-cmm.org\/wp-content\/uploads\/2026\/01\/MWC_Sig_Blue_Horiz_webheader1-logo.svg","contentUrl":"https:\/\/mwc-cmm.org\/wp-content\/uploads\/2026\/01\/MWC_Sig_Blue_Horiz_webheader1-logo.svg","width":786,"height":82,"caption":"Mennonite World Conference"},"image":{"@id":"https:\/\/mwc-cmm.org\/en\/#\/schema\/logo\/image\/"},"sameAs":["https:\/\/www.facebook.com\/MennoniteWorldConference","https:\/\/www.linkedin.com\/company\/mennonite-world-conference-mwc\/","https:\/\/www.instagram.com\/mwcmm\/","https:\/\/www.youtube.com\/user\/mwccmm","https:\/\/bsky.app\/profile\/mwcmm.bsky.social"]},{"@type":"Person","@id":"https:\/\/mwc-cmm.org\/en\/#\/schema\/person\/11f6ae0d7d1868ba20a1cc27f067c836","name":"mennworldcon","image":{"@type":"ImageObject","inLanguage":"es","@id":"https:\/\/secure.gravatar.com\/avatar\/06fdc0dc81c157dfdb82ec42f252178a22307808988d22c043f9eb96f1e0fe80?s=96&d=mm&r=g","url":"https:\/\/secure.gravatar.com\/avatar\/06fdc0dc81c157dfdb82ec42f252178a22307808988d22c043f9eb96f1e0fe80?s=96&d=mm&r=g","contentUrl":"https:\/\/secure.gravatar.com\/avatar\/06fdc0dc81c157dfdb82ec42f252178a22307808988d22c043f9eb96f1e0fe80?s=96&d=mm&r=g","caption":"mennworldcon"},"sameAs":["https:\/\/mwc-cmm.org"],"url":"https:\/\/mwc-cmm.org\/es\/stories\/author\/mennworldcon\/"}]}},"_links":{"self":[{"href":"https:\/\/mwc-cmm.org\/es\/wp-json\/wp\/v2\/posts\/9023","targetHints":{"allow":["GET"]}}],"collection":[{"href":"https:\/\/mwc-cmm.org\/es\/wp-json\/wp\/v2\/posts"}],"about":[{"href":"https:\/\/mwc-cmm.org\/es\/wp-json\/wp\/v2\/types\/post"}],"author":[{"embeddable":true,"href":"https:\/\/mwc-cmm.org\/es\/wp-json\/wp\/v2\/users\/1"}],"replies":[{"embeddable":true,"href":"https:\/\/mwc-cmm.org\/es\/wp-json\/wp\/v2\/comments?post=9023"}],"version-history":[{"count":0,"href":"https:\/\/mwc-cmm.org\/es\/wp-json\/wp\/v2\/posts\/9023\/revisions"}],"wp:featuredmedia":[{"embeddable":true,"href":"https:\/\/mwc-cmm.org\/es\/wp-json\/wp\/v2\/media\/92646"}],"wp:attachment":[{"href":"https:\/\/mwc-cmm.org\/es\/wp-json\/wp\/v2\/media?parent=9023"}],"wp:term":[{"taxonomy":"category","embeddable":true,"href":"https:\/\/mwc-cmm.org\/es\/wp-json\/wp\/v2\/categories?post=9023"},{"taxonomy":"post_tag","embeddable":true,"href":"https:\/\/mwc-cmm.org\/es\/wp-json\/wp\/v2\/tags?post=9023"},{"taxonomy":"network","embeddable":true,"href":"https:\/\/mwc-cmm.org\/es\/wp-json\/wp\/v2\/network?post=9023"},{"taxonomy":"eventcategory","embeddable":true,"href":"https:\/\/mwc-cmm.org\/es\/wp-json\/wp\/v2\/eventcategory?post=9023"}],"curies":[{"name":"wp","href":"https:\/\/api.w.org\/{rel}","templated":true}]}}