{"id":9020,"date":"2020-08-31T00:00:00","date_gmt":"2020-08-31T00:00:00","guid":{"rendered":"https:\/\/mwc-cmm.org\/season-of-creation-2020-1-3\/"},"modified":"2024-12-10T18:02:58","modified_gmt":"2024-12-10T18:02:58","slug":"season-of-creation-2020-1-3","status":"publish","type":"post","link":"https:\/\/mwc-cmm.org\/es\/stories\/season-of-creation-2020-1-3\/","title":{"rendered":"Tiempo de la Creaci\u00f3n 2020 \u2013 1"},"content":{"rendered":"<h2><strong>Humildad<\/strong><\/h2>\n<p>Dios de toda la tierra \u2013<\/p>\n<p>Ll\u00e9vanos afuera, a tus lugares santos.<br \/>\nLl\u00e9vanos m\u00e1s all\u00e1 de nuestros muros,<br \/>\nafuera, donde podamos ver a nuestros vecinos y vecinas,<br \/>\nm\u00e1s all\u00e1 del jard\u00edn,<br \/>\ncon sus tomates maduros y sand\u00edas grandes.<br \/>\nAfuera, donde las flores florecen de color amarillo y rosa,<br \/>\ny se mecen con el viento.<br \/>\nAfuera, en la tierra de donde venimos y<br \/>\nal lugar donde ya no tenemos palabras para lo que vemos sino,<br \/>\nque solo podemos decir<br \/>\ncuan peque\u00f1as somos como personas.<br \/>\nAh\u00ed \u2013 ah\u00ed afuera \u2013 incl\u00ednate.<br \/>\nHaz barro con tu saliva;<br \/>\n\u00fantalo en nuestros ojos.<\/p>\n<p>Y cuando la arcilla se seque y se agriete, y<br \/>\nvolvamos nuestros rostros hacia tu vasto mundo,&nbsp;<br \/>\nveamos gracia, no desesperaci\u00f3n,<br \/>\ny una cosecha tan abundante que nos aflija.<\/p>\n<p><em>\u2014Jennifer Schrock<\/em><\/p>\n<p>&nbsp;<\/p>\n<p><em>Esta oraci\u00f3n de Jennifer Schrock se basa en un servicio de adoraci\u00f3n al aire libre que tuvo lugar en Berkey Avenue Mennonite Fellowship, Goshen, Indiana, EE.UU. Jennifer Schrock forma parte del <a href=\"\/es\/node\/3653\">Grupo de Trabajo para el Cuidado de la Creaci\u00f3n del CMM<\/a>.<\/em><\/p>\n<p>&nbsp;<\/p>\n<table>\n<tbody>\n<tr>\n<td style=\"width:623px\">&nbsp;Las personas cristianas de todo el mundo est\u00e1n caminando en esp\u00edritu hacia el cuidado de la creaci\u00f3n. Esta celebraci\u00f3n de la <strong>#TiempodelaCreaci\u00f3n<\/strong> se llevar\u00e1 a cabo del 1 de Septiembre al 4 de Octubre del 2020.<\/td>\n<\/tr>\n<\/tbody>\n<\/table>\n<hr \/>\n<table style=\"width:300px\">\n<tbody>\n<tr>\n<td>\n<h4><a href=\"http:\/\/mwc-cmm.org\/es\/node\/3762\">Oraciones Tiempo de la Creaci\u00f3n<\/a><\/h4>\n<\/td>\n<\/tr>\n<\/tbody>\n<\/table>\n<p>&nbsp;<\/p>\n<table style=\"width:300px\">\n<tbody>\n<tr>\n<td>\n<h4><a href=\"http:\/\/mwc-cmm.org\/es\/node\/3766\">Encuesta del Grupo de Trabajo para el Cuidado de la Creaci\u00f3n<\/a><\/h4>\n<\/td>\n<\/tr>\n<\/tbody>\n<\/table>\n<p><strong>\u00a1Necesitamos su opini\u00f3n!<\/strong><\/p>\n<p>El Grupo de Trabajo para el Cuidado de la Creaci\u00f3n le solicita que responda&nbsp; la encuesta sobre el cuidado de la creaci\u00f3n, \u00a1necesitamos su opini\u00f3n! A medida que comenzamos nuestra labor, como grupo de trabajo, consideramos importante escuchar de ustedes como congregaci\u00f3n perteneciente al Congreso Mundial Menonita, sobre temas relacionados con el cuidado de la creaci\u00f3n como el cambio clim\u00e1tico, por ejemplo.<\/p>\n<p>Sus observaciones son fundamentales para la creaci\u00f3n de un plan de trabajo que contenga los aspectos del cuidado de la creaci\u00f3n que las iglesias consideren m\u00e1s importantes y a medida que vamos proporcionando recursos para las iglesias que desean abordar temas como el cambio clim\u00e1tico y otras formas de degradaci\u00f3n ambiental que impactan a nuestras congregaciones.<\/p>\n<p>Por favor, t\u00f3mese, ya sea en forma individual o junto con otros miembros de su congregaci\u00f3n, alrededor de 15 minutos para completar esta encuesta.<\/p>\n<p>Apreciamos mucho sus aportes \u00a1Gracias por participar!<\/p>\n","protected":false},"excerpt":{"rendered":"<p>Humildad Dios de toda la tierra \u2013 Ll\u00e9vanos afuera, a tus lugares santos. Ll\u00e9vanos m\u00e1s all\u00e1 de nuestros muros, afuera, donde podamos ver a nuestros vecinos y vecinas, m\u00e1s all\u00e1 del jard\u00edn, con sus tomates maduros y sand\u00edas grandes. Afuera, donde las flores florecen de color amarillo y rosa, y se mecen con el viento. [&hellip;]<\/p>\n","protected":false},"author":1,"featured_media":65012,"comment_status":"closed","ping_status":"closed","sticky":false,"template":"","format":"standard","meta":{"_acf_changed":false,"footnotes":""},"categories":[6],"tags":[],"network":[1306,1248],"eventcategory":[],"class_list":["post-9020","post","type-post","status-publish","format-standard","has-post-thumbnail","hentry","category-sin-categorizar","network-courier-es","network-creation-care-task-force-es"],"acf":[],"yoast_head":"<!-- This site is optimized with the Yoast SEO plugin v27.2 - https:\/\/yoast.com\/product\/yoast-seo-wordpress\/ -->\n<title>Tiempo de la Creaci\u00f3n 2020 \u2013 1 - Mennonite World Conference<\/title>\n<meta name=\"robots\" content=\"index, follow, max-snippet:-1, max-image-preview:large, max-video-preview:-1\" \/>\n<link rel=\"canonical\" href=\"https:\/\/mwc-cmm.org\/es\/stories\/season-of-creation-2020-1-3\/\" \/>\n<meta property=\"og:locale\" content=\"es_ES\" \/>\n<meta property=\"og:type\" content=\"article\" \/>\n<meta property=\"og:title\" content=\"Tiempo de la Creaci\u00f3n 2020 \u2013 1 - Mennonite World Conference\" \/>\n<meta property=\"og:description\" content=\"Humildad Dios de toda la tierra \u2013 Ll\u00e9vanos afuera, a tus lugares santos. Ll\u00e9vanos m\u00e1s all\u00e1 de nuestros muros, afuera, donde podamos ver a nuestros vecinos y vecinas, m\u00e1s all\u00e1 del jard\u00edn, con sus tomates maduros y sand\u00edas grandes. Afuera, donde las flores florecen de color amarillo y rosa, y se mecen con el viento. [&hellip;]\" \/>\n<meta property=\"og:url\" content=\"https:\/\/mwc-cmm.org\/es\/stories\/season-of-creation-2020-1-3\/\" \/>\n<meta property=\"og:site_name\" content=\"Mennonite World Conference\" \/>\n<meta property=\"article:publisher\" content=\"https:\/\/www.facebook.com\/MennoniteWorldConference\" \/>\n<meta property=\"article:published_time\" content=\"2020-08-31T00:00:00+00:00\" \/>\n<meta property=\"article:modified_time\" content=\"2024-12-10T18:02:58+00:00\" \/>\n<meta property=\"og:image\" content=\"https:\/\/mwc-cmm.org\/wp-content\/uploads\/2024\/11\/img_4087-scaled.jpg\" \/>\n\t<meta property=\"og:image:width\" content=\"2560\" \/>\n\t<meta property=\"og:image:height\" content=\"1707\" \/>\n\t<meta property=\"og:image:type\" content=\"image\/jpeg\" \/>\n<meta name=\"author\" content=\"mennworldcon\" \/>\n<script type=\"application\/ld+json\" class=\"yoast-schema-graph\">{\"@context\":\"https:\/\/schema.org\",\"@graph\":[{\"@type\":\"Article\",\"@id\":\"https:\/\/mwc-cmm.org\/es\/stories\/season-of-creation-2020-1-3\/#article\",\"isPartOf\":{\"@id\":\"https:\/\/mwc-cmm.org\/es\/stories\/season-of-creation-2020-1-3\/\"},\"author\":{\"name\":\"mennworldcon\",\"@id\":\"https:\/\/mwc-cmm.org\/en\/#\/schema\/person\/11f6ae0d7d1868ba20a1cc27f067c836\"},\"headline\":\"Tiempo de la Creaci\u00f3n 2020 \u2013 1\",\"datePublished\":\"2020-08-31T00:00:00+00:00\",\"dateModified\":\"2024-12-10T18:02:58+00:00\",\"mainEntityOfPage\":{\"@id\":\"https:\/\/mwc-cmm.org\/es\/stories\/season-of-creation-2020-1-3\/\"},\"wordCount\":414,\"publisher\":{\"@id\":\"https:\/\/mwc-cmm.org\/en\/#organization\"},\"image\":{\"@id\":\"https:\/\/mwc-cmm.org\/es\/stories\/season-of-creation-2020-1-3\/#primaryimage\"},\"thumbnailUrl\":\"https:\/\/mwc-cmm.org\/wp-content\/uploads\/2024\/11\/img_4087-scaled.jpg\",\"articleSection\":[\"Sin categorizar\"],\"inLanguage\":\"es\"},{\"@type\":\"WebPage\",\"@id\":\"https:\/\/mwc-cmm.org\/es\/stories\/season-of-creation-2020-1-3\/\",\"url\":\"https:\/\/mwc-cmm.org\/es\/stories\/season-of-creation-2020-1-3\/\",\"name\":\"Tiempo de la Creaci\u00f3n 2020 \u2013 1 - Mennonite World Conference\",\"isPartOf\":{\"@id\":\"https:\/\/mwc-cmm.org\/en\/#website\"},\"primaryImageOfPage\":{\"@id\":\"https:\/\/mwc-cmm.org\/es\/stories\/season-of-creation-2020-1-3\/#primaryimage\"},\"image\":{\"@id\":\"https:\/\/mwc-cmm.org\/es\/stories\/season-of-creation-2020-1-3\/#primaryimage\"},\"thumbnailUrl\":\"https:\/\/mwc-cmm.org\/wp-content\/uploads\/2024\/11\/img_4087-scaled.jpg\",\"datePublished\":\"2020-08-31T00:00:00+00:00\",\"dateModified\":\"2024-12-10T18:02:58+00:00\",\"breadcrumb\":{\"@id\":\"https:\/\/mwc-cmm.org\/es\/stories\/season-of-creation-2020-1-3\/#breadcrumb\"},\"inLanguage\":\"es\",\"potentialAction\":[{\"@type\":\"ReadAction\",\"target\":[\"https:\/\/mwc-cmm.org\/es\/stories\/season-of-creation-2020-1-3\/\"]}]},{\"@type\":\"ImageObject\",\"inLanguage\":\"es\",\"@id\":\"https:\/\/mwc-cmm.org\/es\/stories\/season-of-creation-2020-1-3\/#primaryimage\",\"url\":\"https:\/\/mwc-cmm.org\/wp-content\/uploads\/2024\/11\/img_4087-scaled.jpg\",\"contentUrl\":\"https:\/\/mwc-cmm.org\/wp-content\/uploads\/2024\/11\/img_4087-scaled.jpg\",\"width\":2560,\"height\":1707},{\"@type\":\"BreadcrumbList\",\"@id\":\"https:\/\/mwc-cmm.org\/es\/stories\/season-of-creation-2020-1-3\/#breadcrumb\",\"itemListElement\":[{\"@type\":\"ListItem\",\"position\":1,\"name\":\"Home\",\"item\":\"https:\/\/mwc-cmm.org\/es\/\"},{\"@type\":\"ListItem\",\"position\":2,\"name\":\"Tiempo de la Creaci\u00f3n 2020 \u2013 1\"}]},{\"@type\":\"WebSite\",\"@id\":\"https:\/\/mwc-cmm.org\/en\/#website\",\"url\":\"https:\/\/mwc-cmm.org\/en\/\",\"name\":\"Mennonite World Conference\",\"description\":\"A communion of Anabaptist-related churches\",\"publisher\":{\"@id\":\"https:\/\/mwc-cmm.org\/en\/#organization\"},\"alternateName\":\"MWC\",\"potentialAction\":[{\"@type\":\"SearchAction\",\"target\":{\"@type\":\"EntryPoint\",\"urlTemplate\":\"https:\/\/mwc-cmm.org\/en\/?s={search_term_string}\"},\"query-input\":{\"@type\":\"PropertyValueSpecification\",\"valueRequired\":true,\"valueName\":\"search_term_string\"}}],\"inLanguage\":\"es\"},{\"@type\":\"Organization\",\"@id\":\"https:\/\/mwc-cmm.org\/en\/#organization\",\"name\":\"Mennonite World Conference\",\"alternateName\":\"MWC\",\"url\":\"https:\/\/mwc-cmm.org\/en\/\",\"logo\":{\"@type\":\"ImageObject\",\"inLanguage\":\"es\",\"@id\":\"https:\/\/mwc-cmm.org\/en\/#\/schema\/logo\/image\/\",\"url\":\"https:\/\/mwc-cmm.org\/wp-content\/uploads\/2026\/01\/MWC_Sig_Blue_Horiz_webheader1-logo.svg\",\"contentUrl\":\"https:\/\/mwc-cmm.org\/wp-content\/uploads\/2026\/01\/MWC_Sig_Blue_Horiz_webheader1-logo.svg\",\"width\":786,\"height\":82,\"caption\":\"Mennonite World Conference\"},\"image\":{\"@id\":\"https:\/\/mwc-cmm.org\/en\/#\/schema\/logo\/image\/\"},\"sameAs\":[\"https:\/\/www.facebook.com\/MennoniteWorldConference\",\"https:\/\/www.linkedin.com\/company\/mennonite-world-conference-mwc\/\",\"https:\/\/www.instagram.com\/mwcmm\/\",\"https:\/\/www.youtube.com\/user\/mwccmm\",\"https:\/\/bsky.app\/profile\/mwcmm.bsky.social\"]},{\"@type\":\"Person\",\"@id\":\"https:\/\/mwc-cmm.org\/en\/#\/schema\/person\/11f6ae0d7d1868ba20a1cc27f067c836\",\"name\":\"mennworldcon\",\"image\":{\"@type\":\"ImageObject\",\"inLanguage\":\"es\",\"@id\":\"https:\/\/secure.gravatar.com\/avatar\/06fdc0dc81c157dfdb82ec42f252178a22307808988d22c043f9eb96f1e0fe80?s=96&d=mm&r=g\",\"url\":\"https:\/\/secure.gravatar.com\/avatar\/06fdc0dc81c157dfdb82ec42f252178a22307808988d22c043f9eb96f1e0fe80?s=96&d=mm&r=g\",\"contentUrl\":\"https:\/\/secure.gravatar.com\/avatar\/06fdc0dc81c157dfdb82ec42f252178a22307808988d22c043f9eb96f1e0fe80?s=96&d=mm&r=g\",\"caption\":\"mennworldcon\"},\"sameAs\":[\"https:\/\/mwc-cmm.org\"],\"url\":\"https:\/\/mwc-cmm.org\/es\/stories\/author\/mennworldcon\/\"}]}<\/script>\n<!-- \/ Yoast SEO plugin. -->","yoast_head_json":{"title":"Tiempo de la Creaci\u00f3n 2020 \u2013 1 - Mennonite World Conference","robots":{"index":"index","follow":"follow","max-snippet":"max-snippet:-1","max-image-preview":"max-image-preview:large","max-video-preview":"max-video-preview:-1"},"canonical":"https:\/\/mwc-cmm.org\/es\/stories\/season-of-creation-2020-1-3\/","og_locale":"es_ES","og_type":"article","og_title":"Tiempo de la Creaci\u00f3n 2020 \u2013 1 - Mennonite World Conference","og_description":"Humildad Dios de toda la tierra \u2013 Ll\u00e9vanos afuera, a tus lugares santos. Ll\u00e9vanos m\u00e1s all\u00e1 de nuestros muros, afuera, donde podamos ver a nuestros vecinos y vecinas, m\u00e1s all\u00e1 del jard\u00edn, con sus tomates maduros y sand\u00edas grandes. Afuera, donde las flores florecen de color amarillo y rosa, y se mecen con el viento. [&hellip;]","og_url":"https:\/\/mwc-cmm.org\/es\/stories\/season-of-creation-2020-1-3\/","og_site_name":"Mennonite World Conference","article_publisher":"https:\/\/www.facebook.com\/MennoniteWorldConference","article_published_time":"2020-08-31T00:00:00+00:00","article_modified_time":"2024-12-10T18:02:58+00:00","og_image":[{"width":2560,"height":1707,"url":"https:\/\/mwc-cmm.org\/wp-content\/uploads\/2024\/11\/img_4087-scaled.jpg","type":"image\/jpeg"}],"author":"mennworldcon","schema":{"@context":"https:\/\/schema.org","@graph":[{"@type":"Article","@id":"https:\/\/mwc-cmm.org\/es\/stories\/season-of-creation-2020-1-3\/#article","isPartOf":{"@id":"https:\/\/mwc-cmm.org\/es\/stories\/season-of-creation-2020-1-3\/"},"author":{"name":"mennworldcon","@id":"https:\/\/mwc-cmm.org\/en\/#\/schema\/person\/11f6ae0d7d1868ba20a1cc27f067c836"},"headline":"Tiempo de la Creaci\u00f3n 2020 \u2013 1","datePublished":"2020-08-31T00:00:00+00:00","dateModified":"2024-12-10T18:02:58+00:00","mainEntityOfPage":{"@id":"https:\/\/mwc-cmm.org\/es\/stories\/season-of-creation-2020-1-3\/"},"wordCount":414,"publisher":{"@id":"https:\/\/mwc-cmm.org\/en\/#organization"},"image":{"@id":"https:\/\/mwc-cmm.org\/es\/stories\/season-of-creation-2020-1-3\/#primaryimage"},"thumbnailUrl":"https:\/\/mwc-cmm.org\/wp-content\/uploads\/2024\/11\/img_4087-scaled.jpg","articleSection":["Sin categorizar"],"inLanguage":"es"},{"@type":"WebPage","@id":"https:\/\/mwc-cmm.org\/es\/stories\/season-of-creation-2020-1-3\/","url":"https:\/\/mwc-cmm.org\/es\/stories\/season-of-creation-2020-1-3\/","name":"Tiempo de la Creaci\u00f3n 2020 \u2013 1 - Mennonite World Conference","isPartOf":{"@id":"https:\/\/mwc-cmm.org\/en\/#website"},"primaryImageOfPage":{"@id":"https:\/\/mwc-cmm.org\/es\/stories\/season-of-creation-2020-1-3\/#primaryimage"},"image":{"@id":"https:\/\/mwc-cmm.org\/es\/stories\/season-of-creation-2020-1-3\/#primaryimage"},"thumbnailUrl":"https:\/\/mwc-cmm.org\/wp-content\/uploads\/2024\/11\/img_4087-scaled.jpg","datePublished":"2020-08-31T00:00:00+00:00","dateModified":"2024-12-10T18:02:58+00:00","breadcrumb":{"@id":"https:\/\/mwc-cmm.org\/es\/stories\/season-of-creation-2020-1-3\/#breadcrumb"},"inLanguage":"es","potentialAction":[{"@type":"ReadAction","target":["https:\/\/mwc-cmm.org\/es\/stories\/season-of-creation-2020-1-3\/"]}]},{"@type":"ImageObject","inLanguage":"es","@id":"https:\/\/mwc-cmm.org\/es\/stories\/season-of-creation-2020-1-3\/#primaryimage","url":"https:\/\/mwc-cmm.org\/wp-content\/uploads\/2024\/11\/img_4087-scaled.jpg","contentUrl":"https:\/\/mwc-cmm.org\/wp-content\/uploads\/2024\/11\/img_4087-scaled.jpg","width":2560,"height":1707},{"@type":"BreadcrumbList","@id":"https:\/\/mwc-cmm.org\/es\/stories\/season-of-creation-2020-1-3\/#breadcrumb","itemListElement":[{"@type":"ListItem","position":1,"name":"Home","item":"https:\/\/mwc-cmm.org\/es\/"},{"@type":"ListItem","position":2,"name":"Tiempo de la Creaci\u00f3n 2020 \u2013 1"}]},{"@type":"WebSite","@id":"https:\/\/mwc-cmm.org\/en\/#website","url":"https:\/\/mwc-cmm.org\/en\/","name":"Mennonite World Conference","description":"A communion of Anabaptist-related churches","publisher":{"@id":"https:\/\/mwc-cmm.org\/en\/#organization"},"alternateName":"MWC","potentialAction":[{"@type":"SearchAction","target":{"@type":"EntryPoint","urlTemplate":"https:\/\/mwc-cmm.org\/en\/?s={search_term_string}"},"query-input":{"@type":"PropertyValueSpecification","valueRequired":true,"valueName":"search_term_string"}}],"inLanguage":"es"},{"@type":"Organization","@id":"https:\/\/mwc-cmm.org\/en\/#organization","name":"Mennonite World Conference","alternateName":"MWC","url":"https:\/\/mwc-cmm.org\/en\/","logo":{"@type":"ImageObject","inLanguage":"es","@id":"https:\/\/mwc-cmm.org\/en\/#\/schema\/logo\/image\/","url":"https:\/\/mwc-cmm.org\/wp-content\/uploads\/2026\/01\/MWC_Sig_Blue_Horiz_webheader1-logo.svg","contentUrl":"https:\/\/mwc-cmm.org\/wp-content\/uploads\/2026\/01\/MWC_Sig_Blue_Horiz_webheader1-logo.svg","width":786,"height":82,"caption":"Mennonite World Conference"},"image":{"@id":"https:\/\/mwc-cmm.org\/en\/#\/schema\/logo\/image\/"},"sameAs":["https:\/\/www.facebook.com\/MennoniteWorldConference","https:\/\/www.linkedin.com\/company\/mennonite-world-conference-mwc\/","https:\/\/www.instagram.com\/mwcmm\/","https:\/\/www.youtube.com\/user\/mwccmm","https:\/\/bsky.app\/profile\/mwcmm.bsky.social"]},{"@type":"Person","@id":"https:\/\/mwc-cmm.org\/en\/#\/schema\/person\/11f6ae0d7d1868ba20a1cc27f067c836","name":"mennworldcon","image":{"@type":"ImageObject","inLanguage":"es","@id":"https:\/\/secure.gravatar.com\/avatar\/06fdc0dc81c157dfdb82ec42f252178a22307808988d22c043f9eb96f1e0fe80?s=96&d=mm&r=g","url":"https:\/\/secure.gravatar.com\/avatar\/06fdc0dc81c157dfdb82ec42f252178a22307808988d22c043f9eb96f1e0fe80?s=96&d=mm&r=g","contentUrl":"https:\/\/secure.gravatar.com\/avatar\/06fdc0dc81c157dfdb82ec42f252178a22307808988d22c043f9eb96f1e0fe80?s=96&d=mm&r=g","caption":"mennworldcon"},"sameAs":["https:\/\/mwc-cmm.org"],"url":"https:\/\/mwc-cmm.org\/es\/stories\/author\/mennworldcon\/"}]}},"_links":{"self":[{"href":"https:\/\/mwc-cmm.org\/es\/wp-json\/wp\/v2\/posts\/9020","targetHints":{"allow":["GET"]}}],"collection":[{"href":"https:\/\/mwc-cmm.org\/es\/wp-json\/wp\/v2\/posts"}],"about":[{"href":"https:\/\/mwc-cmm.org\/es\/wp-json\/wp\/v2\/types\/post"}],"author":[{"embeddable":true,"href":"https:\/\/mwc-cmm.org\/es\/wp-json\/wp\/v2\/users\/1"}],"replies":[{"embeddable":true,"href":"https:\/\/mwc-cmm.org\/es\/wp-json\/wp\/v2\/comments?post=9020"}],"version-history":[{"count":0,"href":"https:\/\/mwc-cmm.org\/es\/wp-json\/wp\/v2\/posts\/9020\/revisions"}],"wp:featuredmedia":[{"embeddable":true,"href":"https:\/\/mwc-cmm.org\/es\/wp-json\/wp\/v2\/media\/65012"}],"wp:attachment":[{"href":"https:\/\/mwc-cmm.org\/es\/wp-json\/wp\/v2\/media?parent=9020"}],"wp:term":[{"taxonomy":"category","embeddable":true,"href":"https:\/\/mwc-cmm.org\/es\/wp-json\/wp\/v2\/categories?post=9020"},{"taxonomy":"post_tag","embeddable":true,"href":"https:\/\/mwc-cmm.org\/es\/wp-json\/wp\/v2\/tags?post=9020"},{"taxonomy":"network","embeddable":true,"href":"https:\/\/mwc-cmm.org\/es\/wp-json\/wp\/v2\/network?post=9020"},{"taxonomy":"eventcategory","embeddable":true,"href":"https:\/\/mwc-cmm.org\/es\/wp-json\/wp\/v2\/eventcategory?post=9020"}],"curies":[{"name":"wp","href":"https:\/\/api.w.org\/{rel}","templated":true}]}}