{"id":9013,"date":"2020-08-11T00:00:00","date_gmt":"2020-08-11T00:00:00","guid":{"rendered":"https:\/\/mwc-cmm.org\/building-paths-with-those-who-are-different-3\/"},"modified":"2024-12-10T18:02:56","modified_gmt":"2024-12-10T18:02:56","slug":"building-paths-with-those-who-are-different-3","status":"publish","type":"post","link":"https:\/\/mwc-cmm.org\/es\/stories\/building-paths-with-those-who-are-different-3\/","title":{"rendered":"Forjando caminos con quienes sean diferentes"},"content":{"rendered":"<p align=\"left\">La realidad ecum\u00e9nica en los pa\u00edses latinoamericanos es muy diversa por los contextos sociopol\u00edticos, hist\u00f3ricos, y por supuesto, econ\u00f3micos. As\u00ed, el factor religioso tiene sus propios matices y desaf\u00edos en la din\u00e1mica ecum\u00e9nica. Lo abordar\u00e9 en relaci\u00f3n al contexto de la Ciudad de M\u00e9xico.<\/p>\n<h2>Oportunidades de cohesi\u00f3n<\/h2>\n<p align=\"left\">Es importante el contexto en que mi pa\u00eds se encuentra en 1997, con los cambios pol\u00edticos que fueron relevantes. Las elecciones de ese a\u00f1o provocaron que llegara a ser regente de la ciudad un hombre de la izquierda mexicana, el Ingeniero Cuauht\u00e9moc C\u00e1rdenas Sol\u00f3rzano. Esto llev\u00f3 a que se promovieran oportunidades de cohesi\u00f3n y b\u00fasqueda de di\u00e1logos para seguir impulsando la unidad entre los sectores sociales como as\u00ed tambi\u00e9n las diferentes instituciones religiosas, y proponer procesos alternativos de cambio social, econ\u00f3mico y pol\u00edtico en ese tiempo. Asimismo, surge un movimiento social m\u00e1s fuerte que aprendi\u00f3 a ser m\u00e1s inteligente frente a los poderes del pa\u00eds.<\/p>\n<p align=\"left\">En este contexto, surgieron reuniones ecum\u00e9nicas con personalidades de las diferentes instituciones religiosas con la intenci\u00f3n de buscar el di\u00e1logo interreligioso, procurando que su voz pudiera ser escuchada en medio de ese movimiento social.<\/p>\n<h2>Una visi\u00f3n teol\u00f3gica anabautista<\/h2>\n<p align=\"left\">Como anabautista, siempre me sent\u00ed seguro de que la propuesta cristiana desde nuestra visi\u00f3n teol\u00f3gica, pudiera ser pertinente en esta circunstancia. Fue un encuentro donde se escuch\u00f3 la voz de todos y todas. M\u00e1s all\u00e1 de la idea que se tenga en relaci\u00f3n a la intervenci\u00f3n o no en asuntos sociales y pol\u00edticos como el mencionado, el contacto con quienes sean diferentes siempre ser\u00e1 enriquecedor.<\/p>\n<p align=\"left\">En M\u00e9xico hay un rechazo generalizado de las iglesias cristianas al movimiento ecum\u00e9nico. Sin embargo, existen l\u00edderes denominacionales que entienden el movimiento ecum\u00e9nico como un espacio de di\u00e1logo, trabajo y de acompa\u00f1amiento mutuo en el caminar de nuestra fe. En este sentido, surgieron varios encuentros de di\u00e1logo donde asistieron luteranos, metodistas, presbiterianos, episcopales o anglicanos, bautistas, pentecostales y cat\u00f3licos, compartiendo experiencias eclesiales y sociales. Varios de estos l\u00edderes a\u00fan son mis amigos y hermanos en la fe y en la construcci\u00f3n del Reino en la Tierra.<\/p>\n<p align=\"left\">Este acompa\u00f1amiento nos ayud\u00f3 a tener m\u00e1s visi\u00f3n respecto al significado de lo ecum\u00e9nico, no s\u00f3lo en reuniones de negocios, sino en la elaboraci\u00f3n de proyectos de servicio, y de incidencia social y pol\u00edtica.<\/p>\n<h2>Sigamos a Jes\u00fas, nuestra esperanza<\/h2>\n<p align=\"left\">El imperativo ecum\u00e9nico se funda en la oraci\u00f3n de Jes\u00fas y el compromiso irreversible de que los cristianos se amen seg\u00fan la voluntad de Jes\u00fas. En el Getseman\u00ed, en la vigilia de su pasi\u00f3n, Jes\u00fas oraba a Dios y le ped\u00eda por sus disc\u00edpulos: \u201cQue todos sean uno para que el mundo crea\u201d (Juan 17,21). Una oraci\u00f3n siempre abierta al tiempo, cuestionando al cristianismo en general y, por supuesto, al anabautismo en particular.<\/p>\n<p align=\"left\">La respuesta depende de la manera intencional con la que estamos realizando el ministerio del Reino de Dios en este mundo. El encuentro intercultural e interreligioso nos dar\u00e1 la respuesta. No es con buenas intenciones con las que se har\u00e1 realidad el sue\u00f1o ecum\u00e9nico, sino forjando caminos intencionalmente (con actos) con quienes sean diferentes.<\/p>\n<p align=\"left\">\u2014<em>Fernando P\u00e9rez Ventura, <\/em><em>mexicano, fue <\/em><em>pastor en la Ciudad de M\u00e9xico <\/em><em>durante<\/em><em> 34 a\u00f1os. Ha trabajado <\/em><em>en<\/em><em> la Red Menonita de Misiones en varios pa\u00edses de Am\u00e9rica Latina. Actualmente, sirve <\/em><em>en<\/em><em> la Conferencia Menonita de Mountain States en <\/em><em>Denver, Colorado, EE.UU.<\/em> <em>J<\/em><em>unto con su esposa <\/em><em>Rebeca Gonz\u00e1lez Torres,<\/em><em> coordina<\/em><em>n la <\/em><em>Comunidad de Instituciones Teol\u00f3gicas Anabautistas <\/em><em>(CITA)<\/em><em>, una red teol\u00f3g<\/em><em>ica anabautista para <\/em><em>Am\u00e9rica Latina. <\/em><\/p>\n<p align=\"left\">&nbsp;<\/p>\n<p align=\"left\"><em>Este art\u00edculo apareci\u00f3 por primera vez en&nbsp;Correo\/Courier\/Courrier&nbsp;en abril de 2020.&nbsp;<a href=\"\/node\/3526\">Haga clic aqu\u00ed<\/a>&nbsp;para leer otros art\u00edculos de este n\u00famero<\/em><\/p>\n","protected":false},"excerpt":{"rendered":"<p>The ecumenical imperative comes from Jesus\u2019 prayer during the passion vigil in Gethsemane. There, by way of his prayer to God, he declared his irrevocable commitment and will that Christians love one another. Jesus pleaded that his disciples \u201cmay all be one so that the world may believe\u201d (John 17:21). This is a timeless prayer that challenges Christianity in general, as well as Anabaptism in particular.<\/p>\n","protected":false},"author":1,"featured_media":92521,"comment_status":"closed","ping_status":"closed","sticky":false,"template":"","format":"standard","meta":{"_acf_changed":false,"footnotes":""},"categories":[6],"tags":[],"network":[1306],"eventcategory":[],"class_list":["post-9013","post","type-post","status-publish","format-standard","has-post-thumbnail","hentry","category-sin-categorizar","network-courier-es"],"acf":[],"yoast_head":"<!-- This site is optimized with the Yoast SEO plugin v27.2 - https:\/\/yoast.com\/product\/yoast-seo-wordpress\/ -->\n<title>Forjando caminos con quienes sean diferentes - Mennonite World Conference<\/title>\n<meta name=\"robots\" content=\"index, follow, max-snippet:-1, max-image-preview:large, max-video-preview:-1\" \/>\n<link rel=\"canonical\" href=\"https:\/\/mwc-cmm.org\/en\/stories\/building-paths-with-those-who-are-different-2\/\" \/>\n<meta property=\"og:locale\" content=\"es_ES\" \/>\n<meta property=\"og:type\" content=\"article\" \/>\n<meta property=\"og:title\" content=\"Forjando caminos con quienes sean diferentes - Mennonite World Conference\" \/>\n<meta property=\"og:description\" content=\"The ecumenical imperative comes from Jesus\u2019 prayer during the passion vigil in Gethsemane. There, by way of his prayer to God, he declared his irrevocable commitment and will that Christians love one another. Jesus pleaded that his disciples \u201cmay all be one so that the world may believe\u201d (John 17:21). This is a timeless prayer that challenges Christianity in general, as well as Anabaptism in particular.\" \/>\n<meta property=\"og:url\" content=\"https:\/\/mwc-cmm.org\/en\/stories\/building-paths-with-those-who-are-different-2\/\" \/>\n<meta property=\"og:site_name\" content=\"Mennonite World Conference\" \/>\n<meta property=\"article:publisher\" content=\"https:\/\/www.facebook.com\/MennoniteWorldConference\" \/>\n<meta property=\"article:published_time\" content=\"2020-08-11T00:00:00+00:00\" \/>\n<meta property=\"article:modified_time\" content=\"2024-12-10T18:02:56+00:00\" \/>\n<meta property=\"og:image\" content=\"https:\/\/mwc-cmm.org\/wp-content\/uploads\/2024\/11\/35531144080_7abcf6b33d_o-scaled.jpg\" \/>\n\t<meta property=\"og:image:width\" content=\"2560\" \/>\n\t<meta property=\"og:image:height\" content=\"1920\" \/>\n\t<meta property=\"og:image:type\" content=\"image\/jpeg\" \/>\n<meta name=\"author\" content=\"mennworldcon\" \/>\n<script type=\"application\/ld+json\" class=\"yoast-schema-graph\">{\"@context\":\"https:\/\/schema.org\",\"@graph\":[{\"@type\":\"Article\",\"@id\":\"https:\/\/mwc-cmm.org\/en\/stories\/building-paths-with-those-who-are-different-2\/#article\",\"isPartOf\":{\"@id\":\"https:\/\/mwc-cmm.org\/en\/stories\/building-paths-with-those-who-are-different-2\/\"},\"author\":{\"name\":\"mennworldcon\",\"@id\":\"https:\/\/mwc-cmm.org\/en\/#\/schema\/person\/11f6ae0d7d1868ba20a1cc27f067c836\"},\"headline\":\"Forjando caminos con quienes sean diferentes\",\"datePublished\":\"2020-08-11T00:00:00+00:00\",\"dateModified\":\"2024-12-10T18:02:56+00:00\",\"mainEntityOfPage\":{\"@id\":\"https:\/\/mwc-cmm.org\/en\/stories\/building-paths-with-those-who-are-different-2\/\"},\"wordCount\":685,\"publisher\":{\"@id\":\"https:\/\/mwc-cmm.org\/en\/#organization\"},\"image\":{\"@id\":\"https:\/\/mwc-cmm.org\/en\/stories\/building-paths-with-those-who-are-different-2\/#primaryimage\"},\"thumbnailUrl\":\"https:\/\/mwc-cmm.org\/wp-content\/uploads\/2024\/11\/35531144080_7abcf6b33d_o-scaled.jpg\",\"articleSection\":[\"Sin categorizar\"],\"inLanguage\":\"es\"},{\"@type\":\"WebPage\",\"@id\":\"https:\/\/mwc-cmm.org\/en\/stories\/building-paths-with-those-who-are-different-2\/\",\"url\":\"https:\/\/mwc-cmm.org\/en\/stories\/building-paths-with-those-who-are-different-2\/\",\"name\":\"Forjando caminos con quienes sean diferentes - Mennonite World Conference\",\"isPartOf\":{\"@id\":\"https:\/\/mwc-cmm.org\/en\/#website\"},\"primaryImageOfPage\":{\"@id\":\"https:\/\/mwc-cmm.org\/en\/stories\/building-paths-with-those-who-are-different-2\/#primaryimage\"},\"image\":{\"@id\":\"https:\/\/mwc-cmm.org\/en\/stories\/building-paths-with-those-who-are-different-2\/#primaryimage\"},\"thumbnailUrl\":\"https:\/\/mwc-cmm.org\/wp-content\/uploads\/2024\/11\/35531144080_7abcf6b33d_o-scaled.jpg\",\"datePublished\":\"2020-08-11T00:00:00+00:00\",\"dateModified\":\"2024-12-10T18:02:56+00:00\",\"breadcrumb\":{\"@id\":\"https:\/\/mwc-cmm.org\/en\/stories\/building-paths-with-those-who-are-different-2\/#breadcrumb\"},\"inLanguage\":\"es\",\"potentialAction\":[{\"@type\":\"ReadAction\",\"target\":[\"https:\/\/mwc-cmm.org\/en\/stories\/building-paths-with-those-who-are-different-2\/\"]}]},{\"@type\":\"ImageObject\",\"inLanguage\":\"es\",\"@id\":\"https:\/\/mwc-cmm.org\/en\/stories\/building-paths-with-those-who-are-different-2\/#primaryimage\",\"url\":\"https:\/\/mwc-cmm.org\/wp-content\/uploads\/2024\/11\/35531144080_7abcf6b33d_o-scaled.jpg\",\"contentUrl\":\"https:\/\/mwc-cmm.org\/wp-content\/uploads\/2024\/11\/35531144080_7abcf6b33d_o-scaled.jpg\",\"width\":2560,\"height\":1920},{\"@type\":\"BreadcrumbList\",\"@id\":\"https:\/\/mwc-cmm.org\/en\/stories\/building-paths-with-those-who-are-different-2\/#breadcrumb\",\"itemListElement\":[{\"@type\":\"ListItem\",\"position\":1,\"name\":\"Home\",\"item\":\"https:\/\/mwc-cmm.org\/es\/\"},{\"@type\":\"ListItem\",\"position\":2,\"name\":\"Forjando caminos con quienes sean diferentes\"}]},{\"@type\":\"WebSite\",\"@id\":\"https:\/\/mwc-cmm.org\/en\/#website\",\"url\":\"https:\/\/mwc-cmm.org\/en\/\",\"name\":\"Mennonite World Conference\",\"description\":\"A communion of Anabaptist-related churches\",\"publisher\":{\"@id\":\"https:\/\/mwc-cmm.org\/en\/#organization\"},\"alternateName\":\"MWC\",\"potentialAction\":[{\"@type\":\"SearchAction\",\"target\":{\"@type\":\"EntryPoint\",\"urlTemplate\":\"https:\/\/mwc-cmm.org\/en\/?s={search_term_string}\"},\"query-input\":{\"@type\":\"PropertyValueSpecification\",\"valueRequired\":true,\"valueName\":\"search_term_string\"}}],\"inLanguage\":\"es\"},{\"@type\":\"Organization\",\"@id\":\"https:\/\/mwc-cmm.org\/en\/#organization\",\"name\":\"Mennonite World Conference\",\"alternateName\":\"MWC\",\"url\":\"https:\/\/mwc-cmm.org\/en\/\",\"logo\":{\"@type\":\"ImageObject\",\"inLanguage\":\"es\",\"@id\":\"https:\/\/mwc-cmm.org\/en\/#\/schema\/logo\/image\/\",\"url\":\"https:\/\/mwc-cmm.org\/wp-content\/uploads\/2026\/01\/MWC_Sig_Blue_Horiz_webheader1-logo.svg\",\"contentUrl\":\"https:\/\/mwc-cmm.org\/wp-content\/uploads\/2026\/01\/MWC_Sig_Blue_Horiz_webheader1-logo.svg\",\"width\":786,\"height\":82,\"caption\":\"Mennonite World Conference\"},\"image\":{\"@id\":\"https:\/\/mwc-cmm.org\/en\/#\/schema\/logo\/image\/\"},\"sameAs\":[\"https:\/\/www.facebook.com\/MennoniteWorldConference\",\"https:\/\/www.linkedin.com\/company\/mennonite-world-conference-mwc\/\",\"https:\/\/www.instagram.com\/mwcmm\/\",\"https:\/\/www.youtube.com\/user\/mwccmm\",\"https:\/\/bsky.app\/profile\/mwcmm.bsky.social\"]},{\"@type\":\"Person\",\"@id\":\"https:\/\/mwc-cmm.org\/en\/#\/schema\/person\/11f6ae0d7d1868ba20a1cc27f067c836\",\"name\":\"mennworldcon\",\"image\":{\"@type\":\"ImageObject\",\"inLanguage\":\"es\",\"@id\":\"https:\/\/secure.gravatar.com\/avatar\/06fdc0dc81c157dfdb82ec42f252178a22307808988d22c043f9eb96f1e0fe80?s=96&d=mm&r=g\",\"url\":\"https:\/\/secure.gravatar.com\/avatar\/06fdc0dc81c157dfdb82ec42f252178a22307808988d22c043f9eb96f1e0fe80?s=96&d=mm&r=g\",\"contentUrl\":\"https:\/\/secure.gravatar.com\/avatar\/06fdc0dc81c157dfdb82ec42f252178a22307808988d22c043f9eb96f1e0fe80?s=96&d=mm&r=g\",\"caption\":\"mennworldcon\"},\"sameAs\":[\"https:\/\/mwc-cmm.org\"],\"url\":\"https:\/\/mwc-cmm.org\/es\/stories\/author\/mennworldcon\/\"}]}<\/script>\n<!-- \/ Yoast SEO plugin. -->","yoast_head_json":{"title":"Forjando caminos con quienes sean diferentes - Mennonite World Conference","robots":{"index":"index","follow":"follow","max-snippet":"max-snippet:-1","max-image-preview":"max-image-preview:large","max-video-preview":"max-video-preview:-1"},"canonical":"https:\/\/mwc-cmm.org\/en\/stories\/building-paths-with-those-who-are-different-2\/","og_locale":"es_ES","og_type":"article","og_title":"Forjando caminos con quienes sean diferentes - Mennonite World Conference","og_description":"The ecumenical imperative comes from Jesus\u2019 prayer during the passion vigil in Gethsemane. There, by way of his prayer to God, he declared his irrevocable commitment and will that Christians love one another. Jesus pleaded that his disciples \u201cmay all be one so that the world may believe\u201d (John 17:21). This is a timeless prayer that challenges Christianity in general, as well as Anabaptism in particular.","og_url":"https:\/\/mwc-cmm.org\/en\/stories\/building-paths-with-those-who-are-different-2\/","og_site_name":"Mennonite World Conference","article_publisher":"https:\/\/www.facebook.com\/MennoniteWorldConference","article_published_time":"2020-08-11T00:00:00+00:00","article_modified_time":"2024-12-10T18:02:56+00:00","og_image":[{"width":2560,"height":1920,"url":"https:\/\/mwc-cmm.org\/wp-content\/uploads\/2024\/11\/35531144080_7abcf6b33d_o-scaled.jpg","type":"image\/jpeg"}],"author":"mennworldcon","schema":{"@context":"https:\/\/schema.org","@graph":[{"@type":"Article","@id":"https:\/\/mwc-cmm.org\/en\/stories\/building-paths-with-those-who-are-different-2\/#article","isPartOf":{"@id":"https:\/\/mwc-cmm.org\/en\/stories\/building-paths-with-those-who-are-different-2\/"},"author":{"name":"mennworldcon","@id":"https:\/\/mwc-cmm.org\/en\/#\/schema\/person\/11f6ae0d7d1868ba20a1cc27f067c836"},"headline":"Forjando caminos con quienes sean diferentes","datePublished":"2020-08-11T00:00:00+00:00","dateModified":"2024-12-10T18:02:56+00:00","mainEntityOfPage":{"@id":"https:\/\/mwc-cmm.org\/en\/stories\/building-paths-with-those-who-are-different-2\/"},"wordCount":685,"publisher":{"@id":"https:\/\/mwc-cmm.org\/en\/#organization"},"image":{"@id":"https:\/\/mwc-cmm.org\/en\/stories\/building-paths-with-those-who-are-different-2\/#primaryimage"},"thumbnailUrl":"https:\/\/mwc-cmm.org\/wp-content\/uploads\/2024\/11\/35531144080_7abcf6b33d_o-scaled.jpg","articleSection":["Sin categorizar"],"inLanguage":"es"},{"@type":"WebPage","@id":"https:\/\/mwc-cmm.org\/en\/stories\/building-paths-with-those-who-are-different-2\/","url":"https:\/\/mwc-cmm.org\/en\/stories\/building-paths-with-those-who-are-different-2\/","name":"Forjando caminos con quienes sean diferentes - Mennonite World Conference","isPartOf":{"@id":"https:\/\/mwc-cmm.org\/en\/#website"},"primaryImageOfPage":{"@id":"https:\/\/mwc-cmm.org\/en\/stories\/building-paths-with-those-who-are-different-2\/#primaryimage"},"image":{"@id":"https:\/\/mwc-cmm.org\/en\/stories\/building-paths-with-those-who-are-different-2\/#primaryimage"},"thumbnailUrl":"https:\/\/mwc-cmm.org\/wp-content\/uploads\/2024\/11\/35531144080_7abcf6b33d_o-scaled.jpg","datePublished":"2020-08-11T00:00:00+00:00","dateModified":"2024-12-10T18:02:56+00:00","breadcrumb":{"@id":"https:\/\/mwc-cmm.org\/en\/stories\/building-paths-with-those-who-are-different-2\/#breadcrumb"},"inLanguage":"es","potentialAction":[{"@type":"ReadAction","target":["https:\/\/mwc-cmm.org\/en\/stories\/building-paths-with-those-who-are-different-2\/"]}]},{"@type":"ImageObject","inLanguage":"es","@id":"https:\/\/mwc-cmm.org\/en\/stories\/building-paths-with-those-who-are-different-2\/#primaryimage","url":"https:\/\/mwc-cmm.org\/wp-content\/uploads\/2024\/11\/35531144080_7abcf6b33d_o-scaled.jpg","contentUrl":"https:\/\/mwc-cmm.org\/wp-content\/uploads\/2024\/11\/35531144080_7abcf6b33d_o-scaled.jpg","width":2560,"height":1920},{"@type":"BreadcrumbList","@id":"https:\/\/mwc-cmm.org\/en\/stories\/building-paths-with-those-who-are-different-2\/#breadcrumb","itemListElement":[{"@type":"ListItem","position":1,"name":"Home","item":"https:\/\/mwc-cmm.org\/es\/"},{"@type":"ListItem","position":2,"name":"Forjando caminos con quienes sean diferentes"}]},{"@type":"WebSite","@id":"https:\/\/mwc-cmm.org\/en\/#website","url":"https:\/\/mwc-cmm.org\/en\/","name":"Mennonite World Conference","description":"A communion of Anabaptist-related churches","publisher":{"@id":"https:\/\/mwc-cmm.org\/en\/#organization"},"alternateName":"MWC","potentialAction":[{"@type":"SearchAction","target":{"@type":"EntryPoint","urlTemplate":"https:\/\/mwc-cmm.org\/en\/?s={search_term_string}"},"query-input":{"@type":"PropertyValueSpecification","valueRequired":true,"valueName":"search_term_string"}}],"inLanguage":"es"},{"@type":"Organization","@id":"https:\/\/mwc-cmm.org\/en\/#organization","name":"Mennonite World Conference","alternateName":"MWC","url":"https:\/\/mwc-cmm.org\/en\/","logo":{"@type":"ImageObject","inLanguage":"es","@id":"https:\/\/mwc-cmm.org\/en\/#\/schema\/logo\/image\/","url":"https:\/\/mwc-cmm.org\/wp-content\/uploads\/2026\/01\/MWC_Sig_Blue_Horiz_webheader1-logo.svg","contentUrl":"https:\/\/mwc-cmm.org\/wp-content\/uploads\/2026\/01\/MWC_Sig_Blue_Horiz_webheader1-logo.svg","width":786,"height":82,"caption":"Mennonite World Conference"},"image":{"@id":"https:\/\/mwc-cmm.org\/en\/#\/schema\/logo\/image\/"},"sameAs":["https:\/\/www.facebook.com\/MennoniteWorldConference","https:\/\/www.linkedin.com\/company\/mennonite-world-conference-mwc\/","https:\/\/www.instagram.com\/mwcmm\/","https:\/\/www.youtube.com\/user\/mwccmm","https:\/\/bsky.app\/profile\/mwcmm.bsky.social"]},{"@type":"Person","@id":"https:\/\/mwc-cmm.org\/en\/#\/schema\/person\/11f6ae0d7d1868ba20a1cc27f067c836","name":"mennworldcon","image":{"@type":"ImageObject","inLanguage":"es","@id":"https:\/\/secure.gravatar.com\/avatar\/06fdc0dc81c157dfdb82ec42f252178a22307808988d22c043f9eb96f1e0fe80?s=96&d=mm&r=g","url":"https:\/\/secure.gravatar.com\/avatar\/06fdc0dc81c157dfdb82ec42f252178a22307808988d22c043f9eb96f1e0fe80?s=96&d=mm&r=g","contentUrl":"https:\/\/secure.gravatar.com\/avatar\/06fdc0dc81c157dfdb82ec42f252178a22307808988d22c043f9eb96f1e0fe80?s=96&d=mm&r=g","caption":"mennworldcon"},"sameAs":["https:\/\/mwc-cmm.org"],"url":"https:\/\/mwc-cmm.org\/es\/stories\/author\/mennworldcon\/"}]}},"_links":{"self":[{"href":"https:\/\/mwc-cmm.org\/es\/wp-json\/wp\/v2\/posts\/9013","targetHints":{"allow":["GET"]}}],"collection":[{"href":"https:\/\/mwc-cmm.org\/es\/wp-json\/wp\/v2\/posts"}],"about":[{"href":"https:\/\/mwc-cmm.org\/es\/wp-json\/wp\/v2\/types\/post"}],"author":[{"embeddable":true,"href":"https:\/\/mwc-cmm.org\/es\/wp-json\/wp\/v2\/users\/1"}],"replies":[{"embeddable":true,"href":"https:\/\/mwc-cmm.org\/es\/wp-json\/wp\/v2\/comments?post=9013"}],"version-history":[{"count":0,"href":"https:\/\/mwc-cmm.org\/es\/wp-json\/wp\/v2\/posts\/9013\/revisions"}],"wp:featuredmedia":[{"embeddable":true,"href":"https:\/\/mwc-cmm.org\/es\/wp-json\/wp\/v2\/media\/92521"}],"wp:attachment":[{"href":"https:\/\/mwc-cmm.org\/es\/wp-json\/wp\/v2\/media?parent=9013"}],"wp:term":[{"taxonomy":"category","embeddable":true,"href":"https:\/\/mwc-cmm.org\/es\/wp-json\/wp\/v2\/categories?post=9013"},{"taxonomy":"post_tag","embeddable":true,"href":"https:\/\/mwc-cmm.org\/es\/wp-json\/wp\/v2\/tags?post=9013"},{"taxonomy":"network","embeddable":true,"href":"https:\/\/mwc-cmm.org\/es\/wp-json\/wp\/v2\/network?post=9013"},{"taxonomy":"eventcategory","embeddable":true,"href":"https:\/\/mwc-cmm.org\/es\/wp-json\/wp\/v2\/eventcategory?post=9013"}],"curies":[{"name":"wp","href":"https:\/\/api.w.org\/{rel}","templated":true}]}}