{"id":9012,"date":"2020-08-09T00:00:00","date_gmt":"2020-08-09T00:00:00","guid":{"rendered":"https:\/\/mwc-cmm.org\/grace-at-the-heart-of-our-witness-3\/"},"modified":"2024-12-10T18:02:55","modified_gmt":"2024-12-10T18:02:55","slug":"grace-at-the-heart-of-our-witness-3","status":"publish","type":"post","link":"https:\/\/mwc-cmm.org\/es\/stories\/grace-at-the-heart-of-our-witness-3\/","title":{"rendered":"La gracia en el centro de nuestro testimonio"},"content":{"rendered":"<p>\u201c\u00a1Los primeros anabautistas practicaban el lavado de pies tal y como lo hacen los benedictinos hoy d\u00eda!\u201d, exclam\u00f3 el [Padre] Augustinus [Sander], monje benedictino que conoc\u00ed en Suiza, quien acababa de encontrar a Michael Sattler en Internet.<\/p>\n<p>\u201cNo es de sorprenderse\u201d, le dije, \u201cpuesto que Sattler pertenec\u00eda a la orden benedictina\u201d.<\/p>\n<p>Sattler fue el autor principal de los influyentes <em>Art\u00edculos de Schleitheim <\/em>de 1527. All\u00ed, los anabautistas convocaban a decir la verdad, a rechazar la violencia, a rendir cuentas a la comunidad, a la separaci\u00f3n de la Iglesia y el Estado, y a una vida santa en obediencia a Jes\u00fas. Para el hermano Augustinus todo aquello reflejaba las pr\u00e1cticas de su orden religiosa.<\/p>\n<p>Los primeros anabautistas se marcharon o fueron expulsadas de los monasterios y congregaciones de la Iglesia Cat\u00f3lica Romana, a menudo en circunstancias dolorosas o incluso fatales. Pero los anabautistas retuvieron este ideal muy mon\u00e1stico: que era posible \u2013esencial\u2013 que los cristianos tomaran en serio el Serm\u00f3n del Monte (Mateo 5\u20136) y otras ense\u00f1anzas del Nuevo Testamento sobre la \u00e9tica, la no violencia, la comunidad y la santidad.<\/p>\n<figure class=\"image\" style=\"float:left\"><img decoding=\"async\" alt=\"\" height=\"204\" data-src=\"https:\/\/mwc-cmm.org\/sites\/default\/files\/jnk-june2019-augustinus-img_1661_3.jpg\" width=\"300\" src=\"data:image\/svg+xml;base64,PHN2ZyB3aWR0aD0iMSIgaGVpZ2h0PSIxIiB4bWxucz0iaHR0cDovL3d3dy53My5vcmcvMjAwMC9zdmciPjwvc3ZnPg==\" class=\"lazyload\" style=\"--smush-placeholder-width: 300px; --smush-placeholder-aspect-ratio: 300\/204;\" \/><figcaption>Padre&nbsp;Augustinus&nbsp;y J. Nelson Kraybill<\/figcaption><\/figure>\n<p>Los anabautistas no quer\u00edan tanto deshacerse de los ideales mon\u00e1sticos de un estilo de vida disciplinado, sino m\u00e1s bien que <em>todos<\/em> los cristianos vivieran en obediencia a Jes\u00fas semejante a la de un monje.<\/p>\n<p>Me alegra que actualmente las personas de tradici\u00f3n menonita, cat\u00f3lica, luterana, reformada y otros cristianos a menudo encuentren formas de comuni\u00f3n y colaboraci\u00f3n como hermanas y hermanos en Cristo. Tenemos mucho que aprender de Augustinus y de otras personas de todo el mundo, que comparten el m\u00e1s elevado nivel de obediencia al camino de Jes\u00fas.<\/p>\n<p>Augustinus y yo fuimos invitados ecum\u00e9nicos en una reuni\u00f3n de luteranos. Si les pregunt\u00e1ramos qu\u00e9 es lo distintivo de su tradici\u00f3n, lo m\u00e1s probable es que les escuchemos decir, \u201cla salvaci\u00f3n por la fe mediante la gracia\u201d.<\/p>\n<p>Los menonitas tambi\u00e9n lo creen.<\/p>\n<p>Pero a veces enfatizamos tanto la construcci\u00f3n de la paz y el servicio como sellos distintivos del evangelio, que nos olvidamos de la gracia. Nos olvidamos que todav\u00eda somos pecadores cuya relaci\u00f3n correcta con Dios y con otros seres humanos viene solo por la gracia mediante el poder del Esp\u00edritu Santo, no por nuestras buenas intenciones.<\/p>\n<p><em>\u2014J. Nelson Kraybill, presidente del CMM (2015\u20132021), reside en Indiana, EE.UU. <\/em><\/p>\n<p>&nbsp;<\/p>\n<p><em>Este art\u00edculo apareci\u00f3 por primera vez en&nbsp;Correo\/Courier\/Courrier&nbsp;en abril de 2020.&nbsp;<a href=\"http:\/\/mwc-cmm.org\/resources\/courier-2020-april?language=es\">Haga clic aqu\u00ed<\/a>&nbsp;para leer otros art\u00edculos de este n\u00famero<\/em><\/p>\n","protected":false},"excerpt":{"rendered":"<p>Los primeros anabautistas se marcharon o fueron expulsadas de los monasterios y congregaciones de la Iglesia Cat\u00f3lica Romana. Pero los anabautistas retuvieron este ideal muy mon\u00e1stico: que era posible \u2013esencial\u2013 que los cristianos tomaran en serio el Serm\u00f3n del Monte (Mateo 5\u20136) y otras ense\u00f1anzas del Nuevo Testamento sobre la \u00e9tica, la no violencia, la comunidad y la santidad.&nbsp;Me alegra que actualmente las personas de tradici\u00f3n menonita, cat\u00f3lica, luterana, reformada y otros cristianos a menudo encuentren formas de comuni\u00f3n y colaboraci\u00f3n como hermanas y hermanos en Cristo.<\/p>\n","protected":false},"author":1,"featured_media":92507,"comment_status":"closed","ping_status":"closed","sticky":false,"template":"","format":"standard","meta":{"_acf_changed":false,"footnotes":""},"categories":[6],"tags":[],"network":[1306],"eventcategory":[],"class_list":["post-9012","post","type-post","status-publish","format-standard","has-post-thumbnail","hentry","category-sin-categorizar","network-courier-es"],"acf":[],"yoast_head":"<!-- This site is optimized with the Yoast SEO plugin v27.5 - https:\/\/yoast.com\/product\/yoast-seo-wordpress\/ -->\n<title>La gracia en el centro de nuestro testimonio - Mennonite World Conference<\/title>\n<meta name=\"robots\" content=\"index, follow, max-snippet:-1, max-image-preview:large, max-video-preview:-1\" \/>\n<link rel=\"canonical\" href=\"https:\/\/mwc-cmm.org\/en\/stories\/grace-at-the-heart-of-our-witness-2\/\" \/>\n<meta property=\"og:locale\" content=\"es_ES\" \/>\n<meta property=\"og:type\" content=\"article\" \/>\n<meta property=\"og:title\" content=\"La gracia en el centro de nuestro testimonio - Mennonite World Conference\" \/>\n<meta property=\"og:description\" content=\"Los primeros anabautistas se marcharon o fueron expulsadas de los monasterios y congregaciones de la Iglesia Cat\u00f3lica Romana. Pero los anabautistas retuvieron este ideal muy mon\u00e1stico: que era posible \u2013esencial\u2013 que los cristianos tomaran en serio el Serm\u00f3n del Monte (Mateo 5\u20136) y otras ense\u00f1anzas del Nuevo Testamento sobre la \u00e9tica, la no violencia, la comunidad y la santidad.&nbsp;Me alegra que actualmente las personas de tradici\u00f3n menonita, cat\u00f3lica, luterana, reformada y otros cristianos a menudo encuentren formas de comuni\u00f3n y colaboraci\u00f3n como hermanas y hermanos en Cristo.\" \/>\n<meta property=\"og:url\" content=\"https:\/\/mwc-cmm.org\/en\/stories\/grace-at-the-heart-of-our-witness-2\/\" \/>\n<meta property=\"og:site_name\" content=\"Mennonite World Conference\" \/>\n<meta property=\"article:publisher\" content=\"https:\/\/www.facebook.com\/MennoniteWorldConference\" \/>\n<meta property=\"article:published_time\" content=\"2020-08-09T00:00:00+00:00\" \/>\n<meta property=\"article:modified_time\" content=\"2024-12-10T18:02:55+00:00\" \/>\n<meta property=\"og:image\" content=\"https:\/\/mwc-cmm.org\/wp-content\/uploads\/2024\/11\/48066353666_cb28ecfaff_o-scaled.jpg\" \/>\n\t<meta property=\"og:image:width\" content=\"2560\" \/>\n\t<meta property=\"og:image:height\" content=\"1579\" \/>\n\t<meta property=\"og:image:type\" content=\"image\/jpeg\" \/>\n<meta name=\"author\" content=\"mennworldcon\" \/>\n<script type=\"application\/ld+json\" class=\"yoast-schema-graph\">{\"@context\":\"https:\\\/\\\/schema.org\",\"@graph\":[{\"@type\":\"Article\",\"@id\":\"https:\\\/\\\/mwc-cmm.org\\\/en\\\/stories\\\/grace-at-the-heart-of-our-witness-2\\\/#article\",\"isPartOf\":{\"@id\":\"https:\\\/\\\/mwc-cmm.org\\\/en\\\/stories\\\/grace-at-the-heart-of-our-witness-2\\\/\"},\"author\":{\"name\":\"mennworldcon\",\"@id\":\"https:\\\/\\\/mwc-cmm.org\\\/en\\\/#\\\/schema\\\/person\\\/11f6ae0d7d1868ba20a1cc27f067c836\"},\"headline\":\"La gracia en el centro de nuestro testimonio\",\"datePublished\":\"2020-08-09T00:00:00+00:00\",\"dateModified\":\"2024-12-10T18:02:55+00:00\",\"mainEntityOfPage\":{\"@id\":\"https:\\\/\\\/mwc-cmm.org\\\/en\\\/stories\\\/grace-at-the-heart-of-our-witness-2\\\/\"},\"wordCount\":454,\"publisher\":{\"@id\":\"https:\\\/\\\/mwc-cmm.org\\\/en\\\/#organization\"},\"image\":{\"@id\":\"https:\\\/\\\/mwc-cmm.org\\\/en\\\/stories\\\/grace-at-the-heart-of-our-witness-2\\\/#primaryimage\"},\"thumbnailUrl\":\"https:\\\/\\\/mwc-cmm.org\\\/wp-content\\\/uploads\\\/2024\\\/11\\\/48066353666_cb28ecfaff_o-scaled.jpg\",\"articleSection\":[\"Sin categorizar\"],\"inLanguage\":\"es\"},{\"@type\":\"WebPage\",\"@id\":\"https:\\\/\\\/mwc-cmm.org\\\/en\\\/stories\\\/grace-at-the-heart-of-our-witness-2\\\/\",\"url\":\"https:\\\/\\\/mwc-cmm.org\\\/en\\\/stories\\\/grace-at-the-heart-of-our-witness-2\\\/\",\"name\":\"La gracia en el centro de nuestro testimonio - Mennonite World Conference\",\"isPartOf\":{\"@id\":\"https:\\\/\\\/mwc-cmm.org\\\/en\\\/#website\"},\"primaryImageOfPage\":{\"@id\":\"https:\\\/\\\/mwc-cmm.org\\\/en\\\/stories\\\/grace-at-the-heart-of-our-witness-2\\\/#primaryimage\"},\"image\":{\"@id\":\"https:\\\/\\\/mwc-cmm.org\\\/en\\\/stories\\\/grace-at-the-heart-of-our-witness-2\\\/#primaryimage\"},\"thumbnailUrl\":\"https:\\\/\\\/mwc-cmm.org\\\/wp-content\\\/uploads\\\/2024\\\/11\\\/48066353666_cb28ecfaff_o-scaled.jpg\",\"datePublished\":\"2020-08-09T00:00:00+00:00\",\"dateModified\":\"2024-12-10T18:02:55+00:00\",\"breadcrumb\":{\"@id\":\"https:\\\/\\\/mwc-cmm.org\\\/en\\\/stories\\\/grace-at-the-heart-of-our-witness-2\\\/#breadcrumb\"},\"inLanguage\":\"es\",\"potentialAction\":[{\"@type\":\"ReadAction\",\"target\":[\"https:\\\/\\\/mwc-cmm.org\\\/en\\\/stories\\\/grace-at-the-heart-of-our-witness-2\\\/\"]}]},{\"@type\":\"ImageObject\",\"inLanguage\":\"es\",\"@id\":\"https:\\\/\\\/mwc-cmm.org\\\/en\\\/stories\\\/grace-at-the-heart-of-our-witness-2\\\/#primaryimage\",\"url\":\"https:\\\/\\\/mwc-cmm.org\\\/wp-content\\\/uploads\\\/2024\\\/11\\\/48066353666_cb28ecfaff_o-scaled.jpg\",\"contentUrl\":\"https:\\\/\\\/mwc-cmm.org\\\/wp-content\\\/uploads\\\/2024\\\/11\\\/48066353666_cb28ecfaff_o-scaled.jpg\",\"width\":2560,\"height\":1579},{\"@type\":\"BreadcrumbList\",\"@id\":\"https:\\\/\\\/mwc-cmm.org\\\/en\\\/stories\\\/grace-at-the-heart-of-our-witness-2\\\/#breadcrumb\",\"itemListElement\":[{\"@type\":\"ListItem\",\"position\":1,\"name\":\"Home\",\"item\":\"https:\\\/\\\/mwc-cmm.org\\\/es\\\/\"},{\"@type\":\"ListItem\",\"position\":2,\"name\":\"La gracia en el centro de nuestro testimonio\"}]},{\"@type\":\"WebSite\",\"@id\":\"https:\\\/\\\/mwc-cmm.org\\\/en\\\/#website\",\"url\":\"https:\\\/\\\/mwc-cmm.org\\\/en\\\/\",\"name\":\"Mennonite World Conference\",\"description\":\"A communion of Anabaptist-related churches\",\"publisher\":{\"@id\":\"https:\\\/\\\/mwc-cmm.org\\\/en\\\/#organization\"},\"alternateName\":\"MWC\",\"potentialAction\":[{\"@type\":\"SearchAction\",\"target\":{\"@type\":\"EntryPoint\",\"urlTemplate\":\"https:\\\/\\\/mwc-cmm.org\\\/en\\\/?s={search_term_string}\"},\"query-input\":{\"@type\":\"PropertyValueSpecification\",\"valueRequired\":true,\"valueName\":\"search_term_string\"}}],\"inLanguage\":\"es\"},{\"@type\":\"Organization\",\"@id\":\"https:\\\/\\\/mwc-cmm.org\\\/en\\\/#organization\",\"name\":\"Mennonite World Conference\",\"alternateName\":\"MWC\",\"url\":\"https:\\\/\\\/mwc-cmm.org\\\/en\\\/\",\"logo\":{\"@type\":\"ImageObject\",\"inLanguage\":\"es\",\"@id\":\"https:\\\/\\\/mwc-cmm.org\\\/en\\\/#\\\/schema\\\/logo\\\/image\\\/\",\"url\":\"https:\\\/\\\/mwc-cmm.org\\\/wp-content\\\/uploads\\\/2026\\\/01\\\/MWC_Sig_Blue_Horiz_webheader1-logo.svg\",\"contentUrl\":\"https:\\\/\\\/mwc-cmm.org\\\/wp-content\\\/uploads\\\/2026\\\/01\\\/MWC_Sig_Blue_Horiz_webheader1-logo.svg\",\"width\":786,\"height\":82,\"caption\":\"Mennonite World Conference\"},\"image\":{\"@id\":\"https:\\\/\\\/mwc-cmm.org\\\/en\\\/#\\\/schema\\\/logo\\\/image\\\/\"},\"sameAs\":[\"https:\\\/\\\/www.facebook.com\\\/MennoniteWorldConference\",\"https:\\\/\\\/www.linkedin.com\\\/company\\\/mennonite-world-conference-mwc\\\/\",\"https:\\\/\\\/www.instagram.com\\\/mwcmm\\\/\",\"https:\\\/\\\/www.youtube.com\\\/user\\\/mwccmm\",\"https:\\\/\\\/bsky.app\\\/profile\\\/mwcmm.bsky.social\"]},{\"@type\":\"Person\",\"@id\":\"https:\\\/\\\/mwc-cmm.org\\\/en\\\/#\\\/schema\\\/person\\\/11f6ae0d7d1868ba20a1cc27f067c836\",\"name\":\"mennworldcon\",\"image\":{\"@type\":\"ImageObject\",\"inLanguage\":\"es\",\"@id\":\"https:\\\/\\\/secure.gravatar.com\\\/avatar\\\/06fdc0dc81c157dfdb82ec42f252178a22307808988d22c043f9eb96f1e0fe80?s=96&d=mm&r=g\",\"url\":\"https:\\\/\\\/secure.gravatar.com\\\/avatar\\\/06fdc0dc81c157dfdb82ec42f252178a22307808988d22c043f9eb96f1e0fe80?s=96&d=mm&r=g\",\"contentUrl\":\"https:\\\/\\\/secure.gravatar.com\\\/avatar\\\/06fdc0dc81c157dfdb82ec42f252178a22307808988d22c043f9eb96f1e0fe80?s=96&d=mm&r=g\",\"caption\":\"mennworldcon\"},\"sameAs\":[\"https:\\\/\\\/mwc-cmm.org\"],\"url\":\"https:\\\/\\\/mwc-cmm.org\\\/es\\\/stories\\\/author\\\/mennworldcon\\\/\"}]}<\/script>\n<!-- \/ Yoast SEO plugin. -->","yoast_head_json":{"title":"La gracia en el centro de nuestro testimonio - Mennonite World Conference","robots":{"index":"index","follow":"follow","max-snippet":"max-snippet:-1","max-image-preview":"max-image-preview:large","max-video-preview":"max-video-preview:-1"},"canonical":"https:\/\/mwc-cmm.org\/en\/stories\/grace-at-the-heart-of-our-witness-2\/","og_locale":"es_ES","og_type":"article","og_title":"La gracia en el centro de nuestro testimonio - Mennonite World Conference","og_description":"Los primeros anabautistas se marcharon o fueron expulsadas de los monasterios y congregaciones de la Iglesia Cat\u00f3lica Romana. Pero los anabautistas retuvieron este ideal muy mon\u00e1stico: que era posible \u2013esencial\u2013 que los cristianos tomaran en serio el Serm\u00f3n del Monte (Mateo 5\u20136) y otras ense\u00f1anzas del Nuevo Testamento sobre la \u00e9tica, la no violencia, la comunidad y la santidad.&nbsp;Me alegra que actualmente las personas de tradici\u00f3n menonita, cat\u00f3lica, luterana, reformada y otros cristianos a menudo encuentren formas de comuni\u00f3n y colaboraci\u00f3n como hermanas y hermanos en Cristo.","og_url":"https:\/\/mwc-cmm.org\/en\/stories\/grace-at-the-heart-of-our-witness-2\/","og_site_name":"Mennonite World Conference","article_publisher":"https:\/\/www.facebook.com\/MennoniteWorldConference","article_published_time":"2020-08-09T00:00:00+00:00","article_modified_time":"2024-12-10T18:02:55+00:00","og_image":[{"width":2560,"height":1579,"url":"https:\/\/mwc-cmm.org\/wp-content\/uploads\/2024\/11\/48066353666_cb28ecfaff_o-scaled.jpg","type":"image\/jpeg"}],"author":"mennworldcon","schema":{"@context":"https:\/\/schema.org","@graph":[{"@type":"Article","@id":"https:\/\/mwc-cmm.org\/en\/stories\/grace-at-the-heart-of-our-witness-2\/#article","isPartOf":{"@id":"https:\/\/mwc-cmm.org\/en\/stories\/grace-at-the-heart-of-our-witness-2\/"},"author":{"name":"mennworldcon","@id":"https:\/\/mwc-cmm.org\/en\/#\/schema\/person\/11f6ae0d7d1868ba20a1cc27f067c836"},"headline":"La gracia en el centro de nuestro testimonio","datePublished":"2020-08-09T00:00:00+00:00","dateModified":"2024-12-10T18:02:55+00:00","mainEntityOfPage":{"@id":"https:\/\/mwc-cmm.org\/en\/stories\/grace-at-the-heart-of-our-witness-2\/"},"wordCount":454,"publisher":{"@id":"https:\/\/mwc-cmm.org\/en\/#organization"},"image":{"@id":"https:\/\/mwc-cmm.org\/en\/stories\/grace-at-the-heart-of-our-witness-2\/#primaryimage"},"thumbnailUrl":"https:\/\/mwc-cmm.org\/wp-content\/uploads\/2024\/11\/48066353666_cb28ecfaff_o-scaled.jpg","articleSection":["Sin categorizar"],"inLanguage":"es"},{"@type":"WebPage","@id":"https:\/\/mwc-cmm.org\/en\/stories\/grace-at-the-heart-of-our-witness-2\/","url":"https:\/\/mwc-cmm.org\/en\/stories\/grace-at-the-heart-of-our-witness-2\/","name":"La gracia en el centro de nuestro testimonio - Mennonite World Conference","isPartOf":{"@id":"https:\/\/mwc-cmm.org\/en\/#website"},"primaryImageOfPage":{"@id":"https:\/\/mwc-cmm.org\/en\/stories\/grace-at-the-heart-of-our-witness-2\/#primaryimage"},"image":{"@id":"https:\/\/mwc-cmm.org\/en\/stories\/grace-at-the-heart-of-our-witness-2\/#primaryimage"},"thumbnailUrl":"https:\/\/mwc-cmm.org\/wp-content\/uploads\/2024\/11\/48066353666_cb28ecfaff_o-scaled.jpg","datePublished":"2020-08-09T00:00:00+00:00","dateModified":"2024-12-10T18:02:55+00:00","breadcrumb":{"@id":"https:\/\/mwc-cmm.org\/en\/stories\/grace-at-the-heart-of-our-witness-2\/#breadcrumb"},"inLanguage":"es","potentialAction":[{"@type":"ReadAction","target":["https:\/\/mwc-cmm.org\/en\/stories\/grace-at-the-heart-of-our-witness-2\/"]}]},{"@type":"ImageObject","inLanguage":"es","@id":"https:\/\/mwc-cmm.org\/en\/stories\/grace-at-the-heart-of-our-witness-2\/#primaryimage","url":"https:\/\/mwc-cmm.org\/wp-content\/uploads\/2024\/11\/48066353666_cb28ecfaff_o-scaled.jpg","contentUrl":"https:\/\/mwc-cmm.org\/wp-content\/uploads\/2024\/11\/48066353666_cb28ecfaff_o-scaled.jpg","width":2560,"height":1579},{"@type":"BreadcrumbList","@id":"https:\/\/mwc-cmm.org\/en\/stories\/grace-at-the-heart-of-our-witness-2\/#breadcrumb","itemListElement":[{"@type":"ListItem","position":1,"name":"Home","item":"https:\/\/mwc-cmm.org\/es\/"},{"@type":"ListItem","position":2,"name":"La gracia en el centro de nuestro testimonio"}]},{"@type":"WebSite","@id":"https:\/\/mwc-cmm.org\/en\/#website","url":"https:\/\/mwc-cmm.org\/en\/","name":"Mennonite World Conference","description":"A communion of Anabaptist-related churches","publisher":{"@id":"https:\/\/mwc-cmm.org\/en\/#organization"},"alternateName":"MWC","potentialAction":[{"@type":"SearchAction","target":{"@type":"EntryPoint","urlTemplate":"https:\/\/mwc-cmm.org\/en\/?s={search_term_string}"},"query-input":{"@type":"PropertyValueSpecification","valueRequired":true,"valueName":"search_term_string"}}],"inLanguage":"es"},{"@type":"Organization","@id":"https:\/\/mwc-cmm.org\/en\/#organization","name":"Mennonite World Conference","alternateName":"MWC","url":"https:\/\/mwc-cmm.org\/en\/","logo":{"@type":"ImageObject","inLanguage":"es","@id":"https:\/\/mwc-cmm.org\/en\/#\/schema\/logo\/image\/","url":"https:\/\/mwc-cmm.org\/wp-content\/uploads\/2026\/01\/MWC_Sig_Blue_Horiz_webheader1-logo.svg","contentUrl":"https:\/\/mwc-cmm.org\/wp-content\/uploads\/2026\/01\/MWC_Sig_Blue_Horiz_webheader1-logo.svg","width":786,"height":82,"caption":"Mennonite World Conference"},"image":{"@id":"https:\/\/mwc-cmm.org\/en\/#\/schema\/logo\/image\/"},"sameAs":["https:\/\/www.facebook.com\/MennoniteWorldConference","https:\/\/www.linkedin.com\/company\/mennonite-world-conference-mwc\/","https:\/\/www.instagram.com\/mwcmm\/","https:\/\/www.youtube.com\/user\/mwccmm","https:\/\/bsky.app\/profile\/mwcmm.bsky.social"]},{"@type":"Person","@id":"https:\/\/mwc-cmm.org\/en\/#\/schema\/person\/11f6ae0d7d1868ba20a1cc27f067c836","name":"mennworldcon","image":{"@type":"ImageObject","inLanguage":"es","@id":"https:\/\/secure.gravatar.com\/avatar\/06fdc0dc81c157dfdb82ec42f252178a22307808988d22c043f9eb96f1e0fe80?s=96&d=mm&r=g","url":"https:\/\/secure.gravatar.com\/avatar\/06fdc0dc81c157dfdb82ec42f252178a22307808988d22c043f9eb96f1e0fe80?s=96&d=mm&r=g","contentUrl":"https:\/\/secure.gravatar.com\/avatar\/06fdc0dc81c157dfdb82ec42f252178a22307808988d22c043f9eb96f1e0fe80?s=96&d=mm&r=g","caption":"mennworldcon"},"sameAs":["https:\/\/mwc-cmm.org"],"url":"https:\/\/mwc-cmm.org\/es\/stories\/author\/mennworldcon\/"}]}},"_links":{"self":[{"href":"https:\/\/mwc-cmm.org\/es\/wp-json\/wp\/v2\/posts\/9012","targetHints":{"allow":["GET"]}}],"collection":[{"href":"https:\/\/mwc-cmm.org\/es\/wp-json\/wp\/v2\/posts"}],"about":[{"href":"https:\/\/mwc-cmm.org\/es\/wp-json\/wp\/v2\/types\/post"}],"author":[{"embeddable":true,"href":"https:\/\/mwc-cmm.org\/es\/wp-json\/wp\/v2\/users\/1"}],"replies":[{"embeddable":true,"href":"https:\/\/mwc-cmm.org\/es\/wp-json\/wp\/v2\/comments?post=9012"}],"version-history":[{"count":0,"href":"https:\/\/mwc-cmm.org\/es\/wp-json\/wp\/v2\/posts\/9012\/revisions"}],"wp:featuredmedia":[{"embeddable":true,"href":"https:\/\/mwc-cmm.org\/es\/wp-json\/wp\/v2\/media\/92507"}],"wp:attachment":[{"href":"https:\/\/mwc-cmm.org\/es\/wp-json\/wp\/v2\/media?parent=9012"}],"wp:term":[{"taxonomy":"category","embeddable":true,"href":"https:\/\/mwc-cmm.org\/es\/wp-json\/wp\/v2\/categories?post=9012"},{"taxonomy":"post_tag","embeddable":true,"href":"https:\/\/mwc-cmm.org\/es\/wp-json\/wp\/v2\/tags?post=9012"},{"taxonomy":"network","embeddable":true,"href":"https:\/\/mwc-cmm.org\/es\/wp-json\/wp\/v2\/network?post=9012"},{"taxonomy":"eventcategory","embeddable":true,"href":"https:\/\/mwc-cmm.org\/es\/wp-json\/wp\/v2\/eventcategory?post=9012"}],"curies":[{"name":"wp","href":"https:\/\/api.w.org\/{rel}","templated":true}]}}