{"id":9011,"date":"2020-08-12T00:00:00","date_gmt":"2020-08-12T00:00:00","guid":{"rendered":"https:\/\/mwc-cmm.org\/remember-your-baptism-4\/"},"modified":"2024-12-10T18:02:55","modified_gmt":"2024-12-10T18:02:55","slug":"remember-your-baptism-4","status":"publish","type":"post","link":"https:\/\/mwc-cmm.org\/es\/stories\/remember-your-baptism-4\/","title":{"rendered":"Recuerde su bautismo"},"content":{"rendered":"<h2>El informe del di\u00e1logo trilateral presenta dones y desaf\u00edos<\/h2>\n<p>Se ha publicado el informe final sobre la <a href=\"https:\/\/mwc-cmm.org\/faith-and-life-commission\/interchurch-dialogue?language=es\"><em>Conversaci\u00f3n Trilateral Luterana-Menonita-Cat\u00f3lico Romana<\/em><\/a>. El informe resume cinco a\u00f1os de consultas teol\u00f3gicas entre las tres comuniones sobre la comprensi\u00f3n y la pr\u00e1ctica del bautismo a la luz de los desaf\u00edos pastorales y misionales contempor\u00e1neos que enfrentan estas tres comunidades cristianas.<\/p>\n<p>\u201cEl informe muestra que en la actualidad, estas tres iglesias est\u00e1n de acuerdo en que el bautismo es para el discipulado\u201d, dice el miembro de la delegaci\u00f3n menonita Larry Miller. \u201cSurge la siguiente pregunta para cada una de estas iglesias: \u00bfhay maneras de reconocer nuestras diferentes pr\u00e1cticas de bautismo que hacen crecer la unidad por la cual or\u00f3 Jes\u00fas?\u201d<\/p>\n<p>Representantes de la Iglesia Cat\u00f3lica (Consejo para la Promoci\u00f3n de la Unidad de los Cristianos \/ <a href=\"http:\/\/www.christianunity.va\/content\/unitacristiani\/en.html\">Pontifical Council for Promoting Christian Unity<\/a>), la <a href=\"https:\/\/lutheranworld.org\/\">Federaci\u00f3n Luterana Mundial (FLM)<\/a>, y el <a href=\"https:\/\/mwc-cmm.org\/\">Congreso Mundial Menonita<\/a> (CMM) se reunieron entre el 2012 y el 2017 para discutir la comprensi\u00f3n y la pr\u00e1ctica del bautismo.<\/p>\n<p>El informe titulado <a href=\"https:\/\/www.lutheranworld.org\/content\/resource-baptism-and-incorporation-body-christ-church\"><em>Bautismo y la Incorporaci\u00f3n al Cuerpo de Cristo, la Iglesia<\/em><\/a>, resume las discusiones sobre tres temas fundamentales que tuvieron lugar durante esos cinco a\u00f1os:<\/p>\n<ol>\n<li>La relaci\u00f3n del bautismo con el pecado y la gracia.<\/li>\n<li>La celebraci\u00f3n del bautismo y la comunicaci\u00f3n de la gracia y de la fe en el contexto de la comunidad cristiana.<\/li>\n<li>Vivir el bautismo en el discipulado cristiano<\/li>\n<\/ol>\n<p>\u201cDamos gracias por los dones de la confianza, paciencia y receptividad que las personas cat\u00f3licas y luteranas asociadas nos han brindado\u201d, dice la secci\u00f3n del informe sobre reflexiones menonitas. \u201cDamos la bienvenida al desaf\u00edo que este di\u00e1logo nos ha llevado a ver m\u00e1s claramente&#8230; [que] trabajar por la unidad de la iglesia aumenta nuestra fidelidad al evangelio\u201d.<\/p>\n<p>\u201cEstos di\u00e1logos fueron convocados para promover una mejor comprensi\u00f3n mutua entre nuestras comuniones y para guiar a una mayor fidelidad a Jesucristo\u201d, dice el secretario general del CMM, C\u00e9sar Garc\u00eda. \u201cCreemos que este informe ayudar\u00e1 a nuestras iglesias miembros a apreciar la armon\u00eda que encontramos a pesar de las diferencias entre las comuniones luterana, cat\u00f3lica y menonita \u2013 y a comprender mejor nuestras propias convicciones y la pr\u00e1ctica de bautismo\u201d.<\/p>\n<p>Este informe sigue al informe bilateral luterano-menonita \u2018La Sanaci\u00f3n de las Memorias\u2019 <em><a href=\"\/es\/node\/3220\">Healing <\/a><a href=\"\/es\/node\/3220\">Memories<\/a>\u2019<\/em> que condujo a un servicio de reconciliaci\u00f3n en el 2010 y al di\u00e1logo bilateral cat\u00f3lico romano-menonita que result\u00f3 en \u2018Llamados A Trabajar Juntos por la Paz\u2019 \/ <em><a href=\"\/es\/node\/3218\">Called to be <\/a><a href=\"\/es\/node\/3218\">Peacemakers<\/a>\u2019<\/em>&nbsp;<\/p>\n<p>\u201cEste ha sido un ejercicio para profundizar nuestras propias convicciones y, al mismo tiempo, respetar las convicciones de hermanas y hermanos en Cristo en otras tradiciones\u201d, dice John D Rempel, miembro de la delegaci\u00f3n del CMM.<\/p>\n<p>Los di\u00e1logos le ense\u00f1aron a Larry Miller a \u201c\u00a1recordar mi bautismo! Aunque a menudo bautizan a los beb\u00e9s, tanto las personas cat\u00f3licas como las luteranas, llaman al creyente\u2014a veces cada a\u00f1o a\u2014\u201crecordar su bautismo\u201d en una vida de discipulado&#8230; \u00bfPodr\u00eda ser este un ejemplo de los dones que estas iglesias tienen para darnos?<\/p>\n<p>\u201cEste informe no est\u00e1 destinado a que sea guardado en un estante\u201d, dice John D Roth, secretario de la Comisi\u00f3n de Fe y Vida. La Comisi\u00f3n de Fe y Vida preparar\u00e1 herramientas para que las iglesias estudien los \u201cdones recibidos\u201d y los \u201cdesaf\u00edos aceptados\u201d por el Congreso Mundial Menonita a partir de su participaci\u00f3n en los di\u00e1logos.<\/p>\n<p><a href=\"http:\/\/mwc-cmm.org\/es\/node\/3711\">Haga clic aqu\u00ed<\/a> para descargar y leer el informe.<\/p>\n<h3><strong>Participantes\u201a\u00c4\u00e3<\/strong><\/h3>\n<h4><strong>Cat\u00f3licos romanos\u201a\u00c4\u00e3<\/strong><\/h4>\n<ul>\n<li>Hermana Prof. Dr. Marie-H\u00e9l\u00e8ne Robert, NDA (Francia);<\/li>\n<li>Arzobispo Luis Augusto Castro Quiroga, IMC (co-presidente, Colombia);<\/li>\n<li>Revd. Prof. William Henn, OFM Cap (EE.UU.\/Italia);<\/li>\n<li>Revd. Prof. Luis Melo, SM (Canad\u00e1);<\/li>\n<li>Revd. Avelino Gonz\u00e1lez (co-secretario, EE.UU.\/Vaticano).&nbsp;<\/li>\n<\/ul>\n<h4><strong>Luteranos\u201a\u00c4\u00e3<\/strong><\/h4>\n<ul>\n<li>Revd. Dr. Kaisamari Hintikka (co-secretario, Finlandia\/Suiza);<\/li>\n<li>Prof. Dr. Friederike N\u00fcssel (co-presidente, Alemania);<\/li>\n<li>Obispo Em\u00e9ritos Dr. Musawenkosi Biyela (Sud\u00e1frica);<\/li>\n<li>Prof. Dr. Theodor Dieter (Francia).<\/li>\n<li>Revd. Dr. KS Peter Li (Luterano, Hong Kong, China)<\/li>\n<\/ul>\n<h4><strong>Menonitas<\/strong><\/h4>\n<ul>\n<li>Revd. Rebecca Adongo Osiro (Kenia);<\/li>\n<li>Prof. Dr. Alfred Neufeld (co-presidente, Paraguay);<\/li>\n<li>Prof. Dr. Fernando Enns (Alemania\/Pa\u00edses Bajos);<\/li>\n<li>Prof. Dr. John Rempel (Canad\u00e1);<\/li>\n<li>Revd. Dr. Larry Miller (co-secretario, Francia).<\/li>\n<\/ul>\n<p><em>\u2014Comunicado del Congreso Mundial Menonita <\/em>con archivos de la Federaci\u00f3n Luterana Mundial<\/p>\n<h2><strong>Lea m\u00e1s<\/strong><\/h2>\n<p><a href=\"https:\/\/mwc-cmm.org\/es\/node\/452\">Reconciliando la reforma radical<\/a>&nbsp;<\/p>\n<p><a href=\"https:\/\/mwc-cmm.org\/es\/node\/3218\">Llamados A Trabajar Juntos por la Paz<\/a>&nbsp;<\/p>\n<p><a href=\"https:\/\/mwc-cmm.org\/es\/node\/502\">Di\u00e1logos sobre el bautismo cierran con aprendizajes y oraci\u00f3n<\/a>&nbsp;<\/p>\n<p><a href=\"https:\/\/mwc-cmm.org\/faith-and-life-commission\/stories\/incorporation-body-christ?language=es\">Incorporaci\u00f3n al cuerpo de Cristo<\/a><\/p>\n","protected":false},"excerpt":{"rendered":"<p>El informe del di\u00e1logo trilateral presenta dones y desaf\u00edos Se ha publicado el informe final sobre la Conversaci\u00f3n Trilateral Luterana-Menonita-Cat\u00f3lico Romana. El informe resume cinco a\u00f1os de consultas teol\u00f3gicas entre las tres comuniones sobre la comprensi\u00f3n y la pr\u00e1ctica del bautismo a la luz de los desaf\u00edos pastorales y misionales contempor\u00e1neos que enfrentan estas tres [&hellip;]<\/p>\n","protected":false},"author":1,"featured_media":29240,"comment_status":"closed","ping_status":"closed","sticky":false,"template":"","format":"standard","meta":{"_acf_changed":false,"footnotes":""},"categories":[6],"tags":[],"network":[1271],"eventcategory":[],"class_list":["post-9011","post","type-post","status-publish","format-standard","has-post-thumbnail","hentry","category-sin-categorizar","network-faith-and-life-commission-es"],"acf":[],"yoast_head":"<!-- This site is optimized with the Yoast SEO plugin v27.5 - https:\/\/yoast.com\/product\/yoast-seo-wordpress\/ -->\n<title>Recuerde su bautismo - Mennonite World Conference<\/title>\n<meta name=\"robots\" content=\"index, follow, max-snippet:-1, max-image-preview:large, max-video-preview:-1\" \/>\n<link rel=\"canonical\" href=\"https:\/\/mwc-cmm.org\/es\/stories\/remember-your-baptism-4\/\" \/>\n<meta property=\"og:locale\" content=\"es_ES\" \/>\n<meta property=\"og:type\" content=\"article\" \/>\n<meta property=\"og:title\" content=\"Recuerde su bautismo - Mennonite World Conference\" \/>\n<meta property=\"og:description\" content=\"El informe del di\u00e1logo trilateral presenta dones y desaf\u00edos Se ha publicado el informe final sobre la Conversaci\u00f3n Trilateral Luterana-Menonita-Cat\u00f3lico Romana. El informe resume cinco a\u00f1os de consultas teol\u00f3gicas entre las tres comuniones sobre la comprensi\u00f3n y la pr\u00e1ctica del bautismo a la luz de los desaf\u00edos pastorales y misionales contempor\u00e1neos que enfrentan estas tres [&hellip;]\" \/>\n<meta property=\"og:url\" content=\"https:\/\/mwc-cmm.org\/es\/stories\/remember-your-baptism-4\/\" \/>\n<meta property=\"og:site_name\" content=\"Mennonite World Conference\" \/>\n<meta property=\"article:publisher\" content=\"https:\/\/www.facebook.com\/MennoniteWorldConference\" \/>\n<meta property=\"article:published_time\" content=\"2020-08-12T00:00:00+00:00\" \/>\n<meta property=\"article:modified_time\" content=\"2024-12-10T18:02:55+00:00\" \/>\n<meta property=\"og:image\" content=\"https:\/\/mwc-cmm.org\/wp-content\/uploads\/2024\/11\/02132017wilhelm_ungerdsc_0438.jpg\" \/>\n\t<meta property=\"og:image:width\" content=\"180\" \/>\n\t<meta property=\"og:image:height\" content=\"135\" \/>\n\t<meta property=\"og:image:type\" content=\"image\/jpeg\" \/>\n<meta name=\"author\" content=\"mennworldcon\" \/>\n<script type=\"application\/ld+json\" class=\"yoast-schema-graph\">{\"@context\":\"https:\\\/\\\/schema.org\",\"@graph\":[{\"@type\":\"Article\",\"@id\":\"https:\\\/\\\/mwc-cmm.org\\\/es\\\/stories\\\/remember-your-baptism-4\\\/#article\",\"isPartOf\":{\"@id\":\"https:\\\/\\\/mwc-cmm.org\\\/es\\\/stories\\\/remember-your-baptism-4\\\/\"},\"author\":{\"name\":\"mennworldcon\",\"@id\":\"https:\\\/\\\/mwc-cmm.org\\\/en\\\/#\\\/schema\\\/person\\\/11f6ae0d7d1868ba20a1cc27f067c836\"},\"headline\":\"Recuerde su bautismo\",\"datePublished\":\"2020-08-12T00:00:00+00:00\",\"dateModified\":\"2024-12-10T18:02:55+00:00\",\"mainEntityOfPage\":{\"@id\":\"https:\\\/\\\/mwc-cmm.org\\\/es\\\/stories\\\/remember-your-baptism-4\\\/\"},\"wordCount\":770,\"publisher\":{\"@id\":\"https:\\\/\\\/mwc-cmm.org\\\/en\\\/#organization\"},\"image\":{\"@id\":\"https:\\\/\\\/mwc-cmm.org\\\/es\\\/stories\\\/remember-your-baptism-4\\\/#primaryimage\"},\"thumbnailUrl\":\"https:\\\/\\\/mwc-cmm.org\\\/wp-content\\\/uploads\\\/2024\\\/11\\\/02132017wilhelm_ungerdsc_0438.jpg\",\"articleSection\":[\"Sin categorizar\"],\"inLanguage\":\"es\"},{\"@type\":\"WebPage\",\"@id\":\"https:\\\/\\\/mwc-cmm.org\\\/es\\\/stories\\\/remember-your-baptism-4\\\/\",\"url\":\"https:\\\/\\\/mwc-cmm.org\\\/es\\\/stories\\\/remember-your-baptism-4\\\/\",\"name\":\"Recuerde su bautismo - Mennonite World Conference\",\"isPartOf\":{\"@id\":\"https:\\\/\\\/mwc-cmm.org\\\/en\\\/#website\"},\"primaryImageOfPage\":{\"@id\":\"https:\\\/\\\/mwc-cmm.org\\\/es\\\/stories\\\/remember-your-baptism-4\\\/#primaryimage\"},\"image\":{\"@id\":\"https:\\\/\\\/mwc-cmm.org\\\/es\\\/stories\\\/remember-your-baptism-4\\\/#primaryimage\"},\"thumbnailUrl\":\"https:\\\/\\\/mwc-cmm.org\\\/wp-content\\\/uploads\\\/2024\\\/11\\\/02132017wilhelm_ungerdsc_0438.jpg\",\"datePublished\":\"2020-08-12T00:00:00+00:00\",\"dateModified\":\"2024-12-10T18:02:55+00:00\",\"breadcrumb\":{\"@id\":\"https:\\\/\\\/mwc-cmm.org\\\/es\\\/stories\\\/remember-your-baptism-4\\\/#breadcrumb\"},\"inLanguage\":\"es\",\"potentialAction\":[{\"@type\":\"ReadAction\",\"target\":[\"https:\\\/\\\/mwc-cmm.org\\\/es\\\/stories\\\/remember-your-baptism-4\\\/\"]}]},{\"@type\":\"ImageObject\",\"inLanguage\":\"es\",\"@id\":\"https:\\\/\\\/mwc-cmm.org\\\/es\\\/stories\\\/remember-your-baptism-4\\\/#primaryimage\",\"url\":\"https:\\\/\\\/mwc-cmm.org\\\/wp-content\\\/uploads\\\/2024\\\/11\\\/02132017wilhelm_ungerdsc_0438.jpg\",\"contentUrl\":\"https:\\\/\\\/mwc-cmm.org\\\/wp-content\\\/uploads\\\/2024\\\/11\\\/02132017wilhelm_ungerdsc_0438.jpg\",\"width\":180,\"height\":135},{\"@type\":\"BreadcrumbList\",\"@id\":\"https:\\\/\\\/mwc-cmm.org\\\/es\\\/stories\\\/remember-your-baptism-4\\\/#breadcrumb\",\"itemListElement\":[{\"@type\":\"ListItem\",\"position\":1,\"name\":\"Home\",\"item\":\"https:\\\/\\\/mwc-cmm.org\\\/es\\\/\"},{\"@type\":\"ListItem\",\"position\":2,\"name\":\"Recuerde su bautismo\"}]},{\"@type\":\"WebSite\",\"@id\":\"https:\\\/\\\/mwc-cmm.org\\\/en\\\/#website\",\"url\":\"https:\\\/\\\/mwc-cmm.org\\\/en\\\/\",\"name\":\"Mennonite World Conference\",\"description\":\"A communion of Anabaptist-related churches\",\"publisher\":{\"@id\":\"https:\\\/\\\/mwc-cmm.org\\\/en\\\/#organization\"},\"alternateName\":\"MWC\",\"potentialAction\":[{\"@type\":\"SearchAction\",\"target\":{\"@type\":\"EntryPoint\",\"urlTemplate\":\"https:\\\/\\\/mwc-cmm.org\\\/en\\\/?s={search_term_string}\"},\"query-input\":{\"@type\":\"PropertyValueSpecification\",\"valueRequired\":true,\"valueName\":\"search_term_string\"}}],\"inLanguage\":\"es\"},{\"@type\":\"Organization\",\"@id\":\"https:\\\/\\\/mwc-cmm.org\\\/en\\\/#organization\",\"name\":\"Mennonite World Conference\",\"alternateName\":\"MWC\",\"url\":\"https:\\\/\\\/mwc-cmm.org\\\/en\\\/\",\"logo\":{\"@type\":\"ImageObject\",\"inLanguage\":\"es\",\"@id\":\"https:\\\/\\\/mwc-cmm.org\\\/en\\\/#\\\/schema\\\/logo\\\/image\\\/\",\"url\":\"https:\\\/\\\/mwc-cmm.org\\\/wp-content\\\/uploads\\\/2026\\\/01\\\/MWC_Sig_Blue_Horiz_webheader1-logo.svg\",\"contentUrl\":\"https:\\\/\\\/mwc-cmm.org\\\/wp-content\\\/uploads\\\/2026\\\/01\\\/MWC_Sig_Blue_Horiz_webheader1-logo.svg\",\"width\":786,\"height\":82,\"caption\":\"Mennonite World Conference\"},\"image\":{\"@id\":\"https:\\\/\\\/mwc-cmm.org\\\/en\\\/#\\\/schema\\\/logo\\\/image\\\/\"},\"sameAs\":[\"https:\\\/\\\/www.facebook.com\\\/MennoniteWorldConference\",\"https:\\\/\\\/www.linkedin.com\\\/company\\\/mennonite-world-conference-mwc\\\/\",\"https:\\\/\\\/www.instagram.com\\\/mwcmm\\\/\",\"https:\\\/\\\/www.youtube.com\\\/user\\\/mwccmm\",\"https:\\\/\\\/bsky.app\\\/profile\\\/mwcmm.bsky.social\"]},{\"@type\":\"Person\",\"@id\":\"https:\\\/\\\/mwc-cmm.org\\\/en\\\/#\\\/schema\\\/person\\\/11f6ae0d7d1868ba20a1cc27f067c836\",\"name\":\"mennworldcon\",\"image\":{\"@type\":\"ImageObject\",\"inLanguage\":\"es\",\"@id\":\"https:\\\/\\\/secure.gravatar.com\\\/avatar\\\/06fdc0dc81c157dfdb82ec42f252178a22307808988d22c043f9eb96f1e0fe80?s=96&d=mm&r=g\",\"url\":\"https:\\\/\\\/secure.gravatar.com\\\/avatar\\\/06fdc0dc81c157dfdb82ec42f252178a22307808988d22c043f9eb96f1e0fe80?s=96&d=mm&r=g\",\"contentUrl\":\"https:\\\/\\\/secure.gravatar.com\\\/avatar\\\/06fdc0dc81c157dfdb82ec42f252178a22307808988d22c043f9eb96f1e0fe80?s=96&d=mm&r=g\",\"caption\":\"mennworldcon\"},\"sameAs\":[\"https:\\\/\\\/mwc-cmm.org\"],\"url\":\"https:\\\/\\\/mwc-cmm.org\\\/es\\\/stories\\\/author\\\/mennworldcon\\\/\"}]}<\/script>\n<!-- \/ Yoast SEO plugin. -->","yoast_head_json":{"title":"Recuerde su bautismo - Mennonite World Conference","robots":{"index":"index","follow":"follow","max-snippet":"max-snippet:-1","max-image-preview":"max-image-preview:large","max-video-preview":"max-video-preview:-1"},"canonical":"https:\/\/mwc-cmm.org\/es\/stories\/remember-your-baptism-4\/","og_locale":"es_ES","og_type":"article","og_title":"Recuerde su bautismo - Mennonite World Conference","og_description":"El informe del di\u00e1logo trilateral presenta dones y desaf\u00edos Se ha publicado el informe final sobre la Conversaci\u00f3n Trilateral Luterana-Menonita-Cat\u00f3lico Romana. El informe resume cinco a\u00f1os de consultas teol\u00f3gicas entre las tres comuniones sobre la comprensi\u00f3n y la pr\u00e1ctica del bautismo a la luz de los desaf\u00edos pastorales y misionales contempor\u00e1neos que enfrentan estas tres [&hellip;]","og_url":"https:\/\/mwc-cmm.org\/es\/stories\/remember-your-baptism-4\/","og_site_name":"Mennonite World Conference","article_publisher":"https:\/\/www.facebook.com\/MennoniteWorldConference","article_published_time":"2020-08-12T00:00:00+00:00","article_modified_time":"2024-12-10T18:02:55+00:00","og_image":[{"width":180,"height":135,"url":"https:\/\/mwc-cmm.org\/wp-content\/uploads\/2024\/11\/02132017wilhelm_ungerdsc_0438.jpg","type":"image\/jpeg"}],"author":"mennworldcon","schema":{"@context":"https:\/\/schema.org","@graph":[{"@type":"Article","@id":"https:\/\/mwc-cmm.org\/es\/stories\/remember-your-baptism-4\/#article","isPartOf":{"@id":"https:\/\/mwc-cmm.org\/es\/stories\/remember-your-baptism-4\/"},"author":{"name":"mennworldcon","@id":"https:\/\/mwc-cmm.org\/en\/#\/schema\/person\/11f6ae0d7d1868ba20a1cc27f067c836"},"headline":"Recuerde su bautismo","datePublished":"2020-08-12T00:00:00+00:00","dateModified":"2024-12-10T18:02:55+00:00","mainEntityOfPage":{"@id":"https:\/\/mwc-cmm.org\/es\/stories\/remember-your-baptism-4\/"},"wordCount":770,"publisher":{"@id":"https:\/\/mwc-cmm.org\/en\/#organization"},"image":{"@id":"https:\/\/mwc-cmm.org\/es\/stories\/remember-your-baptism-4\/#primaryimage"},"thumbnailUrl":"https:\/\/mwc-cmm.org\/wp-content\/uploads\/2024\/11\/02132017wilhelm_ungerdsc_0438.jpg","articleSection":["Sin categorizar"],"inLanguage":"es"},{"@type":"WebPage","@id":"https:\/\/mwc-cmm.org\/es\/stories\/remember-your-baptism-4\/","url":"https:\/\/mwc-cmm.org\/es\/stories\/remember-your-baptism-4\/","name":"Recuerde su bautismo - Mennonite World Conference","isPartOf":{"@id":"https:\/\/mwc-cmm.org\/en\/#website"},"primaryImageOfPage":{"@id":"https:\/\/mwc-cmm.org\/es\/stories\/remember-your-baptism-4\/#primaryimage"},"image":{"@id":"https:\/\/mwc-cmm.org\/es\/stories\/remember-your-baptism-4\/#primaryimage"},"thumbnailUrl":"https:\/\/mwc-cmm.org\/wp-content\/uploads\/2024\/11\/02132017wilhelm_ungerdsc_0438.jpg","datePublished":"2020-08-12T00:00:00+00:00","dateModified":"2024-12-10T18:02:55+00:00","breadcrumb":{"@id":"https:\/\/mwc-cmm.org\/es\/stories\/remember-your-baptism-4\/#breadcrumb"},"inLanguage":"es","potentialAction":[{"@type":"ReadAction","target":["https:\/\/mwc-cmm.org\/es\/stories\/remember-your-baptism-4\/"]}]},{"@type":"ImageObject","inLanguage":"es","@id":"https:\/\/mwc-cmm.org\/es\/stories\/remember-your-baptism-4\/#primaryimage","url":"https:\/\/mwc-cmm.org\/wp-content\/uploads\/2024\/11\/02132017wilhelm_ungerdsc_0438.jpg","contentUrl":"https:\/\/mwc-cmm.org\/wp-content\/uploads\/2024\/11\/02132017wilhelm_ungerdsc_0438.jpg","width":180,"height":135},{"@type":"BreadcrumbList","@id":"https:\/\/mwc-cmm.org\/es\/stories\/remember-your-baptism-4\/#breadcrumb","itemListElement":[{"@type":"ListItem","position":1,"name":"Home","item":"https:\/\/mwc-cmm.org\/es\/"},{"@type":"ListItem","position":2,"name":"Recuerde su bautismo"}]},{"@type":"WebSite","@id":"https:\/\/mwc-cmm.org\/en\/#website","url":"https:\/\/mwc-cmm.org\/en\/","name":"Mennonite World Conference","description":"A communion of Anabaptist-related churches","publisher":{"@id":"https:\/\/mwc-cmm.org\/en\/#organization"},"alternateName":"MWC","potentialAction":[{"@type":"SearchAction","target":{"@type":"EntryPoint","urlTemplate":"https:\/\/mwc-cmm.org\/en\/?s={search_term_string}"},"query-input":{"@type":"PropertyValueSpecification","valueRequired":true,"valueName":"search_term_string"}}],"inLanguage":"es"},{"@type":"Organization","@id":"https:\/\/mwc-cmm.org\/en\/#organization","name":"Mennonite World Conference","alternateName":"MWC","url":"https:\/\/mwc-cmm.org\/en\/","logo":{"@type":"ImageObject","inLanguage":"es","@id":"https:\/\/mwc-cmm.org\/en\/#\/schema\/logo\/image\/","url":"https:\/\/mwc-cmm.org\/wp-content\/uploads\/2026\/01\/MWC_Sig_Blue_Horiz_webheader1-logo.svg","contentUrl":"https:\/\/mwc-cmm.org\/wp-content\/uploads\/2026\/01\/MWC_Sig_Blue_Horiz_webheader1-logo.svg","width":786,"height":82,"caption":"Mennonite World Conference"},"image":{"@id":"https:\/\/mwc-cmm.org\/en\/#\/schema\/logo\/image\/"},"sameAs":["https:\/\/www.facebook.com\/MennoniteWorldConference","https:\/\/www.linkedin.com\/company\/mennonite-world-conference-mwc\/","https:\/\/www.instagram.com\/mwcmm\/","https:\/\/www.youtube.com\/user\/mwccmm","https:\/\/bsky.app\/profile\/mwcmm.bsky.social"]},{"@type":"Person","@id":"https:\/\/mwc-cmm.org\/en\/#\/schema\/person\/11f6ae0d7d1868ba20a1cc27f067c836","name":"mennworldcon","image":{"@type":"ImageObject","inLanguage":"es","@id":"https:\/\/secure.gravatar.com\/avatar\/06fdc0dc81c157dfdb82ec42f252178a22307808988d22c043f9eb96f1e0fe80?s=96&d=mm&r=g","url":"https:\/\/secure.gravatar.com\/avatar\/06fdc0dc81c157dfdb82ec42f252178a22307808988d22c043f9eb96f1e0fe80?s=96&d=mm&r=g","contentUrl":"https:\/\/secure.gravatar.com\/avatar\/06fdc0dc81c157dfdb82ec42f252178a22307808988d22c043f9eb96f1e0fe80?s=96&d=mm&r=g","caption":"mennworldcon"},"sameAs":["https:\/\/mwc-cmm.org"],"url":"https:\/\/mwc-cmm.org\/es\/stories\/author\/mennworldcon\/"}]}},"_links":{"self":[{"href":"https:\/\/mwc-cmm.org\/es\/wp-json\/wp\/v2\/posts\/9011","targetHints":{"allow":["GET"]}}],"collection":[{"href":"https:\/\/mwc-cmm.org\/es\/wp-json\/wp\/v2\/posts"}],"about":[{"href":"https:\/\/mwc-cmm.org\/es\/wp-json\/wp\/v2\/types\/post"}],"author":[{"embeddable":true,"href":"https:\/\/mwc-cmm.org\/es\/wp-json\/wp\/v2\/users\/1"}],"replies":[{"embeddable":true,"href":"https:\/\/mwc-cmm.org\/es\/wp-json\/wp\/v2\/comments?post=9011"}],"version-history":[{"count":0,"href":"https:\/\/mwc-cmm.org\/es\/wp-json\/wp\/v2\/posts\/9011\/revisions"}],"wp:featuredmedia":[{"embeddable":true,"href":"https:\/\/mwc-cmm.org\/es\/wp-json\/wp\/v2\/media\/29240"}],"wp:attachment":[{"href":"https:\/\/mwc-cmm.org\/es\/wp-json\/wp\/v2\/media?parent=9011"}],"wp:term":[{"taxonomy":"category","embeddable":true,"href":"https:\/\/mwc-cmm.org\/es\/wp-json\/wp\/v2\/categories?post=9011"},{"taxonomy":"post_tag","embeddable":true,"href":"https:\/\/mwc-cmm.org\/es\/wp-json\/wp\/v2\/tags?post=9011"},{"taxonomy":"network","embeddable":true,"href":"https:\/\/mwc-cmm.org\/es\/wp-json\/wp\/v2\/network?post=9011"},{"taxonomy":"eventcategory","embeddable":true,"href":"https:\/\/mwc-cmm.org\/es\/wp-json\/wp\/v2\/eventcategory?post=9011"}],"curies":[{"name":"wp","href":"https:\/\/api.w.org\/{rel}","templated":true}]}}