{"id":9005,"date":"2020-07-17T00:00:00","date_gmt":"2020-07-17T00:00:00","guid":{"rendered":"https:\/\/mwc-cmm.org\/ministry-partner-update-icomb-july-2020-3\/"},"modified":"2024-12-10T18:02:51","modified_gmt":"2024-12-10T18:02:51","slug":"actualizacion-de-la-colaboracion-en-el-ministerio-icomb-julio-2020","status":"publish","type":"post","link":"https:\/\/mwc-cmm.org\/es\/stories\/actualizacion-de-la-colaboracion-en-el-ministerio-icomb-julio-2020\/","title":{"rendered":"Actualizaci\u00f3n de la colaboraci\u00f3n en el ministerio: ICOMB \u2013 Julio 2020"},"content":{"rendered":"<p><em>La Comunidad Internacional de los Hermanos Menonitas (ICOMB, por su sigla en ingl\u00e9s) est\u00e1 compuesta por 21 iglesias nacionales en 19 pa\u00edses con aproximadamente 450.000 miembros. ICOMB existe para fomentar las relaciones y los ministerios, para resaltar el testimonio y el discipulado de sus iglesias nacionales miembros \u2013 conectando, fortaleciendo y ampliando.<\/em><\/p>\n<p><strong>Noticias de Angola<\/strong><\/p>\n<p>Jean-Claude Ambeke enfrenta desaf\u00edos significativos como l\u00edder de las conferencias HM en Angola: Igreja Evangelica dos Irmaos Menonitas en Angola (IEIMA). IEIMA est\u00e1 tratando de recaudar fondos para reabrir las 17 iglesias que el gobierno cerr\u00f3 el a\u00f1o pasado. Los edificios de la iglesia no estaban en buen estado para recibir aprobaci\u00f3n a una nueva legislaci\u00f3n gubernamental. Los desaf\u00edos financieros de la conferencia son significativos, y Jean-Claude est\u00e1 trabajando en la educaci\u00f3n y la construcci\u00f3n de relaciones para que los pastores locales comprendan la importancia de apoyar el trabajo de la conferencia nacional.<\/p>\n<p>Debido a la COVID-19, los miembros de la iglesia no tienen libertad de viaje, y la situaci\u00f3n econ\u00f3mica ha llevado a una importante falta de alimentos. La conferencia est\u00e1 alentando a los miembros a cultivar vegetales en casa para que tengan algo de comer. Tambi\u00e9n han enfatizado la higiene y el lavado de manos. Los miembros han estado celebrando reuniones de oraci\u00f3n en sus hogares y profundizando su fe a trav\u00e9s del estudio personal de la Biblia. Los miembros han estado evangelizando en sus comunidades locales y han llevado a muchas personas a Cristo.<\/p>\n<p>Ore por IEIMA, por la unidad en tiempos de problemas, por la salud y seguridad de sus miembros y l\u00edderes, y por la sabidur\u00eda y la gu\u00eda de Dios a trav\u00e9s de la tormenta actual.<\/p>\n<p><em>\u2014Noticias de ICOMB<\/em><\/p>\n","protected":false},"excerpt":{"rendered":"<p>Jean-Claude Ambeke enfrenta desaf\u00edos significativos como l\u00edder de las conferencias HM en Angola:<strong> Igreja Evangelica dos Irmaos Menonitas en Angola (IEIMA).<\/strong> IEIMA est\u00e1 tratando de recaudar fondos para reabrir las 17 iglesias que el gobierno cerr\u00f3 el a\u00f1o pasado.<\/p>\n","protected":false},"author":1,"featured_media":92395,"comment_status":"closed","ping_status":"closed","sticky":false,"template":"","format":"standard","meta":{"_acf_changed":false,"footnotes":""},"categories":[6],"tags":[],"network":[],"eventcategory":[],"class_list":["post-9005","post","type-post","status-publish","format-standard","has-post-thumbnail","hentry","category-sin-categorizar"],"acf":[],"yoast_head":"<!-- This site is optimized with the Yoast SEO plugin v27.2 - https:\/\/yoast.com\/product\/yoast-seo-wordpress\/ -->\n<title>Actualizaci\u00f3n de la colaboraci\u00f3n en el ministerio: ICOMB \u2013 Julio 2020 - Mennonite World Conference<\/title>\n<meta name=\"robots\" content=\"index, follow, max-snippet:-1, max-image-preview:large, max-video-preview:-1\" \/>\n<link rel=\"canonical\" href=\"https:\/\/mwc-cmm.org\/en\/stories\/ministry-partner-update-icomb-july-2020-2\/\" \/>\n<meta property=\"og:locale\" content=\"es_ES\" \/>\n<meta property=\"og:type\" content=\"article\" \/>\n<meta property=\"og:title\" content=\"Actualizaci\u00f3n de la colaboraci\u00f3n en el ministerio: ICOMB \u2013 Julio 2020 - Mennonite World Conference\" \/>\n<meta property=\"og:description\" content=\"Jean-Claude Ambeke enfrenta desaf\u00edos significativos como l\u00edder de las conferencias HM en Angola: Igreja Evangelica dos Irmaos Menonitas en Angola (IEIMA). IEIMA est\u00e1 tratando de recaudar fondos para reabrir las 17 iglesias que el gobierno cerr\u00f3 el a\u00f1o pasado.\" \/>\n<meta property=\"og:url\" content=\"https:\/\/mwc-cmm.org\/en\/stories\/ministry-partner-update-icomb-july-2020-2\/\" \/>\n<meta property=\"og:site_name\" content=\"Mennonite World Conference\" \/>\n<meta property=\"article:publisher\" content=\"https:\/\/www.facebook.com\/MennoniteWorldConference\" \/>\n<meta property=\"article:published_time\" content=\"2020-07-17T00:00:00+00:00\" \/>\n<meta property=\"article:modified_time\" content=\"2024-12-10T18:02:51+00:00\" \/>\n<meta property=\"og:image\" content=\"https:\/\/mwc-cmm.org\/wp-content\/uploads\/2024\/11\/33373418180_8bf4b9100d_o-scaled.jpg\" \/>\n\t<meta property=\"og:image:width\" content=\"1904\" \/>\n\t<meta property=\"og:image:height\" content=\"2560\" \/>\n\t<meta property=\"og:image:type\" content=\"image\/jpeg\" \/>\n<meta name=\"author\" content=\"mennworldcon\" \/>\n<script type=\"application\/ld+json\" class=\"yoast-schema-graph\">{\"@context\":\"https:\/\/schema.org\",\"@graph\":[{\"@type\":\"Article\",\"@id\":\"https:\/\/mwc-cmm.org\/en\/stories\/ministry-partner-update-icomb-july-2020-2\/#article\",\"isPartOf\":{\"@id\":\"https:\/\/mwc-cmm.org\/en\/stories\/ministry-partner-update-icomb-july-2020-2\/\"},\"author\":{\"name\":\"mennworldcon\",\"@id\":\"https:\/\/mwc-cmm.org\/en\/#\/schema\/person\/11f6ae0d7d1868ba20a1cc27f067c836\"},\"headline\":\"Actualizaci\u00f3n de la colaboraci\u00f3n en el ministerio: ICOMB \u2013 Julio 2020\",\"datePublished\":\"2020-07-17T00:00:00+00:00\",\"dateModified\":\"2024-12-10T18:02:51+00:00\",\"mainEntityOfPage\":{\"@id\":\"https:\/\/mwc-cmm.org\/en\/stories\/ministry-partner-update-icomb-july-2020-2\/\"},\"wordCount\":305,\"publisher\":{\"@id\":\"https:\/\/mwc-cmm.org\/en\/#organization\"},\"image\":{\"@id\":\"https:\/\/mwc-cmm.org\/en\/stories\/ministry-partner-update-icomb-july-2020-2\/#primaryimage\"},\"thumbnailUrl\":\"https:\/\/mwc-cmm.org\/wp-content\/uploads\/2024\/11\/33373418180_8bf4b9100d_o-scaled.jpg\",\"articleSection\":[\"Sin categorizar\"],\"inLanguage\":\"es\"},{\"@type\":\"WebPage\",\"@id\":\"https:\/\/mwc-cmm.org\/en\/stories\/ministry-partner-update-icomb-july-2020-2\/\",\"url\":\"https:\/\/mwc-cmm.org\/en\/stories\/ministry-partner-update-icomb-july-2020-2\/\",\"name\":\"Actualizaci\u00f3n de la colaboraci\u00f3n en el ministerio: ICOMB \u2013 Julio 2020 - Mennonite World Conference\",\"isPartOf\":{\"@id\":\"https:\/\/mwc-cmm.org\/en\/#website\"},\"primaryImageOfPage\":{\"@id\":\"https:\/\/mwc-cmm.org\/en\/stories\/ministry-partner-update-icomb-july-2020-2\/#primaryimage\"},\"image\":{\"@id\":\"https:\/\/mwc-cmm.org\/en\/stories\/ministry-partner-update-icomb-july-2020-2\/#primaryimage\"},\"thumbnailUrl\":\"https:\/\/mwc-cmm.org\/wp-content\/uploads\/2024\/11\/33373418180_8bf4b9100d_o-scaled.jpg\",\"datePublished\":\"2020-07-17T00:00:00+00:00\",\"dateModified\":\"2024-12-10T18:02:51+00:00\",\"breadcrumb\":{\"@id\":\"https:\/\/mwc-cmm.org\/en\/stories\/ministry-partner-update-icomb-july-2020-2\/#breadcrumb\"},\"inLanguage\":\"es\",\"potentialAction\":[{\"@type\":\"ReadAction\",\"target\":[\"https:\/\/mwc-cmm.org\/en\/stories\/ministry-partner-update-icomb-july-2020-2\/\"]}]},{\"@type\":\"ImageObject\",\"inLanguage\":\"es\",\"@id\":\"https:\/\/mwc-cmm.org\/en\/stories\/ministry-partner-update-icomb-july-2020-2\/#primaryimage\",\"url\":\"https:\/\/mwc-cmm.org\/wp-content\/uploads\/2024\/11\/33373418180_8bf4b9100d_o-scaled.jpg\",\"contentUrl\":\"https:\/\/mwc-cmm.org\/wp-content\/uploads\/2024\/11\/33373418180_8bf4b9100d_o-scaled.jpg\",\"width\":1904,\"height\":2560},{\"@type\":\"BreadcrumbList\",\"@id\":\"https:\/\/mwc-cmm.org\/en\/stories\/ministry-partner-update-icomb-july-2020-2\/#breadcrumb\",\"itemListElement\":[{\"@type\":\"ListItem\",\"position\":1,\"name\":\"Home\",\"item\":\"https:\/\/mwc-cmm.org\/es\/\"},{\"@type\":\"ListItem\",\"position\":2,\"name\":\"Actualizaci\u00f3n de la colaboraci\u00f3n en el ministerio: ICOMB \u2013 Julio 2020\"}]},{\"@type\":\"WebSite\",\"@id\":\"https:\/\/mwc-cmm.org\/en\/#website\",\"url\":\"https:\/\/mwc-cmm.org\/en\/\",\"name\":\"Mennonite World Conference\",\"description\":\"A communion of Anabaptist-related churches\",\"publisher\":{\"@id\":\"https:\/\/mwc-cmm.org\/en\/#organization\"},\"alternateName\":\"MWC\",\"potentialAction\":[{\"@type\":\"SearchAction\",\"target\":{\"@type\":\"EntryPoint\",\"urlTemplate\":\"https:\/\/mwc-cmm.org\/en\/?s={search_term_string}\"},\"query-input\":{\"@type\":\"PropertyValueSpecification\",\"valueRequired\":true,\"valueName\":\"search_term_string\"}}],\"inLanguage\":\"es\"},{\"@type\":\"Organization\",\"@id\":\"https:\/\/mwc-cmm.org\/en\/#organization\",\"name\":\"Mennonite World Conference\",\"alternateName\":\"MWC\",\"url\":\"https:\/\/mwc-cmm.org\/en\/\",\"logo\":{\"@type\":\"ImageObject\",\"inLanguage\":\"es\",\"@id\":\"https:\/\/mwc-cmm.org\/en\/#\/schema\/logo\/image\/\",\"url\":\"https:\/\/mwc-cmm.org\/wp-content\/uploads\/2026\/01\/MWC_Sig_Blue_Horiz_webheader1-logo.svg\",\"contentUrl\":\"https:\/\/mwc-cmm.org\/wp-content\/uploads\/2026\/01\/MWC_Sig_Blue_Horiz_webheader1-logo.svg\",\"width\":786,\"height\":82,\"caption\":\"Mennonite World Conference\"},\"image\":{\"@id\":\"https:\/\/mwc-cmm.org\/en\/#\/schema\/logo\/image\/\"},\"sameAs\":[\"https:\/\/www.facebook.com\/MennoniteWorldConference\",\"https:\/\/www.linkedin.com\/company\/mennonite-world-conference-mwc\/\",\"https:\/\/www.instagram.com\/mwcmm\/\",\"https:\/\/www.youtube.com\/user\/mwccmm\",\"https:\/\/bsky.app\/profile\/mwcmm.bsky.social\"]},{\"@type\":\"Person\",\"@id\":\"https:\/\/mwc-cmm.org\/en\/#\/schema\/person\/11f6ae0d7d1868ba20a1cc27f067c836\",\"name\":\"mennworldcon\",\"image\":{\"@type\":\"ImageObject\",\"inLanguage\":\"es\",\"@id\":\"https:\/\/secure.gravatar.com\/avatar\/06fdc0dc81c157dfdb82ec42f252178a22307808988d22c043f9eb96f1e0fe80?s=96&d=mm&r=g\",\"url\":\"https:\/\/secure.gravatar.com\/avatar\/06fdc0dc81c157dfdb82ec42f252178a22307808988d22c043f9eb96f1e0fe80?s=96&d=mm&r=g\",\"contentUrl\":\"https:\/\/secure.gravatar.com\/avatar\/06fdc0dc81c157dfdb82ec42f252178a22307808988d22c043f9eb96f1e0fe80?s=96&d=mm&r=g\",\"caption\":\"mennworldcon\"},\"sameAs\":[\"https:\/\/mwc-cmm.org\"],\"url\":\"https:\/\/mwc-cmm.org\/es\/stories\/author\/mennworldcon\/\"}]}<\/script>\n<!-- \/ Yoast SEO plugin. -->","yoast_head_json":{"title":"Actualizaci\u00f3n de la colaboraci\u00f3n en el ministerio: ICOMB \u2013 Julio 2020 - Mennonite World Conference","robots":{"index":"index","follow":"follow","max-snippet":"max-snippet:-1","max-image-preview":"max-image-preview:large","max-video-preview":"max-video-preview:-1"},"canonical":"https:\/\/mwc-cmm.org\/en\/stories\/ministry-partner-update-icomb-july-2020-2\/","og_locale":"es_ES","og_type":"article","og_title":"Actualizaci\u00f3n de la colaboraci\u00f3n en el ministerio: ICOMB \u2013 Julio 2020 - Mennonite World Conference","og_description":"Jean-Claude Ambeke enfrenta desaf\u00edos significativos como l\u00edder de las conferencias HM en Angola: Igreja Evangelica dos Irmaos Menonitas en Angola (IEIMA). IEIMA est\u00e1 tratando de recaudar fondos para reabrir las 17 iglesias que el gobierno cerr\u00f3 el a\u00f1o pasado.","og_url":"https:\/\/mwc-cmm.org\/en\/stories\/ministry-partner-update-icomb-july-2020-2\/","og_site_name":"Mennonite World Conference","article_publisher":"https:\/\/www.facebook.com\/MennoniteWorldConference","article_published_time":"2020-07-17T00:00:00+00:00","article_modified_time":"2024-12-10T18:02:51+00:00","og_image":[{"width":1904,"height":2560,"url":"https:\/\/mwc-cmm.org\/wp-content\/uploads\/2024\/11\/33373418180_8bf4b9100d_o-scaled.jpg","type":"image\/jpeg"}],"author":"mennworldcon","schema":{"@context":"https:\/\/schema.org","@graph":[{"@type":"Article","@id":"https:\/\/mwc-cmm.org\/en\/stories\/ministry-partner-update-icomb-july-2020-2\/#article","isPartOf":{"@id":"https:\/\/mwc-cmm.org\/en\/stories\/ministry-partner-update-icomb-july-2020-2\/"},"author":{"name":"mennworldcon","@id":"https:\/\/mwc-cmm.org\/en\/#\/schema\/person\/11f6ae0d7d1868ba20a1cc27f067c836"},"headline":"Actualizaci\u00f3n de la colaboraci\u00f3n en el ministerio: ICOMB \u2013 Julio 2020","datePublished":"2020-07-17T00:00:00+00:00","dateModified":"2024-12-10T18:02:51+00:00","mainEntityOfPage":{"@id":"https:\/\/mwc-cmm.org\/en\/stories\/ministry-partner-update-icomb-july-2020-2\/"},"wordCount":305,"publisher":{"@id":"https:\/\/mwc-cmm.org\/en\/#organization"},"image":{"@id":"https:\/\/mwc-cmm.org\/en\/stories\/ministry-partner-update-icomb-july-2020-2\/#primaryimage"},"thumbnailUrl":"https:\/\/mwc-cmm.org\/wp-content\/uploads\/2024\/11\/33373418180_8bf4b9100d_o-scaled.jpg","articleSection":["Sin categorizar"],"inLanguage":"es"},{"@type":"WebPage","@id":"https:\/\/mwc-cmm.org\/en\/stories\/ministry-partner-update-icomb-july-2020-2\/","url":"https:\/\/mwc-cmm.org\/en\/stories\/ministry-partner-update-icomb-july-2020-2\/","name":"Actualizaci\u00f3n de la colaboraci\u00f3n en el ministerio: ICOMB \u2013 Julio 2020 - Mennonite World Conference","isPartOf":{"@id":"https:\/\/mwc-cmm.org\/en\/#website"},"primaryImageOfPage":{"@id":"https:\/\/mwc-cmm.org\/en\/stories\/ministry-partner-update-icomb-july-2020-2\/#primaryimage"},"image":{"@id":"https:\/\/mwc-cmm.org\/en\/stories\/ministry-partner-update-icomb-july-2020-2\/#primaryimage"},"thumbnailUrl":"https:\/\/mwc-cmm.org\/wp-content\/uploads\/2024\/11\/33373418180_8bf4b9100d_o-scaled.jpg","datePublished":"2020-07-17T00:00:00+00:00","dateModified":"2024-12-10T18:02:51+00:00","breadcrumb":{"@id":"https:\/\/mwc-cmm.org\/en\/stories\/ministry-partner-update-icomb-july-2020-2\/#breadcrumb"},"inLanguage":"es","potentialAction":[{"@type":"ReadAction","target":["https:\/\/mwc-cmm.org\/en\/stories\/ministry-partner-update-icomb-july-2020-2\/"]}]},{"@type":"ImageObject","inLanguage":"es","@id":"https:\/\/mwc-cmm.org\/en\/stories\/ministry-partner-update-icomb-july-2020-2\/#primaryimage","url":"https:\/\/mwc-cmm.org\/wp-content\/uploads\/2024\/11\/33373418180_8bf4b9100d_o-scaled.jpg","contentUrl":"https:\/\/mwc-cmm.org\/wp-content\/uploads\/2024\/11\/33373418180_8bf4b9100d_o-scaled.jpg","width":1904,"height":2560},{"@type":"BreadcrumbList","@id":"https:\/\/mwc-cmm.org\/en\/stories\/ministry-partner-update-icomb-july-2020-2\/#breadcrumb","itemListElement":[{"@type":"ListItem","position":1,"name":"Home","item":"https:\/\/mwc-cmm.org\/es\/"},{"@type":"ListItem","position":2,"name":"Actualizaci\u00f3n de la colaboraci\u00f3n en el ministerio: ICOMB \u2013 Julio 2020"}]},{"@type":"WebSite","@id":"https:\/\/mwc-cmm.org\/en\/#website","url":"https:\/\/mwc-cmm.org\/en\/","name":"Mennonite World Conference","description":"A communion of Anabaptist-related churches","publisher":{"@id":"https:\/\/mwc-cmm.org\/en\/#organization"},"alternateName":"MWC","potentialAction":[{"@type":"SearchAction","target":{"@type":"EntryPoint","urlTemplate":"https:\/\/mwc-cmm.org\/en\/?s={search_term_string}"},"query-input":{"@type":"PropertyValueSpecification","valueRequired":true,"valueName":"search_term_string"}}],"inLanguage":"es"},{"@type":"Organization","@id":"https:\/\/mwc-cmm.org\/en\/#organization","name":"Mennonite World Conference","alternateName":"MWC","url":"https:\/\/mwc-cmm.org\/en\/","logo":{"@type":"ImageObject","inLanguage":"es","@id":"https:\/\/mwc-cmm.org\/en\/#\/schema\/logo\/image\/","url":"https:\/\/mwc-cmm.org\/wp-content\/uploads\/2026\/01\/MWC_Sig_Blue_Horiz_webheader1-logo.svg","contentUrl":"https:\/\/mwc-cmm.org\/wp-content\/uploads\/2026\/01\/MWC_Sig_Blue_Horiz_webheader1-logo.svg","width":786,"height":82,"caption":"Mennonite World Conference"},"image":{"@id":"https:\/\/mwc-cmm.org\/en\/#\/schema\/logo\/image\/"},"sameAs":["https:\/\/www.facebook.com\/MennoniteWorldConference","https:\/\/www.linkedin.com\/company\/mennonite-world-conference-mwc\/","https:\/\/www.instagram.com\/mwcmm\/","https:\/\/www.youtube.com\/user\/mwccmm","https:\/\/bsky.app\/profile\/mwcmm.bsky.social"]},{"@type":"Person","@id":"https:\/\/mwc-cmm.org\/en\/#\/schema\/person\/11f6ae0d7d1868ba20a1cc27f067c836","name":"mennworldcon","image":{"@type":"ImageObject","inLanguage":"es","@id":"https:\/\/secure.gravatar.com\/avatar\/06fdc0dc81c157dfdb82ec42f252178a22307808988d22c043f9eb96f1e0fe80?s=96&d=mm&r=g","url":"https:\/\/secure.gravatar.com\/avatar\/06fdc0dc81c157dfdb82ec42f252178a22307808988d22c043f9eb96f1e0fe80?s=96&d=mm&r=g","contentUrl":"https:\/\/secure.gravatar.com\/avatar\/06fdc0dc81c157dfdb82ec42f252178a22307808988d22c043f9eb96f1e0fe80?s=96&d=mm&r=g","caption":"mennworldcon"},"sameAs":["https:\/\/mwc-cmm.org"],"url":"https:\/\/mwc-cmm.org\/es\/stories\/author\/mennworldcon\/"}]}},"_links":{"self":[{"href":"https:\/\/mwc-cmm.org\/es\/wp-json\/wp\/v2\/posts\/9005","targetHints":{"allow":["GET"]}}],"collection":[{"href":"https:\/\/mwc-cmm.org\/es\/wp-json\/wp\/v2\/posts"}],"about":[{"href":"https:\/\/mwc-cmm.org\/es\/wp-json\/wp\/v2\/types\/post"}],"author":[{"embeddable":true,"href":"https:\/\/mwc-cmm.org\/es\/wp-json\/wp\/v2\/users\/1"}],"replies":[{"embeddable":true,"href":"https:\/\/mwc-cmm.org\/es\/wp-json\/wp\/v2\/comments?post=9005"}],"version-history":[{"count":0,"href":"https:\/\/mwc-cmm.org\/es\/wp-json\/wp\/v2\/posts\/9005\/revisions"}],"wp:featuredmedia":[{"embeddable":true,"href":"https:\/\/mwc-cmm.org\/es\/wp-json\/wp\/v2\/media\/92395"}],"wp:attachment":[{"href":"https:\/\/mwc-cmm.org\/es\/wp-json\/wp\/v2\/media?parent=9005"}],"wp:term":[{"taxonomy":"category","embeddable":true,"href":"https:\/\/mwc-cmm.org\/es\/wp-json\/wp\/v2\/categories?post=9005"},{"taxonomy":"post_tag","embeddable":true,"href":"https:\/\/mwc-cmm.org\/es\/wp-json\/wp\/v2\/tags?post=9005"},{"taxonomy":"network","embeddable":true,"href":"https:\/\/mwc-cmm.org\/es\/wp-json\/wp\/v2\/network?post=9005"},{"taxonomy":"eventcategory","embeddable":true,"href":"https:\/\/mwc-cmm.org\/es\/wp-json\/wp\/v2\/eventcategory?post=9005"}],"curies":[{"name":"wp","href":"https:\/\/api.w.org\/{rel}","templated":true}]}}