{"id":8996,"date":"2020-06-17T00:00:00","date_gmt":"2020-06-17T00:00:00","guid":{"rendered":"https:\/\/mwc-cmm.org\/a-bridge-for-connecting-people-3\/"},"modified":"2024-12-10T18:02:47","modified_gmt":"2024-12-10T18:02:47","slug":"a-bridge-for-connecting-people-3","status":"publish","type":"post","link":"https:\/\/mwc-cmm.org\/es\/stories\/a-bridge-for-connecting-people-3\/","title":{"rendered":"Un puente para conectar con personas"},"content":{"rendered":"<p>Ya han pasado varios a\u00f1os desde el \u00faltimo encuentro de GYS en el 2015 he indudablemente ha sido una experiencia \u00fanica que ha afectado radicalmente mi cosmovisi\u00f3n.<\/p>\n<p>A trav\u00e9s de GYS uno tiene la oportunidad de realmente abrir los ojos y de ser m\u00e1s consciente de que detr\u00e1s de todos esos pa\u00edses que podemos ver en un mapa hay hermanos en la fe con una gran diversidad de contextos, sociales, econ\u00f3micos, pol\u00edticos y desaf\u00edos propios de cada regi\u00f3n en donde lo que Dios est\u00e1 haciendo en cada uno de ellos es \u00fanico.<\/p>\n<p>GYS me ha desafiado como l\u00edder a transmitir en mi pa\u00eds lo que significa realmente ser un joven anabautista y como podemos ser las manos y pies de Jes\u00fas en nuestras comunidades, identificando las necesidades en nuestro entorno y no siendo ajenas a ellas sino siendo parte del cambio ejecutando proyectos, y siendo la respuesta.<\/p>\n<figure class=\"image\" style=\"float:left\"><img decoding=\"async\" alt=\"\" height=\"149\" data-src=\"https:\/\/mwc-cmm.org\/sites\/default\/files\/gys-katarin-bogarin-gys-delegate-praying-in-streets.jpeg.jpg\" width=\"199\" src=\"data:image\/svg+xml;base64,PHN2ZyB3aWR0aD0iMSIgaGVpZ2h0PSIxIiB4bWxucz0iaHR0cDovL3d3dy53My5vcmcvMjAwMC9zdmciPjwvc3ZnPg==\" class=\"lazyload\" style=\"--smush-placeholder-width: 199px; --smush-placeholder-aspect-ratio: 199\/149;\" \/><figcaption>Voluntarios de la iglesia se ofrecen a orar por<br \/>\nla gente en las paradas de los sem\u00e1foros.<br \/>\nSi la gente as\u00ed lo quiere, le dejan un folleto<br \/>\nsobre la iglesia y toman los datos de contacto<\/figcaption><\/figure>\n<p>As\u00ed tambi\u00e9n, mi vida de oraci\u00f3n ha sido impactada con la urgencia de clamar por nuestros hermanos alrededor del mundo, con mucho m\u00e1s fervor que nunca, por lo que desarrollamos espacios de oraci\u00f3n por las naciones en nuestra iglesia local. A trav\u00e9s de esto, Dios ha encendido en mi coraz\u00f3n una pasi\u00f3n por los pueblos no alcanzados y por las misiones en general.<\/p>\n<p>Actualmente me encuentro involucrada activamente en mi iglesia local en el liderazgo del grupo de j\u00f3venes y adolescentes y sirviendo en la evangelizaci\u00f3n y discipulado de pueblos nativos en mi pa\u00eds, con miras al campo misionero internacional.<\/p>\n<p>Teniendo en cuenta mi experiencia como delegada en GYS y como esto ha sido un puente para conectar con personas que actualmente son de gran bendici\u00f3n para mi vida y tambi\u00e9n&nbsp; conectando con otros proyectos y experiencias enriquecedoras para mi propia vida y para mi comunidad de fe, invito a las iglesias a incentivar y apoyar a los j\u00f3venes que desean asistir a los encuentros de YABs, son realmente espacios \u00fanicos que pueden marcar nuestras vidas y que nos ayudan a experimentar cuanta riqueza y diversidad existe en nuestra familia mundial y como todos nos complementamos conformando as\u00ed el cuerpo de Cristo como bien lo describe Pablo en 1 Corintios 12,12: \u201cPorque as\u00ed como el cuerpo es uno, y tiene muchos miembros, pero todos los miembros del cuerpo, siendo muchos, son un solo cuerpo, as\u00ed tambi\u00e9n Cristo.\u201d<\/p>\n<figure class=\"image\" style=\"float:right\"><img decoding=\"async\" alt=\"\" height=\"188\" data-src=\"https:\/\/mwc-cmm.org\/sites\/default\/files\/gys-katarin-bogarin-native-church.jpeg.jpg\" width=\"250\" src=\"data:image\/svg+xml;base64,PHN2ZyB3aWR0aD0iMSIgaGVpZ2h0PSIxIiB4bWxucz0iaHR0cDovL3d3dy53My5vcmcvMjAwMC9zdmciPjwvc3ZnPg==\" class=\"lazyload\" style=\"--smush-placeholder-width: 250px; --smush-placeholder-aspect-ratio: 250\/188;\" \/><figcaption>Un equipo ministerial que trabaja con JAHA,<br \/>\ndirigido por Dahiana Cornet,<br \/>\nparticipa en un culto con personas<br \/>\ndel grupo ind\u00edgena Ach\u00e9.<\/figcaption><\/figure>\n<p>Y quisiera dejar a los j\u00f3venes un mensaje especial, el de no desmayar, manteng\u00e1monos juntos y firmes en medio de esta pandemia que nos toca atravesar, involucr\u00e9monos y ayudemos a nuestras comunidades a enfrentar los retos actuales de como \u201chacer iglesia\u201d en este tiempo y a repensar como lo haremos en el futuro.<\/p>\n<hr \/>\n<p>El <strong>Comit\u00e9 de YABs (j\u00f3venes anabautistas)<\/strong> se conecta con los j\u00f3venes anabautistas (entre 18 y 30 a\u00f1os), a trav\u00e9s de la discusi\u00f3n de textos b\u00edblicos, la alabanza, la oraci\u00f3n y el intercambio de historias, y una vez<br \/>\ncada seis a\u00f1os a trav\u00e9s de la Cumbre Mundial de la Juventud (GYS). <a href=\"https:\/\/mwc-cmm.org\/es\/sobre-j%C3%B3venes-anabautistas-yabs\/cumbre-mundial-de-la-juventud-gys\">Haga clic aqu\u00ed para saber m\u00e1s sobre GYS.<\/a><\/p>\n<p>L<strong>a quinta Semana anual de la Fraternidad YABs<\/strong> se celebra del <strong>14 al 21 de junio de 2020<\/strong>. Durante esta semana, los grupos de j\u00f3venes y j\u00f3venes adultos de todo el mundo pueden animarse mutuamente y celebrar como una comunidad anabautista de j\u00f3venes adultos. Todo esto lo hacemos juntos al compartir peticiones de oraci\u00f3n y alabanzas entre nosotros, igualmente discutimos sobre las Escrituras, basados en nuestro tema: Prop\u00f3sito: Su prop\u00f3sito y el nuestro (2 Timoteo 1,6-14).<\/p>\n<p><a href=\"https:\/\/mwc-cmm.org\/es\/resources\/semana-de-la-fraternidad-yabs-2020\">Haga clic aqu\u00ed<\/a> para descargar el paquete de recursos para el culto.<\/p>\n<p>\u00bfC\u00f3mo celebr\u00f3 la Semana de la Fraternidad YABs? <a href=\"https:\/\/mwc-cmm.org\/es\/node\/739\">Haga clic aqu\u00ed<\/a> para compartir sus historias y fotograf\u00edas.&nbsp;<\/p>\n<p><em><img decoding=\"async\" alt=\"\" height=\"133\" data-src=\"https:\/\/mwc-cmm.org\/sites\/default\/files\/gys-katarin-bogarin-gys-delegate.jpeg\" style=\"--smush-placeholder-width: 200px; --smush-placeholder-aspect-ratio: 200\/133;float:left\" width=\"200\" src=\"data:image\/svg+xml;base64,PHN2ZyB3aWR0aD0iMSIgaGVpZ2h0PSIxIiB4bWxucz0iaHR0cDovL3d3dy53My5vcmcvMjAwMC9zdmciPjwvc3ZnPg==\" class=\"lazyload\" \/><\/em><\/p>\n<p><em>\u2014Karina Bogarin es miembro de la iglesia Maranata de los Hermanos Menonitas. Fue delegada de la Convenci\u00f3n Evang\u00e9lica de Iglesias Paraguayas Hermanos Menonitas en la Cumbre Mundial de la Juventud en Pensilvania 2015. <\/em><\/p>\n","protected":false},"excerpt":{"rendered":"<p>A trav\u00e9s de GYS uno tiene la oportunidad de realmente abrir los ojos y de ser m\u00e1s consciente de que detr\u00e1s de todos esos pa\u00edses que podemos ver en un mapa hay hermanos en la fe con una gran diversidad de contextos, sociales, econ\u00f3micos, pol\u00edticos y desaf\u00edos propios de cada regi\u00f3n en donde lo que Dios est\u00e1 haciendo en cada uno de ellos es \u00fanico.<\/p>\n","protected":false},"author":1,"featured_media":92214,"comment_status":"closed","ping_status":"closed","sticky":false,"template":"","format":"standard","meta":{"_acf_changed":false,"footnotes":""},"categories":[6],"tags":[],"network":[1284],"eventcategory":[],"class_list":["post-8996","post","type-post","status-publish","format-standard","has-post-thumbnail","hentry","category-sin-categorizar","network-young-anabaptists-es"],"acf":[],"yoast_head":"<!-- This site is optimized with the Yoast SEO plugin v27.5 - https:\/\/yoast.com\/product\/yoast-seo-wordpress\/ -->\n<title>Un puente para conectar con personas - Mennonite World Conference<\/title>\n<meta name=\"robots\" content=\"index, follow, max-snippet:-1, max-image-preview:large, max-video-preview:-1\" \/>\n<link rel=\"canonical\" href=\"https:\/\/mwc-cmm.org\/en\/stories\/a-bridge-for-connecting-people-2\/\" \/>\n<meta property=\"og:locale\" content=\"es_ES\" \/>\n<meta property=\"og:type\" content=\"article\" \/>\n<meta property=\"og:title\" content=\"Un puente para conectar con personas - Mennonite World Conference\" \/>\n<meta property=\"og:description\" content=\"A trav\u00e9s de GYS uno tiene la oportunidad de realmente abrir los ojos y de ser m\u00e1s consciente de que detr\u00e1s de todos esos pa\u00edses que podemos ver en un mapa hay hermanos en la fe con una gran diversidad de contextos, sociales, econ\u00f3micos, pol\u00edticos y desaf\u00edos propios de cada regi\u00f3n en donde lo que Dios est\u00e1 haciendo en cada uno de ellos es \u00fanico.\" \/>\n<meta property=\"og:url\" content=\"https:\/\/mwc-cmm.org\/en\/stories\/a-bridge-for-connecting-people-2\/\" \/>\n<meta property=\"og:site_name\" content=\"Mennonite World Conference\" \/>\n<meta property=\"article:publisher\" content=\"https:\/\/www.facebook.com\/MennoniteWorldConference\" \/>\n<meta property=\"article:published_time\" content=\"2020-06-17T00:00:00+00:00\" \/>\n<meta property=\"article:modified_time\" content=\"2024-12-10T18:02:47+00:00\" \/>\n<meta property=\"og:image\" content=\"https:\/\/mwc-cmm.org\/wp-content\/uploads\/2024\/11\/gys-katarin-bogarin-international-prayer-night.jpeg.jpg\" \/>\n\t<meta property=\"og:image:width\" content=\"1068\" \/>\n\t<meta property=\"og:image:height\" content=\"712\" \/>\n\t<meta property=\"og:image:type\" content=\"image\/jpeg\" \/>\n<meta name=\"author\" content=\"mennworldcon\" \/>\n<script type=\"application\/ld+json\" class=\"yoast-schema-graph\">{\"@context\":\"https:\\\/\\\/schema.org\",\"@graph\":[{\"@type\":\"Article\",\"@id\":\"https:\\\/\\\/mwc-cmm.org\\\/en\\\/stories\\\/a-bridge-for-connecting-people-2\\\/#article\",\"isPartOf\":{\"@id\":\"https:\\\/\\\/mwc-cmm.org\\\/en\\\/stories\\\/a-bridge-for-connecting-people-2\\\/\"},\"author\":{\"name\":\"mennworldcon\",\"@id\":\"https:\\\/\\\/mwc-cmm.org\\\/en\\\/#\\\/schema\\\/person\\\/11f6ae0d7d1868ba20a1cc27f067c836\"},\"headline\":\"Un puente para conectar con personas\",\"datePublished\":\"2020-06-17T00:00:00+00:00\",\"dateModified\":\"2024-12-10T18:02:47+00:00\",\"mainEntityOfPage\":{\"@id\":\"https:\\\/\\\/mwc-cmm.org\\\/en\\\/stories\\\/a-bridge-for-connecting-people-2\\\/\"},\"wordCount\":740,\"publisher\":{\"@id\":\"https:\\\/\\\/mwc-cmm.org\\\/en\\\/#organization\"},\"image\":{\"@id\":\"https:\\\/\\\/mwc-cmm.org\\\/en\\\/stories\\\/a-bridge-for-connecting-people-2\\\/#primaryimage\"},\"thumbnailUrl\":\"https:\\\/\\\/mwc-cmm.org\\\/wp-content\\\/uploads\\\/2024\\\/11\\\/gys-katarin-bogarin-international-prayer-night.jpeg.jpg\",\"articleSection\":[\"Sin categorizar\"],\"inLanguage\":\"es\"},{\"@type\":\"WebPage\",\"@id\":\"https:\\\/\\\/mwc-cmm.org\\\/en\\\/stories\\\/a-bridge-for-connecting-people-2\\\/\",\"url\":\"https:\\\/\\\/mwc-cmm.org\\\/en\\\/stories\\\/a-bridge-for-connecting-people-2\\\/\",\"name\":\"Un puente para conectar con personas - Mennonite World Conference\",\"isPartOf\":{\"@id\":\"https:\\\/\\\/mwc-cmm.org\\\/en\\\/#website\"},\"primaryImageOfPage\":{\"@id\":\"https:\\\/\\\/mwc-cmm.org\\\/en\\\/stories\\\/a-bridge-for-connecting-people-2\\\/#primaryimage\"},\"image\":{\"@id\":\"https:\\\/\\\/mwc-cmm.org\\\/en\\\/stories\\\/a-bridge-for-connecting-people-2\\\/#primaryimage\"},\"thumbnailUrl\":\"https:\\\/\\\/mwc-cmm.org\\\/wp-content\\\/uploads\\\/2024\\\/11\\\/gys-katarin-bogarin-international-prayer-night.jpeg.jpg\",\"datePublished\":\"2020-06-17T00:00:00+00:00\",\"dateModified\":\"2024-12-10T18:02:47+00:00\",\"breadcrumb\":{\"@id\":\"https:\\\/\\\/mwc-cmm.org\\\/en\\\/stories\\\/a-bridge-for-connecting-people-2\\\/#breadcrumb\"},\"inLanguage\":\"es\",\"potentialAction\":[{\"@type\":\"ReadAction\",\"target\":[\"https:\\\/\\\/mwc-cmm.org\\\/en\\\/stories\\\/a-bridge-for-connecting-people-2\\\/\"]}]},{\"@type\":\"ImageObject\",\"inLanguage\":\"es\",\"@id\":\"https:\\\/\\\/mwc-cmm.org\\\/en\\\/stories\\\/a-bridge-for-connecting-people-2\\\/#primaryimage\",\"url\":\"https:\\\/\\\/mwc-cmm.org\\\/wp-content\\\/uploads\\\/2024\\\/11\\\/gys-katarin-bogarin-international-prayer-night.jpeg.jpg\",\"contentUrl\":\"https:\\\/\\\/mwc-cmm.org\\\/wp-content\\\/uploads\\\/2024\\\/11\\\/gys-katarin-bogarin-international-prayer-night.jpeg.jpg\",\"width\":1068,\"height\":712},{\"@type\":\"BreadcrumbList\",\"@id\":\"https:\\\/\\\/mwc-cmm.org\\\/en\\\/stories\\\/a-bridge-for-connecting-people-2\\\/#breadcrumb\",\"itemListElement\":[{\"@type\":\"ListItem\",\"position\":1,\"name\":\"Home\",\"item\":\"https:\\\/\\\/mwc-cmm.org\\\/es\\\/\"},{\"@type\":\"ListItem\",\"position\":2,\"name\":\"Un puente para conectar con personas\"}]},{\"@type\":\"WebSite\",\"@id\":\"https:\\\/\\\/mwc-cmm.org\\\/en\\\/#website\",\"url\":\"https:\\\/\\\/mwc-cmm.org\\\/en\\\/\",\"name\":\"Mennonite World Conference\",\"description\":\"A communion of Anabaptist-related churches\",\"publisher\":{\"@id\":\"https:\\\/\\\/mwc-cmm.org\\\/en\\\/#organization\"},\"alternateName\":\"MWC\",\"potentialAction\":[{\"@type\":\"SearchAction\",\"target\":{\"@type\":\"EntryPoint\",\"urlTemplate\":\"https:\\\/\\\/mwc-cmm.org\\\/en\\\/?s={search_term_string}\"},\"query-input\":{\"@type\":\"PropertyValueSpecification\",\"valueRequired\":true,\"valueName\":\"search_term_string\"}}],\"inLanguage\":\"es\"},{\"@type\":\"Organization\",\"@id\":\"https:\\\/\\\/mwc-cmm.org\\\/en\\\/#organization\",\"name\":\"Mennonite World Conference\",\"alternateName\":\"MWC\",\"url\":\"https:\\\/\\\/mwc-cmm.org\\\/en\\\/\",\"logo\":{\"@type\":\"ImageObject\",\"inLanguage\":\"es\",\"@id\":\"https:\\\/\\\/mwc-cmm.org\\\/en\\\/#\\\/schema\\\/logo\\\/image\\\/\",\"url\":\"https:\\\/\\\/mwc-cmm.org\\\/wp-content\\\/uploads\\\/2026\\\/01\\\/MWC_Sig_Blue_Horiz_webheader1-logo.svg\",\"contentUrl\":\"https:\\\/\\\/mwc-cmm.org\\\/wp-content\\\/uploads\\\/2026\\\/01\\\/MWC_Sig_Blue_Horiz_webheader1-logo.svg\",\"width\":786,\"height\":82,\"caption\":\"Mennonite World Conference\"},\"image\":{\"@id\":\"https:\\\/\\\/mwc-cmm.org\\\/en\\\/#\\\/schema\\\/logo\\\/image\\\/\"},\"sameAs\":[\"https:\\\/\\\/www.facebook.com\\\/MennoniteWorldConference\",\"https:\\\/\\\/www.linkedin.com\\\/company\\\/mennonite-world-conference-mwc\\\/\",\"https:\\\/\\\/www.instagram.com\\\/mwcmm\\\/\",\"https:\\\/\\\/www.youtube.com\\\/user\\\/mwccmm\",\"https:\\\/\\\/bsky.app\\\/profile\\\/mwcmm.bsky.social\"]},{\"@type\":\"Person\",\"@id\":\"https:\\\/\\\/mwc-cmm.org\\\/en\\\/#\\\/schema\\\/person\\\/11f6ae0d7d1868ba20a1cc27f067c836\",\"name\":\"mennworldcon\",\"image\":{\"@type\":\"ImageObject\",\"inLanguage\":\"es\",\"@id\":\"https:\\\/\\\/secure.gravatar.com\\\/avatar\\\/06fdc0dc81c157dfdb82ec42f252178a22307808988d22c043f9eb96f1e0fe80?s=96&d=mm&r=g\",\"url\":\"https:\\\/\\\/secure.gravatar.com\\\/avatar\\\/06fdc0dc81c157dfdb82ec42f252178a22307808988d22c043f9eb96f1e0fe80?s=96&d=mm&r=g\",\"contentUrl\":\"https:\\\/\\\/secure.gravatar.com\\\/avatar\\\/06fdc0dc81c157dfdb82ec42f252178a22307808988d22c043f9eb96f1e0fe80?s=96&d=mm&r=g\",\"caption\":\"mennworldcon\"},\"sameAs\":[\"https:\\\/\\\/mwc-cmm.org\"],\"url\":\"https:\\\/\\\/mwc-cmm.org\\\/es\\\/stories\\\/author\\\/mennworldcon\\\/\"}]}<\/script>\n<!-- \/ Yoast SEO plugin. -->","yoast_head_json":{"title":"Un puente para conectar con personas - Mennonite World Conference","robots":{"index":"index","follow":"follow","max-snippet":"max-snippet:-1","max-image-preview":"max-image-preview:large","max-video-preview":"max-video-preview:-1"},"canonical":"https:\/\/mwc-cmm.org\/en\/stories\/a-bridge-for-connecting-people-2\/","og_locale":"es_ES","og_type":"article","og_title":"Un puente para conectar con personas - Mennonite World Conference","og_description":"A trav\u00e9s de GYS uno tiene la oportunidad de realmente abrir los ojos y de ser m\u00e1s consciente de que detr\u00e1s de todos esos pa\u00edses que podemos ver en un mapa hay hermanos en la fe con una gran diversidad de contextos, sociales, econ\u00f3micos, pol\u00edticos y desaf\u00edos propios de cada regi\u00f3n en donde lo que Dios est\u00e1 haciendo en cada uno de ellos es \u00fanico.","og_url":"https:\/\/mwc-cmm.org\/en\/stories\/a-bridge-for-connecting-people-2\/","og_site_name":"Mennonite World Conference","article_publisher":"https:\/\/www.facebook.com\/MennoniteWorldConference","article_published_time":"2020-06-17T00:00:00+00:00","article_modified_time":"2024-12-10T18:02:47+00:00","og_image":[{"width":1068,"height":712,"url":"https:\/\/mwc-cmm.org\/wp-content\/uploads\/2024\/11\/gys-katarin-bogarin-international-prayer-night.jpeg.jpg","type":"image\/jpeg"}],"author":"mennworldcon","schema":{"@context":"https:\/\/schema.org","@graph":[{"@type":"Article","@id":"https:\/\/mwc-cmm.org\/en\/stories\/a-bridge-for-connecting-people-2\/#article","isPartOf":{"@id":"https:\/\/mwc-cmm.org\/en\/stories\/a-bridge-for-connecting-people-2\/"},"author":{"name":"mennworldcon","@id":"https:\/\/mwc-cmm.org\/en\/#\/schema\/person\/11f6ae0d7d1868ba20a1cc27f067c836"},"headline":"Un puente para conectar con personas","datePublished":"2020-06-17T00:00:00+00:00","dateModified":"2024-12-10T18:02:47+00:00","mainEntityOfPage":{"@id":"https:\/\/mwc-cmm.org\/en\/stories\/a-bridge-for-connecting-people-2\/"},"wordCount":740,"publisher":{"@id":"https:\/\/mwc-cmm.org\/en\/#organization"},"image":{"@id":"https:\/\/mwc-cmm.org\/en\/stories\/a-bridge-for-connecting-people-2\/#primaryimage"},"thumbnailUrl":"https:\/\/mwc-cmm.org\/wp-content\/uploads\/2024\/11\/gys-katarin-bogarin-international-prayer-night.jpeg.jpg","articleSection":["Sin categorizar"],"inLanguage":"es"},{"@type":"WebPage","@id":"https:\/\/mwc-cmm.org\/en\/stories\/a-bridge-for-connecting-people-2\/","url":"https:\/\/mwc-cmm.org\/en\/stories\/a-bridge-for-connecting-people-2\/","name":"Un puente para conectar con personas - Mennonite World Conference","isPartOf":{"@id":"https:\/\/mwc-cmm.org\/en\/#website"},"primaryImageOfPage":{"@id":"https:\/\/mwc-cmm.org\/en\/stories\/a-bridge-for-connecting-people-2\/#primaryimage"},"image":{"@id":"https:\/\/mwc-cmm.org\/en\/stories\/a-bridge-for-connecting-people-2\/#primaryimage"},"thumbnailUrl":"https:\/\/mwc-cmm.org\/wp-content\/uploads\/2024\/11\/gys-katarin-bogarin-international-prayer-night.jpeg.jpg","datePublished":"2020-06-17T00:00:00+00:00","dateModified":"2024-12-10T18:02:47+00:00","breadcrumb":{"@id":"https:\/\/mwc-cmm.org\/en\/stories\/a-bridge-for-connecting-people-2\/#breadcrumb"},"inLanguage":"es","potentialAction":[{"@type":"ReadAction","target":["https:\/\/mwc-cmm.org\/en\/stories\/a-bridge-for-connecting-people-2\/"]}]},{"@type":"ImageObject","inLanguage":"es","@id":"https:\/\/mwc-cmm.org\/en\/stories\/a-bridge-for-connecting-people-2\/#primaryimage","url":"https:\/\/mwc-cmm.org\/wp-content\/uploads\/2024\/11\/gys-katarin-bogarin-international-prayer-night.jpeg.jpg","contentUrl":"https:\/\/mwc-cmm.org\/wp-content\/uploads\/2024\/11\/gys-katarin-bogarin-international-prayer-night.jpeg.jpg","width":1068,"height":712},{"@type":"BreadcrumbList","@id":"https:\/\/mwc-cmm.org\/en\/stories\/a-bridge-for-connecting-people-2\/#breadcrumb","itemListElement":[{"@type":"ListItem","position":1,"name":"Home","item":"https:\/\/mwc-cmm.org\/es\/"},{"@type":"ListItem","position":2,"name":"Un puente para conectar con personas"}]},{"@type":"WebSite","@id":"https:\/\/mwc-cmm.org\/en\/#website","url":"https:\/\/mwc-cmm.org\/en\/","name":"Mennonite World Conference","description":"A communion of Anabaptist-related churches","publisher":{"@id":"https:\/\/mwc-cmm.org\/en\/#organization"},"alternateName":"MWC","potentialAction":[{"@type":"SearchAction","target":{"@type":"EntryPoint","urlTemplate":"https:\/\/mwc-cmm.org\/en\/?s={search_term_string}"},"query-input":{"@type":"PropertyValueSpecification","valueRequired":true,"valueName":"search_term_string"}}],"inLanguage":"es"},{"@type":"Organization","@id":"https:\/\/mwc-cmm.org\/en\/#organization","name":"Mennonite World Conference","alternateName":"MWC","url":"https:\/\/mwc-cmm.org\/en\/","logo":{"@type":"ImageObject","inLanguage":"es","@id":"https:\/\/mwc-cmm.org\/en\/#\/schema\/logo\/image\/","url":"https:\/\/mwc-cmm.org\/wp-content\/uploads\/2026\/01\/MWC_Sig_Blue_Horiz_webheader1-logo.svg","contentUrl":"https:\/\/mwc-cmm.org\/wp-content\/uploads\/2026\/01\/MWC_Sig_Blue_Horiz_webheader1-logo.svg","width":786,"height":82,"caption":"Mennonite World Conference"},"image":{"@id":"https:\/\/mwc-cmm.org\/en\/#\/schema\/logo\/image\/"},"sameAs":["https:\/\/www.facebook.com\/MennoniteWorldConference","https:\/\/www.linkedin.com\/company\/mennonite-world-conference-mwc\/","https:\/\/www.instagram.com\/mwcmm\/","https:\/\/www.youtube.com\/user\/mwccmm","https:\/\/bsky.app\/profile\/mwcmm.bsky.social"]},{"@type":"Person","@id":"https:\/\/mwc-cmm.org\/en\/#\/schema\/person\/11f6ae0d7d1868ba20a1cc27f067c836","name":"mennworldcon","image":{"@type":"ImageObject","inLanguage":"es","@id":"https:\/\/secure.gravatar.com\/avatar\/06fdc0dc81c157dfdb82ec42f252178a22307808988d22c043f9eb96f1e0fe80?s=96&d=mm&r=g","url":"https:\/\/secure.gravatar.com\/avatar\/06fdc0dc81c157dfdb82ec42f252178a22307808988d22c043f9eb96f1e0fe80?s=96&d=mm&r=g","contentUrl":"https:\/\/secure.gravatar.com\/avatar\/06fdc0dc81c157dfdb82ec42f252178a22307808988d22c043f9eb96f1e0fe80?s=96&d=mm&r=g","caption":"mennworldcon"},"sameAs":["https:\/\/mwc-cmm.org"],"url":"https:\/\/mwc-cmm.org\/es\/stories\/author\/mennworldcon\/"}]}},"_links":{"self":[{"href":"https:\/\/mwc-cmm.org\/es\/wp-json\/wp\/v2\/posts\/8996","targetHints":{"allow":["GET"]}}],"collection":[{"href":"https:\/\/mwc-cmm.org\/es\/wp-json\/wp\/v2\/posts"}],"about":[{"href":"https:\/\/mwc-cmm.org\/es\/wp-json\/wp\/v2\/types\/post"}],"author":[{"embeddable":true,"href":"https:\/\/mwc-cmm.org\/es\/wp-json\/wp\/v2\/users\/1"}],"replies":[{"embeddable":true,"href":"https:\/\/mwc-cmm.org\/es\/wp-json\/wp\/v2\/comments?post=8996"}],"version-history":[{"count":0,"href":"https:\/\/mwc-cmm.org\/es\/wp-json\/wp\/v2\/posts\/8996\/revisions"}],"wp:featuredmedia":[{"embeddable":true,"href":"https:\/\/mwc-cmm.org\/es\/wp-json\/wp\/v2\/media\/92214"}],"wp:attachment":[{"href":"https:\/\/mwc-cmm.org\/es\/wp-json\/wp\/v2\/media?parent=8996"}],"wp:term":[{"taxonomy":"category","embeddable":true,"href":"https:\/\/mwc-cmm.org\/es\/wp-json\/wp\/v2\/categories?post=8996"},{"taxonomy":"post_tag","embeddable":true,"href":"https:\/\/mwc-cmm.org\/es\/wp-json\/wp\/v2\/tags?post=8996"},{"taxonomy":"network","embeddable":true,"href":"https:\/\/mwc-cmm.org\/es\/wp-json\/wp\/v2\/network?post=8996"},{"taxonomy":"eventcategory","embeddable":true,"href":"https:\/\/mwc-cmm.org\/es\/wp-json\/wp\/v2\/eventcategory?post=8996"}],"curies":[{"name":"wp","href":"https:\/\/api.w.org\/{rel}","templated":true}]}}