{"id":8985,"date":"2020-03-17T00:00:00","date_gmt":"2020-03-17T00:00:00","guid":{"rendered":"https:\/\/mwc-cmm.org\/gods-call-for-our-church-and-mission-3\/"},"modified":"2024-12-10T18:02:42","modified_gmt":"2024-12-10T18:02:42","slug":"el-llamado-de-dios-para-nuestra-iglesia-y-mision","status":"publish","type":"post","link":"https:\/\/mwc-cmm.org\/es\/stories\/el-llamado-de-dios-para-nuestra-iglesia-y-mision\/","title":{"rendered":"El llamado de Dios para nuestra iglesia y misi\u00f3n"},"content":{"rendered":"<p>\u201cLa iglesia retardar\u00e1 el trabajo del Comit\u00e9 Central Menonita\u201d, me dijo un hombre en la reuni\u00f3n de consulta Vino nuevo, odres nuevos&nbsp; del CCM en 2009 en Winnipeg. \u201cSi queremos ser una ONG m\u00e1s eficaz, debemos actuar independientemente de la iglesia\u201d, continu\u00f3.<\/p>\n<p>S\u00ed, la iglesia puede no ser muy eficaz en el cumplimiento de los est\u00e1ndares de gesti\u00f3n y estructura profesional de las ONG, sin embargo, ella encarna el m\u00e9todo de Dios de transformaci\u00f3n social real y duradera.<\/p>\n<p>Adem\u00e1s, la misi\u00f3n, desde el punto de vista anabautista, es llevada a cabo por la iglesia como testigo de Cristo en el mundo. No se puede delegar a especialistas o a instituciones independientes.<\/p>\n<p>Tanto el CCM como el CMM comparten este punto de vista que ha afianzado a\u00f1os de colaboraci\u00f3n.<\/p>\n<h3>Historias compartidas<\/h3>\n<p>Tanto el CCM como el CMM comenzaron en respuesta a la violencia y la persecuci\u00f3n que enfrentaban los menonitas en Europa y en Rusia en la d\u00e9cada de 1920.<\/p>\n<p>El CCM comenz\u00f3 en 1920 como un brazo de servicio de las iglesias en Am\u00e9rica del Norte para apoyar a los refugiados menonitas afectados por la guerra y la hambruna en lo que hoy se conoce como Ucrania.<\/p>\n<p>En 1925, el CMM surgi\u00f3 como una forma de unir a los menonitas, afirmando una fe intercultural en Jes\u00fas capaz de superar el nacionalismo y el racismo.<\/p>\n<p>A lo largo de sus historias, tanto el CCM como el CMM han enfatizado la solidaridad entre menonitas, han compartido l\u00edderes, se han apoyado mutuamente y han conectado a las iglesias en torno a objetivos comunes. Estos prop\u00f3sitos convergentes surgen de la comprensi\u00f3n anabautista eclesiol\u00f3gica de la misi\u00f3n.<\/p>\n<h3>La misi\u00f3n es el centro<\/h3>\n<p>Cristo dio lugar a una creaci\u00f3n escatol\u00f3gica global y multicultural. Dicha creaci\u00f3n supera los nacionalismos y otras fronteras, facilitando la interdependencia, el cuidado y el amor mutuo. Al convertirse en una comuni\u00f3n mundial, el CMM manifiesta esta realidad escatol\u00f3gica hoy en d\u00eda.<\/p>\n<p>Como iglesia mundial en la tradici\u00f3n anabautista, el CMM es un lugar en el cual todas las iglesias miembro se sientan juntas con autoridad mutua independientemente de su origen \u00e9tnico, capacidad financiera y singularidades anabautistas. Es un lugar donde la teolog\u00eda, el servicio, la educaci\u00f3n, la construcci\u00f3n de paz, la fundaci\u00f3n de iglesias, la atenci\u00f3n m\u00e9dica, el cuidado pastoral, la adoraci\u00f3n, los ministerios de mujeres y j\u00f3venes y otras actividades eclesiales se desarrollan de manera global e intercultural. Es una comunidad mundial alternativa a los gobiernos de este mundo.<\/p>\n<h3>Colaboraci\u00f3n inter-anabautista<\/h3>\n<p>En la \u00faltima d\u00e9cada, han surgido nuevas posibilidades de colaboraci\u00f3n inter-anabautista a nivel mundial entre el CMM, el CCM y otras agencias anabautistas de la Red de Servicio Anabautista Mundial (GASN, por sus siglas en ingl\u00e9s): coordinando respuestas de m\u00faltiples agencias a desastres naturales u otras crisis, sirviendo conjuntamente en ministerios interculturales, apoyando a las iglesias nacionales en la creaci\u00f3n de sus propias estructuras de servicio y ayudando a las agencias de servicio anabautistas a desarrollar sus propias capacidades.<\/p>\n<p>A medida que nos adentramos en el segundo siglo del CCM (y pronto del CMM), so\u00f1emos juntos con equipos anabautistas multiculturales que sirvan juntos para brindar socorro, educaci\u00f3n, salud, construcci\u00f3n de paz, fundaci\u00f3n de iglesias y desarrollo social. Ese es el llamado de Dios para nuestra iglesia y misi\u00f3n.<\/p>\n<p><em>\u2014Comunicado del Congreso Mundial Menonita escrito por su secretario general C\u00e9sar Garc\u00eda. La versi\u00f3n completa de este articulo aparecer\u00e1 en la edici\u00f3n de oto\u00f1o del 2020 de Intersections: Teor\u00eda &amp; pr\u00e1ctica trimestral del CCM, publicada por el Comit\u00e9 Central Menonita. Usado con autorizaci\u00f3n.<\/em><\/p>\n","protected":false},"excerpt":{"rendered":"<p>\u201cLa iglesia retardar\u00e1 el trabajo del Comit\u00e9 Central Menonita\u201d, me dijo un hombre en la reuni\u00f3n de consulta Vino nuevo, odres nuevos&nbsp; del CCM en 2009 en Winnipeg. \u201cSi queremos ser una ONG m\u00e1s eficaz, debemos actuar independientemente de la iglesia\u201d, continu\u00f3. S\u00ed, la iglesia puede no ser muy eficaz en el cumplimiento de los [&hellip;]<\/p>\n","protected":false},"author":1,"featured_media":91993,"comment_status":"closed","ping_status":"closed","sticky":false,"template":"","format":"standard","meta":{"_acf_changed":false,"footnotes":""},"categories":[6],"tags":[],"network":[],"eventcategory":[],"class_list":["post-8985","post","type-post","status-publish","format-standard","has-post-thumbnail","hentry","category-sin-categorizar"],"acf":[],"yoast_head":"<!-- This site is optimized with the Yoast SEO plugin v27.2 - https:\/\/yoast.com\/product\/yoast-seo-wordpress\/ -->\n<title>El llamado de Dios para nuestra iglesia y misi\u00f3n - Mennonite World Conference<\/title>\n<meta name=\"robots\" content=\"index, follow, max-snippet:-1, max-image-preview:large, max-video-preview:-1\" \/>\n<link rel=\"canonical\" href=\"https:\/\/mwc-cmm.org\/es\/stories\/el-llamado-de-dios-para-nuestra-iglesia-y-mision\/\" \/>\n<meta property=\"og:locale\" content=\"es_ES\" \/>\n<meta property=\"og:type\" content=\"article\" \/>\n<meta property=\"og:title\" content=\"El llamado de Dios para nuestra iglesia y misi\u00f3n - Mennonite World Conference\" \/>\n<meta property=\"og:description\" content=\"\u201cLa iglesia retardar\u00e1 el trabajo del Comit\u00e9 Central Menonita\u201d, me dijo un hombre en la reuni\u00f3n de consulta Vino nuevo, odres nuevos&nbsp; del CCM en 2009 en Winnipeg. \u201cSi queremos ser una ONG m\u00e1s eficaz, debemos actuar independientemente de la iglesia\u201d, continu\u00f3. S\u00ed, la iglesia puede no ser muy eficaz en el cumplimiento de los [&hellip;]\" \/>\n<meta property=\"og:url\" content=\"https:\/\/mwc-cmm.org\/es\/stories\/el-llamado-de-dios-para-nuestra-iglesia-y-mision\/\" \/>\n<meta property=\"og:site_name\" content=\"Mennonite World Conference\" \/>\n<meta property=\"article:publisher\" content=\"https:\/\/www.facebook.com\/MennoniteWorldConference\" \/>\n<meta property=\"article:published_time\" content=\"2020-03-17T00:00:00+00:00\" \/>\n<meta property=\"article:modified_time\" content=\"2024-12-10T18:02:42+00:00\" \/>\n<meta property=\"og:image\" content=\"https:\/\/mwc-cmm.org\/wp-content\/uploads\/2024\/11\/rs86398_img_3737_11.jpg\" \/>\n\t<meta property=\"og:image:width\" content=\"450\" \/>\n\t<meta property=\"og:image:height\" content=\"300\" \/>\n\t<meta property=\"og:image:type\" content=\"image\/jpeg\" \/>\n<meta name=\"author\" content=\"mennworldcon\" \/>\n<script type=\"application\/ld+json\" class=\"yoast-schema-graph\">{\"@context\":\"https:\/\/schema.org\",\"@graph\":[{\"@type\":\"Article\",\"@id\":\"https:\/\/mwc-cmm.org\/es\/stories\/el-llamado-de-dios-para-nuestra-iglesia-y-mision\/#article\",\"isPartOf\":{\"@id\":\"https:\/\/mwc-cmm.org\/es\/stories\/el-llamado-de-dios-para-nuestra-iglesia-y-mision\/\"},\"author\":{\"name\":\"mennworldcon\",\"@id\":\"https:\/\/mwc-cmm.org\/en\/#\/schema\/person\/11f6ae0d7d1868ba20a1cc27f067c836\"},\"headline\":\"El llamado de Dios para nuestra iglesia y misi\u00f3n\",\"datePublished\":\"2020-03-17T00:00:00+00:00\",\"dateModified\":\"2024-12-10T18:02:42+00:00\",\"mainEntityOfPage\":{\"@id\":\"https:\/\/mwc-cmm.org\/es\/stories\/el-llamado-de-dios-para-nuestra-iglesia-y-mision\/\"},\"wordCount\":641,\"publisher\":{\"@id\":\"https:\/\/mwc-cmm.org\/en\/#organization\"},\"image\":{\"@id\":\"https:\/\/mwc-cmm.org\/es\/stories\/el-llamado-de-dios-para-nuestra-iglesia-y-mision\/#primaryimage\"},\"thumbnailUrl\":\"https:\/\/mwc-cmm.org\/wp-content\/uploads\/2024\/11\/rs86398_img_3737_11.jpg\",\"articleSection\":[\"Sin categorizar\"],\"inLanguage\":\"es\"},{\"@type\":\"WebPage\",\"@id\":\"https:\/\/mwc-cmm.org\/es\/stories\/el-llamado-de-dios-para-nuestra-iglesia-y-mision\/\",\"url\":\"https:\/\/mwc-cmm.org\/es\/stories\/el-llamado-de-dios-para-nuestra-iglesia-y-mision\/\",\"name\":\"El llamado de Dios para nuestra iglesia y misi\u00f3n - Mennonite World Conference\",\"isPartOf\":{\"@id\":\"https:\/\/mwc-cmm.org\/en\/#website\"},\"primaryImageOfPage\":{\"@id\":\"https:\/\/mwc-cmm.org\/es\/stories\/el-llamado-de-dios-para-nuestra-iglesia-y-mision\/#primaryimage\"},\"image\":{\"@id\":\"https:\/\/mwc-cmm.org\/es\/stories\/el-llamado-de-dios-para-nuestra-iglesia-y-mision\/#primaryimage\"},\"thumbnailUrl\":\"https:\/\/mwc-cmm.org\/wp-content\/uploads\/2024\/11\/rs86398_img_3737_11.jpg\",\"datePublished\":\"2020-03-17T00:00:00+00:00\",\"dateModified\":\"2024-12-10T18:02:42+00:00\",\"breadcrumb\":{\"@id\":\"https:\/\/mwc-cmm.org\/es\/stories\/el-llamado-de-dios-para-nuestra-iglesia-y-mision\/#breadcrumb\"},\"inLanguage\":\"es\",\"potentialAction\":[{\"@type\":\"ReadAction\",\"target\":[\"https:\/\/mwc-cmm.org\/es\/stories\/el-llamado-de-dios-para-nuestra-iglesia-y-mision\/\"]}]},{\"@type\":\"ImageObject\",\"inLanguage\":\"es\",\"@id\":\"https:\/\/mwc-cmm.org\/es\/stories\/el-llamado-de-dios-para-nuestra-iglesia-y-mision\/#primaryimage\",\"url\":\"https:\/\/mwc-cmm.org\/wp-content\/uploads\/2024\/11\/rs86398_img_3737_11.jpg\",\"contentUrl\":\"https:\/\/mwc-cmm.org\/wp-content\/uploads\/2024\/11\/rs86398_img_3737_11.jpg\",\"width\":450,\"height\":300},{\"@type\":\"BreadcrumbList\",\"@id\":\"https:\/\/mwc-cmm.org\/es\/stories\/el-llamado-de-dios-para-nuestra-iglesia-y-mision\/#breadcrumb\",\"itemListElement\":[{\"@type\":\"ListItem\",\"position\":1,\"name\":\"Home\",\"item\":\"https:\/\/mwc-cmm.org\/es\/\"},{\"@type\":\"ListItem\",\"position\":2,\"name\":\"El llamado de Dios para nuestra iglesia y misi\u00f3n\"}]},{\"@type\":\"WebSite\",\"@id\":\"https:\/\/mwc-cmm.org\/en\/#website\",\"url\":\"https:\/\/mwc-cmm.org\/en\/\",\"name\":\"Mennonite World Conference\",\"description\":\"A communion of Anabaptist-related churches\",\"publisher\":{\"@id\":\"https:\/\/mwc-cmm.org\/en\/#organization\"},\"alternateName\":\"MWC\",\"potentialAction\":[{\"@type\":\"SearchAction\",\"target\":{\"@type\":\"EntryPoint\",\"urlTemplate\":\"https:\/\/mwc-cmm.org\/en\/?s={search_term_string}\"},\"query-input\":{\"@type\":\"PropertyValueSpecification\",\"valueRequired\":true,\"valueName\":\"search_term_string\"}}],\"inLanguage\":\"es\"},{\"@type\":\"Organization\",\"@id\":\"https:\/\/mwc-cmm.org\/en\/#organization\",\"name\":\"Mennonite World Conference\",\"alternateName\":\"MWC\",\"url\":\"https:\/\/mwc-cmm.org\/en\/\",\"logo\":{\"@type\":\"ImageObject\",\"inLanguage\":\"es\",\"@id\":\"https:\/\/mwc-cmm.org\/en\/#\/schema\/logo\/image\/\",\"url\":\"https:\/\/mwc-cmm.org\/wp-content\/uploads\/2026\/01\/MWC_Sig_Blue_Horiz_webheader1-logo.svg\",\"contentUrl\":\"https:\/\/mwc-cmm.org\/wp-content\/uploads\/2026\/01\/MWC_Sig_Blue_Horiz_webheader1-logo.svg\",\"width\":786,\"height\":82,\"caption\":\"Mennonite World Conference\"},\"image\":{\"@id\":\"https:\/\/mwc-cmm.org\/en\/#\/schema\/logo\/image\/\"},\"sameAs\":[\"https:\/\/www.facebook.com\/MennoniteWorldConference\",\"https:\/\/www.linkedin.com\/company\/mennonite-world-conference-mwc\/\",\"https:\/\/www.instagram.com\/mwcmm\/\",\"https:\/\/www.youtube.com\/user\/mwccmm\",\"https:\/\/bsky.app\/profile\/mwcmm.bsky.social\"]},{\"@type\":\"Person\",\"@id\":\"https:\/\/mwc-cmm.org\/en\/#\/schema\/person\/11f6ae0d7d1868ba20a1cc27f067c836\",\"name\":\"mennworldcon\",\"image\":{\"@type\":\"ImageObject\",\"inLanguage\":\"es\",\"@id\":\"https:\/\/secure.gravatar.com\/avatar\/06fdc0dc81c157dfdb82ec42f252178a22307808988d22c043f9eb96f1e0fe80?s=96&d=mm&r=g\",\"url\":\"https:\/\/secure.gravatar.com\/avatar\/06fdc0dc81c157dfdb82ec42f252178a22307808988d22c043f9eb96f1e0fe80?s=96&d=mm&r=g\",\"contentUrl\":\"https:\/\/secure.gravatar.com\/avatar\/06fdc0dc81c157dfdb82ec42f252178a22307808988d22c043f9eb96f1e0fe80?s=96&d=mm&r=g\",\"caption\":\"mennworldcon\"},\"sameAs\":[\"https:\/\/mwc-cmm.org\"],\"url\":\"https:\/\/mwc-cmm.org\/es\/stories\/author\/mennworldcon\/\"}]}<\/script>\n<!-- \/ Yoast SEO plugin. -->","yoast_head_json":{"title":"El llamado de Dios para nuestra iglesia y misi\u00f3n - Mennonite World Conference","robots":{"index":"index","follow":"follow","max-snippet":"max-snippet:-1","max-image-preview":"max-image-preview:large","max-video-preview":"max-video-preview:-1"},"canonical":"https:\/\/mwc-cmm.org\/es\/stories\/el-llamado-de-dios-para-nuestra-iglesia-y-mision\/","og_locale":"es_ES","og_type":"article","og_title":"El llamado de Dios para nuestra iglesia y misi\u00f3n - Mennonite World Conference","og_description":"\u201cLa iglesia retardar\u00e1 el trabajo del Comit\u00e9 Central Menonita\u201d, me dijo un hombre en la reuni\u00f3n de consulta Vino nuevo, odres nuevos&nbsp; del CCM en 2009 en Winnipeg. \u201cSi queremos ser una ONG m\u00e1s eficaz, debemos actuar independientemente de la iglesia\u201d, continu\u00f3. S\u00ed, la iglesia puede no ser muy eficaz en el cumplimiento de los [&hellip;]","og_url":"https:\/\/mwc-cmm.org\/es\/stories\/el-llamado-de-dios-para-nuestra-iglesia-y-mision\/","og_site_name":"Mennonite World Conference","article_publisher":"https:\/\/www.facebook.com\/MennoniteWorldConference","article_published_time":"2020-03-17T00:00:00+00:00","article_modified_time":"2024-12-10T18:02:42+00:00","og_image":[{"width":450,"height":300,"url":"https:\/\/mwc-cmm.org\/wp-content\/uploads\/2024\/11\/rs86398_img_3737_11.jpg","type":"image\/jpeg"}],"author":"mennworldcon","schema":{"@context":"https:\/\/schema.org","@graph":[{"@type":"Article","@id":"https:\/\/mwc-cmm.org\/es\/stories\/el-llamado-de-dios-para-nuestra-iglesia-y-mision\/#article","isPartOf":{"@id":"https:\/\/mwc-cmm.org\/es\/stories\/el-llamado-de-dios-para-nuestra-iglesia-y-mision\/"},"author":{"name":"mennworldcon","@id":"https:\/\/mwc-cmm.org\/en\/#\/schema\/person\/11f6ae0d7d1868ba20a1cc27f067c836"},"headline":"El llamado de Dios para nuestra iglesia y misi\u00f3n","datePublished":"2020-03-17T00:00:00+00:00","dateModified":"2024-12-10T18:02:42+00:00","mainEntityOfPage":{"@id":"https:\/\/mwc-cmm.org\/es\/stories\/el-llamado-de-dios-para-nuestra-iglesia-y-mision\/"},"wordCount":641,"publisher":{"@id":"https:\/\/mwc-cmm.org\/en\/#organization"},"image":{"@id":"https:\/\/mwc-cmm.org\/es\/stories\/el-llamado-de-dios-para-nuestra-iglesia-y-mision\/#primaryimage"},"thumbnailUrl":"https:\/\/mwc-cmm.org\/wp-content\/uploads\/2024\/11\/rs86398_img_3737_11.jpg","articleSection":["Sin categorizar"],"inLanguage":"es"},{"@type":"WebPage","@id":"https:\/\/mwc-cmm.org\/es\/stories\/el-llamado-de-dios-para-nuestra-iglesia-y-mision\/","url":"https:\/\/mwc-cmm.org\/es\/stories\/el-llamado-de-dios-para-nuestra-iglesia-y-mision\/","name":"El llamado de Dios para nuestra iglesia y misi\u00f3n - Mennonite World Conference","isPartOf":{"@id":"https:\/\/mwc-cmm.org\/en\/#website"},"primaryImageOfPage":{"@id":"https:\/\/mwc-cmm.org\/es\/stories\/el-llamado-de-dios-para-nuestra-iglesia-y-mision\/#primaryimage"},"image":{"@id":"https:\/\/mwc-cmm.org\/es\/stories\/el-llamado-de-dios-para-nuestra-iglesia-y-mision\/#primaryimage"},"thumbnailUrl":"https:\/\/mwc-cmm.org\/wp-content\/uploads\/2024\/11\/rs86398_img_3737_11.jpg","datePublished":"2020-03-17T00:00:00+00:00","dateModified":"2024-12-10T18:02:42+00:00","breadcrumb":{"@id":"https:\/\/mwc-cmm.org\/es\/stories\/el-llamado-de-dios-para-nuestra-iglesia-y-mision\/#breadcrumb"},"inLanguage":"es","potentialAction":[{"@type":"ReadAction","target":["https:\/\/mwc-cmm.org\/es\/stories\/el-llamado-de-dios-para-nuestra-iglesia-y-mision\/"]}]},{"@type":"ImageObject","inLanguage":"es","@id":"https:\/\/mwc-cmm.org\/es\/stories\/el-llamado-de-dios-para-nuestra-iglesia-y-mision\/#primaryimage","url":"https:\/\/mwc-cmm.org\/wp-content\/uploads\/2024\/11\/rs86398_img_3737_11.jpg","contentUrl":"https:\/\/mwc-cmm.org\/wp-content\/uploads\/2024\/11\/rs86398_img_3737_11.jpg","width":450,"height":300},{"@type":"BreadcrumbList","@id":"https:\/\/mwc-cmm.org\/es\/stories\/el-llamado-de-dios-para-nuestra-iglesia-y-mision\/#breadcrumb","itemListElement":[{"@type":"ListItem","position":1,"name":"Home","item":"https:\/\/mwc-cmm.org\/es\/"},{"@type":"ListItem","position":2,"name":"El llamado de Dios para nuestra iglesia y misi\u00f3n"}]},{"@type":"WebSite","@id":"https:\/\/mwc-cmm.org\/en\/#website","url":"https:\/\/mwc-cmm.org\/en\/","name":"Mennonite World Conference","description":"A communion of Anabaptist-related churches","publisher":{"@id":"https:\/\/mwc-cmm.org\/en\/#organization"},"alternateName":"MWC","potentialAction":[{"@type":"SearchAction","target":{"@type":"EntryPoint","urlTemplate":"https:\/\/mwc-cmm.org\/en\/?s={search_term_string}"},"query-input":{"@type":"PropertyValueSpecification","valueRequired":true,"valueName":"search_term_string"}}],"inLanguage":"es"},{"@type":"Organization","@id":"https:\/\/mwc-cmm.org\/en\/#organization","name":"Mennonite World Conference","alternateName":"MWC","url":"https:\/\/mwc-cmm.org\/en\/","logo":{"@type":"ImageObject","inLanguage":"es","@id":"https:\/\/mwc-cmm.org\/en\/#\/schema\/logo\/image\/","url":"https:\/\/mwc-cmm.org\/wp-content\/uploads\/2026\/01\/MWC_Sig_Blue_Horiz_webheader1-logo.svg","contentUrl":"https:\/\/mwc-cmm.org\/wp-content\/uploads\/2026\/01\/MWC_Sig_Blue_Horiz_webheader1-logo.svg","width":786,"height":82,"caption":"Mennonite World Conference"},"image":{"@id":"https:\/\/mwc-cmm.org\/en\/#\/schema\/logo\/image\/"},"sameAs":["https:\/\/www.facebook.com\/MennoniteWorldConference","https:\/\/www.linkedin.com\/company\/mennonite-world-conference-mwc\/","https:\/\/www.instagram.com\/mwcmm\/","https:\/\/www.youtube.com\/user\/mwccmm","https:\/\/bsky.app\/profile\/mwcmm.bsky.social"]},{"@type":"Person","@id":"https:\/\/mwc-cmm.org\/en\/#\/schema\/person\/11f6ae0d7d1868ba20a1cc27f067c836","name":"mennworldcon","image":{"@type":"ImageObject","inLanguage":"es","@id":"https:\/\/secure.gravatar.com\/avatar\/06fdc0dc81c157dfdb82ec42f252178a22307808988d22c043f9eb96f1e0fe80?s=96&d=mm&r=g","url":"https:\/\/secure.gravatar.com\/avatar\/06fdc0dc81c157dfdb82ec42f252178a22307808988d22c043f9eb96f1e0fe80?s=96&d=mm&r=g","contentUrl":"https:\/\/secure.gravatar.com\/avatar\/06fdc0dc81c157dfdb82ec42f252178a22307808988d22c043f9eb96f1e0fe80?s=96&d=mm&r=g","caption":"mennworldcon"},"sameAs":["https:\/\/mwc-cmm.org"],"url":"https:\/\/mwc-cmm.org\/es\/stories\/author\/mennworldcon\/"}]}},"_links":{"self":[{"href":"https:\/\/mwc-cmm.org\/es\/wp-json\/wp\/v2\/posts\/8985","targetHints":{"allow":["GET"]}}],"collection":[{"href":"https:\/\/mwc-cmm.org\/es\/wp-json\/wp\/v2\/posts"}],"about":[{"href":"https:\/\/mwc-cmm.org\/es\/wp-json\/wp\/v2\/types\/post"}],"author":[{"embeddable":true,"href":"https:\/\/mwc-cmm.org\/es\/wp-json\/wp\/v2\/users\/1"}],"replies":[{"embeddable":true,"href":"https:\/\/mwc-cmm.org\/es\/wp-json\/wp\/v2\/comments?post=8985"}],"version-history":[{"count":0,"href":"https:\/\/mwc-cmm.org\/es\/wp-json\/wp\/v2\/posts\/8985\/revisions"}],"wp:featuredmedia":[{"embeddable":true,"href":"https:\/\/mwc-cmm.org\/es\/wp-json\/wp\/v2\/media\/91993"}],"wp:attachment":[{"href":"https:\/\/mwc-cmm.org\/es\/wp-json\/wp\/v2\/media?parent=8985"}],"wp:term":[{"taxonomy":"category","embeddable":true,"href":"https:\/\/mwc-cmm.org\/es\/wp-json\/wp\/v2\/categories?post=8985"},{"taxonomy":"post_tag","embeddable":true,"href":"https:\/\/mwc-cmm.org\/es\/wp-json\/wp\/v2\/tags?post=8985"},{"taxonomy":"network","embeddable":true,"href":"https:\/\/mwc-cmm.org\/es\/wp-json\/wp\/v2\/network?post=8985"},{"taxonomy":"eventcategory","embeddable":true,"href":"https:\/\/mwc-cmm.org\/es\/wp-json\/wp\/v2\/eventcategory?post=8985"}],"curies":[{"name":"wp","href":"https:\/\/api.w.org\/{rel}","templated":true}]}}