{"id":8984,"date":"2020-04-23T00:00:00","date_gmt":"2020-04-23T00:00:00","guid":{"rendered":"https:\/\/mwc-cmm.org\/creation-care-and-baptism-report-approved-at-executive-committee-meetings-3\/"},"modified":"2024-12-10T18:02:41","modified_gmt":"2024-12-10T18:02:41","slug":"informes-sobre-el-cuidado-de-la-creacion-y-sobre-el-bautismo-fueron-aprobados-en-las","status":"publish","type":"post","link":"https:\/\/mwc-cmm.org\/es\/stories\/informes-sobre-el-cuidado-de-la-creacion-y-sobre-el-bautismo-fueron-aprobados-en-las\/","title":{"rendered":"Informes sobre el cuidado de la creaci\u00f3n y sobre el bautismo fueron aprobados en las reuniones del Comit\u00e9 Ejecutivo"},"content":{"rendered":"<p>El Congreso Mundial Menonita nombrar\u00e1 un grupo de trabajo para el cuidado de la creaci\u00f3n con el objetivo de crear conciencia y proponer acciones para nuestra familia de la iglesia mundial. El grupo de trabajo estar\u00e1 trabajando en estrecha colaboraci\u00f3n con las cuatro comisiones del CMM.<\/p>\n<p>\u201cEsta [discusi\u00f3n] llega en el momento adecuado\u201d, dice la vicepresidenta del CMM, Rebecca Osiro. \u201cLas personas j\u00f3venes de mi congregaci\u00f3n observan que esta situaci\u00f3n comienza con ellas. Yo espero que este grupo de trabajo encuentre formas de involucrar a m\u00e1s personas dentro de nuestras iglesias nacionales que est\u00e9n interesadas en este tema\u201d.<\/p>\n<p>El <a href=\"https:\/\/mwc-cmm.org\/es\/node\/790\">Comit\u00e9 Ejecutivo<\/a> aprob\u00f3 el grupo de trabajo en las reuniones del Comit\u00e9 Ejecutivo del 30 de Marzo al 2 de Abril del 2020. A pesar de que las reuniones presenciales fueran canceladas y que el evento de <a href=\"https:\/\/mwc-cmm.org\/es\/node\/148\">Renovaci\u00f3n 2027<\/a> en Columbia Brit\u00e1nica, Canad\u00e1 fuera pospuesto, el Comit\u00e9 Ejecutivo del CMM se reuni\u00f3 virtualmente, mediante el software de reuniones en-l\u00ednea.<\/p>\n<p>El Comit\u00e9 Ejecutivo aprob\u00f3 las propuestas administrativas relacionadas a los estados financieros, los informes de las personas con membrec\u00eda directiva, a una pol\u00edtica para talleres y seminarios en la <a href=\"https:\/\/mwc-cmm.org\/es\/node\/149\">Asamblea 2021 <\/a>y un Memorando de Entendimiento (MOU, por sus siglas en Ingl\u00e9s) con el Seminario B\u00edblico Menonita Anabautista (AMBS, por sus siglas en Ingl\u00e9s).<\/p>\n<p>\u201cEl MOU del AMBS se basa en la idea de compartir dones en nuestra iglesia mundial\u201d, dice el secretario general del CMM, C\u00e9sar Garc\u00eda. \u201cEsto abre la puerta a la posibilidad de que el AMBS trabaje con otras instituciones teol\u00f3gicas en el Sur Global\u201d. Adem\u00e1s, la emergente Red Anabautista Mundial de Educaci\u00f3n Superior (GAHEN, por sus siglas en Ingl\u00e9s) puede ayudar a las instituciones educativas menonitas alrededor del mundo a trabajar m\u00e1s estrechamente unas con otras.<\/p>\n<h3>Estudio sobre di\u00e1logos del bautismo<\/h3>\n<p>Junto con la propuesta de la comisi\u00f3n sobre el grupo de trabajo sobre el cambio clim\u00e1tico, el Comit\u00e9 Ejecutivo recibi\u00f3 el informe oficial \u201cBautismo e Incorporaci\u00f3n al Cuerpo de Cristo, la Iglesia\u201d.<\/p>\n<p>El informe es el resultado de <a href=\"https:\/\/mwc-cmm.org\/es\/node\/71\">cinco a\u00f1os de di\u00e1logo entre representantes<\/a> del Congreso Mundial Menonita, la Federaci\u00f3n Luterana Mundial y la Iglesia Cat\u00f3lica Romana (Pontificio Consejo para la Promoci\u00f3n de la Unidad de los Cristianos). La <a href=\"https:\/\/mwc-cmm.org\/es\/node\/143\">Comisi\u00f3n de Fe y Vida<\/a> del CMM est\u00e1 desarrollando una gu\u00eda de estudio para que las iglesias exploren las implicaciones del informe y act\u00faen de acuerdo con sus recomendaciones.<\/p>\n<p>\u201cInstamos a los pastores y pastoras, as\u00ed tambi\u00e9n al cuerpo de liderazgo, a utilizar este recurso\u201d, dice el presidente del CMM, J. Nelson Kraybill. \u201cPodemos aprender de otras tradiciones y apreciar su perspectiva incluso mientras fortalecemos nuestros propios fundamentos teol\u00f3gicos\u201d.<\/p>\n<p>\u201cLo diferente de este di\u00e1logo es que ofrece recomendaciones espec\u00edficas que implican cambios en relaci\u00f3n a la recepci\u00f3n de personas, miembros, quienes fueron criadas en tradiciones que practican el bautismo infantil\u201d, dice C\u00e9sar Garc\u00eda. \u201cQueremos ser intencionales al estudiar este documento\u201d.<\/p>\n<h3>Presupuesto<\/h3>\n<p>El Comit\u00e9 Ejecutivo aprob\u00f3 el presupuesto propuesto para el 2020, al tiempo que reconoce la incertidumbre financiera creada por la pandemia mundial. A lo largo del a\u00f1o, el personal y las personas con membrec\u00eda directiva informar\u00e1n con regularidad al Comit\u00e9 Ejecutivo sobre la situaci\u00f3n financiera y las implicaciones para el presupuesto, y consultar\u00e1n si se requieren cambios importantes en el presupuesto.<\/p>\n<p>Los gastos se administrar\u00e1n cuidadosamente de acuerdo con los ingresos <a href=\"https:\/\/mwc-cmm.org\/es\/node\/26\">recibidos<\/a>, dice el Director de Operaciones, Len Rempel.<\/p>\n<h3>Reuniones futuras<\/h3>\n<p>El Comit\u00e9 Ejecutivo se reunir\u00e1 virtualmente varias veces en el 2020 a f\u00edn de deliberar propuestas de parte de las comisiones con respecto a un cambio de nombre del CMM, y la creaci\u00f3n de nuevas redes dentro de la estructura organizacional. Teniendo en cuenta la p\u00e9rdida de tiempo en conversaciones extendidas y en la construcci\u00f3n de relaciones, en las reuniones cara a cara, el Comit\u00e9 Ejecutivo afirm\u00f3 los beneficios de las reuniones en l\u00ednea, tanto para administraci\u00f3n financiera como para la ambiental.<\/p>\n<p>\u201cEs posible que necesitemos adaptarnos un poco y aprender a entendernos mutualmente en la modalidad de en l\u00ednea\u201d, dice Wieteke van der Molen, miembro del <a href=\"https:\/\/mwc-cmm.org\/es\/node\/790\">Comit\u00e9 Ejecutivo<\/a> de Europa.<\/p>\n<p>El Comit\u00e9 Ejecutivo agregar\u00e1 al menos un d\u00eda para sus reuniones planificadas antes de la Asamblea del 2021.<\/p>\n<p>Para reemplazar las reuniones canceladas este a\u00f1o debido al <a href=\"https:\/\/mwc-cmm.org\/es\/node\/3528\">COVID-19<\/a>, el Comit\u00e9 Ejecutivo invit\u00f3 a las iglesias de Am\u00e9rica del Norte a organizar la <a href=\"https:\/\/mwc-cmm.org\/es\/node\/148\">Renovaci\u00f3n 2027<\/a> en el 2022.<\/p>\n<p>Finalmente, el Comit\u00e9 Ejecutivo acept\u00f3 la invitaci\u00f3n de la Iglesia Meserete Kristos, la iglesia miembro nacional m\u00e1s grande del CMM, ubicada en Etiop\u00eda, para organizar la 18 <a href=\"https:\/\/mwc-cmm.org\/es\/node\/82\">Asamblea <\/a>Mundial en el 2027.<\/p>\n<p><em>\u2014Comunicado del Congreso Mundial Menonita<\/em><\/p>\n","protected":false},"excerpt":{"rendered":"<p>El Congreso Mundial Menonita nombrar\u00e1 un grupo de trabajo para el cuidado de la creaci\u00f3n con el objetivo de crear conciencia y proponer acciones para nuestra familia de la iglesia mundial. El grupo de trabajo estar\u00e1 trabajando en estrecha colaboraci\u00f3n con las cuatro comisiones del CMM. \u201cEsta [discusi\u00f3n] llega en el momento adecuado\u201d, dice la [&hellip;]<\/p>\n","protected":false},"author":1,"featured_media":91979,"comment_status":"closed","ping_status":"closed","sticky":false,"template":"","format":"standard","meta":{"_acf_changed":false,"footnotes":""},"categories":[6],"tags":[217],"network":[],"eventcategory":[],"class_list":["post-8984","post","type-post","status-publish","format-standard","has-post-thumbnail","hentry","category-sin-categorizar","tag-executive-committee"],"acf":[],"yoast_head":"<!-- This site is optimized with the Yoast SEO plugin v27.5 - https:\/\/yoast.com\/product\/yoast-seo-wordpress\/ -->\n<title>Informes sobre el cuidado de la creaci\u00f3n y sobre el bautismo fueron aprobados en las reuniones del Comit\u00e9 Ejecutivo - Mennonite World Conference<\/title>\n<meta name=\"robots\" content=\"index, follow, max-snippet:-1, max-image-preview:large, max-video-preview:-1\" \/>\n<link rel=\"canonical\" href=\"https:\/\/mwc-cmm.org\/es\/stories\/informes-sobre-el-cuidado-de-la-creacion-y-sobre-el-bautismo-fueron-aprobados-en-las\/\" \/>\n<meta property=\"og:locale\" content=\"es_ES\" \/>\n<meta property=\"og:type\" content=\"article\" \/>\n<meta property=\"og:title\" content=\"Informes sobre el cuidado de la creaci\u00f3n y sobre el bautismo fueron aprobados en las reuniones del Comit\u00e9 Ejecutivo - Mennonite World Conference\" \/>\n<meta property=\"og:description\" content=\"El Congreso Mundial Menonita nombrar\u00e1 un grupo de trabajo para el cuidado de la creaci\u00f3n con el objetivo de crear conciencia y proponer acciones para nuestra familia de la iglesia mundial. El grupo de trabajo estar\u00e1 trabajando en estrecha colaboraci\u00f3n con las cuatro comisiones del CMM. \u201cEsta [discusi\u00f3n] llega en el momento adecuado\u201d, dice la [&hellip;]\" \/>\n<meta property=\"og:url\" content=\"https:\/\/mwc-cmm.org\/es\/stories\/informes-sobre-el-cuidado-de-la-creacion-y-sobre-el-bautismo-fueron-aprobados-en-las\/\" \/>\n<meta property=\"og:site_name\" content=\"Mennonite World Conference\" \/>\n<meta property=\"article:publisher\" content=\"https:\/\/www.facebook.com\/MennoniteWorldConference\" \/>\n<meta property=\"article:published_time\" content=\"2020-04-23T00:00:00+00:00\" \/>\n<meta property=\"article:modified_time\" content=\"2024-12-10T18:02:41+00:00\" \/>\n<meta property=\"og:image\" content=\"https:\/\/mwc-cmm.org\/wp-content\/uploads\/2024\/11\/ec-2020-zoom-pic-1-scaled.jpg\" \/>\n\t<meta property=\"og:image:width\" content=\"2560\" \/>\n\t<meta property=\"og:image:height\" content=\"1163\" \/>\n\t<meta property=\"og:image:type\" content=\"image\/jpeg\" \/>\n<meta name=\"author\" content=\"mennworldcon\" \/>\n<script type=\"application\/ld+json\" class=\"yoast-schema-graph\">{\"@context\":\"https:\\\/\\\/schema.org\",\"@graph\":[{\"@type\":\"Article\",\"@id\":\"https:\\\/\\\/mwc-cmm.org\\\/es\\\/stories\\\/informes-sobre-el-cuidado-de-la-creacion-y-sobre-el-bautismo-fueron-aprobados-en-las\\\/#article\",\"isPartOf\":{\"@id\":\"https:\\\/\\\/mwc-cmm.org\\\/es\\\/stories\\\/informes-sobre-el-cuidado-de-la-creacion-y-sobre-el-bautismo-fueron-aprobados-en-las\\\/\"},\"author\":{\"name\":\"mennworldcon\",\"@id\":\"https:\\\/\\\/mwc-cmm.org\\\/en\\\/#\\\/schema\\\/person\\\/11f6ae0d7d1868ba20a1cc27f067c836\"},\"headline\":\"Informes sobre el cuidado de la creaci\u00f3n y sobre el bautismo fueron aprobados en las reuniones del Comit\u00e9 Ejecutivo\",\"datePublished\":\"2020-04-23T00:00:00+00:00\",\"dateModified\":\"2024-12-10T18:02:41+00:00\",\"mainEntityOfPage\":{\"@id\":\"https:\\\/\\\/mwc-cmm.org\\\/es\\\/stories\\\/informes-sobre-el-cuidado-de-la-creacion-y-sobre-el-bautismo-fueron-aprobados-en-las\\\/\"},\"wordCount\":820,\"publisher\":{\"@id\":\"https:\\\/\\\/mwc-cmm.org\\\/en\\\/#organization\"},\"image\":{\"@id\":\"https:\\\/\\\/mwc-cmm.org\\\/es\\\/stories\\\/informes-sobre-el-cuidado-de-la-creacion-y-sobre-el-bautismo-fueron-aprobados-en-las\\\/#primaryimage\"},\"thumbnailUrl\":\"https:\\\/\\\/mwc-cmm.org\\\/wp-content\\\/uploads\\\/2024\\\/11\\\/ec-2020-zoom-pic-1-scaled.jpg\",\"keywords\":[\"Executive Committee\"],\"articleSection\":[\"Sin categorizar\"],\"inLanguage\":\"es\"},{\"@type\":\"WebPage\",\"@id\":\"https:\\\/\\\/mwc-cmm.org\\\/es\\\/stories\\\/informes-sobre-el-cuidado-de-la-creacion-y-sobre-el-bautismo-fueron-aprobados-en-las\\\/\",\"url\":\"https:\\\/\\\/mwc-cmm.org\\\/es\\\/stories\\\/informes-sobre-el-cuidado-de-la-creacion-y-sobre-el-bautismo-fueron-aprobados-en-las\\\/\",\"name\":\"Informes sobre el cuidado de la creaci\u00f3n y sobre el bautismo fueron aprobados en las reuniones del Comit\u00e9 Ejecutivo - Mennonite World Conference\",\"isPartOf\":{\"@id\":\"https:\\\/\\\/mwc-cmm.org\\\/en\\\/#website\"},\"primaryImageOfPage\":{\"@id\":\"https:\\\/\\\/mwc-cmm.org\\\/es\\\/stories\\\/informes-sobre-el-cuidado-de-la-creacion-y-sobre-el-bautismo-fueron-aprobados-en-las\\\/#primaryimage\"},\"image\":{\"@id\":\"https:\\\/\\\/mwc-cmm.org\\\/es\\\/stories\\\/informes-sobre-el-cuidado-de-la-creacion-y-sobre-el-bautismo-fueron-aprobados-en-las\\\/#primaryimage\"},\"thumbnailUrl\":\"https:\\\/\\\/mwc-cmm.org\\\/wp-content\\\/uploads\\\/2024\\\/11\\\/ec-2020-zoom-pic-1-scaled.jpg\",\"datePublished\":\"2020-04-23T00:00:00+00:00\",\"dateModified\":\"2024-12-10T18:02:41+00:00\",\"breadcrumb\":{\"@id\":\"https:\\\/\\\/mwc-cmm.org\\\/es\\\/stories\\\/informes-sobre-el-cuidado-de-la-creacion-y-sobre-el-bautismo-fueron-aprobados-en-las\\\/#breadcrumb\"},\"inLanguage\":\"es\",\"potentialAction\":[{\"@type\":\"ReadAction\",\"target\":[\"https:\\\/\\\/mwc-cmm.org\\\/es\\\/stories\\\/informes-sobre-el-cuidado-de-la-creacion-y-sobre-el-bautismo-fueron-aprobados-en-las\\\/\"]}]},{\"@type\":\"ImageObject\",\"inLanguage\":\"es\",\"@id\":\"https:\\\/\\\/mwc-cmm.org\\\/es\\\/stories\\\/informes-sobre-el-cuidado-de-la-creacion-y-sobre-el-bautismo-fueron-aprobados-en-las\\\/#primaryimage\",\"url\":\"https:\\\/\\\/mwc-cmm.org\\\/wp-content\\\/uploads\\\/2024\\\/11\\\/ec-2020-zoom-pic-1-scaled.jpg\",\"contentUrl\":\"https:\\\/\\\/mwc-cmm.org\\\/wp-content\\\/uploads\\\/2024\\\/11\\\/ec-2020-zoom-pic-1-scaled.jpg\",\"width\":2560,\"height\":1163},{\"@type\":\"BreadcrumbList\",\"@id\":\"https:\\\/\\\/mwc-cmm.org\\\/es\\\/stories\\\/informes-sobre-el-cuidado-de-la-creacion-y-sobre-el-bautismo-fueron-aprobados-en-las\\\/#breadcrumb\",\"itemListElement\":[{\"@type\":\"ListItem\",\"position\":1,\"name\":\"Home\",\"item\":\"https:\\\/\\\/mwc-cmm.org\\\/es\\\/\"},{\"@type\":\"ListItem\",\"position\":2,\"name\":\"Informes sobre el cuidado de la creaci\u00f3n y sobre el bautismo fueron aprobados en las reuniones del Comit\u00e9 Ejecutivo\"}]},{\"@type\":\"WebSite\",\"@id\":\"https:\\\/\\\/mwc-cmm.org\\\/en\\\/#website\",\"url\":\"https:\\\/\\\/mwc-cmm.org\\\/en\\\/\",\"name\":\"Mennonite World Conference\",\"description\":\"A communion of Anabaptist-related churches\",\"publisher\":{\"@id\":\"https:\\\/\\\/mwc-cmm.org\\\/en\\\/#organization\"},\"alternateName\":\"MWC\",\"potentialAction\":[{\"@type\":\"SearchAction\",\"target\":{\"@type\":\"EntryPoint\",\"urlTemplate\":\"https:\\\/\\\/mwc-cmm.org\\\/en\\\/?s={search_term_string}\"},\"query-input\":{\"@type\":\"PropertyValueSpecification\",\"valueRequired\":true,\"valueName\":\"search_term_string\"}}],\"inLanguage\":\"es\"},{\"@type\":\"Organization\",\"@id\":\"https:\\\/\\\/mwc-cmm.org\\\/en\\\/#organization\",\"name\":\"Mennonite World Conference\",\"alternateName\":\"MWC\",\"url\":\"https:\\\/\\\/mwc-cmm.org\\\/en\\\/\",\"logo\":{\"@type\":\"ImageObject\",\"inLanguage\":\"es\",\"@id\":\"https:\\\/\\\/mwc-cmm.org\\\/en\\\/#\\\/schema\\\/logo\\\/image\\\/\",\"url\":\"https:\\\/\\\/mwc-cmm.org\\\/wp-content\\\/uploads\\\/2026\\\/01\\\/MWC_Sig_Blue_Horiz_webheader1-logo.svg\",\"contentUrl\":\"https:\\\/\\\/mwc-cmm.org\\\/wp-content\\\/uploads\\\/2026\\\/01\\\/MWC_Sig_Blue_Horiz_webheader1-logo.svg\",\"width\":786,\"height\":82,\"caption\":\"Mennonite World Conference\"},\"image\":{\"@id\":\"https:\\\/\\\/mwc-cmm.org\\\/en\\\/#\\\/schema\\\/logo\\\/image\\\/\"},\"sameAs\":[\"https:\\\/\\\/www.facebook.com\\\/MennoniteWorldConference\",\"https:\\\/\\\/www.linkedin.com\\\/company\\\/mennonite-world-conference-mwc\\\/\",\"https:\\\/\\\/www.instagram.com\\\/mwcmm\\\/\",\"https:\\\/\\\/www.youtube.com\\\/user\\\/mwccmm\",\"https:\\\/\\\/bsky.app\\\/profile\\\/mwcmm.bsky.social\"]},{\"@type\":\"Person\",\"@id\":\"https:\\\/\\\/mwc-cmm.org\\\/en\\\/#\\\/schema\\\/person\\\/11f6ae0d7d1868ba20a1cc27f067c836\",\"name\":\"mennworldcon\",\"image\":{\"@type\":\"ImageObject\",\"inLanguage\":\"es\",\"@id\":\"https:\\\/\\\/secure.gravatar.com\\\/avatar\\\/06fdc0dc81c157dfdb82ec42f252178a22307808988d22c043f9eb96f1e0fe80?s=96&d=mm&r=g\",\"url\":\"https:\\\/\\\/secure.gravatar.com\\\/avatar\\\/06fdc0dc81c157dfdb82ec42f252178a22307808988d22c043f9eb96f1e0fe80?s=96&d=mm&r=g\",\"contentUrl\":\"https:\\\/\\\/secure.gravatar.com\\\/avatar\\\/06fdc0dc81c157dfdb82ec42f252178a22307808988d22c043f9eb96f1e0fe80?s=96&d=mm&r=g\",\"caption\":\"mennworldcon\"},\"sameAs\":[\"https:\\\/\\\/mwc-cmm.org\"],\"url\":\"https:\\\/\\\/mwc-cmm.org\\\/es\\\/stories\\\/author\\\/mennworldcon\\\/\"}]}<\/script>\n<!-- \/ Yoast SEO plugin. -->","yoast_head_json":{"title":"Informes sobre el cuidado de la creaci\u00f3n y sobre el bautismo fueron aprobados en las reuniones del Comit\u00e9 Ejecutivo - Mennonite World Conference","robots":{"index":"index","follow":"follow","max-snippet":"max-snippet:-1","max-image-preview":"max-image-preview:large","max-video-preview":"max-video-preview:-1"},"canonical":"https:\/\/mwc-cmm.org\/es\/stories\/informes-sobre-el-cuidado-de-la-creacion-y-sobre-el-bautismo-fueron-aprobados-en-las\/","og_locale":"es_ES","og_type":"article","og_title":"Informes sobre el cuidado de la creaci\u00f3n y sobre el bautismo fueron aprobados en las reuniones del Comit\u00e9 Ejecutivo - Mennonite World Conference","og_description":"El Congreso Mundial Menonita nombrar\u00e1 un grupo de trabajo para el cuidado de la creaci\u00f3n con el objetivo de crear conciencia y proponer acciones para nuestra familia de la iglesia mundial. El grupo de trabajo estar\u00e1 trabajando en estrecha colaboraci\u00f3n con las cuatro comisiones del CMM. \u201cEsta [discusi\u00f3n] llega en el momento adecuado\u201d, dice la [&hellip;]","og_url":"https:\/\/mwc-cmm.org\/es\/stories\/informes-sobre-el-cuidado-de-la-creacion-y-sobre-el-bautismo-fueron-aprobados-en-las\/","og_site_name":"Mennonite World Conference","article_publisher":"https:\/\/www.facebook.com\/MennoniteWorldConference","article_published_time":"2020-04-23T00:00:00+00:00","article_modified_time":"2024-12-10T18:02:41+00:00","og_image":[{"width":2560,"height":1163,"url":"https:\/\/mwc-cmm.org\/wp-content\/uploads\/2024\/11\/ec-2020-zoom-pic-1-scaled.jpg","type":"image\/jpeg"}],"author":"mennworldcon","schema":{"@context":"https:\/\/schema.org","@graph":[{"@type":"Article","@id":"https:\/\/mwc-cmm.org\/es\/stories\/informes-sobre-el-cuidado-de-la-creacion-y-sobre-el-bautismo-fueron-aprobados-en-las\/#article","isPartOf":{"@id":"https:\/\/mwc-cmm.org\/es\/stories\/informes-sobre-el-cuidado-de-la-creacion-y-sobre-el-bautismo-fueron-aprobados-en-las\/"},"author":{"name":"mennworldcon","@id":"https:\/\/mwc-cmm.org\/en\/#\/schema\/person\/11f6ae0d7d1868ba20a1cc27f067c836"},"headline":"Informes sobre el cuidado de la creaci\u00f3n y sobre el bautismo fueron aprobados en las reuniones del Comit\u00e9 Ejecutivo","datePublished":"2020-04-23T00:00:00+00:00","dateModified":"2024-12-10T18:02:41+00:00","mainEntityOfPage":{"@id":"https:\/\/mwc-cmm.org\/es\/stories\/informes-sobre-el-cuidado-de-la-creacion-y-sobre-el-bautismo-fueron-aprobados-en-las\/"},"wordCount":820,"publisher":{"@id":"https:\/\/mwc-cmm.org\/en\/#organization"},"image":{"@id":"https:\/\/mwc-cmm.org\/es\/stories\/informes-sobre-el-cuidado-de-la-creacion-y-sobre-el-bautismo-fueron-aprobados-en-las\/#primaryimage"},"thumbnailUrl":"https:\/\/mwc-cmm.org\/wp-content\/uploads\/2024\/11\/ec-2020-zoom-pic-1-scaled.jpg","keywords":["Executive Committee"],"articleSection":["Sin categorizar"],"inLanguage":"es"},{"@type":"WebPage","@id":"https:\/\/mwc-cmm.org\/es\/stories\/informes-sobre-el-cuidado-de-la-creacion-y-sobre-el-bautismo-fueron-aprobados-en-las\/","url":"https:\/\/mwc-cmm.org\/es\/stories\/informes-sobre-el-cuidado-de-la-creacion-y-sobre-el-bautismo-fueron-aprobados-en-las\/","name":"Informes sobre el cuidado de la creaci\u00f3n y sobre el bautismo fueron aprobados en las reuniones del Comit\u00e9 Ejecutivo - Mennonite World Conference","isPartOf":{"@id":"https:\/\/mwc-cmm.org\/en\/#website"},"primaryImageOfPage":{"@id":"https:\/\/mwc-cmm.org\/es\/stories\/informes-sobre-el-cuidado-de-la-creacion-y-sobre-el-bautismo-fueron-aprobados-en-las\/#primaryimage"},"image":{"@id":"https:\/\/mwc-cmm.org\/es\/stories\/informes-sobre-el-cuidado-de-la-creacion-y-sobre-el-bautismo-fueron-aprobados-en-las\/#primaryimage"},"thumbnailUrl":"https:\/\/mwc-cmm.org\/wp-content\/uploads\/2024\/11\/ec-2020-zoom-pic-1-scaled.jpg","datePublished":"2020-04-23T00:00:00+00:00","dateModified":"2024-12-10T18:02:41+00:00","breadcrumb":{"@id":"https:\/\/mwc-cmm.org\/es\/stories\/informes-sobre-el-cuidado-de-la-creacion-y-sobre-el-bautismo-fueron-aprobados-en-las\/#breadcrumb"},"inLanguage":"es","potentialAction":[{"@type":"ReadAction","target":["https:\/\/mwc-cmm.org\/es\/stories\/informes-sobre-el-cuidado-de-la-creacion-y-sobre-el-bautismo-fueron-aprobados-en-las\/"]}]},{"@type":"ImageObject","inLanguage":"es","@id":"https:\/\/mwc-cmm.org\/es\/stories\/informes-sobre-el-cuidado-de-la-creacion-y-sobre-el-bautismo-fueron-aprobados-en-las\/#primaryimage","url":"https:\/\/mwc-cmm.org\/wp-content\/uploads\/2024\/11\/ec-2020-zoom-pic-1-scaled.jpg","contentUrl":"https:\/\/mwc-cmm.org\/wp-content\/uploads\/2024\/11\/ec-2020-zoom-pic-1-scaled.jpg","width":2560,"height":1163},{"@type":"BreadcrumbList","@id":"https:\/\/mwc-cmm.org\/es\/stories\/informes-sobre-el-cuidado-de-la-creacion-y-sobre-el-bautismo-fueron-aprobados-en-las\/#breadcrumb","itemListElement":[{"@type":"ListItem","position":1,"name":"Home","item":"https:\/\/mwc-cmm.org\/es\/"},{"@type":"ListItem","position":2,"name":"Informes sobre el cuidado de la creaci\u00f3n y sobre el bautismo fueron aprobados en las reuniones del Comit\u00e9 Ejecutivo"}]},{"@type":"WebSite","@id":"https:\/\/mwc-cmm.org\/en\/#website","url":"https:\/\/mwc-cmm.org\/en\/","name":"Mennonite World Conference","description":"A communion of Anabaptist-related churches","publisher":{"@id":"https:\/\/mwc-cmm.org\/en\/#organization"},"alternateName":"MWC","potentialAction":[{"@type":"SearchAction","target":{"@type":"EntryPoint","urlTemplate":"https:\/\/mwc-cmm.org\/en\/?s={search_term_string}"},"query-input":{"@type":"PropertyValueSpecification","valueRequired":true,"valueName":"search_term_string"}}],"inLanguage":"es"},{"@type":"Organization","@id":"https:\/\/mwc-cmm.org\/en\/#organization","name":"Mennonite World Conference","alternateName":"MWC","url":"https:\/\/mwc-cmm.org\/en\/","logo":{"@type":"ImageObject","inLanguage":"es","@id":"https:\/\/mwc-cmm.org\/en\/#\/schema\/logo\/image\/","url":"https:\/\/mwc-cmm.org\/wp-content\/uploads\/2026\/01\/MWC_Sig_Blue_Horiz_webheader1-logo.svg","contentUrl":"https:\/\/mwc-cmm.org\/wp-content\/uploads\/2026\/01\/MWC_Sig_Blue_Horiz_webheader1-logo.svg","width":786,"height":82,"caption":"Mennonite World Conference"},"image":{"@id":"https:\/\/mwc-cmm.org\/en\/#\/schema\/logo\/image\/"},"sameAs":["https:\/\/www.facebook.com\/MennoniteWorldConference","https:\/\/www.linkedin.com\/company\/mennonite-world-conference-mwc\/","https:\/\/www.instagram.com\/mwcmm\/","https:\/\/www.youtube.com\/user\/mwccmm","https:\/\/bsky.app\/profile\/mwcmm.bsky.social"]},{"@type":"Person","@id":"https:\/\/mwc-cmm.org\/en\/#\/schema\/person\/11f6ae0d7d1868ba20a1cc27f067c836","name":"mennworldcon","image":{"@type":"ImageObject","inLanguage":"es","@id":"https:\/\/secure.gravatar.com\/avatar\/06fdc0dc81c157dfdb82ec42f252178a22307808988d22c043f9eb96f1e0fe80?s=96&d=mm&r=g","url":"https:\/\/secure.gravatar.com\/avatar\/06fdc0dc81c157dfdb82ec42f252178a22307808988d22c043f9eb96f1e0fe80?s=96&d=mm&r=g","contentUrl":"https:\/\/secure.gravatar.com\/avatar\/06fdc0dc81c157dfdb82ec42f252178a22307808988d22c043f9eb96f1e0fe80?s=96&d=mm&r=g","caption":"mennworldcon"},"sameAs":["https:\/\/mwc-cmm.org"],"url":"https:\/\/mwc-cmm.org\/es\/stories\/author\/mennworldcon\/"}]}},"_links":{"self":[{"href":"https:\/\/mwc-cmm.org\/es\/wp-json\/wp\/v2\/posts\/8984","targetHints":{"allow":["GET"]}}],"collection":[{"href":"https:\/\/mwc-cmm.org\/es\/wp-json\/wp\/v2\/posts"}],"about":[{"href":"https:\/\/mwc-cmm.org\/es\/wp-json\/wp\/v2\/types\/post"}],"author":[{"embeddable":true,"href":"https:\/\/mwc-cmm.org\/es\/wp-json\/wp\/v2\/users\/1"}],"replies":[{"embeddable":true,"href":"https:\/\/mwc-cmm.org\/es\/wp-json\/wp\/v2\/comments?post=8984"}],"version-history":[{"count":0,"href":"https:\/\/mwc-cmm.org\/es\/wp-json\/wp\/v2\/posts\/8984\/revisions"}],"wp:featuredmedia":[{"embeddable":true,"href":"https:\/\/mwc-cmm.org\/es\/wp-json\/wp\/v2\/media\/91979"}],"wp:attachment":[{"href":"https:\/\/mwc-cmm.org\/es\/wp-json\/wp\/v2\/media?parent=8984"}],"wp:term":[{"taxonomy":"category","embeddable":true,"href":"https:\/\/mwc-cmm.org\/es\/wp-json\/wp\/v2\/categories?post=8984"},{"taxonomy":"post_tag","embeddable":true,"href":"https:\/\/mwc-cmm.org\/es\/wp-json\/wp\/v2\/tags?post=8984"},{"taxonomy":"network","embeddable":true,"href":"https:\/\/mwc-cmm.org\/es\/wp-json\/wp\/v2\/network?post=8984"},{"taxonomy":"eventcategory","embeddable":true,"href":"https:\/\/mwc-cmm.org\/es\/wp-json\/wp\/v2\/eventcategory?post=8984"}],"curies":[{"name":"wp","href":"https:\/\/api.w.org\/{rel}","templated":true}]}}