{"id":8930,"date":"2019-10-22T00:00:00","date_gmt":"2019-10-22T00:00:00","guid":{"rendered":"https:\/\/mwc-cmm.org\/mission-and-service-workers-ambassadors-of-peace-3\/"},"modified":"2024-12-10T18:02:16","modified_gmt":"2024-12-10T18:02:16","slug":"mission-and-service-workers-ambassadors-of-peace-3","status":"publish","type":"post","link":"https:\/\/mwc-cmm.org\/es\/stories\/mission-and-service-workers-ambassadors-of-peace-3\/","title":{"rendered":"Trabajadores de misi\u00f3n y servicio: embajadores de paz"},"content":{"rendered":"<p><em>\u00bfEn qu\u00e9 maneras colaboran nuestras iglesias y agencias de servicio? \u00bfEn qu\u00e9 modo ilumina el evangelio nuestro testimonio en nuestro contexto? \u00bfC\u00f3mo hacemos explicita la invitaci\u00f3n a seguir a Jes\u00fas como parte de nuestro trabajo social y misionero? \u00bfC\u00f3mo llevamos nuestro testimonio de justicia a las agencias y pol\u00edticas gubernamentales?<\/em><\/p>\n<p>Estos interrogantes sobre la identidad y la pr\u00e1ctica son compartidos por los miembros de la Red de Servicio Anabautista Mundial (GASN, por su siglas en ingl\u00e9s) y de la Fraternidad Mundial Misionera (GMF, por sus siglas en ingl\u00e9s). En las reuniones trienales en Kenia en 2018, los l\u00edderes de las organizaciones pertenecientes a la GASN y a la GMF se dieron cuenta de la necesidad de estimular el intercambio y la fraternidad entre ellos dentro de las regiones.<\/p>\n<p>Del 6 al 8 de septiembre de 2019, 23 miembros de las organizaciones de la GASN y la GMF de 12 pa\u00edses latinoamericanos se reunieron en Cachipay, Colombia, con el fin de fortalecer los lazos de comuni\u00f3n y unirse bajo la visi\u00f3n compartida de servicio y misi\u00f3n como extensiones de las iglesias anabautistas. Dicho encuentro sigui\u00f3 el modelo de las reuniones regionales de Asia en Yangon, Myanmar (Birmania) del 14 al 17 de febrero de 2019, las cuales contaron con 22 participantes de India, Indonesia, las Filipinas, Tailandia, Nepal, Myanmar, y el presidente de la Comisi\u00f3n de Misiones del CMM Stanley Green (EE.UU.).<\/p>\n<p>\u201cPresencia, misi\u00f3n y trabajo por la paz en estos tiempos dif\u00edciles\u201d fue el tema de las reuniones sobre el evangelio de paz y el testimonio de la iglesia en el contexto latinoamericano actual.<\/p>\n<p><img decoding=\"async\" alt=\"Del 6 al 8 de septiembre de 2019, 23 miembros de las organizaciones de la GASN y la GMF de 12 pa\u00edses latinoamericanos se reunieron en Cachipay, Colombia, con el fin de fortalecer los lazos de comuni\u00f3n y unirse bajo la visi\u00f3n compartida de servicio y misi\u00f3n como extensiones de las iglesias anabautistas. Foto: cortesia de Paul Stucky\" data-src=\"\/sites\/default\/files\/website_files\/dsc_0001-min.jpg\" style=\"width: 300px; height: 199px; margin: 5px 10px; float: left;\" src=\"data:image\/svg+xml;base64,PHN2ZyB3aWR0aD0iMSIgaGVpZ2h0PSIxIiB4bWxucz0iaHR0cDovL3d3dy53My5vcmcvMjAwMC9zdmciPjwvc3ZnPg==\" class=\"lazyload\" \/><\/p>\n<p>Los participantes compartieron historias de sus experiencias, conversaron durante los di\u00e1logos guiados en grupos peque\u00f1os y adoraron juntos por medio de canticos y a trav\u00e9s de la ense\u00f1anza devocional.<\/p>\n<p>Los l\u00edderes de las agencias afirmaron que enterarse de lo que otros est\u00e1n haciendo los desafi\u00f3 a hacer m\u00e1s con los recursos que ya tienen.<\/p>\n<p>Al reconocer la necesidad de recursos y materiales did\u00e1cticos para la ni\u00f1ez\/la juventud y los miembros de la iglesia, los l\u00edderes so\u00f1aron con la creaci\u00f3n de una plataforma para recolectar y compartir estos recursos anabautistas latinoamericanos contextualizados.<\/p>\n<p>Los l\u00edderes de la GASN y la GMF reflexionaron sobre \u201cla urgente necesidad de ser embajadores de paz\u201d y discutieron sobre como animar a una mayor integraci\u00f3n con las iglesias.<\/p>\n<p>\u201cHan surgido nuevas ideas para ayudar a las congregaciones locales a incluir tanto la misi\u00f3n como el servicio como aspectos valiosos de su ministerio. Y esto nos da esperanza\u201d, expresa Daniel Soto, representante de la Red Menonita de Misiones de Argentina.<\/p>\n<p>\u201cEl hecho de que los miembros de la GASN y la GMF estuvieran en los mismos grupos, compartiendo, ayud\u00f3 a establecer lazos de conexi\u00f3n y v\u00ednculos entre sus visiones\u201d, afirma el representante regional del CMM y l\u00edder de una agencia miembro de la GASN Pablo Stucky (Coordinaci\u00f3n Eclesial para la Acci\u00f3n Psicosocial).<\/p>\n<p>Los participantes representaban \u201cdiferentes dimensiones de la fe\u201d y diferentes perspectivas, sin embargo, \u201chubo respeto y armon\u00eda\u201d.<\/p>\n<p>\u201cLa reuni\u00f3n se hizo posible gracias a la existencia del CMM y a su misi\u00f3n de fomentar la comunicaci\u00f3n y la fraternidad entre las diferentes iglesias anabautistas y sus organizaciones\u201d, comenta Adriana Belinda Rodr\u00edguez.<\/p>\n<p>Jos\u00e9 Arrais, coordinador de la Red, explic\u00f3 la funci\u00f3n y la misi\u00f3n de las redes de la Comisi\u00f3n de Misiones y del CMM.<\/p>\n<p>En la reuni\u00f3n de Asia, los participantes compartieron \u201cuna rica cantidad de historias y perspectivas\u201d de sus contextos. \u201cAunque no es f\u00e1cil, vemos c\u00f3mo la mano de Dios siempre ayuda a la iglesia de Dios a seguir existiendo en el cumplimiento de la misi\u00f3n real de Dios\u201d, declara Agus Mayanto, representante regional del CMM para el Sudeste de Asia.<\/p>\n<p>Se est\u00e1n llevando a cabo discusiones para organizar una reuni\u00f3n regional de las agencias de la GASN y de la GMF en \u00c1frica en 2020.<\/p>\n<p>Una subvenci\u00f3n del Consejo de Ministerios Internacionales, destinado a facilitar la misi\u00f3n en el sur global, proporcion\u00f3 $ 14,000 USD para estas reuniones en \u00c1frica, Asia y Latinoam\u00e9rica.<\/p>\n<p><em>\u2014Comunicado del Congreso Mundial Menonita<\/em><\/p>\n","protected":false},"excerpt":{"rendered":"<p>NULL<\/p>\n","protected":false},"author":1,"featured_media":91338,"comment_status":"closed","ping_status":"closed","sticky":false,"template":"","format":"standard","meta":{"_acf_changed":false,"footnotes":""},"categories":[6],"tags":[],"network":[1299,1291],"eventcategory":[],"class_list":["post-8930","post","type-post","status-publish","format-standard","has-post-thumbnail","hentry","category-sin-categorizar","network-global-anabaptist-service-network-es","network-global-mission-fellowship-es"],"acf":[],"yoast_head":"<!-- This site is optimized with the Yoast SEO plugin v27.5 - https:\/\/yoast.com\/product\/yoast-seo-wordpress\/ -->\n<title>Trabajadores de misi\u00f3n y servicio: embajadores de paz - Mennonite World Conference<\/title>\n<meta name=\"robots\" content=\"index, follow, max-snippet:-1, max-image-preview:large, max-video-preview:-1\" \/>\n<link rel=\"canonical\" href=\"https:\/\/mwc-cmm.org\/en\/stories\/mission-and-service-workers-ambassadors-of-peace-2\/\" \/>\n<meta property=\"og:locale\" content=\"es_ES\" \/>\n<meta property=\"og:type\" content=\"article\" \/>\n<meta property=\"og:title\" content=\"Trabajadores de misi\u00f3n y servicio: embajadores de paz - Mennonite World Conference\" \/>\n<meta property=\"og:description\" content=\"NULL\" \/>\n<meta property=\"og:url\" content=\"https:\/\/mwc-cmm.org\/en\/stories\/mission-and-service-workers-ambassadors-of-peace-2\/\" \/>\n<meta property=\"og:site_name\" content=\"Mennonite World Conference\" \/>\n<meta property=\"article:publisher\" content=\"https:\/\/www.facebook.com\/MennoniteWorldConference\" \/>\n<meta property=\"article:published_time\" content=\"2019-10-22T00:00:00+00:00\" \/>\n<meta property=\"article:modified_time\" content=\"2024-12-10T18:02:16+00:00\" \/>\n<meta property=\"og:image\" content=\"https:\/\/mwc-cmm.org\/wp-content\/uploads\/2024\/11\/dsc_0026-min_1-scaled.jpg\" \/>\n\t<meta property=\"og:image:width\" content=\"2560\" \/>\n\t<meta property=\"og:image:height\" content=\"1696\" \/>\n\t<meta property=\"og:image:type\" content=\"image\/jpeg\" \/>\n<meta name=\"author\" content=\"mennworldcon\" \/>\n<script type=\"application\/ld+json\" class=\"yoast-schema-graph\">{\"@context\":\"https:\\\/\\\/schema.org\",\"@graph\":[{\"@type\":\"Article\",\"@id\":\"https:\\\/\\\/mwc-cmm.org\\\/en\\\/stories\\\/mission-and-service-workers-ambassadors-of-peace-2\\\/#article\",\"isPartOf\":{\"@id\":\"https:\\\/\\\/mwc-cmm.org\\\/en\\\/stories\\\/mission-and-service-workers-ambassadors-of-peace-2\\\/\"},\"author\":{\"name\":\"mennworldcon\",\"@id\":\"https:\\\/\\\/mwc-cmm.org\\\/en\\\/#\\\/schema\\\/person\\\/11f6ae0d7d1868ba20a1cc27f067c836\"},\"headline\":\"Trabajadores de misi\u00f3n y servicio: embajadores de paz\",\"datePublished\":\"2019-10-22T00:00:00+00:00\",\"dateModified\":\"2024-12-10T18:02:16+00:00\",\"mainEntityOfPage\":{\"@id\":\"https:\\\/\\\/mwc-cmm.org\\\/en\\\/stories\\\/mission-and-service-workers-ambassadors-of-peace-2\\\/\"},\"wordCount\":720,\"publisher\":{\"@id\":\"https:\\\/\\\/mwc-cmm.org\\\/en\\\/#organization\"},\"image\":{\"@id\":\"https:\\\/\\\/mwc-cmm.org\\\/en\\\/stories\\\/mission-and-service-workers-ambassadors-of-peace-2\\\/#primaryimage\"},\"thumbnailUrl\":\"https:\\\/\\\/mwc-cmm.org\\\/wp-content\\\/uploads\\\/2024\\\/11\\\/dsc_0026-min_1-scaled.jpg\",\"articleSection\":[\"Sin categorizar\"],\"inLanguage\":\"es\"},{\"@type\":\"WebPage\",\"@id\":\"https:\\\/\\\/mwc-cmm.org\\\/en\\\/stories\\\/mission-and-service-workers-ambassadors-of-peace-2\\\/\",\"url\":\"https:\\\/\\\/mwc-cmm.org\\\/en\\\/stories\\\/mission-and-service-workers-ambassadors-of-peace-2\\\/\",\"name\":\"Trabajadores de misi\u00f3n y servicio: embajadores de paz - Mennonite World Conference\",\"isPartOf\":{\"@id\":\"https:\\\/\\\/mwc-cmm.org\\\/en\\\/#website\"},\"primaryImageOfPage\":{\"@id\":\"https:\\\/\\\/mwc-cmm.org\\\/en\\\/stories\\\/mission-and-service-workers-ambassadors-of-peace-2\\\/#primaryimage\"},\"image\":{\"@id\":\"https:\\\/\\\/mwc-cmm.org\\\/en\\\/stories\\\/mission-and-service-workers-ambassadors-of-peace-2\\\/#primaryimage\"},\"thumbnailUrl\":\"https:\\\/\\\/mwc-cmm.org\\\/wp-content\\\/uploads\\\/2024\\\/11\\\/dsc_0026-min_1-scaled.jpg\",\"datePublished\":\"2019-10-22T00:00:00+00:00\",\"dateModified\":\"2024-12-10T18:02:16+00:00\",\"breadcrumb\":{\"@id\":\"https:\\\/\\\/mwc-cmm.org\\\/en\\\/stories\\\/mission-and-service-workers-ambassadors-of-peace-2\\\/#breadcrumb\"},\"inLanguage\":\"es\",\"potentialAction\":[{\"@type\":\"ReadAction\",\"target\":[\"https:\\\/\\\/mwc-cmm.org\\\/en\\\/stories\\\/mission-and-service-workers-ambassadors-of-peace-2\\\/\"]}]},{\"@type\":\"ImageObject\",\"inLanguage\":\"es\",\"@id\":\"https:\\\/\\\/mwc-cmm.org\\\/en\\\/stories\\\/mission-and-service-workers-ambassadors-of-peace-2\\\/#primaryimage\",\"url\":\"https:\\\/\\\/mwc-cmm.org\\\/wp-content\\\/uploads\\\/2024\\\/11\\\/dsc_0026-min_1-scaled.jpg\",\"contentUrl\":\"https:\\\/\\\/mwc-cmm.org\\\/wp-content\\\/uploads\\\/2024\\\/11\\\/dsc_0026-min_1-scaled.jpg\",\"width\":2560,\"height\":1696},{\"@type\":\"BreadcrumbList\",\"@id\":\"https:\\\/\\\/mwc-cmm.org\\\/en\\\/stories\\\/mission-and-service-workers-ambassadors-of-peace-2\\\/#breadcrumb\",\"itemListElement\":[{\"@type\":\"ListItem\",\"position\":1,\"name\":\"Home\",\"item\":\"https:\\\/\\\/mwc-cmm.org\\\/es\\\/\"},{\"@type\":\"ListItem\",\"position\":2,\"name\":\"Trabajadores de misi\u00f3n y servicio: embajadores de paz\"}]},{\"@type\":\"WebSite\",\"@id\":\"https:\\\/\\\/mwc-cmm.org\\\/en\\\/#website\",\"url\":\"https:\\\/\\\/mwc-cmm.org\\\/en\\\/\",\"name\":\"Mennonite World Conference\",\"description\":\"A communion of Anabaptist-related churches\",\"publisher\":{\"@id\":\"https:\\\/\\\/mwc-cmm.org\\\/en\\\/#organization\"},\"alternateName\":\"MWC\",\"potentialAction\":[{\"@type\":\"SearchAction\",\"target\":{\"@type\":\"EntryPoint\",\"urlTemplate\":\"https:\\\/\\\/mwc-cmm.org\\\/en\\\/?s={search_term_string}\"},\"query-input\":{\"@type\":\"PropertyValueSpecification\",\"valueRequired\":true,\"valueName\":\"search_term_string\"}}],\"inLanguage\":\"es\"},{\"@type\":\"Organization\",\"@id\":\"https:\\\/\\\/mwc-cmm.org\\\/en\\\/#organization\",\"name\":\"Mennonite World Conference\",\"alternateName\":\"MWC\",\"url\":\"https:\\\/\\\/mwc-cmm.org\\\/en\\\/\",\"logo\":{\"@type\":\"ImageObject\",\"inLanguage\":\"es\",\"@id\":\"https:\\\/\\\/mwc-cmm.org\\\/en\\\/#\\\/schema\\\/logo\\\/image\\\/\",\"url\":\"https:\\\/\\\/mwc-cmm.org\\\/wp-content\\\/uploads\\\/2026\\\/01\\\/MWC_Sig_Blue_Horiz_webheader1-logo.svg\",\"contentUrl\":\"https:\\\/\\\/mwc-cmm.org\\\/wp-content\\\/uploads\\\/2026\\\/01\\\/MWC_Sig_Blue_Horiz_webheader1-logo.svg\",\"width\":786,\"height\":82,\"caption\":\"Mennonite World Conference\"},\"image\":{\"@id\":\"https:\\\/\\\/mwc-cmm.org\\\/en\\\/#\\\/schema\\\/logo\\\/image\\\/\"},\"sameAs\":[\"https:\\\/\\\/www.facebook.com\\\/MennoniteWorldConference\",\"https:\\\/\\\/www.linkedin.com\\\/company\\\/mennonite-world-conference-mwc\\\/\",\"https:\\\/\\\/www.instagram.com\\\/mwcmm\\\/\",\"https:\\\/\\\/www.youtube.com\\\/user\\\/mwccmm\",\"https:\\\/\\\/bsky.app\\\/profile\\\/mwcmm.bsky.social\"]},{\"@type\":\"Person\",\"@id\":\"https:\\\/\\\/mwc-cmm.org\\\/en\\\/#\\\/schema\\\/person\\\/11f6ae0d7d1868ba20a1cc27f067c836\",\"name\":\"mennworldcon\",\"image\":{\"@type\":\"ImageObject\",\"inLanguage\":\"es\",\"@id\":\"https:\\\/\\\/secure.gravatar.com\\\/avatar\\\/06fdc0dc81c157dfdb82ec42f252178a22307808988d22c043f9eb96f1e0fe80?s=96&d=mm&r=g\",\"url\":\"https:\\\/\\\/secure.gravatar.com\\\/avatar\\\/06fdc0dc81c157dfdb82ec42f252178a22307808988d22c043f9eb96f1e0fe80?s=96&d=mm&r=g\",\"contentUrl\":\"https:\\\/\\\/secure.gravatar.com\\\/avatar\\\/06fdc0dc81c157dfdb82ec42f252178a22307808988d22c043f9eb96f1e0fe80?s=96&d=mm&r=g\",\"caption\":\"mennworldcon\"},\"sameAs\":[\"https:\\\/\\\/mwc-cmm.org\"],\"url\":\"https:\\\/\\\/mwc-cmm.org\\\/es\\\/stories\\\/author\\\/mennworldcon\\\/\"}]}<\/script>\n<!-- \/ Yoast SEO plugin. -->","yoast_head_json":{"title":"Trabajadores de misi\u00f3n y servicio: embajadores de paz - Mennonite World Conference","robots":{"index":"index","follow":"follow","max-snippet":"max-snippet:-1","max-image-preview":"max-image-preview:large","max-video-preview":"max-video-preview:-1"},"canonical":"https:\/\/mwc-cmm.org\/en\/stories\/mission-and-service-workers-ambassadors-of-peace-2\/","og_locale":"es_ES","og_type":"article","og_title":"Trabajadores de misi\u00f3n y servicio: embajadores de paz - Mennonite World Conference","og_description":"NULL","og_url":"https:\/\/mwc-cmm.org\/en\/stories\/mission-and-service-workers-ambassadors-of-peace-2\/","og_site_name":"Mennonite World Conference","article_publisher":"https:\/\/www.facebook.com\/MennoniteWorldConference","article_published_time":"2019-10-22T00:00:00+00:00","article_modified_time":"2024-12-10T18:02:16+00:00","og_image":[{"width":2560,"height":1696,"url":"https:\/\/mwc-cmm.org\/wp-content\/uploads\/2024\/11\/dsc_0026-min_1-scaled.jpg","type":"image\/jpeg"}],"author":"mennworldcon","schema":{"@context":"https:\/\/schema.org","@graph":[{"@type":"Article","@id":"https:\/\/mwc-cmm.org\/en\/stories\/mission-and-service-workers-ambassadors-of-peace-2\/#article","isPartOf":{"@id":"https:\/\/mwc-cmm.org\/en\/stories\/mission-and-service-workers-ambassadors-of-peace-2\/"},"author":{"name":"mennworldcon","@id":"https:\/\/mwc-cmm.org\/en\/#\/schema\/person\/11f6ae0d7d1868ba20a1cc27f067c836"},"headline":"Trabajadores de misi\u00f3n y servicio: embajadores de paz","datePublished":"2019-10-22T00:00:00+00:00","dateModified":"2024-12-10T18:02:16+00:00","mainEntityOfPage":{"@id":"https:\/\/mwc-cmm.org\/en\/stories\/mission-and-service-workers-ambassadors-of-peace-2\/"},"wordCount":720,"publisher":{"@id":"https:\/\/mwc-cmm.org\/en\/#organization"},"image":{"@id":"https:\/\/mwc-cmm.org\/en\/stories\/mission-and-service-workers-ambassadors-of-peace-2\/#primaryimage"},"thumbnailUrl":"https:\/\/mwc-cmm.org\/wp-content\/uploads\/2024\/11\/dsc_0026-min_1-scaled.jpg","articleSection":["Sin categorizar"],"inLanguage":"es"},{"@type":"WebPage","@id":"https:\/\/mwc-cmm.org\/en\/stories\/mission-and-service-workers-ambassadors-of-peace-2\/","url":"https:\/\/mwc-cmm.org\/en\/stories\/mission-and-service-workers-ambassadors-of-peace-2\/","name":"Trabajadores de misi\u00f3n y servicio: embajadores de paz - Mennonite World Conference","isPartOf":{"@id":"https:\/\/mwc-cmm.org\/en\/#website"},"primaryImageOfPage":{"@id":"https:\/\/mwc-cmm.org\/en\/stories\/mission-and-service-workers-ambassadors-of-peace-2\/#primaryimage"},"image":{"@id":"https:\/\/mwc-cmm.org\/en\/stories\/mission-and-service-workers-ambassadors-of-peace-2\/#primaryimage"},"thumbnailUrl":"https:\/\/mwc-cmm.org\/wp-content\/uploads\/2024\/11\/dsc_0026-min_1-scaled.jpg","datePublished":"2019-10-22T00:00:00+00:00","dateModified":"2024-12-10T18:02:16+00:00","breadcrumb":{"@id":"https:\/\/mwc-cmm.org\/en\/stories\/mission-and-service-workers-ambassadors-of-peace-2\/#breadcrumb"},"inLanguage":"es","potentialAction":[{"@type":"ReadAction","target":["https:\/\/mwc-cmm.org\/en\/stories\/mission-and-service-workers-ambassadors-of-peace-2\/"]}]},{"@type":"ImageObject","inLanguage":"es","@id":"https:\/\/mwc-cmm.org\/en\/stories\/mission-and-service-workers-ambassadors-of-peace-2\/#primaryimage","url":"https:\/\/mwc-cmm.org\/wp-content\/uploads\/2024\/11\/dsc_0026-min_1-scaled.jpg","contentUrl":"https:\/\/mwc-cmm.org\/wp-content\/uploads\/2024\/11\/dsc_0026-min_1-scaled.jpg","width":2560,"height":1696},{"@type":"BreadcrumbList","@id":"https:\/\/mwc-cmm.org\/en\/stories\/mission-and-service-workers-ambassadors-of-peace-2\/#breadcrumb","itemListElement":[{"@type":"ListItem","position":1,"name":"Home","item":"https:\/\/mwc-cmm.org\/es\/"},{"@type":"ListItem","position":2,"name":"Trabajadores de misi\u00f3n y servicio: embajadores de paz"}]},{"@type":"WebSite","@id":"https:\/\/mwc-cmm.org\/en\/#website","url":"https:\/\/mwc-cmm.org\/en\/","name":"Mennonite World Conference","description":"A communion of Anabaptist-related churches","publisher":{"@id":"https:\/\/mwc-cmm.org\/en\/#organization"},"alternateName":"MWC","potentialAction":[{"@type":"SearchAction","target":{"@type":"EntryPoint","urlTemplate":"https:\/\/mwc-cmm.org\/en\/?s={search_term_string}"},"query-input":{"@type":"PropertyValueSpecification","valueRequired":true,"valueName":"search_term_string"}}],"inLanguage":"es"},{"@type":"Organization","@id":"https:\/\/mwc-cmm.org\/en\/#organization","name":"Mennonite World Conference","alternateName":"MWC","url":"https:\/\/mwc-cmm.org\/en\/","logo":{"@type":"ImageObject","inLanguage":"es","@id":"https:\/\/mwc-cmm.org\/en\/#\/schema\/logo\/image\/","url":"https:\/\/mwc-cmm.org\/wp-content\/uploads\/2026\/01\/MWC_Sig_Blue_Horiz_webheader1-logo.svg","contentUrl":"https:\/\/mwc-cmm.org\/wp-content\/uploads\/2026\/01\/MWC_Sig_Blue_Horiz_webheader1-logo.svg","width":786,"height":82,"caption":"Mennonite World Conference"},"image":{"@id":"https:\/\/mwc-cmm.org\/en\/#\/schema\/logo\/image\/"},"sameAs":["https:\/\/www.facebook.com\/MennoniteWorldConference","https:\/\/www.linkedin.com\/company\/mennonite-world-conference-mwc\/","https:\/\/www.instagram.com\/mwcmm\/","https:\/\/www.youtube.com\/user\/mwccmm","https:\/\/bsky.app\/profile\/mwcmm.bsky.social"]},{"@type":"Person","@id":"https:\/\/mwc-cmm.org\/en\/#\/schema\/person\/11f6ae0d7d1868ba20a1cc27f067c836","name":"mennworldcon","image":{"@type":"ImageObject","inLanguage":"es","@id":"https:\/\/secure.gravatar.com\/avatar\/06fdc0dc81c157dfdb82ec42f252178a22307808988d22c043f9eb96f1e0fe80?s=96&d=mm&r=g","url":"https:\/\/secure.gravatar.com\/avatar\/06fdc0dc81c157dfdb82ec42f252178a22307808988d22c043f9eb96f1e0fe80?s=96&d=mm&r=g","contentUrl":"https:\/\/secure.gravatar.com\/avatar\/06fdc0dc81c157dfdb82ec42f252178a22307808988d22c043f9eb96f1e0fe80?s=96&d=mm&r=g","caption":"mennworldcon"},"sameAs":["https:\/\/mwc-cmm.org"],"url":"https:\/\/mwc-cmm.org\/es\/stories\/author\/mennworldcon\/"}]}},"_links":{"self":[{"href":"https:\/\/mwc-cmm.org\/es\/wp-json\/wp\/v2\/posts\/8930","targetHints":{"allow":["GET"]}}],"collection":[{"href":"https:\/\/mwc-cmm.org\/es\/wp-json\/wp\/v2\/posts"}],"about":[{"href":"https:\/\/mwc-cmm.org\/es\/wp-json\/wp\/v2\/types\/post"}],"author":[{"embeddable":true,"href":"https:\/\/mwc-cmm.org\/es\/wp-json\/wp\/v2\/users\/1"}],"replies":[{"embeddable":true,"href":"https:\/\/mwc-cmm.org\/es\/wp-json\/wp\/v2\/comments?post=8930"}],"version-history":[{"count":0,"href":"https:\/\/mwc-cmm.org\/es\/wp-json\/wp\/v2\/posts\/8930\/revisions"}],"wp:featuredmedia":[{"embeddable":true,"href":"https:\/\/mwc-cmm.org\/es\/wp-json\/wp\/v2\/media\/91338"}],"wp:attachment":[{"href":"https:\/\/mwc-cmm.org\/es\/wp-json\/wp\/v2\/media?parent=8930"}],"wp:term":[{"taxonomy":"category","embeddable":true,"href":"https:\/\/mwc-cmm.org\/es\/wp-json\/wp\/v2\/categories?post=8930"},{"taxonomy":"post_tag","embeddable":true,"href":"https:\/\/mwc-cmm.org\/es\/wp-json\/wp\/v2\/tags?post=8930"},{"taxonomy":"network","embeddable":true,"href":"https:\/\/mwc-cmm.org\/es\/wp-json\/wp\/v2\/network?post=8930"},{"taxonomy":"eventcategory","embeddable":true,"href":"https:\/\/mwc-cmm.org\/es\/wp-json\/wp\/v2\/eventcategory?post=8930"}],"curies":[{"name":"wp","href":"https:\/\/api.w.org\/{rel}","templated":true}]}}