{"id":8924,"date":"2017-02-02T00:00:00","date_gmt":"2017-02-02T00:00:00","guid":{"rendered":"https:\/\/mwc-cmm.org\/learning-with-iraqi-refugees-in-the-department-of-ain-france-3\/"},"modified":"2024-12-10T18:02:13","modified_gmt":"2024-12-10T18:02:13","slug":"aprendiendo-con-refugiados-iraquies-en-el-departamento-de-ain-francia","status":"publish","type":"post","link":"https:\/\/mwc-cmm.org\/es\/stories\/aprendiendo-con-refugiados-iraquies-en-el-departamento-de-ain-francia\/","title":{"rendered":"Aprendiendo con refugiados iraqu\u00edes en el departamento de Ain \u2013 Francia"},"content":{"rendered":"<div>Movidos por la situaci\u00f3n causada por el avance del Daesh (Estado Isl\u00e1mico) a finales de 2014, 20 miembros de tres comunidades cristianas en el peque\u00f1o pueblo de Bellegarde decidieron hospedar a una familia de refugiados de Irak. Despu\u00e9s de nueve meses de espera, la familia Mikho con dos abuelas, dos padres y tres hijos, fue anunciada en la estaci\u00f3n del tren un s\u00e1bado en la noche.<\/div>\n<div>&nbsp;<\/div>\n<div>Los medios de comunicaci\u00f3n estaban ansiosos por mostrar una historia m\u00e1s positiva que la de la decadencia de una Europa temerosa, as\u00ed que un fot\u00f3grafo y periodista cubri\u00f3 la llegada. Un desfile de medios continu\u00f3 en los d\u00edas y meses siguientes e hizo que la respuesta dada en nuestras modestas casas pareciera desproporcionada.<\/div>\n<div>&nbsp;<\/div>\n<div>Dentro del mes siguiente, la familia recibi\u00f3 unos ingresos m\u00ednimos y un subsidio de vivienda. Nueve meses despu\u00e9s, la familia estaba tan bien integrada que los traductores de \u00e1rabe al franc\u00e9s ya no se necesitaban m\u00e1s, y tanto el esposo como la esposa ten\u00edan un empleo. Nuestras comunidades cristianas se han vuelto como una nueva familia para ellos, interviniendo para reemplazar a los de su tierra natal.<\/div>\n<div>&nbsp;<\/div>\n<div>La riqueza de habilidades que otros traen a nuestro grupo ha sido valiosa para dar ideas y hacerle saber a la familia que est\u00e1n en casa. Nuestro grupo acompa\u00f1\u00f3 a la familia en el proceso de obtener su condici\u00f3n de refugiados, las cartas de residencia, papeles m\u00e9dicos, etc. Tambi\u00e9n apoyamos a los padres en educaci\u00f3n, actividades para los ni\u00f1os y acceso a un empleo.<\/div>\n<div>&nbsp;<\/div>\n<div>Cat\u00f3licos, Protestantes, Adventistas y Menonitas aprendimos a conocernos mejor y a apreciarnos unos a otros en tanto trabaj\u00e1bamos juntos. A menudo nos encontramos en la situaci\u00f3n del aprendiz. Cuando yo intento utilizar frases \u00e1rabes, me doy cuenta del camino que ellos tienen que recorrer en la direcci\u00f3n opuesta para llegar a nosotros. Nosotros intentamos mostrar, en la medida de lo posible, nuestras canciones y lecturas, tanto en franc\u00e9s como en \u00e1rabe. Estamos felices de compartir con ellos nuestra visi\u00f3n de la fe cristiana.<\/div>\n<div>&nbsp;<\/div>\n<div>Ambas abuelas pasan mucho tiempo bordando im\u00e1genes coloridas que evocan escenas b\u00edblicas o religiosas. De ese modo descubrimos una cultura ancestral: nuestros amigos iraqu\u00edes son de la provincia de N\u00ednive.<\/div>\n<div>&nbsp;<\/div>\n<div>Su historia cristiana es impresionante. Desde la \u00e9poca de los romanos, ellos han resistido influencias del Oriente (la enigm\u00e1tica religi\u00f3n Persa) y del occidente (Roma, ortodoxia bizantina, islam, e incluso misioneros protestantes y cat\u00f3licos). La intervenci\u00f3n de la armada de los Estados Unidos en el siglo XX ha acabado con su modo de vida, motivando otras reacciones regionales, con las consecuencias catastr\u00f3ficas que vemos ahora.<\/div>\n<div>&nbsp;<\/div>\n<div>Estamos en un caminar con nuestros amigos, un caminar de idioma, historia y cultura. Esto no es solamente sobre ser acogedores y hospitalarios. Sino sobre ser hermanos y hermanas en humanidad que se encuentran a trav\u00e9s de las fronteras.<\/div>\n<div>&nbsp;<\/div>\n<div><em>Escrito por Daniel Goldschmidt, un miembro de Eglise Evang\u00e9lique Mennonite (Iglesia Evang\u00e9lica Menonita) en Saint-Genis-Pouilly, Francia.<\/em><\/div>\n<div>&nbsp;<\/div>\n<div>Este testimonio hace parte de los recursos para la adoraci\u00f3n del Domingo de la Fraternidad Mundial 2017. Haga clic aqu\u00ed para ver m\u00e1s: www.mwc-cmm.org\/domingofraternidadmundial<\/div>\n<div>&nbsp;<\/div>\n","protected":false},"excerpt":{"rendered":"<p>Movidos por la situaci\u00f3n causada por el avance del Daesh (Estado Isl\u00e1mico) a finales de 2014, 20 miembros de tres comunidades cristianas en el peque\u00f1o pueblo de Bellegarde decidieron hospedar a una familia de refugiados de Irak. Despu\u00e9s de nueve meses de espera, la familia Mikho con dos abuelas, dos padres y tres hijos, fue [&hellip;]<\/p>\n","protected":false},"author":1,"featured_media":91058,"comment_status":"closed","ping_status":"closed","sticky":false,"template":"","format":"standard","meta":{"_acf_changed":false,"footnotes":""},"categories":[6],"tags":[],"network":[],"eventcategory":[1499],"class_list":["post-8924","post","type-post","status-publish","format-standard","has-post-thumbnail","hentry","category-sin-categorizar","eventcategory-anabaptist-world-fellowship-sunday-es"],"acf":[],"yoast_head":"<!-- This site is optimized with the Yoast SEO plugin v27.5 - https:\/\/yoast.com\/product\/yoast-seo-wordpress\/ -->\n<title>Aprendiendo con refugiados iraqu\u00edes en el departamento de Ain \u2013 Francia - Mennonite World Conference<\/title>\n<meta name=\"robots\" content=\"index, follow, max-snippet:-1, max-image-preview:large, max-video-preview:-1\" \/>\n<link rel=\"canonical\" href=\"https:\/\/mwc-cmm.org\/es\/stories\/aprendiendo-con-refugiados-iraquies-en-el-departamento-de-ain-francia\/\" \/>\n<meta property=\"og:locale\" content=\"es_ES\" \/>\n<meta property=\"og:type\" content=\"article\" \/>\n<meta property=\"og:title\" content=\"Aprendiendo con refugiados iraqu\u00edes en el departamento de Ain \u2013 Francia - Mennonite World Conference\" \/>\n<meta property=\"og:description\" content=\"Movidos por la situaci\u00f3n causada por el avance del Daesh (Estado Isl\u00e1mico) a finales de 2014, 20 miembros de tres comunidades cristianas en el peque\u00f1o pueblo de Bellegarde decidieron hospedar a una familia de refugiados de Irak. Despu\u00e9s de nueve meses de espera, la familia Mikho con dos abuelas, dos padres y tres hijos, fue [&hellip;]\" \/>\n<meta property=\"og:url\" content=\"https:\/\/mwc-cmm.org\/es\/stories\/aprendiendo-con-refugiados-iraquies-en-el-departamento-de-ain-francia\/\" \/>\n<meta property=\"og:site_name\" content=\"Mennonite World Conference\" \/>\n<meta property=\"article:publisher\" content=\"https:\/\/www.facebook.com\/MennoniteWorldConference\" \/>\n<meta property=\"article:published_time\" content=\"2017-02-02T00:00:00+00:00\" \/>\n<meta property=\"article:modified_time\" content=\"2024-12-10T18:02:13+00:00\" \/>\n<meta property=\"og:image\" content=\"https:\/\/mwc-cmm.org\/wp-content\/uploads\/2024\/11\/liesa_unger11_0.jpg\" \/>\n\t<meta property=\"og:image:width\" content=\"360\" \/>\n\t<meta property=\"og:image:height\" content=\"240\" \/>\n\t<meta property=\"og:image:type\" content=\"image\/jpeg\" \/>\n<meta name=\"author\" content=\"mennworldcon\" \/>\n<script type=\"application\/ld+json\" class=\"yoast-schema-graph\">{\"@context\":\"https:\\\/\\\/schema.org\",\"@graph\":[{\"@type\":\"Article\",\"@id\":\"https:\\\/\\\/mwc-cmm.org\\\/es\\\/stories\\\/aprendiendo-con-refugiados-iraquies-en-el-departamento-de-ain-francia\\\/#article\",\"isPartOf\":{\"@id\":\"https:\\\/\\\/mwc-cmm.org\\\/es\\\/stories\\\/aprendiendo-con-refugiados-iraquies-en-el-departamento-de-ain-francia\\\/\"},\"author\":{\"name\":\"mennworldcon\",\"@id\":\"https:\\\/\\\/mwc-cmm.org\\\/en\\\/#\\\/schema\\\/person\\\/11f6ae0d7d1868ba20a1cc27f067c836\"},\"headline\":\"Aprendiendo con refugiados iraqu\u00edes en el departamento de Ain \u2013 Francia\",\"datePublished\":\"2017-02-02T00:00:00+00:00\",\"dateModified\":\"2024-12-10T18:02:13+00:00\",\"mainEntityOfPage\":{\"@id\":\"https:\\\/\\\/mwc-cmm.org\\\/es\\\/stories\\\/aprendiendo-con-refugiados-iraquies-en-el-departamento-de-ain-francia\\\/\"},\"wordCount\":569,\"publisher\":{\"@id\":\"https:\\\/\\\/mwc-cmm.org\\\/en\\\/#organization\"},\"image\":{\"@id\":\"https:\\\/\\\/mwc-cmm.org\\\/es\\\/stories\\\/aprendiendo-con-refugiados-iraquies-en-el-departamento-de-ain-francia\\\/#primaryimage\"},\"thumbnailUrl\":\"https:\\\/\\\/mwc-cmm.org\\\/wp-content\\\/uploads\\\/2024\\\/11\\\/liesa_unger11_0.jpg\",\"articleSection\":[\"Sin categorizar\"],\"inLanguage\":\"es\"},{\"@type\":\"WebPage\",\"@id\":\"https:\\\/\\\/mwc-cmm.org\\\/es\\\/stories\\\/aprendiendo-con-refugiados-iraquies-en-el-departamento-de-ain-francia\\\/\",\"url\":\"https:\\\/\\\/mwc-cmm.org\\\/es\\\/stories\\\/aprendiendo-con-refugiados-iraquies-en-el-departamento-de-ain-francia\\\/\",\"name\":\"Aprendiendo con refugiados iraqu\u00edes en el departamento de Ain \u2013 Francia - Mennonite World Conference\",\"isPartOf\":{\"@id\":\"https:\\\/\\\/mwc-cmm.org\\\/en\\\/#website\"},\"primaryImageOfPage\":{\"@id\":\"https:\\\/\\\/mwc-cmm.org\\\/es\\\/stories\\\/aprendiendo-con-refugiados-iraquies-en-el-departamento-de-ain-francia\\\/#primaryimage\"},\"image\":{\"@id\":\"https:\\\/\\\/mwc-cmm.org\\\/es\\\/stories\\\/aprendiendo-con-refugiados-iraquies-en-el-departamento-de-ain-francia\\\/#primaryimage\"},\"thumbnailUrl\":\"https:\\\/\\\/mwc-cmm.org\\\/wp-content\\\/uploads\\\/2024\\\/11\\\/liesa_unger11_0.jpg\",\"datePublished\":\"2017-02-02T00:00:00+00:00\",\"dateModified\":\"2024-12-10T18:02:13+00:00\",\"breadcrumb\":{\"@id\":\"https:\\\/\\\/mwc-cmm.org\\\/es\\\/stories\\\/aprendiendo-con-refugiados-iraquies-en-el-departamento-de-ain-francia\\\/#breadcrumb\"},\"inLanguage\":\"es\",\"potentialAction\":[{\"@type\":\"ReadAction\",\"target\":[\"https:\\\/\\\/mwc-cmm.org\\\/es\\\/stories\\\/aprendiendo-con-refugiados-iraquies-en-el-departamento-de-ain-francia\\\/\"]}]},{\"@type\":\"ImageObject\",\"inLanguage\":\"es\",\"@id\":\"https:\\\/\\\/mwc-cmm.org\\\/es\\\/stories\\\/aprendiendo-con-refugiados-iraquies-en-el-departamento-de-ain-francia\\\/#primaryimage\",\"url\":\"https:\\\/\\\/mwc-cmm.org\\\/wp-content\\\/uploads\\\/2024\\\/11\\\/liesa_unger11_0.jpg\",\"contentUrl\":\"https:\\\/\\\/mwc-cmm.org\\\/wp-content\\\/uploads\\\/2024\\\/11\\\/liesa_unger11_0.jpg\",\"width\":360,\"height\":240},{\"@type\":\"BreadcrumbList\",\"@id\":\"https:\\\/\\\/mwc-cmm.org\\\/es\\\/stories\\\/aprendiendo-con-refugiados-iraquies-en-el-departamento-de-ain-francia\\\/#breadcrumb\",\"itemListElement\":[{\"@type\":\"ListItem\",\"position\":1,\"name\":\"Home\",\"item\":\"https:\\\/\\\/mwc-cmm.org\\\/es\\\/\"},{\"@type\":\"ListItem\",\"position\":2,\"name\":\"Aprendiendo con refugiados iraqu\u00edes en el departamento de Ain \u2013 Francia\"}]},{\"@type\":\"WebSite\",\"@id\":\"https:\\\/\\\/mwc-cmm.org\\\/en\\\/#website\",\"url\":\"https:\\\/\\\/mwc-cmm.org\\\/en\\\/\",\"name\":\"Mennonite World Conference\",\"description\":\"A communion of Anabaptist-related churches\",\"publisher\":{\"@id\":\"https:\\\/\\\/mwc-cmm.org\\\/en\\\/#organization\"},\"alternateName\":\"MWC\",\"potentialAction\":[{\"@type\":\"SearchAction\",\"target\":{\"@type\":\"EntryPoint\",\"urlTemplate\":\"https:\\\/\\\/mwc-cmm.org\\\/en\\\/?s={search_term_string}\"},\"query-input\":{\"@type\":\"PropertyValueSpecification\",\"valueRequired\":true,\"valueName\":\"search_term_string\"}}],\"inLanguage\":\"es\"},{\"@type\":\"Organization\",\"@id\":\"https:\\\/\\\/mwc-cmm.org\\\/en\\\/#organization\",\"name\":\"Mennonite World Conference\",\"alternateName\":\"MWC\",\"url\":\"https:\\\/\\\/mwc-cmm.org\\\/en\\\/\",\"logo\":{\"@type\":\"ImageObject\",\"inLanguage\":\"es\",\"@id\":\"https:\\\/\\\/mwc-cmm.org\\\/en\\\/#\\\/schema\\\/logo\\\/image\\\/\",\"url\":\"https:\\\/\\\/mwc-cmm.org\\\/wp-content\\\/uploads\\\/2026\\\/01\\\/MWC_Sig_Blue_Horiz_webheader1-logo.svg\",\"contentUrl\":\"https:\\\/\\\/mwc-cmm.org\\\/wp-content\\\/uploads\\\/2026\\\/01\\\/MWC_Sig_Blue_Horiz_webheader1-logo.svg\",\"width\":786,\"height\":82,\"caption\":\"Mennonite World Conference\"},\"image\":{\"@id\":\"https:\\\/\\\/mwc-cmm.org\\\/en\\\/#\\\/schema\\\/logo\\\/image\\\/\"},\"sameAs\":[\"https:\\\/\\\/www.facebook.com\\\/MennoniteWorldConference\",\"https:\\\/\\\/www.linkedin.com\\\/company\\\/mennonite-world-conference-mwc\\\/\",\"https:\\\/\\\/www.instagram.com\\\/mwcmm\\\/\",\"https:\\\/\\\/www.youtube.com\\\/user\\\/mwccmm\",\"https:\\\/\\\/bsky.app\\\/profile\\\/mwcmm.bsky.social\"]},{\"@type\":\"Person\",\"@id\":\"https:\\\/\\\/mwc-cmm.org\\\/en\\\/#\\\/schema\\\/person\\\/11f6ae0d7d1868ba20a1cc27f067c836\",\"name\":\"mennworldcon\",\"image\":{\"@type\":\"ImageObject\",\"inLanguage\":\"es\",\"@id\":\"https:\\\/\\\/secure.gravatar.com\\\/avatar\\\/06fdc0dc81c157dfdb82ec42f252178a22307808988d22c043f9eb96f1e0fe80?s=96&d=mm&r=g\",\"url\":\"https:\\\/\\\/secure.gravatar.com\\\/avatar\\\/06fdc0dc81c157dfdb82ec42f252178a22307808988d22c043f9eb96f1e0fe80?s=96&d=mm&r=g\",\"contentUrl\":\"https:\\\/\\\/secure.gravatar.com\\\/avatar\\\/06fdc0dc81c157dfdb82ec42f252178a22307808988d22c043f9eb96f1e0fe80?s=96&d=mm&r=g\",\"caption\":\"mennworldcon\"},\"sameAs\":[\"https:\\\/\\\/mwc-cmm.org\"],\"url\":\"https:\\\/\\\/mwc-cmm.org\\\/es\\\/stories\\\/author\\\/mennworldcon\\\/\"}]}<\/script>\n<!-- \/ Yoast SEO plugin. -->","yoast_head_json":{"title":"Aprendiendo con refugiados iraqu\u00edes en el departamento de Ain \u2013 Francia - Mennonite World Conference","robots":{"index":"index","follow":"follow","max-snippet":"max-snippet:-1","max-image-preview":"max-image-preview:large","max-video-preview":"max-video-preview:-1"},"canonical":"https:\/\/mwc-cmm.org\/es\/stories\/aprendiendo-con-refugiados-iraquies-en-el-departamento-de-ain-francia\/","og_locale":"es_ES","og_type":"article","og_title":"Aprendiendo con refugiados iraqu\u00edes en el departamento de Ain \u2013 Francia - Mennonite World Conference","og_description":"Movidos por la situaci\u00f3n causada por el avance del Daesh (Estado Isl\u00e1mico) a finales de 2014, 20 miembros de tres comunidades cristianas en el peque\u00f1o pueblo de Bellegarde decidieron hospedar a una familia de refugiados de Irak. Despu\u00e9s de nueve meses de espera, la familia Mikho con dos abuelas, dos padres y tres hijos, fue [&hellip;]","og_url":"https:\/\/mwc-cmm.org\/es\/stories\/aprendiendo-con-refugiados-iraquies-en-el-departamento-de-ain-francia\/","og_site_name":"Mennonite World Conference","article_publisher":"https:\/\/www.facebook.com\/MennoniteWorldConference","article_published_time":"2017-02-02T00:00:00+00:00","article_modified_time":"2024-12-10T18:02:13+00:00","og_image":[{"width":360,"height":240,"url":"https:\/\/mwc-cmm.org\/wp-content\/uploads\/2024\/11\/liesa_unger11_0.jpg","type":"image\/jpeg"}],"author":"mennworldcon","schema":{"@context":"https:\/\/schema.org","@graph":[{"@type":"Article","@id":"https:\/\/mwc-cmm.org\/es\/stories\/aprendiendo-con-refugiados-iraquies-en-el-departamento-de-ain-francia\/#article","isPartOf":{"@id":"https:\/\/mwc-cmm.org\/es\/stories\/aprendiendo-con-refugiados-iraquies-en-el-departamento-de-ain-francia\/"},"author":{"name":"mennworldcon","@id":"https:\/\/mwc-cmm.org\/en\/#\/schema\/person\/11f6ae0d7d1868ba20a1cc27f067c836"},"headline":"Aprendiendo con refugiados iraqu\u00edes en el departamento de Ain \u2013 Francia","datePublished":"2017-02-02T00:00:00+00:00","dateModified":"2024-12-10T18:02:13+00:00","mainEntityOfPage":{"@id":"https:\/\/mwc-cmm.org\/es\/stories\/aprendiendo-con-refugiados-iraquies-en-el-departamento-de-ain-francia\/"},"wordCount":569,"publisher":{"@id":"https:\/\/mwc-cmm.org\/en\/#organization"},"image":{"@id":"https:\/\/mwc-cmm.org\/es\/stories\/aprendiendo-con-refugiados-iraquies-en-el-departamento-de-ain-francia\/#primaryimage"},"thumbnailUrl":"https:\/\/mwc-cmm.org\/wp-content\/uploads\/2024\/11\/liesa_unger11_0.jpg","articleSection":["Sin categorizar"],"inLanguage":"es"},{"@type":"WebPage","@id":"https:\/\/mwc-cmm.org\/es\/stories\/aprendiendo-con-refugiados-iraquies-en-el-departamento-de-ain-francia\/","url":"https:\/\/mwc-cmm.org\/es\/stories\/aprendiendo-con-refugiados-iraquies-en-el-departamento-de-ain-francia\/","name":"Aprendiendo con refugiados iraqu\u00edes en el departamento de Ain \u2013 Francia - Mennonite World Conference","isPartOf":{"@id":"https:\/\/mwc-cmm.org\/en\/#website"},"primaryImageOfPage":{"@id":"https:\/\/mwc-cmm.org\/es\/stories\/aprendiendo-con-refugiados-iraquies-en-el-departamento-de-ain-francia\/#primaryimage"},"image":{"@id":"https:\/\/mwc-cmm.org\/es\/stories\/aprendiendo-con-refugiados-iraquies-en-el-departamento-de-ain-francia\/#primaryimage"},"thumbnailUrl":"https:\/\/mwc-cmm.org\/wp-content\/uploads\/2024\/11\/liesa_unger11_0.jpg","datePublished":"2017-02-02T00:00:00+00:00","dateModified":"2024-12-10T18:02:13+00:00","breadcrumb":{"@id":"https:\/\/mwc-cmm.org\/es\/stories\/aprendiendo-con-refugiados-iraquies-en-el-departamento-de-ain-francia\/#breadcrumb"},"inLanguage":"es","potentialAction":[{"@type":"ReadAction","target":["https:\/\/mwc-cmm.org\/es\/stories\/aprendiendo-con-refugiados-iraquies-en-el-departamento-de-ain-francia\/"]}]},{"@type":"ImageObject","inLanguage":"es","@id":"https:\/\/mwc-cmm.org\/es\/stories\/aprendiendo-con-refugiados-iraquies-en-el-departamento-de-ain-francia\/#primaryimage","url":"https:\/\/mwc-cmm.org\/wp-content\/uploads\/2024\/11\/liesa_unger11_0.jpg","contentUrl":"https:\/\/mwc-cmm.org\/wp-content\/uploads\/2024\/11\/liesa_unger11_0.jpg","width":360,"height":240},{"@type":"BreadcrumbList","@id":"https:\/\/mwc-cmm.org\/es\/stories\/aprendiendo-con-refugiados-iraquies-en-el-departamento-de-ain-francia\/#breadcrumb","itemListElement":[{"@type":"ListItem","position":1,"name":"Home","item":"https:\/\/mwc-cmm.org\/es\/"},{"@type":"ListItem","position":2,"name":"Aprendiendo con refugiados iraqu\u00edes en el departamento de Ain \u2013 Francia"}]},{"@type":"WebSite","@id":"https:\/\/mwc-cmm.org\/en\/#website","url":"https:\/\/mwc-cmm.org\/en\/","name":"Mennonite World Conference","description":"A communion of Anabaptist-related churches","publisher":{"@id":"https:\/\/mwc-cmm.org\/en\/#organization"},"alternateName":"MWC","potentialAction":[{"@type":"SearchAction","target":{"@type":"EntryPoint","urlTemplate":"https:\/\/mwc-cmm.org\/en\/?s={search_term_string}"},"query-input":{"@type":"PropertyValueSpecification","valueRequired":true,"valueName":"search_term_string"}}],"inLanguage":"es"},{"@type":"Organization","@id":"https:\/\/mwc-cmm.org\/en\/#organization","name":"Mennonite World Conference","alternateName":"MWC","url":"https:\/\/mwc-cmm.org\/en\/","logo":{"@type":"ImageObject","inLanguage":"es","@id":"https:\/\/mwc-cmm.org\/en\/#\/schema\/logo\/image\/","url":"https:\/\/mwc-cmm.org\/wp-content\/uploads\/2026\/01\/MWC_Sig_Blue_Horiz_webheader1-logo.svg","contentUrl":"https:\/\/mwc-cmm.org\/wp-content\/uploads\/2026\/01\/MWC_Sig_Blue_Horiz_webheader1-logo.svg","width":786,"height":82,"caption":"Mennonite World Conference"},"image":{"@id":"https:\/\/mwc-cmm.org\/en\/#\/schema\/logo\/image\/"},"sameAs":["https:\/\/www.facebook.com\/MennoniteWorldConference","https:\/\/www.linkedin.com\/company\/mennonite-world-conference-mwc\/","https:\/\/www.instagram.com\/mwcmm\/","https:\/\/www.youtube.com\/user\/mwccmm","https:\/\/bsky.app\/profile\/mwcmm.bsky.social"]},{"@type":"Person","@id":"https:\/\/mwc-cmm.org\/en\/#\/schema\/person\/11f6ae0d7d1868ba20a1cc27f067c836","name":"mennworldcon","image":{"@type":"ImageObject","inLanguage":"es","@id":"https:\/\/secure.gravatar.com\/avatar\/06fdc0dc81c157dfdb82ec42f252178a22307808988d22c043f9eb96f1e0fe80?s=96&d=mm&r=g","url":"https:\/\/secure.gravatar.com\/avatar\/06fdc0dc81c157dfdb82ec42f252178a22307808988d22c043f9eb96f1e0fe80?s=96&d=mm&r=g","contentUrl":"https:\/\/secure.gravatar.com\/avatar\/06fdc0dc81c157dfdb82ec42f252178a22307808988d22c043f9eb96f1e0fe80?s=96&d=mm&r=g","caption":"mennworldcon"},"sameAs":["https:\/\/mwc-cmm.org"],"url":"https:\/\/mwc-cmm.org\/es\/stories\/author\/mennworldcon\/"}]}},"_links":{"self":[{"href":"https:\/\/mwc-cmm.org\/es\/wp-json\/wp\/v2\/posts\/8924","targetHints":{"allow":["GET"]}}],"collection":[{"href":"https:\/\/mwc-cmm.org\/es\/wp-json\/wp\/v2\/posts"}],"about":[{"href":"https:\/\/mwc-cmm.org\/es\/wp-json\/wp\/v2\/types\/post"}],"author":[{"embeddable":true,"href":"https:\/\/mwc-cmm.org\/es\/wp-json\/wp\/v2\/users\/1"}],"replies":[{"embeddable":true,"href":"https:\/\/mwc-cmm.org\/es\/wp-json\/wp\/v2\/comments?post=8924"}],"version-history":[{"count":0,"href":"https:\/\/mwc-cmm.org\/es\/wp-json\/wp\/v2\/posts\/8924\/revisions"}],"wp:featuredmedia":[{"embeddable":true,"href":"https:\/\/mwc-cmm.org\/es\/wp-json\/wp\/v2\/media\/91058"}],"wp:attachment":[{"href":"https:\/\/mwc-cmm.org\/es\/wp-json\/wp\/v2\/media?parent=8924"}],"wp:term":[{"taxonomy":"category","embeddable":true,"href":"https:\/\/mwc-cmm.org\/es\/wp-json\/wp\/v2\/categories?post=8924"},{"taxonomy":"post_tag","embeddable":true,"href":"https:\/\/mwc-cmm.org\/es\/wp-json\/wp\/v2\/tags?post=8924"},{"taxonomy":"network","embeddable":true,"href":"https:\/\/mwc-cmm.org\/es\/wp-json\/wp\/v2\/network?post=8924"},{"taxonomy":"eventcategory","embeddable":true,"href":"https:\/\/mwc-cmm.org\/es\/wp-json\/wp\/v2\/eventcategory?post=8924"}],"curies":[{"name":"wp","href":"https:\/\/api.w.org\/{rel}","templated":true}]}}