{"id":8913,"date":"2019-09-05T00:00:00","date_gmt":"2019-09-05T00:00:00","guid":{"rendered":"https:\/\/mwc-cmm.org\/more-curious-more-daring-3\/"},"modified":"2024-12-10T18:02:09","modified_gmt":"2024-12-10T18:02:09","slug":"more-curious-more-daring-3","status":"publish","type":"post","link":"https:\/\/mwc-cmm.org\/es\/stories\/more-curious-more-daring-3\/","title":{"rendered":"M\u00e1s curioso, m\u00e1s audaz"},"content":{"rendered":"<p>\u201cEste a\u00f1o me ha ense\u00f1ado a ser m\u00e1s curioso, mas aventurero y espero cuando llego a mi pa\u00eds&nbsp;pueda ser un mejor siervo a Cristo y a la Iglesia, y ser m\u00e1s atrevido al momento de asumir responsabilidades\u201d, afirma Gerhard Peters, un participante de YAMEN 2018\u20132019.<\/p>\n<p>El joven, quien pertenece a una colonia menonita en el estado de Chihuahua, en el norte de M\u00e9xico, sirvi\u00f3 en el Centro Meno, un centro de recursos en Santa Cruz, Bolivia. El centro ofrece programas de salud, agricultura y literatura en alem\u00e1n, para los aproximadamente 100.000 menonitas quienes hablan el dialecto alem\u00e1n en Bolivia. Esta poblaci\u00f3n innovadora pero tradicional vive en unas 90 colonias en la Bolivia rural.<\/p>\n<p>\u201cMe siento satisfecho cada vez que puedo ayudar a una persona encontrar un libro que le interesa o apoyarle con alguna duda o pregunta\u201d.<\/p>\n<p>Gerhard Peters trabaja en la biblioteca del centro ayudando a las personas a encontrar libros, el peri\u00f3dico<em> Die Mennonitische Post<\/em>, o simplemente hablando con los visitantes.<\/p>\n<p>En su trabajo habla hasta cuatro idiomas: el dialecto alem\u00e1n\/Plautdietsch con los menonitas de la colonia, ingl\u00e9s con los miembros internacionales del equipo del CCM en el Centro Meno, alem\u00e1n \u2013 mayormente para leer libros o peri\u00f3dicos en la biblioteca \u2013 y espa\u00f1ol con la familia anfitriona y la iglesia.<\/p>\n<p>Todo es un poco diferente de lo que sol\u00eda hacer \u2013 incluso la forma en la que se hablan los idiomas \u2013 pero Gerhard Peters aprende r\u00e1pidamente.<\/p>\n<p>\u201cAdoramos al mismo Dios&nbsp;y la Iglesia me hizo sentir en casa\u201d, se\u00f1ala.<\/p>\n<p>\u201cEstoy muy contento de que ellos me hayan inclu\u00eddo en su grupo de alabanza, a pesar de que la mayor\u00eda de las alabanzas eran nuevas para m\u00ed\u201d, dice Gerhard Peters, quien canta con el grupo de m\u00fasica en la Iglesia Evang\u00e9lica Menonita Boliviana Sina\u00ed. \u201cTienen paciencia conmigo al momento de aprenderlas\u201d.<\/p>\n<p><img decoding=\"async\" alt=\" Gerhard Peters\" data-src=\"\/sites\/default\/files\/website_files\/cropped.png\" style=\"width:400px; height:192px; margin:5px 10px; float:right\" src=\"data:image\/svg+xml;base64,PHN2ZyB3aWR0aD0iMSIgaGVpZ2h0PSIxIiB4bWxucz0iaHR0cDovL3d3dy53My5vcmcvMjAwMC9zdmciPjwvc3ZnPg==\" class=\"lazyload\" \/><\/p>\n<p>\u201cLos j\u00f3venes de la iglesia y la gente en general me hicieron sentirme en casa\u201d, comenta enumerando campeonatos de f\u00fatbol, campamentos los d\u00edas feriados nacionales y muchas veces tiempos de adoraci\u00f3n y juegos en los que participan juntos con los j\u00f3venes.<\/p>\n<p>Un momento inolvidable fue el culto de Pascuas ALBA, celebrado este a\u00f1o en Santa Cruz. A partir de la medianoche se comenz\u00f3 con alabanza, oraciones, drama y predicaci\u00f3n durante seis horas con una asistencia de 40.000 personas de 600 iglesias. \u201cEra sorprendente ver la gran multitud de Iglesias que se juntan y la uni\u00f3n entre ellas, para festejar un acontecimiento tan importante en el calendario cristiano\u201d.<\/p>\n<p>Gerhard Peters valora las relaciones que desarroll\u00f3 con los obreros del CCM de Bolivia y con otros j\u00f3venes en programas de intercambio. \u201cUna y uno trabaja para un mundo mejor y con la colaboraci\u00f3n de cada uno de ellos, mi a\u00f1o de servicio se fue muy r\u00e1pido. Voy a regresar con muchas experiencias buenas, momentos inolvidables y gozos\u201d.<\/p>\n<p>\u201cHe aprendido mucho durante este a\u00f1o y estoy muy agradecido con todas las personas que fueron parte de mi a\u00f1o voluntario\u201d, se\u00f1ala Gerhard Peters. \u201cNo todo fue f\u00e1cil y como yo esperaba, pero en esas, como en todas las situaciones Dios estaba y est\u00e1 a mi lado y puedo confiar plenamente en \u00e9l. \u00a1A Dios sea todo el honor y gloria!\u00bb<\/p>\n<p>&nbsp;<\/p>\n<p><em><a href=\"\/es\/node\/751\">YAMEN<\/a> es un programa conjunto entre el Comit\u00e9 Central Menonita (CCM) y el Congreso Mundial Menonita (CMM)<\/em><\/p>\n<p>&nbsp;<\/p>\n<p><em>\u2014<\/em><em>Un comunicado conjunto del Congreso Mundial Menonita y del Comit\u00e9 Central Menonita.<\/em><\/p>\n","protected":false},"excerpt":{"rendered":"<p>\u201cEste a\u00f1o me ha ense\u00f1ado a ser m\u00e1s curioso, mas aventurero y espero cuando llego a mi pa\u00eds&nbsp;pueda ser un mejor siervo a Cristo y a la Iglesia, y ser m\u00e1s atrevido al momento de asumir responsabilidades\u201d, afirma Gerhard Peters, un participante de YAMEN 2018\u20132019. El joven, quien pertenece a una colonia menonita en el [&hellip;]<\/p>\n","protected":false},"author":1,"featured_media":13016,"comment_status":"closed","ping_status":"closed","sticky":false,"template":"","format":"standard","meta":{"_acf_changed":false,"footnotes":""},"categories":[6],"tags":[394],"network":[1301],"eventcategory":[],"class_list":["post-8913","post","type-post","status-publish","format-standard","has-post-thumbnail","hentry","category-sin-categorizar","tag-yabs-es","network-yamen-es"],"acf":[],"yoast_head":"<!-- This site is optimized with the Yoast SEO plugin v27.2 - https:\/\/yoast.com\/product\/yoast-seo-wordpress\/ -->\n<title>M\u00e1s curioso, m\u00e1s audaz - Mennonite World Conference<\/title>\n<meta name=\"robots\" content=\"index, follow, max-snippet:-1, max-image-preview:large, max-video-preview:-1\" \/>\n<link rel=\"canonical\" href=\"https:\/\/mwc-cmm.org\/es\/stories\/more-curious-more-daring-3\/\" \/>\n<meta property=\"og:locale\" content=\"es_ES\" \/>\n<meta property=\"og:type\" content=\"article\" \/>\n<meta property=\"og:title\" content=\"M\u00e1s curioso, m\u00e1s audaz - Mennonite World Conference\" \/>\n<meta property=\"og:description\" content=\"\u201cEste a\u00f1o me ha ense\u00f1ado a ser m\u00e1s curioso, mas aventurero y espero cuando llego a mi pa\u00eds&nbsp;pueda ser un mejor siervo a Cristo y a la Iglesia, y ser m\u00e1s atrevido al momento de asumir responsabilidades\u201d, afirma Gerhard Peters, un participante de YAMEN 2018\u20132019. El joven, quien pertenece a una colonia menonita en el [&hellip;]\" \/>\n<meta property=\"og:url\" content=\"https:\/\/mwc-cmm.org\/es\/stories\/more-curious-more-daring-3\/\" \/>\n<meta property=\"og:site_name\" content=\"Mennonite World Conference\" \/>\n<meta property=\"article:publisher\" content=\"https:\/\/www.facebook.com\/MennoniteWorldConference\" \/>\n<meta property=\"article:published_time\" content=\"2019-09-05T00:00:00+00:00\" \/>\n<meta property=\"article:modified_time\" content=\"2024-12-10T18:02:09+00:00\" \/>\n<meta property=\"og:image\" content=\"https:\/\/mwc-cmm.org\/wp-content\/uploads\/2024\/10\/yamen-gp-2019-centromeno.jpg\" \/>\n\t<meta property=\"og:image:width\" content=\"180\" \/>\n\t<meta property=\"og:image:height\" content=\"135\" \/>\n\t<meta property=\"og:image:type\" content=\"image\/jpeg\" \/>\n<meta name=\"author\" content=\"mennworldcon\" \/>\n<script type=\"application\/ld+json\" class=\"yoast-schema-graph\">{\"@context\":\"https:\/\/schema.org\",\"@graph\":[{\"@type\":\"Article\",\"@id\":\"https:\/\/mwc-cmm.org\/es\/stories\/more-curious-more-daring-3\/#article\",\"isPartOf\":{\"@id\":\"https:\/\/mwc-cmm.org\/es\/stories\/more-curious-more-daring-3\/\"},\"author\":{\"name\":\"mennworldcon\",\"@id\":\"https:\/\/mwc-cmm.org\/en\/#\/schema\/person\/11f6ae0d7d1868ba20a1cc27f067c836\"},\"headline\":\"M\u00e1s curioso, m\u00e1s audaz\",\"datePublished\":\"2019-09-05T00:00:00+00:00\",\"dateModified\":\"2024-12-10T18:02:09+00:00\",\"mainEntityOfPage\":{\"@id\":\"https:\/\/mwc-cmm.org\/es\/stories\/more-curious-more-daring-3\/\"},\"wordCount\":600,\"publisher\":{\"@id\":\"https:\/\/mwc-cmm.org\/en\/#organization\"},\"image\":{\"@id\":\"https:\/\/mwc-cmm.org\/es\/stories\/more-curious-more-daring-3\/#primaryimage\"},\"thumbnailUrl\":\"https:\/\/mwc-cmm.org\/wp-content\/uploads\/2024\/10\/yamen-gp-2019-centromeno.jpg\",\"keywords\":[\"YABs\"],\"articleSection\":[\"Sin categorizar\"],\"inLanguage\":\"es\"},{\"@type\":\"WebPage\",\"@id\":\"https:\/\/mwc-cmm.org\/es\/stories\/more-curious-more-daring-3\/\",\"url\":\"https:\/\/mwc-cmm.org\/es\/stories\/more-curious-more-daring-3\/\",\"name\":\"M\u00e1s curioso, m\u00e1s audaz - Mennonite World Conference\",\"isPartOf\":{\"@id\":\"https:\/\/mwc-cmm.org\/en\/#website\"},\"primaryImageOfPage\":{\"@id\":\"https:\/\/mwc-cmm.org\/es\/stories\/more-curious-more-daring-3\/#primaryimage\"},\"image\":{\"@id\":\"https:\/\/mwc-cmm.org\/es\/stories\/more-curious-more-daring-3\/#primaryimage\"},\"thumbnailUrl\":\"https:\/\/mwc-cmm.org\/wp-content\/uploads\/2024\/10\/yamen-gp-2019-centromeno.jpg\",\"datePublished\":\"2019-09-05T00:00:00+00:00\",\"dateModified\":\"2024-12-10T18:02:09+00:00\",\"breadcrumb\":{\"@id\":\"https:\/\/mwc-cmm.org\/es\/stories\/more-curious-more-daring-3\/#breadcrumb\"},\"inLanguage\":\"es\",\"potentialAction\":[{\"@type\":\"ReadAction\",\"target\":[\"https:\/\/mwc-cmm.org\/es\/stories\/more-curious-more-daring-3\/\"]}]},{\"@type\":\"ImageObject\",\"inLanguage\":\"es\",\"@id\":\"https:\/\/mwc-cmm.org\/es\/stories\/more-curious-more-daring-3\/#primaryimage\",\"url\":\"https:\/\/mwc-cmm.org\/wp-content\/uploads\/2024\/10\/yamen-gp-2019-centromeno.jpg\",\"contentUrl\":\"https:\/\/mwc-cmm.org\/wp-content\/uploads\/2024\/10\/yamen-gp-2019-centromeno.jpg\",\"width\":180,\"height\":135},{\"@type\":\"BreadcrumbList\",\"@id\":\"https:\/\/mwc-cmm.org\/es\/stories\/more-curious-more-daring-3\/#breadcrumb\",\"itemListElement\":[{\"@type\":\"ListItem\",\"position\":1,\"name\":\"Home\",\"item\":\"https:\/\/mwc-cmm.org\/es\/\"},{\"@type\":\"ListItem\",\"position\":2,\"name\":\"M\u00e1s curioso, m\u00e1s audaz\"}]},{\"@type\":\"WebSite\",\"@id\":\"https:\/\/mwc-cmm.org\/en\/#website\",\"url\":\"https:\/\/mwc-cmm.org\/en\/\",\"name\":\"Mennonite World Conference\",\"description\":\"A communion of Anabaptist-related churches\",\"publisher\":{\"@id\":\"https:\/\/mwc-cmm.org\/en\/#organization\"},\"alternateName\":\"MWC\",\"potentialAction\":[{\"@type\":\"SearchAction\",\"target\":{\"@type\":\"EntryPoint\",\"urlTemplate\":\"https:\/\/mwc-cmm.org\/en\/?s={search_term_string}\"},\"query-input\":{\"@type\":\"PropertyValueSpecification\",\"valueRequired\":true,\"valueName\":\"search_term_string\"}}],\"inLanguage\":\"es\"},{\"@type\":\"Organization\",\"@id\":\"https:\/\/mwc-cmm.org\/en\/#organization\",\"name\":\"Mennonite World Conference\",\"alternateName\":\"MWC\",\"url\":\"https:\/\/mwc-cmm.org\/en\/\",\"logo\":{\"@type\":\"ImageObject\",\"inLanguage\":\"es\",\"@id\":\"https:\/\/mwc-cmm.org\/en\/#\/schema\/logo\/image\/\",\"url\":\"https:\/\/mwc-cmm.org\/wp-content\/uploads\/2026\/01\/MWC_Sig_Blue_Horiz_webheader1-logo.svg\",\"contentUrl\":\"https:\/\/mwc-cmm.org\/wp-content\/uploads\/2026\/01\/MWC_Sig_Blue_Horiz_webheader1-logo.svg\",\"width\":786,\"height\":82,\"caption\":\"Mennonite World Conference\"},\"image\":{\"@id\":\"https:\/\/mwc-cmm.org\/en\/#\/schema\/logo\/image\/\"},\"sameAs\":[\"https:\/\/www.facebook.com\/MennoniteWorldConference\",\"https:\/\/www.linkedin.com\/company\/mennonite-world-conference-mwc\/\",\"https:\/\/www.instagram.com\/mwcmm\/\",\"https:\/\/www.youtube.com\/user\/mwccmm\",\"https:\/\/bsky.app\/profile\/mwcmm.bsky.social\"]},{\"@type\":\"Person\",\"@id\":\"https:\/\/mwc-cmm.org\/en\/#\/schema\/person\/11f6ae0d7d1868ba20a1cc27f067c836\",\"name\":\"mennworldcon\",\"image\":{\"@type\":\"ImageObject\",\"inLanguage\":\"es\",\"@id\":\"https:\/\/secure.gravatar.com\/avatar\/06fdc0dc81c157dfdb82ec42f252178a22307808988d22c043f9eb96f1e0fe80?s=96&d=mm&r=g\",\"url\":\"https:\/\/secure.gravatar.com\/avatar\/06fdc0dc81c157dfdb82ec42f252178a22307808988d22c043f9eb96f1e0fe80?s=96&d=mm&r=g\",\"contentUrl\":\"https:\/\/secure.gravatar.com\/avatar\/06fdc0dc81c157dfdb82ec42f252178a22307808988d22c043f9eb96f1e0fe80?s=96&d=mm&r=g\",\"caption\":\"mennworldcon\"},\"sameAs\":[\"https:\/\/mwc-cmm.org\"],\"url\":\"https:\/\/mwc-cmm.org\/es\/stories\/author\/mennworldcon\/\"}]}<\/script>\n<!-- \/ Yoast SEO plugin. -->","yoast_head_json":{"title":"M\u00e1s curioso, m\u00e1s audaz - Mennonite World Conference","robots":{"index":"index","follow":"follow","max-snippet":"max-snippet:-1","max-image-preview":"max-image-preview:large","max-video-preview":"max-video-preview:-1"},"canonical":"https:\/\/mwc-cmm.org\/es\/stories\/more-curious-more-daring-3\/","og_locale":"es_ES","og_type":"article","og_title":"M\u00e1s curioso, m\u00e1s audaz - Mennonite World Conference","og_description":"\u201cEste a\u00f1o me ha ense\u00f1ado a ser m\u00e1s curioso, mas aventurero y espero cuando llego a mi pa\u00eds&nbsp;pueda ser un mejor siervo a Cristo y a la Iglesia, y ser m\u00e1s atrevido al momento de asumir responsabilidades\u201d, afirma Gerhard Peters, un participante de YAMEN 2018\u20132019. El joven, quien pertenece a una colonia menonita en el [&hellip;]","og_url":"https:\/\/mwc-cmm.org\/es\/stories\/more-curious-more-daring-3\/","og_site_name":"Mennonite World Conference","article_publisher":"https:\/\/www.facebook.com\/MennoniteWorldConference","article_published_time":"2019-09-05T00:00:00+00:00","article_modified_time":"2024-12-10T18:02:09+00:00","og_image":[{"width":180,"height":135,"url":"https:\/\/mwc-cmm.org\/wp-content\/uploads\/2024\/10\/yamen-gp-2019-centromeno.jpg","type":"image\/jpeg"}],"author":"mennworldcon","schema":{"@context":"https:\/\/schema.org","@graph":[{"@type":"Article","@id":"https:\/\/mwc-cmm.org\/es\/stories\/more-curious-more-daring-3\/#article","isPartOf":{"@id":"https:\/\/mwc-cmm.org\/es\/stories\/more-curious-more-daring-3\/"},"author":{"name":"mennworldcon","@id":"https:\/\/mwc-cmm.org\/en\/#\/schema\/person\/11f6ae0d7d1868ba20a1cc27f067c836"},"headline":"M\u00e1s curioso, m\u00e1s audaz","datePublished":"2019-09-05T00:00:00+00:00","dateModified":"2024-12-10T18:02:09+00:00","mainEntityOfPage":{"@id":"https:\/\/mwc-cmm.org\/es\/stories\/more-curious-more-daring-3\/"},"wordCount":600,"publisher":{"@id":"https:\/\/mwc-cmm.org\/en\/#organization"},"image":{"@id":"https:\/\/mwc-cmm.org\/es\/stories\/more-curious-more-daring-3\/#primaryimage"},"thumbnailUrl":"https:\/\/mwc-cmm.org\/wp-content\/uploads\/2024\/10\/yamen-gp-2019-centromeno.jpg","keywords":["YABs"],"articleSection":["Sin categorizar"],"inLanguage":"es"},{"@type":"WebPage","@id":"https:\/\/mwc-cmm.org\/es\/stories\/more-curious-more-daring-3\/","url":"https:\/\/mwc-cmm.org\/es\/stories\/more-curious-more-daring-3\/","name":"M\u00e1s curioso, m\u00e1s audaz - Mennonite World Conference","isPartOf":{"@id":"https:\/\/mwc-cmm.org\/en\/#website"},"primaryImageOfPage":{"@id":"https:\/\/mwc-cmm.org\/es\/stories\/more-curious-more-daring-3\/#primaryimage"},"image":{"@id":"https:\/\/mwc-cmm.org\/es\/stories\/more-curious-more-daring-3\/#primaryimage"},"thumbnailUrl":"https:\/\/mwc-cmm.org\/wp-content\/uploads\/2024\/10\/yamen-gp-2019-centromeno.jpg","datePublished":"2019-09-05T00:00:00+00:00","dateModified":"2024-12-10T18:02:09+00:00","breadcrumb":{"@id":"https:\/\/mwc-cmm.org\/es\/stories\/more-curious-more-daring-3\/#breadcrumb"},"inLanguage":"es","potentialAction":[{"@type":"ReadAction","target":["https:\/\/mwc-cmm.org\/es\/stories\/more-curious-more-daring-3\/"]}]},{"@type":"ImageObject","inLanguage":"es","@id":"https:\/\/mwc-cmm.org\/es\/stories\/more-curious-more-daring-3\/#primaryimage","url":"https:\/\/mwc-cmm.org\/wp-content\/uploads\/2024\/10\/yamen-gp-2019-centromeno.jpg","contentUrl":"https:\/\/mwc-cmm.org\/wp-content\/uploads\/2024\/10\/yamen-gp-2019-centromeno.jpg","width":180,"height":135},{"@type":"BreadcrumbList","@id":"https:\/\/mwc-cmm.org\/es\/stories\/more-curious-more-daring-3\/#breadcrumb","itemListElement":[{"@type":"ListItem","position":1,"name":"Home","item":"https:\/\/mwc-cmm.org\/es\/"},{"@type":"ListItem","position":2,"name":"M\u00e1s curioso, m\u00e1s audaz"}]},{"@type":"WebSite","@id":"https:\/\/mwc-cmm.org\/en\/#website","url":"https:\/\/mwc-cmm.org\/en\/","name":"Mennonite World Conference","description":"A communion of Anabaptist-related churches","publisher":{"@id":"https:\/\/mwc-cmm.org\/en\/#organization"},"alternateName":"MWC","potentialAction":[{"@type":"SearchAction","target":{"@type":"EntryPoint","urlTemplate":"https:\/\/mwc-cmm.org\/en\/?s={search_term_string}"},"query-input":{"@type":"PropertyValueSpecification","valueRequired":true,"valueName":"search_term_string"}}],"inLanguage":"es"},{"@type":"Organization","@id":"https:\/\/mwc-cmm.org\/en\/#organization","name":"Mennonite World Conference","alternateName":"MWC","url":"https:\/\/mwc-cmm.org\/en\/","logo":{"@type":"ImageObject","inLanguage":"es","@id":"https:\/\/mwc-cmm.org\/en\/#\/schema\/logo\/image\/","url":"https:\/\/mwc-cmm.org\/wp-content\/uploads\/2026\/01\/MWC_Sig_Blue_Horiz_webheader1-logo.svg","contentUrl":"https:\/\/mwc-cmm.org\/wp-content\/uploads\/2026\/01\/MWC_Sig_Blue_Horiz_webheader1-logo.svg","width":786,"height":82,"caption":"Mennonite World Conference"},"image":{"@id":"https:\/\/mwc-cmm.org\/en\/#\/schema\/logo\/image\/"},"sameAs":["https:\/\/www.facebook.com\/MennoniteWorldConference","https:\/\/www.linkedin.com\/company\/mennonite-world-conference-mwc\/","https:\/\/www.instagram.com\/mwcmm\/","https:\/\/www.youtube.com\/user\/mwccmm","https:\/\/bsky.app\/profile\/mwcmm.bsky.social"]},{"@type":"Person","@id":"https:\/\/mwc-cmm.org\/en\/#\/schema\/person\/11f6ae0d7d1868ba20a1cc27f067c836","name":"mennworldcon","image":{"@type":"ImageObject","inLanguage":"es","@id":"https:\/\/secure.gravatar.com\/avatar\/06fdc0dc81c157dfdb82ec42f252178a22307808988d22c043f9eb96f1e0fe80?s=96&d=mm&r=g","url":"https:\/\/secure.gravatar.com\/avatar\/06fdc0dc81c157dfdb82ec42f252178a22307808988d22c043f9eb96f1e0fe80?s=96&d=mm&r=g","contentUrl":"https:\/\/secure.gravatar.com\/avatar\/06fdc0dc81c157dfdb82ec42f252178a22307808988d22c043f9eb96f1e0fe80?s=96&d=mm&r=g","caption":"mennworldcon"},"sameAs":["https:\/\/mwc-cmm.org"],"url":"https:\/\/mwc-cmm.org\/es\/stories\/author\/mennworldcon\/"}]}},"_links":{"self":[{"href":"https:\/\/mwc-cmm.org\/es\/wp-json\/wp\/v2\/posts\/8913","targetHints":{"allow":["GET"]}}],"collection":[{"href":"https:\/\/mwc-cmm.org\/es\/wp-json\/wp\/v2\/posts"}],"about":[{"href":"https:\/\/mwc-cmm.org\/es\/wp-json\/wp\/v2\/types\/post"}],"author":[{"embeddable":true,"href":"https:\/\/mwc-cmm.org\/es\/wp-json\/wp\/v2\/users\/1"}],"replies":[{"embeddable":true,"href":"https:\/\/mwc-cmm.org\/es\/wp-json\/wp\/v2\/comments?post=8913"}],"version-history":[{"count":0,"href":"https:\/\/mwc-cmm.org\/es\/wp-json\/wp\/v2\/posts\/8913\/revisions"}],"wp:featuredmedia":[{"embeddable":true,"href":"https:\/\/mwc-cmm.org\/es\/wp-json\/wp\/v2\/media\/13016"}],"wp:attachment":[{"href":"https:\/\/mwc-cmm.org\/es\/wp-json\/wp\/v2\/media?parent=8913"}],"wp:term":[{"taxonomy":"category","embeddable":true,"href":"https:\/\/mwc-cmm.org\/es\/wp-json\/wp\/v2\/categories?post=8913"},{"taxonomy":"post_tag","embeddable":true,"href":"https:\/\/mwc-cmm.org\/es\/wp-json\/wp\/v2\/tags?post=8913"},{"taxonomy":"network","embeddable":true,"href":"https:\/\/mwc-cmm.org\/es\/wp-json\/wp\/v2\/network?post=8913"},{"taxonomy":"eventcategory","embeddable":true,"href":"https:\/\/mwc-cmm.org\/es\/wp-json\/wp\/v2\/eventcategory?post=8913"}],"curies":[{"name":"wp","href":"https:\/\/api.w.org\/{rel}","templated":true}]}}