{"id":8897,"date":"2019-08-02T00:00:00","date_gmt":"2019-08-02T00:00:00","guid":{"rendered":"https:\/\/mwc-cmm.org\/little-guests-3\/"},"modified":"2024-12-10T18:02:02","modified_gmt":"2024-12-10T18:02:02","slug":"pequenos-hu%c2%8espedes","status":"publish","type":"post","link":"https:\/\/mwc-cmm.org\/es\/stories\/pequenos-hu%c2%8espedes\/","title":{"rendered":"Peque\u00f1os hu\u00e9spedes"},"content":{"rendered":"<div style=\"clear:both;\">\n<div style=\"clear:both;\">\n<p paraeid=\"{d6a1ca2f-9acd-4433-b9c6-05bcd103150a}{169}\" paraid=\"1058624759\"><span data-contrast=\"auto\" xml_lang=\"ES-ES\">En el proceso de trasladarme a otro pa\u00eds, encontr\u00e9 una carta que mi hija menor me escribi\u00f3 cuando ten\u00eda siete a\u00f1os\u2026 Ahora ella tiene 23. \u00a1Qu\u00e9 gratos recuerdos de su infancia! <\/span><\/p>\n<\/div>\n<div style=\"clear:both;\">\n<p paraeid=\"{d6a1ca2f-9acd-4433-b9c6-05bcd103150a}{175}\" paraid=\"1253067222\"><span data-contrast=\"auto\" xml_lang=\"ES-ES\">Esa carta me trajo a la memoria otros momentos, como cuand<\/span><span data-contrast=\"auto\" xml_lang=\"ES-ES\">o a los cuatro <\/span><span data-contrast=\"auto\" xml_lang=\"ES-ES\">a\u00f1os de edad<\/span><span data-contrast=\"auto\" xml_lang=\"ES-ES\"> me dijo: \u201cJes\u00fas est\u00e1 muy estirado, \u00bfverdad? \u2026 \u00c9l se <\/span><span data-contrast=\"auto\" xml_lang=\"ES-ES\">estiiiiiiiira<\/span><span data-contrast=\"auto\" xml_lang=\"ES-ES\"> y se <\/span><span data-contrast=\"auto\" xml_lang=\"ES-ES\">estiiiiiiiiira<\/span><span data-contrast=\"auto\" xml_lang=\"ES-ES\">\u2026\u201d \u00a1Su primera afirmaci\u00f3n de fe! Al preguntarle por qu\u00e9 Jes\u00fas estaba estirado, me respondi\u00f3 que era as\u00ed porque \u00e9l estaba en todas partes. <\/span><\/p>\n<\/div>\n<div style=\"clear:both;\">\n<p paraeid=\"{d6a1ca2f-9acd-4433-b9c6-05bcd103150a}{195}\" paraid=\"1342509550\"><span data-contrast=\"auto\" xml_lang=\"ES-ES\">Era s<\/span><span data-contrast=\"auto\" xml_lang=\"ES-ES\">u forma de entender la idea de la presencia de Dios en toda la creaci\u00f3n.<\/span><\/p>\n<\/div>\n<div style=\"clear:both;\">\n<p paraeid=\"{d6a1ca2f-9acd-4433-b9c6-05bcd103150a}{203}\" paraid=\"1691937406\"><span data-contrast=\"auto\" xml_lang=\"ES-ES\">Los ni\u00f1os y ni\u00f1as son un hermoso regalo de Dios. Traen gozo, fuerza, esperanza\u2026 y tambi\u00e9n grandes retos (como tratar de explicar a una <\/span><span data-contrast=\"auto\" xml_lang=\"ES-ES\">peque\u00f1a<\/span> <span data-contrast=\"auto\" xml_lang=\"ES-ES\">ni\u00f1a <\/span><span data-contrast=\"auto\" xml_lang=\"ES-ES\">la idea de un Jes\u00fas siempre presen<\/span><span data-contrast=\"auto\" xml_lang=\"ES-ES\">te en medio <\/span><span data-contrast=\"auto\" xml_lang=\"ES-ES\">de nosotros)<\/span><span data-contrast=\"auto\" xml_lang=\"ES-ES\">. <\/span><\/p>\n<\/div>\n<div style=\"clear:both;\">\n<p paraeid=\"{d6a1ca2f-9acd-4433-b9c6-05bcd103150a}{223}\" paraid=\"360822290\"><span data-contrast=\"auto\" xml_lang=\"ES-ES\">Los infantes entran a nuestras vidas como hu\u00e9spedes que requieren nuestra atenci\u00f3n, cuidado y afecto. Y como hu\u00e9spedes tambi\u00e9n nos dejan para continuar su viaje despu\u00e9s de visitarnos en casa. <\/span><\/p>\n<\/div>\n<div style=\"clear:both;\">\n<p paraeid=\"{d6a1ca2f-9acd-4433-b9c6-05bcd103150a}{229}\" paraid=\"1936686914\"><span data-contrast=\"auto\" xml_lang=\"ES-ES\">Mis hijas ya no viven con nosotros, pe<\/span><span data-contrast=\"auto\" xml_lang=\"ES-ES\">ro continuamos hablando de asuntos de fe aun despu\u00e9s de su partida.<\/span><\/p>\n<\/div>\n<div style=\"clear:both;\">\n<p paraeid=\"{d6a1ca2f-9acd-4433-b9c6-05bcd103150a}{237}\" paraid=\"718719467\"><span data-contrast=\"auto\" xml_lang=\"ES-ES\">A veces me pregunto si hoy en d\u00eda podr\u00edamos continuar nuestras conversaciones sobre Dios sin el fundamento de buenas conversaciones <\/span><span data-contrast=\"auto\" xml_lang=\"ES-ES\">durante<\/span><span data-contrast=\"auto\" xml_lang=\"ES-ES\"> su infancia. \u00bfC\u00f3mo ser\u00eda nuestra relaci\u00f3n hoy s<\/span><span data-contrast=\"auto\" xml_lang=\"ES-ES\">i no se hubieran sentido bienvenidas y seguras en nuestro hogar? <\/span><\/p>\n<\/div>\n<div style=\"clear:both;\">\n<p paraeid=\"{d6a1ca2f-9acd-4433-b9c6-05bcd103150a}{249}\" paraid=\"173464271\"><span data-contrast=\"auto\" xml_lang=\"ES-ES\">La forma en que tratamos a aquellos hu\u00e9spedes que llamamos descendientes, determina en buena medida c\u00f3mo ser\u00e1 nuestra relaci\u00f3n con ellos una vez que partan de casa.<\/span><\/p>\n<\/div>\n<div style=\"clear:both;\">\n<p paraeid=\"{d6a1ca2f-9acd-4433-b9c6-05bcd103150a}{255}\" paraid=\"1539723685\"><span data-contrast=\"auto\" xml_lang=\"ES-ES\">En la iglesia pasa lo mis<\/span><span data-contrast=\"auto\" xml_lang=\"ES-ES\">mo. Los ministerios infantiles en cada congregaci\u00f3n son una forma muy importante de acoger y bendecir a los ni\u00f1os y ni\u00f1as que llegan como hu\u00e9spedes a nuestras comunidades. La forma en que se les trata <\/span><span data-contrast=\"auto\" xml_lang=\"ES-ES\">puede<\/span> <span data-contrast=\"auto\" xml_lang=\"ES-ES\">determinar, en <\/span><span data-contrast=\"auto\" xml_lang=\"ES-ES\">gran manera, c\u00f3mo se relacionar\u00e1n <\/span><span data-contrast=\"auto\" xml_lang=\"ES-ES\">con la iglesia una vez que crezcan y sigan su camino como adultos. Desafortunadamente, son muchas las personas que han sido v\u00edctimas de la indiferencia, del rechazo, e incluso del abuso f\u00edsico o emocional en contextos eclesiales.<\/span><\/p>\n<\/div>\n<div style=\"clear:both;\">\n<p paraeid=\"{3ae57119-2c82-4d65-829d-a027b5aa598d}{18}\" paraid=\"1993080907\"><span data-contrast=\"auto\" xml_lang=\"ES-ES\">Este n\u00famero de <\/span><span data-contrast=\"auto\" xml_lang=\"ES-ES\">Correo<\/span><span data-contrast=\"auto\" xml_lang=\"ES-ES\"> se <\/span><span data-contrast=\"auto\" xml_lang=\"ES-ES\">ha centrado en el ministerio infantil, deseando que nuestra iglesia mundial contin\u00fae siendo un lugar de refugio y hospitalidad expresado en cada comunidad local para los ni\u00f1os y ni\u00f1as de nuestra sociedad. <\/span><span data-contrast=\"auto\" xml_lang=\"ES-ES\">Preparaci\u00f3n<\/span><span data-contrast=\"auto\" xml_lang=\"ES-ES\"> cuidadosa de l\u00edderes y docentes, <\/span><span data-contrast=\"auto\" xml_lang=\"ES-ES\">ambien<\/span><span data-contrast=\"auto\" xml_lang=\"ES-ES\">tes<\/span><span data-contrast=\"auto\" xml_lang=\"ES-ES\"> libres de abuso y <\/span><span data-contrast=\"auto\" xml_lang=\"ES-ES\">participaci\u00f3n <\/span><span data-contrast=\"auto\" xml_lang=\"ES-ES\">activa<\/span><span data-contrast=\"auto\" xml_lang=\"ES-ES\"> en la vida de la iglesia son algunos de los aspectos que <\/span><span data-contrast=\"auto\" xml_lang=\"ES-ES\">Correo<\/span><span data-contrast=\"auto\" xml_lang=\"ES-ES\"> nos invita a tener en cuenta en este ministerio tan importante.<\/span><\/p>\n<\/div>\n<div style=\"clear:both;\">\n<p paraeid=\"{3ae57119-2c82-4d65-829d-a027b5aa598d}{50}\" paraid=\"1855345038\"><span data-contrast=\"auto\" xml_lang=\"ES-ES\">Es mi oraci\u00f3n que nuestras congregaciones contin\u00faen siendo lugares que traigan grato<\/span><span data-contrast=\"auto\" xml_lang=\"ES-ES\">s recuerdos para nuestros ni\u00f1os y ni\u00f1as <\/span><span data-contrast=\"auto\" xml_lang=\"ES-ES\">de todo el <\/span><span data-contrast=\"auto\" xml_lang=\"ES-ES\">mundo, lugares donde la presencia de Jes\u00fas contin\u00fae siendo palpable para cada hu\u00e9sped que <\/span><span data-contrast=\"auto\" xml_lang=\"ES-ES\">recibamos<\/span><span data-contrast=\"auto\" xml_lang=\"ES-ES\">.<\/span><\/p>\n<\/div>\n<\/div>\n<div style=\"clear:both;\">\n<p paraeid=\"{b2603baf-c685-4629-bb5d-02c61d7627ca}{167}\" paraid=\"55327052\"><em><span data-contrast=\"none\" xml_lang=\"EN-CA\">\u2014<\/span><\/em><em><span data-contrast=\"none\" xml_lang=\"EN-CA\">C\u00e9sar Garc\u00eda, secretario general del CMM, trabaja desde la oficina de la secretar\u00eda general en Kitchener, Ontario, Canad\u00e1.<\/span><\/em><\/p>\n<\/div>\n<p><em>Este art\u00edculo apareci\u00f3 por primera vez en <a href=\"https:\/\/mwc-cmm.org\/article\/correo?language=es\">Correo\/Courier\/Courrier en abril de 2019.<\/a><\/em><\/p>\n","protected":false},"excerpt":{"rendered":"<p>NULL<\/p>\n","protected":false},"author":1,"featured_media":90722,"comment_status":"closed","ping_status":"closed","sticky":false,"template":"","format":"standard","meta":{"_acf_changed":false,"footnotes":""},"categories":[6],"tags":[],"network":[],"eventcategory":[],"class_list":["post-8897","post","type-post","status-publish","format-standard","has-post-thumbnail","hentry","category-sin-categorizar"],"acf":[],"yoast_head":"<!-- This site is optimized with the Yoast SEO plugin v27.5 - https:\/\/yoast.com\/product\/yoast-seo-wordpress\/ -->\n<title>Peque\u00f1os hu\u00e9spedes - Mennonite World Conference<\/title>\n<meta name=\"robots\" content=\"index, follow, max-snippet:-1, max-image-preview:large, max-video-preview:-1\" \/>\n<link rel=\"canonical\" href=\"https:\/\/mwc-cmm.org\/es\/stories\/pequenos-hu\u008espedes\/\" \/>\n<meta property=\"og:locale\" content=\"es_ES\" \/>\n<meta property=\"og:type\" content=\"article\" \/>\n<meta property=\"og:title\" content=\"Peque\u00f1os hu\u00e9spedes - Mennonite World Conference\" \/>\n<meta property=\"og:description\" content=\"NULL\" \/>\n<meta property=\"og:url\" content=\"https:\/\/mwc-cmm.org\/es\/stories\/pequenos-hu\u008espedes\/\" \/>\n<meta property=\"og:site_name\" content=\"Mennonite World Conference\" \/>\n<meta property=\"article:publisher\" content=\"https:\/\/www.facebook.com\/MennoniteWorldConference\" \/>\n<meta property=\"article:published_time\" content=\"2019-08-02T00:00:00+00:00\" \/>\n<meta property=\"article:modified_time\" content=\"2024-12-10T18:02:02+00:00\" \/>\n<meta property=\"og:image\" content=\"https:\/\/mwc-cmm.org\/wp-content\/uploads\/2024\/11\/back_page_image_cropped.png\" \/>\n\t<meta property=\"og:image:width\" content=\"1200\" \/>\n\t<meta property=\"og:image:height\" content=\"567\" \/>\n\t<meta property=\"og:image:type\" content=\"image\/png\" \/>\n<meta name=\"author\" content=\"mennworldcon\" \/>\n<script type=\"application\/ld+json\" class=\"yoast-schema-graph\">{\"@context\":\"https:\\\/\\\/schema.org\",\"@graph\":[{\"@type\":\"Article\",\"@id\":\"https:\\\/\\\/mwc-cmm.org\\\/es\\\/stories\\\/pequenos-hu%c2%8espedes\\\/#article\",\"isPartOf\":{\"@id\":\"https:\\\/\\\/mwc-cmm.org\\\/es\\\/stories\\\/pequenos-hu%c2%8espedes\\\/\"},\"author\":{\"name\":\"mennworldcon\",\"@id\":\"https:\\\/\\\/mwc-cmm.org\\\/en\\\/#\\\/schema\\\/person\\\/11f6ae0d7d1868ba20a1cc27f067c836\"},\"headline\":\"Peque\u00f1os hu\u00e9spedes\",\"datePublished\":\"2019-08-02T00:00:00+00:00\",\"dateModified\":\"2024-12-10T18:02:02+00:00\",\"mainEntityOfPage\":{\"@id\":\"https:\\\/\\\/mwc-cmm.org\\\/es\\\/stories\\\/pequenos-hu%c2%8espedes\\\/\"},\"wordCount\":543,\"publisher\":{\"@id\":\"https:\\\/\\\/mwc-cmm.org\\\/en\\\/#organization\"},\"image\":{\"@id\":\"https:\\\/\\\/mwc-cmm.org\\\/es\\\/stories\\\/pequenos-hu%c2%8espedes\\\/#primaryimage\"},\"thumbnailUrl\":\"https:\\\/\\\/mwc-cmm.org\\\/wp-content\\\/uploads\\\/2024\\\/11\\\/back_page_image_cropped.png\",\"articleSection\":[\"Sin categorizar\"],\"inLanguage\":\"es\"},{\"@type\":\"WebPage\",\"@id\":\"https:\\\/\\\/mwc-cmm.org\\\/es\\\/stories\\\/pequenos-hu%c2%8espedes\\\/\",\"url\":\"https:\\\/\\\/mwc-cmm.org\\\/es\\\/stories\\\/pequenos-hu%c2%8espedes\\\/\",\"name\":\"Peque\u00f1os hu\u00e9spedes - Mennonite World Conference\",\"isPartOf\":{\"@id\":\"https:\\\/\\\/mwc-cmm.org\\\/en\\\/#website\"},\"primaryImageOfPage\":{\"@id\":\"https:\\\/\\\/mwc-cmm.org\\\/es\\\/stories\\\/pequenos-hu%c2%8espedes\\\/#primaryimage\"},\"image\":{\"@id\":\"https:\\\/\\\/mwc-cmm.org\\\/es\\\/stories\\\/pequenos-hu%c2%8espedes\\\/#primaryimage\"},\"thumbnailUrl\":\"https:\\\/\\\/mwc-cmm.org\\\/wp-content\\\/uploads\\\/2024\\\/11\\\/back_page_image_cropped.png\",\"datePublished\":\"2019-08-02T00:00:00+00:00\",\"dateModified\":\"2024-12-10T18:02:02+00:00\",\"breadcrumb\":{\"@id\":\"https:\\\/\\\/mwc-cmm.org\\\/es\\\/stories\\\/pequenos-hu%c2%8espedes\\\/#breadcrumb\"},\"inLanguage\":\"es\",\"potentialAction\":[{\"@type\":\"ReadAction\",\"target\":[\"https:\\\/\\\/mwc-cmm.org\\\/es\\\/stories\\\/pequenos-hu%c2%8espedes\\\/\"]}]},{\"@type\":\"ImageObject\",\"inLanguage\":\"es\",\"@id\":\"https:\\\/\\\/mwc-cmm.org\\\/es\\\/stories\\\/pequenos-hu%c2%8espedes\\\/#primaryimage\",\"url\":\"https:\\\/\\\/mwc-cmm.org\\\/wp-content\\\/uploads\\\/2024\\\/11\\\/back_page_image_cropped.png\",\"contentUrl\":\"https:\\\/\\\/mwc-cmm.org\\\/wp-content\\\/uploads\\\/2024\\\/11\\\/back_page_image_cropped.png\",\"width\":1200,\"height\":567},{\"@type\":\"BreadcrumbList\",\"@id\":\"https:\\\/\\\/mwc-cmm.org\\\/es\\\/stories\\\/pequenos-hu%c2%8espedes\\\/#breadcrumb\",\"itemListElement\":[{\"@type\":\"ListItem\",\"position\":1,\"name\":\"Home\",\"item\":\"https:\\\/\\\/mwc-cmm.org\\\/es\\\/\"},{\"@type\":\"ListItem\",\"position\":2,\"name\":\"Peque\u00f1os hu\u00e9spedes\"}]},{\"@type\":\"WebSite\",\"@id\":\"https:\\\/\\\/mwc-cmm.org\\\/en\\\/#website\",\"url\":\"https:\\\/\\\/mwc-cmm.org\\\/en\\\/\",\"name\":\"Mennonite World Conference\",\"description\":\"A communion of Anabaptist-related churches\",\"publisher\":{\"@id\":\"https:\\\/\\\/mwc-cmm.org\\\/en\\\/#organization\"},\"alternateName\":\"MWC\",\"potentialAction\":[{\"@type\":\"SearchAction\",\"target\":{\"@type\":\"EntryPoint\",\"urlTemplate\":\"https:\\\/\\\/mwc-cmm.org\\\/en\\\/?s={search_term_string}\"},\"query-input\":{\"@type\":\"PropertyValueSpecification\",\"valueRequired\":true,\"valueName\":\"search_term_string\"}}],\"inLanguage\":\"es\"},{\"@type\":\"Organization\",\"@id\":\"https:\\\/\\\/mwc-cmm.org\\\/en\\\/#organization\",\"name\":\"Mennonite World Conference\",\"alternateName\":\"MWC\",\"url\":\"https:\\\/\\\/mwc-cmm.org\\\/en\\\/\",\"logo\":{\"@type\":\"ImageObject\",\"inLanguage\":\"es\",\"@id\":\"https:\\\/\\\/mwc-cmm.org\\\/en\\\/#\\\/schema\\\/logo\\\/image\\\/\",\"url\":\"https:\\\/\\\/mwc-cmm.org\\\/wp-content\\\/uploads\\\/2026\\\/01\\\/MWC_Sig_Blue_Horiz_webheader1-logo.svg\",\"contentUrl\":\"https:\\\/\\\/mwc-cmm.org\\\/wp-content\\\/uploads\\\/2026\\\/01\\\/MWC_Sig_Blue_Horiz_webheader1-logo.svg\",\"width\":786,\"height\":82,\"caption\":\"Mennonite World Conference\"},\"image\":{\"@id\":\"https:\\\/\\\/mwc-cmm.org\\\/en\\\/#\\\/schema\\\/logo\\\/image\\\/\"},\"sameAs\":[\"https:\\\/\\\/www.facebook.com\\\/MennoniteWorldConference\",\"https:\\\/\\\/www.linkedin.com\\\/company\\\/mennonite-world-conference-mwc\\\/\",\"https:\\\/\\\/www.instagram.com\\\/mwcmm\\\/\",\"https:\\\/\\\/www.youtube.com\\\/user\\\/mwccmm\",\"https:\\\/\\\/bsky.app\\\/profile\\\/mwcmm.bsky.social\"]},{\"@type\":\"Person\",\"@id\":\"https:\\\/\\\/mwc-cmm.org\\\/en\\\/#\\\/schema\\\/person\\\/11f6ae0d7d1868ba20a1cc27f067c836\",\"name\":\"mennworldcon\",\"image\":{\"@type\":\"ImageObject\",\"inLanguage\":\"es\",\"@id\":\"https:\\\/\\\/secure.gravatar.com\\\/avatar\\\/06fdc0dc81c157dfdb82ec42f252178a22307808988d22c043f9eb96f1e0fe80?s=96&d=mm&r=g\",\"url\":\"https:\\\/\\\/secure.gravatar.com\\\/avatar\\\/06fdc0dc81c157dfdb82ec42f252178a22307808988d22c043f9eb96f1e0fe80?s=96&d=mm&r=g\",\"contentUrl\":\"https:\\\/\\\/secure.gravatar.com\\\/avatar\\\/06fdc0dc81c157dfdb82ec42f252178a22307808988d22c043f9eb96f1e0fe80?s=96&d=mm&r=g\",\"caption\":\"mennworldcon\"},\"sameAs\":[\"https:\\\/\\\/mwc-cmm.org\"],\"url\":\"https:\\\/\\\/mwc-cmm.org\\\/es\\\/stories\\\/author\\\/mennworldcon\\\/\"}]}<\/script>\n<!-- \/ Yoast SEO plugin. -->","yoast_head_json":{"title":"Peque\u00f1os hu\u00e9spedes - Mennonite World Conference","robots":{"index":"index","follow":"follow","max-snippet":"max-snippet:-1","max-image-preview":"max-image-preview:large","max-video-preview":"max-video-preview:-1"},"canonical":"https:\/\/mwc-cmm.org\/es\/stories\/pequenos-hu\u008espedes\/","og_locale":"es_ES","og_type":"article","og_title":"Peque\u00f1os hu\u00e9spedes - Mennonite World Conference","og_description":"NULL","og_url":"https:\/\/mwc-cmm.org\/es\/stories\/pequenos-hu\u008espedes\/","og_site_name":"Mennonite World Conference","article_publisher":"https:\/\/www.facebook.com\/MennoniteWorldConference","article_published_time":"2019-08-02T00:00:00+00:00","article_modified_time":"2024-12-10T18:02:02+00:00","og_image":[{"width":1200,"height":567,"url":"https:\/\/mwc-cmm.org\/wp-content\/uploads\/2024\/11\/back_page_image_cropped.png","type":"image\/png"}],"author":"mennworldcon","schema":{"@context":"https:\/\/schema.org","@graph":[{"@type":"Article","@id":"https:\/\/mwc-cmm.org\/es\/stories\/pequenos-hu%c2%8espedes\/#article","isPartOf":{"@id":"https:\/\/mwc-cmm.org\/es\/stories\/pequenos-hu%c2%8espedes\/"},"author":{"name":"mennworldcon","@id":"https:\/\/mwc-cmm.org\/en\/#\/schema\/person\/11f6ae0d7d1868ba20a1cc27f067c836"},"headline":"Peque\u00f1os hu\u00e9spedes","datePublished":"2019-08-02T00:00:00+00:00","dateModified":"2024-12-10T18:02:02+00:00","mainEntityOfPage":{"@id":"https:\/\/mwc-cmm.org\/es\/stories\/pequenos-hu%c2%8espedes\/"},"wordCount":543,"publisher":{"@id":"https:\/\/mwc-cmm.org\/en\/#organization"},"image":{"@id":"https:\/\/mwc-cmm.org\/es\/stories\/pequenos-hu%c2%8espedes\/#primaryimage"},"thumbnailUrl":"https:\/\/mwc-cmm.org\/wp-content\/uploads\/2024\/11\/back_page_image_cropped.png","articleSection":["Sin categorizar"],"inLanguage":"es"},{"@type":"WebPage","@id":"https:\/\/mwc-cmm.org\/es\/stories\/pequenos-hu%c2%8espedes\/","url":"https:\/\/mwc-cmm.org\/es\/stories\/pequenos-hu%c2%8espedes\/","name":"Peque\u00f1os hu\u00e9spedes - Mennonite World Conference","isPartOf":{"@id":"https:\/\/mwc-cmm.org\/en\/#website"},"primaryImageOfPage":{"@id":"https:\/\/mwc-cmm.org\/es\/stories\/pequenos-hu%c2%8espedes\/#primaryimage"},"image":{"@id":"https:\/\/mwc-cmm.org\/es\/stories\/pequenos-hu%c2%8espedes\/#primaryimage"},"thumbnailUrl":"https:\/\/mwc-cmm.org\/wp-content\/uploads\/2024\/11\/back_page_image_cropped.png","datePublished":"2019-08-02T00:00:00+00:00","dateModified":"2024-12-10T18:02:02+00:00","breadcrumb":{"@id":"https:\/\/mwc-cmm.org\/es\/stories\/pequenos-hu%c2%8espedes\/#breadcrumb"},"inLanguage":"es","potentialAction":[{"@type":"ReadAction","target":["https:\/\/mwc-cmm.org\/es\/stories\/pequenos-hu%c2%8espedes\/"]}]},{"@type":"ImageObject","inLanguage":"es","@id":"https:\/\/mwc-cmm.org\/es\/stories\/pequenos-hu%c2%8espedes\/#primaryimage","url":"https:\/\/mwc-cmm.org\/wp-content\/uploads\/2024\/11\/back_page_image_cropped.png","contentUrl":"https:\/\/mwc-cmm.org\/wp-content\/uploads\/2024\/11\/back_page_image_cropped.png","width":1200,"height":567},{"@type":"BreadcrumbList","@id":"https:\/\/mwc-cmm.org\/es\/stories\/pequenos-hu%c2%8espedes\/#breadcrumb","itemListElement":[{"@type":"ListItem","position":1,"name":"Home","item":"https:\/\/mwc-cmm.org\/es\/"},{"@type":"ListItem","position":2,"name":"Peque\u00f1os hu\u00e9spedes"}]},{"@type":"WebSite","@id":"https:\/\/mwc-cmm.org\/en\/#website","url":"https:\/\/mwc-cmm.org\/en\/","name":"Mennonite World Conference","description":"A communion of Anabaptist-related churches","publisher":{"@id":"https:\/\/mwc-cmm.org\/en\/#organization"},"alternateName":"MWC","potentialAction":[{"@type":"SearchAction","target":{"@type":"EntryPoint","urlTemplate":"https:\/\/mwc-cmm.org\/en\/?s={search_term_string}"},"query-input":{"@type":"PropertyValueSpecification","valueRequired":true,"valueName":"search_term_string"}}],"inLanguage":"es"},{"@type":"Organization","@id":"https:\/\/mwc-cmm.org\/en\/#organization","name":"Mennonite World Conference","alternateName":"MWC","url":"https:\/\/mwc-cmm.org\/en\/","logo":{"@type":"ImageObject","inLanguage":"es","@id":"https:\/\/mwc-cmm.org\/en\/#\/schema\/logo\/image\/","url":"https:\/\/mwc-cmm.org\/wp-content\/uploads\/2026\/01\/MWC_Sig_Blue_Horiz_webheader1-logo.svg","contentUrl":"https:\/\/mwc-cmm.org\/wp-content\/uploads\/2026\/01\/MWC_Sig_Blue_Horiz_webheader1-logo.svg","width":786,"height":82,"caption":"Mennonite World Conference"},"image":{"@id":"https:\/\/mwc-cmm.org\/en\/#\/schema\/logo\/image\/"},"sameAs":["https:\/\/www.facebook.com\/MennoniteWorldConference","https:\/\/www.linkedin.com\/company\/mennonite-world-conference-mwc\/","https:\/\/www.instagram.com\/mwcmm\/","https:\/\/www.youtube.com\/user\/mwccmm","https:\/\/bsky.app\/profile\/mwcmm.bsky.social"]},{"@type":"Person","@id":"https:\/\/mwc-cmm.org\/en\/#\/schema\/person\/11f6ae0d7d1868ba20a1cc27f067c836","name":"mennworldcon","image":{"@type":"ImageObject","inLanguage":"es","@id":"https:\/\/secure.gravatar.com\/avatar\/06fdc0dc81c157dfdb82ec42f252178a22307808988d22c043f9eb96f1e0fe80?s=96&d=mm&r=g","url":"https:\/\/secure.gravatar.com\/avatar\/06fdc0dc81c157dfdb82ec42f252178a22307808988d22c043f9eb96f1e0fe80?s=96&d=mm&r=g","contentUrl":"https:\/\/secure.gravatar.com\/avatar\/06fdc0dc81c157dfdb82ec42f252178a22307808988d22c043f9eb96f1e0fe80?s=96&d=mm&r=g","caption":"mennworldcon"},"sameAs":["https:\/\/mwc-cmm.org"],"url":"https:\/\/mwc-cmm.org\/es\/stories\/author\/mennworldcon\/"}]}},"_links":{"self":[{"href":"https:\/\/mwc-cmm.org\/es\/wp-json\/wp\/v2\/posts\/8897","targetHints":{"allow":["GET"]}}],"collection":[{"href":"https:\/\/mwc-cmm.org\/es\/wp-json\/wp\/v2\/posts"}],"about":[{"href":"https:\/\/mwc-cmm.org\/es\/wp-json\/wp\/v2\/types\/post"}],"author":[{"embeddable":true,"href":"https:\/\/mwc-cmm.org\/es\/wp-json\/wp\/v2\/users\/1"}],"replies":[{"embeddable":true,"href":"https:\/\/mwc-cmm.org\/es\/wp-json\/wp\/v2\/comments?post=8897"}],"version-history":[{"count":0,"href":"https:\/\/mwc-cmm.org\/es\/wp-json\/wp\/v2\/posts\/8897\/revisions"}],"wp:featuredmedia":[{"embeddable":true,"href":"https:\/\/mwc-cmm.org\/es\/wp-json\/wp\/v2\/media\/90722"}],"wp:attachment":[{"href":"https:\/\/mwc-cmm.org\/es\/wp-json\/wp\/v2\/media?parent=8897"}],"wp:term":[{"taxonomy":"category","embeddable":true,"href":"https:\/\/mwc-cmm.org\/es\/wp-json\/wp\/v2\/categories?post=8897"},{"taxonomy":"post_tag","embeddable":true,"href":"https:\/\/mwc-cmm.org\/es\/wp-json\/wp\/v2\/tags?post=8897"},{"taxonomy":"network","embeddable":true,"href":"https:\/\/mwc-cmm.org\/es\/wp-json\/wp\/v2\/network?post=8897"},{"taxonomy":"eventcategory","embeddable":true,"href":"https:\/\/mwc-cmm.org\/es\/wp-json\/wp\/v2\/eventcategory?post=8897"}],"curies":[{"name":"wp","href":"https:\/\/api.w.org\/{rel}","templated":true}]}}