{"id":8895,"date":"2019-08-13T00:00:00","date_gmt":"2019-08-13T00:00:00","guid":{"rendered":"https:\/\/mwc-cmm.org\/teaching-children-3\/"},"modified":"2024-12-10T18:02:01","modified_gmt":"2024-12-10T18:02:01","slug":"la-ensenanza-de-los-ninos","status":"publish","type":"post","link":"https:\/\/mwc-cmm.org\/es\/stories\/la-ensenanza-de-los-ninos\/","title":{"rendered":"La ense\u00f1anza de los ni\u00f1os"},"content":{"rendered":"<p><em>En este n\u00famero, presentamos ejemplos de c\u00f3mo miembros de la familia anabautista menonita crean un espacio para los ni\u00f1os en las iglesias locales de todo el mundo.<\/em><\/p>\n<hr \/>\n<p>Y ens\u00e9\u00f1aselas continuamente a tus hijos; h\u00e1blales de ellas, tanto en tu casa como en el camino, y cuando te acuestes y cuando te levantes\u201d<\/p>\n<p>Este fue un mandato directo de Dios a los israelitas hace miles de a\u00f1os, para que ense\u00f1aran la Palabra de Dios a los ni\u00f1os, porque para Dios son importantes. Dios cre\u00f3 a los ni\u00f1os y las ni\u00f1as, los ama y, lo m\u00e1s importante, no quisiera que perezcan. Este mandato se aplica a nosotros incluso hoy en d\u00eda el siglo XXI.<\/p>\n<p>Muchas iglesias se dan cuenta de ello e integran a los ni\u00f1os de diferentes maneras. Algunas tienen escuela dominical infantil. Otras los integran en sus cultos dominicales regulares, d\u00e1ndoles responsabilidades: recoger la ofrenda, leer las Escrituras, ayudar a dirigir la hora del culto, tocar un instrumento musical, repartir y recoger los cancioneros.<\/p>\n<h3><strong>Capacitaci\u00f3n para maestros de escuela dominical<\/strong><\/h3>\n<p>Uno de los aspectos importantes de realizar la escuela dominical es la capacitaci\u00f3n de maestros y maestras.<\/p>\n<p>A menudo, las personas comienzan a ense\u00f1ar en la escuela dominical debido al amor que sienten por los ni\u00f1os, aunque no est\u00e9n especialmente capacitadas para ello. Adem\u00e1s, despu\u00e9s de muchos a\u00f1os, a medida que el mundo va cambiando uno necesita actualizarse.<\/p>\n<p>Los ni\u00f1os est\u00e1n m\u00e1s avanzados que antes. La tecnolog\u00eda ha invadido casi cada aspecto de nuestras vidas. Por lo tanto, las iglesias organizan talleres de capacitaci\u00f3n\/ fortalecimiento de capacidades, o los env\u00edan a capacitaciones\/talleres en otros lugares. Es una bendici\u00f3n poder aprender nuevas innovaciones de ense\u00f1anza creativa y usos de la tecnolog\u00eda para acercarnos a los ni\u00f1os.<\/p>\n<p>La convenci\u00f3n de nuestra iglesia menonita se dio cuenta de su importancia, y ha comenzado a organizar capacitaciones en diferentes zonas para maestros y maestras de escuela dominical. Este a\u00f1o fiscal, se han llevado a cabo dos capacitaciones en dos zonas con especialistas invitados, y el pr\u00f3ximo a\u00f1o se realizar\u00e1n dos m\u00e1s.<\/p>\n<h3><strong>Desaf\u00edos de la escuela dominical<\/strong><\/h3>\n<p>Uno de los desaf\u00edos de realizar y organizar la escuela dominical es la falta de personas que asuman dicha responsabilidad, debido a no sentirse capacitadas, a la falta de confianza para tratar con ni\u00f1os, o a no tener tiempo para preparar y dar las lecciones.<\/p>\n<p>Cuando no hay suficientes maestros, no se puede dividir a los ni\u00f1os seg\u00fan la edad. Por lo tanto, la escuela dominical no puede satisfacer las necesidades de cada edad. Ya sea un grupo u otro, alguno siempre queda desatendido.<\/p>\n<h3><strong>Actividades adicionales para ni\u00f1os y ni\u00f1as en la iglesia<\/strong><\/h3>\n<p>En 2015, nuestra iglesia se uni\u00f3 a otras dos iglesias para realizar una Escuela B\u00edblica de Vacaciones combinada, cuyo tema era \u201cJes\u00fas es nuestro amigo\u201d. Fue una gran oportunidad para que los ni\u00f1os y ni\u00f1as interactuaran y se conocieran. Ens e\u00f1amos historias de la Biblia que enfatizaban este tema, y los alentamos a forjar nuevas amistades. El \u00faltimo d\u00eda, hicieron pulseras de la amistad para regal\u00e1rselas unos a otros.<\/p>\n<p>A continuaci\u00f3n, otras maneras m\u00e1s en las que ni\u00f1os y ni\u00f1as podr\u00edan participar en la vida comunitaria de la iglesia<\/p>\n<ul>\n<li>Programa de Navidad donde interpreten canciones, hagan representaciones, coreograf\u00eda, reciten partes de las Escrituras, ante la mirada de sus padres<\/li>\n<li>Celebraci\u00f3n del D\u00eda del Ni\u00f1o o un picnic<\/li>\n<li>Visita a un hogar de ni\u00f1os y ni\u00f1as, o de ancianos<\/li>\n<li>Repartir regalos a los padres en el D\u00eda de la Madre y del Padre.<\/li>\n<\/ul>\n<h3><strong>Protecci\u00f3n infantil<\/strong><\/h3>\n<p>Un \u00e1rea que deja mucho que desear es la protecci\u00f3n de ni\u00f1os y ni\u00f1as en casos de abuso o negligencia. Dicho tema a\u00fan se mantiene silenciado en muchas partes de la India, y es necesario que las iglesias se ocupen de ello. Algunas de nuestras iglesias menonitas se asocian con organizaciones que tienen medidas estrictas de protecci\u00f3n infantil. Cada individuo que trabaja con ni\u00f1os tiene que firmar un Compromiso de Protecci\u00f3n del Ni\u00f1o y regirse por una normativa estricta. Se nos instruye a ayudar a aquellos ni\u00f1os y ni\u00f1as que sufren abuso, a presentar un reclamo a la polic\u00eda y hacer un seguimiento.<\/p>\n<p>Este es un tema nacional que tiene que ser tomado en serio por las iglesias.<\/p>\n<h3><strong>Futuro<\/strong><\/h3>\n<p>En general, la mayor\u00eda de las iglesias entiende la importancia de los ni\u00f1os en la Iglesia. Se les tiene que brindar la oportunidad de crecer y desarrollarse para asumir el liderazgo en diferentes \u00e1mbitos y actividades de la iglesia. De esta manera, se desarrollar\u00e1 un liderazgo de segunda l\u00ednea.<\/p>\n<p>Si bien se est\u00e1 haciendo mucho se necesita hacer mucho m\u00e1s para llegar a ellos adecuadamente.<\/p>\n<p>Ruego que crezca el ministerio centrado en los ni\u00f1os, y que m\u00e1s personas est\u00e9n dispuestas a asumir la responsabilidad del ministerio infantil en sus respectivas iglesias.<\/p>\n<p><em>Jessica Mondal, l\u00edder de la iglesia Emmanuel Chapel, Calcuta, India. La congregaci\u00f3n es parte de la iglesia nacional Bharatiya Jukta Christa Prachar Mandali, miembro del CMM.<\/em><\/p>\n<h4><em>Este art\u00edculo apareci\u00f3 por primera vez en&nbsp;<a href=\"https:\/\/mwc-cmm.org\/article\/correo?language=es\">Correo\/Courier\/Courrier&nbsp;en abril de 2019.<\/a><\/em><\/h4>\n","protected":false},"excerpt":{"rendered":"<p>En este n\u00famero, presentamos ejemplos de c\u00f3mo miembros de la familia anabautista menonita crean un espacio para los ni\u00f1os en las iglesias locales de todo el mundo. Y ens\u00e9\u00f1aselas continuamente a tus hijos; h\u00e1blales de ellas, tanto en tu casa como en el camino, y cuando te acuestes y cuando te levantes\u201d Este fue un [&hellip;]<\/p>\n","protected":false},"author":1,"featured_media":90694,"comment_status":"closed","ping_status":"closed","sticky":false,"template":"","format":"standard","meta":{"_acf_changed":false,"footnotes":""},"categories":[6],"tags":[],"network":[],"eventcategory":[],"class_list":["post-8895","post","type-post","status-publish","format-standard","has-post-thumbnail","hentry","category-sin-categorizar"],"acf":[],"yoast_head":"<!-- This site is optimized with the Yoast SEO plugin v27.5 - https:\/\/yoast.com\/product\/yoast-seo-wordpress\/ -->\n<title>La ense\u00f1anza de los ni\u00f1os - Mennonite World Conference<\/title>\n<meta name=\"robots\" content=\"index, follow, max-snippet:-1, max-image-preview:large, max-video-preview:-1\" \/>\n<link rel=\"canonical\" href=\"https:\/\/mwc-cmm.org\/es\/stories\/la-ensenanza-de-los-ninos\/\" \/>\n<meta property=\"og:locale\" content=\"es_ES\" \/>\n<meta property=\"og:type\" content=\"article\" \/>\n<meta property=\"og:title\" content=\"La ense\u00f1anza de los ni\u00f1os - Mennonite World Conference\" \/>\n<meta property=\"og:description\" content=\"En este n\u00famero, presentamos ejemplos de c\u00f3mo miembros de la familia anabautista menonita crean un espacio para los ni\u00f1os en las iglesias locales de todo el mundo. Y ens\u00e9\u00f1aselas continuamente a tus hijos; h\u00e1blales de ellas, tanto en tu casa como en el camino, y cuando te acuestes y cuando te levantes\u201d Este fue un [&hellip;]\" \/>\n<meta property=\"og:url\" content=\"https:\/\/mwc-cmm.org\/es\/stories\/la-ensenanza-de-los-ninos\/\" \/>\n<meta property=\"og:site_name\" content=\"Mennonite World Conference\" \/>\n<meta property=\"article:publisher\" content=\"https:\/\/www.facebook.com\/MennoniteWorldConference\" \/>\n<meta property=\"article:published_time\" content=\"2019-08-13T00:00:00+00:00\" \/>\n<meta property=\"article:modified_time\" content=\"2024-12-10T18:02:01+00:00\" \/>\n<meta property=\"og:image\" content=\"https:\/\/mwc-cmm.org\/wp-content\/uploads\/2024\/11\/praise_1st_pic_cropped.png\" \/>\n\t<meta property=\"og:image:width\" content=\"1200\" \/>\n\t<meta property=\"og:image:height\" content=\"567\" \/>\n\t<meta property=\"og:image:type\" content=\"image\/png\" \/>\n<meta name=\"author\" content=\"mennworldcon\" \/>\n<script type=\"application\/ld+json\" class=\"yoast-schema-graph\">{\"@context\":\"https:\\\/\\\/schema.org\",\"@graph\":[{\"@type\":\"Article\",\"@id\":\"https:\\\/\\\/mwc-cmm.org\\\/es\\\/stories\\\/la-ensenanza-de-los-ninos\\\/#article\",\"isPartOf\":{\"@id\":\"https:\\\/\\\/mwc-cmm.org\\\/es\\\/stories\\\/la-ensenanza-de-los-ninos\\\/\"},\"author\":{\"name\":\"mennworldcon\",\"@id\":\"https:\\\/\\\/mwc-cmm.org\\\/en\\\/#\\\/schema\\\/person\\\/11f6ae0d7d1868ba20a1cc27f067c836\"},\"headline\":\"La ense\u00f1anza de los ni\u00f1os\",\"datePublished\":\"2019-08-13T00:00:00+00:00\",\"dateModified\":\"2024-12-10T18:02:01+00:00\",\"mainEntityOfPage\":{\"@id\":\"https:\\\/\\\/mwc-cmm.org\\\/es\\\/stories\\\/la-ensenanza-de-los-ninos\\\/\"},\"wordCount\":923,\"publisher\":{\"@id\":\"https:\\\/\\\/mwc-cmm.org\\\/en\\\/#organization\"},\"image\":{\"@id\":\"https:\\\/\\\/mwc-cmm.org\\\/es\\\/stories\\\/la-ensenanza-de-los-ninos\\\/#primaryimage\"},\"thumbnailUrl\":\"https:\\\/\\\/mwc-cmm.org\\\/wp-content\\\/uploads\\\/2024\\\/11\\\/praise_1st_pic_cropped.png\",\"articleSection\":[\"Sin categorizar\"],\"inLanguage\":\"es\"},{\"@type\":\"WebPage\",\"@id\":\"https:\\\/\\\/mwc-cmm.org\\\/es\\\/stories\\\/la-ensenanza-de-los-ninos\\\/\",\"url\":\"https:\\\/\\\/mwc-cmm.org\\\/es\\\/stories\\\/la-ensenanza-de-los-ninos\\\/\",\"name\":\"La ense\u00f1anza de los ni\u00f1os - Mennonite World Conference\",\"isPartOf\":{\"@id\":\"https:\\\/\\\/mwc-cmm.org\\\/en\\\/#website\"},\"primaryImageOfPage\":{\"@id\":\"https:\\\/\\\/mwc-cmm.org\\\/es\\\/stories\\\/la-ensenanza-de-los-ninos\\\/#primaryimage\"},\"image\":{\"@id\":\"https:\\\/\\\/mwc-cmm.org\\\/es\\\/stories\\\/la-ensenanza-de-los-ninos\\\/#primaryimage\"},\"thumbnailUrl\":\"https:\\\/\\\/mwc-cmm.org\\\/wp-content\\\/uploads\\\/2024\\\/11\\\/praise_1st_pic_cropped.png\",\"datePublished\":\"2019-08-13T00:00:00+00:00\",\"dateModified\":\"2024-12-10T18:02:01+00:00\",\"breadcrumb\":{\"@id\":\"https:\\\/\\\/mwc-cmm.org\\\/es\\\/stories\\\/la-ensenanza-de-los-ninos\\\/#breadcrumb\"},\"inLanguage\":\"es\",\"potentialAction\":[{\"@type\":\"ReadAction\",\"target\":[\"https:\\\/\\\/mwc-cmm.org\\\/es\\\/stories\\\/la-ensenanza-de-los-ninos\\\/\"]}]},{\"@type\":\"ImageObject\",\"inLanguage\":\"es\",\"@id\":\"https:\\\/\\\/mwc-cmm.org\\\/es\\\/stories\\\/la-ensenanza-de-los-ninos\\\/#primaryimage\",\"url\":\"https:\\\/\\\/mwc-cmm.org\\\/wp-content\\\/uploads\\\/2024\\\/11\\\/praise_1st_pic_cropped.png\",\"contentUrl\":\"https:\\\/\\\/mwc-cmm.org\\\/wp-content\\\/uploads\\\/2024\\\/11\\\/praise_1st_pic_cropped.png\",\"width\":1200,\"height\":567},{\"@type\":\"BreadcrumbList\",\"@id\":\"https:\\\/\\\/mwc-cmm.org\\\/es\\\/stories\\\/la-ensenanza-de-los-ninos\\\/#breadcrumb\",\"itemListElement\":[{\"@type\":\"ListItem\",\"position\":1,\"name\":\"Home\",\"item\":\"https:\\\/\\\/mwc-cmm.org\\\/es\\\/\"},{\"@type\":\"ListItem\",\"position\":2,\"name\":\"La ense\u00f1anza de los ni\u00f1os\"}]},{\"@type\":\"WebSite\",\"@id\":\"https:\\\/\\\/mwc-cmm.org\\\/en\\\/#website\",\"url\":\"https:\\\/\\\/mwc-cmm.org\\\/en\\\/\",\"name\":\"Mennonite World Conference\",\"description\":\"A communion of Anabaptist-related churches\",\"publisher\":{\"@id\":\"https:\\\/\\\/mwc-cmm.org\\\/en\\\/#organization\"},\"alternateName\":\"MWC\",\"potentialAction\":[{\"@type\":\"SearchAction\",\"target\":{\"@type\":\"EntryPoint\",\"urlTemplate\":\"https:\\\/\\\/mwc-cmm.org\\\/en\\\/?s={search_term_string}\"},\"query-input\":{\"@type\":\"PropertyValueSpecification\",\"valueRequired\":true,\"valueName\":\"search_term_string\"}}],\"inLanguage\":\"es\"},{\"@type\":\"Organization\",\"@id\":\"https:\\\/\\\/mwc-cmm.org\\\/en\\\/#organization\",\"name\":\"Mennonite World Conference\",\"alternateName\":\"MWC\",\"url\":\"https:\\\/\\\/mwc-cmm.org\\\/en\\\/\",\"logo\":{\"@type\":\"ImageObject\",\"inLanguage\":\"es\",\"@id\":\"https:\\\/\\\/mwc-cmm.org\\\/en\\\/#\\\/schema\\\/logo\\\/image\\\/\",\"url\":\"https:\\\/\\\/mwc-cmm.org\\\/wp-content\\\/uploads\\\/2026\\\/01\\\/MWC_Sig_Blue_Horiz_webheader1-logo.svg\",\"contentUrl\":\"https:\\\/\\\/mwc-cmm.org\\\/wp-content\\\/uploads\\\/2026\\\/01\\\/MWC_Sig_Blue_Horiz_webheader1-logo.svg\",\"width\":786,\"height\":82,\"caption\":\"Mennonite World Conference\"},\"image\":{\"@id\":\"https:\\\/\\\/mwc-cmm.org\\\/en\\\/#\\\/schema\\\/logo\\\/image\\\/\"},\"sameAs\":[\"https:\\\/\\\/www.facebook.com\\\/MennoniteWorldConference\",\"https:\\\/\\\/www.linkedin.com\\\/company\\\/mennonite-world-conference-mwc\\\/\",\"https:\\\/\\\/www.instagram.com\\\/mwcmm\\\/\",\"https:\\\/\\\/www.youtube.com\\\/user\\\/mwccmm\",\"https:\\\/\\\/bsky.app\\\/profile\\\/mwcmm.bsky.social\"]},{\"@type\":\"Person\",\"@id\":\"https:\\\/\\\/mwc-cmm.org\\\/en\\\/#\\\/schema\\\/person\\\/11f6ae0d7d1868ba20a1cc27f067c836\",\"name\":\"mennworldcon\",\"image\":{\"@type\":\"ImageObject\",\"inLanguage\":\"es\",\"@id\":\"https:\\\/\\\/secure.gravatar.com\\\/avatar\\\/06fdc0dc81c157dfdb82ec42f252178a22307808988d22c043f9eb96f1e0fe80?s=96&d=mm&r=g\",\"url\":\"https:\\\/\\\/secure.gravatar.com\\\/avatar\\\/06fdc0dc81c157dfdb82ec42f252178a22307808988d22c043f9eb96f1e0fe80?s=96&d=mm&r=g\",\"contentUrl\":\"https:\\\/\\\/secure.gravatar.com\\\/avatar\\\/06fdc0dc81c157dfdb82ec42f252178a22307808988d22c043f9eb96f1e0fe80?s=96&d=mm&r=g\",\"caption\":\"mennworldcon\"},\"sameAs\":[\"https:\\\/\\\/mwc-cmm.org\"],\"url\":\"https:\\\/\\\/mwc-cmm.org\\\/es\\\/stories\\\/author\\\/mennworldcon\\\/\"}]}<\/script>\n<!-- \/ Yoast SEO plugin. -->","yoast_head_json":{"title":"La ense\u00f1anza de los ni\u00f1os - Mennonite World Conference","robots":{"index":"index","follow":"follow","max-snippet":"max-snippet:-1","max-image-preview":"max-image-preview:large","max-video-preview":"max-video-preview:-1"},"canonical":"https:\/\/mwc-cmm.org\/es\/stories\/la-ensenanza-de-los-ninos\/","og_locale":"es_ES","og_type":"article","og_title":"La ense\u00f1anza de los ni\u00f1os - Mennonite World Conference","og_description":"En este n\u00famero, presentamos ejemplos de c\u00f3mo miembros de la familia anabautista menonita crean un espacio para los ni\u00f1os en las iglesias locales de todo el mundo. Y ens\u00e9\u00f1aselas continuamente a tus hijos; h\u00e1blales de ellas, tanto en tu casa como en el camino, y cuando te acuestes y cuando te levantes\u201d Este fue un [&hellip;]","og_url":"https:\/\/mwc-cmm.org\/es\/stories\/la-ensenanza-de-los-ninos\/","og_site_name":"Mennonite World Conference","article_publisher":"https:\/\/www.facebook.com\/MennoniteWorldConference","article_published_time":"2019-08-13T00:00:00+00:00","article_modified_time":"2024-12-10T18:02:01+00:00","og_image":[{"width":1200,"height":567,"url":"https:\/\/mwc-cmm.org\/wp-content\/uploads\/2024\/11\/praise_1st_pic_cropped.png","type":"image\/png"}],"author":"mennworldcon","schema":{"@context":"https:\/\/schema.org","@graph":[{"@type":"Article","@id":"https:\/\/mwc-cmm.org\/es\/stories\/la-ensenanza-de-los-ninos\/#article","isPartOf":{"@id":"https:\/\/mwc-cmm.org\/es\/stories\/la-ensenanza-de-los-ninos\/"},"author":{"name":"mennworldcon","@id":"https:\/\/mwc-cmm.org\/en\/#\/schema\/person\/11f6ae0d7d1868ba20a1cc27f067c836"},"headline":"La ense\u00f1anza de los ni\u00f1os","datePublished":"2019-08-13T00:00:00+00:00","dateModified":"2024-12-10T18:02:01+00:00","mainEntityOfPage":{"@id":"https:\/\/mwc-cmm.org\/es\/stories\/la-ensenanza-de-los-ninos\/"},"wordCount":923,"publisher":{"@id":"https:\/\/mwc-cmm.org\/en\/#organization"},"image":{"@id":"https:\/\/mwc-cmm.org\/es\/stories\/la-ensenanza-de-los-ninos\/#primaryimage"},"thumbnailUrl":"https:\/\/mwc-cmm.org\/wp-content\/uploads\/2024\/11\/praise_1st_pic_cropped.png","articleSection":["Sin categorizar"],"inLanguage":"es"},{"@type":"WebPage","@id":"https:\/\/mwc-cmm.org\/es\/stories\/la-ensenanza-de-los-ninos\/","url":"https:\/\/mwc-cmm.org\/es\/stories\/la-ensenanza-de-los-ninos\/","name":"La ense\u00f1anza de los ni\u00f1os - Mennonite World Conference","isPartOf":{"@id":"https:\/\/mwc-cmm.org\/en\/#website"},"primaryImageOfPage":{"@id":"https:\/\/mwc-cmm.org\/es\/stories\/la-ensenanza-de-los-ninos\/#primaryimage"},"image":{"@id":"https:\/\/mwc-cmm.org\/es\/stories\/la-ensenanza-de-los-ninos\/#primaryimage"},"thumbnailUrl":"https:\/\/mwc-cmm.org\/wp-content\/uploads\/2024\/11\/praise_1st_pic_cropped.png","datePublished":"2019-08-13T00:00:00+00:00","dateModified":"2024-12-10T18:02:01+00:00","breadcrumb":{"@id":"https:\/\/mwc-cmm.org\/es\/stories\/la-ensenanza-de-los-ninos\/#breadcrumb"},"inLanguage":"es","potentialAction":[{"@type":"ReadAction","target":["https:\/\/mwc-cmm.org\/es\/stories\/la-ensenanza-de-los-ninos\/"]}]},{"@type":"ImageObject","inLanguage":"es","@id":"https:\/\/mwc-cmm.org\/es\/stories\/la-ensenanza-de-los-ninos\/#primaryimage","url":"https:\/\/mwc-cmm.org\/wp-content\/uploads\/2024\/11\/praise_1st_pic_cropped.png","contentUrl":"https:\/\/mwc-cmm.org\/wp-content\/uploads\/2024\/11\/praise_1st_pic_cropped.png","width":1200,"height":567},{"@type":"BreadcrumbList","@id":"https:\/\/mwc-cmm.org\/es\/stories\/la-ensenanza-de-los-ninos\/#breadcrumb","itemListElement":[{"@type":"ListItem","position":1,"name":"Home","item":"https:\/\/mwc-cmm.org\/es\/"},{"@type":"ListItem","position":2,"name":"La ense\u00f1anza de los ni\u00f1os"}]},{"@type":"WebSite","@id":"https:\/\/mwc-cmm.org\/en\/#website","url":"https:\/\/mwc-cmm.org\/en\/","name":"Mennonite World Conference","description":"A communion of Anabaptist-related churches","publisher":{"@id":"https:\/\/mwc-cmm.org\/en\/#organization"},"alternateName":"MWC","potentialAction":[{"@type":"SearchAction","target":{"@type":"EntryPoint","urlTemplate":"https:\/\/mwc-cmm.org\/en\/?s={search_term_string}"},"query-input":{"@type":"PropertyValueSpecification","valueRequired":true,"valueName":"search_term_string"}}],"inLanguage":"es"},{"@type":"Organization","@id":"https:\/\/mwc-cmm.org\/en\/#organization","name":"Mennonite World Conference","alternateName":"MWC","url":"https:\/\/mwc-cmm.org\/en\/","logo":{"@type":"ImageObject","inLanguage":"es","@id":"https:\/\/mwc-cmm.org\/en\/#\/schema\/logo\/image\/","url":"https:\/\/mwc-cmm.org\/wp-content\/uploads\/2026\/01\/MWC_Sig_Blue_Horiz_webheader1-logo.svg","contentUrl":"https:\/\/mwc-cmm.org\/wp-content\/uploads\/2026\/01\/MWC_Sig_Blue_Horiz_webheader1-logo.svg","width":786,"height":82,"caption":"Mennonite World Conference"},"image":{"@id":"https:\/\/mwc-cmm.org\/en\/#\/schema\/logo\/image\/"},"sameAs":["https:\/\/www.facebook.com\/MennoniteWorldConference","https:\/\/www.linkedin.com\/company\/mennonite-world-conference-mwc\/","https:\/\/www.instagram.com\/mwcmm\/","https:\/\/www.youtube.com\/user\/mwccmm","https:\/\/bsky.app\/profile\/mwcmm.bsky.social"]},{"@type":"Person","@id":"https:\/\/mwc-cmm.org\/en\/#\/schema\/person\/11f6ae0d7d1868ba20a1cc27f067c836","name":"mennworldcon","image":{"@type":"ImageObject","inLanguage":"es","@id":"https:\/\/secure.gravatar.com\/avatar\/06fdc0dc81c157dfdb82ec42f252178a22307808988d22c043f9eb96f1e0fe80?s=96&d=mm&r=g","url":"https:\/\/secure.gravatar.com\/avatar\/06fdc0dc81c157dfdb82ec42f252178a22307808988d22c043f9eb96f1e0fe80?s=96&d=mm&r=g","contentUrl":"https:\/\/secure.gravatar.com\/avatar\/06fdc0dc81c157dfdb82ec42f252178a22307808988d22c043f9eb96f1e0fe80?s=96&d=mm&r=g","caption":"mennworldcon"},"sameAs":["https:\/\/mwc-cmm.org"],"url":"https:\/\/mwc-cmm.org\/es\/stories\/author\/mennworldcon\/"}]}},"_links":{"self":[{"href":"https:\/\/mwc-cmm.org\/es\/wp-json\/wp\/v2\/posts\/8895","targetHints":{"allow":["GET"]}}],"collection":[{"href":"https:\/\/mwc-cmm.org\/es\/wp-json\/wp\/v2\/posts"}],"about":[{"href":"https:\/\/mwc-cmm.org\/es\/wp-json\/wp\/v2\/types\/post"}],"author":[{"embeddable":true,"href":"https:\/\/mwc-cmm.org\/es\/wp-json\/wp\/v2\/users\/1"}],"replies":[{"embeddable":true,"href":"https:\/\/mwc-cmm.org\/es\/wp-json\/wp\/v2\/comments?post=8895"}],"version-history":[{"count":0,"href":"https:\/\/mwc-cmm.org\/es\/wp-json\/wp\/v2\/posts\/8895\/revisions"}],"wp:featuredmedia":[{"embeddable":true,"href":"https:\/\/mwc-cmm.org\/es\/wp-json\/wp\/v2\/media\/90694"}],"wp:attachment":[{"href":"https:\/\/mwc-cmm.org\/es\/wp-json\/wp\/v2\/media?parent=8895"}],"wp:term":[{"taxonomy":"category","embeddable":true,"href":"https:\/\/mwc-cmm.org\/es\/wp-json\/wp\/v2\/categories?post=8895"},{"taxonomy":"post_tag","embeddable":true,"href":"https:\/\/mwc-cmm.org\/es\/wp-json\/wp\/v2\/tags?post=8895"},{"taxonomy":"network","embeddable":true,"href":"https:\/\/mwc-cmm.org\/es\/wp-json\/wp\/v2\/network?post=8895"},{"taxonomy":"eventcategory","embeddable":true,"href":"https:\/\/mwc-cmm.org\/es\/wp-json\/wp\/v2\/eventcategory?post=8895"}],"curies":[{"name":"wp","href":"https:\/\/api.w.org\/{rel}","templated":true}]}}