{"id":8883,"date":"2019-05-17T00:00:00","date_gmt":"2019-05-17T00:00:00","guid":{"rendered":"https:\/\/mwc-cmm.org\/let-the-little-children-come-to-me-3\/"},"modified":"2024-12-10T18:01:55","modified_gmt":"2024-12-10T18:01:55","slug":"dejen-que-los-ninos-vengan-mi","status":"publish","type":"post","link":"https:\/\/mwc-cmm.org\/es\/stories\/dejen-que-los-ninos-vengan-mi\/","title":{"rendered":"\u201cDejen que los ni\u00f1os vengan a m\u00ed\u00bb"},"content":{"rendered":"<p>\u201cDejen que los ni\u00f1os vengan a m\u00ed, y no se lo impidan, porque el reino de los cielos es de quienes son como ellos.\u201d (Mateo 19,14). Estas palabras de Jes\u00fas, dirigidas a aquellos que quer\u00edan alejar a los ni\u00f1os de su presencia, est\u00e1n registradas en los Evangelios.<\/p>\n<p>Jes\u00fas dec\u00eda algo que a\u00fan hoy en d\u00eda sabemos que es cierto: los ni\u00f1os tienen su propia forma de participar en las iglesias, diferente de los adultos, centrada en su capacidad especial para aprender y compartir.<\/p>\n<p>Las iglesias deben ser sensibles a la necesidad de proteger a los ni\u00f1os. Las iglesias nacionales y las organizaciones asociadas quiz\u00e1 tengan un conjunto elaborado de pol\u00edticas o modelos que se adapten localmente. A nivel local, las iglesias podr\u00e1n elaborar pautas y capacitar a quienes trabajan con ni\u00f1os para mantenerlos a salvo de quienes se aprovechen de su vulnerabilidad.<\/p>\n<p>En este n\u00famero presentamos ejemplos de c\u00f3mo miembros de la familia anabautista menonita crean un espacio para los ni\u00f1os en las iglesias locales de todo el mundo.<\/p>\n<p>Gerda Landes, de <em>Mennonitengemeinden e.V.<\/em>, Karlsruhe-Thomashof, Alemania, se\u00f1ala c\u00f3mo las pol\u00edticas para lograr una iglesia segura fortalecen las interacciones saludables. No solo ense\u00f1an a los voluntarios a evitar el abuso, sino que tambi\u00e9n generan conversaciones sobre el comportamiento positivo creando un entorno que cuide y capacite a los ni\u00f1os.<\/p>\n<p>Elsie Rempel, de Canad\u00e1, ofrece a modo ilustrativo, una historia para ni\u00f1os que ense\u00f1a contenidos b\u00edblicos s\u00f3lidos de manera interactiva, apropiada para el nivel de aprendizaje de los ni\u00f1os.<\/p>\n<p>Jessica Mondal, de la Iglesia <em>Bharatiya Jukta Christa Prachar Mandali <\/em>de la India, cuenta c\u00f3mo su congregaci\u00f3n le presta atenci\u00f3n a la capacitaci\u00f3n de sus maestros. En un mundo que cambia r\u00e1pidamente, reconocen la importancia de adaptarse constantemente a las necesidades de los ni\u00f1os a quienes sirven.<\/p>\n<p>Sin embargo, los ni\u00f1os tambi\u00e9n est\u00e1n preparados para recibir el mensaje del evangelio y actuar en consecuencia. Juan Carlos Moreno cuenta c\u00f3mo los l\u00edderes del ministerio infantile de Per\u00fa, aprendieron que los ni\u00f1os no solo recib\u00edan el mensaje del evangelio sino que tambi\u00e9n lo compart\u00edan con otros.<\/p>\n<p>En Zimbabue, los Clubes de Paz combinan la educaci\u00f3n cristiana con la capacitaci\u00f3n de los ni\u00f1os en pr\u00e1cticas y herramientas para la paz, y el cuidado de la creaci\u00f3n.<\/p>\n<p>A nivel mundial, el CMM fue uno de los trece coorganizadores de un Foro Mundial (<em>Global Partners Forum<\/em>) en torno a la fe en acci\u00f3n por los ni\u00f1os migrantes y desplazados (<em>Faith Action on Children on the Move<\/em>), realizado del 16 al 19 de octubre de 2018, en Roma, Italia. El prop\u00f3sito del Foro era aprender, intercambiar, informar y planificar. Las personas de fe son una fuerza poderosa en el mundo, que pueden catalizar procesos de cambio tanto en las actitudes como en el comportamiento. Los organizadores contin\u00faan elaborando un plan de acci\u00f3n.<\/p>\n<p>En esta n\u00famero se encuentra tambi\u00e9n el Mapa Mundial del CMM extra\u00edble, que se podr\u00e1 colocar en la pared. Siga tambi\u00e9n el enlace adjunto para tener acceso a mapas adicionales e informaci\u00f3n demogr\u00e1fica.<\/p>\n<p>V\u00e9ase las Noticias de la Asamblea, con la primera informaci\u00f3n sobre la pr\u00f3xima reunion en Indonesia en 2021.<\/p>\n<p>Mientras tanto, contin\u00faan los eventos del CMM, momentos para celebrar como familia anabautista mundial en nuestras congregaciones locales: una reuni\u00f3n de Renovaci\u00f3n 2027 en Costa Rica, los eventos \u201cdispersos\u201d del Domingo de la Fraternidad Mundial, el Domingo de la Paz y la Semana de la Fraternidad YABs.<\/p>\n<p><em>\u2014<\/em><em>Karla Braun, redactora jefa de Correo y escritora para el Congreso Mundial Menonita, reside en Winnipeg, Canad\u00e1.<\/em><\/p>\n<p><em>Este art\u00edculo apareci\u00f3 por primera vez en <a href=\"https:\/\/mwc-cmm.org\/article\/correo?language=es\">Correo\/Courier\/Courrier en abril de 2019.<\/a><\/em><\/p>\n","protected":false},"excerpt":{"rendered":"<p>NULL<\/p>\n","protected":false},"author":1,"featured_media":90526,"comment_status":"closed","ping_status":"closed","sticky":false,"template":"","format":"standard","meta":{"_acf_changed":false,"footnotes":""},"categories":[6],"tags":[],"network":[],"eventcategory":[],"class_list":["post-8883","post","type-post","status-publish","format-standard","has-post-thumbnail","hentry","category-sin-categorizar"],"acf":[],"yoast_head":"<!-- This site is optimized with the Yoast SEO plugin v27.2 - https:\/\/yoast.com\/product\/yoast-seo-wordpress\/ -->\n<title>\u201cDejen que los ni\u00f1os vengan a m\u00ed&quot; - Mennonite World Conference<\/title>\n<meta name=\"robots\" content=\"index, follow, max-snippet:-1, max-image-preview:large, max-video-preview:-1\" \/>\n<link rel=\"canonical\" href=\"https:\/\/mwc-cmm.org\/es\/stories\/dejen-que-los-ninos-vengan-mi\/\" \/>\n<meta property=\"og:locale\" content=\"es_ES\" \/>\n<meta property=\"og:type\" content=\"article\" \/>\n<meta property=\"og:title\" content=\"\u201cDejen que los ni\u00f1os vengan a m\u00ed&quot; - Mennonite World Conference\" \/>\n<meta property=\"og:description\" content=\"NULL\" \/>\n<meta property=\"og:url\" content=\"https:\/\/mwc-cmm.org\/es\/stories\/dejen-que-los-ninos-vengan-mi\/\" \/>\n<meta property=\"og:site_name\" content=\"Mennonite World Conference\" \/>\n<meta property=\"article:publisher\" content=\"https:\/\/www.facebook.com\/MennoniteWorldConference\" \/>\n<meta property=\"article:published_time\" content=\"2019-05-17T00:00:00+00:00\" \/>\n<meta property=\"article:modified_time\" content=\"2024-12-10T18:01:55+00:00\" \/>\n<meta property=\"og:image\" content=\"https:\/\/mwc-cmm.org\/wp-content\/uploads\/2024\/11\/drawing_from_uganda.jpg\" \/>\n\t<meta property=\"og:image:width\" content=\"1200\" \/>\n\t<meta property=\"og:image:height\" content=\"567\" \/>\n\t<meta property=\"og:image:type\" content=\"image\/jpeg\" \/>\n<meta name=\"author\" content=\"mennworldcon\" \/>\n<script type=\"application\/ld+json\" class=\"yoast-schema-graph\">{\"@context\":\"https:\/\/schema.org\",\"@graph\":[{\"@type\":\"Article\",\"@id\":\"https:\/\/mwc-cmm.org\/es\/stories\/dejen-que-los-ninos-vengan-mi\/#article\",\"isPartOf\":{\"@id\":\"https:\/\/mwc-cmm.org\/es\/stories\/dejen-que-los-ninos-vengan-mi\/\"},\"author\":{\"name\":\"mennworldcon\",\"@id\":\"https:\/\/mwc-cmm.org\/en\/#\/schema\/person\/11f6ae0d7d1868ba20a1cc27f067c836\"},\"headline\":\"\u201cDejen que los ni\u00f1os vengan a m\u00ed\u00bb\",\"datePublished\":\"2019-05-17T00:00:00+00:00\",\"dateModified\":\"2024-12-10T18:01:55+00:00\",\"mainEntityOfPage\":{\"@id\":\"https:\/\/mwc-cmm.org\/es\/stories\/dejen-que-los-ninos-vengan-mi\/\"},\"wordCount\":660,\"publisher\":{\"@id\":\"https:\/\/mwc-cmm.org\/en\/#organization\"},\"image\":{\"@id\":\"https:\/\/mwc-cmm.org\/es\/stories\/dejen-que-los-ninos-vengan-mi\/#primaryimage\"},\"thumbnailUrl\":\"https:\/\/mwc-cmm.org\/wp-content\/uploads\/2024\/11\/drawing_from_uganda.jpg\",\"articleSection\":[\"Sin categorizar\"],\"inLanguage\":\"es\"},{\"@type\":\"WebPage\",\"@id\":\"https:\/\/mwc-cmm.org\/es\/stories\/dejen-que-los-ninos-vengan-mi\/\",\"url\":\"https:\/\/mwc-cmm.org\/es\/stories\/dejen-que-los-ninos-vengan-mi\/\",\"name\":\"\u201cDejen que los ni\u00f1os vengan a m\u00ed\\\" - Mennonite World Conference\",\"isPartOf\":{\"@id\":\"https:\/\/mwc-cmm.org\/en\/#website\"},\"primaryImageOfPage\":{\"@id\":\"https:\/\/mwc-cmm.org\/es\/stories\/dejen-que-los-ninos-vengan-mi\/#primaryimage\"},\"image\":{\"@id\":\"https:\/\/mwc-cmm.org\/es\/stories\/dejen-que-los-ninos-vengan-mi\/#primaryimage\"},\"thumbnailUrl\":\"https:\/\/mwc-cmm.org\/wp-content\/uploads\/2024\/11\/drawing_from_uganda.jpg\",\"datePublished\":\"2019-05-17T00:00:00+00:00\",\"dateModified\":\"2024-12-10T18:01:55+00:00\",\"breadcrumb\":{\"@id\":\"https:\/\/mwc-cmm.org\/es\/stories\/dejen-que-los-ninos-vengan-mi\/#breadcrumb\"},\"inLanguage\":\"es\",\"potentialAction\":[{\"@type\":\"ReadAction\",\"target\":[\"https:\/\/mwc-cmm.org\/es\/stories\/dejen-que-los-ninos-vengan-mi\/\"]}]},{\"@type\":\"ImageObject\",\"inLanguage\":\"es\",\"@id\":\"https:\/\/mwc-cmm.org\/es\/stories\/dejen-que-los-ninos-vengan-mi\/#primaryimage\",\"url\":\"https:\/\/mwc-cmm.org\/wp-content\/uploads\/2024\/11\/drawing_from_uganda.jpg\",\"contentUrl\":\"https:\/\/mwc-cmm.org\/wp-content\/uploads\/2024\/11\/drawing_from_uganda.jpg\",\"width\":1200,\"height\":567},{\"@type\":\"BreadcrumbList\",\"@id\":\"https:\/\/mwc-cmm.org\/es\/stories\/dejen-que-los-ninos-vengan-mi\/#breadcrumb\",\"itemListElement\":[{\"@type\":\"ListItem\",\"position\":1,\"name\":\"Home\",\"item\":\"https:\/\/mwc-cmm.org\/es\/\"},{\"@type\":\"ListItem\",\"position\":2,\"name\":\"\u201cDejen que los ni\u00f1os vengan a m\u00ed\u00bb\"}]},{\"@type\":\"WebSite\",\"@id\":\"https:\/\/mwc-cmm.org\/en\/#website\",\"url\":\"https:\/\/mwc-cmm.org\/en\/\",\"name\":\"Mennonite World Conference\",\"description\":\"A communion of Anabaptist-related churches\",\"publisher\":{\"@id\":\"https:\/\/mwc-cmm.org\/en\/#organization\"},\"alternateName\":\"MWC\",\"potentialAction\":[{\"@type\":\"SearchAction\",\"target\":{\"@type\":\"EntryPoint\",\"urlTemplate\":\"https:\/\/mwc-cmm.org\/en\/?s={search_term_string}\"},\"query-input\":{\"@type\":\"PropertyValueSpecification\",\"valueRequired\":true,\"valueName\":\"search_term_string\"}}],\"inLanguage\":\"es\"},{\"@type\":\"Organization\",\"@id\":\"https:\/\/mwc-cmm.org\/en\/#organization\",\"name\":\"Mennonite World Conference\",\"alternateName\":\"MWC\",\"url\":\"https:\/\/mwc-cmm.org\/en\/\",\"logo\":{\"@type\":\"ImageObject\",\"inLanguage\":\"es\",\"@id\":\"https:\/\/mwc-cmm.org\/en\/#\/schema\/logo\/image\/\",\"url\":\"https:\/\/mwc-cmm.org\/wp-content\/uploads\/2026\/01\/MWC_Sig_Blue_Horiz_webheader1-logo.svg\",\"contentUrl\":\"https:\/\/mwc-cmm.org\/wp-content\/uploads\/2026\/01\/MWC_Sig_Blue_Horiz_webheader1-logo.svg\",\"width\":786,\"height\":82,\"caption\":\"Mennonite World Conference\"},\"image\":{\"@id\":\"https:\/\/mwc-cmm.org\/en\/#\/schema\/logo\/image\/\"},\"sameAs\":[\"https:\/\/www.facebook.com\/MennoniteWorldConference\",\"https:\/\/www.linkedin.com\/company\/mennonite-world-conference-mwc\/\",\"https:\/\/www.instagram.com\/mwcmm\/\",\"https:\/\/www.youtube.com\/user\/mwccmm\",\"https:\/\/bsky.app\/profile\/mwcmm.bsky.social\"]},{\"@type\":\"Person\",\"@id\":\"https:\/\/mwc-cmm.org\/en\/#\/schema\/person\/11f6ae0d7d1868ba20a1cc27f067c836\",\"name\":\"mennworldcon\",\"image\":{\"@type\":\"ImageObject\",\"inLanguage\":\"es\",\"@id\":\"https:\/\/secure.gravatar.com\/avatar\/06fdc0dc81c157dfdb82ec42f252178a22307808988d22c043f9eb96f1e0fe80?s=96&d=mm&r=g\",\"url\":\"https:\/\/secure.gravatar.com\/avatar\/06fdc0dc81c157dfdb82ec42f252178a22307808988d22c043f9eb96f1e0fe80?s=96&d=mm&r=g\",\"contentUrl\":\"https:\/\/secure.gravatar.com\/avatar\/06fdc0dc81c157dfdb82ec42f252178a22307808988d22c043f9eb96f1e0fe80?s=96&d=mm&r=g\",\"caption\":\"mennworldcon\"},\"sameAs\":[\"https:\/\/mwc-cmm.org\"],\"url\":\"https:\/\/mwc-cmm.org\/es\/stories\/author\/mennworldcon\/\"}]}<\/script>\n<!-- \/ Yoast SEO plugin. -->","yoast_head_json":{"title":"\u201cDejen que los ni\u00f1os vengan a m\u00ed\" - Mennonite World Conference","robots":{"index":"index","follow":"follow","max-snippet":"max-snippet:-1","max-image-preview":"max-image-preview:large","max-video-preview":"max-video-preview:-1"},"canonical":"https:\/\/mwc-cmm.org\/es\/stories\/dejen-que-los-ninos-vengan-mi\/","og_locale":"es_ES","og_type":"article","og_title":"\u201cDejen que los ni\u00f1os vengan a m\u00ed\" - Mennonite World Conference","og_description":"NULL","og_url":"https:\/\/mwc-cmm.org\/es\/stories\/dejen-que-los-ninos-vengan-mi\/","og_site_name":"Mennonite World Conference","article_publisher":"https:\/\/www.facebook.com\/MennoniteWorldConference","article_published_time":"2019-05-17T00:00:00+00:00","article_modified_time":"2024-12-10T18:01:55+00:00","og_image":[{"width":1200,"height":567,"url":"https:\/\/mwc-cmm.org\/wp-content\/uploads\/2024\/11\/drawing_from_uganda.jpg","type":"image\/jpeg"}],"author":"mennworldcon","schema":{"@context":"https:\/\/schema.org","@graph":[{"@type":"Article","@id":"https:\/\/mwc-cmm.org\/es\/stories\/dejen-que-los-ninos-vengan-mi\/#article","isPartOf":{"@id":"https:\/\/mwc-cmm.org\/es\/stories\/dejen-que-los-ninos-vengan-mi\/"},"author":{"name":"mennworldcon","@id":"https:\/\/mwc-cmm.org\/en\/#\/schema\/person\/11f6ae0d7d1868ba20a1cc27f067c836"},"headline":"\u201cDejen que los ni\u00f1os vengan a m\u00ed\u00bb","datePublished":"2019-05-17T00:00:00+00:00","dateModified":"2024-12-10T18:01:55+00:00","mainEntityOfPage":{"@id":"https:\/\/mwc-cmm.org\/es\/stories\/dejen-que-los-ninos-vengan-mi\/"},"wordCount":660,"publisher":{"@id":"https:\/\/mwc-cmm.org\/en\/#organization"},"image":{"@id":"https:\/\/mwc-cmm.org\/es\/stories\/dejen-que-los-ninos-vengan-mi\/#primaryimage"},"thumbnailUrl":"https:\/\/mwc-cmm.org\/wp-content\/uploads\/2024\/11\/drawing_from_uganda.jpg","articleSection":["Sin categorizar"],"inLanguage":"es"},{"@type":"WebPage","@id":"https:\/\/mwc-cmm.org\/es\/stories\/dejen-que-los-ninos-vengan-mi\/","url":"https:\/\/mwc-cmm.org\/es\/stories\/dejen-que-los-ninos-vengan-mi\/","name":"\u201cDejen que los ni\u00f1os vengan a m\u00ed\" - Mennonite World Conference","isPartOf":{"@id":"https:\/\/mwc-cmm.org\/en\/#website"},"primaryImageOfPage":{"@id":"https:\/\/mwc-cmm.org\/es\/stories\/dejen-que-los-ninos-vengan-mi\/#primaryimage"},"image":{"@id":"https:\/\/mwc-cmm.org\/es\/stories\/dejen-que-los-ninos-vengan-mi\/#primaryimage"},"thumbnailUrl":"https:\/\/mwc-cmm.org\/wp-content\/uploads\/2024\/11\/drawing_from_uganda.jpg","datePublished":"2019-05-17T00:00:00+00:00","dateModified":"2024-12-10T18:01:55+00:00","breadcrumb":{"@id":"https:\/\/mwc-cmm.org\/es\/stories\/dejen-que-los-ninos-vengan-mi\/#breadcrumb"},"inLanguage":"es","potentialAction":[{"@type":"ReadAction","target":["https:\/\/mwc-cmm.org\/es\/stories\/dejen-que-los-ninos-vengan-mi\/"]}]},{"@type":"ImageObject","inLanguage":"es","@id":"https:\/\/mwc-cmm.org\/es\/stories\/dejen-que-los-ninos-vengan-mi\/#primaryimage","url":"https:\/\/mwc-cmm.org\/wp-content\/uploads\/2024\/11\/drawing_from_uganda.jpg","contentUrl":"https:\/\/mwc-cmm.org\/wp-content\/uploads\/2024\/11\/drawing_from_uganda.jpg","width":1200,"height":567},{"@type":"BreadcrumbList","@id":"https:\/\/mwc-cmm.org\/es\/stories\/dejen-que-los-ninos-vengan-mi\/#breadcrumb","itemListElement":[{"@type":"ListItem","position":1,"name":"Home","item":"https:\/\/mwc-cmm.org\/es\/"},{"@type":"ListItem","position":2,"name":"\u201cDejen que los ni\u00f1os vengan a m\u00ed\u00bb"}]},{"@type":"WebSite","@id":"https:\/\/mwc-cmm.org\/en\/#website","url":"https:\/\/mwc-cmm.org\/en\/","name":"Mennonite World Conference","description":"A communion of Anabaptist-related churches","publisher":{"@id":"https:\/\/mwc-cmm.org\/en\/#organization"},"alternateName":"MWC","potentialAction":[{"@type":"SearchAction","target":{"@type":"EntryPoint","urlTemplate":"https:\/\/mwc-cmm.org\/en\/?s={search_term_string}"},"query-input":{"@type":"PropertyValueSpecification","valueRequired":true,"valueName":"search_term_string"}}],"inLanguage":"es"},{"@type":"Organization","@id":"https:\/\/mwc-cmm.org\/en\/#organization","name":"Mennonite World Conference","alternateName":"MWC","url":"https:\/\/mwc-cmm.org\/en\/","logo":{"@type":"ImageObject","inLanguage":"es","@id":"https:\/\/mwc-cmm.org\/en\/#\/schema\/logo\/image\/","url":"https:\/\/mwc-cmm.org\/wp-content\/uploads\/2026\/01\/MWC_Sig_Blue_Horiz_webheader1-logo.svg","contentUrl":"https:\/\/mwc-cmm.org\/wp-content\/uploads\/2026\/01\/MWC_Sig_Blue_Horiz_webheader1-logo.svg","width":786,"height":82,"caption":"Mennonite World Conference"},"image":{"@id":"https:\/\/mwc-cmm.org\/en\/#\/schema\/logo\/image\/"},"sameAs":["https:\/\/www.facebook.com\/MennoniteWorldConference","https:\/\/www.linkedin.com\/company\/mennonite-world-conference-mwc\/","https:\/\/www.instagram.com\/mwcmm\/","https:\/\/www.youtube.com\/user\/mwccmm","https:\/\/bsky.app\/profile\/mwcmm.bsky.social"]},{"@type":"Person","@id":"https:\/\/mwc-cmm.org\/en\/#\/schema\/person\/11f6ae0d7d1868ba20a1cc27f067c836","name":"mennworldcon","image":{"@type":"ImageObject","inLanguage":"es","@id":"https:\/\/secure.gravatar.com\/avatar\/06fdc0dc81c157dfdb82ec42f252178a22307808988d22c043f9eb96f1e0fe80?s=96&d=mm&r=g","url":"https:\/\/secure.gravatar.com\/avatar\/06fdc0dc81c157dfdb82ec42f252178a22307808988d22c043f9eb96f1e0fe80?s=96&d=mm&r=g","contentUrl":"https:\/\/secure.gravatar.com\/avatar\/06fdc0dc81c157dfdb82ec42f252178a22307808988d22c043f9eb96f1e0fe80?s=96&d=mm&r=g","caption":"mennworldcon"},"sameAs":["https:\/\/mwc-cmm.org"],"url":"https:\/\/mwc-cmm.org\/es\/stories\/author\/mennworldcon\/"}]}},"_links":{"self":[{"href":"https:\/\/mwc-cmm.org\/es\/wp-json\/wp\/v2\/posts\/8883","targetHints":{"allow":["GET"]}}],"collection":[{"href":"https:\/\/mwc-cmm.org\/es\/wp-json\/wp\/v2\/posts"}],"about":[{"href":"https:\/\/mwc-cmm.org\/es\/wp-json\/wp\/v2\/types\/post"}],"author":[{"embeddable":true,"href":"https:\/\/mwc-cmm.org\/es\/wp-json\/wp\/v2\/users\/1"}],"replies":[{"embeddable":true,"href":"https:\/\/mwc-cmm.org\/es\/wp-json\/wp\/v2\/comments?post=8883"}],"version-history":[{"count":0,"href":"https:\/\/mwc-cmm.org\/es\/wp-json\/wp\/v2\/posts\/8883\/revisions"}],"wp:featuredmedia":[{"embeddable":true,"href":"https:\/\/mwc-cmm.org\/es\/wp-json\/wp\/v2\/media\/90526"}],"wp:attachment":[{"href":"https:\/\/mwc-cmm.org\/es\/wp-json\/wp\/v2\/media?parent=8883"}],"wp:term":[{"taxonomy":"category","embeddable":true,"href":"https:\/\/mwc-cmm.org\/es\/wp-json\/wp\/v2\/categories?post=8883"},{"taxonomy":"post_tag","embeddable":true,"href":"https:\/\/mwc-cmm.org\/es\/wp-json\/wp\/v2\/tags?post=8883"},{"taxonomy":"network","embeddable":true,"href":"https:\/\/mwc-cmm.org\/es\/wp-json\/wp\/v2\/network?post=8883"},{"taxonomy":"eventcategory","embeddable":true,"href":"https:\/\/mwc-cmm.org\/es\/wp-json\/wp\/v2\/eventcategory?post=8883"}],"curies":[{"name":"wp","href":"https:\/\/api.w.org\/{rel}","templated":true}]}}