{"id":8879,"date":"2019-05-06T00:00:00","date_gmt":"2019-05-06T00:00:00","guid":{"rendered":"https:\/\/mwc-cmm.org\/justice-on-the-journey-migration-3\/"},"modified":"2024-12-10T18:01:54","modified_gmt":"2024-12-10T18:01:54","slug":"justicia-en-el-viaje-la-migracion","status":"publish","type":"post","link":"https:\/\/mwc-cmm.org\/es\/stories\/justicia-en-el-viaje-la-migracion\/","title":{"rendered":"Justicia en el viaje: La migraci\u00f3n"},"content":{"rendered":"<p><em>As\u00ed como las partes del coraz\u00f3n, las cuatro comisiones del CMM sirven a la comunidad mundial de iglesias afines al anabautismo, en las \u00e1reas de diaconado, fe y vida, paz y misiones. Las comisiones preparan materiales para la consideraci\u00f3n del Concilio General, brindan gu\u00eda y proponen recursos a las iglesias miembros, adem\u00e1s, propician redes y compa\u00f1erismo en relaci\u00f3n al CMM trabajando juntos en temas de inter\u00e9s y enfoque com\u00fan. A continuaci\u00f3n, una de las comisiones comparte un mensaje de la perspectiva de su ministerio.<\/em><\/p>\n<hr \/>\n<p><strong>Causas<\/strong><\/p>\n<p>Hay mucha informaci\u00f3n que menciona las diversas causas que promueve la movilidad humana. Entre ellas encontramos los cambios clim\u00e1ticos, los cuales modifican el medio ambiente, los imperios y potencias mundiales, que poseen m\u00e1s riqueza produciendo de esa manera m\u00e1s pobreza en otros pa\u00edses. Tambi\u00e9n est\u00e1n los medios de comunicaci\u00f3n que nos facilitan la informaci\u00f3n, caminos y transporte que llevan al conocimiento de mejores condiciones de vida en otros mundos.<\/p>\n<p>Los anabautistas del siglo XVI vivieron y experimentaron la migraci\u00f3n por causa de la persecuci\u00f3n que sufrieron, lograron resistir principalmente movidos por su fidelidad a las ense\u00f1anzas de Jes\u00fas. Las persecuciones furtivas y las huidas, les permiti\u00f3 organizarse y vivir en comunidades intencionales donde aprendieron a convivir, compartir, dialogar, acordar y cooperar.<\/p>\n<p>Estos valores fueron muy necesarios en la vida cotidiana a fin lograr la conformaci\u00f3n de una comunidad donde se sosten\u00edan el uno al otro en tiempos de dificultad, a pesar del desarraigo de su lugar de origen. Ellos, pudieron sentirse apoyados y acompa\u00f1ados mutuamente en su caminar. En toda la \u00e9poca del martirio y persecuci\u00f3n, su fe creci\u00f3 y se afianz\u00f3 en la vida comunitaria y ayuda mutua, rasgos caracter\u00edsticos que les han distinguido con el correr del tiempo.<\/p>\n<p>As\u00ed mismo en nuestros tiempos, el movimiento humano se ha dado en todas partes y hacia diferentes direcciones: de norte a sur y de sur a norte, de este a oeste y de oeste a este.<\/p>\n<p>He observado gente que llega a los Estados Unidos haciendo largos recorridos por el continente americano, sin importar el sufrimiento que esto resulte, solo con el fin de lograr el \u201csue\u00f1o americano\u201d, como se lo ha denominado.<\/p>\n<p><strong>Compasi\u00f3n<\/strong><\/p>\n<p>En el texto b\u00edblico encontramos documentado muchos movimientos humanos, algunos voluntarios otros involuntarios, siempre hacia donde est\u00e1 la abundancia, donde est\u00e1 el imperio y donde hay posibilidades de vida.<\/p>\n<p>Como hilo conductor vemos en el texto b\u00edblico, la presencia de Dios manifestada en compasi\u00f3n, al lado de los m\u00e1s pobres y desvalidos de la tierra, entre los cuales se encuentran las mujeres, los ni\u00f1os, los enfermos, los ancianos y los extranjeros.<\/p>\n<p>Especialmente en el Nuevo Testamento vemos la presencia de Dios a trav\u00e9s de Jes\u00fas que es la compasi\u00f3n de Dios hecho carne (Juan 14,9-10; Filipenses 2,5-11).<\/p>\n<p>En el libro a los Romanos Pablo nos exhorta a mostrar siempre hospitalidad (Romanos 12,13), y el autor de Hebreos incluso sugiere que dar la bienvenida a extra\u00f1os podr\u00eda ser un acto de acoger a seres divinos (Hebreos 13,2).<\/p>\n<p><strong>Mi historia<\/strong><\/p>\n<p>Pensamos mucho para decidir y aceptar una invitaci\u00f3n que nos exigi\u00f3 abandonar el confort e ir hacia un futuro incierto, donde no sab\u00edamos qu\u00e9 nos esperaba m\u00e1s adelante. No fue sino hasta el 2016 que Fernando mi esposo y yo, decidimos tomar nuestras maletas para ir como voluntarios a \u201cCasa de Paz\u201d, un espacio de acogida para migrantes que piden asilo pol\u00edtico, ubicado a una cuadra del Centro de Detenci\u00f3n GEO en Aurora, Colorado, EE.UU.<\/p>\n<p>Recibimos grandes lecciones de vida, de c\u00f3mo intervenir en situaciones de crisis, estas superan las ideas aprendidas en la academia y en diferentes foros de di\u00e1logo sobre migraci\u00f3n. Aprendimos<\/p>\n<ul>\n<li>A ser compasivos con los extranjeros, sus historias nos conmovieron<\/li>\n<li>Responder a las necesidades apremiantes que los migrantes tienen<\/li>\n<li>Respetar sus usos y costumbres, los cuales siempre son diferentes a las nuestras<\/li>\n<li>Servir incondicionalmente porque todos los seres humanos somos imagen de Dios<\/li>\n<\/ul>\n<p><strong>Conclusi\u00f3n<\/strong><\/p>\n<p>Ahora escuchamos \u00e9xodos masivos, caravanas de gente que ha salido de su pa\u00eds para llegar a EE.UU. La frontera se ha convertido en un campo de batalla, los caminantes solo se traen a s\u00ed mismos, vulnerables y dependiendo de la buena voluntad de los otros, el horizonte que los gu\u00eda es imaginario, el famoso \u201csue\u00f1o americano\u201d. Entre m\u00e1s se camina m\u00e1s lejos se ve, pero unos a otros se animan y se desaf\u00edan a seguir adelante. Nadie es de aqu\u00ed, pero al final de cuentas a nadie le pertenece nada, todos somos pasajeros en esta vida.<\/p>\n<p>Ahora, en estos tiempos de globalizaci\u00f3n, la movilidad humana demanda que las comunidades sean movidas a la compasi\u00f3n al ver las multitudes que est\u00e1n desvalidas como ovejas sin pastor.<\/p>\n<p><em><img decoding=\"async\" alt=\"\" data-src=\"\/sites\/default\/files\/website_files\/rebecagonzaleztorres_headshot_jpg_1.jpg\" style=\"width: 80px; height: 99px; margin: 5px 10px; float: left;\" src=\"data:image\/svg+xml;base64,PHN2ZyB3aWR0aD0iMSIgaGVpZ2h0PSIxIiB4bWxucz0iaHR0cDovL3d3dy53My5vcmcvMjAwMC9zdmciPjwvc3ZnPg==\" class=\"lazyload\" \/>\u2014Rebeca Gonz\u00e1lez Torres es miembro de la Comisi\u00f3n de Fe y Vida. Posee una maestr\u00eda en estudios b\u00edblicos, una licenciatura en educaci\u00f3n, y es miembro de una iglesia en la Conferencia Iglesias Evang\u00e9licas Anabautistas Menonitas de M\u00e9xico- CIEAMM. Tambi\u00e9n <\/em><em>co-coordina la Comunidad de Instituciones Teol\u00f3gicas Anabautistas para Am\u00e9rica Latina. Rebeca Gonz\u00e1lez Torres actualmente se encuentra sirviendo con la conferencia Mountain States en Denver, Colorado, EE.UU. <\/em><\/p>\n<p>Inf\u00f3rmese m\u00e1s sobre <a href=\"https:\/\/youtu.be\/XzTypC1jblI\">Casa de Paz<\/a><\/p>\n","protected":false},"excerpt":{"rendered":"<p>NULL<\/p>\n","protected":false},"author":1,"featured_media":90470,"comment_status":"closed","ping_status":"closed","sticky":false,"template":"","format":"standard","meta":{"_acf_changed":false,"footnotes":""},"categories":[6],"tags":[],"network":[],"eventcategory":[],"class_list":["post-8879","post","type-post","status-publish","format-standard","has-post-thumbnail","hentry","category-sin-categorizar"],"acf":[],"yoast_head":"<!-- This site is optimized with the Yoast SEO plugin v27.2 - https:\/\/yoast.com\/product\/yoast-seo-wordpress\/ -->\n<title>Justicia en el viaje: La migraci\u00f3n - Mennonite World Conference<\/title>\n<meta name=\"robots\" content=\"index, follow, max-snippet:-1, max-image-preview:large, max-video-preview:-1\" \/>\n<link rel=\"canonical\" href=\"https:\/\/mwc-cmm.org\/es\/stories\/justicia-en-el-viaje-la-migracion\/\" \/>\n<meta property=\"og:locale\" content=\"es_ES\" \/>\n<meta property=\"og:type\" content=\"article\" \/>\n<meta property=\"og:title\" content=\"Justicia en el viaje: La migraci\u00f3n - Mennonite World Conference\" \/>\n<meta property=\"og:description\" content=\"NULL\" \/>\n<meta property=\"og:url\" content=\"https:\/\/mwc-cmm.org\/es\/stories\/justicia-en-el-viaje-la-migracion\/\" \/>\n<meta property=\"og:site_name\" content=\"Mennonite World Conference\" \/>\n<meta property=\"article:publisher\" content=\"https:\/\/www.facebook.com\/MennoniteWorldConference\" \/>\n<meta property=\"article:published_time\" content=\"2019-05-06T00:00:00+00:00\" \/>\n<meta property=\"article:modified_time\" content=\"2024-12-10T18:01:54+00:00\" \/>\n<meta property=\"og:image\" content=\"https:\/\/mwc-cmm.org\/wp-content\/uploads\/2024\/11\/44827372231_79a469f190_o_2-scaled.jpg\" \/>\n\t<meta property=\"og:image:width\" content=\"2560\" \/>\n\t<meta property=\"og:image:height\" content=\"1707\" \/>\n\t<meta property=\"og:image:type\" content=\"image\/jpeg\" \/>\n<meta name=\"author\" content=\"mennworldcon\" \/>\n<script type=\"application\/ld+json\" class=\"yoast-schema-graph\">{\"@context\":\"https:\/\/schema.org\",\"@graph\":[{\"@type\":\"Article\",\"@id\":\"https:\/\/mwc-cmm.org\/es\/stories\/justicia-en-el-viaje-la-migracion\/#article\",\"isPartOf\":{\"@id\":\"https:\/\/mwc-cmm.org\/es\/stories\/justicia-en-el-viaje-la-migracion\/\"},\"author\":{\"name\":\"mennworldcon\",\"@id\":\"https:\/\/mwc-cmm.org\/en\/#\/schema\/person\/11f6ae0d7d1868ba20a1cc27f067c836\"},\"headline\":\"Justicia en el viaje: La migraci\u00f3n\",\"datePublished\":\"2019-05-06T00:00:00+00:00\",\"dateModified\":\"2024-12-10T18:01:54+00:00\",\"mainEntityOfPage\":{\"@id\":\"https:\/\/mwc-cmm.org\/es\/stories\/justicia-en-el-viaje-la-migracion\/\"},\"wordCount\":918,\"publisher\":{\"@id\":\"https:\/\/mwc-cmm.org\/en\/#organization\"},\"image\":{\"@id\":\"https:\/\/mwc-cmm.org\/es\/stories\/justicia-en-el-viaje-la-migracion\/#primaryimage\"},\"thumbnailUrl\":\"https:\/\/mwc-cmm.org\/wp-content\/uploads\/2024\/11\/44827372231_79a469f190_o_2-scaled.jpg\",\"articleSection\":[\"Sin categorizar\"],\"inLanguage\":\"es\"},{\"@type\":\"WebPage\",\"@id\":\"https:\/\/mwc-cmm.org\/es\/stories\/justicia-en-el-viaje-la-migracion\/\",\"url\":\"https:\/\/mwc-cmm.org\/es\/stories\/justicia-en-el-viaje-la-migracion\/\",\"name\":\"Justicia en el viaje: La migraci\u00f3n - Mennonite World Conference\",\"isPartOf\":{\"@id\":\"https:\/\/mwc-cmm.org\/en\/#website\"},\"primaryImageOfPage\":{\"@id\":\"https:\/\/mwc-cmm.org\/es\/stories\/justicia-en-el-viaje-la-migracion\/#primaryimage\"},\"image\":{\"@id\":\"https:\/\/mwc-cmm.org\/es\/stories\/justicia-en-el-viaje-la-migracion\/#primaryimage\"},\"thumbnailUrl\":\"https:\/\/mwc-cmm.org\/wp-content\/uploads\/2024\/11\/44827372231_79a469f190_o_2-scaled.jpg\",\"datePublished\":\"2019-05-06T00:00:00+00:00\",\"dateModified\":\"2024-12-10T18:01:54+00:00\",\"breadcrumb\":{\"@id\":\"https:\/\/mwc-cmm.org\/es\/stories\/justicia-en-el-viaje-la-migracion\/#breadcrumb\"},\"inLanguage\":\"es\",\"potentialAction\":[{\"@type\":\"ReadAction\",\"target\":[\"https:\/\/mwc-cmm.org\/es\/stories\/justicia-en-el-viaje-la-migracion\/\"]}]},{\"@type\":\"ImageObject\",\"inLanguage\":\"es\",\"@id\":\"https:\/\/mwc-cmm.org\/es\/stories\/justicia-en-el-viaje-la-migracion\/#primaryimage\",\"url\":\"https:\/\/mwc-cmm.org\/wp-content\/uploads\/2024\/11\/44827372231_79a469f190_o_2-scaled.jpg\",\"contentUrl\":\"https:\/\/mwc-cmm.org\/wp-content\/uploads\/2024\/11\/44827372231_79a469f190_o_2-scaled.jpg\",\"width\":2560,\"height\":1707},{\"@type\":\"BreadcrumbList\",\"@id\":\"https:\/\/mwc-cmm.org\/es\/stories\/justicia-en-el-viaje-la-migracion\/#breadcrumb\",\"itemListElement\":[{\"@type\":\"ListItem\",\"position\":1,\"name\":\"Home\",\"item\":\"https:\/\/mwc-cmm.org\/es\/\"},{\"@type\":\"ListItem\",\"position\":2,\"name\":\"Justicia en el viaje: La migraci\u00f3n\"}]},{\"@type\":\"WebSite\",\"@id\":\"https:\/\/mwc-cmm.org\/en\/#website\",\"url\":\"https:\/\/mwc-cmm.org\/en\/\",\"name\":\"Mennonite World Conference\",\"description\":\"A communion of Anabaptist-related churches\",\"publisher\":{\"@id\":\"https:\/\/mwc-cmm.org\/en\/#organization\"},\"alternateName\":\"MWC\",\"potentialAction\":[{\"@type\":\"SearchAction\",\"target\":{\"@type\":\"EntryPoint\",\"urlTemplate\":\"https:\/\/mwc-cmm.org\/en\/?s={search_term_string}\"},\"query-input\":{\"@type\":\"PropertyValueSpecification\",\"valueRequired\":true,\"valueName\":\"search_term_string\"}}],\"inLanguage\":\"es\"},{\"@type\":\"Organization\",\"@id\":\"https:\/\/mwc-cmm.org\/en\/#organization\",\"name\":\"Mennonite World Conference\",\"alternateName\":\"MWC\",\"url\":\"https:\/\/mwc-cmm.org\/en\/\",\"logo\":{\"@type\":\"ImageObject\",\"inLanguage\":\"es\",\"@id\":\"https:\/\/mwc-cmm.org\/en\/#\/schema\/logo\/image\/\",\"url\":\"https:\/\/mwc-cmm.org\/wp-content\/uploads\/2026\/01\/MWC_Sig_Blue_Horiz_webheader1-logo.svg\",\"contentUrl\":\"https:\/\/mwc-cmm.org\/wp-content\/uploads\/2026\/01\/MWC_Sig_Blue_Horiz_webheader1-logo.svg\",\"width\":786,\"height\":82,\"caption\":\"Mennonite World Conference\"},\"image\":{\"@id\":\"https:\/\/mwc-cmm.org\/en\/#\/schema\/logo\/image\/\"},\"sameAs\":[\"https:\/\/www.facebook.com\/MennoniteWorldConference\",\"https:\/\/www.linkedin.com\/company\/mennonite-world-conference-mwc\/\",\"https:\/\/www.instagram.com\/mwcmm\/\",\"https:\/\/www.youtube.com\/user\/mwccmm\",\"https:\/\/bsky.app\/profile\/mwcmm.bsky.social\"]},{\"@type\":\"Person\",\"@id\":\"https:\/\/mwc-cmm.org\/en\/#\/schema\/person\/11f6ae0d7d1868ba20a1cc27f067c836\",\"name\":\"mennworldcon\",\"image\":{\"@type\":\"ImageObject\",\"inLanguage\":\"es\",\"@id\":\"https:\/\/secure.gravatar.com\/avatar\/06fdc0dc81c157dfdb82ec42f252178a22307808988d22c043f9eb96f1e0fe80?s=96&d=mm&r=g\",\"url\":\"https:\/\/secure.gravatar.com\/avatar\/06fdc0dc81c157dfdb82ec42f252178a22307808988d22c043f9eb96f1e0fe80?s=96&d=mm&r=g\",\"contentUrl\":\"https:\/\/secure.gravatar.com\/avatar\/06fdc0dc81c157dfdb82ec42f252178a22307808988d22c043f9eb96f1e0fe80?s=96&d=mm&r=g\",\"caption\":\"mennworldcon\"},\"sameAs\":[\"https:\/\/mwc-cmm.org\"],\"url\":\"https:\/\/mwc-cmm.org\/es\/stories\/author\/mennworldcon\/\"}]}<\/script>\n<!-- \/ Yoast SEO plugin. -->","yoast_head_json":{"title":"Justicia en el viaje: La migraci\u00f3n - Mennonite World Conference","robots":{"index":"index","follow":"follow","max-snippet":"max-snippet:-1","max-image-preview":"max-image-preview:large","max-video-preview":"max-video-preview:-1"},"canonical":"https:\/\/mwc-cmm.org\/es\/stories\/justicia-en-el-viaje-la-migracion\/","og_locale":"es_ES","og_type":"article","og_title":"Justicia en el viaje: La migraci\u00f3n - Mennonite World Conference","og_description":"NULL","og_url":"https:\/\/mwc-cmm.org\/es\/stories\/justicia-en-el-viaje-la-migracion\/","og_site_name":"Mennonite World Conference","article_publisher":"https:\/\/www.facebook.com\/MennoniteWorldConference","article_published_time":"2019-05-06T00:00:00+00:00","article_modified_time":"2024-12-10T18:01:54+00:00","og_image":[{"width":2560,"height":1707,"url":"https:\/\/mwc-cmm.org\/wp-content\/uploads\/2024\/11\/44827372231_79a469f190_o_2-scaled.jpg","type":"image\/jpeg"}],"author":"mennworldcon","schema":{"@context":"https:\/\/schema.org","@graph":[{"@type":"Article","@id":"https:\/\/mwc-cmm.org\/es\/stories\/justicia-en-el-viaje-la-migracion\/#article","isPartOf":{"@id":"https:\/\/mwc-cmm.org\/es\/stories\/justicia-en-el-viaje-la-migracion\/"},"author":{"name":"mennworldcon","@id":"https:\/\/mwc-cmm.org\/en\/#\/schema\/person\/11f6ae0d7d1868ba20a1cc27f067c836"},"headline":"Justicia en el viaje: La migraci\u00f3n","datePublished":"2019-05-06T00:00:00+00:00","dateModified":"2024-12-10T18:01:54+00:00","mainEntityOfPage":{"@id":"https:\/\/mwc-cmm.org\/es\/stories\/justicia-en-el-viaje-la-migracion\/"},"wordCount":918,"publisher":{"@id":"https:\/\/mwc-cmm.org\/en\/#organization"},"image":{"@id":"https:\/\/mwc-cmm.org\/es\/stories\/justicia-en-el-viaje-la-migracion\/#primaryimage"},"thumbnailUrl":"https:\/\/mwc-cmm.org\/wp-content\/uploads\/2024\/11\/44827372231_79a469f190_o_2-scaled.jpg","articleSection":["Sin categorizar"],"inLanguage":"es"},{"@type":"WebPage","@id":"https:\/\/mwc-cmm.org\/es\/stories\/justicia-en-el-viaje-la-migracion\/","url":"https:\/\/mwc-cmm.org\/es\/stories\/justicia-en-el-viaje-la-migracion\/","name":"Justicia en el viaje: La migraci\u00f3n - Mennonite World Conference","isPartOf":{"@id":"https:\/\/mwc-cmm.org\/en\/#website"},"primaryImageOfPage":{"@id":"https:\/\/mwc-cmm.org\/es\/stories\/justicia-en-el-viaje-la-migracion\/#primaryimage"},"image":{"@id":"https:\/\/mwc-cmm.org\/es\/stories\/justicia-en-el-viaje-la-migracion\/#primaryimage"},"thumbnailUrl":"https:\/\/mwc-cmm.org\/wp-content\/uploads\/2024\/11\/44827372231_79a469f190_o_2-scaled.jpg","datePublished":"2019-05-06T00:00:00+00:00","dateModified":"2024-12-10T18:01:54+00:00","breadcrumb":{"@id":"https:\/\/mwc-cmm.org\/es\/stories\/justicia-en-el-viaje-la-migracion\/#breadcrumb"},"inLanguage":"es","potentialAction":[{"@type":"ReadAction","target":["https:\/\/mwc-cmm.org\/es\/stories\/justicia-en-el-viaje-la-migracion\/"]}]},{"@type":"ImageObject","inLanguage":"es","@id":"https:\/\/mwc-cmm.org\/es\/stories\/justicia-en-el-viaje-la-migracion\/#primaryimage","url":"https:\/\/mwc-cmm.org\/wp-content\/uploads\/2024\/11\/44827372231_79a469f190_o_2-scaled.jpg","contentUrl":"https:\/\/mwc-cmm.org\/wp-content\/uploads\/2024\/11\/44827372231_79a469f190_o_2-scaled.jpg","width":2560,"height":1707},{"@type":"BreadcrumbList","@id":"https:\/\/mwc-cmm.org\/es\/stories\/justicia-en-el-viaje-la-migracion\/#breadcrumb","itemListElement":[{"@type":"ListItem","position":1,"name":"Home","item":"https:\/\/mwc-cmm.org\/es\/"},{"@type":"ListItem","position":2,"name":"Justicia en el viaje: La migraci\u00f3n"}]},{"@type":"WebSite","@id":"https:\/\/mwc-cmm.org\/en\/#website","url":"https:\/\/mwc-cmm.org\/en\/","name":"Mennonite World Conference","description":"A communion of Anabaptist-related churches","publisher":{"@id":"https:\/\/mwc-cmm.org\/en\/#organization"},"alternateName":"MWC","potentialAction":[{"@type":"SearchAction","target":{"@type":"EntryPoint","urlTemplate":"https:\/\/mwc-cmm.org\/en\/?s={search_term_string}"},"query-input":{"@type":"PropertyValueSpecification","valueRequired":true,"valueName":"search_term_string"}}],"inLanguage":"es"},{"@type":"Organization","@id":"https:\/\/mwc-cmm.org\/en\/#organization","name":"Mennonite World Conference","alternateName":"MWC","url":"https:\/\/mwc-cmm.org\/en\/","logo":{"@type":"ImageObject","inLanguage":"es","@id":"https:\/\/mwc-cmm.org\/en\/#\/schema\/logo\/image\/","url":"https:\/\/mwc-cmm.org\/wp-content\/uploads\/2026\/01\/MWC_Sig_Blue_Horiz_webheader1-logo.svg","contentUrl":"https:\/\/mwc-cmm.org\/wp-content\/uploads\/2026\/01\/MWC_Sig_Blue_Horiz_webheader1-logo.svg","width":786,"height":82,"caption":"Mennonite World Conference"},"image":{"@id":"https:\/\/mwc-cmm.org\/en\/#\/schema\/logo\/image\/"},"sameAs":["https:\/\/www.facebook.com\/MennoniteWorldConference","https:\/\/www.linkedin.com\/company\/mennonite-world-conference-mwc\/","https:\/\/www.instagram.com\/mwcmm\/","https:\/\/www.youtube.com\/user\/mwccmm","https:\/\/bsky.app\/profile\/mwcmm.bsky.social"]},{"@type":"Person","@id":"https:\/\/mwc-cmm.org\/en\/#\/schema\/person\/11f6ae0d7d1868ba20a1cc27f067c836","name":"mennworldcon","image":{"@type":"ImageObject","inLanguage":"es","@id":"https:\/\/secure.gravatar.com\/avatar\/06fdc0dc81c157dfdb82ec42f252178a22307808988d22c043f9eb96f1e0fe80?s=96&d=mm&r=g","url":"https:\/\/secure.gravatar.com\/avatar\/06fdc0dc81c157dfdb82ec42f252178a22307808988d22c043f9eb96f1e0fe80?s=96&d=mm&r=g","contentUrl":"https:\/\/secure.gravatar.com\/avatar\/06fdc0dc81c157dfdb82ec42f252178a22307808988d22c043f9eb96f1e0fe80?s=96&d=mm&r=g","caption":"mennworldcon"},"sameAs":["https:\/\/mwc-cmm.org"],"url":"https:\/\/mwc-cmm.org\/es\/stories\/author\/mennworldcon\/"}]}},"_links":{"self":[{"href":"https:\/\/mwc-cmm.org\/es\/wp-json\/wp\/v2\/posts\/8879","targetHints":{"allow":["GET"]}}],"collection":[{"href":"https:\/\/mwc-cmm.org\/es\/wp-json\/wp\/v2\/posts"}],"about":[{"href":"https:\/\/mwc-cmm.org\/es\/wp-json\/wp\/v2\/types\/post"}],"author":[{"embeddable":true,"href":"https:\/\/mwc-cmm.org\/es\/wp-json\/wp\/v2\/users\/1"}],"replies":[{"embeddable":true,"href":"https:\/\/mwc-cmm.org\/es\/wp-json\/wp\/v2\/comments?post=8879"}],"version-history":[{"count":0,"href":"https:\/\/mwc-cmm.org\/es\/wp-json\/wp\/v2\/posts\/8879\/revisions"}],"wp:featuredmedia":[{"embeddable":true,"href":"https:\/\/mwc-cmm.org\/es\/wp-json\/wp\/v2\/media\/90470"}],"wp:attachment":[{"href":"https:\/\/mwc-cmm.org\/es\/wp-json\/wp\/v2\/media?parent=8879"}],"wp:term":[{"taxonomy":"category","embeddable":true,"href":"https:\/\/mwc-cmm.org\/es\/wp-json\/wp\/v2\/categories?post=8879"},{"taxonomy":"post_tag","embeddable":true,"href":"https:\/\/mwc-cmm.org\/es\/wp-json\/wp\/v2\/tags?post=8879"},{"taxonomy":"network","embeddable":true,"href":"https:\/\/mwc-cmm.org\/es\/wp-json\/wp\/v2\/network?post=8879"},{"taxonomy":"eventcategory","embeddable":true,"href":"https:\/\/mwc-cmm.org\/es\/wp-json\/wp\/v2\/eventcategory?post=8879"}],"curies":[{"name":"wp","href":"https:\/\/api.w.org\/{rel}","templated":true}]}}