{"id":8850,"date":"2019-01-14T00:00:00","date_gmt":"2019-01-14T00:00:00","guid":{"rendered":"https:\/\/mwc-cmm.org\/holy-spirit-breakthrough-in-east-africa-3\/"},"modified":"2024-12-10T18:01:42","modified_gmt":"2024-12-10T18:01:42","slug":"el-avance-del-espiritu-santo-en-el-este-de-africa","status":"publish","type":"post","link":"https:\/\/mwc-cmm.org\/es\/stories\/el-avance-del-espiritu-santo-en-el-este-de-africa\/","title":{"rendered":"El avance del Esp\u00edritu Santo en el este de \u00c1frica"},"content":{"rendered":"<div style=\"clear:both;\">\n<p paraeid=\"{010c8874-b8e8-4607-a75b-85883583f063}{169}\" paraid=\"1645324243\"><span xml_lang=\"EN-US\"><img decoding=\"async\" alt=\"El obispo Joseph Kamau de la iglesia Happy, Nakuru, Kenia. Foto: Len Rempel\" data-src=\"\/sites\/default\/files\/website_files\/20180421len_rempel2018-04_kenya_923.png\" style=\"width: 200px; height: 267px; margin: 5px 10px; float: left;\" src=\"data:image\/svg+xml;base64,PHN2ZyB3aWR0aD0iMSIgaGVpZ2h0PSIxIiB4bWxucz0iaHR0cDovL3d3dy53My5vcmcvMjAwMC9zdmciPjwvc3ZnPg==\" class=\"lazyload\" \/><em><span xml_lang=\"ES-ES\">\u201c<\/span><span xml_lang=\"ES-ES\">En los \u00faltimos d\u00edas ser\u00e1, declara Dios, que derramar\u00e9 mi Esp\u00edritu sobre toda carne, y tus hijos y tus hijas profetizar\u00e1n, y tus j\u00f3venes ver\u00e1n visiones, y tus ancianos so\u00f1ar\u00e1n sue\u00f1os<\/span><span xml_lang=\"ES-ES\">\u201d<\/span><span xml_lang=\"ES-ES\"> (Hechos 2<\/span><span xml_lang=\"ES-ES\">,<\/span><span xml_lang=\"ES-ES\">17).<\/span><\/em><\/span><\/p>\n<p paraeid=\"{010c8874-b8e8-4607-a75b-85883583f063}{169}\" paraid=\"1645324243\"><span xml_lang=\"ES-ES\">El obispo <\/span><span xml_lang=\"ES-ES\">Kisare<\/span><span xml_lang=\"ES-ES\"> estaba sentado junto al gran \u00e1rbol donde hace 70 a\u00f1os los primeros misioneros menonitas se hab\u00edan embarcado en un <\/span><span xml_lang=\"ES-ES\">dhow<\/span><span xml_lang=\"ES-ES\">. <\/span><\/p>\n<p paraeid=\"{010c8874-b8e8-4607-a75b-85883583f063}{169}\" paraid=\"1645324243\"><span xml_lang=\"ES-ES\">Le pregunt\u00e9 al querido hermano obispo, <\/span><span xml_lang=\"ES-ES\">\u201c<\/span><span xml_lang=\"ES-ES\">\u00bfQu\u00e9 sucedi\u00f3 aqu\u00ed en <\/span><span xml_lang=\"ES-ES\">Katuru<\/span><span xml_lang=\"ES-ES\"> Hill hace tantos a\u00f1os?<\/span><span xml_lang=\"ES-ES\">\u201d<\/span>  <\/p>\n<p paraeid=\"{010c8874-b8e8-4607-a75b-85883583f063}{169}\" paraid=\"1645324243\"><span xml_lang=\"ES-ES\">Un par de l\u00e1grimas corrieron por sus mejillas cuando respondi\u00f3, <\/span><span xml_lang=\"ES-ES\">\u201c<\/span><span xml_lang=\"ES-ES\">\u00bfSe est\u00e1 refiriendo al d\u00eda en que el fuego de Dios cay\u00f3 sobre <\/span><span xml_lang=\"ES-ES\">Katuru<\/span><span xml_lang=\"ES-ES\"> Hill?<\/span><span xml_lang=\"ES-ES\">\u201d<\/span>  <\/p>\n<p paraeid=\"{010c8874-b8e8-4607-a75b-85883583f063}{169}\" paraid=\"1645324243\"><span xml_lang=\"ES-ES\">\u201c<\/span><span xml_lang=\"ES-ES\">Ese d\u00eda Dios me toc\u00f3 y comenz\u00f3 su obra transformadora en mi alma. Aquel d\u00eda comenz\u00f3 mi llamado como ministro del evangelio. Ese fue un d\u00eda que nunca olvidar\u00e9<\/span><span xml_lang=\"ES-ES\">\u201d<\/span><span xml_lang=\"ES-ES\">. <\/span><\/p>\n<p paraeid=\"{010c8874-b8e8-4607-a75b-85883583f063}{169}\" paraid=\"1645324243\"><span xml_lang=\"ES-ES\">\u201c<\/span><span xml_lang=\"ES-ES\">Jes\u00fas me toc\u00f3 y me transform\u00f3. La gente pasaba por alto a <\/span><span xml_lang=\"ES-ES\">Katuru<\/span><span xml_lang=\"ES-ES\"> Hill porque en las aldeas se dec\u00eda que todos los que se acercaran ser\u00edan quemados pues el fuego de Dios estaba ardiendo en <\/span><span xml_lang=\"ES-ES\">Katuru<\/span><span xml_lang=\"ES-ES\"> Hill<\/span><span xml_lang=\"ES-ES\">\u201d<\/span><span xml_lang=\"ES-ES\">.<\/span><\/p>\n<p paraeid=\"{010c8874-b8e8-4607-a75b-85883583f063}{169}\" paraid=\"1645324243\"><strong>Ni\u00f1os evangelistas<\/strong><\/p>\n<p paraeid=\"{010c8874-b8e8-4607-a75b-85883583f063}{169}\" paraid=\"1645324243\"><span xml_lang=\"ES-ES\">Eso fue en 1942. Ese domingo de agosto el fuego de Dios descendi\u00f3 sobre la nueva iglesia menonita en desarrollo en <\/span><span xml_lang=\"ES-ES\">Katuru<\/span><span xml_lang=\"ES-ES\"> Hill en <\/span><span xml_lang=\"ES-ES\">Shirati<\/span><span xml_lang=\"ES-ES\">. <\/span><\/p>\n<div style=\"clear:both;\">\n<p paraeid=\"{27a99b8f-6be9-407e-a860-4e011e4b081e}{24}\" paraid=\"551511586\"><span xml_lang=\"ES-ES\">La congregaci\u00f3n experiment\u00f3 el fuego de convicci\u00f3n de Dios acompa\u00f1ado por el llanto de arrepentimiento de las personas durante todo el d\u00eda y las horas de la tarde. Wilson <\/span><span xml_lang=\"ES-ES\">Ogwada<\/span><span xml_lang=\"ES-ES\"> y <\/span><span xml_lang=\"ES-ES\">Nikanor<\/span> <span xml_lang=\"ES-ES\">Dhaje<\/span><span xml_lang=\"ES-ES\">, estudiantes de 12 a\u00f1os de la escuela primaria en <\/span><span xml_lang=\"ES-ES\">Shirati<\/span><span xml_lang=\"ES-ES\">, experimentaron tal compasi\u00f3n por aquellos que no conoc\u00edan a Jes\u00fas que dejaron la escuela para predicar el evangelio.<\/span><\/p>\n<\/div>\n<div style=\"clear:both;\">\n<p paraeid=\"{27a99b8f-6be9-407e-a860-4e011e4b081e}{46}\" paraid=\"469712931\"><span xml_lang=\"ES-ES\">Se convirtieron en los primeros misioneros menonitas africanos que viajaban de comunidad en comunidad para proclamar la Palabra de Dios. Siguieron adelante a pesar de haber sido azotados al menos una vez. Predicaron a lo largo de la frontera entre Kenia y Tanzania. <\/span><\/p>\n<\/div>\n<\/div>\n<div style=\"clear:both;\">\n<div style=\"clear:both;\">\n<p paraeid=\"{27a99b8f-6be9-407e-a860-4e011e4b081e}{52}\" paraid=\"33122811\"><strong><span xml_lang=\"ES-ES\">Promotora del avivamiento a toda marcha<\/span><\/strong><\/p>\n<\/div>\n<div style=\"clear:both;\">\n<p paraeid=\"{27a99b8f-6be9-407e-a860-4e011e4b081e}{58}\" paraid=\"1044211333\"><span xml_lang=\"ES-ES\">En la providencia de Dios, <\/span><span xml_lang=\"ES-ES\">Rebeka<\/span> <span xml_lang=\"ES-ES\">Kizinza<\/span> <span xml_lang=\"ES-ES\">\u201c<\/span><span xml_lang=\"ES-ES\">Speedy<\/span><span xml_lang=\"ES-ES\">\u201d<\/span> <span xml_lang=\"ES-ES\">abri\u00f3 su hogar situado en la frontera de Kenia a los tanzanos emisarios del evangelio. Veinticuatro kil\u00f3metros diarios a pie era su recorrido normal para servir al Se\u00f1or sin inhibiciones. Por medio de su caminar veloz, entrelaz\u00f3 una relaci\u00f3n entre los promotores del avivamiento de Kenia y de Tanzania.<\/span><\/p>\n<\/div>\n<p paraeid=\"{31cb991a-4038-45e0-a814-ccd6997ad348}{170}\" paraid=\"1204601968\"><span xml_lang=\"ES-ES\">Existe un misterio en el ministerio del Esp\u00edritu Santo. <\/span><em><span xml_lang=\"ES-ES\">\u201c<\/span><span xml_lang=\"ES-ES\">El viento sopla por donde quiere, y lo oyes silbar, pero ignoras de d\u00f3nde viene y a d\u00f3nde va. Lo mismo pasa con todo el que nace del Esp\u00edritu<\/span><span xml_lang=\"ES-ES\">\u201d<\/span><\/em><span xml_lang=\"ES-ES\"><em> <\/em>(Juan 3<\/span><span xml_lang=\"ES-ES\">,<\/span><span xml_lang=\"ES-ES\">8), dijo Jes\u00fas. As\u00ed ocurri\u00f3 dentro de la hermandad de avivamiento del este de \u00c1frica. <\/span><\/p>\n<\/div>\n<div style=\"clear:both;\">\n<p paraeid=\"{1a201d15-7a3a-43f6-ad97-066e6cd3b304}{21}\" paraid=\"1458934898\"><strong><span xml_lang=\"EN-US\">Maestro arrepentido  <\/span><\/strong><\/p>\n<p><span xml_lang=\"EN-US\">Aquellos de entre nosotros que desean saber fechas y lugares probablemente remontar\u00e1n los inicios del avivamiento a un profesor de escuela secundaria en Ruanda, Blasio Kigozi, quien invirti\u00f3 12 d\u00edas en oraci\u00f3n y ayuno por el derramamiento del Esp\u00edritu Santo sobre los alumnos, el personal y el profesorado.  <\/span><\/p>\n<p paraeid=\"{1a201d15-7a3a-43f6-ad97-066e6cd3b304}{21}\" paraid=\"1458934898\"><span xml_lang=\"EN-US\">Blasio sali\u00f3 de su habitaci\u00f3n como un hombre transformado, primero pidiendo perd\u00f3n a su esposa y luego convoc\u00f3 a una reuni\u00f3n de todo el profesorado y del personal para anunciar que el Se\u00f1or le hab\u00eda revelado la necesidad de arrepentimiento. Toda la escuela se convenci\u00f3. Los obispos anglicanos en Kampala invitaron a Blasio a reunirse con ellos y tambi\u00e9n se sintieron tocados por un profundo sentido de arrepentimiento. En el plazo de seis semanas Blasio enferm\u00f3 y muri\u00f3, pero su mensaje en el este de \u00c1frica nunca ha cesado.<\/span><\/p>\n<\/div>\n<div style=\"clear:both;\"><strong><span xml_lang=\"EN-US\"><img decoding=\"async\" alt=\"Dieciocho mujeres Maasai de una confraternidad menonita pasaron la noche en el piso para asistir al evento Renovaci\u00f3n y presentar un baile tradicional. Foto: Wilhelm Unger\" data-src=\"\/sites\/default\/files\/website_files\/20180421wilhelm_ungerdsc_2513.png\" style=\"width: 300px; height: 199px; margin: 5px 10px; float: left;\" src=\"data:image\/svg+xml;base64,PHN2ZyB3aWR0aD0iMSIgaGVpZ2h0PSIxIiB4bWxucz0iaHR0cDovL3d3dy53My5vcmcvMjAwMC9zdmciPjwvc3ZnPg==\" class=\"lazyload\" \/><\/span><\/strong><\/p>\n<p paraeid=\"{1a201d15-7a3a-43f6-ad97-066e6cd3b304}{85}\" paraid=\"2060242130\"><strong>Fruto del avivamiento<\/strong><\/p>\n<p paraeid=\"{1a201d15-7a3a-43f6-ad97-066e6cd3b304}{85}\" paraid=\"2060242130\">Los menonitas no fueron pasados por alto cuando el poder convincente del Esp\u00edritu Santo se movi\u00f3.<\/p>\n<p paraeid=\"{1a201d15-7a3a-43f6-ad97-066e6cd3b304}{85}\" paraid=\"2060242130\">El avivamiento se movi\u00f3 como un pueblo que amaba a Jes\u00fas y que se amaba entre s\u00ed. Al principio, los l\u00edderes prestaron atenci\u00f3n a la continuidad del avivamiento. De varias maneras, todos los pa\u00edses de \u00c1frica Oriental se conmovieron con el avivamiento que contin\u00faa hasta la actualidad. <\/p>\n<p paraeid=\"{1a201d15-7a3a-43f6-ad97-066e6cd3b304}{85}\" paraid=\"2060242130\"><span xml_lang=\"ES-ES\">1. El avivamiento se centra en Jesucristo. Las reuniones regulares de la hermandad se centran en Jes\u00fas. Todos sab\u00edan que los promotores del avivamiento amaban a Jes\u00fas. Ya sea que en la reuni\u00f3n haya miles o solo unos pocos, los promotores del avivamiento se re\u00fanen en el nombre de Jes\u00fas y all\u00ed Jes\u00fas se re\u00fane con la hermandad de creyentes.<\/span>  <\/p>\n<p paraeid=\"{1a201d15-7a3a-43f6-ad97-066e6cd3b304}{85}\" paraid=\"2060242130\"><span xml_lang=\"ES-ES\">2. La confesi\u00f3n de los pecados, el arrepentimiento y el caminar en la luz de Jes\u00fas son primordiales. Cada reuni\u00f3n incluye la confesi\u00f3n de los pecados y la celebraci\u00f3n de la sangre purificadora de Jes\u00fas. 1 Juan 1<\/span><span xml_lang=\"ES-ES\">,<\/span><span xml_lang=\"ES-ES\">7 resume los compromisos centrales de la hermandad de avivamiento: <\/span><em><span xml_lang=\"ES-ES\">\u201c<\/span><span xml_lang=\"ES-ES\">Si caminamos en la luz como \u00e9l mismo est\u00e1 en la luz, tenemos comuni\u00f3n unos con otros, y la sangre de Jes\u00fas, su Hijo, nos limpia de todo pecado<\/span><span xml_lang=\"ES-ES\">\u201d<\/span><span xml_lang=\"ES-ES\">. <\/span><\/em><\/p>\n<div style=\"clear:both;\">\n<p paraeid=\"{27a99b8f-6be9-407e-a860-4e011e4b081e}{168}\" paraid=\"2050351561\"><span xml_lang=\"ES-ES\">3. Los promotores del avivamiento ministraban fervientemente. Se les dio el apodo de la gente encendida con la pasi\u00f3n por Jes\u00fas, <\/span><em><span xml_lang=\"ES-ES\">Balokole<\/span><span xml_lang=\"ES-ES\">. <\/span><\/em><\/p>\n<\/div>\n<div style=\"clear:both;\">\n<p paraeid=\"{27a99b8f-6be9-407e-a860-4e011e4b081e}{178}\" paraid=\"385430412\"><span xml_lang=\"ES-ES\">4. Las hermandades son comunidades de gozo. Abarcan a personas de tribus y naciones de todo el este de \u00c1frica, asemej\u00e1ndose a la imagen de la iglesia de Hechos 2<\/span><span xml_lang=\"ES-ES\">,<\/span><span xml_lang=\"ES-ES\">5\u201a\u00c4\u00ec6: <\/span><span xml_lang=\"ES-ES\">\u201c<\/span><span xml_lang=\"ES-ES\">Estaban de visita en Jerusal\u00e9n jud\u00edos piadosos, procedentes de todas las naciones de la tierra. Al o\u00edr aquel bullicio se agolparon y quedaron todos pasmados porque cada uno los escuchaba hablar en su propio idioma<\/span><span xml_lang=\"ES-ES\">\u201d<\/span><span xml_lang=\"ES-ES\">. <\/span><\/p>\n<\/div>\n<div style=\"clear:both;\">\n<p paraeid=\"{27a99b8f-6be9-407e-a860-4e011e4b081e}{196}\" paraid=\"1891776856\"><span xml_lang=\"ES-ES\">El movimiento se convirti\u00f3 en la comunidad <\/span><span xml_lang=\"ES-ES\">intertribal<\/span><span xml_lang=\"ES-ES\"> m\u00e1s aut\u00e9ntica en el este de \u00c1frica. Su esp\u00edritu de relaci\u00f3n intercomunitaria fue un desarrollo clave en la promoci\u00f3n de esfuerzos pac\u00edficos para sanar la lucha pol\u00edtica en Kenia. Tambi\u00e9n modelaron el principio de recibir y compartir consejo. <\/span><\/p>\n<\/div>\n<\/div>\n<div style=\"clear:both;\">\n<div style=\"clear:both;\">\n<p paraeid=\"{27a99b8f-6be9-407e-a860-4e011e4b081e}{206}\" paraid=\"1460322822\"><strong><span xml_lang=\"ES-ES\">El avivamiento desarrolla la reconciliaci\u00f3n<\/span><\/strong><\/p>\n<\/div>\n<div style=\"clear:both;\">\n<p paraeid=\"{27a99b8f-6be9-407e-a860-4e011e4b081e}{212}\" paraid=\"977387365\"><span xml_lang=\"ES-ES\">En ocasiones peque\u00f1os equipos de <\/span><span xml_lang=\"ES-ES\">Balokole<\/span><span xml_lang=\"ES-ES\"> viajaban a Sud\u00e1frica instando a una resoluci\u00f3n pol\u00edtica pac\u00edfica. Es asombroso c\u00f3mo el avivamiento que comenz\u00f3 con estudiantes ampli\u00f3 su <\/span><span xml_lang=\"ES-ES\">aceptaci\u00f3n para invitar a la reconciliaci\u00f3n hacia el sendero de la paz a\u00fan dentro de los desaf\u00edos m\u00e1s dif\u00edciles.<\/span><\/p>\n<\/div>\n<div style=\"clear:both;\">\n<p paraeid=\"{27a99b8f-6be9-407e-a860-4e011e4b081e}{224}\" paraid=\"198043161\"><span xml_lang=\"ES-ES\">A medida que la hermandad crec\u00eda, muchos en el Occidente incluido los Estados Unidos, se sintieron profundamente conmovidos por la gracia de Cristo proclamada por la hermandad. El legalismo de los menonitas en los a\u00f1os treinta y cuarenta fue destructivo; los mensajes llenos de gracia de los menonitas del este de \u00c1frica fueron vitales. La hermandad del avivamiento se esparci\u00f3 en varias comunidades norteamericanas, trayendo \u00e1nimo y una nueva vida.<\/span><\/p>\n<\/div>\n<\/div>\n<div style=\"clear:both;\">\n<div style=\"clear:both;\">\n<p paraeid=\"{27a99b8f-6be9-407e-a860-4e011e4b081e}{230}\" paraid=\"469062735\"><strong><span xml_lang=\"ES-ES\">La gente del cordero <\/span><\/strong><\/p>\n<\/div>\n<div style=\"clear:both;\">\n<p paraeid=\"{27a99b8f-6be9-407e-a860-4e011e4b081e}{236}\" paraid=\"359113547\"><span xml_lang=\"ES-ES\">La hermandad de avivamiento del este de \u00c1frica se resisti\u00f3 a convertirse en una hermandad denominacional. Permanecieron dentro de las iglesias <\/span><span xml_lang=\"ES-ES\">establecidas<\/span><span xml_lang=\"ES-ES\"> pero eso no significaba que la hermandad del avivamiento no tuvieran una identidad. <\/span><\/p>\n<\/div>\n<div style=\"clear:both;\">\n<p paraeid=\"{27a99b8f-6be9-407e-a860-4e011e4b081e}{246}\" paraid=\"836540850\"><span xml_lang=\"ES-ES\">En medio de la agitaci\u00f3n pol\u00edtica en la regi\u00f3n del este de \u00c1frica, los <\/span><span xml_lang=\"ES-ES\">Balokole<\/span> <span xml_lang=\"ES-ES\">fueron reconocidos como un pueblo de paz. Se les llam\u00f3 la Gente del Cordero, personas que sacrificaron sus vidas por su compromiso con Jes\u00fas.<\/span><\/p>\n<\/div>\n<div style=\"clear:both;\">\n<p paraeid=\"{72ec97e6-bf13-4d83-b3c0-dfe7728673d9}{3}\" paraid=\"1627625794\"><span xml_lang=\"ES-ES\">Muy al comienzo del movimiento en Kenia y <\/span><span xml_lang=\"ES-ES\">Uganda<\/span><span xml_lang=\"ES-ES\"> as\u00ed como en Burundi y Ruanda, hubo disturbios por conflictos tribales o internacionales. Los promotores del avivamiento se negaron a participar en estos conflictos violentos. Cientos murieron dando testimonio de que Jes\u00fas es el Cordero de Dios. <\/span><\/p>\n<\/div>\n<div style=\"clear:both;\">\n<p paraeid=\"{72ec97e6-bf13-4d83-b3c0-dfe7728673d9}{13}\" paraid=\"164869134\"><span xml_lang=\"ES-ES\">En muchas ocasiones dentro de la <\/span><span xml_lang=\"ES-ES\">robusta<\/span> <span xml_lang=\"ES-ES\">historia posterior a la independencia de Kenia, los menonitas se han mantenido firmes con el Pueblo del Cordero, declarando que est\u00e1n comprometidos a la sanidad de las naciones y no a la destrucci\u00f3n de las mismas. <\/span><\/p>\n<\/div>\n<div style=\"clear:both;\">\n<p paraeid=\"{72ec97e6-bf13-4d83-b3c0-dfe7728673d9}{30}\" paraid=\"1390335634\"><em><span xml_lang=\"ES-ES\">\u201a\u00c4\u00eeDavid W. <\/span><span xml_lang=\"ES-ES\">Shenk<\/span><span xml_lang=\"ES-ES\"> es un menonita norteamericano cuyo compromiso de dar fiel testimonio de Cristo en nuestro mundo pluralista lo ha llevado a m\u00e1s de cien pa\u00edses y regiones. David es un autor, misionero, maestro, predicador, y l\u00edder que junto a su esposa Grace han invertido especialmente en el establecimiento de la paz con los musulmanes. Naci\u00f3 en el este de \u00c1frica y es miembro de la iglesia <\/span><span xml_lang=\"ES-ES\">Mountville<\/span><span xml_lang=\"ES-ES\"> Mennonite Church en Pennsylvania, <\/span><span xml_lang=\"ES-ES\">EE.UU.<\/span><\/em><\/p>\n<\/div>\n<\/div>\n<p><em>Este art\u00edculo apareci\u00f3 por primera vez en <a href=\"https:\/\/mwc-cmm.org\/article\/correo\">Correo\/Courier\/Courrier en octubre de 2018.<\/a><\/em><\/p>\n","protected":false},"excerpt":{"rendered":"<p>NULL<\/p>\n","protected":false},"author":1,"featured_media":90092,"comment_status":"closed","ping_status":"closed","sticky":false,"template":"","format":"standard","meta":{"_acf_changed":false,"footnotes":""},"categories":[1184,6],"tags":[398,434],"network":[],"eventcategory":[],"class_list":["post-8850","post","type-post","status-publish","format-standard","has-post-thumbnail","hentry","category-courier-sp","category-sin-categorizar","tag-courier-es","tag-historia"],"acf":[],"yoast_head":"<!-- This site is optimized with the Yoast SEO plugin v27.5 - https:\/\/yoast.com\/product\/yoast-seo-wordpress\/ -->\n<title>El avance del Esp\u00edritu Santo en el este de \u00c1frica - Mennonite World Conference<\/title>\n<meta name=\"robots\" content=\"index, follow, max-snippet:-1, max-image-preview:large, max-video-preview:-1\" \/>\n<link rel=\"canonical\" href=\"https:\/\/mwc-cmm.org\/es\/stories\/el-avance-del-espiritu-santo-en-el-este-de-africa\/\" \/>\n<meta property=\"og:locale\" content=\"es_ES\" \/>\n<meta property=\"og:type\" content=\"article\" \/>\n<meta property=\"og:title\" content=\"El avance del Esp\u00edritu Santo en el este de \u00c1frica - Mennonite World Conference\" \/>\n<meta property=\"og:description\" content=\"NULL\" \/>\n<meta property=\"og:url\" content=\"https:\/\/mwc-cmm.org\/es\/stories\/el-avance-del-espiritu-santo-en-el-este-de-africa\/\" \/>\n<meta property=\"og:site_name\" content=\"Mennonite World Conference\" \/>\n<meta property=\"article:publisher\" content=\"https:\/\/www.facebook.com\/MennoniteWorldConference\" \/>\n<meta property=\"article:published_time\" content=\"2019-01-14T00:00:00+00:00\" \/>\n<meta property=\"article:modified_time\" content=\"2024-12-10T18:01:42+00:00\" \/>\n<meta property=\"og:image\" content=\"https:\/\/mwc-cmm.org\/wp-content\/uploads\/2024\/11\/20180421wilhelm_ungerdsc_2433_0.png\" \/>\n\t<meta property=\"og:image:width\" content=\"1200\" \/>\n\t<meta property=\"og:image:height\" content=\"795\" \/>\n\t<meta property=\"og:image:type\" content=\"image\/png\" \/>\n<meta name=\"author\" content=\"mennworldcon\" \/>\n<script type=\"application\/ld+json\" class=\"yoast-schema-graph\">{\"@context\":\"https:\\\/\\\/schema.org\",\"@graph\":[{\"@type\":\"Article\",\"@id\":\"https:\\\/\\\/mwc-cmm.org\\\/es\\\/stories\\\/el-avance-del-espiritu-santo-en-el-este-de-africa\\\/#article\",\"isPartOf\":{\"@id\":\"https:\\\/\\\/mwc-cmm.org\\\/es\\\/stories\\\/el-avance-del-espiritu-santo-en-el-este-de-africa\\\/\"},\"author\":{\"name\":\"mennworldcon\",\"@id\":\"https:\\\/\\\/mwc-cmm.org\\\/en\\\/#\\\/schema\\\/person\\\/11f6ae0d7d1868ba20a1cc27f067c836\"},\"headline\":\"El avance del Esp\u00edritu Santo en el este de \u00c1frica\",\"datePublished\":\"2019-01-14T00:00:00+00:00\",\"dateModified\":\"2024-12-10T18:01:42+00:00\",\"mainEntityOfPage\":{\"@id\":\"https:\\\/\\\/mwc-cmm.org\\\/es\\\/stories\\\/el-avance-del-espiritu-santo-en-el-este-de-africa\\\/\"},\"wordCount\":1366,\"publisher\":{\"@id\":\"https:\\\/\\\/mwc-cmm.org\\\/en\\\/#organization\"},\"image\":{\"@id\":\"https:\\\/\\\/mwc-cmm.org\\\/es\\\/stories\\\/el-avance-del-espiritu-santo-en-el-este-de-africa\\\/#primaryimage\"},\"thumbnailUrl\":\"https:\\\/\\\/mwc-cmm.org\\\/wp-content\\\/uploads\\\/2024\\\/11\\\/20180421wilhelm_ungerdsc_2433_0.png\",\"keywords\":[\"Courier\",\"historia\"],\"articleSection\":[\"Correo\",\"Sin categorizar\"],\"inLanguage\":\"es\"},{\"@type\":\"WebPage\",\"@id\":\"https:\\\/\\\/mwc-cmm.org\\\/es\\\/stories\\\/el-avance-del-espiritu-santo-en-el-este-de-africa\\\/\",\"url\":\"https:\\\/\\\/mwc-cmm.org\\\/es\\\/stories\\\/el-avance-del-espiritu-santo-en-el-este-de-africa\\\/\",\"name\":\"El avance del Esp\u00edritu Santo en el este de \u00c1frica - Mennonite World Conference\",\"isPartOf\":{\"@id\":\"https:\\\/\\\/mwc-cmm.org\\\/en\\\/#website\"},\"primaryImageOfPage\":{\"@id\":\"https:\\\/\\\/mwc-cmm.org\\\/es\\\/stories\\\/el-avance-del-espiritu-santo-en-el-este-de-africa\\\/#primaryimage\"},\"image\":{\"@id\":\"https:\\\/\\\/mwc-cmm.org\\\/es\\\/stories\\\/el-avance-del-espiritu-santo-en-el-este-de-africa\\\/#primaryimage\"},\"thumbnailUrl\":\"https:\\\/\\\/mwc-cmm.org\\\/wp-content\\\/uploads\\\/2024\\\/11\\\/20180421wilhelm_ungerdsc_2433_0.png\",\"datePublished\":\"2019-01-14T00:00:00+00:00\",\"dateModified\":\"2024-12-10T18:01:42+00:00\",\"breadcrumb\":{\"@id\":\"https:\\\/\\\/mwc-cmm.org\\\/es\\\/stories\\\/el-avance-del-espiritu-santo-en-el-este-de-africa\\\/#breadcrumb\"},\"inLanguage\":\"es\",\"potentialAction\":[{\"@type\":\"ReadAction\",\"target\":[\"https:\\\/\\\/mwc-cmm.org\\\/es\\\/stories\\\/el-avance-del-espiritu-santo-en-el-este-de-africa\\\/\"]}]},{\"@type\":\"ImageObject\",\"inLanguage\":\"es\",\"@id\":\"https:\\\/\\\/mwc-cmm.org\\\/es\\\/stories\\\/el-avance-del-espiritu-santo-en-el-este-de-africa\\\/#primaryimage\",\"url\":\"https:\\\/\\\/mwc-cmm.org\\\/wp-content\\\/uploads\\\/2024\\\/11\\\/20180421wilhelm_ungerdsc_2433_0.png\",\"contentUrl\":\"https:\\\/\\\/mwc-cmm.org\\\/wp-content\\\/uploads\\\/2024\\\/11\\\/20180421wilhelm_ungerdsc_2433_0.png\",\"width\":1200,\"height\":795},{\"@type\":\"BreadcrumbList\",\"@id\":\"https:\\\/\\\/mwc-cmm.org\\\/es\\\/stories\\\/el-avance-del-espiritu-santo-en-el-este-de-africa\\\/#breadcrumb\",\"itemListElement\":[{\"@type\":\"ListItem\",\"position\":1,\"name\":\"Home\",\"item\":\"https:\\\/\\\/mwc-cmm.org\\\/es\\\/\"},{\"@type\":\"ListItem\",\"position\":2,\"name\":\"El avance del Esp\u00edritu Santo en el este de \u00c1frica\"}]},{\"@type\":\"WebSite\",\"@id\":\"https:\\\/\\\/mwc-cmm.org\\\/en\\\/#website\",\"url\":\"https:\\\/\\\/mwc-cmm.org\\\/en\\\/\",\"name\":\"Mennonite World Conference\",\"description\":\"A communion of Anabaptist-related churches\",\"publisher\":{\"@id\":\"https:\\\/\\\/mwc-cmm.org\\\/en\\\/#organization\"},\"alternateName\":\"MWC\",\"potentialAction\":[{\"@type\":\"SearchAction\",\"target\":{\"@type\":\"EntryPoint\",\"urlTemplate\":\"https:\\\/\\\/mwc-cmm.org\\\/en\\\/?s={search_term_string}\"},\"query-input\":{\"@type\":\"PropertyValueSpecification\",\"valueRequired\":true,\"valueName\":\"search_term_string\"}}],\"inLanguage\":\"es\"},{\"@type\":\"Organization\",\"@id\":\"https:\\\/\\\/mwc-cmm.org\\\/en\\\/#organization\",\"name\":\"Mennonite World Conference\",\"alternateName\":\"MWC\",\"url\":\"https:\\\/\\\/mwc-cmm.org\\\/en\\\/\",\"logo\":{\"@type\":\"ImageObject\",\"inLanguage\":\"es\",\"@id\":\"https:\\\/\\\/mwc-cmm.org\\\/en\\\/#\\\/schema\\\/logo\\\/image\\\/\",\"url\":\"https:\\\/\\\/mwc-cmm.org\\\/wp-content\\\/uploads\\\/2026\\\/01\\\/MWC_Sig_Blue_Horiz_webheader1-logo.svg\",\"contentUrl\":\"https:\\\/\\\/mwc-cmm.org\\\/wp-content\\\/uploads\\\/2026\\\/01\\\/MWC_Sig_Blue_Horiz_webheader1-logo.svg\",\"width\":786,\"height\":82,\"caption\":\"Mennonite World Conference\"},\"image\":{\"@id\":\"https:\\\/\\\/mwc-cmm.org\\\/en\\\/#\\\/schema\\\/logo\\\/image\\\/\"},\"sameAs\":[\"https:\\\/\\\/www.facebook.com\\\/MennoniteWorldConference\",\"https:\\\/\\\/www.linkedin.com\\\/company\\\/mennonite-world-conference-mwc\\\/\",\"https:\\\/\\\/www.instagram.com\\\/mwcmm\\\/\",\"https:\\\/\\\/www.youtube.com\\\/user\\\/mwccmm\",\"https:\\\/\\\/bsky.app\\\/profile\\\/mwcmm.bsky.social\"]},{\"@type\":\"Person\",\"@id\":\"https:\\\/\\\/mwc-cmm.org\\\/en\\\/#\\\/schema\\\/person\\\/11f6ae0d7d1868ba20a1cc27f067c836\",\"name\":\"mennworldcon\",\"image\":{\"@type\":\"ImageObject\",\"inLanguage\":\"es\",\"@id\":\"https:\\\/\\\/secure.gravatar.com\\\/avatar\\\/06fdc0dc81c157dfdb82ec42f252178a22307808988d22c043f9eb96f1e0fe80?s=96&d=mm&r=g\",\"url\":\"https:\\\/\\\/secure.gravatar.com\\\/avatar\\\/06fdc0dc81c157dfdb82ec42f252178a22307808988d22c043f9eb96f1e0fe80?s=96&d=mm&r=g\",\"contentUrl\":\"https:\\\/\\\/secure.gravatar.com\\\/avatar\\\/06fdc0dc81c157dfdb82ec42f252178a22307808988d22c043f9eb96f1e0fe80?s=96&d=mm&r=g\",\"caption\":\"mennworldcon\"},\"sameAs\":[\"https:\\\/\\\/mwc-cmm.org\"],\"url\":\"https:\\\/\\\/mwc-cmm.org\\\/es\\\/stories\\\/author\\\/mennworldcon\\\/\"}]}<\/script>\n<!-- \/ Yoast SEO plugin. -->","yoast_head_json":{"title":"El avance del Esp\u00edritu Santo en el este de \u00c1frica - Mennonite World Conference","robots":{"index":"index","follow":"follow","max-snippet":"max-snippet:-1","max-image-preview":"max-image-preview:large","max-video-preview":"max-video-preview:-1"},"canonical":"https:\/\/mwc-cmm.org\/es\/stories\/el-avance-del-espiritu-santo-en-el-este-de-africa\/","og_locale":"es_ES","og_type":"article","og_title":"El avance del Esp\u00edritu Santo en el este de \u00c1frica - Mennonite World Conference","og_description":"NULL","og_url":"https:\/\/mwc-cmm.org\/es\/stories\/el-avance-del-espiritu-santo-en-el-este-de-africa\/","og_site_name":"Mennonite World Conference","article_publisher":"https:\/\/www.facebook.com\/MennoniteWorldConference","article_published_time":"2019-01-14T00:00:00+00:00","article_modified_time":"2024-12-10T18:01:42+00:00","og_image":[{"width":1200,"height":795,"url":"https:\/\/mwc-cmm.org\/wp-content\/uploads\/2024\/11\/20180421wilhelm_ungerdsc_2433_0.png","type":"image\/png"}],"author":"mennworldcon","schema":{"@context":"https:\/\/schema.org","@graph":[{"@type":"Article","@id":"https:\/\/mwc-cmm.org\/es\/stories\/el-avance-del-espiritu-santo-en-el-este-de-africa\/#article","isPartOf":{"@id":"https:\/\/mwc-cmm.org\/es\/stories\/el-avance-del-espiritu-santo-en-el-este-de-africa\/"},"author":{"name":"mennworldcon","@id":"https:\/\/mwc-cmm.org\/en\/#\/schema\/person\/11f6ae0d7d1868ba20a1cc27f067c836"},"headline":"El avance del Esp\u00edritu Santo en el este de \u00c1frica","datePublished":"2019-01-14T00:00:00+00:00","dateModified":"2024-12-10T18:01:42+00:00","mainEntityOfPage":{"@id":"https:\/\/mwc-cmm.org\/es\/stories\/el-avance-del-espiritu-santo-en-el-este-de-africa\/"},"wordCount":1366,"publisher":{"@id":"https:\/\/mwc-cmm.org\/en\/#organization"},"image":{"@id":"https:\/\/mwc-cmm.org\/es\/stories\/el-avance-del-espiritu-santo-en-el-este-de-africa\/#primaryimage"},"thumbnailUrl":"https:\/\/mwc-cmm.org\/wp-content\/uploads\/2024\/11\/20180421wilhelm_ungerdsc_2433_0.png","keywords":["Courier","historia"],"articleSection":["Correo","Sin categorizar"],"inLanguage":"es"},{"@type":"WebPage","@id":"https:\/\/mwc-cmm.org\/es\/stories\/el-avance-del-espiritu-santo-en-el-este-de-africa\/","url":"https:\/\/mwc-cmm.org\/es\/stories\/el-avance-del-espiritu-santo-en-el-este-de-africa\/","name":"El avance del Esp\u00edritu Santo en el este de \u00c1frica - Mennonite World Conference","isPartOf":{"@id":"https:\/\/mwc-cmm.org\/en\/#website"},"primaryImageOfPage":{"@id":"https:\/\/mwc-cmm.org\/es\/stories\/el-avance-del-espiritu-santo-en-el-este-de-africa\/#primaryimage"},"image":{"@id":"https:\/\/mwc-cmm.org\/es\/stories\/el-avance-del-espiritu-santo-en-el-este-de-africa\/#primaryimage"},"thumbnailUrl":"https:\/\/mwc-cmm.org\/wp-content\/uploads\/2024\/11\/20180421wilhelm_ungerdsc_2433_0.png","datePublished":"2019-01-14T00:00:00+00:00","dateModified":"2024-12-10T18:01:42+00:00","breadcrumb":{"@id":"https:\/\/mwc-cmm.org\/es\/stories\/el-avance-del-espiritu-santo-en-el-este-de-africa\/#breadcrumb"},"inLanguage":"es","potentialAction":[{"@type":"ReadAction","target":["https:\/\/mwc-cmm.org\/es\/stories\/el-avance-del-espiritu-santo-en-el-este-de-africa\/"]}]},{"@type":"ImageObject","inLanguage":"es","@id":"https:\/\/mwc-cmm.org\/es\/stories\/el-avance-del-espiritu-santo-en-el-este-de-africa\/#primaryimage","url":"https:\/\/mwc-cmm.org\/wp-content\/uploads\/2024\/11\/20180421wilhelm_ungerdsc_2433_0.png","contentUrl":"https:\/\/mwc-cmm.org\/wp-content\/uploads\/2024\/11\/20180421wilhelm_ungerdsc_2433_0.png","width":1200,"height":795},{"@type":"BreadcrumbList","@id":"https:\/\/mwc-cmm.org\/es\/stories\/el-avance-del-espiritu-santo-en-el-este-de-africa\/#breadcrumb","itemListElement":[{"@type":"ListItem","position":1,"name":"Home","item":"https:\/\/mwc-cmm.org\/es\/"},{"@type":"ListItem","position":2,"name":"El avance del Esp\u00edritu Santo en el este de \u00c1frica"}]},{"@type":"WebSite","@id":"https:\/\/mwc-cmm.org\/en\/#website","url":"https:\/\/mwc-cmm.org\/en\/","name":"Mennonite World Conference","description":"A communion of Anabaptist-related churches","publisher":{"@id":"https:\/\/mwc-cmm.org\/en\/#organization"},"alternateName":"MWC","potentialAction":[{"@type":"SearchAction","target":{"@type":"EntryPoint","urlTemplate":"https:\/\/mwc-cmm.org\/en\/?s={search_term_string}"},"query-input":{"@type":"PropertyValueSpecification","valueRequired":true,"valueName":"search_term_string"}}],"inLanguage":"es"},{"@type":"Organization","@id":"https:\/\/mwc-cmm.org\/en\/#organization","name":"Mennonite World Conference","alternateName":"MWC","url":"https:\/\/mwc-cmm.org\/en\/","logo":{"@type":"ImageObject","inLanguage":"es","@id":"https:\/\/mwc-cmm.org\/en\/#\/schema\/logo\/image\/","url":"https:\/\/mwc-cmm.org\/wp-content\/uploads\/2026\/01\/MWC_Sig_Blue_Horiz_webheader1-logo.svg","contentUrl":"https:\/\/mwc-cmm.org\/wp-content\/uploads\/2026\/01\/MWC_Sig_Blue_Horiz_webheader1-logo.svg","width":786,"height":82,"caption":"Mennonite World Conference"},"image":{"@id":"https:\/\/mwc-cmm.org\/en\/#\/schema\/logo\/image\/"},"sameAs":["https:\/\/www.facebook.com\/MennoniteWorldConference","https:\/\/www.linkedin.com\/company\/mennonite-world-conference-mwc\/","https:\/\/www.instagram.com\/mwcmm\/","https:\/\/www.youtube.com\/user\/mwccmm","https:\/\/bsky.app\/profile\/mwcmm.bsky.social"]},{"@type":"Person","@id":"https:\/\/mwc-cmm.org\/en\/#\/schema\/person\/11f6ae0d7d1868ba20a1cc27f067c836","name":"mennworldcon","image":{"@type":"ImageObject","inLanguage":"es","@id":"https:\/\/secure.gravatar.com\/avatar\/06fdc0dc81c157dfdb82ec42f252178a22307808988d22c043f9eb96f1e0fe80?s=96&d=mm&r=g","url":"https:\/\/secure.gravatar.com\/avatar\/06fdc0dc81c157dfdb82ec42f252178a22307808988d22c043f9eb96f1e0fe80?s=96&d=mm&r=g","contentUrl":"https:\/\/secure.gravatar.com\/avatar\/06fdc0dc81c157dfdb82ec42f252178a22307808988d22c043f9eb96f1e0fe80?s=96&d=mm&r=g","caption":"mennworldcon"},"sameAs":["https:\/\/mwc-cmm.org"],"url":"https:\/\/mwc-cmm.org\/es\/stories\/author\/mennworldcon\/"}]}},"_links":{"self":[{"href":"https:\/\/mwc-cmm.org\/es\/wp-json\/wp\/v2\/posts\/8850","targetHints":{"allow":["GET"]}}],"collection":[{"href":"https:\/\/mwc-cmm.org\/es\/wp-json\/wp\/v2\/posts"}],"about":[{"href":"https:\/\/mwc-cmm.org\/es\/wp-json\/wp\/v2\/types\/post"}],"author":[{"embeddable":true,"href":"https:\/\/mwc-cmm.org\/es\/wp-json\/wp\/v2\/users\/1"}],"replies":[{"embeddable":true,"href":"https:\/\/mwc-cmm.org\/es\/wp-json\/wp\/v2\/comments?post=8850"}],"version-history":[{"count":0,"href":"https:\/\/mwc-cmm.org\/es\/wp-json\/wp\/v2\/posts\/8850\/revisions"}],"wp:featuredmedia":[{"embeddable":true,"href":"https:\/\/mwc-cmm.org\/es\/wp-json\/wp\/v2\/media\/90092"}],"wp:attachment":[{"href":"https:\/\/mwc-cmm.org\/es\/wp-json\/wp\/v2\/media?parent=8850"}],"wp:term":[{"taxonomy":"category","embeddable":true,"href":"https:\/\/mwc-cmm.org\/es\/wp-json\/wp\/v2\/categories?post=8850"},{"taxonomy":"post_tag","embeddable":true,"href":"https:\/\/mwc-cmm.org\/es\/wp-json\/wp\/v2\/tags?post=8850"},{"taxonomy":"network","embeddable":true,"href":"https:\/\/mwc-cmm.org\/es\/wp-json\/wp\/v2\/network?post=8850"},{"taxonomy":"eventcategory","embeddable":true,"href":"https:\/\/mwc-cmm.org\/es\/wp-json\/wp\/v2\/eventcategory?post=8850"}],"curies":[{"name":"wp","href":"https:\/\/api.w.org\/{rel}","templated":true}]}}