{"id":8848,"date":"2019-01-08T00:00:00","date_gmt":"2019-01-08T00:00:00","guid":{"rendered":"https:\/\/mwc-cmm.org\/young-people-are-the-hope-of-the-church-3\/"},"modified":"2024-12-10T18:01:42","modified_gmt":"2024-12-10T18:01:42","slug":"la-juventud-es-la-esperanza-de-la-iglesia","status":"publish","type":"post","link":"https:\/\/mwc-cmm.org\/es\/stories\/la-juventud-es-la-esperanza-de-la-iglesia\/","title":{"rendered":"\u201cLa juventud es la esperanza de la iglesia\u201d"},"content":{"rendered":"<p><strong>Testimonio para Renovaci\u00f3n 2027: Los anabautistas de hoy<\/strong><\/p>\n<p><em>Renovaci\u00f3n 2027 es una serie de eventos que se llevar\u00e1n a cabo durante 10 a\u00f1os, con la finalidad de conmemorar el aniversario 500 de los inicios del movimiento anabautista. Esta serie destaca a los l\u00edderes del movimiento desde \u00e9pocas hist\u00f3ricas hasta el presente.<\/em><\/p>\n<p>\u201cLas personas se sienten entusiasmadas por la Palabra incluso despu\u00e9s de que su problema se ha desvanecido por causa de las oraciones. Adem\u00e1s, cuando tienen necesidades f\u00edsicas, les otorgamos bienestar\u201d, afirma el Obispo Victor UmoAbasi. Este es el legado de la Iglesia Menonita de Nigeria, la cual celebr\u00f3 su sexag\u00e9simo aniversario en noviembre de 2018.<\/p>\n<p><img decoding=\"async\" alt=\"Un bautismo  en los comienzos de la iglesia Menonita de Nigeria. Las fotos son cortes\u00eda de la iglesia Menonita de Nigeria\" data-src=\"\/sites\/default\/files\/website_files\/30911770947_bc428293ed_o_1.jpg\" style=\"width: 200px; height: 147px; margin: 5px 10px; float: left;\" src=\"data:image\/svg+xml;base64,PHN2ZyB3aWR0aD0iMSIgaGVpZ2h0PSIxIiB4bWxucz0iaHR0cDovL3d3dy53My5vcmcvMjAwMC9zdmciPjwvc3ZnPg==\" class=\"lazyload\" \/>La iglesia comenz\u00f3 el 22 de noviembre de 1958 cuando el pastor Francis Umana Ekerek envi\u00f3 una carta de invitaci\u00f3n a una junta de misiones en los Estados Unidos. Como resultado, los estadounidenses S.J. e Ida Hostetler y Edwin e Irene Weaver trabajaron junto a las iglesias independientes africanas que desde entonces han crecido a pasos agigantados.<\/p>\n<p>\u201cA medida que [los nuevos cristianos] llegaban en grandes cantidades, el mayor desaf\u00edo era c\u00f3mo hacer que se convirtieran  en verdaderos disc\u00edpulos; los terrenos y los edificios no eran un problema porque la mano de obra estaba all\u00ed\u201d, explica UmoAbasi.<\/p>\n<p><strong><img decoding=\"async\" alt=\"\" data-src=\"\/sites\/default\/files\/website_files\/mennonite_church_nigeria_by_the_numbers_3.png\" style=\"width: 200px; height: 500px; margin: 5px 10px; float: right;\" src=\"data:image\/svg+xml;base64,PHN2ZyB3aWR0aD0iMSIgaGVpZ2h0PSIxIiB4bWxucz0iaHR0cDovL3d3dy53My5vcmcvMjAwMC9zdmciPjwvc3ZnPg==\" class=\"lazyload\" \/><\/strong><\/p>\n<p><strong>Crecimiento de la iglesia<\/strong><\/p>\n<p>La iglesia tiene actualmente 18.000 miembros distribuidos en cinco di\u00f3cesis. \u201cEsto es de hecho algo que vale la pena celebrar\u201d, se\u00f1ala UmoAbasi.<\/p>\n<p>\u201cOramos, predicamos y compartimos la Palabra de Dios, as\u00ed como tambi\u00e9n interpretamos para la gente\u201d, afirma UmoAbasi. Las iglesias se re\u00fanen los domingos para la adoraci\u00f3n, los viernes para los estudios b\u00edblicos y los mi\u00e9rcoles para las oraciones y liberaciones.<\/p>\n<p><strong>Trabajo por la paz<\/strong><\/p>\n<p>\u201cNo habr\u00e1 prosperidad para la comunidad que no est\u00e9 en paz. Y donde no hay paz, no habr\u00e1 eternidad con Dios\u201d, dice UmoAbasi. En el evento del aniversario, los miembros y l\u00edderes de la comunidad, quienes fueron pioneros en el trabajo por la paz en su comunidad o estado, recibir\u00e1n premios.<\/p>\n<p><strong>Desarrollo de liderazgos<\/strong><\/p>\n<p>\u201cLos j\u00f3venes son la esperanza de la iglesia\u201d, afirma UmoAbasi. \u201cAlgunos de los j\u00f3venes que he visto cuentan con enormes talentos y potenciales. Si se les brindan las oportunidades para mostrar lo que valen en los programas internacionales, ser\u00eda un descubrimiento maravilloso\u201d. Los j\u00f3venes mostrar\u00e1n sus habilidades en un concurso de talentos en el evento del aniversario.<\/p>\n<p>Alrededor del 50 por ciento de los l\u00edderes de la Iglesia Menonita de Nigeria son capacitados en la universidad b\u00edblica; otros l\u00edderes, hombres y mujeres, son capacitados a trav\u00e9s de seminarios y cumbres cada tres meses.<\/p>\n<p>La adquisici\u00f3n de habilidades y las conferencias regulares tambi\u00e9n ayudan a las personas a llegar a su destino.<\/p>\n<p><strong><img decoding=\"async\" alt=\"Campamento juvenil 2018. Las fotos son cortes\u00eda de la iglesia Menonita de Nigeria. \" data-src=\"\/sites\/default\/files\/website_files\/30911772197_d76471e9c7_o_1.jpg\" style=\"width: 150px; height: 113px; margin: 5px 10px; float: left;\" src=\"data:image\/svg+xml;base64,PHN2ZyB3aWR0aD0iMSIgaGVpZ2h0PSIxIiB4bWxucz0iaHR0cDovL3d3dy53My5vcmcvMjAwMC9zdmciPjwvc3ZnPg==\" class=\"lazyload\" \/><\/strong><\/p>\n<p><strong>Ministerio infantil<\/strong><\/p>\n<p>En cuanto al \u00e1rea de la educaci\u00f3n, la iglesia tiene un orfanato, una guarder\u00eda y una escuela primaria en aproximadamente seis centros en \u00e1reas del gobierno local. La iglesia ha empleado a m\u00e1s de 40 personas y hay m\u00e1s de  400 ni\u00f1os en estas escuelas.<\/p>\n<p>El campamento para ni\u00f1os de 3 a 12 a\u00f1os que tuvo lugar del 13 al 19 de agosto de 2018, incluy\u00f3 actividades como el canto, la b\u00fasqueda de talentos, una competencia de f\u00fatbol y batallas b\u00edblicas.<\/p>\n<p>Adicionalmente en el \u00e1rea de educaci\u00f3n, la iglesia est\u00e1 trabajando en el centro de adquisici\u00f3n de habilidades para los grupos vulnerables. \u201cAl ser guardianes de la conciencia moral, los formamos a trav\u00e9s de la ense\u00f1anza\u201d, puntualiza UmoAbasi.<\/p>\n<p><strong><img decoding=\"async\" alt=\"La evangelista Uduakobong dirige a las asistentes en la convenci\u00f3n de mujeres de 2018, asamblea de Uyo. Las fotos son cortes\u00eda de la iglesia Menonita de Nigeria\" data-src=\"\/sites\/default\/files\/website_files\/31979908578_1b7ece2a2b_o.jpg\" style=\"width: 170px; height: 227px; margin: 5px 10px; float: right;\" src=\"data:image\/svg+xml;base64,PHN2ZyB3aWR0aD0iMSIgaGVpZ2h0PSIxIiB4bWxucz0iaHR0cDovL3d3dy53My5vcmcvMjAwMC9zdmciPjwvc3ZnPg==\" class=\"lazyload\" \/><\/strong><\/p>\n<p><strong>Emprendimiento Social <\/strong><\/p>\n<p>La iglesia tambi\u00e9n tiene una f\u00e1brica de agua purificada. Es administrada por un inversionista experimentado, aunque es propiedad de la iglesia y es supervisada por la junta de inversi\u00f3n de la iglesia. \u201cEsto tambi\u00e9n ha creado empleo para la gente\u201d, explic\u00f3 UmoAbasi.<\/p>\n<p>\u201cLa iglesia ha enfrentado tiempos grandiosos y turbulentos; sin embargo, Dios ha mantenido a la iglesia fuerte\u201d, afirma UmoAbasi.<\/p>\n<p>Por medio de un evento llamado  \u201cConferencia de Cambio para el Dominio\u201d que fue llevado a cabo en la sede nacional en el estado de Akwa Ibom, Nigeria, se celebr\u00f3 el sexag\u00e9simo aniversario en noviembre de 2018.<\/p>\n<p>\u201cNecesitamos m\u00e1s comprensi\u00f3n por parte del nuevo liderazgo&#8230; y queremos tener colaboraci\u00f3n&#8230; ya que somos una organizaci\u00f3n que est\u00e1 difundiendo el evangelio de la paz y tambi\u00e9n integrando a las personas en las actividades internacionales\u201d, comenta UmoAbasi.<\/p>\n<p>Durante los pr\u00f3ximos 60 a\u00f1os, la Iglesia Menonita de Nigeria ser\u00e1 \u201cun movimiento formidable\u201d que involucrar\u00e1 a los j\u00f3venes y a la iglesia mundial.<\/p>\n<p><em>\u2014Monday Ekpo es un l\u00edder laico en la Iglesia Menonita de Nigeria.<\/em><\/p>\n","protected":false},"excerpt":{"rendered":"<p>NULL<\/p>\n","protected":false},"author":1,"featured_media":90064,"comment_status":"closed","ping_status":"closed","sticky":false,"template":"","format":"standard","meta":{"_acf_changed":false,"footnotes":""},"categories":[6],"tags":[],"network":[],"eventcategory":[],"class_list":["post-8848","post","type-post","status-publish","format-standard","has-post-thumbnail","hentry","category-sin-categorizar"],"acf":[],"yoast_head":"<!-- This site is optimized with the Yoast SEO plugin v27.5 - https:\/\/yoast.com\/product\/yoast-seo-wordpress\/ -->\n<title>\u201cLa juventud es la esperanza de la iglesia\u201d - Mennonite World Conference<\/title>\n<meta name=\"robots\" content=\"index, follow, max-snippet:-1, max-image-preview:large, max-video-preview:-1\" \/>\n<link rel=\"canonical\" href=\"https:\/\/mwc-cmm.org\/es\/stories\/la-juventud-es-la-esperanza-de-la-iglesia\/\" \/>\n<meta property=\"og:locale\" content=\"es_ES\" \/>\n<meta property=\"og:type\" content=\"article\" \/>\n<meta property=\"og:title\" content=\"\u201cLa juventud es la esperanza de la iglesia\u201d - Mennonite World Conference\" \/>\n<meta property=\"og:description\" content=\"NULL\" \/>\n<meta property=\"og:url\" content=\"https:\/\/mwc-cmm.org\/es\/stories\/la-juventud-es-la-esperanza-de-la-iglesia\/\" \/>\n<meta property=\"og:site_name\" content=\"Mennonite World Conference\" \/>\n<meta property=\"article:publisher\" content=\"https:\/\/www.facebook.com\/MennoniteWorldConference\" \/>\n<meta property=\"article:published_time\" content=\"2019-01-08T00:00:00+00:00\" \/>\n<meta property=\"article:modified_time\" content=\"2024-12-10T18:01:42+00:00\" \/>\n<meta property=\"og:image\" content=\"https:\/\/mwc-cmm.org\/wp-content\/uploads\/2024\/11\/31979909988_960dc933c0_o.jpg\" \/>\n\t<meta property=\"og:image:width\" content=\"1000\" \/>\n\t<meta property=\"og:image:height\" content=\"668\" \/>\n\t<meta property=\"og:image:type\" content=\"image\/jpeg\" \/>\n<meta name=\"author\" content=\"mennworldcon\" \/>\n<script type=\"application\/ld+json\" class=\"yoast-schema-graph\">{\"@context\":\"https:\\\/\\\/schema.org\",\"@graph\":[{\"@type\":\"Article\",\"@id\":\"https:\\\/\\\/mwc-cmm.org\\\/es\\\/stories\\\/la-juventud-es-la-esperanza-de-la-iglesia\\\/#article\",\"isPartOf\":{\"@id\":\"https:\\\/\\\/mwc-cmm.org\\\/es\\\/stories\\\/la-juventud-es-la-esperanza-de-la-iglesia\\\/\"},\"author\":{\"name\":\"mennworldcon\",\"@id\":\"https:\\\/\\\/mwc-cmm.org\\\/en\\\/#\\\/schema\\\/person\\\/11f6ae0d7d1868ba20a1cc27f067c836\"},\"headline\":\"\u201cLa juventud es la esperanza de la iglesia\u201d\",\"datePublished\":\"2019-01-08T00:00:00+00:00\",\"dateModified\":\"2024-12-10T18:01:42+00:00\",\"mainEntityOfPage\":{\"@id\":\"https:\\\/\\\/mwc-cmm.org\\\/es\\\/stories\\\/la-juventud-es-la-esperanza-de-la-iglesia\\\/\"},\"wordCount\":784,\"publisher\":{\"@id\":\"https:\\\/\\\/mwc-cmm.org\\\/en\\\/#organization\"},\"image\":{\"@id\":\"https:\\\/\\\/mwc-cmm.org\\\/es\\\/stories\\\/la-juventud-es-la-esperanza-de-la-iglesia\\\/#primaryimage\"},\"thumbnailUrl\":\"https:\\\/\\\/mwc-cmm.org\\\/wp-content\\\/uploads\\\/2024\\\/11\\\/31979909988_960dc933c0_o.jpg\",\"articleSection\":[\"Sin categorizar\"],\"inLanguage\":\"es\"},{\"@type\":\"WebPage\",\"@id\":\"https:\\\/\\\/mwc-cmm.org\\\/es\\\/stories\\\/la-juventud-es-la-esperanza-de-la-iglesia\\\/\",\"url\":\"https:\\\/\\\/mwc-cmm.org\\\/es\\\/stories\\\/la-juventud-es-la-esperanza-de-la-iglesia\\\/\",\"name\":\"\u201cLa juventud es la esperanza de la iglesia\u201d - Mennonite World Conference\",\"isPartOf\":{\"@id\":\"https:\\\/\\\/mwc-cmm.org\\\/en\\\/#website\"},\"primaryImageOfPage\":{\"@id\":\"https:\\\/\\\/mwc-cmm.org\\\/es\\\/stories\\\/la-juventud-es-la-esperanza-de-la-iglesia\\\/#primaryimage\"},\"image\":{\"@id\":\"https:\\\/\\\/mwc-cmm.org\\\/es\\\/stories\\\/la-juventud-es-la-esperanza-de-la-iglesia\\\/#primaryimage\"},\"thumbnailUrl\":\"https:\\\/\\\/mwc-cmm.org\\\/wp-content\\\/uploads\\\/2024\\\/11\\\/31979909988_960dc933c0_o.jpg\",\"datePublished\":\"2019-01-08T00:00:00+00:00\",\"dateModified\":\"2024-12-10T18:01:42+00:00\",\"breadcrumb\":{\"@id\":\"https:\\\/\\\/mwc-cmm.org\\\/es\\\/stories\\\/la-juventud-es-la-esperanza-de-la-iglesia\\\/#breadcrumb\"},\"inLanguage\":\"es\",\"potentialAction\":[{\"@type\":\"ReadAction\",\"target\":[\"https:\\\/\\\/mwc-cmm.org\\\/es\\\/stories\\\/la-juventud-es-la-esperanza-de-la-iglesia\\\/\"]}]},{\"@type\":\"ImageObject\",\"inLanguage\":\"es\",\"@id\":\"https:\\\/\\\/mwc-cmm.org\\\/es\\\/stories\\\/la-juventud-es-la-esperanza-de-la-iglesia\\\/#primaryimage\",\"url\":\"https:\\\/\\\/mwc-cmm.org\\\/wp-content\\\/uploads\\\/2024\\\/11\\\/31979909988_960dc933c0_o.jpg\",\"contentUrl\":\"https:\\\/\\\/mwc-cmm.org\\\/wp-content\\\/uploads\\\/2024\\\/11\\\/31979909988_960dc933c0_o.jpg\",\"width\":1000,\"height\":668},{\"@type\":\"BreadcrumbList\",\"@id\":\"https:\\\/\\\/mwc-cmm.org\\\/es\\\/stories\\\/la-juventud-es-la-esperanza-de-la-iglesia\\\/#breadcrumb\",\"itemListElement\":[{\"@type\":\"ListItem\",\"position\":1,\"name\":\"Home\",\"item\":\"https:\\\/\\\/mwc-cmm.org\\\/es\\\/\"},{\"@type\":\"ListItem\",\"position\":2,\"name\":\"\u201cLa juventud es la esperanza de la iglesia\u201d\"}]},{\"@type\":\"WebSite\",\"@id\":\"https:\\\/\\\/mwc-cmm.org\\\/en\\\/#website\",\"url\":\"https:\\\/\\\/mwc-cmm.org\\\/en\\\/\",\"name\":\"Mennonite World Conference\",\"description\":\"A communion of Anabaptist-related churches\",\"publisher\":{\"@id\":\"https:\\\/\\\/mwc-cmm.org\\\/en\\\/#organization\"},\"alternateName\":\"MWC\",\"potentialAction\":[{\"@type\":\"SearchAction\",\"target\":{\"@type\":\"EntryPoint\",\"urlTemplate\":\"https:\\\/\\\/mwc-cmm.org\\\/en\\\/?s={search_term_string}\"},\"query-input\":{\"@type\":\"PropertyValueSpecification\",\"valueRequired\":true,\"valueName\":\"search_term_string\"}}],\"inLanguage\":\"es\"},{\"@type\":\"Organization\",\"@id\":\"https:\\\/\\\/mwc-cmm.org\\\/en\\\/#organization\",\"name\":\"Mennonite World Conference\",\"alternateName\":\"MWC\",\"url\":\"https:\\\/\\\/mwc-cmm.org\\\/en\\\/\",\"logo\":{\"@type\":\"ImageObject\",\"inLanguage\":\"es\",\"@id\":\"https:\\\/\\\/mwc-cmm.org\\\/en\\\/#\\\/schema\\\/logo\\\/image\\\/\",\"url\":\"https:\\\/\\\/mwc-cmm.org\\\/wp-content\\\/uploads\\\/2026\\\/01\\\/MWC_Sig_Blue_Horiz_webheader1-logo.svg\",\"contentUrl\":\"https:\\\/\\\/mwc-cmm.org\\\/wp-content\\\/uploads\\\/2026\\\/01\\\/MWC_Sig_Blue_Horiz_webheader1-logo.svg\",\"width\":786,\"height\":82,\"caption\":\"Mennonite World Conference\"},\"image\":{\"@id\":\"https:\\\/\\\/mwc-cmm.org\\\/en\\\/#\\\/schema\\\/logo\\\/image\\\/\"},\"sameAs\":[\"https:\\\/\\\/www.facebook.com\\\/MennoniteWorldConference\",\"https:\\\/\\\/www.linkedin.com\\\/company\\\/mennonite-world-conference-mwc\\\/\",\"https:\\\/\\\/www.instagram.com\\\/mwcmm\\\/\",\"https:\\\/\\\/www.youtube.com\\\/user\\\/mwccmm\",\"https:\\\/\\\/bsky.app\\\/profile\\\/mwcmm.bsky.social\"]},{\"@type\":\"Person\",\"@id\":\"https:\\\/\\\/mwc-cmm.org\\\/en\\\/#\\\/schema\\\/person\\\/11f6ae0d7d1868ba20a1cc27f067c836\",\"name\":\"mennworldcon\",\"image\":{\"@type\":\"ImageObject\",\"inLanguage\":\"es\",\"@id\":\"https:\\\/\\\/secure.gravatar.com\\\/avatar\\\/06fdc0dc81c157dfdb82ec42f252178a22307808988d22c043f9eb96f1e0fe80?s=96&d=mm&r=g\",\"url\":\"https:\\\/\\\/secure.gravatar.com\\\/avatar\\\/06fdc0dc81c157dfdb82ec42f252178a22307808988d22c043f9eb96f1e0fe80?s=96&d=mm&r=g\",\"contentUrl\":\"https:\\\/\\\/secure.gravatar.com\\\/avatar\\\/06fdc0dc81c157dfdb82ec42f252178a22307808988d22c043f9eb96f1e0fe80?s=96&d=mm&r=g\",\"caption\":\"mennworldcon\"},\"sameAs\":[\"https:\\\/\\\/mwc-cmm.org\"],\"url\":\"https:\\\/\\\/mwc-cmm.org\\\/es\\\/stories\\\/author\\\/mennworldcon\\\/\"}]}<\/script>\n<!-- \/ Yoast SEO plugin. -->","yoast_head_json":{"title":"\u201cLa juventud es la esperanza de la iglesia\u201d - Mennonite World Conference","robots":{"index":"index","follow":"follow","max-snippet":"max-snippet:-1","max-image-preview":"max-image-preview:large","max-video-preview":"max-video-preview:-1"},"canonical":"https:\/\/mwc-cmm.org\/es\/stories\/la-juventud-es-la-esperanza-de-la-iglesia\/","og_locale":"es_ES","og_type":"article","og_title":"\u201cLa juventud es la esperanza de la iglesia\u201d - Mennonite World Conference","og_description":"NULL","og_url":"https:\/\/mwc-cmm.org\/es\/stories\/la-juventud-es-la-esperanza-de-la-iglesia\/","og_site_name":"Mennonite World Conference","article_publisher":"https:\/\/www.facebook.com\/MennoniteWorldConference","article_published_time":"2019-01-08T00:00:00+00:00","article_modified_time":"2024-12-10T18:01:42+00:00","og_image":[{"width":1000,"height":668,"url":"https:\/\/mwc-cmm.org\/wp-content\/uploads\/2024\/11\/31979909988_960dc933c0_o.jpg","type":"image\/jpeg"}],"author":"mennworldcon","schema":{"@context":"https:\/\/schema.org","@graph":[{"@type":"Article","@id":"https:\/\/mwc-cmm.org\/es\/stories\/la-juventud-es-la-esperanza-de-la-iglesia\/#article","isPartOf":{"@id":"https:\/\/mwc-cmm.org\/es\/stories\/la-juventud-es-la-esperanza-de-la-iglesia\/"},"author":{"name":"mennworldcon","@id":"https:\/\/mwc-cmm.org\/en\/#\/schema\/person\/11f6ae0d7d1868ba20a1cc27f067c836"},"headline":"\u201cLa juventud es la esperanza de la iglesia\u201d","datePublished":"2019-01-08T00:00:00+00:00","dateModified":"2024-12-10T18:01:42+00:00","mainEntityOfPage":{"@id":"https:\/\/mwc-cmm.org\/es\/stories\/la-juventud-es-la-esperanza-de-la-iglesia\/"},"wordCount":784,"publisher":{"@id":"https:\/\/mwc-cmm.org\/en\/#organization"},"image":{"@id":"https:\/\/mwc-cmm.org\/es\/stories\/la-juventud-es-la-esperanza-de-la-iglesia\/#primaryimage"},"thumbnailUrl":"https:\/\/mwc-cmm.org\/wp-content\/uploads\/2024\/11\/31979909988_960dc933c0_o.jpg","articleSection":["Sin categorizar"],"inLanguage":"es"},{"@type":"WebPage","@id":"https:\/\/mwc-cmm.org\/es\/stories\/la-juventud-es-la-esperanza-de-la-iglesia\/","url":"https:\/\/mwc-cmm.org\/es\/stories\/la-juventud-es-la-esperanza-de-la-iglesia\/","name":"\u201cLa juventud es la esperanza de la iglesia\u201d - Mennonite World Conference","isPartOf":{"@id":"https:\/\/mwc-cmm.org\/en\/#website"},"primaryImageOfPage":{"@id":"https:\/\/mwc-cmm.org\/es\/stories\/la-juventud-es-la-esperanza-de-la-iglesia\/#primaryimage"},"image":{"@id":"https:\/\/mwc-cmm.org\/es\/stories\/la-juventud-es-la-esperanza-de-la-iglesia\/#primaryimage"},"thumbnailUrl":"https:\/\/mwc-cmm.org\/wp-content\/uploads\/2024\/11\/31979909988_960dc933c0_o.jpg","datePublished":"2019-01-08T00:00:00+00:00","dateModified":"2024-12-10T18:01:42+00:00","breadcrumb":{"@id":"https:\/\/mwc-cmm.org\/es\/stories\/la-juventud-es-la-esperanza-de-la-iglesia\/#breadcrumb"},"inLanguage":"es","potentialAction":[{"@type":"ReadAction","target":["https:\/\/mwc-cmm.org\/es\/stories\/la-juventud-es-la-esperanza-de-la-iglesia\/"]}]},{"@type":"ImageObject","inLanguage":"es","@id":"https:\/\/mwc-cmm.org\/es\/stories\/la-juventud-es-la-esperanza-de-la-iglesia\/#primaryimage","url":"https:\/\/mwc-cmm.org\/wp-content\/uploads\/2024\/11\/31979909988_960dc933c0_o.jpg","contentUrl":"https:\/\/mwc-cmm.org\/wp-content\/uploads\/2024\/11\/31979909988_960dc933c0_o.jpg","width":1000,"height":668},{"@type":"BreadcrumbList","@id":"https:\/\/mwc-cmm.org\/es\/stories\/la-juventud-es-la-esperanza-de-la-iglesia\/#breadcrumb","itemListElement":[{"@type":"ListItem","position":1,"name":"Home","item":"https:\/\/mwc-cmm.org\/es\/"},{"@type":"ListItem","position":2,"name":"\u201cLa juventud es la esperanza de la iglesia\u201d"}]},{"@type":"WebSite","@id":"https:\/\/mwc-cmm.org\/en\/#website","url":"https:\/\/mwc-cmm.org\/en\/","name":"Mennonite World Conference","description":"A communion of Anabaptist-related churches","publisher":{"@id":"https:\/\/mwc-cmm.org\/en\/#organization"},"alternateName":"MWC","potentialAction":[{"@type":"SearchAction","target":{"@type":"EntryPoint","urlTemplate":"https:\/\/mwc-cmm.org\/en\/?s={search_term_string}"},"query-input":{"@type":"PropertyValueSpecification","valueRequired":true,"valueName":"search_term_string"}}],"inLanguage":"es"},{"@type":"Organization","@id":"https:\/\/mwc-cmm.org\/en\/#organization","name":"Mennonite World Conference","alternateName":"MWC","url":"https:\/\/mwc-cmm.org\/en\/","logo":{"@type":"ImageObject","inLanguage":"es","@id":"https:\/\/mwc-cmm.org\/en\/#\/schema\/logo\/image\/","url":"https:\/\/mwc-cmm.org\/wp-content\/uploads\/2026\/01\/MWC_Sig_Blue_Horiz_webheader1-logo.svg","contentUrl":"https:\/\/mwc-cmm.org\/wp-content\/uploads\/2026\/01\/MWC_Sig_Blue_Horiz_webheader1-logo.svg","width":786,"height":82,"caption":"Mennonite World Conference"},"image":{"@id":"https:\/\/mwc-cmm.org\/en\/#\/schema\/logo\/image\/"},"sameAs":["https:\/\/www.facebook.com\/MennoniteWorldConference","https:\/\/www.linkedin.com\/company\/mennonite-world-conference-mwc\/","https:\/\/www.instagram.com\/mwcmm\/","https:\/\/www.youtube.com\/user\/mwccmm","https:\/\/bsky.app\/profile\/mwcmm.bsky.social"]},{"@type":"Person","@id":"https:\/\/mwc-cmm.org\/en\/#\/schema\/person\/11f6ae0d7d1868ba20a1cc27f067c836","name":"mennworldcon","image":{"@type":"ImageObject","inLanguage":"es","@id":"https:\/\/secure.gravatar.com\/avatar\/06fdc0dc81c157dfdb82ec42f252178a22307808988d22c043f9eb96f1e0fe80?s=96&d=mm&r=g","url":"https:\/\/secure.gravatar.com\/avatar\/06fdc0dc81c157dfdb82ec42f252178a22307808988d22c043f9eb96f1e0fe80?s=96&d=mm&r=g","contentUrl":"https:\/\/secure.gravatar.com\/avatar\/06fdc0dc81c157dfdb82ec42f252178a22307808988d22c043f9eb96f1e0fe80?s=96&d=mm&r=g","caption":"mennworldcon"},"sameAs":["https:\/\/mwc-cmm.org"],"url":"https:\/\/mwc-cmm.org\/es\/stories\/author\/mennworldcon\/"}]}},"_links":{"self":[{"href":"https:\/\/mwc-cmm.org\/es\/wp-json\/wp\/v2\/posts\/8848","targetHints":{"allow":["GET"]}}],"collection":[{"href":"https:\/\/mwc-cmm.org\/es\/wp-json\/wp\/v2\/posts"}],"about":[{"href":"https:\/\/mwc-cmm.org\/es\/wp-json\/wp\/v2\/types\/post"}],"author":[{"embeddable":true,"href":"https:\/\/mwc-cmm.org\/es\/wp-json\/wp\/v2\/users\/1"}],"replies":[{"embeddable":true,"href":"https:\/\/mwc-cmm.org\/es\/wp-json\/wp\/v2\/comments?post=8848"}],"version-history":[{"count":0,"href":"https:\/\/mwc-cmm.org\/es\/wp-json\/wp\/v2\/posts\/8848\/revisions"}],"wp:featuredmedia":[{"embeddable":true,"href":"https:\/\/mwc-cmm.org\/es\/wp-json\/wp\/v2\/media\/90064"}],"wp:attachment":[{"href":"https:\/\/mwc-cmm.org\/es\/wp-json\/wp\/v2\/media?parent=8848"}],"wp:term":[{"taxonomy":"category","embeddable":true,"href":"https:\/\/mwc-cmm.org\/es\/wp-json\/wp\/v2\/categories?post=8848"},{"taxonomy":"post_tag","embeddable":true,"href":"https:\/\/mwc-cmm.org\/es\/wp-json\/wp\/v2\/tags?post=8848"},{"taxonomy":"network","embeddable":true,"href":"https:\/\/mwc-cmm.org\/es\/wp-json\/wp\/v2\/network?post=8848"},{"taxonomy":"eventcategory","embeddable":true,"href":"https:\/\/mwc-cmm.org\/es\/wp-json\/wp\/v2\/eventcategory?post=8848"}],"curies":[{"name":"wp","href":"https:\/\/api.w.org\/{rel}","templated":true}]}}