{"id":8842,"date":"2019-01-11T00:00:00","date_gmt":"2019-01-11T00:00:00","guid":{"rendered":"https:\/\/mwc-cmm.org\/a-transformed-spirit-of-listening-3\/"},"modified":"2024-12-10T18:01:39","modified_gmt":"2024-12-10T18:01:39","slug":"un-espiritu-de-escucha-transformado","status":"publish","type":"post","link":"https:\/\/mwc-cmm.org\/es\/stories\/un-espiritu-de-escucha-transformado\/","title":{"rendered":"Un esp\u00edritu de escucha transformado"},"content":{"rendered":"<p><em>En Renovaci\u00f3n 2027, El Esp\u00edritu Santo Transform\u00e1ndonos en Kisumu, Kenia, el 21 de abril de 2018, varias personas compartieron el testimonio de una experiencia acerca de la obra del Esp\u00edritu cambiando a las personas dentro la iglesia. Varios de los art\u00edculos en esta secci\u00f3n han sido adaptados a partir de esas presentaciones. Algunos testimonios adicionales tambi\u00e9n cuentan sobre la obra del Esp\u00edritu Santo transformando las vidas.<\/em><\/p>\n<hr \/>\n<p>Era el momento de reunirnos para un d\u00eda de comunidad de la iglesia y celebrar \u2013 \u00bfpero celebrar qu\u00e9? \u00bfLa fidelidad de Dios en el pasado en nuestra larga historia a pesar de la amenaza de declive en el presente? \u00bfNuestra rica herencia a\u00fan presente en las iglesias hoy d\u00eda?<\/p>\n<p>Durante los \u00faltimos 15 a\u00f1os, en las iglesias menonitas suizas no se hab\u00edan llevado a cabo reuniones de este tipo. Los preparativos para \u00e9sta llevaron dos a\u00f1os.<\/p>\n<p>Dedicamos mucho tiempo a la b\u00fasqueda de un tema que fuera el enfoque de nuestra celebraci\u00f3n.<\/p>\n<ul>\n<li>Alguien pens\u00f3 que al reunirnos, todas las distintas identidades de nuestras 14 iglesias deber\u00edan hacerse visibles, un paisaje de perfiles desplegando la riqueza del evangelio de Cristo encarnado en muchas formas de comunidades eclesiales, cada una bastante diferente de las otras.<\/li>\n<li>Otra persona sugiri\u00f3 que sigui\u00e9ramos el modelo de las cartas a las siete iglesias que se encuentra en el libro de Apocalipsis de Juan. Se invitar\u00eda a las iglesias a escribir una carta imaginando lo que dir\u00eda Dios sobre sus iglesias en la actualidad: los peligros, sus fortalezas y debilidades.<\/li>\n<li>Alguien m\u00e1s mencion\u00f3 que nuestras iglesias necesitan est\u00edmulo para entrar en la renovaci\u00f3n y establecer una visi\u00f3n para guiarnos en los a\u00f1os venideros.<\/li>\n<\/ul>\n<p>Nos escuchamos mutuamente. Llevamos a casa lo que se trat\u00f3, oramos al respecto, y lo discutimos en otros grupos.&nbsp;&nbsp;<\/p>\n<p>Cuando nos volvimos a reunir, nos qued\u00f3 grabada la idea de escribir una carta. Pero nos inquietaba la noci\u00f3n de tomar como modelo las cartas en Apocalipsis. \u00bfQui\u00e9n puede hablar desde la perspectiva de Dios? Esto podr\u00eda incitarnos a juzgarnos unos a otros. Siguiendo los hilos de lo que hab\u00eda en nuestros corazones para nuestras iglesias, finalmente decidimos que por cierto \u00edbamos a invitar a las iglesias a escribir una carta a todas las otras iglesias de nuestra denominaci\u00f3n.<\/p>\n<p>Pero deb\u00eda ser una carta sobre sus esperanzas, imagin\u00e1ndose dentro de 10 a\u00f1os dando una mirada retrospectiva a este intervalo que ten\u00edan por delante. Describir\u00edan c\u00f3mo Dios los habr\u00eda guiado, qu\u00e9 caminos habr\u00edan recorrido, qu\u00e9 cambios habr\u00edan atravesado.<\/p>\n<p>Las invitamos a poner por escrito sus sue\u00f1os para el futuro crecimiento de sus iglesias.<\/p>\n<p>\u00bfResponder\u00edan las iglesias? \u00bfSe mostrar\u00edan tan vulnerables ante las dem\u00e1s? No est\u00e1bamos seguros si estaban listas para esta tarea.<\/p>\n<p>Nos arriesgamos.&nbsp;<\/p>\n<p>El tema del d\u00eda ser\u00eda \u201cAire matutino\u201d. A trav\u00e9s de las cartas esper\u00e1bamos tomar un nuevo \u00e1nimo, un aroma del futuro que Dios hab\u00eda puesto en nuestros corazones.<\/p>\n<p>El viento matutino del reino venidero de Dios ya estaba presente como un aroma en nuestros sue\u00f1os.<\/p>\n<p>La respuesta fue asombrosa.<\/p>\n<ul>\n<li>Algunas iglesias preguntaron si pod\u00edan escribir dos cartas porque estaban por fundar una nueva iglesia.<\/li>\n<li>Muchas iglesias se reunieron para discutir c\u00f3mo ve\u00edan los 10 a\u00f1os venideros.<\/li>\n<li>La mayor\u00eda de las iglesias escribieron una historia audaz, llena de valor. Estaban al tanto de los desaf\u00edos que se avecinaban, pero vieron estos cambios que se avecinaban como el nacimiento de algo nuevo que estaban esperando.<\/li>\n<\/ul>\n<p>Esta fue <strong>una primera transformaci\u00f3n<\/strong> por el Esp\u00edritu. Seguimos una fragancia que ya se encontraba en el aire. El Dios fiel entretejiendo nuestro futuro vino a encontrarse con nosotros en el presente.<\/p>\n<p>Para nuestro d\u00eda de comunidad imprimimos todas las cartas en pancartas. Con mucha curiosidad, personas de todas las iglesias se juntaban para leer lo que otros hab\u00edan escrito.&nbsp;<\/p>\n<p>Este d\u00eda se convirti\u00f3 en un compromiso mutuo de las iglesias: oraremos por ustedes, que Dios cumpla lo que ha puesto en sus corazones, incluso si es muy diferente de lo que imaginamos para nuestro propio futuro.<\/p>\n<p>Esta fue <strong>una segunda transformaci\u00f3n<\/strong>. Reconocimos y afirmamos que Dios est\u00e1 encarnando su evangelio de muchas maneras que se complementan mutuamente.<\/p>\n<p>Al finalizar el d\u00eda, les ped\u00ed a las congregaciones que pasaran al frente con el panel mostrando su carta. A medida que las pancartas se mov\u00edan de un lado al otro del sal\u00f3n, de repente me di cuenta que parec\u00edan velas listas para atrapar el viento de Dios. &nbsp;<\/p>\n<p>En los dos a\u00f1os transcurridos desde entonces, hemos visto algunos de estos sue\u00f1os convertirse en realidad.<\/p>\n<p>Como conferencia (iglesia nacional), estamos descubriendo esperanzas en com\u00fan que nos unen. Algunas diferencias pueden originar tensiones que amenazan nuestra unidad y necesitan ser tratadas. Pero la apertura y las oraciones sinceras de estas cartas encienden un amor mutuo renovado que hace posible abordar preguntas dif\u00edciles que de otra forma podr\u00edan quebrantar nuestra unidad.&nbsp;<\/p>\n<p>Mediante un proceso de escucharnos mutuamente en cuanto a lo que Dios hab\u00eda puesto en cada coraz\u00f3n, tanto a nivel de iglesias locales como a nivel de liderazgo conferencial, experimentamos <strong>el Esp\u00edritu de Dios transform\u00e1ndonos<\/strong>.<\/p>\n<p><em>\u2014J\u00fcrg Br\u00e4ker es miembro de la Comisi\u00f3n de Di\u00e1conos. \u00c9l es el secretario general de la conferencia menonita de Suiza\/ Konferenz der Mennoniten der Schweiz (Altt\u00e4ufer)\/Conf\u00e9rence Mennonite Suisse (Anabaptiste), the Anabaptist church in Switzerland.<\/em><\/p>\n<p><em>\u00c9l fue uno de los oradores en Renovaci\u00f3n 2027, El Esp\u00edritu Santo nos Transforma, en Kisumu, Kenia, el 21 de abril de 2018. Las columnas de esta secci\u00f3n se adaptaron de su presentaci\u00f3n.&nbsp;<\/em><\/p>\n<p><em>Este art\u00edculo apareci\u00f3 por primera vez en&nbsp;<a href=\"\/es\/node\/146\">Correo\/Courier\/Courrier en octubre de 2018.<\/a><\/em><\/p>\n","protected":false},"excerpt":{"rendered":"<p>En Renovaci\u00f3n 2027, El Esp\u00edritu Santo Transform\u00e1ndonos en Kisumu, Kenia, el 21 de abril de 2018, varias personas compartieron el testimonio de una experiencia acerca de la obra del Esp\u00edritu cambiando a las personas dentro la iglesia. Varios de los art\u00edculos en esta secci\u00f3n han sido adaptados a partir de esas presentaciones. Algunos testimonios adicionales [&hellip;]<\/p>\n","protected":false},"author":1,"featured_media":89994,"comment_status":"closed","ping_status":"closed","sticky":false,"template":"","format":"standard","meta":{"_acf_changed":false,"footnotes":""},"categories":[6],"tags":[],"network":[1306],"eventcategory":[],"class_list":["post-8842","post","type-post","status-publish","format-standard","has-post-thumbnail","hentry","category-sin-categorizar","network-courier-es"],"acf":[],"yoast_head":"<!-- This site is optimized with the Yoast SEO plugin v27.5 - https:\/\/yoast.com\/product\/yoast-seo-wordpress\/ -->\n<title>Un esp\u00edritu de escucha transformado - Mennonite World Conference<\/title>\n<meta name=\"robots\" content=\"index, follow, max-snippet:-1, max-image-preview:large, max-video-preview:-1\" \/>\n<link rel=\"canonical\" href=\"https:\/\/mwc-cmm.org\/es\/stories\/un-espiritu-de-escucha-transformado\/\" \/>\n<meta property=\"og:locale\" content=\"es_ES\" \/>\n<meta property=\"og:type\" content=\"article\" \/>\n<meta property=\"og:title\" content=\"Un esp\u00edritu de escucha transformado - Mennonite World Conference\" \/>\n<meta property=\"og:description\" content=\"En Renovaci\u00f3n 2027, El Esp\u00edritu Santo Transform\u00e1ndonos en Kisumu, Kenia, el 21 de abril de 2018, varias personas compartieron el testimonio de una experiencia acerca de la obra del Esp\u00edritu cambiando a las personas dentro la iglesia. Varios de los art\u00edculos en esta secci\u00f3n han sido adaptados a partir de esas presentaciones. Algunos testimonios adicionales [&hellip;]\" \/>\n<meta property=\"og:url\" content=\"https:\/\/mwc-cmm.org\/es\/stories\/un-espiritu-de-escucha-transformado\/\" \/>\n<meta property=\"og:site_name\" content=\"Mennonite World Conference\" \/>\n<meta property=\"article:publisher\" content=\"https:\/\/www.facebook.com\/MennoniteWorldConference\" \/>\n<meta property=\"article:published_time\" content=\"2019-01-11T00:00:00+00:00\" \/>\n<meta property=\"article:modified_time\" content=\"2024-12-10T18:01:39+00:00\" \/>\n<meta property=\"og:image\" content=\"https:\/\/mwc-cmm.org\/wp-content\/uploads\/2024\/11\/swiss-sails.jpg\" \/>\n\t<meta property=\"og:image:width\" content=\"1200\" \/>\n\t<meta property=\"og:image:height\" content=\"430\" \/>\n\t<meta property=\"og:image:type\" content=\"image\/jpeg\" \/>\n<meta name=\"author\" content=\"mennworldcon\" \/>\n<script type=\"application\/ld+json\" class=\"yoast-schema-graph\">{\"@context\":\"https:\\\/\\\/schema.org\",\"@graph\":[{\"@type\":\"Article\",\"@id\":\"https:\\\/\\\/mwc-cmm.org\\\/es\\\/stories\\\/un-espiritu-de-escucha-transformado\\\/#article\",\"isPartOf\":{\"@id\":\"https:\\\/\\\/mwc-cmm.org\\\/es\\\/stories\\\/un-espiritu-de-escucha-transformado\\\/\"},\"author\":{\"name\":\"mennworldcon\",\"@id\":\"https:\\\/\\\/mwc-cmm.org\\\/en\\\/#\\\/schema\\\/person\\\/11f6ae0d7d1868ba20a1cc27f067c836\"},\"headline\":\"Un esp\u00edritu de escucha transformado\",\"datePublished\":\"2019-01-11T00:00:00+00:00\",\"dateModified\":\"2024-12-10T18:01:39+00:00\",\"mainEntityOfPage\":{\"@id\":\"https:\\\/\\\/mwc-cmm.org\\\/es\\\/stories\\\/un-espiritu-de-escucha-transformado\\\/\"},\"wordCount\":999,\"publisher\":{\"@id\":\"https:\\\/\\\/mwc-cmm.org\\\/en\\\/#organization\"},\"image\":{\"@id\":\"https:\\\/\\\/mwc-cmm.org\\\/es\\\/stories\\\/un-espiritu-de-escucha-transformado\\\/#primaryimage\"},\"thumbnailUrl\":\"https:\\\/\\\/mwc-cmm.org\\\/wp-content\\\/uploads\\\/2024\\\/11\\\/swiss-sails.jpg\",\"articleSection\":[\"Sin categorizar\"],\"inLanguage\":\"es\"},{\"@type\":\"WebPage\",\"@id\":\"https:\\\/\\\/mwc-cmm.org\\\/es\\\/stories\\\/un-espiritu-de-escucha-transformado\\\/\",\"url\":\"https:\\\/\\\/mwc-cmm.org\\\/es\\\/stories\\\/un-espiritu-de-escucha-transformado\\\/\",\"name\":\"Un esp\u00edritu de escucha transformado - Mennonite World Conference\",\"isPartOf\":{\"@id\":\"https:\\\/\\\/mwc-cmm.org\\\/en\\\/#website\"},\"primaryImageOfPage\":{\"@id\":\"https:\\\/\\\/mwc-cmm.org\\\/es\\\/stories\\\/un-espiritu-de-escucha-transformado\\\/#primaryimage\"},\"image\":{\"@id\":\"https:\\\/\\\/mwc-cmm.org\\\/es\\\/stories\\\/un-espiritu-de-escucha-transformado\\\/#primaryimage\"},\"thumbnailUrl\":\"https:\\\/\\\/mwc-cmm.org\\\/wp-content\\\/uploads\\\/2024\\\/11\\\/swiss-sails.jpg\",\"datePublished\":\"2019-01-11T00:00:00+00:00\",\"dateModified\":\"2024-12-10T18:01:39+00:00\",\"breadcrumb\":{\"@id\":\"https:\\\/\\\/mwc-cmm.org\\\/es\\\/stories\\\/un-espiritu-de-escucha-transformado\\\/#breadcrumb\"},\"inLanguage\":\"es\",\"potentialAction\":[{\"@type\":\"ReadAction\",\"target\":[\"https:\\\/\\\/mwc-cmm.org\\\/es\\\/stories\\\/un-espiritu-de-escucha-transformado\\\/\"]}]},{\"@type\":\"ImageObject\",\"inLanguage\":\"es\",\"@id\":\"https:\\\/\\\/mwc-cmm.org\\\/es\\\/stories\\\/un-espiritu-de-escucha-transformado\\\/#primaryimage\",\"url\":\"https:\\\/\\\/mwc-cmm.org\\\/wp-content\\\/uploads\\\/2024\\\/11\\\/swiss-sails.jpg\",\"contentUrl\":\"https:\\\/\\\/mwc-cmm.org\\\/wp-content\\\/uploads\\\/2024\\\/11\\\/swiss-sails.jpg\",\"width\":1200,\"height\":430},{\"@type\":\"BreadcrumbList\",\"@id\":\"https:\\\/\\\/mwc-cmm.org\\\/es\\\/stories\\\/un-espiritu-de-escucha-transformado\\\/#breadcrumb\",\"itemListElement\":[{\"@type\":\"ListItem\",\"position\":1,\"name\":\"Home\",\"item\":\"https:\\\/\\\/mwc-cmm.org\\\/es\\\/\"},{\"@type\":\"ListItem\",\"position\":2,\"name\":\"Un esp\u00edritu de escucha transformado\"}]},{\"@type\":\"WebSite\",\"@id\":\"https:\\\/\\\/mwc-cmm.org\\\/en\\\/#website\",\"url\":\"https:\\\/\\\/mwc-cmm.org\\\/en\\\/\",\"name\":\"Mennonite World Conference\",\"description\":\"A communion of Anabaptist-related churches\",\"publisher\":{\"@id\":\"https:\\\/\\\/mwc-cmm.org\\\/en\\\/#organization\"},\"alternateName\":\"MWC\",\"potentialAction\":[{\"@type\":\"SearchAction\",\"target\":{\"@type\":\"EntryPoint\",\"urlTemplate\":\"https:\\\/\\\/mwc-cmm.org\\\/en\\\/?s={search_term_string}\"},\"query-input\":{\"@type\":\"PropertyValueSpecification\",\"valueRequired\":true,\"valueName\":\"search_term_string\"}}],\"inLanguage\":\"es\"},{\"@type\":\"Organization\",\"@id\":\"https:\\\/\\\/mwc-cmm.org\\\/en\\\/#organization\",\"name\":\"Mennonite World Conference\",\"alternateName\":\"MWC\",\"url\":\"https:\\\/\\\/mwc-cmm.org\\\/en\\\/\",\"logo\":{\"@type\":\"ImageObject\",\"inLanguage\":\"es\",\"@id\":\"https:\\\/\\\/mwc-cmm.org\\\/en\\\/#\\\/schema\\\/logo\\\/image\\\/\",\"url\":\"https:\\\/\\\/mwc-cmm.org\\\/wp-content\\\/uploads\\\/2026\\\/01\\\/MWC_Sig_Blue_Horiz_webheader1-logo.svg\",\"contentUrl\":\"https:\\\/\\\/mwc-cmm.org\\\/wp-content\\\/uploads\\\/2026\\\/01\\\/MWC_Sig_Blue_Horiz_webheader1-logo.svg\",\"width\":786,\"height\":82,\"caption\":\"Mennonite World Conference\"},\"image\":{\"@id\":\"https:\\\/\\\/mwc-cmm.org\\\/en\\\/#\\\/schema\\\/logo\\\/image\\\/\"},\"sameAs\":[\"https:\\\/\\\/www.facebook.com\\\/MennoniteWorldConference\",\"https:\\\/\\\/www.linkedin.com\\\/company\\\/mennonite-world-conference-mwc\\\/\",\"https:\\\/\\\/www.instagram.com\\\/mwcmm\\\/\",\"https:\\\/\\\/www.youtube.com\\\/user\\\/mwccmm\",\"https:\\\/\\\/bsky.app\\\/profile\\\/mwcmm.bsky.social\"]},{\"@type\":\"Person\",\"@id\":\"https:\\\/\\\/mwc-cmm.org\\\/en\\\/#\\\/schema\\\/person\\\/11f6ae0d7d1868ba20a1cc27f067c836\",\"name\":\"mennworldcon\",\"image\":{\"@type\":\"ImageObject\",\"inLanguage\":\"es\",\"@id\":\"https:\\\/\\\/secure.gravatar.com\\\/avatar\\\/06fdc0dc81c157dfdb82ec42f252178a22307808988d22c043f9eb96f1e0fe80?s=96&d=mm&r=g\",\"url\":\"https:\\\/\\\/secure.gravatar.com\\\/avatar\\\/06fdc0dc81c157dfdb82ec42f252178a22307808988d22c043f9eb96f1e0fe80?s=96&d=mm&r=g\",\"contentUrl\":\"https:\\\/\\\/secure.gravatar.com\\\/avatar\\\/06fdc0dc81c157dfdb82ec42f252178a22307808988d22c043f9eb96f1e0fe80?s=96&d=mm&r=g\",\"caption\":\"mennworldcon\"},\"sameAs\":[\"https:\\\/\\\/mwc-cmm.org\"],\"url\":\"https:\\\/\\\/mwc-cmm.org\\\/es\\\/stories\\\/author\\\/mennworldcon\\\/\"}]}<\/script>\n<!-- \/ Yoast SEO plugin. -->","yoast_head_json":{"title":"Un esp\u00edritu de escucha transformado - Mennonite World Conference","robots":{"index":"index","follow":"follow","max-snippet":"max-snippet:-1","max-image-preview":"max-image-preview:large","max-video-preview":"max-video-preview:-1"},"canonical":"https:\/\/mwc-cmm.org\/es\/stories\/un-espiritu-de-escucha-transformado\/","og_locale":"es_ES","og_type":"article","og_title":"Un esp\u00edritu de escucha transformado - Mennonite World Conference","og_description":"En Renovaci\u00f3n 2027, El Esp\u00edritu Santo Transform\u00e1ndonos en Kisumu, Kenia, el 21 de abril de 2018, varias personas compartieron el testimonio de una experiencia acerca de la obra del Esp\u00edritu cambiando a las personas dentro la iglesia. Varios de los art\u00edculos en esta secci\u00f3n han sido adaptados a partir de esas presentaciones. Algunos testimonios adicionales [&hellip;]","og_url":"https:\/\/mwc-cmm.org\/es\/stories\/un-espiritu-de-escucha-transformado\/","og_site_name":"Mennonite World Conference","article_publisher":"https:\/\/www.facebook.com\/MennoniteWorldConference","article_published_time":"2019-01-11T00:00:00+00:00","article_modified_time":"2024-12-10T18:01:39+00:00","og_image":[{"width":1200,"height":430,"url":"https:\/\/mwc-cmm.org\/wp-content\/uploads\/2024\/11\/swiss-sails.jpg","type":"image\/jpeg"}],"author":"mennworldcon","schema":{"@context":"https:\/\/schema.org","@graph":[{"@type":"Article","@id":"https:\/\/mwc-cmm.org\/es\/stories\/un-espiritu-de-escucha-transformado\/#article","isPartOf":{"@id":"https:\/\/mwc-cmm.org\/es\/stories\/un-espiritu-de-escucha-transformado\/"},"author":{"name":"mennworldcon","@id":"https:\/\/mwc-cmm.org\/en\/#\/schema\/person\/11f6ae0d7d1868ba20a1cc27f067c836"},"headline":"Un esp\u00edritu de escucha transformado","datePublished":"2019-01-11T00:00:00+00:00","dateModified":"2024-12-10T18:01:39+00:00","mainEntityOfPage":{"@id":"https:\/\/mwc-cmm.org\/es\/stories\/un-espiritu-de-escucha-transformado\/"},"wordCount":999,"publisher":{"@id":"https:\/\/mwc-cmm.org\/en\/#organization"},"image":{"@id":"https:\/\/mwc-cmm.org\/es\/stories\/un-espiritu-de-escucha-transformado\/#primaryimage"},"thumbnailUrl":"https:\/\/mwc-cmm.org\/wp-content\/uploads\/2024\/11\/swiss-sails.jpg","articleSection":["Sin categorizar"],"inLanguage":"es"},{"@type":"WebPage","@id":"https:\/\/mwc-cmm.org\/es\/stories\/un-espiritu-de-escucha-transformado\/","url":"https:\/\/mwc-cmm.org\/es\/stories\/un-espiritu-de-escucha-transformado\/","name":"Un esp\u00edritu de escucha transformado - Mennonite World Conference","isPartOf":{"@id":"https:\/\/mwc-cmm.org\/en\/#website"},"primaryImageOfPage":{"@id":"https:\/\/mwc-cmm.org\/es\/stories\/un-espiritu-de-escucha-transformado\/#primaryimage"},"image":{"@id":"https:\/\/mwc-cmm.org\/es\/stories\/un-espiritu-de-escucha-transformado\/#primaryimage"},"thumbnailUrl":"https:\/\/mwc-cmm.org\/wp-content\/uploads\/2024\/11\/swiss-sails.jpg","datePublished":"2019-01-11T00:00:00+00:00","dateModified":"2024-12-10T18:01:39+00:00","breadcrumb":{"@id":"https:\/\/mwc-cmm.org\/es\/stories\/un-espiritu-de-escucha-transformado\/#breadcrumb"},"inLanguage":"es","potentialAction":[{"@type":"ReadAction","target":["https:\/\/mwc-cmm.org\/es\/stories\/un-espiritu-de-escucha-transformado\/"]}]},{"@type":"ImageObject","inLanguage":"es","@id":"https:\/\/mwc-cmm.org\/es\/stories\/un-espiritu-de-escucha-transformado\/#primaryimage","url":"https:\/\/mwc-cmm.org\/wp-content\/uploads\/2024\/11\/swiss-sails.jpg","contentUrl":"https:\/\/mwc-cmm.org\/wp-content\/uploads\/2024\/11\/swiss-sails.jpg","width":1200,"height":430},{"@type":"BreadcrumbList","@id":"https:\/\/mwc-cmm.org\/es\/stories\/un-espiritu-de-escucha-transformado\/#breadcrumb","itemListElement":[{"@type":"ListItem","position":1,"name":"Home","item":"https:\/\/mwc-cmm.org\/es\/"},{"@type":"ListItem","position":2,"name":"Un esp\u00edritu de escucha transformado"}]},{"@type":"WebSite","@id":"https:\/\/mwc-cmm.org\/en\/#website","url":"https:\/\/mwc-cmm.org\/en\/","name":"Mennonite World Conference","description":"A communion of Anabaptist-related churches","publisher":{"@id":"https:\/\/mwc-cmm.org\/en\/#organization"},"alternateName":"MWC","potentialAction":[{"@type":"SearchAction","target":{"@type":"EntryPoint","urlTemplate":"https:\/\/mwc-cmm.org\/en\/?s={search_term_string}"},"query-input":{"@type":"PropertyValueSpecification","valueRequired":true,"valueName":"search_term_string"}}],"inLanguage":"es"},{"@type":"Organization","@id":"https:\/\/mwc-cmm.org\/en\/#organization","name":"Mennonite World Conference","alternateName":"MWC","url":"https:\/\/mwc-cmm.org\/en\/","logo":{"@type":"ImageObject","inLanguage":"es","@id":"https:\/\/mwc-cmm.org\/en\/#\/schema\/logo\/image\/","url":"https:\/\/mwc-cmm.org\/wp-content\/uploads\/2026\/01\/MWC_Sig_Blue_Horiz_webheader1-logo.svg","contentUrl":"https:\/\/mwc-cmm.org\/wp-content\/uploads\/2026\/01\/MWC_Sig_Blue_Horiz_webheader1-logo.svg","width":786,"height":82,"caption":"Mennonite World Conference"},"image":{"@id":"https:\/\/mwc-cmm.org\/en\/#\/schema\/logo\/image\/"},"sameAs":["https:\/\/www.facebook.com\/MennoniteWorldConference","https:\/\/www.linkedin.com\/company\/mennonite-world-conference-mwc\/","https:\/\/www.instagram.com\/mwcmm\/","https:\/\/www.youtube.com\/user\/mwccmm","https:\/\/bsky.app\/profile\/mwcmm.bsky.social"]},{"@type":"Person","@id":"https:\/\/mwc-cmm.org\/en\/#\/schema\/person\/11f6ae0d7d1868ba20a1cc27f067c836","name":"mennworldcon","image":{"@type":"ImageObject","inLanguage":"es","@id":"https:\/\/secure.gravatar.com\/avatar\/06fdc0dc81c157dfdb82ec42f252178a22307808988d22c043f9eb96f1e0fe80?s=96&d=mm&r=g","url":"https:\/\/secure.gravatar.com\/avatar\/06fdc0dc81c157dfdb82ec42f252178a22307808988d22c043f9eb96f1e0fe80?s=96&d=mm&r=g","contentUrl":"https:\/\/secure.gravatar.com\/avatar\/06fdc0dc81c157dfdb82ec42f252178a22307808988d22c043f9eb96f1e0fe80?s=96&d=mm&r=g","caption":"mennworldcon"},"sameAs":["https:\/\/mwc-cmm.org"],"url":"https:\/\/mwc-cmm.org\/es\/stories\/author\/mennworldcon\/"}]}},"_links":{"self":[{"href":"https:\/\/mwc-cmm.org\/es\/wp-json\/wp\/v2\/posts\/8842","targetHints":{"allow":["GET"]}}],"collection":[{"href":"https:\/\/mwc-cmm.org\/es\/wp-json\/wp\/v2\/posts"}],"about":[{"href":"https:\/\/mwc-cmm.org\/es\/wp-json\/wp\/v2\/types\/post"}],"author":[{"embeddable":true,"href":"https:\/\/mwc-cmm.org\/es\/wp-json\/wp\/v2\/users\/1"}],"replies":[{"embeddable":true,"href":"https:\/\/mwc-cmm.org\/es\/wp-json\/wp\/v2\/comments?post=8842"}],"version-history":[{"count":0,"href":"https:\/\/mwc-cmm.org\/es\/wp-json\/wp\/v2\/posts\/8842\/revisions"}],"wp:featuredmedia":[{"embeddable":true,"href":"https:\/\/mwc-cmm.org\/es\/wp-json\/wp\/v2\/media\/89994"}],"wp:attachment":[{"href":"https:\/\/mwc-cmm.org\/es\/wp-json\/wp\/v2\/media?parent=8842"}],"wp:term":[{"taxonomy":"category","embeddable":true,"href":"https:\/\/mwc-cmm.org\/es\/wp-json\/wp\/v2\/categories?post=8842"},{"taxonomy":"post_tag","embeddable":true,"href":"https:\/\/mwc-cmm.org\/es\/wp-json\/wp\/v2\/tags?post=8842"},{"taxonomy":"network","embeddable":true,"href":"https:\/\/mwc-cmm.org\/es\/wp-json\/wp\/v2\/network?post=8842"},{"taxonomy":"eventcategory","embeddable":true,"href":"https:\/\/mwc-cmm.org\/es\/wp-json\/wp\/v2\/eventcategory?post=8842"}],"curies":[{"name":"wp","href":"https:\/\/api.w.org\/{rel}","templated":true}]}}