{"id":8834,"date":"2018-11-15T00:00:00","date_gmt":"2018-11-15T00:00:00","guid":{"rendered":"https:\/\/mwc-cmm.org\/the-gift-of-the-holy-spirit-in-the-16th-century-and-today-3\/"},"modified":"2024-12-10T18:01:36","modified_gmt":"2024-12-10T18:01:36","slug":"el-don-del-espiritu-santo-en-el-siglo-xvi-y-en-la-actualidad","status":"publish","type":"post","link":"https:\/\/mwc-cmm.org\/es\/stories\/el-don-del-espiritu-santo-en-el-siglo-xvi-y-en-la-actualidad\/","title":{"rendered":"El don del Esp\u00edritu Santo en el siglo XVI y en la actualidad"},"content":{"rendered":"<p>Muchos testimonios escritos acerca del comienzo del movimiento anabautista apuntan hacia la obra del Esp\u00edritu Santo como la principal fuerza propulsora. El Esp\u00edritu Santo viene a aquellos que lo esperan. Ese fue el caso en Pentecost\u00e9s (Hechos 2) mientras los disc\u00edpulos estaban orando; fue tambi\u00e9n el caso del tiempo de la Reforma, y es el caso en el presente.<\/p>\n<h3><strong>El Esp\u00edritu Santo desde el tiempo de los ap\u00f3stoles hasta Lutero<\/strong><\/h3>\n<p>En general, los anabautistas y los protestantes deben de tener cuidado al recordar que la iglesia cristiana no comenz\u00f3 con ellos. Hab\u00edan transcurrido ya 1500 a\u00f1os con muchas manifestaciones y frutos del Esp\u00edritu Santo. Recordemos a los primeros m\u00e1rtires cristianos, quienes por el poder del Esp\u00edritu estuvieron dispuestos a dar sus vidas y ser fieles durante la tortura hasta la muerte. Existen muchos m\u00edsticos quienes en monasterios, desiertos, cuevas y a menudo en puestos importantes dentro del liderazgo de la iglesia, buscaron ser llenos del Esp\u00edritu Santo y actuaron por el poder y la sabidur\u00eda del Esp\u00edritu. Luego est\u00e1n los misioneros que llevaron el evangelio a Europa, Rusia, India y al norte de \u00c1frica; lo que demuestra que el esp\u00edritu de Dios es uno que env\u00eda y est\u00e1 deseoso de cruzar todas las barreras culturales.<\/p>\n<h3><strong>El Esp\u00edritu Santo en tiempos de la Reforma<\/strong><\/h3>\n<p>Lutero, Zwinglio y Calvino apuntaron hacia el Esp\u00edritu de Dios cuando redescubrieron y redefinieron el evangelio b\u00edblico de la gracia. Con ello no solo vino una profunda experiencia de paz y confort espiritual, sino tambi\u00e9n un fuerte sentido de \u201clibertad de la religi\u00f3n\u201d y \u201clibertad de la opresi\u00f3n social\u201d. Thomas M\u00fcntzer, aunque tr\u00e1gicamente enga\u00f1ado al final, aplic\u00f3 la obra del Esp\u00edritu Santo a las cuestiones de la justicia social y a los derechos de los pobres y los marginados. Melchior Hoffman lo relacion\u00f3 con una sensibilidad espiritual muy especial, el derramamiento del Esp\u00edritu a la Nueva Jerusal\u00e9n venidera.<\/p>\n<h3><strong><img decoding=\"async\" alt=\" Roland zh Wikimedia Commons\" data-src=\"\/sites\/default\/files\/website_files\/featured2-rgb_0.png\" style=\"width:300px; height:225px; margin:5px 10px; float:left\" src=\"data:image\/svg+xml;base64,PHN2ZyB3aWR0aD0iMSIgaGVpZ2h0PSIxIiB4bWxucz0iaHR0cDovL3d3dy53My5vcmcvMjAwMC9zdmciPjwvc3ZnPg==\" class=\"lazyload\" \/>El Esp\u00edritu Santo y la disidencia anabautista en 1525 en Z\u00farich&nbsp; <\/strong><\/h3>\n<p>El grupo de j\u00f3venes intelectuales alrededor de Zwinglio, en una etapa muy temprana, relacion\u00f3 la autoridad de las Escrituras con la pr\u00e1ctica de la iglesia bajo la gu\u00eda y el liderazgo del Esp\u00edritu. En los debates de octubre de 1523, ellos desafiaron a Zwinglio a subordinar la decisi\u00f3n del concejo municipal a la autoridad del Esp\u00edritu. Conrado Grebel lo expres\u00f3 de esta manera: \u201cEl Esp\u00edritu de Dios ya ha tomado una decisi\u00f3n\u201d.<\/p>\n<p>En la noche del 21 de enero de 1525, \u201c15 hermanos estaban reunidos en oraci\u00f3n en casa de F\u00e9lix Manz, esto fue despu\u00e9s que el mandato del concilio de Z\u00farich prohibi\u00f3 la futura propagaci\u00f3n de su fe. Se nos dice que se levantaron de la oraci\u00f3n y movidos por el Esp\u00edritu, George Blaurock pidi\u00f3 a Conrado Grebel que lo bautizara seg\u00fan la confesi\u00f3n de su fe&#8230;\u201d<\/p>\n<p>Muy pronto los anabautistas nuevamente se vieron atrapados en un problema diferente: \u00bfest\u00e1 el nacionalismo suizo o la seguridad europea por encima del mandato de Dios en cuanto a la no violencia y el amor a los enemigos? Los creyentes anabautistas en Suiza exhortaron a Thomas M\u00fcntzer, y a los que se un\u00edan a la revuelta campesina, a no tomar la espada, sino a confiar en la intervenci\u00f3n del Esp\u00edritu de Dios.<\/p>\n<p>Y cuando Michael Sattler escribi\u00f3 la Confesi\u00f3n de Schleitheim, la congregaci\u00f3n dej\u00f3 en claro que los cristianos renuncian a la espada f\u00edsica tomando la \u201cespada del Esp\u00edritu\u201d. En su juicio de muerte, Michael declar\u00f3 que prefer\u00eda que un musulm\u00e1n lo matara en lugar de ser parte de un \u201cej\u00e9rcito cristiano\u201d que los mata a ellos.<\/p>\n<p>Entonces, el testimonio de paz y el poder del Esp\u00edritu est\u00e1n estrechamente vinculados en la tradici\u00f3n anabautista.<\/p>\n<h3><strong>El Esp\u00edritu Santo en nuestros d\u00edas<\/strong><\/h3>\n<p>Cuando menonitas y pentecostales se reunieron en Pasadena 2006 para celebrar los 100 a\u00f1os del avivamiento de la calle Azusa, se dieron cuenta de que el movimiento de renovaci\u00f3n y el anabautista tienen un n\u00famero considerable de cosas en com\u00fan, incluyendo las misiones, la no violencia, la doctrina del nuevo nacimiento espiritual y el bautismo en el Esp\u00edritu.<\/p>\n<h3><strong>Conclusi\u00f3n<\/strong><\/h3>\n<p>En mi opini\u00f3n, el movimiento anabautista recuper\u00f3 tres dimensiones cruciales de la teolog\u00eda y la pr\u00e1ctica del Esp\u00edritu Santo:<\/p>\n<ul>\n<li>El Esp\u00edritu gu\u00eda a la verdad y a una nueva vida en Cristo.<\/li>\n<li>El Esp\u00edritu da fortaleza en la debilidad y en la persecuci\u00f3n.<\/li>\n<li>El Esp\u00edritu derriba barreras (culturales, sociales, nacionales) y se mueve hacia la misi\u00f3n.<\/li>\n<\/ul>\n<p>Pablo resume esta experiencia en 2 Timoteo 1,7\u20138: \u201cPorque Dios no nos ha dado un esp\u00edritu de temor, sino de poder, de amor y de disciplina. Por lo tanto, no se averg\u00fcencen, del testimonio de nuestro Se\u00f1or\u201d.<\/p>\n<p><em>\u2014Alfred Neufeld fue presidente de la Comisi\u00f3n de Fe y Vida (2009\u20132018). Recientemente se desempe\u00f1\u00f3 como rector de la Universidad Evang\u00e9lica del Paraguay en Asunci\u00f3n, Paraguay. Es miembro de Vereinigung der Mennoniten Br\u00fcdergemeinden Paraguays (Hermanos Menonitas).<\/em><\/p>\n<p><em>\u00c9l <\/em><em>fue una de las oradoras<\/em><em> en Renovaci\u00f3n 2027, El Esp\u00edritu Santo nos transforma, en Kisumu, Kenia, el 21 de abril de 2018. El art\u00edculo de esta secci\u00f3n se adapt\u00f3 de acuerdo a su presentaci\u00f3n.&nbsp;<\/em><\/p>\n<p><em>Este art\u00edculo apareci\u00f3 por primera vez en&nbsp;<a href=\"\/es\/node\/146\">Correo\/Courier\/Courrier en octubre de 2018.<\/a><\/em><\/p>\n","protected":false},"excerpt":{"rendered":"<p>Muchos testimonios escritos acerca del comienzo del movimiento anabautista apuntan hacia la obra del Esp\u00edritu Santo como la principal fuerza propulsora. El Esp\u00edritu Santo viene a aquellos que lo esperan. Ese fue el caso en Pentecost\u00e9s (Hechos 2) mientras los disc\u00edpulos estaban orando; fue tambi\u00e9n el caso del tiempo de la Reforma, y es el [&hellip;]<\/p>\n","protected":false},"author":1,"featured_media":89882,"comment_status":"closed","ping_status":"closed","sticky":false,"template":"","format":"standard","meta":{"_acf_changed":false,"footnotes":""},"categories":[6],"tags":[],"network":[1306],"eventcategory":[],"class_list":["post-8834","post","type-post","status-publish","format-standard","has-post-thumbnail","hentry","category-sin-categorizar","network-courier-es"],"acf":[],"yoast_head":"<!-- This site is optimized with the Yoast SEO plugin v27.5 - https:\/\/yoast.com\/product\/yoast-seo-wordpress\/ -->\n<title>El don del Esp\u00edritu Santo en el siglo XVI y en la actualidad - Mennonite World Conference<\/title>\n<meta name=\"robots\" content=\"index, follow, max-snippet:-1, max-image-preview:large, max-video-preview:-1\" \/>\n<link rel=\"canonical\" href=\"https:\/\/mwc-cmm.org\/es\/stories\/el-don-del-espiritu-santo-en-el-siglo-xvi-y-en-la-actualidad\/\" \/>\n<meta property=\"og:locale\" content=\"es_ES\" \/>\n<meta property=\"og:type\" content=\"article\" \/>\n<meta property=\"og:title\" content=\"El don del Esp\u00edritu Santo en el siglo XVI y en la actualidad - Mennonite World Conference\" \/>\n<meta property=\"og:description\" content=\"Muchos testimonios escritos acerca del comienzo del movimiento anabautista apuntan hacia la obra del Esp\u00edritu Santo como la principal fuerza propulsora. El Esp\u00edritu Santo viene a aquellos que lo esperan. Ese fue el caso en Pentecost\u00e9s (Hechos 2) mientras los disc\u00edpulos estaban orando; fue tambi\u00e9n el caso del tiempo de la Reforma, y es el [&hellip;]\" \/>\n<meta property=\"og:url\" content=\"https:\/\/mwc-cmm.org\/es\/stories\/el-don-del-espiritu-santo-en-el-siglo-xvi-y-en-la-actualidad\/\" \/>\n<meta property=\"og:site_name\" content=\"Mennonite World Conference\" \/>\n<meta property=\"article:publisher\" content=\"https:\/\/www.facebook.com\/MennoniteWorldConference\" \/>\n<meta property=\"article:published_time\" content=\"2018-11-15T00:00:00+00:00\" \/>\n<meta property=\"article:modified_time\" content=\"2024-12-10T18:01:36+00:00\" \/>\n<meta property=\"og:image\" content=\"https:\/\/mwc-cmm.org\/wp-content\/uploads\/2024\/11\/featured1-rgb-1024x683.png\" \/>\n\t<meta property=\"og:image:width\" content=\"1024\" \/>\n\t<meta property=\"og:image:height\" content=\"683\" \/>\n\t<meta property=\"og:image:type\" content=\"image\/png\" \/>\n<meta name=\"author\" content=\"mennworldcon\" \/>\n<script type=\"application\/ld+json\" class=\"yoast-schema-graph\">{\"@context\":\"https:\\\/\\\/schema.org\",\"@graph\":[{\"@type\":\"Article\",\"@id\":\"https:\\\/\\\/mwc-cmm.org\\\/es\\\/stories\\\/el-don-del-espiritu-santo-en-el-siglo-xvi-y-en-la-actualidad\\\/#article\",\"isPartOf\":{\"@id\":\"https:\\\/\\\/mwc-cmm.org\\\/es\\\/stories\\\/el-don-del-espiritu-santo-en-el-siglo-xvi-y-en-la-actualidad\\\/\"},\"author\":{\"name\":\"mennworldcon\",\"@id\":\"https:\\\/\\\/mwc-cmm.org\\\/en\\\/#\\\/schema\\\/person\\\/11f6ae0d7d1868ba20a1cc27f067c836\"},\"headline\":\"El don del Esp\u00edritu Santo en el siglo XVI y en la actualidad\",\"datePublished\":\"2018-11-15T00:00:00+00:00\",\"dateModified\":\"2024-12-10T18:01:36+00:00\",\"mainEntityOfPage\":{\"@id\":\"https:\\\/\\\/mwc-cmm.org\\\/es\\\/stories\\\/el-don-del-espiritu-santo-en-el-siglo-xvi-y-en-la-actualidad\\\/\"},\"wordCount\":943,\"publisher\":{\"@id\":\"https:\\\/\\\/mwc-cmm.org\\\/en\\\/#organization\"},\"image\":{\"@id\":\"https:\\\/\\\/mwc-cmm.org\\\/es\\\/stories\\\/el-don-del-espiritu-santo-en-el-siglo-xvi-y-en-la-actualidad\\\/#primaryimage\"},\"thumbnailUrl\":\"https:\\\/\\\/mwc-cmm.org\\\/wp-content\\\/uploads\\\/2024\\\/11\\\/featured1-rgb.png\",\"articleSection\":[\"Sin categorizar\"],\"inLanguage\":\"es\"},{\"@type\":\"WebPage\",\"@id\":\"https:\\\/\\\/mwc-cmm.org\\\/es\\\/stories\\\/el-don-del-espiritu-santo-en-el-siglo-xvi-y-en-la-actualidad\\\/\",\"url\":\"https:\\\/\\\/mwc-cmm.org\\\/es\\\/stories\\\/el-don-del-espiritu-santo-en-el-siglo-xvi-y-en-la-actualidad\\\/\",\"name\":\"El don del Esp\u00edritu Santo en el siglo XVI y en la actualidad - Mennonite World Conference\",\"isPartOf\":{\"@id\":\"https:\\\/\\\/mwc-cmm.org\\\/en\\\/#website\"},\"primaryImageOfPage\":{\"@id\":\"https:\\\/\\\/mwc-cmm.org\\\/es\\\/stories\\\/el-don-del-espiritu-santo-en-el-siglo-xvi-y-en-la-actualidad\\\/#primaryimage\"},\"image\":{\"@id\":\"https:\\\/\\\/mwc-cmm.org\\\/es\\\/stories\\\/el-don-del-espiritu-santo-en-el-siglo-xvi-y-en-la-actualidad\\\/#primaryimage\"},\"thumbnailUrl\":\"https:\\\/\\\/mwc-cmm.org\\\/wp-content\\\/uploads\\\/2024\\\/11\\\/featured1-rgb.png\",\"datePublished\":\"2018-11-15T00:00:00+00:00\",\"dateModified\":\"2024-12-10T18:01:36+00:00\",\"breadcrumb\":{\"@id\":\"https:\\\/\\\/mwc-cmm.org\\\/es\\\/stories\\\/el-don-del-espiritu-santo-en-el-siglo-xvi-y-en-la-actualidad\\\/#breadcrumb\"},\"inLanguage\":\"es\",\"potentialAction\":[{\"@type\":\"ReadAction\",\"target\":[\"https:\\\/\\\/mwc-cmm.org\\\/es\\\/stories\\\/el-don-del-espiritu-santo-en-el-siglo-xvi-y-en-la-actualidad\\\/\"]}]},{\"@type\":\"ImageObject\",\"inLanguage\":\"es\",\"@id\":\"https:\\\/\\\/mwc-cmm.org\\\/es\\\/stories\\\/el-don-del-espiritu-santo-en-el-siglo-xvi-y-en-la-actualidad\\\/#primaryimage\",\"url\":\"https:\\\/\\\/mwc-cmm.org\\\/wp-content\\\/uploads\\\/2024\\\/11\\\/featured1-rgb.png\",\"contentUrl\":\"https:\\\/\\\/mwc-cmm.org\\\/wp-content\\\/uploads\\\/2024\\\/11\\\/featured1-rgb.png\",\"width\":1200,\"height\":800},{\"@type\":\"BreadcrumbList\",\"@id\":\"https:\\\/\\\/mwc-cmm.org\\\/es\\\/stories\\\/el-don-del-espiritu-santo-en-el-siglo-xvi-y-en-la-actualidad\\\/#breadcrumb\",\"itemListElement\":[{\"@type\":\"ListItem\",\"position\":1,\"name\":\"Home\",\"item\":\"https:\\\/\\\/mwc-cmm.org\\\/es\\\/\"},{\"@type\":\"ListItem\",\"position\":2,\"name\":\"El don del Esp\u00edritu Santo en el siglo XVI y en la actualidad\"}]},{\"@type\":\"WebSite\",\"@id\":\"https:\\\/\\\/mwc-cmm.org\\\/en\\\/#website\",\"url\":\"https:\\\/\\\/mwc-cmm.org\\\/en\\\/\",\"name\":\"Mennonite World Conference\",\"description\":\"A communion of Anabaptist-related churches\",\"publisher\":{\"@id\":\"https:\\\/\\\/mwc-cmm.org\\\/en\\\/#organization\"},\"alternateName\":\"MWC\",\"potentialAction\":[{\"@type\":\"SearchAction\",\"target\":{\"@type\":\"EntryPoint\",\"urlTemplate\":\"https:\\\/\\\/mwc-cmm.org\\\/en\\\/?s={search_term_string}\"},\"query-input\":{\"@type\":\"PropertyValueSpecification\",\"valueRequired\":true,\"valueName\":\"search_term_string\"}}],\"inLanguage\":\"es\"},{\"@type\":\"Organization\",\"@id\":\"https:\\\/\\\/mwc-cmm.org\\\/en\\\/#organization\",\"name\":\"Mennonite World Conference\",\"alternateName\":\"MWC\",\"url\":\"https:\\\/\\\/mwc-cmm.org\\\/en\\\/\",\"logo\":{\"@type\":\"ImageObject\",\"inLanguage\":\"es\",\"@id\":\"https:\\\/\\\/mwc-cmm.org\\\/en\\\/#\\\/schema\\\/logo\\\/image\\\/\",\"url\":\"https:\\\/\\\/mwc-cmm.org\\\/wp-content\\\/uploads\\\/2026\\\/01\\\/MWC_Sig_Blue_Horiz_webheader1-logo.svg\",\"contentUrl\":\"https:\\\/\\\/mwc-cmm.org\\\/wp-content\\\/uploads\\\/2026\\\/01\\\/MWC_Sig_Blue_Horiz_webheader1-logo.svg\",\"width\":786,\"height\":82,\"caption\":\"Mennonite World Conference\"},\"image\":{\"@id\":\"https:\\\/\\\/mwc-cmm.org\\\/en\\\/#\\\/schema\\\/logo\\\/image\\\/\"},\"sameAs\":[\"https:\\\/\\\/www.facebook.com\\\/MennoniteWorldConference\",\"https:\\\/\\\/www.linkedin.com\\\/company\\\/mennonite-world-conference-mwc\\\/\",\"https:\\\/\\\/www.instagram.com\\\/mwcmm\\\/\",\"https:\\\/\\\/www.youtube.com\\\/user\\\/mwccmm\",\"https:\\\/\\\/bsky.app\\\/profile\\\/mwcmm.bsky.social\"]},{\"@type\":\"Person\",\"@id\":\"https:\\\/\\\/mwc-cmm.org\\\/en\\\/#\\\/schema\\\/person\\\/11f6ae0d7d1868ba20a1cc27f067c836\",\"name\":\"mennworldcon\",\"image\":{\"@type\":\"ImageObject\",\"inLanguage\":\"es\",\"@id\":\"https:\\\/\\\/secure.gravatar.com\\\/avatar\\\/06fdc0dc81c157dfdb82ec42f252178a22307808988d22c043f9eb96f1e0fe80?s=96&d=mm&r=g\",\"url\":\"https:\\\/\\\/secure.gravatar.com\\\/avatar\\\/06fdc0dc81c157dfdb82ec42f252178a22307808988d22c043f9eb96f1e0fe80?s=96&d=mm&r=g\",\"contentUrl\":\"https:\\\/\\\/secure.gravatar.com\\\/avatar\\\/06fdc0dc81c157dfdb82ec42f252178a22307808988d22c043f9eb96f1e0fe80?s=96&d=mm&r=g\",\"caption\":\"mennworldcon\"},\"sameAs\":[\"https:\\\/\\\/mwc-cmm.org\"],\"url\":\"https:\\\/\\\/mwc-cmm.org\\\/es\\\/stories\\\/author\\\/mennworldcon\\\/\"}]}<\/script>\n<!-- \/ Yoast SEO plugin. -->","yoast_head_json":{"title":"El don del Esp\u00edritu Santo en el siglo XVI y en la actualidad - Mennonite World Conference","robots":{"index":"index","follow":"follow","max-snippet":"max-snippet:-1","max-image-preview":"max-image-preview:large","max-video-preview":"max-video-preview:-1"},"canonical":"https:\/\/mwc-cmm.org\/es\/stories\/el-don-del-espiritu-santo-en-el-siglo-xvi-y-en-la-actualidad\/","og_locale":"es_ES","og_type":"article","og_title":"El don del Esp\u00edritu Santo en el siglo XVI y en la actualidad - Mennonite World Conference","og_description":"Muchos testimonios escritos acerca del comienzo del movimiento anabautista apuntan hacia la obra del Esp\u00edritu Santo como la principal fuerza propulsora. El Esp\u00edritu Santo viene a aquellos que lo esperan. Ese fue el caso en Pentecost\u00e9s (Hechos 2) mientras los disc\u00edpulos estaban orando; fue tambi\u00e9n el caso del tiempo de la Reforma, y es el [&hellip;]","og_url":"https:\/\/mwc-cmm.org\/es\/stories\/el-don-del-espiritu-santo-en-el-siglo-xvi-y-en-la-actualidad\/","og_site_name":"Mennonite World Conference","article_publisher":"https:\/\/www.facebook.com\/MennoniteWorldConference","article_published_time":"2018-11-15T00:00:00+00:00","article_modified_time":"2024-12-10T18:01:36+00:00","og_image":[{"width":1024,"height":683,"url":"https:\/\/mwc-cmm.org\/wp-content\/uploads\/2024\/11\/featured1-rgb-1024x683.png","type":"image\/png"}],"author":"mennworldcon","schema":{"@context":"https:\/\/schema.org","@graph":[{"@type":"Article","@id":"https:\/\/mwc-cmm.org\/es\/stories\/el-don-del-espiritu-santo-en-el-siglo-xvi-y-en-la-actualidad\/#article","isPartOf":{"@id":"https:\/\/mwc-cmm.org\/es\/stories\/el-don-del-espiritu-santo-en-el-siglo-xvi-y-en-la-actualidad\/"},"author":{"name":"mennworldcon","@id":"https:\/\/mwc-cmm.org\/en\/#\/schema\/person\/11f6ae0d7d1868ba20a1cc27f067c836"},"headline":"El don del Esp\u00edritu Santo en el siglo XVI y en la actualidad","datePublished":"2018-11-15T00:00:00+00:00","dateModified":"2024-12-10T18:01:36+00:00","mainEntityOfPage":{"@id":"https:\/\/mwc-cmm.org\/es\/stories\/el-don-del-espiritu-santo-en-el-siglo-xvi-y-en-la-actualidad\/"},"wordCount":943,"publisher":{"@id":"https:\/\/mwc-cmm.org\/en\/#organization"},"image":{"@id":"https:\/\/mwc-cmm.org\/es\/stories\/el-don-del-espiritu-santo-en-el-siglo-xvi-y-en-la-actualidad\/#primaryimage"},"thumbnailUrl":"https:\/\/mwc-cmm.org\/wp-content\/uploads\/2024\/11\/featured1-rgb.png","articleSection":["Sin categorizar"],"inLanguage":"es"},{"@type":"WebPage","@id":"https:\/\/mwc-cmm.org\/es\/stories\/el-don-del-espiritu-santo-en-el-siglo-xvi-y-en-la-actualidad\/","url":"https:\/\/mwc-cmm.org\/es\/stories\/el-don-del-espiritu-santo-en-el-siglo-xvi-y-en-la-actualidad\/","name":"El don del Esp\u00edritu Santo en el siglo XVI y en la actualidad - Mennonite World Conference","isPartOf":{"@id":"https:\/\/mwc-cmm.org\/en\/#website"},"primaryImageOfPage":{"@id":"https:\/\/mwc-cmm.org\/es\/stories\/el-don-del-espiritu-santo-en-el-siglo-xvi-y-en-la-actualidad\/#primaryimage"},"image":{"@id":"https:\/\/mwc-cmm.org\/es\/stories\/el-don-del-espiritu-santo-en-el-siglo-xvi-y-en-la-actualidad\/#primaryimage"},"thumbnailUrl":"https:\/\/mwc-cmm.org\/wp-content\/uploads\/2024\/11\/featured1-rgb.png","datePublished":"2018-11-15T00:00:00+00:00","dateModified":"2024-12-10T18:01:36+00:00","breadcrumb":{"@id":"https:\/\/mwc-cmm.org\/es\/stories\/el-don-del-espiritu-santo-en-el-siglo-xvi-y-en-la-actualidad\/#breadcrumb"},"inLanguage":"es","potentialAction":[{"@type":"ReadAction","target":["https:\/\/mwc-cmm.org\/es\/stories\/el-don-del-espiritu-santo-en-el-siglo-xvi-y-en-la-actualidad\/"]}]},{"@type":"ImageObject","inLanguage":"es","@id":"https:\/\/mwc-cmm.org\/es\/stories\/el-don-del-espiritu-santo-en-el-siglo-xvi-y-en-la-actualidad\/#primaryimage","url":"https:\/\/mwc-cmm.org\/wp-content\/uploads\/2024\/11\/featured1-rgb.png","contentUrl":"https:\/\/mwc-cmm.org\/wp-content\/uploads\/2024\/11\/featured1-rgb.png","width":1200,"height":800},{"@type":"BreadcrumbList","@id":"https:\/\/mwc-cmm.org\/es\/stories\/el-don-del-espiritu-santo-en-el-siglo-xvi-y-en-la-actualidad\/#breadcrumb","itemListElement":[{"@type":"ListItem","position":1,"name":"Home","item":"https:\/\/mwc-cmm.org\/es\/"},{"@type":"ListItem","position":2,"name":"El don del Esp\u00edritu Santo en el siglo XVI y en la actualidad"}]},{"@type":"WebSite","@id":"https:\/\/mwc-cmm.org\/en\/#website","url":"https:\/\/mwc-cmm.org\/en\/","name":"Mennonite World Conference","description":"A communion of Anabaptist-related churches","publisher":{"@id":"https:\/\/mwc-cmm.org\/en\/#organization"},"alternateName":"MWC","potentialAction":[{"@type":"SearchAction","target":{"@type":"EntryPoint","urlTemplate":"https:\/\/mwc-cmm.org\/en\/?s={search_term_string}"},"query-input":{"@type":"PropertyValueSpecification","valueRequired":true,"valueName":"search_term_string"}}],"inLanguage":"es"},{"@type":"Organization","@id":"https:\/\/mwc-cmm.org\/en\/#organization","name":"Mennonite World Conference","alternateName":"MWC","url":"https:\/\/mwc-cmm.org\/en\/","logo":{"@type":"ImageObject","inLanguage":"es","@id":"https:\/\/mwc-cmm.org\/en\/#\/schema\/logo\/image\/","url":"https:\/\/mwc-cmm.org\/wp-content\/uploads\/2026\/01\/MWC_Sig_Blue_Horiz_webheader1-logo.svg","contentUrl":"https:\/\/mwc-cmm.org\/wp-content\/uploads\/2026\/01\/MWC_Sig_Blue_Horiz_webheader1-logo.svg","width":786,"height":82,"caption":"Mennonite World Conference"},"image":{"@id":"https:\/\/mwc-cmm.org\/en\/#\/schema\/logo\/image\/"},"sameAs":["https:\/\/www.facebook.com\/MennoniteWorldConference","https:\/\/www.linkedin.com\/company\/mennonite-world-conference-mwc\/","https:\/\/www.instagram.com\/mwcmm\/","https:\/\/www.youtube.com\/user\/mwccmm","https:\/\/bsky.app\/profile\/mwcmm.bsky.social"]},{"@type":"Person","@id":"https:\/\/mwc-cmm.org\/en\/#\/schema\/person\/11f6ae0d7d1868ba20a1cc27f067c836","name":"mennworldcon","image":{"@type":"ImageObject","inLanguage":"es","@id":"https:\/\/secure.gravatar.com\/avatar\/06fdc0dc81c157dfdb82ec42f252178a22307808988d22c043f9eb96f1e0fe80?s=96&d=mm&r=g","url":"https:\/\/secure.gravatar.com\/avatar\/06fdc0dc81c157dfdb82ec42f252178a22307808988d22c043f9eb96f1e0fe80?s=96&d=mm&r=g","contentUrl":"https:\/\/secure.gravatar.com\/avatar\/06fdc0dc81c157dfdb82ec42f252178a22307808988d22c043f9eb96f1e0fe80?s=96&d=mm&r=g","caption":"mennworldcon"},"sameAs":["https:\/\/mwc-cmm.org"],"url":"https:\/\/mwc-cmm.org\/es\/stories\/author\/mennworldcon\/"}]}},"_links":{"self":[{"href":"https:\/\/mwc-cmm.org\/es\/wp-json\/wp\/v2\/posts\/8834","targetHints":{"allow":["GET"]}}],"collection":[{"href":"https:\/\/mwc-cmm.org\/es\/wp-json\/wp\/v2\/posts"}],"about":[{"href":"https:\/\/mwc-cmm.org\/es\/wp-json\/wp\/v2\/types\/post"}],"author":[{"embeddable":true,"href":"https:\/\/mwc-cmm.org\/es\/wp-json\/wp\/v2\/users\/1"}],"replies":[{"embeddable":true,"href":"https:\/\/mwc-cmm.org\/es\/wp-json\/wp\/v2\/comments?post=8834"}],"version-history":[{"count":0,"href":"https:\/\/mwc-cmm.org\/es\/wp-json\/wp\/v2\/posts\/8834\/revisions"}],"wp:featuredmedia":[{"embeddable":true,"href":"https:\/\/mwc-cmm.org\/es\/wp-json\/wp\/v2\/media\/89882"}],"wp:attachment":[{"href":"https:\/\/mwc-cmm.org\/es\/wp-json\/wp\/v2\/media?parent=8834"}],"wp:term":[{"taxonomy":"category","embeddable":true,"href":"https:\/\/mwc-cmm.org\/es\/wp-json\/wp\/v2\/categories?post=8834"},{"taxonomy":"post_tag","embeddable":true,"href":"https:\/\/mwc-cmm.org\/es\/wp-json\/wp\/v2\/tags?post=8834"},{"taxonomy":"network","embeddable":true,"href":"https:\/\/mwc-cmm.org\/es\/wp-json\/wp\/v2\/network?post=8834"},{"taxonomy":"eventcategory","embeddable":true,"href":"https:\/\/mwc-cmm.org\/es\/wp-json\/wp\/v2\/eventcategory?post=8834"}],"curies":[{"name":"wp","href":"https:\/\/api.w.org\/{rel}","templated":true}]}}