{"id":8827,"date":"2018-10-22T00:00:00","date_gmt":"2018-10-22T00:00:00","guid":{"rendered":"https:\/\/mwc-cmm.org\/a-people-transformed-by-the-spirit-in-migration-and-service-3\/"},"modified":"2024-12-10T18:01:34","modified_gmt":"2024-12-10T18:01:34","slug":"un-pueblo-transformado-por-el-espiritu-en-migracion-y-servicio","status":"publish","type":"post","link":"https:\/\/mwc-cmm.org\/es\/stories\/un-pueblo-transformado-por-el-espiritu-en-migracion-y-servicio\/","title":{"rendered":"Un pueblo transformado por el Esp\u00edritu en migraci\u00f3n y servicio"},"content":{"rendered":"<p>La nueva edici\u00f3n de Correo nos lleva a Kenya, mientras que los recursos del Domingo de la Fraternidad Mundial nos cuentan historias de migraci\u00f3n en Am\u00e9rica Latina. Por su parte Indonesia, hace presencia en la oficina del CMM en Bogot\u00e1.<\/p>\n<p><strong>Nuevas maneras en las que el Congreso Mundial Menonita est\u00e1 conectando iglesias en todo el mundo<\/strong><strong>:<\/strong><\/p>\n<ul>\n<li>Una persona que planta iglesias sin esperanzas, mujeres poderosas en misi\u00f3n y un objetor de conciencia en Colombia: <a href=\"https:\/\/mwc-cmm.org\/article\/correo\">Correo octubre 2018<\/a> contiene historias del Esp\u00edritu Santo Transform\u00e1ndonos hoy y en el pasado. Correo incluye testimonios e informes del evento Renovaci\u00f3n 2027 y de las reuniones del Concilio General en Kenia.<\/li>\n<li>\n<p>\u201cJos\u00e9, una persona con estatus de refugiado, un poeta y pol\u00edtico, lleg\u00f3 a nuestra puerta desde Puerto Tejada con su familia entera&#8230; este gozo se ha convertido en una bendici\u00f3n que se esparce y que alegra nuestras reuniones.\u00bb \u2014<em>Iglesia Cristiana Menonita de Quito, Ecuador.<\/em><\/p>\n<\/li>\n<\/ul>\n<p>Los cristianos anabautistas de hoy son llamados a seguir a Jes\u00fas en su ministerio de hacer justicia, En Am\u00e9rica Latina, las iglesias anabautistas est\u00e1n compuestas tanto por quienes han sido migrantes como por aquellos que les reciben. Dios es fiel en medio de estas historias de desarraigo y cambio.<\/p>\n<p>Para 2019, Justicia en el recorrido: migraci\u00f3n y la historia anabautista &#8211; menonita es el tema para los recursos para el culto del Domingo de la Fraternidad Mundial, preparados por los representantes regionales de Am\u00e9rica Latina.<\/p>\n<p>Encuentre recursos de sermones y m\u00e1s testimonios como los de Jos\u00e9 en los recursos para el culto del Domingo de la Fraternidad Mundial.<\/p>\n<p><a href=\"https:\/\/mwc-cmm.org\/article\/domingo-de-la-fraternidad-mundial\">Haga clic aqu\u00ed<\/a> para m\u00e1s informaci\u00f3n.<\/p>\n<ul>\n<li><img decoding=\"async\" alt=\"\" data-src=\"\/sites\/default\/files\/website_files\/renewal\/unnamed_0.jpg\" style=\"width: 110px; height: 110px; float: right;\" src=\"data:image\/svg+xml;base64,PHN2ZyB3aWR0aD0iMSIgaGVpZ2h0PSIxIiB4bWxucz0iaHR0cDovL3d3dy53My5vcmcvMjAwMC9zdmciPjwvc3ZnPg==\" class=\"lazyload\" \/>\n<p>El rostro detr\u00e1s de Facebook: Alexandro Daniel Marthin trabaja en comunicaciones web 2018\/2019. YAMEN es el programa de intercambio conjunto del CMM-CCM para adultos j\u00f3venes. Alex es miembro de JKI (Jemaat Kristen Indonesia). En su pa\u00eds, Indonesia, Alex estudia comunicaciones, especializ\u00e1ndose en relaciones p\u00fablicas. Le gustan las pel\u00edculas y la m\u00fasica country. <\/p>\n<\/li>\n<li>El equipo organizador del II Congreso y Festival Menonita Mundial de Construcci\u00f3n de Paz a llevarse a cabo en Elspeet, Pa\u00edses Bajos, del 27 al 30 de junio del 2019, lanz\u00f3 una convocatoria para recibir propuestas. Este evento es el resultado de un di\u00e1logo cercano de la emergente Red Mundial Anabautista de Paz (GAPN), en conexi\u00f3n con la Comisi\u00f3n de Paz del Congreso Mundial Menonita (CMM). Para explorar en qu\u00e9 manera los menonitas de todo el mundo recorren los caminos de la paz y su construcci\u00f3n, las propuestas pueden ser contribuciones individuales, presentaciones en talleres y expresiones art\u00edsticas. <a href=\"http:\/\/www.gmp-festival.org\/\">Haga clic aqu\u00ed<\/a> para leer m\u00e1s en ingl\u00e9s.<\/li>\n<\/ul>\n<p><em>\u2014Comunicado del Congreso Mundial Menonita<\/em><\/p>\n","protected":false},"excerpt":{"rendered":"<p>NULL<\/p>\n","protected":false},"author":1,"featured_media":89784,"comment_status":"closed","ping_status":"closed","sticky":false,"template":"","format":"standard","meta":{"_acf_changed":false,"footnotes":""},"categories":[6],"tags":[],"network":[],"eventcategory":[],"class_list":["post-8827","post","type-post","status-publish","format-standard","has-post-thumbnail","hentry","category-sin-categorizar"],"acf":[],"yoast_head":"<!-- This site is optimized with the Yoast SEO plugin v27.5 - https:\/\/yoast.com\/product\/yoast-seo-wordpress\/ -->\n<title>Un pueblo transformado por el Esp\u00edritu en migraci\u00f3n y servicio - Mennonite World Conference<\/title>\n<meta name=\"robots\" content=\"index, follow, max-snippet:-1, max-image-preview:large, max-video-preview:-1\" \/>\n<link rel=\"canonical\" href=\"https:\/\/mwc-cmm.org\/es\/stories\/un-pueblo-transformado-por-el-espiritu-en-migracion-y-servicio\/\" \/>\n<meta property=\"og:locale\" content=\"es_ES\" \/>\n<meta property=\"og:type\" content=\"article\" \/>\n<meta property=\"og:title\" content=\"Un pueblo transformado por el Esp\u00edritu en migraci\u00f3n y servicio - Mennonite World Conference\" \/>\n<meta property=\"og:description\" content=\"NULL\" \/>\n<meta property=\"og:url\" content=\"https:\/\/mwc-cmm.org\/es\/stories\/un-pueblo-transformado-por-el-espiritu-en-migracion-y-servicio\/\" \/>\n<meta property=\"og:site_name\" content=\"Mennonite World Conference\" \/>\n<meta property=\"article:publisher\" content=\"https:\/\/www.facebook.com\/MennoniteWorldConference\" \/>\n<meta property=\"article:published_time\" content=\"2018-10-22T00:00:00+00:00\" \/>\n<meta property=\"article:modified_time\" content=\"2024-12-10T18:01:34+00:00\" \/>\n<meta property=\"og:image\" content=\"https:\/\/mwc-cmm.org\/wp-content\/uploads\/2024\/11\/ccc-2018-fall-en-email-1_0.png\" \/>\n\t<meta property=\"og:image:width\" content=\"2550\" \/>\n\t<meta property=\"og:image:height\" content=\"1526\" \/>\n\t<meta property=\"og:image:type\" content=\"image\/png\" \/>\n<meta name=\"author\" content=\"mennworldcon\" \/>\n<script type=\"application\/ld+json\" class=\"yoast-schema-graph\">{\"@context\":\"https:\\\/\\\/schema.org\",\"@graph\":[{\"@type\":\"Article\",\"@id\":\"https:\\\/\\\/mwc-cmm.org\\\/es\\\/stories\\\/un-pueblo-transformado-por-el-espiritu-en-migracion-y-servicio\\\/#article\",\"isPartOf\":{\"@id\":\"https:\\\/\\\/mwc-cmm.org\\\/es\\\/stories\\\/un-pueblo-transformado-por-el-espiritu-en-migracion-y-servicio\\\/\"},\"author\":{\"name\":\"mennworldcon\",\"@id\":\"https:\\\/\\\/mwc-cmm.org\\\/en\\\/#\\\/schema\\\/person\\\/11f6ae0d7d1868ba20a1cc27f067c836\"},\"headline\":\"Un pueblo transformado por el Esp\u00edritu en migraci\u00f3n y servicio\",\"datePublished\":\"2018-10-22T00:00:00+00:00\",\"dateModified\":\"2024-12-10T18:01:34+00:00\",\"mainEntityOfPage\":{\"@id\":\"https:\\\/\\\/mwc-cmm.org\\\/es\\\/stories\\\/un-pueblo-transformado-por-el-espiritu-en-migracion-y-servicio\\\/\"},\"wordCount\":465,\"publisher\":{\"@id\":\"https:\\\/\\\/mwc-cmm.org\\\/en\\\/#organization\"},\"image\":{\"@id\":\"https:\\\/\\\/mwc-cmm.org\\\/es\\\/stories\\\/un-pueblo-transformado-por-el-espiritu-en-migracion-y-servicio\\\/#primaryimage\"},\"thumbnailUrl\":\"https:\\\/\\\/mwc-cmm.org\\\/wp-content\\\/uploads\\\/2024\\\/11\\\/ccc-2018-fall-en-email-1_0.png\",\"articleSection\":[\"Sin categorizar\"],\"inLanguage\":\"es\"},{\"@type\":\"WebPage\",\"@id\":\"https:\\\/\\\/mwc-cmm.org\\\/es\\\/stories\\\/un-pueblo-transformado-por-el-espiritu-en-migracion-y-servicio\\\/\",\"url\":\"https:\\\/\\\/mwc-cmm.org\\\/es\\\/stories\\\/un-pueblo-transformado-por-el-espiritu-en-migracion-y-servicio\\\/\",\"name\":\"Un pueblo transformado por el Esp\u00edritu en migraci\u00f3n y servicio - Mennonite World Conference\",\"isPartOf\":{\"@id\":\"https:\\\/\\\/mwc-cmm.org\\\/en\\\/#website\"},\"primaryImageOfPage\":{\"@id\":\"https:\\\/\\\/mwc-cmm.org\\\/es\\\/stories\\\/un-pueblo-transformado-por-el-espiritu-en-migracion-y-servicio\\\/#primaryimage\"},\"image\":{\"@id\":\"https:\\\/\\\/mwc-cmm.org\\\/es\\\/stories\\\/un-pueblo-transformado-por-el-espiritu-en-migracion-y-servicio\\\/#primaryimage\"},\"thumbnailUrl\":\"https:\\\/\\\/mwc-cmm.org\\\/wp-content\\\/uploads\\\/2024\\\/11\\\/ccc-2018-fall-en-email-1_0.png\",\"datePublished\":\"2018-10-22T00:00:00+00:00\",\"dateModified\":\"2024-12-10T18:01:34+00:00\",\"breadcrumb\":{\"@id\":\"https:\\\/\\\/mwc-cmm.org\\\/es\\\/stories\\\/un-pueblo-transformado-por-el-espiritu-en-migracion-y-servicio\\\/#breadcrumb\"},\"inLanguage\":\"es\",\"potentialAction\":[{\"@type\":\"ReadAction\",\"target\":[\"https:\\\/\\\/mwc-cmm.org\\\/es\\\/stories\\\/un-pueblo-transformado-por-el-espiritu-en-migracion-y-servicio\\\/\"]}]},{\"@type\":\"ImageObject\",\"inLanguage\":\"es\",\"@id\":\"https:\\\/\\\/mwc-cmm.org\\\/es\\\/stories\\\/un-pueblo-transformado-por-el-espiritu-en-migracion-y-servicio\\\/#primaryimage\",\"url\":\"https:\\\/\\\/mwc-cmm.org\\\/wp-content\\\/uploads\\\/2024\\\/11\\\/ccc-2018-fall-en-email-1_0.png\",\"contentUrl\":\"https:\\\/\\\/mwc-cmm.org\\\/wp-content\\\/uploads\\\/2024\\\/11\\\/ccc-2018-fall-en-email-1_0.png\",\"width\":2550,\"height\":1526},{\"@type\":\"BreadcrumbList\",\"@id\":\"https:\\\/\\\/mwc-cmm.org\\\/es\\\/stories\\\/un-pueblo-transformado-por-el-espiritu-en-migracion-y-servicio\\\/#breadcrumb\",\"itemListElement\":[{\"@type\":\"ListItem\",\"position\":1,\"name\":\"Home\",\"item\":\"https:\\\/\\\/mwc-cmm.org\\\/es\\\/\"},{\"@type\":\"ListItem\",\"position\":2,\"name\":\"Un pueblo transformado por el Esp\u00edritu en migraci\u00f3n y servicio\"}]},{\"@type\":\"WebSite\",\"@id\":\"https:\\\/\\\/mwc-cmm.org\\\/en\\\/#website\",\"url\":\"https:\\\/\\\/mwc-cmm.org\\\/en\\\/\",\"name\":\"Mennonite World Conference\",\"description\":\"A communion of Anabaptist-related churches\",\"publisher\":{\"@id\":\"https:\\\/\\\/mwc-cmm.org\\\/en\\\/#organization\"},\"alternateName\":\"MWC\",\"potentialAction\":[{\"@type\":\"SearchAction\",\"target\":{\"@type\":\"EntryPoint\",\"urlTemplate\":\"https:\\\/\\\/mwc-cmm.org\\\/en\\\/?s={search_term_string}\"},\"query-input\":{\"@type\":\"PropertyValueSpecification\",\"valueRequired\":true,\"valueName\":\"search_term_string\"}}],\"inLanguage\":\"es\"},{\"@type\":\"Organization\",\"@id\":\"https:\\\/\\\/mwc-cmm.org\\\/en\\\/#organization\",\"name\":\"Mennonite World Conference\",\"alternateName\":\"MWC\",\"url\":\"https:\\\/\\\/mwc-cmm.org\\\/en\\\/\",\"logo\":{\"@type\":\"ImageObject\",\"inLanguage\":\"es\",\"@id\":\"https:\\\/\\\/mwc-cmm.org\\\/en\\\/#\\\/schema\\\/logo\\\/image\\\/\",\"url\":\"https:\\\/\\\/mwc-cmm.org\\\/wp-content\\\/uploads\\\/2026\\\/01\\\/MWC_Sig_Blue_Horiz_webheader1-logo.svg\",\"contentUrl\":\"https:\\\/\\\/mwc-cmm.org\\\/wp-content\\\/uploads\\\/2026\\\/01\\\/MWC_Sig_Blue_Horiz_webheader1-logo.svg\",\"width\":786,\"height\":82,\"caption\":\"Mennonite World Conference\"},\"image\":{\"@id\":\"https:\\\/\\\/mwc-cmm.org\\\/en\\\/#\\\/schema\\\/logo\\\/image\\\/\"},\"sameAs\":[\"https:\\\/\\\/www.facebook.com\\\/MennoniteWorldConference\",\"https:\\\/\\\/www.linkedin.com\\\/company\\\/mennonite-world-conference-mwc\\\/\",\"https:\\\/\\\/www.instagram.com\\\/mwcmm\\\/\",\"https:\\\/\\\/www.youtube.com\\\/user\\\/mwccmm\",\"https:\\\/\\\/bsky.app\\\/profile\\\/mwcmm.bsky.social\"]},{\"@type\":\"Person\",\"@id\":\"https:\\\/\\\/mwc-cmm.org\\\/en\\\/#\\\/schema\\\/person\\\/11f6ae0d7d1868ba20a1cc27f067c836\",\"name\":\"mennworldcon\",\"image\":{\"@type\":\"ImageObject\",\"inLanguage\":\"es\",\"@id\":\"https:\\\/\\\/secure.gravatar.com\\\/avatar\\\/06fdc0dc81c157dfdb82ec42f252178a22307808988d22c043f9eb96f1e0fe80?s=96&d=mm&r=g\",\"url\":\"https:\\\/\\\/secure.gravatar.com\\\/avatar\\\/06fdc0dc81c157dfdb82ec42f252178a22307808988d22c043f9eb96f1e0fe80?s=96&d=mm&r=g\",\"contentUrl\":\"https:\\\/\\\/secure.gravatar.com\\\/avatar\\\/06fdc0dc81c157dfdb82ec42f252178a22307808988d22c043f9eb96f1e0fe80?s=96&d=mm&r=g\",\"caption\":\"mennworldcon\"},\"sameAs\":[\"https:\\\/\\\/mwc-cmm.org\"],\"url\":\"https:\\\/\\\/mwc-cmm.org\\\/es\\\/stories\\\/author\\\/mennworldcon\\\/\"}]}<\/script>\n<!-- \/ Yoast SEO plugin. -->","yoast_head_json":{"title":"Un pueblo transformado por el Esp\u00edritu en migraci\u00f3n y servicio - Mennonite World Conference","robots":{"index":"index","follow":"follow","max-snippet":"max-snippet:-1","max-image-preview":"max-image-preview:large","max-video-preview":"max-video-preview:-1"},"canonical":"https:\/\/mwc-cmm.org\/es\/stories\/un-pueblo-transformado-por-el-espiritu-en-migracion-y-servicio\/","og_locale":"es_ES","og_type":"article","og_title":"Un pueblo transformado por el Esp\u00edritu en migraci\u00f3n y servicio - Mennonite World Conference","og_description":"NULL","og_url":"https:\/\/mwc-cmm.org\/es\/stories\/un-pueblo-transformado-por-el-espiritu-en-migracion-y-servicio\/","og_site_name":"Mennonite World Conference","article_publisher":"https:\/\/www.facebook.com\/MennoniteWorldConference","article_published_time":"2018-10-22T00:00:00+00:00","article_modified_time":"2024-12-10T18:01:34+00:00","og_image":[{"width":2550,"height":1526,"url":"https:\/\/mwc-cmm.org\/wp-content\/uploads\/2024\/11\/ccc-2018-fall-en-email-1_0.png","type":"image\/png"}],"author":"mennworldcon","schema":{"@context":"https:\/\/schema.org","@graph":[{"@type":"Article","@id":"https:\/\/mwc-cmm.org\/es\/stories\/un-pueblo-transformado-por-el-espiritu-en-migracion-y-servicio\/#article","isPartOf":{"@id":"https:\/\/mwc-cmm.org\/es\/stories\/un-pueblo-transformado-por-el-espiritu-en-migracion-y-servicio\/"},"author":{"name":"mennworldcon","@id":"https:\/\/mwc-cmm.org\/en\/#\/schema\/person\/11f6ae0d7d1868ba20a1cc27f067c836"},"headline":"Un pueblo transformado por el Esp\u00edritu en migraci\u00f3n y servicio","datePublished":"2018-10-22T00:00:00+00:00","dateModified":"2024-12-10T18:01:34+00:00","mainEntityOfPage":{"@id":"https:\/\/mwc-cmm.org\/es\/stories\/un-pueblo-transformado-por-el-espiritu-en-migracion-y-servicio\/"},"wordCount":465,"publisher":{"@id":"https:\/\/mwc-cmm.org\/en\/#organization"},"image":{"@id":"https:\/\/mwc-cmm.org\/es\/stories\/un-pueblo-transformado-por-el-espiritu-en-migracion-y-servicio\/#primaryimage"},"thumbnailUrl":"https:\/\/mwc-cmm.org\/wp-content\/uploads\/2024\/11\/ccc-2018-fall-en-email-1_0.png","articleSection":["Sin categorizar"],"inLanguage":"es"},{"@type":"WebPage","@id":"https:\/\/mwc-cmm.org\/es\/stories\/un-pueblo-transformado-por-el-espiritu-en-migracion-y-servicio\/","url":"https:\/\/mwc-cmm.org\/es\/stories\/un-pueblo-transformado-por-el-espiritu-en-migracion-y-servicio\/","name":"Un pueblo transformado por el Esp\u00edritu en migraci\u00f3n y servicio - Mennonite World Conference","isPartOf":{"@id":"https:\/\/mwc-cmm.org\/en\/#website"},"primaryImageOfPage":{"@id":"https:\/\/mwc-cmm.org\/es\/stories\/un-pueblo-transformado-por-el-espiritu-en-migracion-y-servicio\/#primaryimage"},"image":{"@id":"https:\/\/mwc-cmm.org\/es\/stories\/un-pueblo-transformado-por-el-espiritu-en-migracion-y-servicio\/#primaryimage"},"thumbnailUrl":"https:\/\/mwc-cmm.org\/wp-content\/uploads\/2024\/11\/ccc-2018-fall-en-email-1_0.png","datePublished":"2018-10-22T00:00:00+00:00","dateModified":"2024-12-10T18:01:34+00:00","breadcrumb":{"@id":"https:\/\/mwc-cmm.org\/es\/stories\/un-pueblo-transformado-por-el-espiritu-en-migracion-y-servicio\/#breadcrumb"},"inLanguage":"es","potentialAction":[{"@type":"ReadAction","target":["https:\/\/mwc-cmm.org\/es\/stories\/un-pueblo-transformado-por-el-espiritu-en-migracion-y-servicio\/"]}]},{"@type":"ImageObject","inLanguage":"es","@id":"https:\/\/mwc-cmm.org\/es\/stories\/un-pueblo-transformado-por-el-espiritu-en-migracion-y-servicio\/#primaryimage","url":"https:\/\/mwc-cmm.org\/wp-content\/uploads\/2024\/11\/ccc-2018-fall-en-email-1_0.png","contentUrl":"https:\/\/mwc-cmm.org\/wp-content\/uploads\/2024\/11\/ccc-2018-fall-en-email-1_0.png","width":2550,"height":1526},{"@type":"BreadcrumbList","@id":"https:\/\/mwc-cmm.org\/es\/stories\/un-pueblo-transformado-por-el-espiritu-en-migracion-y-servicio\/#breadcrumb","itemListElement":[{"@type":"ListItem","position":1,"name":"Home","item":"https:\/\/mwc-cmm.org\/es\/"},{"@type":"ListItem","position":2,"name":"Un pueblo transformado por el Esp\u00edritu en migraci\u00f3n y servicio"}]},{"@type":"WebSite","@id":"https:\/\/mwc-cmm.org\/en\/#website","url":"https:\/\/mwc-cmm.org\/en\/","name":"Mennonite World Conference","description":"A communion of Anabaptist-related churches","publisher":{"@id":"https:\/\/mwc-cmm.org\/en\/#organization"},"alternateName":"MWC","potentialAction":[{"@type":"SearchAction","target":{"@type":"EntryPoint","urlTemplate":"https:\/\/mwc-cmm.org\/en\/?s={search_term_string}"},"query-input":{"@type":"PropertyValueSpecification","valueRequired":true,"valueName":"search_term_string"}}],"inLanguage":"es"},{"@type":"Organization","@id":"https:\/\/mwc-cmm.org\/en\/#organization","name":"Mennonite World Conference","alternateName":"MWC","url":"https:\/\/mwc-cmm.org\/en\/","logo":{"@type":"ImageObject","inLanguage":"es","@id":"https:\/\/mwc-cmm.org\/en\/#\/schema\/logo\/image\/","url":"https:\/\/mwc-cmm.org\/wp-content\/uploads\/2026\/01\/MWC_Sig_Blue_Horiz_webheader1-logo.svg","contentUrl":"https:\/\/mwc-cmm.org\/wp-content\/uploads\/2026\/01\/MWC_Sig_Blue_Horiz_webheader1-logo.svg","width":786,"height":82,"caption":"Mennonite World Conference"},"image":{"@id":"https:\/\/mwc-cmm.org\/en\/#\/schema\/logo\/image\/"},"sameAs":["https:\/\/www.facebook.com\/MennoniteWorldConference","https:\/\/www.linkedin.com\/company\/mennonite-world-conference-mwc\/","https:\/\/www.instagram.com\/mwcmm\/","https:\/\/www.youtube.com\/user\/mwccmm","https:\/\/bsky.app\/profile\/mwcmm.bsky.social"]},{"@type":"Person","@id":"https:\/\/mwc-cmm.org\/en\/#\/schema\/person\/11f6ae0d7d1868ba20a1cc27f067c836","name":"mennworldcon","image":{"@type":"ImageObject","inLanguage":"es","@id":"https:\/\/secure.gravatar.com\/avatar\/06fdc0dc81c157dfdb82ec42f252178a22307808988d22c043f9eb96f1e0fe80?s=96&d=mm&r=g","url":"https:\/\/secure.gravatar.com\/avatar\/06fdc0dc81c157dfdb82ec42f252178a22307808988d22c043f9eb96f1e0fe80?s=96&d=mm&r=g","contentUrl":"https:\/\/secure.gravatar.com\/avatar\/06fdc0dc81c157dfdb82ec42f252178a22307808988d22c043f9eb96f1e0fe80?s=96&d=mm&r=g","caption":"mennworldcon"},"sameAs":["https:\/\/mwc-cmm.org"],"url":"https:\/\/mwc-cmm.org\/es\/stories\/author\/mennworldcon\/"}]}},"_links":{"self":[{"href":"https:\/\/mwc-cmm.org\/es\/wp-json\/wp\/v2\/posts\/8827","targetHints":{"allow":["GET"]}}],"collection":[{"href":"https:\/\/mwc-cmm.org\/es\/wp-json\/wp\/v2\/posts"}],"about":[{"href":"https:\/\/mwc-cmm.org\/es\/wp-json\/wp\/v2\/types\/post"}],"author":[{"embeddable":true,"href":"https:\/\/mwc-cmm.org\/es\/wp-json\/wp\/v2\/users\/1"}],"replies":[{"embeddable":true,"href":"https:\/\/mwc-cmm.org\/es\/wp-json\/wp\/v2\/comments?post=8827"}],"version-history":[{"count":0,"href":"https:\/\/mwc-cmm.org\/es\/wp-json\/wp\/v2\/posts\/8827\/revisions"}],"wp:featuredmedia":[{"embeddable":true,"href":"https:\/\/mwc-cmm.org\/es\/wp-json\/wp\/v2\/media\/89784"}],"wp:attachment":[{"href":"https:\/\/mwc-cmm.org\/es\/wp-json\/wp\/v2\/media?parent=8827"}],"wp:term":[{"taxonomy":"category","embeddable":true,"href":"https:\/\/mwc-cmm.org\/es\/wp-json\/wp\/v2\/categories?post=8827"},{"taxonomy":"post_tag","embeddable":true,"href":"https:\/\/mwc-cmm.org\/es\/wp-json\/wp\/v2\/tags?post=8827"},{"taxonomy":"network","embeddable":true,"href":"https:\/\/mwc-cmm.org\/es\/wp-json\/wp\/v2\/network?post=8827"},{"taxonomy":"eventcategory","embeddable":true,"href":"https:\/\/mwc-cmm.org\/es\/wp-json\/wp\/v2\/eventcategory?post=8827"}],"curies":[{"name":"wp","href":"https:\/\/api.w.org\/{rel}","templated":true}]}}