{"id":8826,"date":"2018-11-15T00:00:00","date_gmt":"2018-11-15T00:00:00","guid":{"rendered":"https:\/\/mwc-cmm.org\/a-rush-of-violent-wind-3\/"},"modified":"2024-12-10T18:01:33","modified_gmt":"2024-12-10T18:01:33","slug":"una-rafaga-de-viento-recio","status":"publish","type":"post","link":"https:\/\/mwc-cmm.org\/es\/stories\/una-rafaga-de-viento-recio\/","title":{"rendered":"Una r\u00e1faga de viento recio"},"content":{"rendered":"<h2><strong><em>Tres razones por las cuales el Esp\u00edritu Santo es pertinente para la iglesia actual<\/em><\/strong><\/h2>\n<p>Cincuenta d\u00edas despu\u00e9s de la Pascua Jud\u00eda, la comunidad jud\u00eda se reuni\u00f3 en Jerusal\u00e9n para la Fiesta de las Semanas. Al mismo tiempo, los seguidores de Jes\u00fas se reunieron en un cuarto aguardando la promesa del Esp\u00edritu Santo.<\/p>\n<p>Mientras esperaban, \u201cDe repente, un gran ruido que ven\u00eda del cielo, como de un viento fuerte, reson\u00f3 en toda la casa donde ellos estaban&#8230;. Y todos quedaron llenos del Esp\u00edritu Santo, y comenzaron a hablar en otras lenguas, seg\u00fan el Esp\u00edritu hac\u00eda que hablaran\u201d (Hechos 2,2-4). De forma milagrosa los seguidores de Jes\u00fas comenzaron a hablar en idiomas, para ellos, desconocidos.<\/p>\n<p>Las noticias de los seguidores hablando en idiomas diferentes pronto se extendi\u00f3 por toda Jerusal\u00e9n. La gente estaba desconcertada, asombrada o esc\u00e9ptica.<\/p>\n<p><img decoding=\"async\" alt=\" Len Rempel\" data-src=\"\/sites\/default\/files\/website_files\/rushofviolentwind_-_2rgb_1.png\" style=\"width:300px; height:225px; margin:5px 10px; float:right\" src=\"data:image\/svg+xml;base64,PHN2ZyB3aWR0aD0iMSIgaGVpZ2h0PSIxIiB4bWxucz0iaHR0cDovL3d3dy53My5vcmcvMjAwMC9zdmciPjwvc3ZnPg==\" class=\"lazyload\" \/><\/p>\n<p>Luego Pedro \u2013 el mismo Pedro que 50 d\u00edas antes hab\u00eda negado cualquier asociaci\u00f3n con Jes\u00fas \u2013 se puso de pie y predic\u00f3 su primer serm\u00f3n. Ahora, con el poder del Esp\u00edritu Santo, Pedro se par\u00f3 delante de miles de personas que hab\u00edan crucificado a Jes\u00fas. La multitud que hace 50 d\u00edas no pod\u00eda soportar a Jes\u00fas ahora escuch\u00f3 atentamente un serm\u00f3n en defensa de Jes\u00fas.&nbsp;<\/p>\n<p>Seg\u00fan se informa, 3.000 personas creyeron en Jes\u00fas y ese d\u00eda fueron a\u00f1adidas a la iglesia.<\/p>\n<p>Pedro interpret\u00f3 los eventos de esa ma\u00f1ana a la luz de una profec\u00eda del profeta Joel.&nbsp;<\/p>\n<p>En Joel 2,28\u201329, Dios prometi\u00f3 derramar su Esp\u00edritu sobre toda carne. Dios prometi\u00f3 empoderar a <strong><em>todas<\/em><\/strong> las personas para ejercitar el poder divino. Y esta profec\u00eda se cumpli\u00f3 este d\u00eda. As\u00ed fue como el d\u00eda de Pentecost\u00e9s pas\u00f3 a ser el d\u00eda del nacimiento de la iglesia.&nbsp;&nbsp;<\/p>\n<p>Dos mil a\u00f1os m\u00e1s tarde, \u00bfpor qu\u00e9 nos importa que los primeros cristianos estuviesen llenos del Esp\u00edritu Santo? \u00bfQu\u00e9 es lo que la iglesia podr\u00eda aprender de los eventos de Pentecost\u00e9s?<\/p>\n<h3><strong>1. El Esp\u00edritu Santo sigue empoderando a la iglesia&nbsp;<\/strong><\/h3>\n<p>En Hechos 1,8, Jes\u00fas prometi\u00f3 a sus disc\u00edpulos que recibir\u00edan el poder del Esp\u00edritu Santo para testificar. Antes de Pentecost\u00e9s, los disc\u00edpulos tienen miedo y se encuentran sin direcci\u00f3n. Despu\u00e9s, de forma audaz, se presentan como seguidores de Jes\u00fas.<\/p>\n<p>El empoderamiento que recibieron no lleg\u00f3 a su fin ese d\u00eda. Llevan a cabo actos poderosos de sanidad, levantando a los muertos, y testificando en el Sanedr\u00edn. Viven con valent\u00eda, la mayor\u00eda hasta el punto de la crucifixi\u00f3n.<\/p>\n<p>El Esp\u00edritu Santo contin\u00faa empoderando a la iglesia hoy. Las instituciones cristianas trabajan para abordar temas importantes tales como el tr\u00e1fico humano, el desplazamiento, la pobreza y el hambre, la violencia y la guerra.<\/p>\n<p>Miembros de la iglesia arriesgan sus vidas para para vivir su fe.&nbsp;<\/p>\n<p>Greta Lindecrantz de Colorado, EE.UU., eligi\u00f3 la c\u00e1rcel en lugar de apoyar la pena de muerte.<\/p>\n<p>Sang-Min Lee de Corea del Sur rehus\u00f3 completar el servicio militar obligatorio del gobierno y pas\u00f3 15 meses en prisi\u00f3n como objetor de conciencia.<\/p>\n<p>Los j\u00f3venes menonitas de Colombia se han negado a unirse a los grupos armados porque creen que \u201cno es compatible con las ense\u00f1anzas y los ejemplos de Cristo Jes\u00fas\u201d.<\/p>\n<p>En India, los creyentes siguen a Cristo en medio de la creciente intolerancia y persecuci\u00f3n religiosa.<\/p>\n<p>Esto es posible solo debido al poder del Esp\u00edritu Santo<\/p>\n<h3><strong>2.&nbsp;<\/strong><strong>La iglesia por naturaleza es diversa e inclusiva<\/strong><\/h3>\n<p>El d\u00eda de Pentecost\u00e9s, el Esp\u00edritu Santo permiti\u00f3 a los creyentes reunidos \u201cdeclarar las maravillas de Dios\u201d en idiomas que nunca antes hab\u00edan hablado. Este milagro reafirma la naturaleza diversa de la iglesia: multiling\u00fce, multiracial y multicultural.<\/p>\n<p>De ah\u00ed en m\u00e1s, en lugar de ser un grupo homog\u00e9neo de galileos, la iglesia pas\u00f3 a ser una comunidad de personas de <em>todas<\/em> las naciones, atra\u00eddas unas a otras por el amor de Cristo.<\/p>\n<p>En su serm\u00f3n, Pedro cita al profeta Joel para interpretar los eventos de esa ma\u00f1ana:<\/p>\n<p>\u201cSuceder\u00e1 que en los \u00faltimos d\u00edas, dice Dios,<br \/>\nderramar\u00e9 mi Esp\u00edritu sobre toda la humanidad;<br \/>\nlos hijos e hijas de ustedes<br \/>\ncomunicar\u00e1n mensajes prof\u00e9ticos,<br \/>\nlos j\u00f3venes tendr\u00e1n visiones,<br \/>\ny los viejos tendr\u00e1n sue\u00f1os.<br \/>\nTambi\u00e9n sobre mis siervos y siervas<br \/>\nderramar\u00e9 mi Esp\u00edritu en aquellos d\u00edas,<br \/>\ny comunicar\u00e1n mensajes prof\u00e9ticos\u201d (Hechos 2,17\u201318).<\/p>\n<p>El d\u00eda de Pentecost\u00e9s fue un evento hist\u00f3rico, porque Dios cumpli\u00f3 la profec\u00eda que hab\u00eda sido dada cientos de a\u00f1os atr\u00e1s.<\/p>\n<p>En los d\u00edas del Antiguo Testamento, el Esp\u00edritu casi siempre era derramado <strong><em>solamente<\/em><\/strong> sobre los profetas, los sacerdotes y los reyes; en el d\u00eda de Pentecost\u00e9s esto cambi\u00f3. <strong><em>Todos<\/em> <\/strong>los creyentes sin importar la edad, el g\u00e9nero y el nivel econ\u00f3mico recibieron el poder del Esp\u00edritu Santo<\/p>\n<p>La iglesia pas\u00f3 a ser un lugar donde todas las personas importaban, j\u00f3venes y viejos, hombre y mujeres. Y todos recibieron el poder para contribuir a la vida y la misi\u00f3n de la iglesia.<\/p>\n<h3><strong>3.&nbsp;<\/strong><strong>La iglesia despliega un anticipo del reino de Dios<\/strong><\/h3>\n<p>Hechos 2,42\u201347 muestra c\u00f3mo es el aspecto del reino de Dios en la Tierra.<\/p>\n<p>La primera iglesia conviv\u00eda en unanimidad. Fraternizaban entre s\u00ed; se consagraban a las ense\u00f1anzas de los ap\u00f3stoles. Oraban y part\u00edan el pan juntos. Vend\u00edan sus propiedades y posesiones para dar a cualquiera en necesidad. El Se\u00f1or los bendec\u00eda \u201ca\u00f1adiendo cada d\u00eda los que hab\u00edan de ser salvos\u201d (Hechos 2,47).<\/p>\n<p>Las caracter\u00edsticas del reino estaban presentes en la primera iglesia. Hab\u00eda unidad en medio de la diversidad; hab\u00eda satisfacci\u00f3n \u2013 un deseo de fraternizar y de aprender en lugar de dividir o dominar. Hab\u00eda un compartir y un cuidado mutuo con corazones alegres y sinceros, sin lugar para la avaricia; y un deseo de alabar a Dios.<\/p>\n<p><strong><img decoding=\"async\" alt=\" Len Rempel\" data-src=\"\/sites\/default\/files\/website_files\/rushofviolentwind_-_3_rgb.png\" style=\"width:300px; height:225px; margin:5px 10px; float:left\" src=\"data:image\/svg+xml;base64,PHN2ZyB3aWR0aD0iMSIgaGVpZ2h0PSIxIiB4bWxucz0iaHR0cDovL3d3dy53My5vcmcvMjAwMC9zdmciPjwvc3ZnPg==\" class=\"lazyload\" \/><\/strong><\/p>\n<p>La primera iglesia es para nosotros un modelo a seguir.<\/p>\n<p>Es un modelo para examinar c\u00f3mo las caracter\u00edsticas del reino est\u00e1n presentes entre nosotros.<\/p>\n<h3><strong>La mesa delante de nosotros<\/strong><\/h3>\n<p>En su libro, <em>Convivencia Radical<\/em>, John Driver nos ofrece una bella imagen de una \u201cmesa de comuni\u00f3n fraternal\u201d.<\/p>\n<p>A trav\u00e9s del CMM, se nos presenta una mesa de comuni\u00f3n fraterna. En esta mesa se encuentran personas de todo el mundo, compartiendo historias de la obra del Esp\u00edritu Santo \u2013 empoderando a la iglesia; declarando las maravillas de Dios; y uni\u00e9ndonos e incluy\u00e9ndonos en el cuerpo de Cristo.<\/p>\n<p>Que al participar de estas historias, seamos inspirados a tener fe en el empoderamiento del Esp\u00edritu Santo y nos sometamos a su obra del Esp\u00edritu Santo en y a trav\u00e9s de nosotros.<\/p>\n<p>Los problemas que se ciernen sobre nuestra generaci\u00f3n requieren una intervenci\u00f3n activa de la iglesia. No es posible abordar estos problemas simplemente por meros esfuerzos humanos. El empoderamiento del Esp\u00edritu Santo y el esp\u00edritu de unidad dentro de la familia anabautista mundial son necesarios para que la iglesia levante un est\u00e1ndar que sea de testimonio al mundo; que lleve los valores del reino.<\/p>\n<p><em><img decoding=\"async\" alt=\"\" data-src=\"\/sites\/default\/files\/website_files\/elisabeth_kunjam.jpg\" style=\"width:100px; height:106px; margin:5px 10px; float:left\" src=\"data:image\/svg+xml;base64,PHN2ZyB3aWR0aD0iMSIgaGVpZ2h0PSIxIiB4bWxucz0iaHR0cDovL3d3dy53My5vcmcvMjAwMC9zdmciPjwvc3ZnPg==\" class=\"lazyload\" \/><\/em><\/p>\n<p><em>\u2014<\/em><em>Elisabeth Kunjam es miembro de la iglesia de los Hermanos Menonitas en la India. Sirvi\u00f3 en la Comisi\u00f3n de Di\u00e1conos (2015\u20132018).<\/em><\/p>\n<p><em>Ella fue uno de los oradores en Renovaci\u00f3n 2027 \u2013 El Esp\u00edritu Santo nos transforma \u2013 en Kisumu, Kenia, el 21 de abril de 2018. El art\u00edculo de esta secci\u00f3n es una adaptaci\u00f3n de su presentaci\u00f3n.&nbsp;<\/em><\/p>\n<p><em>Este art\u00edculo apareci\u00f3 por primera vez en <a href=\"\/es\/node\/146\">Correo\/Courier\/Courrier en octubre de 2018.<\/a><\/em><\/p>\n","protected":false},"excerpt":{"rendered":"<p>Tres razones por las cuales el Esp\u00edritu Santo es pertinente para la iglesia actual Cincuenta d\u00edas despu\u00e9s de la Pascua Jud\u00eda, la comunidad jud\u00eda se reuni\u00f3 en Jerusal\u00e9n para la Fiesta de las Semanas. Al mismo tiempo, los seguidores de Jes\u00fas se reunieron en un cuarto aguardando la promesa del Esp\u00edritu Santo. Mientras esperaban, \u201cDe [&hellip;]<\/p>\n","protected":false},"author":1,"featured_media":89770,"comment_status":"closed","ping_status":"closed","sticky":false,"template":"","format":"standard","meta":{"_acf_changed":false,"footnotes":""},"categories":[6],"tags":[],"network":[1306],"eventcategory":[],"class_list":["post-8826","post","type-post","status-publish","format-standard","has-post-thumbnail","hentry","category-sin-categorizar","network-courier-es"],"acf":[],"yoast_head":"<!-- This site is optimized with the Yoast SEO plugin v27.5 - https:\/\/yoast.com\/product\/yoast-seo-wordpress\/ -->\n<title>Una r\u00e1faga de viento recio - Mennonite World Conference<\/title>\n<meta name=\"robots\" content=\"index, follow, max-snippet:-1, max-image-preview:large, max-video-preview:-1\" \/>\n<link rel=\"canonical\" href=\"https:\/\/mwc-cmm.org\/es\/stories\/una-rafaga-de-viento-recio\/\" \/>\n<meta property=\"og:locale\" content=\"es_ES\" \/>\n<meta property=\"og:type\" content=\"article\" \/>\n<meta property=\"og:title\" content=\"Una r\u00e1faga de viento recio - Mennonite World Conference\" \/>\n<meta property=\"og:description\" content=\"Tres razones por las cuales el Esp\u00edritu Santo es pertinente para la iglesia actual Cincuenta d\u00edas despu\u00e9s de la Pascua Jud\u00eda, la comunidad jud\u00eda se reuni\u00f3 en Jerusal\u00e9n para la Fiesta de las Semanas. Al mismo tiempo, los seguidores de Jes\u00fas se reunieron en un cuarto aguardando la promesa del Esp\u00edritu Santo. Mientras esperaban, \u201cDe [&hellip;]\" \/>\n<meta property=\"og:url\" content=\"https:\/\/mwc-cmm.org\/es\/stories\/una-rafaga-de-viento-recio\/\" \/>\n<meta property=\"og:site_name\" content=\"Mennonite World Conference\" \/>\n<meta property=\"article:publisher\" content=\"https:\/\/www.facebook.com\/MennoniteWorldConference\" \/>\n<meta property=\"article:published_time\" content=\"2018-11-15T00:00:00+00:00\" \/>\n<meta property=\"article:modified_time\" content=\"2024-12-10T18:01:33+00:00\" \/>\n<meta property=\"og:image\" content=\"https:\/\/mwc-cmm.org\/wp-content\/uploads\/2024\/11\/rushoftheviolentwind1_-_rgb.png\" \/>\n\t<meta property=\"og:image:width\" content=\"1200\" \/>\n\t<meta property=\"og:image:height\" content=\"795\" \/>\n\t<meta property=\"og:image:type\" content=\"image\/png\" \/>\n<meta name=\"author\" content=\"mennworldcon\" \/>\n<script type=\"application\/ld+json\" class=\"yoast-schema-graph\">{\"@context\":\"https:\\\/\\\/schema.org\",\"@graph\":[{\"@type\":\"Article\",\"@id\":\"https:\\\/\\\/mwc-cmm.org\\\/es\\\/stories\\\/una-rafaga-de-viento-recio\\\/#article\",\"isPartOf\":{\"@id\":\"https:\\\/\\\/mwc-cmm.org\\\/es\\\/stories\\\/una-rafaga-de-viento-recio\\\/\"},\"author\":{\"name\":\"mennworldcon\",\"@id\":\"https:\\\/\\\/mwc-cmm.org\\\/en\\\/#\\\/schema\\\/person\\\/11f6ae0d7d1868ba20a1cc27f067c836\"},\"headline\":\"Una r\u00e1faga de viento recio\",\"datePublished\":\"2018-11-15T00:00:00+00:00\",\"dateModified\":\"2024-12-10T18:01:33+00:00\",\"mainEntityOfPage\":{\"@id\":\"https:\\\/\\\/mwc-cmm.org\\\/es\\\/stories\\\/una-rafaga-de-viento-recio\\\/\"},\"wordCount\":1324,\"publisher\":{\"@id\":\"https:\\\/\\\/mwc-cmm.org\\\/en\\\/#organization\"},\"image\":{\"@id\":\"https:\\\/\\\/mwc-cmm.org\\\/es\\\/stories\\\/una-rafaga-de-viento-recio\\\/#primaryimage\"},\"thumbnailUrl\":\"https:\\\/\\\/mwc-cmm.org\\\/wp-content\\\/uploads\\\/2024\\\/11\\\/rushoftheviolentwind1_-_rgb.png\",\"articleSection\":[\"Sin categorizar\"],\"inLanguage\":\"es\"},{\"@type\":\"WebPage\",\"@id\":\"https:\\\/\\\/mwc-cmm.org\\\/es\\\/stories\\\/una-rafaga-de-viento-recio\\\/\",\"url\":\"https:\\\/\\\/mwc-cmm.org\\\/es\\\/stories\\\/una-rafaga-de-viento-recio\\\/\",\"name\":\"Una r\u00e1faga de viento recio - Mennonite World Conference\",\"isPartOf\":{\"@id\":\"https:\\\/\\\/mwc-cmm.org\\\/en\\\/#website\"},\"primaryImageOfPage\":{\"@id\":\"https:\\\/\\\/mwc-cmm.org\\\/es\\\/stories\\\/una-rafaga-de-viento-recio\\\/#primaryimage\"},\"image\":{\"@id\":\"https:\\\/\\\/mwc-cmm.org\\\/es\\\/stories\\\/una-rafaga-de-viento-recio\\\/#primaryimage\"},\"thumbnailUrl\":\"https:\\\/\\\/mwc-cmm.org\\\/wp-content\\\/uploads\\\/2024\\\/11\\\/rushoftheviolentwind1_-_rgb.png\",\"datePublished\":\"2018-11-15T00:00:00+00:00\",\"dateModified\":\"2024-12-10T18:01:33+00:00\",\"breadcrumb\":{\"@id\":\"https:\\\/\\\/mwc-cmm.org\\\/es\\\/stories\\\/una-rafaga-de-viento-recio\\\/#breadcrumb\"},\"inLanguage\":\"es\",\"potentialAction\":[{\"@type\":\"ReadAction\",\"target\":[\"https:\\\/\\\/mwc-cmm.org\\\/es\\\/stories\\\/una-rafaga-de-viento-recio\\\/\"]}]},{\"@type\":\"ImageObject\",\"inLanguage\":\"es\",\"@id\":\"https:\\\/\\\/mwc-cmm.org\\\/es\\\/stories\\\/una-rafaga-de-viento-recio\\\/#primaryimage\",\"url\":\"https:\\\/\\\/mwc-cmm.org\\\/wp-content\\\/uploads\\\/2024\\\/11\\\/rushoftheviolentwind1_-_rgb.png\",\"contentUrl\":\"https:\\\/\\\/mwc-cmm.org\\\/wp-content\\\/uploads\\\/2024\\\/11\\\/rushoftheviolentwind1_-_rgb.png\",\"width\":1200,\"height\":795},{\"@type\":\"BreadcrumbList\",\"@id\":\"https:\\\/\\\/mwc-cmm.org\\\/es\\\/stories\\\/una-rafaga-de-viento-recio\\\/#breadcrumb\",\"itemListElement\":[{\"@type\":\"ListItem\",\"position\":1,\"name\":\"Home\",\"item\":\"https:\\\/\\\/mwc-cmm.org\\\/es\\\/\"},{\"@type\":\"ListItem\",\"position\":2,\"name\":\"Una r\u00e1faga de viento recio\"}]},{\"@type\":\"WebSite\",\"@id\":\"https:\\\/\\\/mwc-cmm.org\\\/en\\\/#website\",\"url\":\"https:\\\/\\\/mwc-cmm.org\\\/en\\\/\",\"name\":\"Mennonite World Conference\",\"description\":\"A communion of Anabaptist-related churches\",\"publisher\":{\"@id\":\"https:\\\/\\\/mwc-cmm.org\\\/en\\\/#organization\"},\"alternateName\":\"MWC\",\"potentialAction\":[{\"@type\":\"SearchAction\",\"target\":{\"@type\":\"EntryPoint\",\"urlTemplate\":\"https:\\\/\\\/mwc-cmm.org\\\/en\\\/?s={search_term_string}\"},\"query-input\":{\"@type\":\"PropertyValueSpecification\",\"valueRequired\":true,\"valueName\":\"search_term_string\"}}],\"inLanguage\":\"es\"},{\"@type\":\"Organization\",\"@id\":\"https:\\\/\\\/mwc-cmm.org\\\/en\\\/#organization\",\"name\":\"Mennonite World Conference\",\"alternateName\":\"MWC\",\"url\":\"https:\\\/\\\/mwc-cmm.org\\\/en\\\/\",\"logo\":{\"@type\":\"ImageObject\",\"inLanguage\":\"es\",\"@id\":\"https:\\\/\\\/mwc-cmm.org\\\/en\\\/#\\\/schema\\\/logo\\\/image\\\/\",\"url\":\"https:\\\/\\\/mwc-cmm.org\\\/wp-content\\\/uploads\\\/2026\\\/01\\\/MWC_Sig_Blue_Horiz_webheader1-logo.svg\",\"contentUrl\":\"https:\\\/\\\/mwc-cmm.org\\\/wp-content\\\/uploads\\\/2026\\\/01\\\/MWC_Sig_Blue_Horiz_webheader1-logo.svg\",\"width\":786,\"height\":82,\"caption\":\"Mennonite World Conference\"},\"image\":{\"@id\":\"https:\\\/\\\/mwc-cmm.org\\\/en\\\/#\\\/schema\\\/logo\\\/image\\\/\"},\"sameAs\":[\"https:\\\/\\\/www.facebook.com\\\/MennoniteWorldConference\",\"https:\\\/\\\/www.linkedin.com\\\/company\\\/mennonite-world-conference-mwc\\\/\",\"https:\\\/\\\/www.instagram.com\\\/mwcmm\\\/\",\"https:\\\/\\\/www.youtube.com\\\/user\\\/mwccmm\",\"https:\\\/\\\/bsky.app\\\/profile\\\/mwcmm.bsky.social\"]},{\"@type\":\"Person\",\"@id\":\"https:\\\/\\\/mwc-cmm.org\\\/en\\\/#\\\/schema\\\/person\\\/11f6ae0d7d1868ba20a1cc27f067c836\",\"name\":\"mennworldcon\",\"image\":{\"@type\":\"ImageObject\",\"inLanguage\":\"es\",\"@id\":\"https:\\\/\\\/secure.gravatar.com\\\/avatar\\\/06fdc0dc81c157dfdb82ec42f252178a22307808988d22c043f9eb96f1e0fe80?s=96&d=mm&r=g\",\"url\":\"https:\\\/\\\/secure.gravatar.com\\\/avatar\\\/06fdc0dc81c157dfdb82ec42f252178a22307808988d22c043f9eb96f1e0fe80?s=96&d=mm&r=g\",\"contentUrl\":\"https:\\\/\\\/secure.gravatar.com\\\/avatar\\\/06fdc0dc81c157dfdb82ec42f252178a22307808988d22c043f9eb96f1e0fe80?s=96&d=mm&r=g\",\"caption\":\"mennworldcon\"},\"sameAs\":[\"https:\\\/\\\/mwc-cmm.org\"],\"url\":\"https:\\\/\\\/mwc-cmm.org\\\/es\\\/stories\\\/author\\\/mennworldcon\\\/\"}]}<\/script>\n<!-- \/ Yoast SEO plugin. -->","yoast_head_json":{"title":"Una r\u00e1faga de viento recio - Mennonite World Conference","robots":{"index":"index","follow":"follow","max-snippet":"max-snippet:-1","max-image-preview":"max-image-preview:large","max-video-preview":"max-video-preview:-1"},"canonical":"https:\/\/mwc-cmm.org\/es\/stories\/una-rafaga-de-viento-recio\/","og_locale":"es_ES","og_type":"article","og_title":"Una r\u00e1faga de viento recio - Mennonite World Conference","og_description":"Tres razones por las cuales el Esp\u00edritu Santo es pertinente para la iglesia actual Cincuenta d\u00edas despu\u00e9s de la Pascua Jud\u00eda, la comunidad jud\u00eda se reuni\u00f3 en Jerusal\u00e9n para la Fiesta de las Semanas. Al mismo tiempo, los seguidores de Jes\u00fas se reunieron en un cuarto aguardando la promesa del Esp\u00edritu Santo. Mientras esperaban, \u201cDe [&hellip;]","og_url":"https:\/\/mwc-cmm.org\/es\/stories\/una-rafaga-de-viento-recio\/","og_site_name":"Mennonite World Conference","article_publisher":"https:\/\/www.facebook.com\/MennoniteWorldConference","article_published_time":"2018-11-15T00:00:00+00:00","article_modified_time":"2024-12-10T18:01:33+00:00","og_image":[{"width":1200,"height":795,"url":"https:\/\/mwc-cmm.org\/wp-content\/uploads\/2024\/11\/rushoftheviolentwind1_-_rgb.png","type":"image\/png"}],"author":"mennworldcon","schema":{"@context":"https:\/\/schema.org","@graph":[{"@type":"Article","@id":"https:\/\/mwc-cmm.org\/es\/stories\/una-rafaga-de-viento-recio\/#article","isPartOf":{"@id":"https:\/\/mwc-cmm.org\/es\/stories\/una-rafaga-de-viento-recio\/"},"author":{"name":"mennworldcon","@id":"https:\/\/mwc-cmm.org\/en\/#\/schema\/person\/11f6ae0d7d1868ba20a1cc27f067c836"},"headline":"Una r\u00e1faga de viento recio","datePublished":"2018-11-15T00:00:00+00:00","dateModified":"2024-12-10T18:01:33+00:00","mainEntityOfPage":{"@id":"https:\/\/mwc-cmm.org\/es\/stories\/una-rafaga-de-viento-recio\/"},"wordCount":1324,"publisher":{"@id":"https:\/\/mwc-cmm.org\/en\/#organization"},"image":{"@id":"https:\/\/mwc-cmm.org\/es\/stories\/una-rafaga-de-viento-recio\/#primaryimage"},"thumbnailUrl":"https:\/\/mwc-cmm.org\/wp-content\/uploads\/2024\/11\/rushoftheviolentwind1_-_rgb.png","articleSection":["Sin categorizar"],"inLanguage":"es"},{"@type":"WebPage","@id":"https:\/\/mwc-cmm.org\/es\/stories\/una-rafaga-de-viento-recio\/","url":"https:\/\/mwc-cmm.org\/es\/stories\/una-rafaga-de-viento-recio\/","name":"Una r\u00e1faga de viento recio - Mennonite World Conference","isPartOf":{"@id":"https:\/\/mwc-cmm.org\/en\/#website"},"primaryImageOfPage":{"@id":"https:\/\/mwc-cmm.org\/es\/stories\/una-rafaga-de-viento-recio\/#primaryimage"},"image":{"@id":"https:\/\/mwc-cmm.org\/es\/stories\/una-rafaga-de-viento-recio\/#primaryimage"},"thumbnailUrl":"https:\/\/mwc-cmm.org\/wp-content\/uploads\/2024\/11\/rushoftheviolentwind1_-_rgb.png","datePublished":"2018-11-15T00:00:00+00:00","dateModified":"2024-12-10T18:01:33+00:00","breadcrumb":{"@id":"https:\/\/mwc-cmm.org\/es\/stories\/una-rafaga-de-viento-recio\/#breadcrumb"},"inLanguage":"es","potentialAction":[{"@type":"ReadAction","target":["https:\/\/mwc-cmm.org\/es\/stories\/una-rafaga-de-viento-recio\/"]}]},{"@type":"ImageObject","inLanguage":"es","@id":"https:\/\/mwc-cmm.org\/es\/stories\/una-rafaga-de-viento-recio\/#primaryimage","url":"https:\/\/mwc-cmm.org\/wp-content\/uploads\/2024\/11\/rushoftheviolentwind1_-_rgb.png","contentUrl":"https:\/\/mwc-cmm.org\/wp-content\/uploads\/2024\/11\/rushoftheviolentwind1_-_rgb.png","width":1200,"height":795},{"@type":"BreadcrumbList","@id":"https:\/\/mwc-cmm.org\/es\/stories\/una-rafaga-de-viento-recio\/#breadcrumb","itemListElement":[{"@type":"ListItem","position":1,"name":"Home","item":"https:\/\/mwc-cmm.org\/es\/"},{"@type":"ListItem","position":2,"name":"Una r\u00e1faga de viento recio"}]},{"@type":"WebSite","@id":"https:\/\/mwc-cmm.org\/en\/#website","url":"https:\/\/mwc-cmm.org\/en\/","name":"Mennonite World Conference","description":"A communion of Anabaptist-related churches","publisher":{"@id":"https:\/\/mwc-cmm.org\/en\/#organization"},"alternateName":"MWC","potentialAction":[{"@type":"SearchAction","target":{"@type":"EntryPoint","urlTemplate":"https:\/\/mwc-cmm.org\/en\/?s={search_term_string}"},"query-input":{"@type":"PropertyValueSpecification","valueRequired":true,"valueName":"search_term_string"}}],"inLanguage":"es"},{"@type":"Organization","@id":"https:\/\/mwc-cmm.org\/en\/#organization","name":"Mennonite World Conference","alternateName":"MWC","url":"https:\/\/mwc-cmm.org\/en\/","logo":{"@type":"ImageObject","inLanguage":"es","@id":"https:\/\/mwc-cmm.org\/en\/#\/schema\/logo\/image\/","url":"https:\/\/mwc-cmm.org\/wp-content\/uploads\/2026\/01\/MWC_Sig_Blue_Horiz_webheader1-logo.svg","contentUrl":"https:\/\/mwc-cmm.org\/wp-content\/uploads\/2026\/01\/MWC_Sig_Blue_Horiz_webheader1-logo.svg","width":786,"height":82,"caption":"Mennonite World Conference"},"image":{"@id":"https:\/\/mwc-cmm.org\/en\/#\/schema\/logo\/image\/"},"sameAs":["https:\/\/www.facebook.com\/MennoniteWorldConference","https:\/\/www.linkedin.com\/company\/mennonite-world-conference-mwc\/","https:\/\/www.instagram.com\/mwcmm\/","https:\/\/www.youtube.com\/user\/mwccmm","https:\/\/bsky.app\/profile\/mwcmm.bsky.social"]},{"@type":"Person","@id":"https:\/\/mwc-cmm.org\/en\/#\/schema\/person\/11f6ae0d7d1868ba20a1cc27f067c836","name":"mennworldcon","image":{"@type":"ImageObject","inLanguage":"es","@id":"https:\/\/secure.gravatar.com\/avatar\/06fdc0dc81c157dfdb82ec42f252178a22307808988d22c043f9eb96f1e0fe80?s=96&d=mm&r=g","url":"https:\/\/secure.gravatar.com\/avatar\/06fdc0dc81c157dfdb82ec42f252178a22307808988d22c043f9eb96f1e0fe80?s=96&d=mm&r=g","contentUrl":"https:\/\/secure.gravatar.com\/avatar\/06fdc0dc81c157dfdb82ec42f252178a22307808988d22c043f9eb96f1e0fe80?s=96&d=mm&r=g","caption":"mennworldcon"},"sameAs":["https:\/\/mwc-cmm.org"],"url":"https:\/\/mwc-cmm.org\/es\/stories\/author\/mennworldcon\/"}]}},"_links":{"self":[{"href":"https:\/\/mwc-cmm.org\/es\/wp-json\/wp\/v2\/posts\/8826","targetHints":{"allow":["GET"]}}],"collection":[{"href":"https:\/\/mwc-cmm.org\/es\/wp-json\/wp\/v2\/posts"}],"about":[{"href":"https:\/\/mwc-cmm.org\/es\/wp-json\/wp\/v2\/types\/post"}],"author":[{"embeddable":true,"href":"https:\/\/mwc-cmm.org\/es\/wp-json\/wp\/v2\/users\/1"}],"replies":[{"embeddable":true,"href":"https:\/\/mwc-cmm.org\/es\/wp-json\/wp\/v2\/comments?post=8826"}],"version-history":[{"count":0,"href":"https:\/\/mwc-cmm.org\/es\/wp-json\/wp\/v2\/posts\/8826\/revisions"}],"wp:featuredmedia":[{"embeddable":true,"href":"https:\/\/mwc-cmm.org\/es\/wp-json\/wp\/v2\/media\/89770"}],"wp:attachment":[{"href":"https:\/\/mwc-cmm.org\/es\/wp-json\/wp\/v2\/media?parent=8826"}],"wp:term":[{"taxonomy":"category","embeddable":true,"href":"https:\/\/mwc-cmm.org\/es\/wp-json\/wp\/v2\/categories?post=8826"},{"taxonomy":"post_tag","embeddable":true,"href":"https:\/\/mwc-cmm.org\/es\/wp-json\/wp\/v2\/tags?post=8826"},{"taxonomy":"network","embeddable":true,"href":"https:\/\/mwc-cmm.org\/es\/wp-json\/wp\/v2\/network?post=8826"},{"taxonomy":"eventcategory","embeddable":true,"href":"https:\/\/mwc-cmm.org\/es\/wp-json\/wp\/v2\/eventcategory?post=8826"}],"curies":[{"name":"wp","href":"https:\/\/api.w.org\/{rel}","templated":true}]}}