{"id":8815,"date":"2018-08-20T00:00:00","date_gmt":"2018-08-20T00:00:00","guid":{"rendered":"https:\/\/mwc-cmm.org\/the-holy-spirit-is-at-work-among-us-3\/"},"modified":"2024-12-10T18:01:28","modified_gmt":"2024-12-10T18:01:28","slug":"the-holy-spirit-is-at-work-among-us-3","status":"publish","type":"post","link":"https:\/\/mwc-cmm.org\/es\/stories\/the-holy-spirit-is-at-work-among-us-3\/","title":{"rendered":"El Esp\u00edritu Santo est\u00e1 obrando entre nosotros"},"content":{"rendered":"<p><em>As\u00ed como las partes del coraz\u00f3n, las cuatro comisiones del CMM sirven a la comunidad mundial de iglesias afines al anabautismo, en las \u00e1reas de diaconado, fe y vida, paz y misiones. Las comisiones preparan materiales para la consideraci\u00f3n del Concilio General, brindan gu\u00eda y proponen recursos a las iglesias miembros, adem\u00e1s, propician redes y compa\u00f1erismo en relaci\u00f3n al CMM trabajando juntos en temas de inter\u00e9s y enfoque com\u00fan. A continuaci\u00f3n, una de las comisiones comparte un mensaje de la perspectiva de su ministerio.<\/em><\/p>\n<hr \/>\n<p>Las personas que participan en el servicio generalmente son pr\u00e1cticas, afectuosas, gente de acci\u00f3n. Por supuesto, la motivaci\u00f3n para servir es seguir a Jes\u00fas y sus ense\u00f1anzas, alcanzar a los d\u00e9biles, a los hu\u00e9rfanos, a las viudas y as\u00ed sucesivamente (Jerem\u00edas 22:3, Santiago 1:27).<\/p>\n<p>Quienes tienen un coraz\u00f3n para el evangelismo pueden ser llamados personas de proclamaci\u00f3n; se preocupan por se\u00f1alar el camino hacia Jes\u00fas. Siguen el mandato de ir al mundo, ense\u00f1ar y hacer disc\u00edpulos.<\/p>\n<p>Cuando se les reclama por no preocuparse por las almas de las personas, el primer grupo podr\u00eda argumentar que primero se debe alimentar el est\u00f3mago vac\u00edo antes de brindar alimento espiritual.<\/p>\n<p>Asimismo, los dem\u00e1s podr\u00edan responder, \u00bfde qu\u00e9 sirve alimentar a las personas y no hacer nada por sus almas perdidas?<\/p>\n<p>S\u00e9 que esta descripci\u00f3n es demasiado simplista y polarizada, pero basada en mi experiencia contiene algo de verdad.<\/p>\n<p><strong>Una tensi\u00f3n<\/strong><\/p>\n<p>En el pasado, sent\u00ed cierta tensi\u00f3n entre estos dos grupos: las personas de proclamaci\u00f3n y las personas m\u00e1s enfocadas en la acci\u00f3n. Los dos grupos afirmaban que su misi\u00f3n es integral; a veces se presentan conflictos dado que a menudo se emiten muchos juicios.<\/p>\n<p>Cuando establecimos la Red de Servicio Anabautista Mundial (GASN por su sigla en ingl\u00e9s) dentro del Congreso Mundial Menonita (CMM), hubo una amplia discusi\u00f3n con respecto a la comisi\u00f3n que deber\u00eda albergarla: la de Misiones o la de Di\u00e1conos. Los argumentos por una o por otra reflejaron esta tensi\u00f3n.<\/p>\n<p>Finalmente, se decidi\u00f3 que estuviera bajo la Comisi\u00f3n de Misiones. La decisi\u00f3n fue respaldada por el deseo de superar la brecha entre la proclamaci\u00f3n y el servicio, la palabra y el hecho.<\/p>\n<p>No me sent\u00ed muy c\u00f3moda. Como parte del comit\u00e9 de coordinaci\u00f3n de GASN, fui nombrada especialista en la Comisi\u00f3n de Misiones. No me siento misionera, soy una sierva. Ahora me ten\u00eda que identificar con las misiones.<\/p>\n<p><strong>Una transformaci\u00f3n<\/strong><\/p>\n<p>Al principio me sent\u00ed un poco confundida, pero con el transcurso del tiempo, me di cuenta de que se estaba produciendo un cambio en m\u00ed. Comenc\u00e9 a ver que mis dones como sierva son de tanto valor como los dones de otros que plantan iglesias, son evangelistas y maestros.<\/p>\n<p>Dios nos quiere a todos en su misi\u00f3n; solo juntos estamos completos.<\/p>\n<p>Desde entonces, GASN se ha reunido dos veces. Hemos tenido reuniones conjuntas con la Fraternidad Mundial Misionera (GMF por su sigla en ingl\u00e9s) donde compartimos historias y ense\u00f1anzas con los dos grupos reunidos, asimismo, hemos tenido sesiones por separado.<\/p>\n<p>Particularmente cuando los dos grupos se reunieron por separado, pude sentir que todav\u00eda necesitamos que el Esp\u00edritu nos ense\u00f1e: somos llamados a trabajar juntos en la misi\u00f3n de Dios de acuerdo a nuestros dones, convicciones y puntos de vista.  <\/p>\n<p>Empoderados por el aliento de Dios (tanto \u201cesp\u00edritu\u201d como \u201caliento\u201d son traducciones de la palabra hebrea <em>ruach<\/em>), veremos cambios y veremos al Se\u00f1or obrando.<\/p>\n<p>Durante las reuniones en Kenia en el mes de abril de 2018, una se\u00f1al de esa unidad para m\u00ed fue el mapa de oraci\u00f3n (ver foto). Todos los miembros de GMF y de GASN fueron invitados a escoger un pa\u00eds, poner una vela en ese lugar y orar por esa naci\u00f3n, por la gente o por alg\u00fan conocido all\u00ed.<\/p>\n<p>Durante este tiempo de oraci\u00f3n en silencio alrededor de ese gran mapa era obvio: somos uno en el Esp\u00edritu.<\/p>\n<p><em>\u2014Un Comunicado del Congreso Mundial Menonita por<\/em><em> <\/em><em>Barbara Hege-Galle, miembro de la Comisi\u00f3n de Misiones. Sirvi\u00f3 por 32 a\u00f1os con Christliche Dienste y vive en Bammental, Alemania. Tambi\u00e9n sirve en la iglesia local de ese lugar.<\/em><\/p>\n","protected":false},"excerpt":{"rendered":"<p>NULL<\/p>\n","protected":false},"author":1,"featured_media":89630,"comment_status":"closed","ping_status":"closed","sticky":false,"template":"","format":"standard","meta":{"_acf_changed":false,"footnotes":""},"categories":[6],"tags":[401],"network":[1278],"eventcategory":[],"class_list":["post-8815","post","type-post","status-publish","format-standard","has-post-thumbnail","hentry","category-sin-categorizar","tag-mission-es","network-mission-commission-es"],"acf":[],"yoast_head":"<!-- This site is optimized with the Yoast SEO plugin v27.5 - https:\/\/yoast.com\/product\/yoast-seo-wordpress\/ -->\n<title>El Esp\u00edritu Santo est\u00e1 obrando entre nosotros - Mennonite World Conference<\/title>\n<meta name=\"robots\" content=\"index, follow, max-snippet:-1, max-image-preview:large, max-video-preview:-1\" \/>\n<link rel=\"canonical\" href=\"https:\/\/mwc-cmm.org\/es\/stories\/the-holy-spirit-is-at-work-among-us-3\/\" \/>\n<meta property=\"og:locale\" content=\"es_ES\" \/>\n<meta property=\"og:type\" content=\"article\" \/>\n<meta property=\"og:title\" content=\"El Esp\u00edritu Santo est\u00e1 obrando entre nosotros - Mennonite World Conference\" \/>\n<meta property=\"og:description\" content=\"NULL\" \/>\n<meta property=\"og:url\" content=\"https:\/\/mwc-cmm.org\/es\/stories\/the-holy-spirit-is-at-work-among-us-3\/\" \/>\n<meta property=\"og:site_name\" content=\"Mennonite World Conference\" \/>\n<meta property=\"article:publisher\" content=\"https:\/\/www.facebook.com\/MennoniteWorldConference\" \/>\n<meta property=\"article:published_time\" content=\"2018-08-20T00:00:00+00:00\" \/>\n<meta property=\"article:modified_time\" content=\"2024-12-10T18:01:28+00:00\" \/>\n<meta property=\"og:image\" content=\"https:\/\/mwc-cmm.org\/wp-content\/uploads\/2024\/11\/p1120356crop-scaled.jpg\" \/>\n\t<meta property=\"og:image:width\" content=\"2560\" \/>\n\t<meta property=\"og:image:height\" content=\"1884\" \/>\n\t<meta property=\"og:image:type\" content=\"image\/jpeg\" \/>\n<meta name=\"author\" content=\"mennworldcon\" \/>\n<script type=\"application\/ld+json\" class=\"yoast-schema-graph\">{\"@context\":\"https:\\\/\\\/schema.org\",\"@graph\":[{\"@type\":\"Article\",\"@id\":\"https:\\\/\\\/mwc-cmm.org\\\/es\\\/stories\\\/the-holy-spirit-is-at-work-among-us-3\\\/#article\",\"isPartOf\":{\"@id\":\"https:\\\/\\\/mwc-cmm.org\\\/es\\\/stories\\\/the-holy-spirit-is-at-work-among-us-3\\\/\"},\"author\":{\"name\":\"mennworldcon\",\"@id\":\"https:\\\/\\\/mwc-cmm.org\\\/en\\\/#\\\/schema\\\/person\\\/11f6ae0d7d1868ba20a1cc27f067c836\"},\"headline\":\"El Esp\u00edritu Santo est\u00e1 obrando entre nosotros\",\"datePublished\":\"2018-08-20T00:00:00+00:00\",\"dateModified\":\"2024-12-10T18:01:28+00:00\",\"mainEntityOfPage\":{\"@id\":\"https:\\\/\\\/mwc-cmm.org\\\/es\\\/stories\\\/the-holy-spirit-is-at-work-among-us-3\\\/\"},\"wordCount\":743,\"publisher\":{\"@id\":\"https:\\\/\\\/mwc-cmm.org\\\/en\\\/#organization\"},\"image\":{\"@id\":\"https:\\\/\\\/mwc-cmm.org\\\/es\\\/stories\\\/the-holy-spirit-is-at-work-among-us-3\\\/#primaryimage\"},\"thumbnailUrl\":\"https:\\\/\\\/mwc-cmm.org\\\/wp-content\\\/uploads\\\/2024\\\/11\\\/p1120356crop-scaled.jpg\",\"keywords\":[\"mission\"],\"articleSection\":[\"Sin categorizar\"],\"inLanguage\":\"es\"},{\"@type\":\"WebPage\",\"@id\":\"https:\\\/\\\/mwc-cmm.org\\\/es\\\/stories\\\/the-holy-spirit-is-at-work-among-us-3\\\/\",\"url\":\"https:\\\/\\\/mwc-cmm.org\\\/es\\\/stories\\\/the-holy-spirit-is-at-work-among-us-3\\\/\",\"name\":\"El Esp\u00edritu Santo est\u00e1 obrando entre nosotros - Mennonite World Conference\",\"isPartOf\":{\"@id\":\"https:\\\/\\\/mwc-cmm.org\\\/en\\\/#website\"},\"primaryImageOfPage\":{\"@id\":\"https:\\\/\\\/mwc-cmm.org\\\/es\\\/stories\\\/the-holy-spirit-is-at-work-among-us-3\\\/#primaryimage\"},\"image\":{\"@id\":\"https:\\\/\\\/mwc-cmm.org\\\/es\\\/stories\\\/the-holy-spirit-is-at-work-among-us-3\\\/#primaryimage\"},\"thumbnailUrl\":\"https:\\\/\\\/mwc-cmm.org\\\/wp-content\\\/uploads\\\/2024\\\/11\\\/p1120356crop-scaled.jpg\",\"datePublished\":\"2018-08-20T00:00:00+00:00\",\"dateModified\":\"2024-12-10T18:01:28+00:00\",\"breadcrumb\":{\"@id\":\"https:\\\/\\\/mwc-cmm.org\\\/es\\\/stories\\\/the-holy-spirit-is-at-work-among-us-3\\\/#breadcrumb\"},\"inLanguage\":\"es\",\"potentialAction\":[{\"@type\":\"ReadAction\",\"target\":[\"https:\\\/\\\/mwc-cmm.org\\\/es\\\/stories\\\/the-holy-spirit-is-at-work-among-us-3\\\/\"]}]},{\"@type\":\"ImageObject\",\"inLanguage\":\"es\",\"@id\":\"https:\\\/\\\/mwc-cmm.org\\\/es\\\/stories\\\/the-holy-spirit-is-at-work-among-us-3\\\/#primaryimage\",\"url\":\"https:\\\/\\\/mwc-cmm.org\\\/wp-content\\\/uploads\\\/2024\\\/11\\\/p1120356crop-scaled.jpg\",\"contentUrl\":\"https:\\\/\\\/mwc-cmm.org\\\/wp-content\\\/uploads\\\/2024\\\/11\\\/p1120356crop-scaled.jpg\",\"width\":2560,\"height\":1884},{\"@type\":\"BreadcrumbList\",\"@id\":\"https:\\\/\\\/mwc-cmm.org\\\/es\\\/stories\\\/the-holy-spirit-is-at-work-among-us-3\\\/#breadcrumb\",\"itemListElement\":[{\"@type\":\"ListItem\",\"position\":1,\"name\":\"Home\",\"item\":\"https:\\\/\\\/mwc-cmm.org\\\/es\\\/\"},{\"@type\":\"ListItem\",\"position\":2,\"name\":\"El Esp\u00edritu Santo est\u00e1 obrando entre nosotros\"}]},{\"@type\":\"WebSite\",\"@id\":\"https:\\\/\\\/mwc-cmm.org\\\/en\\\/#website\",\"url\":\"https:\\\/\\\/mwc-cmm.org\\\/en\\\/\",\"name\":\"Mennonite World Conference\",\"description\":\"A communion of Anabaptist-related churches\",\"publisher\":{\"@id\":\"https:\\\/\\\/mwc-cmm.org\\\/en\\\/#organization\"},\"alternateName\":\"MWC\",\"potentialAction\":[{\"@type\":\"SearchAction\",\"target\":{\"@type\":\"EntryPoint\",\"urlTemplate\":\"https:\\\/\\\/mwc-cmm.org\\\/en\\\/?s={search_term_string}\"},\"query-input\":{\"@type\":\"PropertyValueSpecification\",\"valueRequired\":true,\"valueName\":\"search_term_string\"}}],\"inLanguage\":\"es\"},{\"@type\":\"Organization\",\"@id\":\"https:\\\/\\\/mwc-cmm.org\\\/en\\\/#organization\",\"name\":\"Mennonite World Conference\",\"alternateName\":\"MWC\",\"url\":\"https:\\\/\\\/mwc-cmm.org\\\/en\\\/\",\"logo\":{\"@type\":\"ImageObject\",\"inLanguage\":\"es\",\"@id\":\"https:\\\/\\\/mwc-cmm.org\\\/en\\\/#\\\/schema\\\/logo\\\/image\\\/\",\"url\":\"https:\\\/\\\/mwc-cmm.org\\\/wp-content\\\/uploads\\\/2026\\\/01\\\/MWC_Sig_Blue_Horiz_webheader1-logo.svg\",\"contentUrl\":\"https:\\\/\\\/mwc-cmm.org\\\/wp-content\\\/uploads\\\/2026\\\/01\\\/MWC_Sig_Blue_Horiz_webheader1-logo.svg\",\"width\":786,\"height\":82,\"caption\":\"Mennonite World Conference\"},\"image\":{\"@id\":\"https:\\\/\\\/mwc-cmm.org\\\/en\\\/#\\\/schema\\\/logo\\\/image\\\/\"},\"sameAs\":[\"https:\\\/\\\/www.facebook.com\\\/MennoniteWorldConference\",\"https:\\\/\\\/www.linkedin.com\\\/company\\\/mennonite-world-conference-mwc\\\/\",\"https:\\\/\\\/www.instagram.com\\\/mwcmm\\\/\",\"https:\\\/\\\/www.youtube.com\\\/user\\\/mwccmm\",\"https:\\\/\\\/bsky.app\\\/profile\\\/mwcmm.bsky.social\"]},{\"@type\":\"Person\",\"@id\":\"https:\\\/\\\/mwc-cmm.org\\\/en\\\/#\\\/schema\\\/person\\\/11f6ae0d7d1868ba20a1cc27f067c836\",\"name\":\"mennworldcon\",\"image\":{\"@type\":\"ImageObject\",\"inLanguage\":\"es\",\"@id\":\"https:\\\/\\\/secure.gravatar.com\\\/avatar\\\/06fdc0dc81c157dfdb82ec42f252178a22307808988d22c043f9eb96f1e0fe80?s=96&d=mm&r=g\",\"url\":\"https:\\\/\\\/secure.gravatar.com\\\/avatar\\\/06fdc0dc81c157dfdb82ec42f252178a22307808988d22c043f9eb96f1e0fe80?s=96&d=mm&r=g\",\"contentUrl\":\"https:\\\/\\\/secure.gravatar.com\\\/avatar\\\/06fdc0dc81c157dfdb82ec42f252178a22307808988d22c043f9eb96f1e0fe80?s=96&d=mm&r=g\",\"caption\":\"mennworldcon\"},\"sameAs\":[\"https:\\\/\\\/mwc-cmm.org\"],\"url\":\"https:\\\/\\\/mwc-cmm.org\\\/es\\\/stories\\\/author\\\/mennworldcon\\\/\"}]}<\/script>\n<!-- \/ Yoast SEO plugin. -->","yoast_head_json":{"title":"El Esp\u00edritu Santo est\u00e1 obrando entre nosotros - Mennonite World Conference","robots":{"index":"index","follow":"follow","max-snippet":"max-snippet:-1","max-image-preview":"max-image-preview:large","max-video-preview":"max-video-preview:-1"},"canonical":"https:\/\/mwc-cmm.org\/es\/stories\/the-holy-spirit-is-at-work-among-us-3\/","og_locale":"es_ES","og_type":"article","og_title":"El Esp\u00edritu Santo est\u00e1 obrando entre nosotros - Mennonite World Conference","og_description":"NULL","og_url":"https:\/\/mwc-cmm.org\/es\/stories\/the-holy-spirit-is-at-work-among-us-3\/","og_site_name":"Mennonite World Conference","article_publisher":"https:\/\/www.facebook.com\/MennoniteWorldConference","article_published_time":"2018-08-20T00:00:00+00:00","article_modified_time":"2024-12-10T18:01:28+00:00","og_image":[{"width":2560,"height":1884,"url":"https:\/\/mwc-cmm.org\/wp-content\/uploads\/2024\/11\/p1120356crop-scaled.jpg","type":"image\/jpeg"}],"author":"mennworldcon","schema":{"@context":"https:\/\/schema.org","@graph":[{"@type":"Article","@id":"https:\/\/mwc-cmm.org\/es\/stories\/the-holy-spirit-is-at-work-among-us-3\/#article","isPartOf":{"@id":"https:\/\/mwc-cmm.org\/es\/stories\/the-holy-spirit-is-at-work-among-us-3\/"},"author":{"name":"mennworldcon","@id":"https:\/\/mwc-cmm.org\/en\/#\/schema\/person\/11f6ae0d7d1868ba20a1cc27f067c836"},"headline":"El Esp\u00edritu Santo est\u00e1 obrando entre nosotros","datePublished":"2018-08-20T00:00:00+00:00","dateModified":"2024-12-10T18:01:28+00:00","mainEntityOfPage":{"@id":"https:\/\/mwc-cmm.org\/es\/stories\/the-holy-spirit-is-at-work-among-us-3\/"},"wordCount":743,"publisher":{"@id":"https:\/\/mwc-cmm.org\/en\/#organization"},"image":{"@id":"https:\/\/mwc-cmm.org\/es\/stories\/the-holy-spirit-is-at-work-among-us-3\/#primaryimage"},"thumbnailUrl":"https:\/\/mwc-cmm.org\/wp-content\/uploads\/2024\/11\/p1120356crop-scaled.jpg","keywords":["mission"],"articleSection":["Sin categorizar"],"inLanguage":"es"},{"@type":"WebPage","@id":"https:\/\/mwc-cmm.org\/es\/stories\/the-holy-spirit-is-at-work-among-us-3\/","url":"https:\/\/mwc-cmm.org\/es\/stories\/the-holy-spirit-is-at-work-among-us-3\/","name":"El Esp\u00edritu Santo est\u00e1 obrando entre nosotros - Mennonite World Conference","isPartOf":{"@id":"https:\/\/mwc-cmm.org\/en\/#website"},"primaryImageOfPage":{"@id":"https:\/\/mwc-cmm.org\/es\/stories\/the-holy-spirit-is-at-work-among-us-3\/#primaryimage"},"image":{"@id":"https:\/\/mwc-cmm.org\/es\/stories\/the-holy-spirit-is-at-work-among-us-3\/#primaryimage"},"thumbnailUrl":"https:\/\/mwc-cmm.org\/wp-content\/uploads\/2024\/11\/p1120356crop-scaled.jpg","datePublished":"2018-08-20T00:00:00+00:00","dateModified":"2024-12-10T18:01:28+00:00","breadcrumb":{"@id":"https:\/\/mwc-cmm.org\/es\/stories\/the-holy-spirit-is-at-work-among-us-3\/#breadcrumb"},"inLanguage":"es","potentialAction":[{"@type":"ReadAction","target":["https:\/\/mwc-cmm.org\/es\/stories\/the-holy-spirit-is-at-work-among-us-3\/"]}]},{"@type":"ImageObject","inLanguage":"es","@id":"https:\/\/mwc-cmm.org\/es\/stories\/the-holy-spirit-is-at-work-among-us-3\/#primaryimage","url":"https:\/\/mwc-cmm.org\/wp-content\/uploads\/2024\/11\/p1120356crop-scaled.jpg","contentUrl":"https:\/\/mwc-cmm.org\/wp-content\/uploads\/2024\/11\/p1120356crop-scaled.jpg","width":2560,"height":1884},{"@type":"BreadcrumbList","@id":"https:\/\/mwc-cmm.org\/es\/stories\/the-holy-spirit-is-at-work-among-us-3\/#breadcrumb","itemListElement":[{"@type":"ListItem","position":1,"name":"Home","item":"https:\/\/mwc-cmm.org\/es\/"},{"@type":"ListItem","position":2,"name":"El Esp\u00edritu Santo est\u00e1 obrando entre nosotros"}]},{"@type":"WebSite","@id":"https:\/\/mwc-cmm.org\/en\/#website","url":"https:\/\/mwc-cmm.org\/en\/","name":"Mennonite World Conference","description":"A communion of Anabaptist-related churches","publisher":{"@id":"https:\/\/mwc-cmm.org\/en\/#organization"},"alternateName":"MWC","potentialAction":[{"@type":"SearchAction","target":{"@type":"EntryPoint","urlTemplate":"https:\/\/mwc-cmm.org\/en\/?s={search_term_string}"},"query-input":{"@type":"PropertyValueSpecification","valueRequired":true,"valueName":"search_term_string"}}],"inLanguage":"es"},{"@type":"Organization","@id":"https:\/\/mwc-cmm.org\/en\/#organization","name":"Mennonite World Conference","alternateName":"MWC","url":"https:\/\/mwc-cmm.org\/en\/","logo":{"@type":"ImageObject","inLanguage":"es","@id":"https:\/\/mwc-cmm.org\/en\/#\/schema\/logo\/image\/","url":"https:\/\/mwc-cmm.org\/wp-content\/uploads\/2026\/01\/MWC_Sig_Blue_Horiz_webheader1-logo.svg","contentUrl":"https:\/\/mwc-cmm.org\/wp-content\/uploads\/2026\/01\/MWC_Sig_Blue_Horiz_webheader1-logo.svg","width":786,"height":82,"caption":"Mennonite World Conference"},"image":{"@id":"https:\/\/mwc-cmm.org\/en\/#\/schema\/logo\/image\/"},"sameAs":["https:\/\/www.facebook.com\/MennoniteWorldConference","https:\/\/www.linkedin.com\/company\/mennonite-world-conference-mwc\/","https:\/\/www.instagram.com\/mwcmm\/","https:\/\/www.youtube.com\/user\/mwccmm","https:\/\/bsky.app\/profile\/mwcmm.bsky.social"]},{"@type":"Person","@id":"https:\/\/mwc-cmm.org\/en\/#\/schema\/person\/11f6ae0d7d1868ba20a1cc27f067c836","name":"mennworldcon","image":{"@type":"ImageObject","inLanguage":"es","@id":"https:\/\/secure.gravatar.com\/avatar\/06fdc0dc81c157dfdb82ec42f252178a22307808988d22c043f9eb96f1e0fe80?s=96&d=mm&r=g","url":"https:\/\/secure.gravatar.com\/avatar\/06fdc0dc81c157dfdb82ec42f252178a22307808988d22c043f9eb96f1e0fe80?s=96&d=mm&r=g","contentUrl":"https:\/\/secure.gravatar.com\/avatar\/06fdc0dc81c157dfdb82ec42f252178a22307808988d22c043f9eb96f1e0fe80?s=96&d=mm&r=g","caption":"mennworldcon"},"sameAs":["https:\/\/mwc-cmm.org"],"url":"https:\/\/mwc-cmm.org\/es\/stories\/author\/mennworldcon\/"}]}},"_links":{"self":[{"href":"https:\/\/mwc-cmm.org\/es\/wp-json\/wp\/v2\/posts\/8815","targetHints":{"allow":["GET"]}}],"collection":[{"href":"https:\/\/mwc-cmm.org\/es\/wp-json\/wp\/v2\/posts"}],"about":[{"href":"https:\/\/mwc-cmm.org\/es\/wp-json\/wp\/v2\/types\/post"}],"author":[{"embeddable":true,"href":"https:\/\/mwc-cmm.org\/es\/wp-json\/wp\/v2\/users\/1"}],"replies":[{"embeddable":true,"href":"https:\/\/mwc-cmm.org\/es\/wp-json\/wp\/v2\/comments?post=8815"}],"version-history":[{"count":0,"href":"https:\/\/mwc-cmm.org\/es\/wp-json\/wp\/v2\/posts\/8815\/revisions"}],"wp:featuredmedia":[{"embeddable":true,"href":"https:\/\/mwc-cmm.org\/es\/wp-json\/wp\/v2\/media\/89630"}],"wp:attachment":[{"href":"https:\/\/mwc-cmm.org\/es\/wp-json\/wp\/v2\/media?parent=8815"}],"wp:term":[{"taxonomy":"category","embeddable":true,"href":"https:\/\/mwc-cmm.org\/es\/wp-json\/wp\/v2\/categories?post=8815"},{"taxonomy":"post_tag","embeddable":true,"href":"https:\/\/mwc-cmm.org\/es\/wp-json\/wp\/v2\/tags?post=8815"},{"taxonomy":"network","embeddable":true,"href":"https:\/\/mwc-cmm.org\/es\/wp-json\/wp\/v2\/network?post=8815"},{"taxonomy":"eventcategory","embeddable":true,"href":"https:\/\/mwc-cmm.org\/es\/wp-json\/wp\/v2\/eventcategory?post=8815"}],"curies":[{"name":"wp","href":"https:\/\/api.w.org\/{rel}","templated":true}]}}