{"id":8812,"date":"2018-07-19T00:00:00","date_gmt":"2018-07-19T00:00:00","guid":{"rendered":"https:\/\/mwc-cmm.org\/welcoming-my-enemy-3\/"},"modified":"2025-04-10T18:01:42","modified_gmt":"2025-04-10T18:01:42","slug":"acogiendo-mi-enemigo","status":"publish","type":"post","link":"https:\/\/mwc-cmm.org\/es\/stories\/acogiendo-mi-enemigo\/","title":{"rendered":"Acogiendo a mi enemigo"},"content":{"rendered":"\n<p>Provengo de un lugar donde la gente es conocida como Banyamulenge. Pastoreamos ganado y vivimos en las altas monta\u00f1as del Este del Congo, desde las cuales se puede ver el Lago Tanganyika.<\/p>\n\n\n\n<p>A lo largo de los a\u00f1os, mi gente se ha visto obligada a trasladarse de un \u00e1rea a otra en busca de praderas verdes para el ganado. Cuando los belgas gobernaban esta parte de \u00c1frica, viv\u00edamos en lo que hoy se conoce como Ruanda, sin embargo, una hambruna severa nos forz\u00f3 a dejar nuestras tierras y finalmente terminamos en las faldas de las monta\u00f1as de Mulenge en la RD Congo.<\/p>\n\n\n\n<p>Despu\u00e9s de a\u00f1os de vivir en paz all\u00ed, mi pueblo empez\u00f3 a sentir los efectos del conflicto pol\u00edtico y racial de la regi\u00f3n; fuimos maltratados por nuestro trasfondo \u00e9tnico. En los \u00faltimos 20 a\u00f1os, varios de los Banyamulenge han sido blanco de muchos asesinatos. Mi pueblo es despreciado, no deseado.<\/p>\n\n\n\n<p>En mi propia casa, mi padre era pastor y yo, era l\u00edder del coro de la iglesia. Me encantaba entrenar gente joven para cantar, pero un d\u00eda tuve un sue\u00f1o en el que Dios me habl\u00f3: \u201cTu tiempo en esta iglesia ha llegado a su fin\u201d. Le cont\u00e9 a mi padre sobre mi sue\u00f1o y \u00e9l me dej\u00f3 ir, as\u00ed que camin\u00e9 hacia el pueblo m\u00e1s cercano y me dirig\u00ed a una iglesia menonita; de inmediato supe que este ser\u00eda mi nuevo hogar. Finalmente, comenc\u00e9 a liderar el coro y a entrenar a los j\u00f3venes. Fue en este contexto y entre menonitas donde aprend\u00ed la importancia del perd\u00f3n y del trabajo por la paz y la reconciliaci\u00f3n. Supe que esto ser\u00eda parte de mi futuro ministerio.<\/p>\n\n\n\n<p>Como Banyamulege, este tiempo no fue f\u00e1cil para mi, dado que mi propia gente segu\u00eda siendo maltratada; incluso mi propia vida se vi\u00f3 amenazada un buen n\u00famero de veces.<\/p>\n\n\n\n<p>Aunado a lo anterior, en el 2003, mis padres fueron asesinados mientras hu\u00edan dejando sus lugares de origen. Decid\u00ed que tambi\u00e9n era hora de irme, as\u00ed que viaj\u00e9 a Burundi, lugar en el que viv\u00ed por tres a\u00f1os en un campo de refugiados.<\/p>\n\n\n\n<p>Despu\u00e9s de esto regres\u00e9 al Congo por seis meses para verificar si el entorno de mi pueblo hab\u00eda cambiado, pero todo segu\u00eda siendo demasiado dif\u00edcil, as\u00ed que esta vez hui a Malawi donde otra vez tuve un espacio en un campo de refugiados.<\/p>\n\n\n\n<p>En Malawi, el campo de refugiados estaba lleno de conflicto y desesperanza. Incluso entre los cristianos exist\u00eda mucha divisi\u00f3n y contienda. La gente de los diferentes grupos \u00e9tnicos se aislaba, asimismo, la brujer\u00eda era predominante.<\/p>\n\n\n\n<p>Entre los refugiados, empec\u00e9 a ejercitar mi don como evangelista y obtuve una respuesta positiva por parte de la gente. Durante mi primer a\u00f1o en el campamento inici\u00e9 una iglesia con un grupo peque\u00f1o de disc\u00edpulos, \u00edbamos de puerta en puerta invitando a todos a seguir a Jes\u00fas.<\/p>\n\n\n\n<p>A menudo compart\u00ed sobre Ezequiel, en donde el profeta habla acerca de la forma en que Dios dispers\u00f3 a su pueblo entre las naciones porque lo hab\u00edan abandonado, pero tambi\u00e9n les ofreci\u00f3 su perd\u00f3n: \u201cLes dar\u00e9 un nuevo coraz\u00f3n, y les infundir\u00e9 un esp\u00edritu nuevo; les quitar\u00e9 ese coraz\u00f3n de piedra que ahora tienen, y les pondr\u00e9 un coraz\u00f3n de carne\u201d (36:26).<\/p>\n\n\n\n<p>As\u00ed que la nueva iglesia lleg\u00f3 a ser una reuni\u00f3n de corazones apacibles enfocados en las ense\u00f1anzas de Jes\u00fas acerca del perd\u00f3n y el amor hacia nuestros enemigos. Nuestro mensaje era sencillo: as\u00ed como Dios nos ama, debemos amarnos los unos a los otros.<\/p>\n\n\n\n<p>Durante ese tiempo un hombre se uni\u00f3 a nuestra iglesia. \u00c9l tambi\u00e9n era un refugiado proveniente del Congo, as\u00ed que lo recib\u00ed en mi hogar. Despu\u00e9s de un tiempo, me di cuenta de que \u00e9l era quien hab\u00eda asesinado a mis padres en Congo.<\/p>\n\n\n\n<p>En ese momento not\u00e9 que mis ense\u00f1anzas &#8211; las ense\u00f1anzas de Jes\u00fas- estaban siendo puestas a prueba. Mi deseo era ser parte de una iglesia que se tomara las escrituras en serio, y que estuviera basada en la paz y la reconciliaci\u00f3n. Si Dios me perdon\u00f3, yo ten\u00eda que perdonar a los dem\u00e1s. Entonces, perdon\u00e9 a este hombre por lo que le hizo a mi familia.<\/p>\n\n\n\n<p>Hoy, nuestra iglesia est\u00e1 construida sobre las bases de la paz y el amor de Cristo.<\/p>\n\n\n\n<p>Estamos predicando este evangelio y Dios nos est\u00e1 bendiciendo. Ahora hay 11 iglesias m\u00e1s en esta \u00e1rea. Me encanta lo que Dios est\u00e1 haciendo en este lugar; ver crecer a estas iglesias llena mi coraz\u00f3n de alegr\u00eda.<\/p>\n\n\n\n<p>\u00a1A Dios sea la gloria!<\/p>\n\n\n\n<p><em>\u2014Originalmente publicado por MB Mission en <\/em>Witness<em> (Invierno 2017). (Publicaci\u00f3n utilizada con autorizaci\u00f3n).<\/em><\/p>\n\n\n\n<p><em>Este testimonio hace parte de los recursos para la adoraci\u00f3n del Domingo de la Paz 2018. Haga clic aqu\u00ed para ver m\u00e1s: <\/em><\/p>\n\n\n\n<div class=\"wp-block-buttons is-layout-flex wp-block-buttons-is-layout-flex\">\n<div class=\"wp-block-button\"><a class=\"wp-block-button__link wp-element-button\" href=\"https:\/\/mwc-cmm.org\/es\/comisiones\/comision-de-paz\/domingo-de-la-paz\/\">Domingo de la Paz<\/a><\/div>\n<\/div>\n\n\n\n<p><\/p>\n","protected":false},"excerpt":{"rendered":"<p>NULL<\/p>\n","protected":false},"author":1,"featured_media":89588,"comment_status":"closed","ping_status":"closed","sticky":false,"template":"","format":"standard","meta":{"_acf_changed":false,"footnotes":""},"categories":[6],"tags":[473],"network":[],"eventcategory":[],"class_list":["post-8812","post","type-post","status-publish","format-standard","has-post-thumbnail","hentry","category-sin-categorizar","tag-paz"],"acf":[],"yoast_head":"<!-- This site is optimized with the Yoast SEO plugin v27.5 - https:\/\/yoast.com\/product\/yoast-seo-wordpress\/ -->\n<title>Acogiendo a mi enemigo - Mennonite World Conference<\/title>\n<meta name=\"robots\" content=\"index, follow, max-snippet:-1, max-image-preview:large, max-video-preview:-1\" \/>\n<link rel=\"canonical\" href=\"https:\/\/mwc-cmm.org\/es\/stories\/acogiendo-mi-enemigo\/\" \/>\n<meta property=\"og:locale\" content=\"es_ES\" \/>\n<meta property=\"og:type\" content=\"article\" \/>\n<meta property=\"og:title\" content=\"Acogiendo a mi enemigo - Mennonite World Conference\" \/>\n<meta property=\"og:description\" content=\"NULL\" \/>\n<meta property=\"og:url\" content=\"https:\/\/mwc-cmm.org\/es\/stories\/acogiendo-mi-enemigo\/\" \/>\n<meta property=\"og:site_name\" content=\"Mennonite World Conference\" \/>\n<meta property=\"article:publisher\" content=\"https:\/\/www.facebook.com\/MennoniteWorldConference\" \/>\n<meta property=\"article:published_time\" content=\"2018-07-19T00:00:00+00:00\" \/>\n<meta property=\"article:modified_time\" content=\"2025-04-10T18:01:42+00:00\" \/>\n<meta property=\"og:image\" content=\"https:\/\/mwc-cmm.org\/wp-content\/uploads\/2024\/11\/20180121mb_church_6_malawi.jpg\" \/>\n\t<meta property=\"og:image:width\" content=\"1000\" \/>\n\t<meta property=\"og:image:height\" content=\"563\" \/>\n\t<meta property=\"og:image:type\" content=\"image\/jpeg\" \/>\n<meta name=\"author\" content=\"mennworldcon\" \/>\n<script type=\"application\/ld+json\" class=\"yoast-schema-graph\">{\"@context\":\"https:\\\/\\\/schema.org\",\"@graph\":[{\"@type\":\"Article\",\"@id\":\"https:\\\/\\\/mwc-cmm.org\\\/es\\\/stories\\\/acogiendo-mi-enemigo\\\/#article\",\"isPartOf\":{\"@id\":\"https:\\\/\\\/mwc-cmm.org\\\/es\\\/stories\\\/acogiendo-mi-enemigo\\\/\"},\"author\":{\"name\":\"mennworldcon\",\"@id\":\"https:\\\/\\\/mwc-cmm.org\\\/en\\\/#\\\/schema\\\/person\\\/11f6ae0d7d1868ba20a1cc27f067c836\"},\"headline\":\"Acogiendo a mi enemigo\",\"datePublished\":\"2018-07-19T00:00:00+00:00\",\"dateModified\":\"2025-04-10T18:01:42+00:00\",\"mainEntityOfPage\":{\"@id\":\"https:\\\/\\\/mwc-cmm.org\\\/es\\\/stories\\\/acogiendo-mi-enemigo\\\/\"},\"wordCount\":850,\"publisher\":{\"@id\":\"https:\\\/\\\/mwc-cmm.org\\\/en\\\/#organization\"},\"image\":{\"@id\":\"https:\\\/\\\/mwc-cmm.org\\\/es\\\/stories\\\/acogiendo-mi-enemigo\\\/#primaryimage\"},\"thumbnailUrl\":\"https:\\\/\\\/mwc-cmm.org\\\/wp-content\\\/uploads\\\/2024\\\/11\\\/20180121mb_church_6_malawi.jpg\",\"keywords\":[\"paz\"],\"articleSection\":[\"Sin categorizar\"],\"inLanguage\":\"es\"},{\"@type\":\"WebPage\",\"@id\":\"https:\\\/\\\/mwc-cmm.org\\\/es\\\/stories\\\/acogiendo-mi-enemigo\\\/\",\"url\":\"https:\\\/\\\/mwc-cmm.org\\\/es\\\/stories\\\/acogiendo-mi-enemigo\\\/\",\"name\":\"Acogiendo a mi enemigo - Mennonite World Conference\",\"isPartOf\":{\"@id\":\"https:\\\/\\\/mwc-cmm.org\\\/en\\\/#website\"},\"primaryImageOfPage\":{\"@id\":\"https:\\\/\\\/mwc-cmm.org\\\/es\\\/stories\\\/acogiendo-mi-enemigo\\\/#primaryimage\"},\"image\":{\"@id\":\"https:\\\/\\\/mwc-cmm.org\\\/es\\\/stories\\\/acogiendo-mi-enemigo\\\/#primaryimage\"},\"thumbnailUrl\":\"https:\\\/\\\/mwc-cmm.org\\\/wp-content\\\/uploads\\\/2024\\\/11\\\/20180121mb_church_6_malawi.jpg\",\"datePublished\":\"2018-07-19T00:00:00+00:00\",\"dateModified\":\"2025-04-10T18:01:42+00:00\",\"breadcrumb\":{\"@id\":\"https:\\\/\\\/mwc-cmm.org\\\/es\\\/stories\\\/acogiendo-mi-enemigo\\\/#breadcrumb\"},\"inLanguage\":\"es\",\"potentialAction\":[{\"@type\":\"ReadAction\",\"target\":[\"https:\\\/\\\/mwc-cmm.org\\\/es\\\/stories\\\/acogiendo-mi-enemigo\\\/\"]}]},{\"@type\":\"ImageObject\",\"inLanguage\":\"es\",\"@id\":\"https:\\\/\\\/mwc-cmm.org\\\/es\\\/stories\\\/acogiendo-mi-enemigo\\\/#primaryimage\",\"url\":\"https:\\\/\\\/mwc-cmm.org\\\/wp-content\\\/uploads\\\/2024\\\/11\\\/20180121mb_church_6_malawi.jpg\",\"contentUrl\":\"https:\\\/\\\/mwc-cmm.org\\\/wp-content\\\/uploads\\\/2024\\\/11\\\/20180121mb_church_6_malawi.jpg\",\"width\":1000,\"height\":563},{\"@type\":\"BreadcrumbList\",\"@id\":\"https:\\\/\\\/mwc-cmm.org\\\/es\\\/stories\\\/acogiendo-mi-enemigo\\\/#breadcrumb\",\"itemListElement\":[{\"@type\":\"ListItem\",\"position\":1,\"name\":\"Home\",\"item\":\"https:\\\/\\\/mwc-cmm.org\\\/es\\\/\"},{\"@type\":\"ListItem\",\"position\":2,\"name\":\"Acogiendo a mi enemigo\"}]},{\"@type\":\"WebSite\",\"@id\":\"https:\\\/\\\/mwc-cmm.org\\\/en\\\/#website\",\"url\":\"https:\\\/\\\/mwc-cmm.org\\\/en\\\/\",\"name\":\"Mennonite World Conference\",\"description\":\"A communion of Anabaptist-related churches\",\"publisher\":{\"@id\":\"https:\\\/\\\/mwc-cmm.org\\\/en\\\/#organization\"},\"alternateName\":\"MWC\",\"potentialAction\":[{\"@type\":\"SearchAction\",\"target\":{\"@type\":\"EntryPoint\",\"urlTemplate\":\"https:\\\/\\\/mwc-cmm.org\\\/en\\\/?s={search_term_string}\"},\"query-input\":{\"@type\":\"PropertyValueSpecification\",\"valueRequired\":true,\"valueName\":\"search_term_string\"}}],\"inLanguage\":\"es\"},{\"@type\":\"Organization\",\"@id\":\"https:\\\/\\\/mwc-cmm.org\\\/en\\\/#organization\",\"name\":\"Mennonite World Conference\",\"alternateName\":\"MWC\",\"url\":\"https:\\\/\\\/mwc-cmm.org\\\/en\\\/\",\"logo\":{\"@type\":\"ImageObject\",\"inLanguage\":\"es\",\"@id\":\"https:\\\/\\\/mwc-cmm.org\\\/en\\\/#\\\/schema\\\/logo\\\/image\\\/\",\"url\":\"https:\\\/\\\/mwc-cmm.org\\\/wp-content\\\/uploads\\\/2026\\\/01\\\/MWC_Sig_Blue_Horiz_webheader1-logo.svg\",\"contentUrl\":\"https:\\\/\\\/mwc-cmm.org\\\/wp-content\\\/uploads\\\/2026\\\/01\\\/MWC_Sig_Blue_Horiz_webheader1-logo.svg\",\"width\":786,\"height\":82,\"caption\":\"Mennonite World Conference\"},\"image\":{\"@id\":\"https:\\\/\\\/mwc-cmm.org\\\/en\\\/#\\\/schema\\\/logo\\\/image\\\/\"},\"sameAs\":[\"https:\\\/\\\/www.facebook.com\\\/MennoniteWorldConference\",\"https:\\\/\\\/www.linkedin.com\\\/company\\\/mennonite-world-conference-mwc\\\/\",\"https:\\\/\\\/www.instagram.com\\\/mwcmm\\\/\",\"https:\\\/\\\/www.youtube.com\\\/user\\\/mwccmm\",\"https:\\\/\\\/bsky.app\\\/profile\\\/mwcmm.bsky.social\"]},{\"@type\":\"Person\",\"@id\":\"https:\\\/\\\/mwc-cmm.org\\\/en\\\/#\\\/schema\\\/person\\\/11f6ae0d7d1868ba20a1cc27f067c836\",\"name\":\"mennworldcon\",\"image\":{\"@type\":\"ImageObject\",\"inLanguage\":\"es\",\"@id\":\"https:\\\/\\\/secure.gravatar.com\\\/avatar\\\/06fdc0dc81c157dfdb82ec42f252178a22307808988d22c043f9eb96f1e0fe80?s=96&d=mm&r=g\",\"url\":\"https:\\\/\\\/secure.gravatar.com\\\/avatar\\\/06fdc0dc81c157dfdb82ec42f252178a22307808988d22c043f9eb96f1e0fe80?s=96&d=mm&r=g\",\"contentUrl\":\"https:\\\/\\\/secure.gravatar.com\\\/avatar\\\/06fdc0dc81c157dfdb82ec42f252178a22307808988d22c043f9eb96f1e0fe80?s=96&d=mm&r=g\",\"caption\":\"mennworldcon\"},\"sameAs\":[\"https:\\\/\\\/mwc-cmm.org\"],\"url\":\"https:\\\/\\\/mwc-cmm.org\\\/es\\\/stories\\\/author\\\/mennworldcon\\\/\"}]}<\/script>\n<!-- \/ Yoast SEO plugin. -->","yoast_head_json":{"title":"Acogiendo a mi enemigo - Mennonite World Conference","robots":{"index":"index","follow":"follow","max-snippet":"max-snippet:-1","max-image-preview":"max-image-preview:large","max-video-preview":"max-video-preview:-1"},"canonical":"https:\/\/mwc-cmm.org\/es\/stories\/acogiendo-mi-enemigo\/","og_locale":"es_ES","og_type":"article","og_title":"Acogiendo a mi enemigo - Mennonite World Conference","og_description":"NULL","og_url":"https:\/\/mwc-cmm.org\/es\/stories\/acogiendo-mi-enemigo\/","og_site_name":"Mennonite World Conference","article_publisher":"https:\/\/www.facebook.com\/MennoniteWorldConference","article_published_time":"2018-07-19T00:00:00+00:00","article_modified_time":"2025-04-10T18:01:42+00:00","og_image":[{"width":1000,"height":563,"url":"https:\/\/mwc-cmm.org\/wp-content\/uploads\/2024\/11\/20180121mb_church_6_malawi.jpg","type":"image\/jpeg"}],"author":"mennworldcon","schema":{"@context":"https:\/\/schema.org","@graph":[{"@type":"Article","@id":"https:\/\/mwc-cmm.org\/es\/stories\/acogiendo-mi-enemigo\/#article","isPartOf":{"@id":"https:\/\/mwc-cmm.org\/es\/stories\/acogiendo-mi-enemigo\/"},"author":{"name":"mennworldcon","@id":"https:\/\/mwc-cmm.org\/en\/#\/schema\/person\/11f6ae0d7d1868ba20a1cc27f067c836"},"headline":"Acogiendo a mi enemigo","datePublished":"2018-07-19T00:00:00+00:00","dateModified":"2025-04-10T18:01:42+00:00","mainEntityOfPage":{"@id":"https:\/\/mwc-cmm.org\/es\/stories\/acogiendo-mi-enemigo\/"},"wordCount":850,"publisher":{"@id":"https:\/\/mwc-cmm.org\/en\/#organization"},"image":{"@id":"https:\/\/mwc-cmm.org\/es\/stories\/acogiendo-mi-enemigo\/#primaryimage"},"thumbnailUrl":"https:\/\/mwc-cmm.org\/wp-content\/uploads\/2024\/11\/20180121mb_church_6_malawi.jpg","keywords":["paz"],"articleSection":["Sin categorizar"],"inLanguage":"es"},{"@type":"WebPage","@id":"https:\/\/mwc-cmm.org\/es\/stories\/acogiendo-mi-enemigo\/","url":"https:\/\/mwc-cmm.org\/es\/stories\/acogiendo-mi-enemigo\/","name":"Acogiendo a mi enemigo - Mennonite World Conference","isPartOf":{"@id":"https:\/\/mwc-cmm.org\/en\/#website"},"primaryImageOfPage":{"@id":"https:\/\/mwc-cmm.org\/es\/stories\/acogiendo-mi-enemigo\/#primaryimage"},"image":{"@id":"https:\/\/mwc-cmm.org\/es\/stories\/acogiendo-mi-enemigo\/#primaryimage"},"thumbnailUrl":"https:\/\/mwc-cmm.org\/wp-content\/uploads\/2024\/11\/20180121mb_church_6_malawi.jpg","datePublished":"2018-07-19T00:00:00+00:00","dateModified":"2025-04-10T18:01:42+00:00","breadcrumb":{"@id":"https:\/\/mwc-cmm.org\/es\/stories\/acogiendo-mi-enemigo\/#breadcrumb"},"inLanguage":"es","potentialAction":[{"@type":"ReadAction","target":["https:\/\/mwc-cmm.org\/es\/stories\/acogiendo-mi-enemigo\/"]}]},{"@type":"ImageObject","inLanguage":"es","@id":"https:\/\/mwc-cmm.org\/es\/stories\/acogiendo-mi-enemigo\/#primaryimage","url":"https:\/\/mwc-cmm.org\/wp-content\/uploads\/2024\/11\/20180121mb_church_6_malawi.jpg","contentUrl":"https:\/\/mwc-cmm.org\/wp-content\/uploads\/2024\/11\/20180121mb_church_6_malawi.jpg","width":1000,"height":563},{"@type":"BreadcrumbList","@id":"https:\/\/mwc-cmm.org\/es\/stories\/acogiendo-mi-enemigo\/#breadcrumb","itemListElement":[{"@type":"ListItem","position":1,"name":"Home","item":"https:\/\/mwc-cmm.org\/es\/"},{"@type":"ListItem","position":2,"name":"Acogiendo a mi enemigo"}]},{"@type":"WebSite","@id":"https:\/\/mwc-cmm.org\/en\/#website","url":"https:\/\/mwc-cmm.org\/en\/","name":"Mennonite World Conference","description":"A communion of Anabaptist-related churches","publisher":{"@id":"https:\/\/mwc-cmm.org\/en\/#organization"},"alternateName":"MWC","potentialAction":[{"@type":"SearchAction","target":{"@type":"EntryPoint","urlTemplate":"https:\/\/mwc-cmm.org\/en\/?s={search_term_string}"},"query-input":{"@type":"PropertyValueSpecification","valueRequired":true,"valueName":"search_term_string"}}],"inLanguage":"es"},{"@type":"Organization","@id":"https:\/\/mwc-cmm.org\/en\/#organization","name":"Mennonite World Conference","alternateName":"MWC","url":"https:\/\/mwc-cmm.org\/en\/","logo":{"@type":"ImageObject","inLanguage":"es","@id":"https:\/\/mwc-cmm.org\/en\/#\/schema\/logo\/image\/","url":"https:\/\/mwc-cmm.org\/wp-content\/uploads\/2026\/01\/MWC_Sig_Blue_Horiz_webheader1-logo.svg","contentUrl":"https:\/\/mwc-cmm.org\/wp-content\/uploads\/2026\/01\/MWC_Sig_Blue_Horiz_webheader1-logo.svg","width":786,"height":82,"caption":"Mennonite World Conference"},"image":{"@id":"https:\/\/mwc-cmm.org\/en\/#\/schema\/logo\/image\/"},"sameAs":["https:\/\/www.facebook.com\/MennoniteWorldConference","https:\/\/www.linkedin.com\/company\/mennonite-world-conference-mwc\/","https:\/\/www.instagram.com\/mwcmm\/","https:\/\/www.youtube.com\/user\/mwccmm","https:\/\/bsky.app\/profile\/mwcmm.bsky.social"]},{"@type":"Person","@id":"https:\/\/mwc-cmm.org\/en\/#\/schema\/person\/11f6ae0d7d1868ba20a1cc27f067c836","name":"mennworldcon","image":{"@type":"ImageObject","inLanguage":"es","@id":"https:\/\/secure.gravatar.com\/avatar\/06fdc0dc81c157dfdb82ec42f252178a22307808988d22c043f9eb96f1e0fe80?s=96&d=mm&r=g","url":"https:\/\/secure.gravatar.com\/avatar\/06fdc0dc81c157dfdb82ec42f252178a22307808988d22c043f9eb96f1e0fe80?s=96&d=mm&r=g","contentUrl":"https:\/\/secure.gravatar.com\/avatar\/06fdc0dc81c157dfdb82ec42f252178a22307808988d22c043f9eb96f1e0fe80?s=96&d=mm&r=g","caption":"mennworldcon"},"sameAs":["https:\/\/mwc-cmm.org"],"url":"https:\/\/mwc-cmm.org\/es\/stories\/author\/mennworldcon\/"}]}},"_links":{"self":[{"href":"https:\/\/mwc-cmm.org\/es\/wp-json\/wp\/v2\/posts\/8812","targetHints":{"allow":["GET"]}}],"collection":[{"href":"https:\/\/mwc-cmm.org\/es\/wp-json\/wp\/v2\/posts"}],"about":[{"href":"https:\/\/mwc-cmm.org\/es\/wp-json\/wp\/v2\/types\/post"}],"author":[{"embeddable":true,"href":"https:\/\/mwc-cmm.org\/es\/wp-json\/wp\/v2\/users\/1"}],"replies":[{"embeddable":true,"href":"https:\/\/mwc-cmm.org\/es\/wp-json\/wp\/v2\/comments?post=8812"}],"version-history":[{"count":0,"href":"https:\/\/mwc-cmm.org\/es\/wp-json\/wp\/v2\/posts\/8812\/revisions"}],"wp:featuredmedia":[{"embeddable":true,"href":"https:\/\/mwc-cmm.org\/es\/wp-json\/wp\/v2\/media\/89588"}],"wp:attachment":[{"href":"https:\/\/mwc-cmm.org\/es\/wp-json\/wp\/v2\/media?parent=8812"}],"wp:term":[{"taxonomy":"category","embeddable":true,"href":"https:\/\/mwc-cmm.org\/es\/wp-json\/wp\/v2\/categories?post=8812"},{"taxonomy":"post_tag","embeddable":true,"href":"https:\/\/mwc-cmm.org\/es\/wp-json\/wp\/v2\/tags?post=8812"},{"taxonomy":"network","embeddable":true,"href":"https:\/\/mwc-cmm.org\/es\/wp-json\/wp\/v2\/network?post=8812"},{"taxonomy":"eventcategory","embeddable":true,"href":"https:\/\/mwc-cmm.org\/es\/wp-json\/wp\/v2\/eventcategory?post=8812"}],"curies":[{"name":"wp","href":"https:\/\/api.w.org\/{rel}","templated":true}]}}