{"id":8809,"date":"2018-07-18T00:00:00","date_gmt":"2018-07-18T00:00:00","guid":{"rendered":"https:\/\/mwc-cmm.org\/the-holy-spirit-transforms-prison-3\/"},"modified":"2024-12-10T18:01:25","modified_gmt":"2024-12-10T18:01:25","slug":"el-espiritu-santo-transforma-la-carcel","status":"publish","type":"post","link":"https:\/\/mwc-cmm.org\/es\/stories\/el-espiritu-santo-transforma-la-carcel\/","title":{"rendered":"El Esp\u00edritu Santo transforma la c\u00e1rcel"},"content":{"rendered":"<p>\u201cLos miembros de mi congregaci\u00f3n son violadores, secuestradores, asesinos y estafadores \u2013todos lavados por la sangre de Jes\u00fas nuestro Se\u00f1or\u201d, expone el pastor Ignacio Chamorro Ram\u00edrez.<\/p>\n<p>Chamorro es el director de un programa de transformaci\u00f3n integral y uno de los pastores de la Iglesia La Libertad en la hacinada penitenciaria nacional de Tacumb\u00fa en Paraguay \u2013\u00e9l fue alguna vez prisionero como aquellos hombres a quienes ahora sirve. La vida de Chamorro es un testimonio de la transformaci\u00f3n por causa del Esp\u00edritu Santo.<\/p>\n<p>El hecho de pasar su juventud en las calles sin supervisi\u00f3n lo llev\u00f3 a tomar malas decisiones. A la edad de 19 a\u00f1os, Chamorro fue a la c\u00e1rcel durante 20 d\u00edas por robo; \u201cfue una experiencia traum\u00e1tica, pero no gener\u00f3 cambio alguno en mi vida\u201d, comenta. Unos a\u00f1os m\u00e1s tarde, Chamorro fue encarcelado, seg\u00fan \u00e9l mismo explica, \u201cpor un crimen que no comet\u00ed; no me cobraron por el crimen que s\u00ed hab\u00eda cometido\u201d. El resentimiento y la amargura crec\u00edan en su coraz\u00f3n, no obstante, rechazaba cualquier invitaci\u00f3n a la iglesia.<\/p>\n<p>Un d\u00eda, fue con un amigo a estudiar matem\u00e1ticas; \u201cla persona que lideraba estaba hablando de Dios, y como yo no ten\u00eda nada m\u00e1s que hacer, me qued\u00e9\u201d, resalta. \u201cAll\u00ed, Dios toc\u00f3 mi coraz\u00f3n; algo nuevo comenz\u00f3 en mi vida\u201d.<\/p>\n<p>As\u00ed conoci\u00f3 La Libertad: una iglesia dentro de una prisi\u00f3n. \u201cAprend\u00ed sobre el beneficio del discipulado\u2026 fui bautizado, y comenc\u00e9 a hacer por otros lo que ellos hab\u00edan hecho por m\u00ed\u201d. Cuando fue liberado, termin\u00f3 la secundaria, estudi\u00f3 teolog\u00eda en el Instituto B\u00edblico Asunci\u00f3n, y ha trabajado con La Libertad desde el a\u00f1o 2012.<\/p>\n<p><img decoding=\"async\" alt=\"Los reclusos en la inicua prisi\u00f3n de Tacumb\u00fa en Asunci\u00f3n participan en la Iglesia La Libertad, un ministerio de la Iglesia de los Hermanos Menonitas en Paraguay. Foto: Ignacio Chamorro Ramirez.\" data-src=\"\/sites\/default\/files\/website_files\/nr-paraguay_prison_2.jpeg\" style=\"float: left; width: 300px; margin-left: 10px; margin-right: 10px;\" src=\"data:image\/svg+xml;base64,PHN2ZyB3aWR0aD0iMSIgaGVpZ2h0PSIxIiB4bWxucz0iaHR0cDovL3d3dy53My5vcmcvMjAwMC9zdmciPjwvc3ZnPg==\" class=\"lazyload\" \/><\/p>\n<p>Miembros de Mennoniten Br\u00fcder Gemeinde Concordia (Iglesia Concordia de los Hermanos Menonitas) comenzaron un ministerio en la c\u00e1rcel en 1984. Por m\u00e1s de una d\u00e9cada, el ministerio de justicia ha tenido un acuerdo con la congregaci\u00f3n para administrar esta \u00e1rea con 535 de los 3290 presos de esa c\u00e1rcel. Aproximadamente 130 de ellos son miembros comprometidos con la iglesia.<\/p>\n<p>El programa administrado por la iglesia al interior de la c\u00e1rcel, hace \u00e9nfasis en la espiritualidad y la educaci\u00f3n. Ofrece alfabetizaci\u00f3n y programas vocacionales: \u201cprovee oportunidades para restablecer la dignidad y la libertad econ\u00f3mica\u201d, argumenta Chamorro, \u201cy, lo m\u00e1s importante, oportunidades para crecer y desarrollar la vida de la persona en Cristo, adem\u00e1s de continuar en el camino en paz\u201d.<\/p>\n<p>\u201cDios tiene poder. Dios cambia a las personas,\u201d afirma.<\/p>\n<p>Chamorro comparti\u00f3 su historia en la reuni\u00f3n trienal de la Fraternidad Mundial Misionera (GMF por su sigla en ingl\u00e9s) y de la Red de Servicio Anabautista Mundial, en Kenia en abril del 2018. El ministerio carcelario es parte del trabajo realizado por Vereinigung der Mennoniten Br\u00fcder Gemeinden Paraguays, miembro de la GMF. \u201cLes animo a tener una iglesia dentro de una penitenciaria\u201d, finaliz\u00f3 Chamorro, \u201ces un gran honor\u201d.<\/p>\n<p><em>\u2014Karla Braun, Comunicado del Congreso Mundial Menonita<\/em><\/p>\n","protected":false},"excerpt":{"rendered":"<p>NULL<\/p>\n","protected":false},"author":1,"featured_media":89546,"comment_status":"closed","ping_status":"closed","sticky":false,"template":"","format":"standard","meta":{"_acf_changed":false,"footnotes":""},"categories":[6],"tags":[],"network":[1299,1291],"eventcategory":[],"class_list":["post-8809","post","type-post","status-publish","format-standard","has-post-thumbnail","hentry","category-sin-categorizar","network-global-anabaptist-service-network-es","network-global-mission-fellowship-es"],"acf":[],"yoast_head":"<!-- This site is optimized with the Yoast SEO plugin v27.5 - https:\/\/yoast.com\/product\/yoast-seo-wordpress\/ -->\n<title>El Esp\u00edritu Santo transforma la c\u00e1rcel - Mennonite World Conference<\/title>\n<meta name=\"robots\" content=\"index, follow, max-snippet:-1, max-image-preview:large, max-video-preview:-1\" \/>\n<link rel=\"canonical\" href=\"https:\/\/mwc-cmm.org\/es\/stories\/el-espiritu-santo-transforma-la-carcel\/\" \/>\n<meta property=\"og:locale\" content=\"es_ES\" \/>\n<meta property=\"og:type\" content=\"article\" \/>\n<meta property=\"og:title\" content=\"El Esp\u00edritu Santo transforma la c\u00e1rcel - Mennonite World Conference\" \/>\n<meta property=\"og:description\" content=\"NULL\" \/>\n<meta property=\"og:url\" content=\"https:\/\/mwc-cmm.org\/es\/stories\/el-espiritu-santo-transforma-la-carcel\/\" \/>\n<meta property=\"og:site_name\" content=\"Mennonite World Conference\" \/>\n<meta property=\"article:publisher\" content=\"https:\/\/www.facebook.com\/MennoniteWorldConference\" \/>\n<meta property=\"article:published_time\" content=\"2018-07-18T00:00:00+00:00\" \/>\n<meta property=\"article:modified_time\" content=\"2024-12-10T18:01:25+00:00\" \/>\n<meta property=\"og:image\" content=\"https:\/\/mwc-cmm.org\/wp-content\/uploads\/2024\/11\/nr_paraguray_prison_1.jpeg\" \/>\n\t<meta property=\"og:image:width\" content=\"1000\" \/>\n\t<meta property=\"og:image:height\" content=\"563\" \/>\n\t<meta property=\"og:image:type\" content=\"image\/jpeg\" \/>\n<meta name=\"author\" content=\"mennworldcon\" \/>\n<script type=\"application\/ld+json\" class=\"yoast-schema-graph\">{\"@context\":\"https:\\\/\\\/schema.org\",\"@graph\":[{\"@type\":\"Article\",\"@id\":\"https:\\\/\\\/mwc-cmm.org\\\/es\\\/stories\\\/el-espiritu-santo-transforma-la-carcel\\\/#article\",\"isPartOf\":{\"@id\":\"https:\\\/\\\/mwc-cmm.org\\\/es\\\/stories\\\/el-espiritu-santo-transforma-la-carcel\\\/\"},\"author\":{\"name\":\"mennworldcon\",\"@id\":\"https:\\\/\\\/mwc-cmm.org\\\/en\\\/#\\\/schema\\\/person\\\/11f6ae0d7d1868ba20a1cc27f067c836\"},\"headline\":\"El Esp\u00edritu Santo transforma la c\u00e1rcel\",\"datePublished\":\"2018-07-18T00:00:00+00:00\",\"dateModified\":\"2024-12-10T18:01:25+00:00\",\"mainEntityOfPage\":{\"@id\":\"https:\\\/\\\/mwc-cmm.org\\\/es\\\/stories\\\/el-espiritu-santo-transforma-la-carcel\\\/\"},\"wordCount\":514,\"publisher\":{\"@id\":\"https:\\\/\\\/mwc-cmm.org\\\/en\\\/#organization\"},\"image\":{\"@id\":\"https:\\\/\\\/mwc-cmm.org\\\/es\\\/stories\\\/el-espiritu-santo-transforma-la-carcel\\\/#primaryimage\"},\"thumbnailUrl\":\"https:\\\/\\\/mwc-cmm.org\\\/wp-content\\\/uploads\\\/2024\\\/11\\\/nr_paraguray_prison_1.jpeg\",\"articleSection\":[\"Sin categorizar\"],\"inLanguage\":\"es\"},{\"@type\":\"WebPage\",\"@id\":\"https:\\\/\\\/mwc-cmm.org\\\/es\\\/stories\\\/el-espiritu-santo-transforma-la-carcel\\\/\",\"url\":\"https:\\\/\\\/mwc-cmm.org\\\/es\\\/stories\\\/el-espiritu-santo-transforma-la-carcel\\\/\",\"name\":\"El Esp\u00edritu Santo transforma la c\u00e1rcel - Mennonite World Conference\",\"isPartOf\":{\"@id\":\"https:\\\/\\\/mwc-cmm.org\\\/en\\\/#website\"},\"primaryImageOfPage\":{\"@id\":\"https:\\\/\\\/mwc-cmm.org\\\/es\\\/stories\\\/el-espiritu-santo-transforma-la-carcel\\\/#primaryimage\"},\"image\":{\"@id\":\"https:\\\/\\\/mwc-cmm.org\\\/es\\\/stories\\\/el-espiritu-santo-transforma-la-carcel\\\/#primaryimage\"},\"thumbnailUrl\":\"https:\\\/\\\/mwc-cmm.org\\\/wp-content\\\/uploads\\\/2024\\\/11\\\/nr_paraguray_prison_1.jpeg\",\"datePublished\":\"2018-07-18T00:00:00+00:00\",\"dateModified\":\"2024-12-10T18:01:25+00:00\",\"breadcrumb\":{\"@id\":\"https:\\\/\\\/mwc-cmm.org\\\/es\\\/stories\\\/el-espiritu-santo-transforma-la-carcel\\\/#breadcrumb\"},\"inLanguage\":\"es\",\"potentialAction\":[{\"@type\":\"ReadAction\",\"target\":[\"https:\\\/\\\/mwc-cmm.org\\\/es\\\/stories\\\/el-espiritu-santo-transforma-la-carcel\\\/\"]}]},{\"@type\":\"ImageObject\",\"inLanguage\":\"es\",\"@id\":\"https:\\\/\\\/mwc-cmm.org\\\/es\\\/stories\\\/el-espiritu-santo-transforma-la-carcel\\\/#primaryimage\",\"url\":\"https:\\\/\\\/mwc-cmm.org\\\/wp-content\\\/uploads\\\/2024\\\/11\\\/nr_paraguray_prison_1.jpeg\",\"contentUrl\":\"https:\\\/\\\/mwc-cmm.org\\\/wp-content\\\/uploads\\\/2024\\\/11\\\/nr_paraguray_prison_1.jpeg\",\"width\":1000,\"height\":563},{\"@type\":\"BreadcrumbList\",\"@id\":\"https:\\\/\\\/mwc-cmm.org\\\/es\\\/stories\\\/el-espiritu-santo-transforma-la-carcel\\\/#breadcrumb\",\"itemListElement\":[{\"@type\":\"ListItem\",\"position\":1,\"name\":\"Home\",\"item\":\"https:\\\/\\\/mwc-cmm.org\\\/es\\\/\"},{\"@type\":\"ListItem\",\"position\":2,\"name\":\"El Esp\u00edritu Santo transforma la c\u00e1rcel\"}]},{\"@type\":\"WebSite\",\"@id\":\"https:\\\/\\\/mwc-cmm.org\\\/en\\\/#website\",\"url\":\"https:\\\/\\\/mwc-cmm.org\\\/en\\\/\",\"name\":\"Mennonite World Conference\",\"description\":\"A communion of Anabaptist-related churches\",\"publisher\":{\"@id\":\"https:\\\/\\\/mwc-cmm.org\\\/en\\\/#organization\"},\"alternateName\":\"MWC\",\"potentialAction\":[{\"@type\":\"SearchAction\",\"target\":{\"@type\":\"EntryPoint\",\"urlTemplate\":\"https:\\\/\\\/mwc-cmm.org\\\/en\\\/?s={search_term_string}\"},\"query-input\":{\"@type\":\"PropertyValueSpecification\",\"valueRequired\":true,\"valueName\":\"search_term_string\"}}],\"inLanguage\":\"es\"},{\"@type\":\"Organization\",\"@id\":\"https:\\\/\\\/mwc-cmm.org\\\/en\\\/#organization\",\"name\":\"Mennonite World Conference\",\"alternateName\":\"MWC\",\"url\":\"https:\\\/\\\/mwc-cmm.org\\\/en\\\/\",\"logo\":{\"@type\":\"ImageObject\",\"inLanguage\":\"es\",\"@id\":\"https:\\\/\\\/mwc-cmm.org\\\/en\\\/#\\\/schema\\\/logo\\\/image\\\/\",\"url\":\"https:\\\/\\\/mwc-cmm.org\\\/wp-content\\\/uploads\\\/2026\\\/01\\\/MWC_Sig_Blue_Horiz_webheader1-logo.svg\",\"contentUrl\":\"https:\\\/\\\/mwc-cmm.org\\\/wp-content\\\/uploads\\\/2026\\\/01\\\/MWC_Sig_Blue_Horiz_webheader1-logo.svg\",\"width\":786,\"height\":82,\"caption\":\"Mennonite World Conference\"},\"image\":{\"@id\":\"https:\\\/\\\/mwc-cmm.org\\\/en\\\/#\\\/schema\\\/logo\\\/image\\\/\"},\"sameAs\":[\"https:\\\/\\\/www.facebook.com\\\/MennoniteWorldConference\",\"https:\\\/\\\/www.linkedin.com\\\/company\\\/mennonite-world-conference-mwc\\\/\",\"https:\\\/\\\/www.instagram.com\\\/mwcmm\\\/\",\"https:\\\/\\\/www.youtube.com\\\/user\\\/mwccmm\",\"https:\\\/\\\/bsky.app\\\/profile\\\/mwcmm.bsky.social\"]},{\"@type\":\"Person\",\"@id\":\"https:\\\/\\\/mwc-cmm.org\\\/en\\\/#\\\/schema\\\/person\\\/11f6ae0d7d1868ba20a1cc27f067c836\",\"name\":\"mennworldcon\",\"image\":{\"@type\":\"ImageObject\",\"inLanguage\":\"es\",\"@id\":\"https:\\\/\\\/secure.gravatar.com\\\/avatar\\\/06fdc0dc81c157dfdb82ec42f252178a22307808988d22c043f9eb96f1e0fe80?s=96&d=mm&r=g\",\"url\":\"https:\\\/\\\/secure.gravatar.com\\\/avatar\\\/06fdc0dc81c157dfdb82ec42f252178a22307808988d22c043f9eb96f1e0fe80?s=96&d=mm&r=g\",\"contentUrl\":\"https:\\\/\\\/secure.gravatar.com\\\/avatar\\\/06fdc0dc81c157dfdb82ec42f252178a22307808988d22c043f9eb96f1e0fe80?s=96&d=mm&r=g\",\"caption\":\"mennworldcon\"},\"sameAs\":[\"https:\\\/\\\/mwc-cmm.org\"],\"url\":\"https:\\\/\\\/mwc-cmm.org\\\/es\\\/stories\\\/author\\\/mennworldcon\\\/\"}]}<\/script>\n<!-- \/ Yoast SEO plugin. -->","yoast_head_json":{"title":"El Esp\u00edritu Santo transforma la c\u00e1rcel - Mennonite World Conference","robots":{"index":"index","follow":"follow","max-snippet":"max-snippet:-1","max-image-preview":"max-image-preview:large","max-video-preview":"max-video-preview:-1"},"canonical":"https:\/\/mwc-cmm.org\/es\/stories\/el-espiritu-santo-transforma-la-carcel\/","og_locale":"es_ES","og_type":"article","og_title":"El Esp\u00edritu Santo transforma la c\u00e1rcel - Mennonite World Conference","og_description":"NULL","og_url":"https:\/\/mwc-cmm.org\/es\/stories\/el-espiritu-santo-transforma-la-carcel\/","og_site_name":"Mennonite World Conference","article_publisher":"https:\/\/www.facebook.com\/MennoniteWorldConference","article_published_time":"2018-07-18T00:00:00+00:00","article_modified_time":"2024-12-10T18:01:25+00:00","og_image":[{"width":1000,"height":563,"url":"https:\/\/mwc-cmm.org\/wp-content\/uploads\/2024\/11\/nr_paraguray_prison_1.jpeg","type":"image\/jpeg"}],"author":"mennworldcon","schema":{"@context":"https:\/\/schema.org","@graph":[{"@type":"Article","@id":"https:\/\/mwc-cmm.org\/es\/stories\/el-espiritu-santo-transforma-la-carcel\/#article","isPartOf":{"@id":"https:\/\/mwc-cmm.org\/es\/stories\/el-espiritu-santo-transforma-la-carcel\/"},"author":{"name":"mennworldcon","@id":"https:\/\/mwc-cmm.org\/en\/#\/schema\/person\/11f6ae0d7d1868ba20a1cc27f067c836"},"headline":"El Esp\u00edritu Santo transforma la c\u00e1rcel","datePublished":"2018-07-18T00:00:00+00:00","dateModified":"2024-12-10T18:01:25+00:00","mainEntityOfPage":{"@id":"https:\/\/mwc-cmm.org\/es\/stories\/el-espiritu-santo-transforma-la-carcel\/"},"wordCount":514,"publisher":{"@id":"https:\/\/mwc-cmm.org\/en\/#organization"},"image":{"@id":"https:\/\/mwc-cmm.org\/es\/stories\/el-espiritu-santo-transforma-la-carcel\/#primaryimage"},"thumbnailUrl":"https:\/\/mwc-cmm.org\/wp-content\/uploads\/2024\/11\/nr_paraguray_prison_1.jpeg","articleSection":["Sin categorizar"],"inLanguage":"es"},{"@type":"WebPage","@id":"https:\/\/mwc-cmm.org\/es\/stories\/el-espiritu-santo-transforma-la-carcel\/","url":"https:\/\/mwc-cmm.org\/es\/stories\/el-espiritu-santo-transforma-la-carcel\/","name":"El Esp\u00edritu Santo transforma la c\u00e1rcel - Mennonite World Conference","isPartOf":{"@id":"https:\/\/mwc-cmm.org\/en\/#website"},"primaryImageOfPage":{"@id":"https:\/\/mwc-cmm.org\/es\/stories\/el-espiritu-santo-transforma-la-carcel\/#primaryimage"},"image":{"@id":"https:\/\/mwc-cmm.org\/es\/stories\/el-espiritu-santo-transforma-la-carcel\/#primaryimage"},"thumbnailUrl":"https:\/\/mwc-cmm.org\/wp-content\/uploads\/2024\/11\/nr_paraguray_prison_1.jpeg","datePublished":"2018-07-18T00:00:00+00:00","dateModified":"2024-12-10T18:01:25+00:00","breadcrumb":{"@id":"https:\/\/mwc-cmm.org\/es\/stories\/el-espiritu-santo-transforma-la-carcel\/#breadcrumb"},"inLanguage":"es","potentialAction":[{"@type":"ReadAction","target":["https:\/\/mwc-cmm.org\/es\/stories\/el-espiritu-santo-transforma-la-carcel\/"]}]},{"@type":"ImageObject","inLanguage":"es","@id":"https:\/\/mwc-cmm.org\/es\/stories\/el-espiritu-santo-transforma-la-carcel\/#primaryimage","url":"https:\/\/mwc-cmm.org\/wp-content\/uploads\/2024\/11\/nr_paraguray_prison_1.jpeg","contentUrl":"https:\/\/mwc-cmm.org\/wp-content\/uploads\/2024\/11\/nr_paraguray_prison_1.jpeg","width":1000,"height":563},{"@type":"BreadcrumbList","@id":"https:\/\/mwc-cmm.org\/es\/stories\/el-espiritu-santo-transforma-la-carcel\/#breadcrumb","itemListElement":[{"@type":"ListItem","position":1,"name":"Home","item":"https:\/\/mwc-cmm.org\/es\/"},{"@type":"ListItem","position":2,"name":"El Esp\u00edritu Santo transforma la c\u00e1rcel"}]},{"@type":"WebSite","@id":"https:\/\/mwc-cmm.org\/en\/#website","url":"https:\/\/mwc-cmm.org\/en\/","name":"Mennonite World Conference","description":"A communion of Anabaptist-related churches","publisher":{"@id":"https:\/\/mwc-cmm.org\/en\/#organization"},"alternateName":"MWC","potentialAction":[{"@type":"SearchAction","target":{"@type":"EntryPoint","urlTemplate":"https:\/\/mwc-cmm.org\/en\/?s={search_term_string}"},"query-input":{"@type":"PropertyValueSpecification","valueRequired":true,"valueName":"search_term_string"}}],"inLanguage":"es"},{"@type":"Organization","@id":"https:\/\/mwc-cmm.org\/en\/#organization","name":"Mennonite World Conference","alternateName":"MWC","url":"https:\/\/mwc-cmm.org\/en\/","logo":{"@type":"ImageObject","inLanguage":"es","@id":"https:\/\/mwc-cmm.org\/en\/#\/schema\/logo\/image\/","url":"https:\/\/mwc-cmm.org\/wp-content\/uploads\/2026\/01\/MWC_Sig_Blue_Horiz_webheader1-logo.svg","contentUrl":"https:\/\/mwc-cmm.org\/wp-content\/uploads\/2026\/01\/MWC_Sig_Blue_Horiz_webheader1-logo.svg","width":786,"height":82,"caption":"Mennonite World Conference"},"image":{"@id":"https:\/\/mwc-cmm.org\/en\/#\/schema\/logo\/image\/"},"sameAs":["https:\/\/www.facebook.com\/MennoniteWorldConference","https:\/\/www.linkedin.com\/company\/mennonite-world-conference-mwc\/","https:\/\/www.instagram.com\/mwcmm\/","https:\/\/www.youtube.com\/user\/mwccmm","https:\/\/bsky.app\/profile\/mwcmm.bsky.social"]},{"@type":"Person","@id":"https:\/\/mwc-cmm.org\/en\/#\/schema\/person\/11f6ae0d7d1868ba20a1cc27f067c836","name":"mennworldcon","image":{"@type":"ImageObject","inLanguage":"es","@id":"https:\/\/secure.gravatar.com\/avatar\/06fdc0dc81c157dfdb82ec42f252178a22307808988d22c043f9eb96f1e0fe80?s=96&d=mm&r=g","url":"https:\/\/secure.gravatar.com\/avatar\/06fdc0dc81c157dfdb82ec42f252178a22307808988d22c043f9eb96f1e0fe80?s=96&d=mm&r=g","contentUrl":"https:\/\/secure.gravatar.com\/avatar\/06fdc0dc81c157dfdb82ec42f252178a22307808988d22c043f9eb96f1e0fe80?s=96&d=mm&r=g","caption":"mennworldcon"},"sameAs":["https:\/\/mwc-cmm.org"],"url":"https:\/\/mwc-cmm.org\/es\/stories\/author\/mennworldcon\/"}]}},"_links":{"self":[{"href":"https:\/\/mwc-cmm.org\/es\/wp-json\/wp\/v2\/posts\/8809","targetHints":{"allow":["GET"]}}],"collection":[{"href":"https:\/\/mwc-cmm.org\/es\/wp-json\/wp\/v2\/posts"}],"about":[{"href":"https:\/\/mwc-cmm.org\/es\/wp-json\/wp\/v2\/types\/post"}],"author":[{"embeddable":true,"href":"https:\/\/mwc-cmm.org\/es\/wp-json\/wp\/v2\/users\/1"}],"replies":[{"embeddable":true,"href":"https:\/\/mwc-cmm.org\/es\/wp-json\/wp\/v2\/comments?post=8809"}],"version-history":[{"count":0,"href":"https:\/\/mwc-cmm.org\/es\/wp-json\/wp\/v2\/posts\/8809\/revisions"}],"wp:featuredmedia":[{"embeddable":true,"href":"https:\/\/mwc-cmm.org\/es\/wp-json\/wp\/v2\/media\/89546"}],"wp:attachment":[{"href":"https:\/\/mwc-cmm.org\/es\/wp-json\/wp\/v2\/media?parent=8809"}],"wp:term":[{"taxonomy":"category","embeddable":true,"href":"https:\/\/mwc-cmm.org\/es\/wp-json\/wp\/v2\/categories?post=8809"},{"taxonomy":"post_tag","embeddable":true,"href":"https:\/\/mwc-cmm.org\/es\/wp-json\/wp\/v2\/tags?post=8809"},{"taxonomy":"network","embeddable":true,"href":"https:\/\/mwc-cmm.org\/es\/wp-json\/wp\/v2\/network?post=8809"},{"taxonomy":"eventcategory","embeddable":true,"href":"https:\/\/mwc-cmm.org\/es\/wp-json\/wp\/v2\/eventcategory?post=8809"}],"curies":[{"name":"wp","href":"https:\/\/api.w.org\/{rel}","templated":true}]}}