{"id":8808,"date":"2018-07-18T00:00:00","date_gmt":"2018-07-18T00:00:00","guid":{"rendered":"https:\/\/mwc-cmm.org\/10-principles-of-leadership-transition-3\/"},"modified":"2024-12-10T18:01:25","modified_gmt":"2024-12-10T18:01:25","slug":"10-principios-para-la-transicion-en-el-liderazgo","status":"publish","type":"post","link":"https:\/\/mwc-cmm.org\/es\/stories\/10-principios-para-la-transicion-en-el-liderazgo\/","title":{"rendered":"10 principios para la transici\u00f3n en el liderazgo"},"content":{"rendered":"<p>La Biblia nos cuenta historias sobre transiciones en el liderazgo: Mois\u00e9s camin\u00f3 con Josu\u00e9 y lo prepar\u00f3 para guiar a los israelitas; historias en el libro de Reyes, cuentan sobre aproximaciones menos sabias para la finalizaci\u00f3n de un ministerio.<\/p>\n<p>Hoy en d\u00eda una transici\u00f3n de liderazgo saludable es m\u00e1s necesaria que nunca. Hay varios elementos a tener en cuenta: el llamado de Dios adem\u00e1s de disposici\u00f3n y humildad para servir y ser servidos &#8211; tanto por parte del futuro l\u00edder como por parte de quienes est\u00e1n dejando el liderazgo.<\/p>\n<p>En su encuentro anual de l\u00edderes llevado a cabo del 24 al 26 de febrero de 2018, la Iglesia Anabautista en Espa\u00f1a (AmyHCE \u2013 Anabautistas, Menonitas y Hermanos en Cristo de Espa\u00f1a) discerni\u00f3 estos 10 principios de un liderazgo a la imagen de Cristo pensando en c\u00f3mo desarrollarlo en la pr\u00f3xima generaci\u00f3n.<\/p>\n<ol>\n<li>Tenemos que luchar con nosotros mismos para superar nuestra historia y nuestras tendencias, asimismo, volver a la vida de los primeros disc\u00edpulos y de la iglesia primitiva.<\/li>\n<li>Es importante que conozcamos nuestros propios dones (tanto naturales como espirituales) y que estos sean reconocidos por otros, permitiendo as\u00ed que los mismos se desarrollen.<\/li>\n<li>Es importante que seamos modelos los unos de los otros y que transmitamos el deseo y entusiasmo de servir a Dios, no como si esto fuera una carga.<\/li>\n<li>Es fundamental despertar la sed de Dios en los j\u00f3venes.<\/li>\n<li>En el Nuevo Testamento no hab\u00eda pastores: no necesitamos grandes pastores sino un mont\u00f3n de peque\u00f1os siervos deseosos de servir a Dios.<\/li>\n<li>Los j\u00f3venes necesitan recursos al desarrollar sus dones, as\u00ed como escuchar a Dios y lanzarse al servicio.<\/li>\n<li>Los j\u00f3venes nunca deber\u00edan caminar solos; debe haber alguien a su lado para darles seguridad, instrucci\u00f3n y confianza, adem\u00e1s de ayudarles a levantar si se caen.<\/li>\n<li>Es mejor empezar ahora a cambiar conjuntamente, comenzando con el empoderamiento de los j\u00f3venes que ya est\u00e1n involucrados en alg\u00fan ministerio.<\/li>\n<li>El discipulado es un proceso que consiste en caminar juntos los unos con los otros as\u00ed como con Jes\u00fas. Esto requiere dedicaci\u00f3n, compromiso y comprensi\u00f3n de la relaci\u00f3n (reconocimiento de la posici\u00f3n de cada uno as\u00ed como de la sujeci\u00f3n).<\/li>\n<li>Orientaci\u00f3n y gu\u00eda es un regalo que puede ser proporcionado por gente experimentada.<\/li>\n<\/ol>\n<p>\u201cDialogar siempre es bueno, y m\u00e1s a\u00fan cuando hay un objetivo com\u00fan\u201d, indica Judit Men\u00e9ndez Olalla, una joven l\u00edder que particip\u00f3 en el evento.<\/p>\n<p>\u201cLos l\u00edderes con experiencia tienen a\u00fan mayor anhelo que los propios j\u00f3venes, de que la rueda avance y el relevo de liderazgo sea una realidad. Que distintos j\u00f3venes fu\u00e9ramos invitados a participar de este retiro fue una muestra pr\u00e1ctica de que su deseo por trabajar y servir con nosotros es real.<\/p>\n<p>\u201cEl mayor desaf\u00edo no est\u00e1 tanto en el relevo generacional, sino en aprender a trabajar juntos\u201d.<\/p>\n<p><em>\u2014Karla Braun, Comunicado del Congreso Mundial Menonita<\/em><\/p>\n","protected":false},"excerpt":{"rendered":"<p>NULL<\/p>\n","protected":false},"author":1,"featured_media":89532,"comment_status":"closed","ping_status":"closed","sticky":false,"template":"","format":"standard","meta":{"_acf_changed":false,"footnotes":""},"categories":[6],"tags":[],"network":[],"eventcategory":[],"class_list":["post-8808","post","type-post","status-publish","format-standard","has-post-thumbnail","hentry","category-sin-categorizar"],"acf":[],"yoast_head":"<!-- This site is optimized with the Yoast SEO plugin v27.2 - https:\/\/yoast.com\/product\/yoast-seo-wordpress\/ -->\n<title>10 principios para la transici\u00f3n en el liderazgo - Mennonite World Conference<\/title>\n<meta name=\"robots\" content=\"index, follow, max-snippet:-1, max-image-preview:large, max-video-preview:-1\" \/>\n<link rel=\"canonical\" href=\"https:\/\/mwc-cmm.org\/es\/stories\/10-principios-para-la-transicion-en-el-liderazgo\/\" \/>\n<meta property=\"og:locale\" content=\"es_ES\" \/>\n<meta property=\"og:type\" content=\"article\" \/>\n<meta property=\"og:title\" content=\"10 principios para la transici\u00f3n en el liderazgo - Mennonite World Conference\" \/>\n<meta property=\"og:description\" content=\"NULL\" \/>\n<meta property=\"og:url\" content=\"https:\/\/mwc-cmm.org\/es\/stories\/10-principios-para-la-transicion-en-el-liderazgo\/\" \/>\n<meta property=\"og:site_name\" content=\"Mennonite World Conference\" \/>\n<meta property=\"article:publisher\" content=\"https:\/\/www.facebook.com\/MennoniteWorldConference\" \/>\n<meta property=\"article:published_time\" content=\"2018-07-18T00:00:00+00:00\" \/>\n<meta property=\"article:modified_time\" content=\"2024-12-10T18:01:25+00:00\" \/>\n<meta property=\"og:image\" content=\"https:\/\/mwc-cmm.org\/wp-content\/uploads\/2024\/11\/20180225henkstenversimg_3362.jpg\" \/>\n\t<meta property=\"og:image:width\" content=\"1000\" \/>\n\t<meta property=\"og:image:height\" content=\"667\" \/>\n\t<meta property=\"og:image:type\" content=\"image\/jpeg\" \/>\n<meta name=\"author\" content=\"mennworldcon\" \/>\n<script type=\"application\/ld+json\" class=\"yoast-schema-graph\">{\"@context\":\"https:\/\/schema.org\",\"@graph\":[{\"@type\":\"Article\",\"@id\":\"https:\/\/mwc-cmm.org\/es\/stories\/10-principios-para-la-transicion-en-el-liderazgo\/#article\",\"isPartOf\":{\"@id\":\"https:\/\/mwc-cmm.org\/es\/stories\/10-principios-para-la-transicion-en-el-liderazgo\/\"},\"author\":{\"name\":\"mennworldcon\",\"@id\":\"https:\/\/mwc-cmm.org\/en\/#\/schema\/person\/11f6ae0d7d1868ba20a1cc27f067c836\"},\"headline\":\"10 principios para la transici\u00f3n en el liderazgo\",\"datePublished\":\"2018-07-18T00:00:00+00:00\",\"dateModified\":\"2024-12-10T18:01:25+00:00\",\"mainEntityOfPage\":{\"@id\":\"https:\/\/mwc-cmm.org\/es\/stories\/10-principios-para-la-transicion-en-el-liderazgo\/\"},\"wordCount\":519,\"publisher\":{\"@id\":\"https:\/\/mwc-cmm.org\/en\/#organization\"},\"image\":{\"@id\":\"https:\/\/mwc-cmm.org\/es\/stories\/10-principios-para-la-transicion-en-el-liderazgo\/#primaryimage\"},\"thumbnailUrl\":\"https:\/\/mwc-cmm.org\/wp-content\/uploads\/2024\/11\/20180225henkstenversimg_3362.jpg\",\"articleSection\":[\"Sin categorizar\"],\"inLanguage\":\"es\"},{\"@type\":\"WebPage\",\"@id\":\"https:\/\/mwc-cmm.org\/es\/stories\/10-principios-para-la-transicion-en-el-liderazgo\/\",\"url\":\"https:\/\/mwc-cmm.org\/es\/stories\/10-principios-para-la-transicion-en-el-liderazgo\/\",\"name\":\"10 principios para la transici\u00f3n en el liderazgo - Mennonite World Conference\",\"isPartOf\":{\"@id\":\"https:\/\/mwc-cmm.org\/en\/#website\"},\"primaryImageOfPage\":{\"@id\":\"https:\/\/mwc-cmm.org\/es\/stories\/10-principios-para-la-transicion-en-el-liderazgo\/#primaryimage\"},\"image\":{\"@id\":\"https:\/\/mwc-cmm.org\/es\/stories\/10-principios-para-la-transicion-en-el-liderazgo\/#primaryimage\"},\"thumbnailUrl\":\"https:\/\/mwc-cmm.org\/wp-content\/uploads\/2024\/11\/20180225henkstenversimg_3362.jpg\",\"datePublished\":\"2018-07-18T00:00:00+00:00\",\"dateModified\":\"2024-12-10T18:01:25+00:00\",\"breadcrumb\":{\"@id\":\"https:\/\/mwc-cmm.org\/es\/stories\/10-principios-para-la-transicion-en-el-liderazgo\/#breadcrumb\"},\"inLanguage\":\"es\",\"potentialAction\":[{\"@type\":\"ReadAction\",\"target\":[\"https:\/\/mwc-cmm.org\/es\/stories\/10-principios-para-la-transicion-en-el-liderazgo\/\"]}]},{\"@type\":\"ImageObject\",\"inLanguage\":\"es\",\"@id\":\"https:\/\/mwc-cmm.org\/es\/stories\/10-principios-para-la-transicion-en-el-liderazgo\/#primaryimage\",\"url\":\"https:\/\/mwc-cmm.org\/wp-content\/uploads\/2024\/11\/20180225henkstenversimg_3362.jpg\",\"contentUrl\":\"https:\/\/mwc-cmm.org\/wp-content\/uploads\/2024\/11\/20180225henkstenversimg_3362.jpg\",\"width\":1000,\"height\":667},{\"@type\":\"BreadcrumbList\",\"@id\":\"https:\/\/mwc-cmm.org\/es\/stories\/10-principios-para-la-transicion-en-el-liderazgo\/#breadcrumb\",\"itemListElement\":[{\"@type\":\"ListItem\",\"position\":1,\"name\":\"Home\",\"item\":\"https:\/\/mwc-cmm.org\/es\/\"},{\"@type\":\"ListItem\",\"position\":2,\"name\":\"10 principios para la transici\u00f3n en el liderazgo\"}]},{\"@type\":\"WebSite\",\"@id\":\"https:\/\/mwc-cmm.org\/en\/#website\",\"url\":\"https:\/\/mwc-cmm.org\/en\/\",\"name\":\"Mennonite World Conference\",\"description\":\"A communion of Anabaptist-related churches\",\"publisher\":{\"@id\":\"https:\/\/mwc-cmm.org\/en\/#organization\"},\"alternateName\":\"MWC\",\"potentialAction\":[{\"@type\":\"SearchAction\",\"target\":{\"@type\":\"EntryPoint\",\"urlTemplate\":\"https:\/\/mwc-cmm.org\/en\/?s={search_term_string}\"},\"query-input\":{\"@type\":\"PropertyValueSpecification\",\"valueRequired\":true,\"valueName\":\"search_term_string\"}}],\"inLanguage\":\"es\"},{\"@type\":\"Organization\",\"@id\":\"https:\/\/mwc-cmm.org\/en\/#organization\",\"name\":\"Mennonite World Conference\",\"alternateName\":\"MWC\",\"url\":\"https:\/\/mwc-cmm.org\/en\/\",\"logo\":{\"@type\":\"ImageObject\",\"inLanguage\":\"es\",\"@id\":\"https:\/\/mwc-cmm.org\/en\/#\/schema\/logo\/image\/\",\"url\":\"https:\/\/mwc-cmm.org\/wp-content\/uploads\/2026\/01\/MWC_Sig_Blue_Horiz_webheader1-logo.svg\",\"contentUrl\":\"https:\/\/mwc-cmm.org\/wp-content\/uploads\/2026\/01\/MWC_Sig_Blue_Horiz_webheader1-logo.svg\",\"width\":786,\"height\":82,\"caption\":\"Mennonite World Conference\"},\"image\":{\"@id\":\"https:\/\/mwc-cmm.org\/en\/#\/schema\/logo\/image\/\"},\"sameAs\":[\"https:\/\/www.facebook.com\/MennoniteWorldConference\",\"https:\/\/www.linkedin.com\/company\/mennonite-world-conference-mwc\/\",\"https:\/\/www.instagram.com\/mwcmm\/\",\"https:\/\/www.youtube.com\/user\/mwccmm\",\"https:\/\/bsky.app\/profile\/mwcmm.bsky.social\"]},{\"@type\":\"Person\",\"@id\":\"https:\/\/mwc-cmm.org\/en\/#\/schema\/person\/11f6ae0d7d1868ba20a1cc27f067c836\",\"name\":\"mennworldcon\",\"image\":{\"@type\":\"ImageObject\",\"inLanguage\":\"es\",\"@id\":\"https:\/\/secure.gravatar.com\/avatar\/06fdc0dc81c157dfdb82ec42f252178a22307808988d22c043f9eb96f1e0fe80?s=96&d=mm&r=g\",\"url\":\"https:\/\/secure.gravatar.com\/avatar\/06fdc0dc81c157dfdb82ec42f252178a22307808988d22c043f9eb96f1e0fe80?s=96&d=mm&r=g\",\"contentUrl\":\"https:\/\/secure.gravatar.com\/avatar\/06fdc0dc81c157dfdb82ec42f252178a22307808988d22c043f9eb96f1e0fe80?s=96&d=mm&r=g\",\"caption\":\"mennworldcon\"},\"sameAs\":[\"https:\/\/mwc-cmm.org\"],\"url\":\"https:\/\/mwc-cmm.org\/es\/stories\/author\/mennworldcon\/\"}]}<\/script>\n<!-- \/ Yoast SEO plugin. -->","yoast_head_json":{"title":"10 principios para la transici\u00f3n en el liderazgo - Mennonite World Conference","robots":{"index":"index","follow":"follow","max-snippet":"max-snippet:-1","max-image-preview":"max-image-preview:large","max-video-preview":"max-video-preview:-1"},"canonical":"https:\/\/mwc-cmm.org\/es\/stories\/10-principios-para-la-transicion-en-el-liderazgo\/","og_locale":"es_ES","og_type":"article","og_title":"10 principios para la transici\u00f3n en el liderazgo - Mennonite World Conference","og_description":"NULL","og_url":"https:\/\/mwc-cmm.org\/es\/stories\/10-principios-para-la-transicion-en-el-liderazgo\/","og_site_name":"Mennonite World Conference","article_publisher":"https:\/\/www.facebook.com\/MennoniteWorldConference","article_published_time":"2018-07-18T00:00:00+00:00","article_modified_time":"2024-12-10T18:01:25+00:00","og_image":[{"width":1000,"height":667,"url":"https:\/\/mwc-cmm.org\/wp-content\/uploads\/2024\/11\/20180225henkstenversimg_3362.jpg","type":"image\/jpeg"}],"author":"mennworldcon","schema":{"@context":"https:\/\/schema.org","@graph":[{"@type":"Article","@id":"https:\/\/mwc-cmm.org\/es\/stories\/10-principios-para-la-transicion-en-el-liderazgo\/#article","isPartOf":{"@id":"https:\/\/mwc-cmm.org\/es\/stories\/10-principios-para-la-transicion-en-el-liderazgo\/"},"author":{"name":"mennworldcon","@id":"https:\/\/mwc-cmm.org\/en\/#\/schema\/person\/11f6ae0d7d1868ba20a1cc27f067c836"},"headline":"10 principios para la transici\u00f3n en el liderazgo","datePublished":"2018-07-18T00:00:00+00:00","dateModified":"2024-12-10T18:01:25+00:00","mainEntityOfPage":{"@id":"https:\/\/mwc-cmm.org\/es\/stories\/10-principios-para-la-transicion-en-el-liderazgo\/"},"wordCount":519,"publisher":{"@id":"https:\/\/mwc-cmm.org\/en\/#organization"},"image":{"@id":"https:\/\/mwc-cmm.org\/es\/stories\/10-principios-para-la-transicion-en-el-liderazgo\/#primaryimage"},"thumbnailUrl":"https:\/\/mwc-cmm.org\/wp-content\/uploads\/2024\/11\/20180225henkstenversimg_3362.jpg","articleSection":["Sin categorizar"],"inLanguage":"es"},{"@type":"WebPage","@id":"https:\/\/mwc-cmm.org\/es\/stories\/10-principios-para-la-transicion-en-el-liderazgo\/","url":"https:\/\/mwc-cmm.org\/es\/stories\/10-principios-para-la-transicion-en-el-liderazgo\/","name":"10 principios para la transici\u00f3n en el liderazgo - Mennonite World Conference","isPartOf":{"@id":"https:\/\/mwc-cmm.org\/en\/#website"},"primaryImageOfPage":{"@id":"https:\/\/mwc-cmm.org\/es\/stories\/10-principios-para-la-transicion-en-el-liderazgo\/#primaryimage"},"image":{"@id":"https:\/\/mwc-cmm.org\/es\/stories\/10-principios-para-la-transicion-en-el-liderazgo\/#primaryimage"},"thumbnailUrl":"https:\/\/mwc-cmm.org\/wp-content\/uploads\/2024\/11\/20180225henkstenversimg_3362.jpg","datePublished":"2018-07-18T00:00:00+00:00","dateModified":"2024-12-10T18:01:25+00:00","breadcrumb":{"@id":"https:\/\/mwc-cmm.org\/es\/stories\/10-principios-para-la-transicion-en-el-liderazgo\/#breadcrumb"},"inLanguage":"es","potentialAction":[{"@type":"ReadAction","target":["https:\/\/mwc-cmm.org\/es\/stories\/10-principios-para-la-transicion-en-el-liderazgo\/"]}]},{"@type":"ImageObject","inLanguage":"es","@id":"https:\/\/mwc-cmm.org\/es\/stories\/10-principios-para-la-transicion-en-el-liderazgo\/#primaryimage","url":"https:\/\/mwc-cmm.org\/wp-content\/uploads\/2024\/11\/20180225henkstenversimg_3362.jpg","contentUrl":"https:\/\/mwc-cmm.org\/wp-content\/uploads\/2024\/11\/20180225henkstenversimg_3362.jpg","width":1000,"height":667},{"@type":"BreadcrumbList","@id":"https:\/\/mwc-cmm.org\/es\/stories\/10-principios-para-la-transicion-en-el-liderazgo\/#breadcrumb","itemListElement":[{"@type":"ListItem","position":1,"name":"Home","item":"https:\/\/mwc-cmm.org\/es\/"},{"@type":"ListItem","position":2,"name":"10 principios para la transici\u00f3n en el liderazgo"}]},{"@type":"WebSite","@id":"https:\/\/mwc-cmm.org\/en\/#website","url":"https:\/\/mwc-cmm.org\/en\/","name":"Mennonite World Conference","description":"A communion of Anabaptist-related churches","publisher":{"@id":"https:\/\/mwc-cmm.org\/en\/#organization"},"alternateName":"MWC","potentialAction":[{"@type":"SearchAction","target":{"@type":"EntryPoint","urlTemplate":"https:\/\/mwc-cmm.org\/en\/?s={search_term_string}"},"query-input":{"@type":"PropertyValueSpecification","valueRequired":true,"valueName":"search_term_string"}}],"inLanguage":"es"},{"@type":"Organization","@id":"https:\/\/mwc-cmm.org\/en\/#organization","name":"Mennonite World Conference","alternateName":"MWC","url":"https:\/\/mwc-cmm.org\/en\/","logo":{"@type":"ImageObject","inLanguage":"es","@id":"https:\/\/mwc-cmm.org\/en\/#\/schema\/logo\/image\/","url":"https:\/\/mwc-cmm.org\/wp-content\/uploads\/2026\/01\/MWC_Sig_Blue_Horiz_webheader1-logo.svg","contentUrl":"https:\/\/mwc-cmm.org\/wp-content\/uploads\/2026\/01\/MWC_Sig_Blue_Horiz_webheader1-logo.svg","width":786,"height":82,"caption":"Mennonite World Conference"},"image":{"@id":"https:\/\/mwc-cmm.org\/en\/#\/schema\/logo\/image\/"},"sameAs":["https:\/\/www.facebook.com\/MennoniteWorldConference","https:\/\/www.linkedin.com\/company\/mennonite-world-conference-mwc\/","https:\/\/www.instagram.com\/mwcmm\/","https:\/\/www.youtube.com\/user\/mwccmm","https:\/\/bsky.app\/profile\/mwcmm.bsky.social"]},{"@type":"Person","@id":"https:\/\/mwc-cmm.org\/en\/#\/schema\/person\/11f6ae0d7d1868ba20a1cc27f067c836","name":"mennworldcon","image":{"@type":"ImageObject","inLanguage":"es","@id":"https:\/\/secure.gravatar.com\/avatar\/06fdc0dc81c157dfdb82ec42f252178a22307808988d22c043f9eb96f1e0fe80?s=96&d=mm&r=g","url":"https:\/\/secure.gravatar.com\/avatar\/06fdc0dc81c157dfdb82ec42f252178a22307808988d22c043f9eb96f1e0fe80?s=96&d=mm&r=g","contentUrl":"https:\/\/secure.gravatar.com\/avatar\/06fdc0dc81c157dfdb82ec42f252178a22307808988d22c043f9eb96f1e0fe80?s=96&d=mm&r=g","caption":"mennworldcon"},"sameAs":["https:\/\/mwc-cmm.org"],"url":"https:\/\/mwc-cmm.org\/es\/stories\/author\/mennworldcon\/"}]}},"_links":{"self":[{"href":"https:\/\/mwc-cmm.org\/es\/wp-json\/wp\/v2\/posts\/8808","targetHints":{"allow":["GET"]}}],"collection":[{"href":"https:\/\/mwc-cmm.org\/es\/wp-json\/wp\/v2\/posts"}],"about":[{"href":"https:\/\/mwc-cmm.org\/es\/wp-json\/wp\/v2\/types\/post"}],"author":[{"embeddable":true,"href":"https:\/\/mwc-cmm.org\/es\/wp-json\/wp\/v2\/users\/1"}],"replies":[{"embeddable":true,"href":"https:\/\/mwc-cmm.org\/es\/wp-json\/wp\/v2\/comments?post=8808"}],"version-history":[{"count":0,"href":"https:\/\/mwc-cmm.org\/es\/wp-json\/wp\/v2\/posts\/8808\/revisions"}],"wp:featuredmedia":[{"embeddable":true,"href":"https:\/\/mwc-cmm.org\/es\/wp-json\/wp\/v2\/media\/89532"}],"wp:attachment":[{"href":"https:\/\/mwc-cmm.org\/es\/wp-json\/wp\/v2\/media?parent=8808"}],"wp:term":[{"taxonomy":"category","embeddable":true,"href":"https:\/\/mwc-cmm.org\/es\/wp-json\/wp\/v2\/categories?post=8808"},{"taxonomy":"post_tag","embeddable":true,"href":"https:\/\/mwc-cmm.org\/es\/wp-json\/wp\/v2\/tags?post=8808"},{"taxonomy":"network","embeddable":true,"href":"https:\/\/mwc-cmm.org\/es\/wp-json\/wp\/v2\/network?post=8808"},{"taxonomy":"eventcategory","embeddable":true,"href":"https:\/\/mwc-cmm.org\/es\/wp-json\/wp\/v2\/eventcategory?post=8808"}],"curies":[{"name":"wp","href":"https:\/\/api.w.org\/{rel}","templated":true}]}}