{"id":8802,"date":"2018-06-19T00:00:00","date_gmt":"2018-06-19T00:00:00","guid":{"rendered":"https:\/\/mwc-cmm.org\/taking-action-for-your-neighbourhood-3\/"},"modified":"2024-12-10T18:01:21","modified_gmt":"2024-12-10T18:01:21","slug":"realizar-acciones-por-su-barrio","status":"publish","type":"post","link":"https:\/\/mwc-cmm.org\/es\/stories\/realizar-acciones-por-su-barrio\/","title":{"rendered":"Realizar acciones por su barrio"},"content":{"rendered":"<p>Dice un dicho que nadie sabe lo que tiene hasta que lo pierde, y yo a\u00f1adir\u00eda, o hasta cuando vea la amenaza real de llegar a perderlo.<\/p>\n<p>Algo parecido nos pas\u00f3 con nuestros recursos naturales. Por mucho tiempo tuvimos agua limpia a nuestro alcance, aire saludable para respirar, y un entorno limpio y agradable. Pero cuando nuestra ciudad empez\u00f3 a crecer, comenzamos a ver basura a nuestro alrededor y nuestro aire se volvi\u00f3 de mala calidad. De pronto, nos dicen que est\u00e1n en peligro los r\u00edos y quebradas de donde proviene el agua cada vez menos disponible, -porque el pa\u00eds concesion\u00f3 los lugares donde nacen estas aguas para la explotaci\u00f3n minera, en especial del oro-, entonces empezamos a preocuparnos.<\/p>\n<p><strong>Nuestra responsabilidad con el medio ambiente<\/strong><\/p>\n<p>Ello nos llev\u00f3 a tomar en serio el cuidado de la naturaleza y unirnos a esta causa con muchas personas no necesariamente cristianas, pero con un profundo amor por la naturaleza. En concreto, pensamos que era nuestro deber involucrar a nuestra iglesia en la lucha contra la explotaci\u00f3n minera de oro en la regi\u00f3n de Cajamarca, con graves implicaciones ambientales para la regi\u00f3n.<\/p>\n<p>Es as\u00ed que empezamos a participar de multitudinarias \u201cMarchas Carnaval\u201d por la vida, el agua y la soberan\u00eda de nuestro territorio. Adem\u00e1s de implicaciones ecol\u00f3gicas y sociales, tambi\u00e9n tuvo repercusiones de tipo pol\u00edtico, pues llev\u00f3 a que las regiones promovieran consultas populares sobre si quer\u00edan explotaciones mineras que afectaran el medio ambiente en su territorio. Esto contradec\u00eda las leyes que facultaban a nuestro gobierno con el argumento que la Naci\u00f3n era la due\u00f1a del subsuelo, al concesionar estas tierras sin consultar con sus habitantes.<\/p>\n<p>Las grandes movilizaciones y la negativa de las comunidades expresadas en las consultas llevaron, por ahora, a la suspensi\u00f3n y el retiro de la compa\u00f1\u00eda minera de Cajamarca, que esperamos sea definitivo.<\/p>\n<p><strong>Conciencia ambiental en la iglesia<\/strong><\/p>\n<p>Paralelamente, nos dimos cuenta de que en nuestras comunidades eclesiales no se ten\u00eda un conocimiento o, mejor a\u00fan, una conciencia ambiental. Por tal motivo, en la escuela dominical empezamos una serie de ense\u00f1anzas para adolescentes, j\u00f3venes y adultos sobre el tema medioambiental, que llamamos Eco-teolog\u00eda. Varios de nosotros compartimos sobre el tema, entendiendo las razones por las cuales Dios, nuestro Padre Creador de todo cuanto existe, nos llama a ser cuidadores de su creaci\u00f3n.<\/p>\n<p>El tema suscit\u00f3 mucho inter\u00e9s en nuestra comunidad y comenzamos a ver claros compromisos e iniciativas de nuestros hermanos y hermanas. Algunas de las iniciativas vistas individualmente parecer\u00edan esfuerzos in\u00fatiles, pero miradas en conjunto, cuando se suman a las de los dem\u00e1s, comienzan a tener repercusi\u00f3n. <\/p>\n<p>Por ejemplo, nos dimos cuenta que ten\u00edamos que reciclar y empezar a hacerlo desde el origen de los desechos, lo cual nos llev\u00f3 a adquirir e instalar en nuestra iglesia un punto ecol\u00f3gico donde clasificamos nuestras basura para facilitar su reciclaje. La gente empez\u00f3 a traer las tapas pl\u00e1sticas de sus envases de refrescos y agua y donarlas a una entidad \u201ctapas para sanar\u201d, que las recicla y usa las utilidades para el cuidado de ni\u00f1os con c\u00e1ncer. Cuando hablamos sobre el da\u00f1o que hacen las pilas y bater\u00edas de celulares al medio ambiente, algunos hermanos comenzaron a llevar sus pilas en desuso a la iglesia; ahora tenemos que conseguir un contenedor adecuado para recibirlas y despu\u00e9s llevarlas a un lugar apropiado. Otra hermana entendi\u00f3 que si gast\u00e1bamos menos papel en nuestra iglesia y us\u00e1bamos el proyector para mostrar el orden del culto en lugar de entregar una copia impresa a cada persona, \u00edbamos a contribuir a salvar algunos \u00e1rboles. <\/p>\n<p>Y as\u00ed, peque\u00f1as acciones como recoger la basura, caminar, andar en bicicleta, no usar desechables y otras cositas, empezaron a ser importantes para todos. <\/p>\n<p><em><img decoding=\"async\" alt=\"\" data-src=\"\/sites\/default\/files\/website_files\/josevacabiodsc_2085-7.jpg\" style=\"width: 100px; height: 100px; float: right; margin-left: 5px; margin-right: 5px;\" src=\"data:image\/svg+xml;base64,PHN2ZyB3aWR0aD0iMSIgaGVpZ2h0PSIxIiB4bWxucz0iaHR0cDovL3d3dy53My5vcmcvMjAwMC9zdmciPjwvc3ZnPg==\" class=\"lazyload\" \/><\/em><\/p>\n<p>Durante casi un a\u00f1o enfatizamos la ense\u00f1anza sobre el cuidado del medio ambiente. Creemos que ahora somos una comunidad con un alto grado de compromiso y conciencia medioambiental.<\/p>\n<p><em>\u2014Jos\u00e9 Antonio Vaca Bello, miembro de la Iglesia Cristiana Menonita de Ibagu\u00e9, de Tolima, Colombia.<\/em><\/p>\n<p><em>Este art\u00edculo apareci\u00f3 por primera vez en <a href=\"https:\/\/mwc-cmm.org\/article\/correo?language=es\">Correo\/Courier\/Courrier en abril de 2018.<\/a><\/em><\/p>\n","protected":false},"excerpt":{"rendered":"<p>NULL<\/p>\n","protected":false},"author":1,"featured_media":89448,"comment_status":"closed","ping_status":"closed","sticky":false,"template":"","format":"standard","meta":{"_acf_changed":false,"footnotes":""},"categories":[6],"tags":[],"network":[1306,1248],"eventcategory":[],"class_list":["post-8802","post","type-post","status-publish","format-standard","has-post-thumbnail","hentry","category-sin-categorizar","network-courier-es","network-creation-care-task-force-es"],"acf":[],"yoast_head":"<!-- This site is optimized with the Yoast SEO plugin v27.5 - https:\/\/yoast.com\/product\/yoast-seo-wordpress\/ -->\n<title>Realizar acciones por su barrio - Mennonite World Conference<\/title>\n<meta name=\"robots\" content=\"index, follow, max-snippet:-1, max-image-preview:large, max-video-preview:-1\" \/>\n<link rel=\"canonical\" href=\"https:\/\/mwc-cmm.org\/en\/stories\/taking-action-your-neighbourhood\/\" \/>\n<meta property=\"og:locale\" content=\"es_ES\" \/>\n<meta property=\"og:type\" content=\"article\" \/>\n<meta property=\"og:title\" content=\"Realizar acciones por su barrio - Mennonite World Conference\" \/>\n<meta property=\"og:description\" content=\"NULL\" \/>\n<meta property=\"og:url\" content=\"https:\/\/mwc-cmm.org\/en\/stories\/taking-action-your-neighbourhood\/\" \/>\n<meta property=\"og:site_name\" content=\"Mennonite World Conference\" \/>\n<meta property=\"article:publisher\" content=\"https:\/\/www.facebook.com\/MennoniteWorldConference\" \/>\n<meta property=\"article:published_time\" content=\"2018-06-19T00:00:00+00:00\" \/>\n<meta property=\"article:modified_time\" content=\"2024-12-10T18:01:21+00:00\" \/>\n<meta property=\"og:image\" content=\"https:\/\/mwc-cmm.org\/wp-content\/uploads\/2024\/11\/josevacaphoto2-dsc_0318.jpg\" \/>\n\t<meta property=\"og:image:width\" content=\"1200\" \/>\n\t<meta property=\"og:image:height\" content=\"800\" \/>\n\t<meta property=\"og:image:type\" content=\"image\/jpeg\" \/>\n<meta name=\"author\" content=\"mennworldcon\" \/>\n<script type=\"application\/ld+json\" class=\"yoast-schema-graph\">{\"@context\":\"https:\\\/\\\/schema.org\",\"@graph\":[{\"@type\":\"Article\",\"@id\":\"https:\\\/\\\/mwc-cmm.org\\\/en\\\/stories\\\/taking-action-your-neighbourhood\\\/#article\",\"isPartOf\":{\"@id\":\"https:\\\/\\\/mwc-cmm.org\\\/en\\\/stories\\\/taking-action-your-neighbourhood\\\/\"},\"author\":{\"name\":\"mennworldcon\",\"@id\":\"https:\\\/\\\/mwc-cmm.org\\\/en\\\/#\\\/schema\\\/person\\\/11f6ae0d7d1868ba20a1cc27f067c836\"},\"headline\":\"Realizar acciones por su barrio\",\"datePublished\":\"2018-06-19T00:00:00+00:00\",\"dateModified\":\"2024-12-10T18:01:21+00:00\",\"mainEntityOfPage\":{\"@id\":\"https:\\\/\\\/mwc-cmm.org\\\/en\\\/stories\\\/taking-action-your-neighbourhood\\\/\"},\"wordCount\":719,\"publisher\":{\"@id\":\"https:\\\/\\\/mwc-cmm.org\\\/en\\\/#organization\"},\"image\":{\"@id\":\"https:\\\/\\\/mwc-cmm.org\\\/en\\\/stories\\\/taking-action-your-neighbourhood\\\/#primaryimage\"},\"thumbnailUrl\":\"https:\\\/\\\/mwc-cmm.org\\\/wp-content\\\/uploads\\\/2024\\\/11\\\/josevacaphoto2-dsc_0318.jpg\",\"articleSection\":[\"Sin categorizar\"],\"inLanguage\":\"es\"},{\"@type\":\"WebPage\",\"@id\":\"https:\\\/\\\/mwc-cmm.org\\\/en\\\/stories\\\/taking-action-your-neighbourhood\\\/\",\"url\":\"https:\\\/\\\/mwc-cmm.org\\\/en\\\/stories\\\/taking-action-your-neighbourhood\\\/\",\"name\":\"Realizar acciones por su barrio - Mennonite World Conference\",\"isPartOf\":{\"@id\":\"https:\\\/\\\/mwc-cmm.org\\\/en\\\/#website\"},\"primaryImageOfPage\":{\"@id\":\"https:\\\/\\\/mwc-cmm.org\\\/en\\\/stories\\\/taking-action-your-neighbourhood\\\/#primaryimage\"},\"image\":{\"@id\":\"https:\\\/\\\/mwc-cmm.org\\\/en\\\/stories\\\/taking-action-your-neighbourhood\\\/#primaryimage\"},\"thumbnailUrl\":\"https:\\\/\\\/mwc-cmm.org\\\/wp-content\\\/uploads\\\/2024\\\/11\\\/josevacaphoto2-dsc_0318.jpg\",\"datePublished\":\"2018-06-19T00:00:00+00:00\",\"dateModified\":\"2024-12-10T18:01:21+00:00\",\"breadcrumb\":{\"@id\":\"https:\\\/\\\/mwc-cmm.org\\\/en\\\/stories\\\/taking-action-your-neighbourhood\\\/#breadcrumb\"},\"inLanguage\":\"es\",\"potentialAction\":[{\"@type\":\"ReadAction\",\"target\":[\"https:\\\/\\\/mwc-cmm.org\\\/en\\\/stories\\\/taking-action-your-neighbourhood\\\/\"]}]},{\"@type\":\"ImageObject\",\"inLanguage\":\"es\",\"@id\":\"https:\\\/\\\/mwc-cmm.org\\\/en\\\/stories\\\/taking-action-your-neighbourhood\\\/#primaryimage\",\"url\":\"https:\\\/\\\/mwc-cmm.org\\\/wp-content\\\/uploads\\\/2024\\\/11\\\/josevacaphoto2-dsc_0318.jpg\",\"contentUrl\":\"https:\\\/\\\/mwc-cmm.org\\\/wp-content\\\/uploads\\\/2024\\\/11\\\/josevacaphoto2-dsc_0318.jpg\",\"width\":1200,\"height\":800},{\"@type\":\"BreadcrumbList\",\"@id\":\"https:\\\/\\\/mwc-cmm.org\\\/en\\\/stories\\\/taking-action-your-neighbourhood\\\/#breadcrumb\",\"itemListElement\":[{\"@type\":\"ListItem\",\"position\":1,\"name\":\"Home\",\"item\":\"https:\\\/\\\/mwc-cmm.org\\\/es\\\/\"},{\"@type\":\"ListItem\",\"position\":2,\"name\":\"Realizar acciones por su barrio\"}]},{\"@type\":\"WebSite\",\"@id\":\"https:\\\/\\\/mwc-cmm.org\\\/en\\\/#website\",\"url\":\"https:\\\/\\\/mwc-cmm.org\\\/en\\\/\",\"name\":\"Mennonite World Conference\",\"description\":\"A communion of Anabaptist-related churches\",\"publisher\":{\"@id\":\"https:\\\/\\\/mwc-cmm.org\\\/en\\\/#organization\"},\"alternateName\":\"MWC\",\"potentialAction\":[{\"@type\":\"SearchAction\",\"target\":{\"@type\":\"EntryPoint\",\"urlTemplate\":\"https:\\\/\\\/mwc-cmm.org\\\/en\\\/?s={search_term_string}\"},\"query-input\":{\"@type\":\"PropertyValueSpecification\",\"valueRequired\":true,\"valueName\":\"search_term_string\"}}],\"inLanguage\":\"es\"},{\"@type\":\"Organization\",\"@id\":\"https:\\\/\\\/mwc-cmm.org\\\/en\\\/#organization\",\"name\":\"Mennonite World Conference\",\"alternateName\":\"MWC\",\"url\":\"https:\\\/\\\/mwc-cmm.org\\\/en\\\/\",\"logo\":{\"@type\":\"ImageObject\",\"inLanguage\":\"es\",\"@id\":\"https:\\\/\\\/mwc-cmm.org\\\/en\\\/#\\\/schema\\\/logo\\\/image\\\/\",\"url\":\"https:\\\/\\\/mwc-cmm.org\\\/wp-content\\\/uploads\\\/2026\\\/01\\\/MWC_Sig_Blue_Horiz_webheader1-logo.svg\",\"contentUrl\":\"https:\\\/\\\/mwc-cmm.org\\\/wp-content\\\/uploads\\\/2026\\\/01\\\/MWC_Sig_Blue_Horiz_webheader1-logo.svg\",\"width\":786,\"height\":82,\"caption\":\"Mennonite World Conference\"},\"image\":{\"@id\":\"https:\\\/\\\/mwc-cmm.org\\\/en\\\/#\\\/schema\\\/logo\\\/image\\\/\"},\"sameAs\":[\"https:\\\/\\\/www.facebook.com\\\/MennoniteWorldConference\",\"https:\\\/\\\/www.linkedin.com\\\/company\\\/mennonite-world-conference-mwc\\\/\",\"https:\\\/\\\/www.instagram.com\\\/mwcmm\\\/\",\"https:\\\/\\\/www.youtube.com\\\/user\\\/mwccmm\",\"https:\\\/\\\/bsky.app\\\/profile\\\/mwcmm.bsky.social\"]},{\"@type\":\"Person\",\"@id\":\"https:\\\/\\\/mwc-cmm.org\\\/en\\\/#\\\/schema\\\/person\\\/11f6ae0d7d1868ba20a1cc27f067c836\",\"name\":\"mennworldcon\",\"image\":{\"@type\":\"ImageObject\",\"inLanguage\":\"es\",\"@id\":\"https:\\\/\\\/secure.gravatar.com\\\/avatar\\\/06fdc0dc81c157dfdb82ec42f252178a22307808988d22c043f9eb96f1e0fe80?s=96&d=mm&r=g\",\"url\":\"https:\\\/\\\/secure.gravatar.com\\\/avatar\\\/06fdc0dc81c157dfdb82ec42f252178a22307808988d22c043f9eb96f1e0fe80?s=96&d=mm&r=g\",\"contentUrl\":\"https:\\\/\\\/secure.gravatar.com\\\/avatar\\\/06fdc0dc81c157dfdb82ec42f252178a22307808988d22c043f9eb96f1e0fe80?s=96&d=mm&r=g\",\"caption\":\"mennworldcon\"},\"sameAs\":[\"https:\\\/\\\/mwc-cmm.org\"],\"url\":\"https:\\\/\\\/mwc-cmm.org\\\/es\\\/stories\\\/author\\\/mennworldcon\\\/\"}]}<\/script>\n<!-- \/ Yoast SEO plugin. -->","yoast_head_json":{"title":"Realizar acciones por su barrio - Mennonite World Conference","robots":{"index":"index","follow":"follow","max-snippet":"max-snippet:-1","max-image-preview":"max-image-preview:large","max-video-preview":"max-video-preview:-1"},"canonical":"https:\/\/mwc-cmm.org\/en\/stories\/taking-action-your-neighbourhood\/","og_locale":"es_ES","og_type":"article","og_title":"Realizar acciones por su barrio - Mennonite World Conference","og_description":"NULL","og_url":"https:\/\/mwc-cmm.org\/en\/stories\/taking-action-your-neighbourhood\/","og_site_name":"Mennonite World Conference","article_publisher":"https:\/\/www.facebook.com\/MennoniteWorldConference","article_published_time":"2018-06-19T00:00:00+00:00","article_modified_time":"2024-12-10T18:01:21+00:00","og_image":[{"width":1200,"height":800,"url":"https:\/\/mwc-cmm.org\/wp-content\/uploads\/2024\/11\/josevacaphoto2-dsc_0318.jpg","type":"image\/jpeg"}],"author":"mennworldcon","schema":{"@context":"https:\/\/schema.org","@graph":[{"@type":"Article","@id":"https:\/\/mwc-cmm.org\/en\/stories\/taking-action-your-neighbourhood\/#article","isPartOf":{"@id":"https:\/\/mwc-cmm.org\/en\/stories\/taking-action-your-neighbourhood\/"},"author":{"name":"mennworldcon","@id":"https:\/\/mwc-cmm.org\/en\/#\/schema\/person\/11f6ae0d7d1868ba20a1cc27f067c836"},"headline":"Realizar acciones por su barrio","datePublished":"2018-06-19T00:00:00+00:00","dateModified":"2024-12-10T18:01:21+00:00","mainEntityOfPage":{"@id":"https:\/\/mwc-cmm.org\/en\/stories\/taking-action-your-neighbourhood\/"},"wordCount":719,"publisher":{"@id":"https:\/\/mwc-cmm.org\/en\/#organization"},"image":{"@id":"https:\/\/mwc-cmm.org\/en\/stories\/taking-action-your-neighbourhood\/#primaryimage"},"thumbnailUrl":"https:\/\/mwc-cmm.org\/wp-content\/uploads\/2024\/11\/josevacaphoto2-dsc_0318.jpg","articleSection":["Sin categorizar"],"inLanguage":"es"},{"@type":"WebPage","@id":"https:\/\/mwc-cmm.org\/en\/stories\/taking-action-your-neighbourhood\/","url":"https:\/\/mwc-cmm.org\/en\/stories\/taking-action-your-neighbourhood\/","name":"Realizar acciones por su barrio - Mennonite World Conference","isPartOf":{"@id":"https:\/\/mwc-cmm.org\/en\/#website"},"primaryImageOfPage":{"@id":"https:\/\/mwc-cmm.org\/en\/stories\/taking-action-your-neighbourhood\/#primaryimage"},"image":{"@id":"https:\/\/mwc-cmm.org\/en\/stories\/taking-action-your-neighbourhood\/#primaryimage"},"thumbnailUrl":"https:\/\/mwc-cmm.org\/wp-content\/uploads\/2024\/11\/josevacaphoto2-dsc_0318.jpg","datePublished":"2018-06-19T00:00:00+00:00","dateModified":"2024-12-10T18:01:21+00:00","breadcrumb":{"@id":"https:\/\/mwc-cmm.org\/en\/stories\/taking-action-your-neighbourhood\/#breadcrumb"},"inLanguage":"es","potentialAction":[{"@type":"ReadAction","target":["https:\/\/mwc-cmm.org\/en\/stories\/taking-action-your-neighbourhood\/"]}]},{"@type":"ImageObject","inLanguage":"es","@id":"https:\/\/mwc-cmm.org\/en\/stories\/taking-action-your-neighbourhood\/#primaryimage","url":"https:\/\/mwc-cmm.org\/wp-content\/uploads\/2024\/11\/josevacaphoto2-dsc_0318.jpg","contentUrl":"https:\/\/mwc-cmm.org\/wp-content\/uploads\/2024\/11\/josevacaphoto2-dsc_0318.jpg","width":1200,"height":800},{"@type":"BreadcrumbList","@id":"https:\/\/mwc-cmm.org\/en\/stories\/taking-action-your-neighbourhood\/#breadcrumb","itemListElement":[{"@type":"ListItem","position":1,"name":"Home","item":"https:\/\/mwc-cmm.org\/es\/"},{"@type":"ListItem","position":2,"name":"Realizar acciones por su barrio"}]},{"@type":"WebSite","@id":"https:\/\/mwc-cmm.org\/en\/#website","url":"https:\/\/mwc-cmm.org\/en\/","name":"Mennonite World Conference","description":"A communion of Anabaptist-related churches","publisher":{"@id":"https:\/\/mwc-cmm.org\/en\/#organization"},"alternateName":"MWC","potentialAction":[{"@type":"SearchAction","target":{"@type":"EntryPoint","urlTemplate":"https:\/\/mwc-cmm.org\/en\/?s={search_term_string}"},"query-input":{"@type":"PropertyValueSpecification","valueRequired":true,"valueName":"search_term_string"}}],"inLanguage":"es"},{"@type":"Organization","@id":"https:\/\/mwc-cmm.org\/en\/#organization","name":"Mennonite World Conference","alternateName":"MWC","url":"https:\/\/mwc-cmm.org\/en\/","logo":{"@type":"ImageObject","inLanguage":"es","@id":"https:\/\/mwc-cmm.org\/en\/#\/schema\/logo\/image\/","url":"https:\/\/mwc-cmm.org\/wp-content\/uploads\/2026\/01\/MWC_Sig_Blue_Horiz_webheader1-logo.svg","contentUrl":"https:\/\/mwc-cmm.org\/wp-content\/uploads\/2026\/01\/MWC_Sig_Blue_Horiz_webheader1-logo.svg","width":786,"height":82,"caption":"Mennonite World Conference"},"image":{"@id":"https:\/\/mwc-cmm.org\/en\/#\/schema\/logo\/image\/"},"sameAs":["https:\/\/www.facebook.com\/MennoniteWorldConference","https:\/\/www.linkedin.com\/company\/mennonite-world-conference-mwc\/","https:\/\/www.instagram.com\/mwcmm\/","https:\/\/www.youtube.com\/user\/mwccmm","https:\/\/bsky.app\/profile\/mwcmm.bsky.social"]},{"@type":"Person","@id":"https:\/\/mwc-cmm.org\/en\/#\/schema\/person\/11f6ae0d7d1868ba20a1cc27f067c836","name":"mennworldcon","image":{"@type":"ImageObject","inLanguage":"es","@id":"https:\/\/secure.gravatar.com\/avatar\/06fdc0dc81c157dfdb82ec42f252178a22307808988d22c043f9eb96f1e0fe80?s=96&d=mm&r=g","url":"https:\/\/secure.gravatar.com\/avatar\/06fdc0dc81c157dfdb82ec42f252178a22307808988d22c043f9eb96f1e0fe80?s=96&d=mm&r=g","contentUrl":"https:\/\/secure.gravatar.com\/avatar\/06fdc0dc81c157dfdb82ec42f252178a22307808988d22c043f9eb96f1e0fe80?s=96&d=mm&r=g","caption":"mennworldcon"},"sameAs":["https:\/\/mwc-cmm.org"],"url":"https:\/\/mwc-cmm.org\/es\/stories\/author\/mennworldcon\/"}]}},"_links":{"self":[{"href":"https:\/\/mwc-cmm.org\/es\/wp-json\/wp\/v2\/posts\/8802","targetHints":{"allow":["GET"]}}],"collection":[{"href":"https:\/\/mwc-cmm.org\/es\/wp-json\/wp\/v2\/posts"}],"about":[{"href":"https:\/\/mwc-cmm.org\/es\/wp-json\/wp\/v2\/types\/post"}],"author":[{"embeddable":true,"href":"https:\/\/mwc-cmm.org\/es\/wp-json\/wp\/v2\/users\/1"}],"replies":[{"embeddable":true,"href":"https:\/\/mwc-cmm.org\/es\/wp-json\/wp\/v2\/comments?post=8802"}],"version-history":[{"count":0,"href":"https:\/\/mwc-cmm.org\/es\/wp-json\/wp\/v2\/posts\/8802\/revisions"}],"wp:featuredmedia":[{"embeddable":true,"href":"https:\/\/mwc-cmm.org\/es\/wp-json\/wp\/v2\/media\/89448"}],"wp:attachment":[{"href":"https:\/\/mwc-cmm.org\/es\/wp-json\/wp\/v2\/media?parent=8802"}],"wp:term":[{"taxonomy":"category","embeddable":true,"href":"https:\/\/mwc-cmm.org\/es\/wp-json\/wp\/v2\/categories?post=8802"},{"taxonomy":"post_tag","embeddable":true,"href":"https:\/\/mwc-cmm.org\/es\/wp-json\/wp\/v2\/tags?post=8802"},{"taxonomy":"network","embeddable":true,"href":"https:\/\/mwc-cmm.org\/es\/wp-json\/wp\/v2\/network?post=8802"},{"taxonomy":"eventcategory","embeddable":true,"href":"https:\/\/mwc-cmm.org\/es\/wp-json\/wp\/v2\/eventcategory?post=8802"}],"curies":[{"name":"wp","href":"https:\/\/api.w.org\/{rel}","templated":true}]}}