{"id":8797,"date":"2018-10-25T00:00:00","date_gmt":"2018-10-25T00:00:00","guid":{"rendered":"https:\/\/mwc-cmm.org\/dal-se-dil-tak-to-the-heart-through-soup-3\/"},"modified":"2024-12-10T18:01:19","modified_gmt":"2024-12-10T18:01:19","slug":"dal-se-dil-tak-una-sopa-que-llega-al-corazon","status":"publish","type":"post","link":"https:\/\/mwc-cmm.org\/es\/stories\/dal-se-dil-tak-una-sopa-que-llega-al-corazon\/","title":{"rendered":"Dal se Dil tak: Una sopa que llega al coraz\u00f3n"},"content":{"rendered":"<p>En mi calidad de persona de la India viviendo en Canad\u00e1 como participante del Programa Internacional de Intercambio de Voluntarios del CCM, he preparado varias veces <em>dal (<\/em>sopa de lentejas). Cuando la prepar\u00e9 por primera vez estaba un poco nerviosa, sin embargo me pidieron de nuevo que la preparara para diferentes grupos de personas que cada vez fueron aumentando.<\/p>\n<p>En primer lugar, cocin\u00e9 <em>dal<\/em> para mi familia anfitriona, luego mi madre anfitriona sugiri\u00f3 que la preparara para el personal de la tienda <em>Thrift on Kent<\/em> (ocho personas), para nuestro \u201cd\u00eda de sopa\u201d el cual ten\u00eda lugar una vez por semana. Posteriormente, ella me pidi\u00f3 que preparara <em>dal<\/em> para <em>Avocat<\/em>, un evento de la Misi\u00f3n de los Hermanos Menonitas que ella misma estaba organizando (50-60 personas).<\/p>\n<p>Cada vez el resultado fue caras y est\u00f3magos felices, \u00a1lo cual me hac\u00eda sentir tambi\u00e9n felicidad al poder compartir un poco de la India en un plato (o a veces en dos)!<\/p>\n<p><em>Dal<\/em> es un plato sencillo que se consume cotidianamente en la India, frecuentemente se acompa\u00f1a con pan aplanado como <em>roti<\/em>, <em>chapati<\/em> o tambi\u00e9n con arroz (una combinaci\u00f3n que se conoce como <em>dal bhat<\/em>).<\/p>\n<p>Esta es la receta que prepar\u00e9 para el \u201cd\u00eda de sopa\u201d; personalmente esta es mi favorita.<\/p>\n<p><em>\u2014Una publicaci\u00f3n del Congreso Mundial Menonita. Ashisha Lal presta su servicio como trabajadora de apoyo administrativo en el Thrift on Kent (tienda de art\u00edculos usados) en Kitchener, Ontario, Canad\u00e1. Ella proviene de Korba, Chhattisgarh, India. Su iglesia de origen es la Iglesia Menonita Katghora, la cual es parte de la Conferencia General Menonita Bharatiya Calisiya (BGCMC).<\/em><\/p>\n<p><u><strong>Receta para peparar <\/strong><strong><em>Palak dal<\/em><\/strong><\/u><\/p>\n<div>Para 4 porciones<br \/>Ingredientes:<br \/>\u00bc taza de tuvar dal (lentejas de guandul)<br \/>\u00bc taza de masoor dal (lentejas rosadas)<img decoding=\"async\" alt=\"Dal. Foto: Ashisha Lal\" data-src=\"\/sites\/default\/files\/website_files\/recipe_story_-_ashisha_lal-2.jpg\" style=\"width: 230px; height: 173px; float: right; margin-left: 20px; margin-right: 20px;\" src=\"data:image\/svg+xml;base64,PHN2ZyB3aWR0aD0iMSIgaGVpZ2h0PSIxIiB4bWxucz0iaHR0cDovL3d3dy53My5vcmcvMjAwMC9zdmciPjwvc3ZnPg==\" class=\"lazyload\" \/><\/div>\n<div>2 tazas de palak (espinacas picadas)<\/div>\n<div>1 taza de tomate picado<\/div>\n<div>1 cucharada de ajo picado<br \/>1-2 hari mirch (chiles verdes  picados)<br \/>1 pulgada de adrak (jengibre picado)<br \/>1 cucharadita de sabut jeera (semillas de comino)<br \/>\u00bc cucharadita de hing (asaf\u00e9tida, una especia t\u00edpica de la cocina del medio oriente)<br \/>\u00bd cucharadita de haldi (polvo de c\u00farcuma)<br \/>\u00bd cucharadita de lal mirch (polvo de chile rojo)<br \/>2\u20132.5 tazas de agua, para cocinar las lentejas<\/div>\n<div>\u00bd\u20131 taza de agua, para a\u00f1adir en el \u00faltimo paso<br \/>2\u20133 cucharadas de ghee* o aceite<br \/>Sal al gusto<\/div>\n<div>Culantro\/cilantro para cubrir<\/div>\n<p>* Es una especie de mantequilla clarificada que se emplea frecuentemente en la cocina de la India <\/p>\n<p><u>Instrucciones:<\/u><br \/>Lave las lentejas. Prepare en una olla a presi\u00f3n con el polvo de c\u00farcuma, el tomate y el ajo picado. Agregue 2-2.5 tazas de agua. Cocine a presi\u00f3n por 5-6 silbidos o hasta que el <em>dal<\/em> se vuelva blando y pastoso.<\/p>\n<p>H\u00e1galo pur\u00e9 y p\u00f3ngalo a un lado<\/p>\n<p>En una sart\u00e9n, ponga a calentar el ghee. Sofr\u00eda el comino, luego agregue el jengibre picado. Sofr\u00eda hasta que el aroma a jengibre crudo disminuya.<\/p>\n<div>Agregue el chile picado. Sofr\u00eda por medio minuto.<\/div>\n<div>Agregue la espinaca picada. Agregue el chile rojo en polvo y la asaf\u00e9tida<\/div>\n<div>Saltee hasta que la espinaca se ablande y deje de liberar agua.<\/div>\n<div>Agregue el pur\u00e9 de lentejas.<\/div>\n<div>Agregue agua (\u00bd -1 taza, hasta que tenga el espesor deseado).<br \/>Agregue sal y culantro\/cilantro. Cocine a fuego lento de 5 a 6 minutos.<\/div>\n<p>Sirva caliente con arroz y un plato de verduras, ensalada o <em>raita<\/em> (yogurt de la India).<\/p>\n<p><em>*<\/em> <em>\u00bfHa encontrado palabras desconocidas en esta receta?<\/em> <em>Use su buscador favorito en internet para aprender sobre estos nuevos ingredientes (nuevos para usted).<\/em><\/p>\n","protected":false},"excerpt":{"rendered":"<p>NULL<\/p>\n","protected":false},"author":1,"featured_media":92354,"comment_status":"closed","ping_status":"closed","sticky":false,"template":"","format":"standard","meta":{"_acf_changed":false,"footnotes":""},"categories":[6],"tags":[],"network":[1284],"eventcategory":[],"class_list":["post-8797","post","type-post","status-publish","format-standard","has-post-thumbnail","hentry","category-sin-categorizar","network-young-anabaptists-es"],"acf":[],"yoast_head":"<!-- This site is optimized with the Yoast SEO plugin v27.2 - https:\/\/yoast.com\/product\/yoast-seo-wordpress\/ -->\n<title>Dal se Dil tak: Una sopa que llega al coraz\u00f3n - Mennonite World Conference<\/title>\n<meta name=\"robots\" content=\"index, follow, max-snippet:-1, max-image-preview:large, max-video-preview:-1\" \/>\n<link rel=\"canonical\" href=\"https:\/\/mwc-cmm.org\/es\/stories\/dal-se-dil-tak-una-sopa-que-llega-al-corazon\/\" \/>\n<meta property=\"og:locale\" content=\"es_ES\" \/>\n<meta property=\"og:type\" content=\"article\" \/>\n<meta property=\"og:title\" content=\"Dal se Dil tak: Una sopa que llega al coraz\u00f3n - Mennonite World Conference\" \/>\n<meta property=\"og:description\" content=\"NULL\" \/>\n<meta property=\"og:url\" content=\"https:\/\/mwc-cmm.org\/es\/stories\/dal-se-dil-tak-una-sopa-que-llega-al-corazon\/\" \/>\n<meta property=\"og:site_name\" content=\"Mennonite World Conference\" \/>\n<meta property=\"article:publisher\" content=\"https:\/\/www.facebook.com\/MennoniteWorldConference\" \/>\n<meta property=\"article:published_time\" content=\"2018-10-25T00:00:00+00:00\" \/>\n<meta property=\"article:modified_time\" content=\"2024-12-10T18:01:19+00:00\" \/>\n<meta property=\"og:image\" content=\"https:\/\/mwc-cmm.org\/wp-content\/uploads\/2024\/11\/recipe_story_-_ashisha_lal-1.jpg\" \/>\n\t<meta property=\"og:image:width\" content=\"1500\" \/>\n\t<meta property=\"og:image:height\" content=\"1000\" \/>\n\t<meta property=\"og:image:type\" content=\"image\/jpeg\" \/>\n<meta name=\"author\" content=\"mennworldcon\" \/>\n<script type=\"application\/ld+json\" class=\"yoast-schema-graph\">{\"@context\":\"https:\/\/schema.org\",\"@graph\":[{\"@type\":\"Article\",\"@id\":\"https:\/\/mwc-cmm.org\/es\/stories\/dal-se-dil-tak-una-sopa-que-llega-al-corazon\/#article\",\"isPartOf\":{\"@id\":\"https:\/\/mwc-cmm.org\/es\/stories\/dal-se-dil-tak-una-sopa-que-llega-al-corazon\/\"},\"author\":{\"name\":\"mennworldcon\",\"@id\":\"https:\/\/mwc-cmm.org\/en\/#\/schema\/person\/11f6ae0d7d1868ba20a1cc27f067c836\"},\"headline\":\"Dal se Dil tak: Una sopa que llega al coraz\u00f3n\",\"datePublished\":\"2018-10-25T00:00:00+00:00\",\"dateModified\":\"2024-12-10T18:01:19+00:00\",\"mainEntityOfPage\":{\"@id\":\"https:\/\/mwc-cmm.org\/es\/stories\/dal-se-dil-tak-una-sopa-que-llega-al-corazon\/\"},\"wordCount\":592,\"publisher\":{\"@id\":\"https:\/\/mwc-cmm.org\/en\/#organization\"},\"image\":{\"@id\":\"https:\/\/mwc-cmm.org\/es\/stories\/dal-se-dil-tak-una-sopa-que-llega-al-corazon\/#primaryimage\"},\"thumbnailUrl\":\"https:\/\/mwc-cmm.org\/wp-content\/uploads\/2024\/11\/recipe_story_-_ashisha_lal-1.jpg\",\"articleSection\":[\"Sin categorizar\"],\"inLanguage\":\"es\"},{\"@type\":\"WebPage\",\"@id\":\"https:\/\/mwc-cmm.org\/es\/stories\/dal-se-dil-tak-una-sopa-que-llega-al-corazon\/\",\"url\":\"https:\/\/mwc-cmm.org\/es\/stories\/dal-se-dil-tak-una-sopa-que-llega-al-corazon\/\",\"name\":\"Dal se Dil tak: Una sopa que llega al coraz\u00f3n - Mennonite World Conference\",\"isPartOf\":{\"@id\":\"https:\/\/mwc-cmm.org\/en\/#website\"},\"primaryImageOfPage\":{\"@id\":\"https:\/\/mwc-cmm.org\/es\/stories\/dal-se-dil-tak-una-sopa-que-llega-al-corazon\/#primaryimage\"},\"image\":{\"@id\":\"https:\/\/mwc-cmm.org\/es\/stories\/dal-se-dil-tak-una-sopa-que-llega-al-corazon\/#primaryimage\"},\"thumbnailUrl\":\"https:\/\/mwc-cmm.org\/wp-content\/uploads\/2024\/11\/recipe_story_-_ashisha_lal-1.jpg\",\"datePublished\":\"2018-10-25T00:00:00+00:00\",\"dateModified\":\"2024-12-10T18:01:19+00:00\",\"breadcrumb\":{\"@id\":\"https:\/\/mwc-cmm.org\/es\/stories\/dal-se-dil-tak-una-sopa-que-llega-al-corazon\/#breadcrumb\"},\"inLanguage\":\"es\",\"potentialAction\":[{\"@type\":\"ReadAction\",\"target\":[\"https:\/\/mwc-cmm.org\/es\/stories\/dal-se-dil-tak-una-sopa-que-llega-al-corazon\/\"]}]},{\"@type\":\"ImageObject\",\"inLanguage\":\"es\",\"@id\":\"https:\/\/mwc-cmm.org\/es\/stories\/dal-se-dil-tak-una-sopa-que-llega-al-corazon\/#primaryimage\",\"url\":\"https:\/\/mwc-cmm.org\/wp-content\/uploads\/2024\/11\/recipe_story_-_ashisha_lal-1.jpg\",\"contentUrl\":\"https:\/\/mwc-cmm.org\/wp-content\/uploads\/2024\/11\/recipe_story_-_ashisha_lal-1.jpg\",\"width\":1500,\"height\":1000},{\"@type\":\"BreadcrumbList\",\"@id\":\"https:\/\/mwc-cmm.org\/es\/stories\/dal-se-dil-tak-una-sopa-que-llega-al-corazon\/#breadcrumb\",\"itemListElement\":[{\"@type\":\"ListItem\",\"position\":1,\"name\":\"Home\",\"item\":\"https:\/\/mwc-cmm.org\/es\/\"},{\"@type\":\"ListItem\",\"position\":2,\"name\":\"Dal se Dil tak: Una sopa que llega al coraz\u00f3n\"}]},{\"@type\":\"WebSite\",\"@id\":\"https:\/\/mwc-cmm.org\/en\/#website\",\"url\":\"https:\/\/mwc-cmm.org\/en\/\",\"name\":\"Mennonite World Conference\",\"description\":\"A communion of Anabaptist-related churches\",\"publisher\":{\"@id\":\"https:\/\/mwc-cmm.org\/en\/#organization\"},\"alternateName\":\"MWC\",\"potentialAction\":[{\"@type\":\"SearchAction\",\"target\":{\"@type\":\"EntryPoint\",\"urlTemplate\":\"https:\/\/mwc-cmm.org\/en\/?s={search_term_string}\"},\"query-input\":{\"@type\":\"PropertyValueSpecification\",\"valueRequired\":true,\"valueName\":\"search_term_string\"}}],\"inLanguage\":\"es\"},{\"@type\":\"Organization\",\"@id\":\"https:\/\/mwc-cmm.org\/en\/#organization\",\"name\":\"Mennonite World Conference\",\"alternateName\":\"MWC\",\"url\":\"https:\/\/mwc-cmm.org\/en\/\",\"logo\":{\"@type\":\"ImageObject\",\"inLanguage\":\"es\",\"@id\":\"https:\/\/mwc-cmm.org\/en\/#\/schema\/logo\/image\/\",\"url\":\"https:\/\/mwc-cmm.org\/wp-content\/uploads\/2026\/01\/MWC_Sig_Blue_Horiz_webheader1-logo.svg\",\"contentUrl\":\"https:\/\/mwc-cmm.org\/wp-content\/uploads\/2026\/01\/MWC_Sig_Blue_Horiz_webheader1-logo.svg\",\"width\":786,\"height\":82,\"caption\":\"Mennonite World Conference\"},\"image\":{\"@id\":\"https:\/\/mwc-cmm.org\/en\/#\/schema\/logo\/image\/\"},\"sameAs\":[\"https:\/\/www.facebook.com\/MennoniteWorldConference\",\"https:\/\/www.linkedin.com\/company\/mennonite-world-conference-mwc\/\",\"https:\/\/www.instagram.com\/mwcmm\/\",\"https:\/\/www.youtube.com\/user\/mwccmm\",\"https:\/\/bsky.app\/profile\/mwcmm.bsky.social\"]},{\"@type\":\"Person\",\"@id\":\"https:\/\/mwc-cmm.org\/en\/#\/schema\/person\/11f6ae0d7d1868ba20a1cc27f067c836\",\"name\":\"mennworldcon\",\"image\":{\"@type\":\"ImageObject\",\"inLanguage\":\"es\",\"@id\":\"https:\/\/secure.gravatar.com\/avatar\/06fdc0dc81c157dfdb82ec42f252178a22307808988d22c043f9eb96f1e0fe80?s=96&d=mm&r=g\",\"url\":\"https:\/\/secure.gravatar.com\/avatar\/06fdc0dc81c157dfdb82ec42f252178a22307808988d22c043f9eb96f1e0fe80?s=96&d=mm&r=g\",\"contentUrl\":\"https:\/\/secure.gravatar.com\/avatar\/06fdc0dc81c157dfdb82ec42f252178a22307808988d22c043f9eb96f1e0fe80?s=96&d=mm&r=g\",\"caption\":\"mennworldcon\"},\"sameAs\":[\"https:\/\/mwc-cmm.org\"],\"url\":\"https:\/\/mwc-cmm.org\/es\/stories\/author\/mennworldcon\/\"}]}<\/script>\n<!-- \/ Yoast SEO plugin. -->","yoast_head_json":{"title":"Dal se Dil tak: Una sopa que llega al coraz\u00f3n - Mennonite World Conference","robots":{"index":"index","follow":"follow","max-snippet":"max-snippet:-1","max-image-preview":"max-image-preview:large","max-video-preview":"max-video-preview:-1"},"canonical":"https:\/\/mwc-cmm.org\/es\/stories\/dal-se-dil-tak-una-sopa-que-llega-al-corazon\/","og_locale":"es_ES","og_type":"article","og_title":"Dal se Dil tak: Una sopa que llega al coraz\u00f3n - Mennonite World Conference","og_description":"NULL","og_url":"https:\/\/mwc-cmm.org\/es\/stories\/dal-se-dil-tak-una-sopa-que-llega-al-corazon\/","og_site_name":"Mennonite World Conference","article_publisher":"https:\/\/www.facebook.com\/MennoniteWorldConference","article_published_time":"2018-10-25T00:00:00+00:00","article_modified_time":"2024-12-10T18:01:19+00:00","og_image":[{"width":1500,"height":1000,"url":"https:\/\/mwc-cmm.org\/wp-content\/uploads\/2024\/11\/recipe_story_-_ashisha_lal-1.jpg","type":"image\/jpeg"}],"author":"mennworldcon","schema":{"@context":"https:\/\/schema.org","@graph":[{"@type":"Article","@id":"https:\/\/mwc-cmm.org\/es\/stories\/dal-se-dil-tak-una-sopa-que-llega-al-corazon\/#article","isPartOf":{"@id":"https:\/\/mwc-cmm.org\/es\/stories\/dal-se-dil-tak-una-sopa-que-llega-al-corazon\/"},"author":{"name":"mennworldcon","@id":"https:\/\/mwc-cmm.org\/en\/#\/schema\/person\/11f6ae0d7d1868ba20a1cc27f067c836"},"headline":"Dal se Dil tak: Una sopa que llega al coraz\u00f3n","datePublished":"2018-10-25T00:00:00+00:00","dateModified":"2024-12-10T18:01:19+00:00","mainEntityOfPage":{"@id":"https:\/\/mwc-cmm.org\/es\/stories\/dal-se-dil-tak-una-sopa-que-llega-al-corazon\/"},"wordCount":592,"publisher":{"@id":"https:\/\/mwc-cmm.org\/en\/#organization"},"image":{"@id":"https:\/\/mwc-cmm.org\/es\/stories\/dal-se-dil-tak-una-sopa-que-llega-al-corazon\/#primaryimage"},"thumbnailUrl":"https:\/\/mwc-cmm.org\/wp-content\/uploads\/2024\/11\/recipe_story_-_ashisha_lal-1.jpg","articleSection":["Sin categorizar"],"inLanguage":"es"},{"@type":"WebPage","@id":"https:\/\/mwc-cmm.org\/es\/stories\/dal-se-dil-tak-una-sopa-que-llega-al-corazon\/","url":"https:\/\/mwc-cmm.org\/es\/stories\/dal-se-dil-tak-una-sopa-que-llega-al-corazon\/","name":"Dal se Dil tak: Una sopa que llega al coraz\u00f3n - Mennonite World Conference","isPartOf":{"@id":"https:\/\/mwc-cmm.org\/en\/#website"},"primaryImageOfPage":{"@id":"https:\/\/mwc-cmm.org\/es\/stories\/dal-se-dil-tak-una-sopa-que-llega-al-corazon\/#primaryimage"},"image":{"@id":"https:\/\/mwc-cmm.org\/es\/stories\/dal-se-dil-tak-una-sopa-que-llega-al-corazon\/#primaryimage"},"thumbnailUrl":"https:\/\/mwc-cmm.org\/wp-content\/uploads\/2024\/11\/recipe_story_-_ashisha_lal-1.jpg","datePublished":"2018-10-25T00:00:00+00:00","dateModified":"2024-12-10T18:01:19+00:00","breadcrumb":{"@id":"https:\/\/mwc-cmm.org\/es\/stories\/dal-se-dil-tak-una-sopa-que-llega-al-corazon\/#breadcrumb"},"inLanguage":"es","potentialAction":[{"@type":"ReadAction","target":["https:\/\/mwc-cmm.org\/es\/stories\/dal-se-dil-tak-una-sopa-que-llega-al-corazon\/"]}]},{"@type":"ImageObject","inLanguage":"es","@id":"https:\/\/mwc-cmm.org\/es\/stories\/dal-se-dil-tak-una-sopa-que-llega-al-corazon\/#primaryimage","url":"https:\/\/mwc-cmm.org\/wp-content\/uploads\/2024\/11\/recipe_story_-_ashisha_lal-1.jpg","contentUrl":"https:\/\/mwc-cmm.org\/wp-content\/uploads\/2024\/11\/recipe_story_-_ashisha_lal-1.jpg","width":1500,"height":1000},{"@type":"BreadcrumbList","@id":"https:\/\/mwc-cmm.org\/es\/stories\/dal-se-dil-tak-una-sopa-que-llega-al-corazon\/#breadcrumb","itemListElement":[{"@type":"ListItem","position":1,"name":"Home","item":"https:\/\/mwc-cmm.org\/es\/"},{"@type":"ListItem","position":2,"name":"Dal se Dil tak: Una sopa que llega al coraz\u00f3n"}]},{"@type":"WebSite","@id":"https:\/\/mwc-cmm.org\/en\/#website","url":"https:\/\/mwc-cmm.org\/en\/","name":"Mennonite World Conference","description":"A communion of Anabaptist-related churches","publisher":{"@id":"https:\/\/mwc-cmm.org\/en\/#organization"},"alternateName":"MWC","potentialAction":[{"@type":"SearchAction","target":{"@type":"EntryPoint","urlTemplate":"https:\/\/mwc-cmm.org\/en\/?s={search_term_string}"},"query-input":{"@type":"PropertyValueSpecification","valueRequired":true,"valueName":"search_term_string"}}],"inLanguage":"es"},{"@type":"Organization","@id":"https:\/\/mwc-cmm.org\/en\/#organization","name":"Mennonite World Conference","alternateName":"MWC","url":"https:\/\/mwc-cmm.org\/en\/","logo":{"@type":"ImageObject","inLanguage":"es","@id":"https:\/\/mwc-cmm.org\/en\/#\/schema\/logo\/image\/","url":"https:\/\/mwc-cmm.org\/wp-content\/uploads\/2026\/01\/MWC_Sig_Blue_Horiz_webheader1-logo.svg","contentUrl":"https:\/\/mwc-cmm.org\/wp-content\/uploads\/2026\/01\/MWC_Sig_Blue_Horiz_webheader1-logo.svg","width":786,"height":82,"caption":"Mennonite World Conference"},"image":{"@id":"https:\/\/mwc-cmm.org\/en\/#\/schema\/logo\/image\/"},"sameAs":["https:\/\/www.facebook.com\/MennoniteWorldConference","https:\/\/www.linkedin.com\/company\/mennonite-world-conference-mwc\/","https:\/\/www.instagram.com\/mwcmm\/","https:\/\/www.youtube.com\/user\/mwccmm","https:\/\/bsky.app\/profile\/mwcmm.bsky.social"]},{"@type":"Person","@id":"https:\/\/mwc-cmm.org\/en\/#\/schema\/person\/11f6ae0d7d1868ba20a1cc27f067c836","name":"mennworldcon","image":{"@type":"ImageObject","inLanguage":"es","@id":"https:\/\/secure.gravatar.com\/avatar\/06fdc0dc81c157dfdb82ec42f252178a22307808988d22c043f9eb96f1e0fe80?s=96&d=mm&r=g","url":"https:\/\/secure.gravatar.com\/avatar\/06fdc0dc81c157dfdb82ec42f252178a22307808988d22c043f9eb96f1e0fe80?s=96&d=mm&r=g","contentUrl":"https:\/\/secure.gravatar.com\/avatar\/06fdc0dc81c157dfdb82ec42f252178a22307808988d22c043f9eb96f1e0fe80?s=96&d=mm&r=g","caption":"mennworldcon"},"sameAs":["https:\/\/mwc-cmm.org"],"url":"https:\/\/mwc-cmm.org\/es\/stories\/author\/mennworldcon\/"}]}},"_links":{"self":[{"href":"https:\/\/mwc-cmm.org\/es\/wp-json\/wp\/v2\/posts\/8797","targetHints":{"allow":["GET"]}}],"collection":[{"href":"https:\/\/mwc-cmm.org\/es\/wp-json\/wp\/v2\/posts"}],"about":[{"href":"https:\/\/mwc-cmm.org\/es\/wp-json\/wp\/v2\/types\/post"}],"author":[{"embeddable":true,"href":"https:\/\/mwc-cmm.org\/es\/wp-json\/wp\/v2\/users\/1"}],"replies":[{"embeddable":true,"href":"https:\/\/mwc-cmm.org\/es\/wp-json\/wp\/v2\/comments?post=8797"}],"version-history":[{"count":0,"href":"https:\/\/mwc-cmm.org\/es\/wp-json\/wp\/v2\/posts\/8797\/revisions"}],"wp:featuredmedia":[{"embeddable":true,"href":"https:\/\/mwc-cmm.org\/es\/wp-json\/wp\/v2\/media\/92354"}],"wp:attachment":[{"href":"https:\/\/mwc-cmm.org\/es\/wp-json\/wp\/v2\/media?parent=8797"}],"wp:term":[{"taxonomy":"category","embeddable":true,"href":"https:\/\/mwc-cmm.org\/es\/wp-json\/wp\/v2\/categories?post=8797"},{"taxonomy":"post_tag","embeddable":true,"href":"https:\/\/mwc-cmm.org\/es\/wp-json\/wp\/v2\/tags?post=8797"},{"taxonomy":"network","embeddable":true,"href":"https:\/\/mwc-cmm.org\/es\/wp-json\/wp\/v2\/network?post=8797"},{"taxonomy":"eventcategory","embeddable":true,"href":"https:\/\/mwc-cmm.org\/es\/wp-json\/wp\/v2\/eventcategory?post=8797"}],"curies":[{"name":"wp","href":"https:\/\/api.w.org\/{rel}","templated":true}]}}