{"id":8780,"date":"2018-03-09T00:00:00","date_gmt":"2018-03-09T00:00:00","guid":{"rendered":"https:\/\/mwc-cmm.org\/transformed-by-the-word-6\/"},"modified":"2024-12-10T18:01:12","modified_gmt":"2024-12-10T18:01:12","slug":"transformados-por-la-palabra","status":"publish","type":"post","link":"https:\/\/mwc-cmm.org\/es\/stories\/transformados-por-la-palabra\/","title":{"rendered":"Transformados por la Palabra"},"content":{"rendered":"<p dir=\"ltr\"><span id=\"docs-internal-guid-3051e28e-0c4b-8388-4586-0d6cdc5848ab\">\u201cRenovaci\u00f3n 2027\u201d es el nombre elegido por el Congreso Mundial Menonita para celebrar la d\u00e9cada de eventos regionales que se realizar\u00e1n con el objetivo de conmemorar los cinco siglos de existencia de nuestra comunidad de fe. Quisi\u00e9ramos abordar estos diez a\u00f1os de actos conmemorativos, centr\u00e1ndonos en las perspectivas mundiales, ecum\u00e9nicas y transculturales de nuestra historia.<\/span><\/p>\n<p dir=\"ltr\"><span id=\"docs-internal-guid-3051e28e-0c4b-8388-4586-0d6cdc5848ab\">Durante dicha d\u00e9cada de eventos regionales, recordamos el pasado a fin de mirar al futuro. Como se\u00f1ala el escritor colombiano Gabriel Garc\u00eda M\u00e1rquez, \u201cLa vida no es la que uno vivi\u00f3, sino la que uno recuerda y c\u00f3mo la recuerda\u201d. Quisi\u00e9ramos destacar nuestras ra\u00edces para que podamos agradecer a Dios por el legado de fe que hemos recibido. A la vez, deseamos acercarnos al Se\u00f1or con esp\u00edritu de arrepentimiento y renovaci\u00f3n, aprendiendo del pasado a fin de crecer en nuestra relaci\u00f3n con Dios en el aqu\u00ed y el ahora, como as\u00ed tambi\u00e9n en los a\u00f1os venideros. <\/span><\/p>\n<p dir=\"ltr\"><span id=\"docs-internal-guid-3051e28e-0c4b-8388-4586-0d6cdc5848ab\">En el primer evento, \u201cTransformados por la Palabra: la lectura de las Escrituras desde diversas perspectivas anabautistas\u201d, indagamos sobre c\u00f3mo la m\u00e1xima de Mart\u00edn Lutero de <\/span>sola Scriptura y los ideales mon\u00e1sticos de imitar a Cristo, desempe\u00f1aron un papel en nuestra propia tradici\u00f3n, y c\u00f3mo actualmente las Sagradas Escrituras siguen siendo relevantes en nuestra comunidad mundial de fe.<\/p>\n<p dir=\"ltr\"><span id=\"docs-internal-guid-3051e28e-0c4b-8388-4586-0d6cdc5848ab\">Durante ese d\u00eda en Augsburgo, Alemania, tuve muy presente una instalaci\u00f3n art\u00edstica que vi en una de nuestras iglesias menonitas de \u00c1msterdam (v\u00e9ase tapa). Sobre el p\u00falpito en el centro del santuario, hay una Biblia abierta que se mueve. Las p\u00e1ginas entran o salen de la Biblia, y vuelan alrededor de la sala. <\/span><\/p>\n<p dir=\"ltr\"><span id=\"docs-internal-guid-3051e28e-0c4b-8388-4586-0d6cdc5848ab\">Dicha instalaci\u00f3n representa las Escritura<\/span>s como un texto vivo que contiene nuestras propias historias a trav\u00e9s de la obra del Esp\u00edritu Santo. De este modo, se lleva adelante la historia de los primeros disc\u00edpulos en Hechos. Nuestro \u00e9nfasis anabautista en imitar a Cristo nos invita a ver las Escrituras como un gui\u00f3n para nuestras propias vidas, una obra que requiere que la vivenciemos, que la llevemos a la pr\u00e1ctica diariamente.<\/p>\n<p dir=\"ltr\"><span id=\"docs-internal-guid-3051e28e-0c4b-8388-4586-0d6cdc5848ab\">Aun as\u00ed, a lo largo de la historia anabautista, la Biblia no siempre se ha considerado desde esta perspectiva. <\/span><\/p>\n<p dir=\"ltr\"><span id=\"docs-internal-guid-3051e28e-0c4b-8388-4586-0d6cdc5848ab\">La mayor\u00eda de las veces, nos hemos valido del texto sagrado como una herramienta para medir la ortodoxia doctrinaria de los dem\u00e1s, causando as\u00ed divisi\u00f3n y fragmentaci\u00f3n dentro del cuerpo de Cristo. Ello ha sucedido con demasiada frecuencia en nuestras iglesias, al descubrir que no coinciden nuestras perspectivas sobre las Escrituras.<\/span><\/p>\n<p dir=\"ltr\"><span id=\"docs-internal-guid-3051e28e-0c4b-8388-4586-0d6cdc5848ab\">Muchas veces dejamos de lado los pasajes que nos invitan a practicar el don de la unidad en medio de la diversidad. Hemos descuidado el don de la comuni\u00f3n pese a, y a trav\u00e9s de la diversidad. Lamentablemente, hemos llegado a creer que nuestras divergencias \u00e9ticas o doctrinarias son motivo suficiente para dividir el cuerpo de Cristo.<\/span><\/p>\n<p dir=\"ltr\"><span id=\"docs-internal-guid-3051e28e-0c4b-8388-4586-0d6cdc5848ab\">Hoy d\u00eda, en tanto agradecemos a Dios por nuestro \u00e9nfasis en una interpretaci\u00f3n comunitaria, centrada en Cristo y llevando a la pr\u00e1ctica las Escrituras, debemos mantener una actitud de arrepentimiento respecto a las divisiones que existen entre nosotros, debido a un enfoque inadecuado de la lectura de las Escrituras. Procuremos la renovaci\u00f3n que surge de un coraz\u00f3n contrito, capaces de reconocer nuestro pecado y c\u00f3mo \u00e9ste provoca la falta de unidad en la iglesia. <\/span><\/p>\n<p dir=\"ltr\"><span id=\"docs-internal-guid-3051e28e-0c4b-8388-4586-0d6cdc5848ab\">Ruego que se renueve nuestro entendimiento de la Biblia por medio del texto vivo que habla del ahora; que podamos ver nuestra divisi\u00f3n como un pecado que debe ser erradicado; y que nuestro anhelo de llevar a la pr\u00e1ctica y emplear la Biblia hoy d\u00eda nos una con un esp\u00edritu de interdependencia.<\/span><\/p>\n<p dir=\"ltr\"><span id=\"docs-internal-guid-3051e28e-0c4b-8388-4586-0d6cdc5848ab\">\u00a1Vay\u00e1monos transformados por la Palabra!   <\/span><\/p>\n<p dir=\"ltr\"><em><span id=\"docs-internal-guid-3051e28e-0c4b-8388-4586-0d6cdc5848ab\">\u2014C\u00e9sar Garc\u00eda, secretario general del CMM, desde su oficina en la sede central en Bogot\u00e1, Colombia.<\/span><\/em><\/p>\n<div><em>Este art\u00edculo apareci\u00f3 por primera vez en <a href=\"https:\/\/www.mwc-cmm.org\/article\/correo?language=es\">Correo\/Courier\/Courrier en octubre de 2017<\/a>.<\/em><\/div>\n","protected":false},"excerpt":{"rendered":"<p>NULL<\/p>\n","protected":false},"author":1,"featured_media":89252,"comment_status":"closed","ping_status":"closed","sticky":false,"template":"","format":"standard","meta":{"_acf_changed":false,"footnotes":""},"categories":[6],"tags":[],"network":[1306],"eventcategory":[],"class_list":["post-8780","post","type-post","status-publish","format-standard","has-post-thumbnail","hentry","category-sin-categorizar","network-courier-es"],"acf":[],"yoast_head":"<!-- This site is optimized with the Yoast SEO plugin v27.5 - https:\/\/yoast.com\/product\/yoast-seo-wordpress\/ -->\n<title>Transformados por la Palabra - Mennonite World Conference<\/title>\n<meta name=\"robots\" content=\"index, follow, max-snippet:-1, max-image-preview:large, max-video-preview:-1\" \/>\n<link rel=\"canonical\" href=\"https:\/\/mwc-cmm.org\/en\/stories\/transformed-by-the-word-2\/\" \/>\n<meta property=\"og:locale\" content=\"es_ES\" \/>\n<meta property=\"og:type\" content=\"article\" \/>\n<meta property=\"og:title\" content=\"Transformados por la Palabra - Mennonite World Conference\" \/>\n<meta property=\"og:description\" content=\"NULL\" \/>\n<meta property=\"og:url\" content=\"https:\/\/mwc-cmm.org\/en\/stories\/transformed-by-the-word-2\/\" \/>\n<meta property=\"og:site_name\" content=\"Mennonite World Conference\" \/>\n<meta property=\"article:publisher\" content=\"https:\/\/www.facebook.com\/MennoniteWorldConference\" \/>\n<meta property=\"article:published_time\" content=\"2018-03-09T00:00:00+00:00\" \/>\n<meta property=\"article:modified_time\" content=\"2024-12-10T18:01:12+00:00\" \/>\n<meta property=\"og:image\" content=\"https:\/\/mwc-cmm.org\/wp-content\/uploads\/2024\/11\/cesar_3_2.jpg\" \/>\n\t<meta property=\"og:image:width\" content=\"2248\" \/>\n\t<meta property=\"og:image:height\" content=\"1220\" \/>\n\t<meta property=\"og:image:type\" content=\"image\/jpeg\" \/>\n<meta name=\"author\" content=\"mennworldcon\" \/>\n<script type=\"application\/ld+json\" class=\"yoast-schema-graph\">{\"@context\":\"https:\\\/\\\/schema.org\",\"@graph\":[{\"@type\":\"Article\",\"@id\":\"https:\\\/\\\/mwc-cmm.org\\\/en\\\/stories\\\/transformed-by-the-word-2\\\/#article\",\"isPartOf\":{\"@id\":\"https:\\\/\\\/mwc-cmm.org\\\/en\\\/stories\\\/transformed-by-the-word-2\\\/\"},\"author\":{\"name\":\"mennworldcon\",\"@id\":\"https:\\\/\\\/mwc-cmm.org\\\/en\\\/#\\\/schema\\\/person\\\/11f6ae0d7d1868ba20a1cc27f067c836\"},\"headline\":\"Transformados por la Palabra\",\"datePublished\":\"2018-03-09T00:00:00+00:00\",\"dateModified\":\"2024-12-10T18:01:12+00:00\",\"mainEntityOfPage\":{\"@id\":\"https:\\\/\\\/mwc-cmm.org\\\/en\\\/stories\\\/transformed-by-the-word-2\\\/\"},\"wordCount\":681,\"publisher\":{\"@id\":\"https:\\\/\\\/mwc-cmm.org\\\/en\\\/#organization\"},\"image\":{\"@id\":\"https:\\\/\\\/mwc-cmm.org\\\/en\\\/stories\\\/transformed-by-the-word-2\\\/#primaryimage\"},\"thumbnailUrl\":\"https:\\\/\\\/mwc-cmm.org\\\/wp-content\\\/uploads\\\/2024\\\/11\\\/cesar_3_2.jpg\",\"articleSection\":[\"Sin categorizar\"],\"inLanguage\":\"es\"},{\"@type\":\"WebPage\",\"@id\":\"https:\\\/\\\/mwc-cmm.org\\\/en\\\/stories\\\/transformed-by-the-word-2\\\/\",\"url\":\"https:\\\/\\\/mwc-cmm.org\\\/en\\\/stories\\\/transformed-by-the-word-2\\\/\",\"name\":\"Transformados por la Palabra - Mennonite World Conference\",\"isPartOf\":{\"@id\":\"https:\\\/\\\/mwc-cmm.org\\\/en\\\/#website\"},\"primaryImageOfPage\":{\"@id\":\"https:\\\/\\\/mwc-cmm.org\\\/en\\\/stories\\\/transformed-by-the-word-2\\\/#primaryimage\"},\"image\":{\"@id\":\"https:\\\/\\\/mwc-cmm.org\\\/en\\\/stories\\\/transformed-by-the-word-2\\\/#primaryimage\"},\"thumbnailUrl\":\"https:\\\/\\\/mwc-cmm.org\\\/wp-content\\\/uploads\\\/2024\\\/11\\\/cesar_3_2.jpg\",\"datePublished\":\"2018-03-09T00:00:00+00:00\",\"dateModified\":\"2024-12-10T18:01:12+00:00\",\"breadcrumb\":{\"@id\":\"https:\\\/\\\/mwc-cmm.org\\\/en\\\/stories\\\/transformed-by-the-word-2\\\/#breadcrumb\"},\"inLanguage\":\"es\",\"potentialAction\":[{\"@type\":\"ReadAction\",\"target\":[\"https:\\\/\\\/mwc-cmm.org\\\/en\\\/stories\\\/transformed-by-the-word-2\\\/\"]}]},{\"@type\":\"ImageObject\",\"inLanguage\":\"es\",\"@id\":\"https:\\\/\\\/mwc-cmm.org\\\/en\\\/stories\\\/transformed-by-the-word-2\\\/#primaryimage\",\"url\":\"https:\\\/\\\/mwc-cmm.org\\\/wp-content\\\/uploads\\\/2024\\\/11\\\/cesar_3_2.jpg\",\"contentUrl\":\"https:\\\/\\\/mwc-cmm.org\\\/wp-content\\\/uploads\\\/2024\\\/11\\\/cesar_3_2.jpg\",\"width\":2248,\"height\":1220},{\"@type\":\"BreadcrumbList\",\"@id\":\"https:\\\/\\\/mwc-cmm.org\\\/en\\\/stories\\\/transformed-by-the-word-2\\\/#breadcrumb\",\"itemListElement\":[{\"@type\":\"ListItem\",\"position\":1,\"name\":\"Home\",\"item\":\"https:\\\/\\\/mwc-cmm.org\\\/es\\\/\"},{\"@type\":\"ListItem\",\"position\":2,\"name\":\"Transformados por la Palabra\"}]},{\"@type\":\"WebSite\",\"@id\":\"https:\\\/\\\/mwc-cmm.org\\\/en\\\/#website\",\"url\":\"https:\\\/\\\/mwc-cmm.org\\\/en\\\/\",\"name\":\"Mennonite World Conference\",\"description\":\"A communion of Anabaptist-related churches\",\"publisher\":{\"@id\":\"https:\\\/\\\/mwc-cmm.org\\\/en\\\/#organization\"},\"alternateName\":\"MWC\",\"potentialAction\":[{\"@type\":\"SearchAction\",\"target\":{\"@type\":\"EntryPoint\",\"urlTemplate\":\"https:\\\/\\\/mwc-cmm.org\\\/en\\\/?s={search_term_string}\"},\"query-input\":{\"@type\":\"PropertyValueSpecification\",\"valueRequired\":true,\"valueName\":\"search_term_string\"}}],\"inLanguage\":\"es\"},{\"@type\":\"Organization\",\"@id\":\"https:\\\/\\\/mwc-cmm.org\\\/en\\\/#organization\",\"name\":\"Mennonite World Conference\",\"alternateName\":\"MWC\",\"url\":\"https:\\\/\\\/mwc-cmm.org\\\/en\\\/\",\"logo\":{\"@type\":\"ImageObject\",\"inLanguage\":\"es\",\"@id\":\"https:\\\/\\\/mwc-cmm.org\\\/en\\\/#\\\/schema\\\/logo\\\/image\\\/\",\"url\":\"https:\\\/\\\/mwc-cmm.org\\\/wp-content\\\/uploads\\\/2026\\\/01\\\/MWC_Sig_Blue_Horiz_webheader1-logo.svg\",\"contentUrl\":\"https:\\\/\\\/mwc-cmm.org\\\/wp-content\\\/uploads\\\/2026\\\/01\\\/MWC_Sig_Blue_Horiz_webheader1-logo.svg\",\"width\":786,\"height\":82,\"caption\":\"Mennonite World Conference\"},\"image\":{\"@id\":\"https:\\\/\\\/mwc-cmm.org\\\/en\\\/#\\\/schema\\\/logo\\\/image\\\/\"},\"sameAs\":[\"https:\\\/\\\/www.facebook.com\\\/MennoniteWorldConference\",\"https:\\\/\\\/www.linkedin.com\\\/company\\\/mennonite-world-conference-mwc\\\/\",\"https:\\\/\\\/www.instagram.com\\\/mwcmm\\\/\",\"https:\\\/\\\/www.youtube.com\\\/user\\\/mwccmm\",\"https:\\\/\\\/bsky.app\\\/profile\\\/mwcmm.bsky.social\"]},{\"@type\":\"Person\",\"@id\":\"https:\\\/\\\/mwc-cmm.org\\\/en\\\/#\\\/schema\\\/person\\\/11f6ae0d7d1868ba20a1cc27f067c836\",\"name\":\"mennworldcon\",\"image\":{\"@type\":\"ImageObject\",\"inLanguage\":\"es\",\"@id\":\"https:\\\/\\\/secure.gravatar.com\\\/avatar\\\/06fdc0dc81c157dfdb82ec42f252178a22307808988d22c043f9eb96f1e0fe80?s=96&d=mm&r=g\",\"url\":\"https:\\\/\\\/secure.gravatar.com\\\/avatar\\\/06fdc0dc81c157dfdb82ec42f252178a22307808988d22c043f9eb96f1e0fe80?s=96&d=mm&r=g\",\"contentUrl\":\"https:\\\/\\\/secure.gravatar.com\\\/avatar\\\/06fdc0dc81c157dfdb82ec42f252178a22307808988d22c043f9eb96f1e0fe80?s=96&d=mm&r=g\",\"caption\":\"mennworldcon\"},\"sameAs\":[\"https:\\\/\\\/mwc-cmm.org\"],\"url\":\"https:\\\/\\\/mwc-cmm.org\\\/es\\\/stories\\\/author\\\/mennworldcon\\\/\"}]}<\/script>\n<!-- \/ Yoast SEO plugin. -->","yoast_head_json":{"title":"Transformados por la Palabra - Mennonite World Conference","robots":{"index":"index","follow":"follow","max-snippet":"max-snippet:-1","max-image-preview":"max-image-preview:large","max-video-preview":"max-video-preview:-1"},"canonical":"https:\/\/mwc-cmm.org\/en\/stories\/transformed-by-the-word-2\/","og_locale":"es_ES","og_type":"article","og_title":"Transformados por la Palabra - Mennonite World Conference","og_description":"NULL","og_url":"https:\/\/mwc-cmm.org\/en\/stories\/transformed-by-the-word-2\/","og_site_name":"Mennonite World Conference","article_publisher":"https:\/\/www.facebook.com\/MennoniteWorldConference","article_published_time":"2018-03-09T00:00:00+00:00","article_modified_time":"2024-12-10T18:01:12+00:00","og_image":[{"width":2248,"height":1220,"url":"https:\/\/mwc-cmm.org\/wp-content\/uploads\/2024\/11\/cesar_3_2.jpg","type":"image\/jpeg"}],"author":"mennworldcon","schema":{"@context":"https:\/\/schema.org","@graph":[{"@type":"Article","@id":"https:\/\/mwc-cmm.org\/en\/stories\/transformed-by-the-word-2\/#article","isPartOf":{"@id":"https:\/\/mwc-cmm.org\/en\/stories\/transformed-by-the-word-2\/"},"author":{"name":"mennworldcon","@id":"https:\/\/mwc-cmm.org\/en\/#\/schema\/person\/11f6ae0d7d1868ba20a1cc27f067c836"},"headline":"Transformados por la Palabra","datePublished":"2018-03-09T00:00:00+00:00","dateModified":"2024-12-10T18:01:12+00:00","mainEntityOfPage":{"@id":"https:\/\/mwc-cmm.org\/en\/stories\/transformed-by-the-word-2\/"},"wordCount":681,"publisher":{"@id":"https:\/\/mwc-cmm.org\/en\/#organization"},"image":{"@id":"https:\/\/mwc-cmm.org\/en\/stories\/transformed-by-the-word-2\/#primaryimage"},"thumbnailUrl":"https:\/\/mwc-cmm.org\/wp-content\/uploads\/2024\/11\/cesar_3_2.jpg","articleSection":["Sin categorizar"],"inLanguage":"es"},{"@type":"WebPage","@id":"https:\/\/mwc-cmm.org\/en\/stories\/transformed-by-the-word-2\/","url":"https:\/\/mwc-cmm.org\/en\/stories\/transformed-by-the-word-2\/","name":"Transformados por la Palabra - Mennonite World Conference","isPartOf":{"@id":"https:\/\/mwc-cmm.org\/en\/#website"},"primaryImageOfPage":{"@id":"https:\/\/mwc-cmm.org\/en\/stories\/transformed-by-the-word-2\/#primaryimage"},"image":{"@id":"https:\/\/mwc-cmm.org\/en\/stories\/transformed-by-the-word-2\/#primaryimage"},"thumbnailUrl":"https:\/\/mwc-cmm.org\/wp-content\/uploads\/2024\/11\/cesar_3_2.jpg","datePublished":"2018-03-09T00:00:00+00:00","dateModified":"2024-12-10T18:01:12+00:00","breadcrumb":{"@id":"https:\/\/mwc-cmm.org\/en\/stories\/transformed-by-the-word-2\/#breadcrumb"},"inLanguage":"es","potentialAction":[{"@type":"ReadAction","target":["https:\/\/mwc-cmm.org\/en\/stories\/transformed-by-the-word-2\/"]}]},{"@type":"ImageObject","inLanguage":"es","@id":"https:\/\/mwc-cmm.org\/en\/stories\/transformed-by-the-word-2\/#primaryimage","url":"https:\/\/mwc-cmm.org\/wp-content\/uploads\/2024\/11\/cesar_3_2.jpg","contentUrl":"https:\/\/mwc-cmm.org\/wp-content\/uploads\/2024\/11\/cesar_3_2.jpg","width":2248,"height":1220},{"@type":"BreadcrumbList","@id":"https:\/\/mwc-cmm.org\/en\/stories\/transformed-by-the-word-2\/#breadcrumb","itemListElement":[{"@type":"ListItem","position":1,"name":"Home","item":"https:\/\/mwc-cmm.org\/es\/"},{"@type":"ListItem","position":2,"name":"Transformados por la Palabra"}]},{"@type":"WebSite","@id":"https:\/\/mwc-cmm.org\/en\/#website","url":"https:\/\/mwc-cmm.org\/en\/","name":"Mennonite World Conference","description":"A communion of Anabaptist-related churches","publisher":{"@id":"https:\/\/mwc-cmm.org\/en\/#organization"},"alternateName":"MWC","potentialAction":[{"@type":"SearchAction","target":{"@type":"EntryPoint","urlTemplate":"https:\/\/mwc-cmm.org\/en\/?s={search_term_string}"},"query-input":{"@type":"PropertyValueSpecification","valueRequired":true,"valueName":"search_term_string"}}],"inLanguage":"es"},{"@type":"Organization","@id":"https:\/\/mwc-cmm.org\/en\/#organization","name":"Mennonite World Conference","alternateName":"MWC","url":"https:\/\/mwc-cmm.org\/en\/","logo":{"@type":"ImageObject","inLanguage":"es","@id":"https:\/\/mwc-cmm.org\/en\/#\/schema\/logo\/image\/","url":"https:\/\/mwc-cmm.org\/wp-content\/uploads\/2026\/01\/MWC_Sig_Blue_Horiz_webheader1-logo.svg","contentUrl":"https:\/\/mwc-cmm.org\/wp-content\/uploads\/2026\/01\/MWC_Sig_Blue_Horiz_webheader1-logo.svg","width":786,"height":82,"caption":"Mennonite World Conference"},"image":{"@id":"https:\/\/mwc-cmm.org\/en\/#\/schema\/logo\/image\/"},"sameAs":["https:\/\/www.facebook.com\/MennoniteWorldConference","https:\/\/www.linkedin.com\/company\/mennonite-world-conference-mwc\/","https:\/\/www.instagram.com\/mwcmm\/","https:\/\/www.youtube.com\/user\/mwccmm","https:\/\/bsky.app\/profile\/mwcmm.bsky.social"]},{"@type":"Person","@id":"https:\/\/mwc-cmm.org\/en\/#\/schema\/person\/11f6ae0d7d1868ba20a1cc27f067c836","name":"mennworldcon","image":{"@type":"ImageObject","inLanguage":"es","@id":"https:\/\/secure.gravatar.com\/avatar\/06fdc0dc81c157dfdb82ec42f252178a22307808988d22c043f9eb96f1e0fe80?s=96&d=mm&r=g","url":"https:\/\/secure.gravatar.com\/avatar\/06fdc0dc81c157dfdb82ec42f252178a22307808988d22c043f9eb96f1e0fe80?s=96&d=mm&r=g","contentUrl":"https:\/\/secure.gravatar.com\/avatar\/06fdc0dc81c157dfdb82ec42f252178a22307808988d22c043f9eb96f1e0fe80?s=96&d=mm&r=g","caption":"mennworldcon"},"sameAs":["https:\/\/mwc-cmm.org"],"url":"https:\/\/mwc-cmm.org\/es\/stories\/author\/mennworldcon\/"}]}},"_links":{"self":[{"href":"https:\/\/mwc-cmm.org\/es\/wp-json\/wp\/v2\/posts\/8780","targetHints":{"allow":["GET"]}}],"collection":[{"href":"https:\/\/mwc-cmm.org\/es\/wp-json\/wp\/v2\/posts"}],"about":[{"href":"https:\/\/mwc-cmm.org\/es\/wp-json\/wp\/v2\/types\/post"}],"author":[{"embeddable":true,"href":"https:\/\/mwc-cmm.org\/es\/wp-json\/wp\/v2\/users\/1"}],"replies":[{"embeddable":true,"href":"https:\/\/mwc-cmm.org\/es\/wp-json\/wp\/v2\/comments?post=8780"}],"version-history":[{"count":0,"href":"https:\/\/mwc-cmm.org\/es\/wp-json\/wp\/v2\/posts\/8780\/revisions"}],"wp:featuredmedia":[{"embeddable":true,"href":"https:\/\/mwc-cmm.org\/es\/wp-json\/wp\/v2\/media\/89252"}],"wp:attachment":[{"href":"https:\/\/mwc-cmm.org\/es\/wp-json\/wp\/v2\/media?parent=8780"}],"wp:term":[{"taxonomy":"category","embeddable":true,"href":"https:\/\/mwc-cmm.org\/es\/wp-json\/wp\/v2\/categories?post=8780"},{"taxonomy":"post_tag","embeddable":true,"href":"https:\/\/mwc-cmm.org\/es\/wp-json\/wp\/v2\/tags?post=8780"},{"taxonomy":"network","embeddable":true,"href":"https:\/\/mwc-cmm.org\/es\/wp-json\/wp\/v2\/network?post=8780"},{"taxonomy":"eventcategory","embeddable":true,"href":"https:\/\/mwc-cmm.org\/es\/wp-json\/wp\/v2\/eventcategory?post=8780"}],"curies":[{"name":"wp","href":"https:\/\/api.w.org\/{rel}","templated":true}]}}