{"id":8742,"date":"2018-01-09T00:00:00","date_gmt":"2018-01-09T00:00:00","guid":{"rendered":"https:\/\/mwc-cmm.org\/mennonites-in-quito-pray-and-work-for-peace-3\/"},"modified":"2024-12-10T18:00:55","modified_gmt":"2024-12-10T18:00:55","slug":"mennonites-in-quito-pray-and-work-for-peace-3","status":"publish","type":"post","link":"https:\/\/mwc-cmm.org\/es\/stories\/mennonites-in-quito-pray-and-work-for-peace-3\/","title":{"rendered":"Menonitas en Quito oran y trabajan por la paz"},"content":{"rendered":"<p>Ana (nombre ficticio), escap\u00f3 de sus secuestradores, un grupo paramilitar, de Medell\u00edn, Colombia, llegando a Ecuador en el a\u00f1o 2016 despu\u00e9s de haber permanecido secuestrada por dos a\u00f1os. Fue sometida a varios abusos y violencia, producto de estos, qued\u00f3 embarazada, adem\u00e1s era obligada a cometer varios delitos. Esta mujer huy\u00f3 de la violencia de su pa\u00eds, pero el dolor y la rabia le siguieron acompa\u00f1ando durante su estad\u00eda en Ecuador.<\/p>\n<p>As\u00ed la recibi\u00f3 la Iglesia Menonita de Quito, insegura, temerosa, entristecida, agotada, sin fuerzas ni ganas de vivir, sin embargo, la iglesia y el Proyecto con Personas Refugiadas, la acogieron, la empoderaron e iniciaron un proceso de sanidad.<\/p>\n<p>Desde sus inicios la iglesia se form\u00f3 como una comunidad multicultural e inclusiva, con la misi\u00f3n de orar y trabajar para promover la justicia y construir la paz, inspirados en la vida de Jes\u00fas. En el a\u00f1o 2002 la Iglesia Menonita de Quito en Ecuador, abri\u00f3 sus puertas como una iniciativa de la Red Menonita de Misiones, la Iglesia Menonita de Colombia y la Conferencia Menonita de Iowa-Nebraska (Central Plains).<\/p>\n<p>La iglesia tuvo el llamado de acompa\u00f1ar a la poblaci\u00f3n refugiada, huyendo del conflicto en Colombia, y por eso cre\u00f3 el Proyecto con Personas Refugiadas, que actualmente recibe a 100 familias cada mes, a las cuales orienta, entrega ropa, alimentos, apoyo psicol\u00f3gico y las herramientas b\u00e1sicas para empezar una nueva vida. Asimismo, la ayuda material entregadas a las familias refugiadas m\u00e1s vulnerables, van m\u00e1s all\u00e1 del asistencialismo y buscan ser soluciones que se sostengan en el tiempo y que ofrezcan alternativas para una vida digna en Ecuador.<\/p>\n<p>Cada mes, trabajamos en talleres de educaci\u00f3n para la paz y valores, dirigido a ni\u00f1os y ni\u00f1as refugiados y ecuatorianos, con el fin de construir la paz a trav\u00e9s de la educaci\u00f3n; tambi\u00e9n se realizan talleres para mujeres de distintas culturas y lugares para compartir sus historias, aprender a cuidarse unas a otras y expresar su voz prof\u00e9tica sin miedo, buscando seguir los pasos de Cristo.<\/p>\n<p>Desde este a\u00f1o la iglesia est\u00e1 conformada por un equipo pastoral nacional, compuesto por cuatro mujeres laicas, quienes realizan el trabajo pastoral voluntario y desean fortalecer el liderazgo local a trav\u00e9s del discipulado y el acompa\u00f1amiento pastoral.<\/p>\n<p>La condici\u00f3n multicultural de la iglesia, aporta una diversidad enriquecedora a las personas que asisten, por lo que han encontrado en el anabautismo la puesta en pr\u00e1ctica del amor de Dios en gestos concretos de solidaridad, reconciliaci\u00f3n, perd\u00f3n, b\u00fasqueda de alternativas para la paz y para sanar las heridas causadas por la violencia en su pa\u00eds.<\/p>\n<p>El Proyecto con Personas Refugiadas recibe el apoyo econ\u00f3mico del Comit\u00e9 Central Menonita (MCC) y el apoyo de varias familias e iglesias ecuatorianas, quienes entregan donaciones de ropa y accesorios. Este trabajo compartido nos ha permitido descubrir que la misi\u00f3n y cooperaci\u00f3n es un buen camino para avanzar en la ayuda social y lograr objetivos comunes.  <\/p>\n<p>La iglesia a trav\u00e9s del proyecto, ha podido dar testimonio de fe y servicio, de reconciliaci\u00f3n y perd\u00f3n, de un encuentro arm\u00f3nico entre culturas diversas.  <\/p>\n<p>Han sido meses de intenso acompa\u00f1amiento terap\u00e9utico, de caminar con Ana, y de descubrir que la violencia y la injusticia no lograron destruir su capacidad de perd\u00f3n, su alegr\u00eda, sus sue\u00f1os. <\/p>\n<p>Ahora, Ana, aspira y trabaja para obtener una beca para estudiar filosof\u00eda en la universidad y ha decidido que, a pesar de todo, por encima de todo, quiere ser feliz. Damos gracias a Dios por permitirnos ser un canal a trav\u00e9s del cual su gracia y amor pueden fluir hacia las personas que han sufrido alg\u00fan tipo de violencia.<\/p>\n<p><em>\u2014Un comunicado del Congreso Mundial Menonita escrito por Daniela S\u00e1nchez y Alexandra Meneses,<\/em><em> Coordinadoras Proyecto con Personas Refugiadas de la Iglesia Menonita de Quito. <\/em><\/p>\n","protected":false},"excerpt":{"rendered":"<p>NULL<\/p>\n","protected":false},"author":1,"featured_media":88888,"comment_status":"closed","ping_status":"closed","sticky":false,"template":"","format":"standard","meta":{"_acf_changed":false,"footnotes":""},"categories":[6],"tags":[],"network":[],"eventcategory":[],"class_list":["post-8742","post","type-post","status-publish","format-standard","has-post-thumbnail","hentry","category-sin-categorizar"],"acf":[],"yoast_head":"<!-- This site is optimized with the Yoast SEO plugin v27.5 - https:\/\/yoast.com\/product\/yoast-seo-wordpress\/ -->\n<title>Menonitas en Quito oran y trabajan por la paz - Mennonite World Conference<\/title>\n<meta name=\"robots\" content=\"index, follow, max-snippet:-1, max-image-preview:large, max-video-preview:-1\" \/>\n<link rel=\"canonical\" href=\"https:\/\/mwc-cmm.org\/es\/stories\/mennonites-in-quito-pray-and-work-for-peace-3\/\" \/>\n<meta property=\"og:locale\" content=\"es_ES\" \/>\n<meta property=\"og:type\" content=\"article\" \/>\n<meta property=\"og:title\" content=\"Menonitas en Quito oran y trabajan por la paz - Mennonite World Conference\" \/>\n<meta property=\"og:description\" content=\"NULL\" \/>\n<meta property=\"og:url\" content=\"https:\/\/mwc-cmm.org\/es\/stories\/mennonites-in-quito-pray-and-work-for-peace-3\/\" \/>\n<meta property=\"og:site_name\" content=\"Mennonite World Conference\" \/>\n<meta property=\"article:publisher\" content=\"https:\/\/www.facebook.com\/MennoniteWorldConference\" \/>\n<meta property=\"article:published_time\" content=\"2018-01-09T00:00:00+00:00\" \/>\n<meta property=\"article:modified_time\" content=\"2024-12-10T18:00:55+00:00\" \/>\n<meta property=\"og:image\" content=\"https:\/\/mwc-cmm.org\/wp-content\/uploads\/2024\/11\/20170926danielasanchezimg_0099_0.jpg\" \/>\n\t<meta property=\"og:image:width\" content=\"750\" \/>\n\t<meta property=\"og:image:height\" content=\"1000\" \/>\n\t<meta property=\"og:image:type\" content=\"image\/jpeg\" \/>\n<meta name=\"author\" content=\"mennworldcon\" \/>\n<script type=\"application\/ld+json\" class=\"yoast-schema-graph\">{\"@context\":\"https:\\\/\\\/schema.org\",\"@graph\":[{\"@type\":\"Article\",\"@id\":\"https:\\\/\\\/mwc-cmm.org\\\/es\\\/stories\\\/mennonites-in-quito-pray-and-work-for-peace-3\\\/#article\",\"isPartOf\":{\"@id\":\"https:\\\/\\\/mwc-cmm.org\\\/es\\\/stories\\\/mennonites-in-quito-pray-and-work-for-peace-3\\\/\"},\"author\":{\"name\":\"mennworldcon\",\"@id\":\"https:\\\/\\\/mwc-cmm.org\\\/en\\\/#\\\/schema\\\/person\\\/11f6ae0d7d1868ba20a1cc27f067c836\"},\"headline\":\"Menonitas en Quito oran y trabajan por la paz\",\"datePublished\":\"2018-01-09T00:00:00+00:00\",\"dateModified\":\"2024-12-10T18:00:55+00:00\",\"mainEntityOfPage\":{\"@id\":\"https:\\\/\\\/mwc-cmm.org\\\/es\\\/stories\\\/mennonites-in-quito-pray-and-work-for-peace-3\\\/\"},\"wordCount\":674,\"publisher\":{\"@id\":\"https:\\\/\\\/mwc-cmm.org\\\/en\\\/#organization\"},\"image\":{\"@id\":\"https:\\\/\\\/mwc-cmm.org\\\/es\\\/stories\\\/mennonites-in-quito-pray-and-work-for-peace-3\\\/#primaryimage\"},\"thumbnailUrl\":\"https:\\\/\\\/mwc-cmm.org\\\/wp-content\\\/uploads\\\/2024\\\/11\\\/20170926danielasanchezimg_0099_0.jpg\",\"articleSection\":[\"Sin categorizar\"],\"inLanguage\":\"es\"},{\"@type\":\"WebPage\",\"@id\":\"https:\\\/\\\/mwc-cmm.org\\\/es\\\/stories\\\/mennonites-in-quito-pray-and-work-for-peace-3\\\/\",\"url\":\"https:\\\/\\\/mwc-cmm.org\\\/es\\\/stories\\\/mennonites-in-quito-pray-and-work-for-peace-3\\\/\",\"name\":\"Menonitas en Quito oran y trabajan por la paz - Mennonite World Conference\",\"isPartOf\":{\"@id\":\"https:\\\/\\\/mwc-cmm.org\\\/en\\\/#website\"},\"primaryImageOfPage\":{\"@id\":\"https:\\\/\\\/mwc-cmm.org\\\/es\\\/stories\\\/mennonites-in-quito-pray-and-work-for-peace-3\\\/#primaryimage\"},\"image\":{\"@id\":\"https:\\\/\\\/mwc-cmm.org\\\/es\\\/stories\\\/mennonites-in-quito-pray-and-work-for-peace-3\\\/#primaryimage\"},\"thumbnailUrl\":\"https:\\\/\\\/mwc-cmm.org\\\/wp-content\\\/uploads\\\/2024\\\/11\\\/20170926danielasanchezimg_0099_0.jpg\",\"datePublished\":\"2018-01-09T00:00:00+00:00\",\"dateModified\":\"2024-12-10T18:00:55+00:00\",\"breadcrumb\":{\"@id\":\"https:\\\/\\\/mwc-cmm.org\\\/es\\\/stories\\\/mennonites-in-quito-pray-and-work-for-peace-3\\\/#breadcrumb\"},\"inLanguage\":\"es\",\"potentialAction\":[{\"@type\":\"ReadAction\",\"target\":[\"https:\\\/\\\/mwc-cmm.org\\\/es\\\/stories\\\/mennonites-in-quito-pray-and-work-for-peace-3\\\/\"]}]},{\"@type\":\"ImageObject\",\"inLanguage\":\"es\",\"@id\":\"https:\\\/\\\/mwc-cmm.org\\\/es\\\/stories\\\/mennonites-in-quito-pray-and-work-for-peace-3\\\/#primaryimage\",\"url\":\"https:\\\/\\\/mwc-cmm.org\\\/wp-content\\\/uploads\\\/2024\\\/11\\\/20170926danielasanchezimg_0099_0.jpg\",\"contentUrl\":\"https:\\\/\\\/mwc-cmm.org\\\/wp-content\\\/uploads\\\/2024\\\/11\\\/20170926danielasanchezimg_0099_0.jpg\",\"width\":750,\"height\":1000},{\"@type\":\"BreadcrumbList\",\"@id\":\"https:\\\/\\\/mwc-cmm.org\\\/es\\\/stories\\\/mennonites-in-quito-pray-and-work-for-peace-3\\\/#breadcrumb\",\"itemListElement\":[{\"@type\":\"ListItem\",\"position\":1,\"name\":\"Home\",\"item\":\"https:\\\/\\\/mwc-cmm.org\\\/es\\\/\"},{\"@type\":\"ListItem\",\"position\":2,\"name\":\"Menonitas en Quito oran y trabajan por la paz\"}]},{\"@type\":\"WebSite\",\"@id\":\"https:\\\/\\\/mwc-cmm.org\\\/en\\\/#website\",\"url\":\"https:\\\/\\\/mwc-cmm.org\\\/en\\\/\",\"name\":\"Mennonite World Conference\",\"description\":\"A communion of Anabaptist-related churches\",\"publisher\":{\"@id\":\"https:\\\/\\\/mwc-cmm.org\\\/en\\\/#organization\"},\"alternateName\":\"MWC\",\"potentialAction\":[{\"@type\":\"SearchAction\",\"target\":{\"@type\":\"EntryPoint\",\"urlTemplate\":\"https:\\\/\\\/mwc-cmm.org\\\/en\\\/?s={search_term_string}\"},\"query-input\":{\"@type\":\"PropertyValueSpecification\",\"valueRequired\":true,\"valueName\":\"search_term_string\"}}],\"inLanguage\":\"es\"},{\"@type\":\"Organization\",\"@id\":\"https:\\\/\\\/mwc-cmm.org\\\/en\\\/#organization\",\"name\":\"Mennonite World Conference\",\"alternateName\":\"MWC\",\"url\":\"https:\\\/\\\/mwc-cmm.org\\\/en\\\/\",\"logo\":{\"@type\":\"ImageObject\",\"inLanguage\":\"es\",\"@id\":\"https:\\\/\\\/mwc-cmm.org\\\/en\\\/#\\\/schema\\\/logo\\\/image\\\/\",\"url\":\"https:\\\/\\\/mwc-cmm.org\\\/wp-content\\\/uploads\\\/2026\\\/01\\\/MWC_Sig_Blue_Horiz_webheader1-logo.svg\",\"contentUrl\":\"https:\\\/\\\/mwc-cmm.org\\\/wp-content\\\/uploads\\\/2026\\\/01\\\/MWC_Sig_Blue_Horiz_webheader1-logo.svg\",\"width\":786,\"height\":82,\"caption\":\"Mennonite World Conference\"},\"image\":{\"@id\":\"https:\\\/\\\/mwc-cmm.org\\\/en\\\/#\\\/schema\\\/logo\\\/image\\\/\"},\"sameAs\":[\"https:\\\/\\\/www.facebook.com\\\/MennoniteWorldConference\",\"https:\\\/\\\/www.linkedin.com\\\/company\\\/mennonite-world-conference-mwc\\\/\",\"https:\\\/\\\/www.instagram.com\\\/mwcmm\\\/\",\"https:\\\/\\\/www.youtube.com\\\/user\\\/mwccmm\",\"https:\\\/\\\/bsky.app\\\/profile\\\/mwcmm.bsky.social\"]},{\"@type\":\"Person\",\"@id\":\"https:\\\/\\\/mwc-cmm.org\\\/en\\\/#\\\/schema\\\/person\\\/11f6ae0d7d1868ba20a1cc27f067c836\",\"name\":\"mennworldcon\",\"image\":{\"@type\":\"ImageObject\",\"inLanguage\":\"es\",\"@id\":\"https:\\\/\\\/secure.gravatar.com\\\/avatar\\\/06fdc0dc81c157dfdb82ec42f252178a22307808988d22c043f9eb96f1e0fe80?s=96&d=mm&r=g\",\"url\":\"https:\\\/\\\/secure.gravatar.com\\\/avatar\\\/06fdc0dc81c157dfdb82ec42f252178a22307808988d22c043f9eb96f1e0fe80?s=96&d=mm&r=g\",\"contentUrl\":\"https:\\\/\\\/secure.gravatar.com\\\/avatar\\\/06fdc0dc81c157dfdb82ec42f252178a22307808988d22c043f9eb96f1e0fe80?s=96&d=mm&r=g\",\"caption\":\"mennworldcon\"},\"sameAs\":[\"https:\\\/\\\/mwc-cmm.org\"],\"url\":\"https:\\\/\\\/mwc-cmm.org\\\/es\\\/stories\\\/author\\\/mennworldcon\\\/\"}]}<\/script>\n<!-- \/ Yoast SEO plugin. -->","yoast_head_json":{"title":"Menonitas en Quito oran y trabajan por la paz - Mennonite World Conference","robots":{"index":"index","follow":"follow","max-snippet":"max-snippet:-1","max-image-preview":"max-image-preview:large","max-video-preview":"max-video-preview:-1"},"canonical":"https:\/\/mwc-cmm.org\/es\/stories\/mennonites-in-quito-pray-and-work-for-peace-3\/","og_locale":"es_ES","og_type":"article","og_title":"Menonitas en Quito oran y trabajan por la paz - Mennonite World Conference","og_description":"NULL","og_url":"https:\/\/mwc-cmm.org\/es\/stories\/mennonites-in-quito-pray-and-work-for-peace-3\/","og_site_name":"Mennonite World Conference","article_publisher":"https:\/\/www.facebook.com\/MennoniteWorldConference","article_published_time":"2018-01-09T00:00:00+00:00","article_modified_time":"2024-12-10T18:00:55+00:00","og_image":[{"width":750,"height":1000,"url":"https:\/\/mwc-cmm.org\/wp-content\/uploads\/2024\/11\/20170926danielasanchezimg_0099_0.jpg","type":"image\/jpeg"}],"author":"mennworldcon","schema":{"@context":"https:\/\/schema.org","@graph":[{"@type":"Article","@id":"https:\/\/mwc-cmm.org\/es\/stories\/mennonites-in-quito-pray-and-work-for-peace-3\/#article","isPartOf":{"@id":"https:\/\/mwc-cmm.org\/es\/stories\/mennonites-in-quito-pray-and-work-for-peace-3\/"},"author":{"name":"mennworldcon","@id":"https:\/\/mwc-cmm.org\/en\/#\/schema\/person\/11f6ae0d7d1868ba20a1cc27f067c836"},"headline":"Menonitas en Quito oran y trabajan por la paz","datePublished":"2018-01-09T00:00:00+00:00","dateModified":"2024-12-10T18:00:55+00:00","mainEntityOfPage":{"@id":"https:\/\/mwc-cmm.org\/es\/stories\/mennonites-in-quito-pray-and-work-for-peace-3\/"},"wordCount":674,"publisher":{"@id":"https:\/\/mwc-cmm.org\/en\/#organization"},"image":{"@id":"https:\/\/mwc-cmm.org\/es\/stories\/mennonites-in-quito-pray-and-work-for-peace-3\/#primaryimage"},"thumbnailUrl":"https:\/\/mwc-cmm.org\/wp-content\/uploads\/2024\/11\/20170926danielasanchezimg_0099_0.jpg","articleSection":["Sin categorizar"],"inLanguage":"es"},{"@type":"WebPage","@id":"https:\/\/mwc-cmm.org\/es\/stories\/mennonites-in-quito-pray-and-work-for-peace-3\/","url":"https:\/\/mwc-cmm.org\/es\/stories\/mennonites-in-quito-pray-and-work-for-peace-3\/","name":"Menonitas en Quito oran y trabajan por la paz - Mennonite World Conference","isPartOf":{"@id":"https:\/\/mwc-cmm.org\/en\/#website"},"primaryImageOfPage":{"@id":"https:\/\/mwc-cmm.org\/es\/stories\/mennonites-in-quito-pray-and-work-for-peace-3\/#primaryimage"},"image":{"@id":"https:\/\/mwc-cmm.org\/es\/stories\/mennonites-in-quito-pray-and-work-for-peace-3\/#primaryimage"},"thumbnailUrl":"https:\/\/mwc-cmm.org\/wp-content\/uploads\/2024\/11\/20170926danielasanchezimg_0099_0.jpg","datePublished":"2018-01-09T00:00:00+00:00","dateModified":"2024-12-10T18:00:55+00:00","breadcrumb":{"@id":"https:\/\/mwc-cmm.org\/es\/stories\/mennonites-in-quito-pray-and-work-for-peace-3\/#breadcrumb"},"inLanguage":"es","potentialAction":[{"@type":"ReadAction","target":["https:\/\/mwc-cmm.org\/es\/stories\/mennonites-in-quito-pray-and-work-for-peace-3\/"]}]},{"@type":"ImageObject","inLanguage":"es","@id":"https:\/\/mwc-cmm.org\/es\/stories\/mennonites-in-quito-pray-and-work-for-peace-3\/#primaryimage","url":"https:\/\/mwc-cmm.org\/wp-content\/uploads\/2024\/11\/20170926danielasanchezimg_0099_0.jpg","contentUrl":"https:\/\/mwc-cmm.org\/wp-content\/uploads\/2024\/11\/20170926danielasanchezimg_0099_0.jpg","width":750,"height":1000},{"@type":"BreadcrumbList","@id":"https:\/\/mwc-cmm.org\/es\/stories\/mennonites-in-quito-pray-and-work-for-peace-3\/#breadcrumb","itemListElement":[{"@type":"ListItem","position":1,"name":"Home","item":"https:\/\/mwc-cmm.org\/es\/"},{"@type":"ListItem","position":2,"name":"Menonitas en Quito oran y trabajan por la paz"}]},{"@type":"WebSite","@id":"https:\/\/mwc-cmm.org\/en\/#website","url":"https:\/\/mwc-cmm.org\/en\/","name":"Mennonite World Conference","description":"A communion of Anabaptist-related churches","publisher":{"@id":"https:\/\/mwc-cmm.org\/en\/#organization"},"alternateName":"MWC","potentialAction":[{"@type":"SearchAction","target":{"@type":"EntryPoint","urlTemplate":"https:\/\/mwc-cmm.org\/en\/?s={search_term_string}"},"query-input":{"@type":"PropertyValueSpecification","valueRequired":true,"valueName":"search_term_string"}}],"inLanguage":"es"},{"@type":"Organization","@id":"https:\/\/mwc-cmm.org\/en\/#organization","name":"Mennonite World Conference","alternateName":"MWC","url":"https:\/\/mwc-cmm.org\/en\/","logo":{"@type":"ImageObject","inLanguage":"es","@id":"https:\/\/mwc-cmm.org\/en\/#\/schema\/logo\/image\/","url":"https:\/\/mwc-cmm.org\/wp-content\/uploads\/2026\/01\/MWC_Sig_Blue_Horiz_webheader1-logo.svg","contentUrl":"https:\/\/mwc-cmm.org\/wp-content\/uploads\/2026\/01\/MWC_Sig_Blue_Horiz_webheader1-logo.svg","width":786,"height":82,"caption":"Mennonite World Conference"},"image":{"@id":"https:\/\/mwc-cmm.org\/en\/#\/schema\/logo\/image\/"},"sameAs":["https:\/\/www.facebook.com\/MennoniteWorldConference","https:\/\/www.linkedin.com\/company\/mennonite-world-conference-mwc\/","https:\/\/www.instagram.com\/mwcmm\/","https:\/\/www.youtube.com\/user\/mwccmm","https:\/\/bsky.app\/profile\/mwcmm.bsky.social"]},{"@type":"Person","@id":"https:\/\/mwc-cmm.org\/en\/#\/schema\/person\/11f6ae0d7d1868ba20a1cc27f067c836","name":"mennworldcon","image":{"@type":"ImageObject","inLanguage":"es","@id":"https:\/\/secure.gravatar.com\/avatar\/06fdc0dc81c157dfdb82ec42f252178a22307808988d22c043f9eb96f1e0fe80?s=96&d=mm&r=g","url":"https:\/\/secure.gravatar.com\/avatar\/06fdc0dc81c157dfdb82ec42f252178a22307808988d22c043f9eb96f1e0fe80?s=96&d=mm&r=g","contentUrl":"https:\/\/secure.gravatar.com\/avatar\/06fdc0dc81c157dfdb82ec42f252178a22307808988d22c043f9eb96f1e0fe80?s=96&d=mm&r=g","caption":"mennworldcon"},"sameAs":["https:\/\/mwc-cmm.org"],"url":"https:\/\/mwc-cmm.org\/es\/stories\/author\/mennworldcon\/"}]}},"_links":{"self":[{"href":"https:\/\/mwc-cmm.org\/es\/wp-json\/wp\/v2\/posts\/8742","targetHints":{"allow":["GET"]}}],"collection":[{"href":"https:\/\/mwc-cmm.org\/es\/wp-json\/wp\/v2\/posts"}],"about":[{"href":"https:\/\/mwc-cmm.org\/es\/wp-json\/wp\/v2\/types\/post"}],"author":[{"embeddable":true,"href":"https:\/\/mwc-cmm.org\/es\/wp-json\/wp\/v2\/users\/1"}],"replies":[{"embeddable":true,"href":"https:\/\/mwc-cmm.org\/es\/wp-json\/wp\/v2\/comments?post=8742"}],"version-history":[{"count":0,"href":"https:\/\/mwc-cmm.org\/es\/wp-json\/wp\/v2\/posts\/8742\/revisions"}],"wp:featuredmedia":[{"embeddable":true,"href":"https:\/\/mwc-cmm.org\/es\/wp-json\/wp\/v2\/media\/88888"}],"wp:attachment":[{"href":"https:\/\/mwc-cmm.org\/es\/wp-json\/wp\/v2\/media?parent=8742"}],"wp:term":[{"taxonomy":"category","embeddable":true,"href":"https:\/\/mwc-cmm.org\/es\/wp-json\/wp\/v2\/categories?post=8742"},{"taxonomy":"post_tag","embeddable":true,"href":"https:\/\/mwc-cmm.org\/es\/wp-json\/wp\/v2\/tags?post=8742"},{"taxonomy":"network","embeddable":true,"href":"https:\/\/mwc-cmm.org\/es\/wp-json\/wp\/v2\/network?post=8742"},{"taxonomy":"eventcategory","embeddable":true,"href":"https:\/\/mwc-cmm.org\/es\/wp-json\/wp\/v2\/eventcategory?post=8742"}],"curies":[{"name":"wp","href":"https:\/\/api.w.org\/{rel}","templated":true}]}}