{"id":8701,"date":"2017-04-18T00:00:00","date_gmt":"2017-04-18T00:00:00","guid":{"rendered":"https:\/\/mwc-cmm.org\/ministry-partner-update-icomb-april-2017-3\/"},"modified":"2024-12-10T18:00:36","modified_gmt":"2024-12-10T18:00:36","slug":"actualizacion-de-la-colaboracion-en-el-ministerio-icomb-abril-2017","status":"publish","type":"post","link":"https:\/\/mwc-cmm.org\/es\/stories\/actualizacion-de-la-colaboracion-en-el-ministerio-icomb-abril-2017\/","title":{"rendered":"Actualizaci\u00f3n de la colaboraci\u00f3n en el ministerio: ICOMB &#8211; Abril 2017"},"content":{"rendered":"<p><em>La Comunidad Internacional de los Hermanos Menonitas (ICOMB, por su sigla en ingl\u00e9s) est\u00e1 compuesta por 21 iglesias nacionales en 19 pa\u00edses con aproximadamente 450.000 miembros. ICOMB existe para fomentar las relaciones y los ministerios, para resaltar el testimonio y el discipulado de sus iglesias nacionales miembros \u2013 conectando, fortaleciendo y ampliando.<\/em><\/p>\n<p><strong>Reuni\u00f3n global de los Hermanos Menonitas aviva su pasi\u00f3n: Consulta de ICOMB sobre misi\u00f3n y oraci\u00f3n, Tailandia 2017.<\/strong><\/p>\n<p>\u201cTodo se trata del amor.\u201d Este fue el mensaje de PK, l\u00edder de la misi\u00f3n Khmu, en la \u00faltima noche de Tailandia 2017, una consulta de ICOMB (Comunidad Internacional de los Hermanos Menonitas -ICOMB, por su sigla en ingl\u00e9s) en sociedad con MB Mission (la Misi\u00f3n de los Hermanos Menonitas). In Chonburi, Tailandia, 240 delegados de 36 pa\u00edses se reunieron del 7 al 12 de marzo para dialogar y orar sobre la misi\u00f3n.<\/p>\n<p>Los asistentes eran l\u00edderes y coordinadores de misi\u00f3n o de plantaci\u00f3n de iglesias de 21 conferencias consolidadas de los Hermanos Menonitas y alrededor de 17 asociaciones nuevas bajo la MB Mission.<\/p>\n<p><strong>Un llamado a la Misi\u00f3n<\/strong><\/p>\n<p>\u201cLa misi\u00f3n no es primeramente nuestra actividad o iniciativa, sino el pueblo de Dios participando en el prop\u00f3sito del Se\u00f1or de redimir a toda la creaci\u00f3n,\u201d dijo Arthur D\u00fcck (Brasil), uno de los nueve ponentes de las plenarias.<\/p>\n<p>Johann Matthies de Alemania describi\u00f3 al mundo en movimiento \u2013 244 millones de personas son migrantes, refugiados y ap\u00e1tridas \u2013 una oportunidad sin precedentes para compartir el evangelio de manera integral a grandes grupos de personas de personas.<\/p>\n<p>Randy Friesen de la MB Mission habl\u00f3 de una misi\u00f3n \u201cde todos lados para todos lados\u201d. Con el centro geogr\u00e1fico de la cristiandad en el noroccidente de \u00c1frica y con tendencia hacia el sudeste, esto supone la atenci\u00f3n de las reflexiones sobre como la praxis y la estrategia de la MB Mission responde a esta realidad.<\/p>\n<p>Cada ma\u00f1ana un representante continental diferente present\u00f3 un estudio b\u00edblico basado en Efesios. \u201cReconoce el llamado de Dios en tu vida, mant\u00e9n la visi\u00f3n y avanza sin importar que pase,\u201d anim\u00f3 Nahtanong Silachotboriboon de Tailandia (Efesios 3).<\/p>\n<p>El pastor Mvwala Katshinga de la RD del Congo proclam\u00f3 un mismo esp\u00edritu (Efesios 4) y resalt\u00f3 la implicaci\u00f3n para las mujeres \u201c\u00bfHay un Esp\u00edritu Santo para los hombres y otro Esp\u00edritu Santo para las mujeres? \u00a1No! Y el esp\u00edritu nos llama a participar juntos en la misi\u00f3n.\u201d<\/p>\n<p>El Pastor Ada De Mencia (Paraguay) llam\u00f3 a la apertura hacia el Esp\u00edritu Santo (Efesios 5). Un evangelista de Turqu\u00eda llam\u00f3 a los Hermanos Menonitas a armarse para la guerra espiritual (Efesios 6).<\/p>\n<p>Oraci\u00f3n, el tema paralelo del evento, complement\u00f3 todo en la pr\u00e1ctica, ejemplo y ense\u00f1anza. Salones de oraci\u00f3n y talleres, ofrecieron oportunidades pr\u00e1cticas para orar y para aprender sobre la oraci\u00f3n.<\/p>\n<p>La atmosfera de amor y unidad prevaleci\u00f3 a pesar de los malentendidos inevitables de una reuni\u00f3n intercultural. \u201cEl sentido de pertenencia era palpable,\u201d dice David Wiebe el director ejecutivo de ICOMB.<\/p>\n<p>El comit\u00e9 de escucha (que inclu\u00eda al secretario general del CMM C\u00e9sar Garc\u00eda) resumi\u00f3 los pasos de acci\u00f3n recomendados que surgieron de la consulta: apartar tiempo para la oraci\u00f3n y la intercesi\u00f3n, empoderar a las mujeres, incrementar la conciencia sobre otras iglesias anabautistas y re comprometerse a ser una iglesia basada en la misi\u00f3n de la \u201cimitaci\u00f3n radical de Jes\u00fas [a trav\u00e9s de] perd\u00f3n y amor.\u201d<\/p>\n<p><strong>Cumbre<\/strong><\/p>\n<p>Lac cumbre anual de los l\u00edderes de la conferencia de ICOMB se realiz\u00f3 despu\u00e9s de la consulta, del 13 al 14 de marzo del 2017. Rudi Plett fue dedicado como director asociado con el enfoque de servir en Am\u00e9rica Latina.<\/p>\n<p><em>\u2014<\/em><em> Informe de ICOMB<\/em><\/p>\n","protected":false},"excerpt":{"rendered":"<p>NULL<\/p>\n","protected":false},"author":1,"featured_media":88636,"comment_status":"closed","ping_status":"closed","sticky":false,"template":"","format":"standard","meta":{"_acf_changed":false,"footnotes":""},"categories":[6],"tags":[],"network":[],"eventcategory":[],"class_list":["post-8701","post","type-post","status-publish","format-standard","has-post-thumbnail","hentry","category-sin-categorizar"],"acf":[],"yoast_head":"<!-- This site is optimized with the Yoast SEO plugin v27.5 - https:\/\/yoast.com\/product\/yoast-seo-wordpress\/ -->\n<title>Actualizaci\u00f3n de la colaboraci\u00f3n en el ministerio: ICOMB - Abril 2017 - Mennonite World Conference<\/title>\n<meta name=\"robots\" content=\"index, follow, max-snippet:-1, max-image-preview:large, max-video-preview:-1\" \/>\n<link rel=\"canonical\" href=\"https:\/\/mwc-cmm.org\/es\/stories\/actualizacion-de-la-colaboracion-en-el-ministerio-icomb-abril-2017\/\" \/>\n<meta property=\"og:locale\" content=\"es_ES\" \/>\n<meta property=\"og:type\" content=\"article\" \/>\n<meta property=\"og:title\" content=\"Actualizaci\u00f3n de la colaboraci\u00f3n en el ministerio: ICOMB - Abril 2017 - Mennonite World Conference\" \/>\n<meta property=\"og:description\" content=\"NULL\" \/>\n<meta property=\"og:url\" content=\"https:\/\/mwc-cmm.org\/es\/stories\/actualizacion-de-la-colaboracion-en-el-ministerio-icomb-abril-2017\/\" \/>\n<meta property=\"og:site_name\" content=\"Mennonite World Conference\" \/>\n<meta property=\"article:publisher\" content=\"https:\/\/www.facebook.com\/MennoniteWorldConference\" \/>\n<meta property=\"article:published_time\" content=\"2017-04-18T00:00:00+00:00\" \/>\n<meta property=\"article:modified_time\" content=\"2024-12-10T18:00:36+00:00\" \/>\n<meta property=\"og:image\" content=\"https:\/\/mwc-cmm.org\/wp-content\/uploads\/2024\/11\/32968955433_b667c2d01c_k.jpg\" \/>\n\t<meta property=\"og:image:width\" content=\"1000\" \/>\n\t<meta property=\"og:image:height\" content=\"562\" \/>\n\t<meta property=\"og:image:type\" content=\"image\/jpeg\" \/>\n<meta name=\"author\" content=\"mennworldcon\" \/>\n<script type=\"application\/ld+json\" class=\"yoast-schema-graph\">{\"@context\":\"https:\\\/\\\/schema.org\",\"@graph\":[{\"@type\":\"Article\",\"@id\":\"https:\\\/\\\/mwc-cmm.org\\\/es\\\/stories\\\/actualizacion-de-la-colaboracion-en-el-ministerio-icomb-abril-2017\\\/#article\",\"isPartOf\":{\"@id\":\"https:\\\/\\\/mwc-cmm.org\\\/es\\\/stories\\\/actualizacion-de-la-colaboracion-en-el-ministerio-icomb-abril-2017\\\/\"},\"author\":{\"name\":\"mennworldcon\",\"@id\":\"https:\\\/\\\/mwc-cmm.org\\\/en\\\/#\\\/schema\\\/person\\\/11f6ae0d7d1868ba20a1cc27f067c836\"},\"headline\":\"Actualizaci\u00f3n de la colaboraci\u00f3n en el ministerio: ICOMB &#8211; Abril 2017\",\"datePublished\":\"2017-04-18T00:00:00+00:00\",\"dateModified\":\"2024-12-10T18:00:36+00:00\",\"mainEntityOfPage\":{\"@id\":\"https:\\\/\\\/mwc-cmm.org\\\/es\\\/stories\\\/actualizacion-de-la-colaboracion-en-el-ministerio-icomb-abril-2017\\\/\"},\"wordCount\":648,\"publisher\":{\"@id\":\"https:\\\/\\\/mwc-cmm.org\\\/en\\\/#organization\"},\"image\":{\"@id\":\"https:\\\/\\\/mwc-cmm.org\\\/es\\\/stories\\\/actualizacion-de-la-colaboracion-en-el-ministerio-icomb-abril-2017\\\/#primaryimage\"},\"thumbnailUrl\":\"https:\\\/\\\/mwc-cmm.org\\\/wp-content\\\/uploads\\\/2024\\\/11\\\/32968955433_b667c2d01c_k.jpg\",\"articleSection\":[\"Sin categorizar\"],\"inLanguage\":\"es\"},{\"@type\":\"WebPage\",\"@id\":\"https:\\\/\\\/mwc-cmm.org\\\/es\\\/stories\\\/actualizacion-de-la-colaboracion-en-el-ministerio-icomb-abril-2017\\\/\",\"url\":\"https:\\\/\\\/mwc-cmm.org\\\/es\\\/stories\\\/actualizacion-de-la-colaboracion-en-el-ministerio-icomb-abril-2017\\\/\",\"name\":\"Actualizaci\u00f3n de la colaboraci\u00f3n en el ministerio: ICOMB - Abril 2017 - Mennonite World Conference\",\"isPartOf\":{\"@id\":\"https:\\\/\\\/mwc-cmm.org\\\/en\\\/#website\"},\"primaryImageOfPage\":{\"@id\":\"https:\\\/\\\/mwc-cmm.org\\\/es\\\/stories\\\/actualizacion-de-la-colaboracion-en-el-ministerio-icomb-abril-2017\\\/#primaryimage\"},\"image\":{\"@id\":\"https:\\\/\\\/mwc-cmm.org\\\/es\\\/stories\\\/actualizacion-de-la-colaboracion-en-el-ministerio-icomb-abril-2017\\\/#primaryimage\"},\"thumbnailUrl\":\"https:\\\/\\\/mwc-cmm.org\\\/wp-content\\\/uploads\\\/2024\\\/11\\\/32968955433_b667c2d01c_k.jpg\",\"datePublished\":\"2017-04-18T00:00:00+00:00\",\"dateModified\":\"2024-12-10T18:00:36+00:00\",\"breadcrumb\":{\"@id\":\"https:\\\/\\\/mwc-cmm.org\\\/es\\\/stories\\\/actualizacion-de-la-colaboracion-en-el-ministerio-icomb-abril-2017\\\/#breadcrumb\"},\"inLanguage\":\"es\",\"potentialAction\":[{\"@type\":\"ReadAction\",\"target\":[\"https:\\\/\\\/mwc-cmm.org\\\/es\\\/stories\\\/actualizacion-de-la-colaboracion-en-el-ministerio-icomb-abril-2017\\\/\"]}]},{\"@type\":\"ImageObject\",\"inLanguage\":\"es\",\"@id\":\"https:\\\/\\\/mwc-cmm.org\\\/es\\\/stories\\\/actualizacion-de-la-colaboracion-en-el-ministerio-icomb-abril-2017\\\/#primaryimage\",\"url\":\"https:\\\/\\\/mwc-cmm.org\\\/wp-content\\\/uploads\\\/2024\\\/11\\\/32968955433_b667c2d01c_k.jpg\",\"contentUrl\":\"https:\\\/\\\/mwc-cmm.org\\\/wp-content\\\/uploads\\\/2024\\\/11\\\/32968955433_b667c2d01c_k.jpg\",\"width\":1000,\"height\":562},{\"@type\":\"BreadcrumbList\",\"@id\":\"https:\\\/\\\/mwc-cmm.org\\\/es\\\/stories\\\/actualizacion-de-la-colaboracion-en-el-ministerio-icomb-abril-2017\\\/#breadcrumb\",\"itemListElement\":[{\"@type\":\"ListItem\",\"position\":1,\"name\":\"Home\",\"item\":\"https:\\\/\\\/mwc-cmm.org\\\/es\\\/\"},{\"@type\":\"ListItem\",\"position\":2,\"name\":\"Actualizaci\u00f3n de la colaboraci\u00f3n en el ministerio: ICOMB &#8211; Abril 2017\"}]},{\"@type\":\"WebSite\",\"@id\":\"https:\\\/\\\/mwc-cmm.org\\\/en\\\/#website\",\"url\":\"https:\\\/\\\/mwc-cmm.org\\\/en\\\/\",\"name\":\"Mennonite World Conference\",\"description\":\"A communion of Anabaptist-related churches\",\"publisher\":{\"@id\":\"https:\\\/\\\/mwc-cmm.org\\\/en\\\/#organization\"},\"alternateName\":\"MWC\",\"potentialAction\":[{\"@type\":\"SearchAction\",\"target\":{\"@type\":\"EntryPoint\",\"urlTemplate\":\"https:\\\/\\\/mwc-cmm.org\\\/en\\\/?s={search_term_string}\"},\"query-input\":{\"@type\":\"PropertyValueSpecification\",\"valueRequired\":true,\"valueName\":\"search_term_string\"}}],\"inLanguage\":\"es\"},{\"@type\":\"Organization\",\"@id\":\"https:\\\/\\\/mwc-cmm.org\\\/en\\\/#organization\",\"name\":\"Mennonite World Conference\",\"alternateName\":\"MWC\",\"url\":\"https:\\\/\\\/mwc-cmm.org\\\/en\\\/\",\"logo\":{\"@type\":\"ImageObject\",\"inLanguage\":\"es\",\"@id\":\"https:\\\/\\\/mwc-cmm.org\\\/en\\\/#\\\/schema\\\/logo\\\/image\\\/\",\"url\":\"https:\\\/\\\/mwc-cmm.org\\\/wp-content\\\/uploads\\\/2026\\\/01\\\/MWC_Sig_Blue_Horiz_webheader1-logo.svg\",\"contentUrl\":\"https:\\\/\\\/mwc-cmm.org\\\/wp-content\\\/uploads\\\/2026\\\/01\\\/MWC_Sig_Blue_Horiz_webheader1-logo.svg\",\"width\":786,\"height\":82,\"caption\":\"Mennonite World Conference\"},\"image\":{\"@id\":\"https:\\\/\\\/mwc-cmm.org\\\/en\\\/#\\\/schema\\\/logo\\\/image\\\/\"},\"sameAs\":[\"https:\\\/\\\/www.facebook.com\\\/MennoniteWorldConference\",\"https:\\\/\\\/www.linkedin.com\\\/company\\\/mennonite-world-conference-mwc\\\/\",\"https:\\\/\\\/www.instagram.com\\\/mwcmm\\\/\",\"https:\\\/\\\/www.youtube.com\\\/user\\\/mwccmm\",\"https:\\\/\\\/bsky.app\\\/profile\\\/mwcmm.bsky.social\"]},{\"@type\":\"Person\",\"@id\":\"https:\\\/\\\/mwc-cmm.org\\\/en\\\/#\\\/schema\\\/person\\\/11f6ae0d7d1868ba20a1cc27f067c836\",\"name\":\"mennworldcon\",\"image\":{\"@type\":\"ImageObject\",\"inLanguage\":\"es\",\"@id\":\"https:\\\/\\\/secure.gravatar.com\\\/avatar\\\/06fdc0dc81c157dfdb82ec42f252178a22307808988d22c043f9eb96f1e0fe80?s=96&d=mm&r=g\",\"url\":\"https:\\\/\\\/secure.gravatar.com\\\/avatar\\\/06fdc0dc81c157dfdb82ec42f252178a22307808988d22c043f9eb96f1e0fe80?s=96&d=mm&r=g\",\"contentUrl\":\"https:\\\/\\\/secure.gravatar.com\\\/avatar\\\/06fdc0dc81c157dfdb82ec42f252178a22307808988d22c043f9eb96f1e0fe80?s=96&d=mm&r=g\",\"caption\":\"mennworldcon\"},\"sameAs\":[\"https:\\\/\\\/mwc-cmm.org\"],\"url\":\"https:\\\/\\\/mwc-cmm.org\\\/es\\\/stories\\\/author\\\/mennworldcon\\\/\"}]}<\/script>\n<!-- \/ Yoast SEO plugin. -->","yoast_head_json":{"title":"Actualizaci\u00f3n de la colaboraci\u00f3n en el ministerio: ICOMB - Abril 2017 - Mennonite World Conference","robots":{"index":"index","follow":"follow","max-snippet":"max-snippet:-1","max-image-preview":"max-image-preview:large","max-video-preview":"max-video-preview:-1"},"canonical":"https:\/\/mwc-cmm.org\/es\/stories\/actualizacion-de-la-colaboracion-en-el-ministerio-icomb-abril-2017\/","og_locale":"es_ES","og_type":"article","og_title":"Actualizaci\u00f3n de la colaboraci\u00f3n en el ministerio: ICOMB - Abril 2017 - Mennonite World Conference","og_description":"NULL","og_url":"https:\/\/mwc-cmm.org\/es\/stories\/actualizacion-de-la-colaboracion-en-el-ministerio-icomb-abril-2017\/","og_site_name":"Mennonite World Conference","article_publisher":"https:\/\/www.facebook.com\/MennoniteWorldConference","article_published_time":"2017-04-18T00:00:00+00:00","article_modified_time":"2024-12-10T18:00:36+00:00","og_image":[{"width":1000,"height":562,"url":"https:\/\/mwc-cmm.org\/wp-content\/uploads\/2024\/11\/32968955433_b667c2d01c_k.jpg","type":"image\/jpeg"}],"author":"mennworldcon","schema":{"@context":"https:\/\/schema.org","@graph":[{"@type":"Article","@id":"https:\/\/mwc-cmm.org\/es\/stories\/actualizacion-de-la-colaboracion-en-el-ministerio-icomb-abril-2017\/#article","isPartOf":{"@id":"https:\/\/mwc-cmm.org\/es\/stories\/actualizacion-de-la-colaboracion-en-el-ministerio-icomb-abril-2017\/"},"author":{"name":"mennworldcon","@id":"https:\/\/mwc-cmm.org\/en\/#\/schema\/person\/11f6ae0d7d1868ba20a1cc27f067c836"},"headline":"Actualizaci\u00f3n de la colaboraci\u00f3n en el ministerio: ICOMB &#8211; Abril 2017","datePublished":"2017-04-18T00:00:00+00:00","dateModified":"2024-12-10T18:00:36+00:00","mainEntityOfPage":{"@id":"https:\/\/mwc-cmm.org\/es\/stories\/actualizacion-de-la-colaboracion-en-el-ministerio-icomb-abril-2017\/"},"wordCount":648,"publisher":{"@id":"https:\/\/mwc-cmm.org\/en\/#organization"},"image":{"@id":"https:\/\/mwc-cmm.org\/es\/stories\/actualizacion-de-la-colaboracion-en-el-ministerio-icomb-abril-2017\/#primaryimage"},"thumbnailUrl":"https:\/\/mwc-cmm.org\/wp-content\/uploads\/2024\/11\/32968955433_b667c2d01c_k.jpg","articleSection":["Sin categorizar"],"inLanguage":"es"},{"@type":"WebPage","@id":"https:\/\/mwc-cmm.org\/es\/stories\/actualizacion-de-la-colaboracion-en-el-ministerio-icomb-abril-2017\/","url":"https:\/\/mwc-cmm.org\/es\/stories\/actualizacion-de-la-colaboracion-en-el-ministerio-icomb-abril-2017\/","name":"Actualizaci\u00f3n de la colaboraci\u00f3n en el ministerio: ICOMB - Abril 2017 - Mennonite World Conference","isPartOf":{"@id":"https:\/\/mwc-cmm.org\/en\/#website"},"primaryImageOfPage":{"@id":"https:\/\/mwc-cmm.org\/es\/stories\/actualizacion-de-la-colaboracion-en-el-ministerio-icomb-abril-2017\/#primaryimage"},"image":{"@id":"https:\/\/mwc-cmm.org\/es\/stories\/actualizacion-de-la-colaboracion-en-el-ministerio-icomb-abril-2017\/#primaryimage"},"thumbnailUrl":"https:\/\/mwc-cmm.org\/wp-content\/uploads\/2024\/11\/32968955433_b667c2d01c_k.jpg","datePublished":"2017-04-18T00:00:00+00:00","dateModified":"2024-12-10T18:00:36+00:00","breadcrumb":{"@id":"https:\/\/mwc-cmm.org\/es\/stories\/actualizacion-de-la-colaboracion-en-el-ministerio-icomb-abril-2017\/#breadcrumb"},"inLanguage":"es","potentialAction":[{"@type":"ReadAction","target":["https:\/\/mwc-cmm.org\/es\/stories\/actualizacion-de-la-colaboracion-en-el-ministerio-icomb-abril-2017\/"]}]},{"@type":"ImageObject","inLanguage":"es","@id":"https:\/\/mwc-cmm.org\/es\/stories\/actualizacion-de-la-colaboracion-en-el-ministerio-icomb-abril-2017\/#primaryimage","url":"https:\/\/mwc-cmm.org\/wp-content\/uploads\/2024\/11\/32968955433_b667c2d01c_k.jpg","contentUrl":"https:\/\/mwc-cmm.org\/wp-content\/uploads\/2024\/11\/32968955433_b667c2d01c_k.jpg","width":1000,"height":562},{"@type":"BreadcrumbList","@id":"https:\/\/mwc-cmm.org\/es\/stories\/actualizacion-de-la-colaboracion-en-el-ministerio-icomb-abril-2017\/#breadcrumb","itemListElement":[{"@type":"ListItem","position":1,"name":"Home","item":"https:\/\/mwc-cmm.org\/es\/"},{"@type":"ListItem","position":2,"name":"Actualizaci\u00f3n de la colaboraci\u00f3n en el ministerio: ICOMB &#8211; Abril 2017"}]},{"@type":"WebSite","@id":"https:\/\/mwc-cmm.org\/en\/#website","url":"https:\/\/mwc-cmm.org\/en\/","name":"Mennonite World Conference","description":"A communion of Anabaptist-related churches","publisher":{"@id":"https:\/\/mwc-cmm.org\/en\/#organization"},"alternateName":"MWC","potentialAction":[{"@type":"SearchAction","target":{"@type":"EntryPoint","urlTemplate":"https:\/\/mwc-cmm.org\/en\/?s={search_term_string}"},"query-input":{"@type":"PropertyValueSpecification","valueRequired":true,"valueName":"search_term_string"}}],"inLanguage":"es"},{"@type":"Organization","@id":"https:\/\/mwc-cmm.org\/en\/#organization","name":"Mennonite World Conference","alternateName":"MWC","url":"https:\/\/mwc-cmm.org\/en\/","logo":{"@type":"ImageObject","inLanguage":"es","@id":"https:\/\/mwc-cmm.org\/en\/#\/schema\/logo\/image\/","url":"https:\/\/mwc-cmm.org\/wp-content\/uploads\/2026\/01\/MWC_Sig_Blue_Horiz_webheader1-logo.svg","contentUrl":"https:\/\/mwc-cmm.org\/wp-content\/uploads\/2026\/01\/MWC_Sig_Blue_Horiz_webheader1-logo.svg","width":786,"height":82,"caption":"Mennonite World Conference"},"image":{"@id":"https:\/\/mwc-cmm.org\/en\/#\/schema\/logo\/image\/"},"sameAs":["https:\/\/www.facebook.com\/MennoniteWorldConference","https:\/\/www.linkedin.com\/company\/mennonite-world-conference-mwc\/","https:\/\/www.instagram.com\/mwcmm\/","https:\/\/www.youtube.com\/user\/mwccmm","https:\/\/bsky.app\/profile\/mwcmm.bsky.social"]},{"@type":"Person","@id":"https:\/\/mwc-cmm.org\/en\/#\/schema\/person\/11f6ae0d7d1868ba20a1cc27f067c836","name":"mennworldcon","image":{"@type":"ImageObject","inLanguage":"es","@id":"https:\/\/secure.gravatar.com\/avatar\/06fdc0dc81c157dfdb82ec42f252178a22307808988d22c043f9eb96f1e0fe80?s=96&d=mm&r=g","url":"https:\/\/secure.gravatar.com\/avatar\/06fdc0dc81c157dfdb82ec42f252178a22307808988d22c043f9eb96f1e0fe80?s=96&d=mm&r=g","contentUrl":"https:\/\/secure.gravatar.com\/avatar\/06fdc0dc81c157dfdb82ec42f252178a22307808988d22c043f9eb96f1e0fe80?s=96&d=mm&r=g","caption":"mennworldcon"},"sameAs":["https:\/\/mwc-cmm.org"],"url":"https:\/\/mwc-cmm.org\/es\/stories\/author\/mennworldcon\/"}]}},"_links":{"self":[{"href":"https:\/\/mwc-cmm.org\/es\/wp-json\/wp\/v2\/posts\/8701","targetHints":{"allow":["GET"]}}],"collection":[{"href":"https:\/\/mwc-cmm.org\/es\/wp-json\/wp\/v2\/posts"}],"about":[{"href":"https:\/\/mwc-cmm.org\/es\/wp-json\/wp\/v2\/types\/post"}],"author":[{"embeddable":true,"href":"https:\/\/mwc-cmm.org\/es\/wp-json\/wp\/v2\/users\/1"}],"replies":[{"embeddable":true,"href":"https:\/\/mwc-cmm.org\/es\/wp-json\/wp\/v2\/comments?post=8701"}],"version-history":[{"count":0,"href":"https:\/\/mwc-cmm.org\/es\/wp-json\/wp\/v2\/posts\/8701\/revisions"}],"wp:featuredmedia":[{"embeddable":true,"href":"https:\/\/mwc-cmm.org\/es\/wp-json\/wp\/v2\/media\/88636"}],"wp:attachment":[{"href":"https:\/\/mwc-cmm.org\/es\/wp-json\/wp\/v2\/media?parent=8701"}],"wp:term":[{"taxonomy":"category","embeddable":true,"href":"https:\/\/mwc-cmm.org\/es\/wp-json\/wp\/v2\/categories?post=8701"},{"taxonomy":"post_tag","embeddable":true,"href":"https:\/\/mwc-cmm.org\/es\/wp-json\/wp\/v2\/tags?post=8701"},{"taxonomy":"network","embeddable":true,"href":"https:\/\/mwc-cmm.org\/es\/wp-json\/wp\/v2\/network?post=8701"},{"taxonomy":"eventcategory","embeddable":true,"href":"https:\/\/mwc-cmm.org\/es\/wp-json\/wp\/v2\/eventcategory?post=8701"}],"curies":[{"name":"wp","href":"https:\/\/api.w.org\/{rel}","templated":true}]}}