{"id":8700,"date":"2017-05-31T00:00:00","date_gmt":"2017-05-31T00:00:00","guid":{"rendered":"https:\/\/mwc-cmm.org\/the-perfect-placement-a-kenyan-mennonite-in-the-mcc-un-office-3\/"},"modified":"2024-12-10T18:00:36","modified_gmt":"2024-12-10T18:00:36","slug":"the-perfect-placement-a-kenyan-mennonite-in-the-mcc-un-office-3","status":"publish","type":"post","link":"https:\/\/mwc-cmm.org\/es\/stories\/the-perfect-placement-a-kenyan-mennonite-in-the-mcc-un-office-3\/","title":{"rendered":"El sitio perfecto: Un menonita de Kenia en la Oficina del CCM en la ONU"},"content":{"rendered":"<p>Nueva York, EE.UU. \u2013 Justo afuera de la ventana al lado de mi escritorio, en la oficina del CCM en la ONU ubicada en el 10\u00ba piso de Church Center para las Naciones Unidas, puedo ver la entrada de la Organizaci\u00f3n de las Naciones Unidas (ONU) y la bandera de Kenia, la cual de forma inesperada despierta un sentimiento de patriotismo; estoy aprendiendo a apreciar a mi pa\u00eds, m\u00e1s cuando no estoy en \u00e9l.<\/p>\n<p>En mi pa\u00eds de origen, asist\u00eda a Eastleigh Fellowship Center, una iglesia menonita dentro de la capital, Nairobi. Mis padres son l\u00edderes en la comunidad menonita de Kenia. Tuve la noci\u00f3n de paz fuertemente arraigada durante mi crecimiento y esto influy\u00f3 en la decisi\u00f3n de seguir mis estudios en relaciones internacionales como campo acad\u00e9mico en la universidad.<\/p>\n<p>En 2015, complet\u00e9 mis estudios de pregrado en relaciones internacionales en la Universidad de Nairobi, donde descubr\u00ed mi inter\u00e9s sobre asuntos relacionados con la diplomacia internacional y c\u00f3mo \u00e9sta puede ser influenciada por la teolog\u00eda; es decir, c\u00f3mo puedo aplicar los valores b\u00edblicos y los principios anabautistas a las estrategias diplom\u00e1ticas en un entorno cargado de asuntos pol\u00edticos. As\u00ed que cuando me cruc\u00e9 con la oportunidad de la pasant\u00eda en la Oficina del CCM en la ONU y con la convocatoria del CCM para nuevos participantes del Programa Internacional de Intercambio de Voluntarios (IVEP, por su sigla en ingl\u00e9s), saqu\u00e9 como conclusi\u00f3n que ser\u00eda el sitio perfecto para un menonita del Sur del mundo buscando marcar la diferencia en temas internacionales.<\/p>\n<p>Hab\u00eda pasado cuatro a\u00f1os aprendiendo sobre la ONU en detalle, pero hay una gran diferencia entre aprender sobre una instituci\u00f3n a nivel te\u00f3rico o en t\u00e9rminos pr\u00e1cticos. En la Oficina del CCM descubr\u00ed que la labor de la incidencia pol\u00edtica no es tan bonita como hab\u00eda pensado, requiere mucha investigaci\u00f3n y coordinaci\u00f3n entre nuestro equipo conformado por: Doug Hostetter, director y mi supervisor, Kati Garrison, asociada del programa y en la labor de incidencia, y Emma Cabana, pasante del Servicio Voluntario Menonita. En nuestra reuni\u00f3n de personal de una hora de duraci\u00f3n cada martes, tenemos un tiempo de adoraci\u00f3n para el cual nos rotamos la direcci\u00f3n del espacio y todos damos nuestros informes actualizados sobre lo que estamos trabajando en el momento. Como nuevo pasante, eleg\u00ed las prioridades espec\u00edficas para algunos pa\u00edses, incluyendo RPDC (Corea del Norte), Israel y Palestina.<\/p>\n<p><strong>Desaf\u00edos<\/strong><\/p>\n<p>Soy nuevo en el trabajo de incidencia, por lo tanto, asistir a reuniones de los grupos de trabajo de ONG`s (organizaciones no gubernamentales) sobre Israel\/Palestina y al Consejo de Seguridad fue algo desconocido, cargado de desaf\u00edos.<\/p>\n<p>1. Experiencia limitada<\/p>\n<p>Las Relaciones Internacionales como campo de estudio, solo permiten tener un panorama de c\u00f3mo funciona el sistema internacional. Profundizando m\u00e1s en ello, tuve que conciliar la informaci\u00f3n que hab\u00eda obtenido en mis estudios con la informaci\u00f3n en el campo de trabajo.<\/p>\n<p>2. El sentimiento de desubicaci\u00f3n sobre los temas<\/p>\n<p>En los grupos de trabajo formados por representantes bien informados de las ONG`s, a menudo me he sentido incapaz de hacer buenos aportes, no por elecci\u00f3n, sino porque todav\u00eda estoy<\/p>\n<p>aprendiendo sobre este tipo de contenidos. Pero, cuanto m\u00e1s he asistido a las reuniones, m\u00e1s he entendido.<\/p>\n<p>3. Integraci\u00f3n en las relaciones existentes<\/p>\n<p>Trabajar en Church Centre para las Naciones Unidas ten\u00eda un mayor sentido de relaci\u00f3n comunitaria que de trabajo profesional. El integrarme a las estrechas redes entre organizaciones y su personal fue desafiante; pero aprend\u00ed a formar mis propias relaciones y a fusionarlas en la comunidad en general.<\/p>\n<p>La experiencia de trabajar en la Oficina del CCM en la ONU y en general dentro de la comunidad de las Naciones Unidas ha sido a la vez frustrante, esclarecedor, satisfactorio, y gratificante, tanto profesional como espiritualmente.<\/p>\n<p>A nivel profesional, he aprendido mucho sobre c\u00f3mo la labor de incidencia pol\u00edtica impregna la agenda internacional. Equipado de esta forma, ahora podr\u00e9 buscar maneras de aplicar el conocimiento adquirido a nivel local para ayudar a mi iglesia, comunidad y pa\u00eds a promover la paz y la labor humanitaria.<\/p>\n<p>Como menonita, s\u00e9 que la paz es intr\u00ednseca y que se debe buscar por medio de la no violencia. El mayor desaf\u00edo ha sido tratar de incorporar estas creencias en una organizaci\u00f3n motivada por la pol\u00edtica. Cuando ciertos pa\u00edses quieren usar la violencia para frenar el conflicto, el CCM y otras ONG`s basadas en la fe, han trabajado de forma ardua para ofrecer alternativas \u00e9ticas no violentas en busca de la consolidaci\u00f3n de la paz. Aunque dif\u00edcil, trabajar dentro de la Oficina del CMM de la ONU me ha ense\u00f1ado que conciliar mis creencias como menonita con los desaf\u00edos de la pol\u00edtica internacional es posible.<\/p>\n<p><em>\u2014Moses Osiro de Kenia es el pasante de IVEP\/CMM en la Oficina del CCM en la ONU (2016\u20132017).<\/em><\/p>\n<p><strong>En busca de solicitantes latinoamericanos para la pasant\u00eda 2018-2019 del CMM\/IVEP en la oficina del CCM en la ONU<\/strong><\/p>\n<p>Los solicitantes deben ser miembros de una iglesia afiliada al CMM, ser solteros y estar entre los 25\u201330 a\u00f1os de edad. Deben dominar bien el ingl\u00e9s, estar comprometidos con la paz y la justicia en temas internacionales y haber cursado estudios universitarios en relaciones internacionales, ciencias pol\u00edticas, sociolog\u00eda, historia, teolog\u00eda o disciplinas relacionadas. Deben tener experiencia pr\u00e1ctica personal en trabajo humanitario, interreligioso o de justicia\/paz a nivel local, nacional o internacional.<\/p>\n<p>El candidato debe llenar un formulario de solicitud IVEP de una oficina del CCM en el pa\u00eds origen. La fecha l\u00edmite de entrega de la solicitud para la pasant\u00eda para el a\u00f1o 2018-2019 es octubre de 2017.<\/p>\n","protected":false},"excerpt":{"rendered":"<p>NULL<\/p>\n","protected":false},"author":1,"featured_media":91212,"comment_status":"closed","ping_status":"closed","sticky":false,"template":"","format":"standard","meta":{"_acf_changed":false,"footnotes":""},"categories":[6],"tags":[916,1147,394],"network":[1284],"eventcategory":[],"class_list":["post-8700","post","type-post","status-publish","format-standard","has-post-thumbnail","hentry","category-sin-categorizar","tag-jovenes","tag-jovenes-es","tag-yabs-es","network-young-anabaptists-es"],"acf":[],"yoast_head":"<!-- This site is optimized with the Yoast SEO plugin v27.5 - https:\/\/yoast.com\/product\/yoast-seo-wordpress\/ -->\n<title>El sitio perfecto: Un menonita de Kenia en la Oficina del CCM en la ONU - Mennonite World Conference<\/title>\n<meta name=\"robots\" content=\"index, follow, max-snippet:-1, max-image-preview:large, max-video-preview:-1\" \/>\n<link rel=\"canonical\" href=\"https:\/\/mwc-cmm.org\/es\/stories\/the-perfect-placement-a-kenyan-mennonite-in-the-mcc-un-office-3\/\" \/>\n<meta property=\"og:locale\" content=\"es_ES\" \/>\n<meta property=\"og:type\" content=\"article\" \/>\n<meta property=\"og:title\" content=\"El sitio perfecto: Un menonita de Kenia en la Oficina del CCM en la ONU - Mennonite World Conference\" \/>\n<meta property=\"og:description\" content=\"NULL\" \/>\n<meta property=\"og:url\" content=\"https:\/\/mwc-cmm.org\/es\/stories\/the-perfect-placement-a-kenyan-mennonite-in-the-mcc-un-office-3\/\" \/>\n<meta property=\"og:site_name\" content=\"Mennonite World Conference\" \/>\n<meta property=\"article:publisher\" content=\"https:\/\/www.facebook.com\/MennoniteWorldConference\" \/>\n<meta property=\"article:published_time\" content=\"2017-05-31T00:00:00+00:00\" \/>\n<meta property=\"article:modified_time\" content=\"2024-12-10T18:00:36+00:00\" \/>\n<meta property=\"og:image\" content=\"https:\/\/mwc-cmm.org\/wp-content\/uploads\/2024\/11\/nr-mcc-ivep-un_intern.jpg\" \/>\n\t<meta property=\"og:image:width\" content=\"1024\" \/>\n\t<meta property=\"og:image:height\" content=\"682\" \/>\n\t<meta property=\"og:image:type\" content=\"image\/jpeg\" \/>\n<meta name=\"author\" content=\"mennworldcon\" \/>\n<script type=\"application\/ld+json\" class=\"yoast-schema-graph\">{\"@context\":\"https:\\\/\\\/schema.org\",\"@graph\":[{\"@type\":\"Article\",\"@id\":\"https:\\\/\\\/mwc-cmm.org\\\/es\\\/stories\\\/the-perfect-placement-a-kenyan-mennonite-in-the-mcc-un-office-3\\\/#article\",\"isPartOf\":{\"@id\":\"https:\\\/\\\/mwc-cmm.org\\\/es\\\/stories\\\/the-perfect-placement-a-kenyan-mennonite-in-the-mcc-un-office-3\\\/\"},\"author\":{\"name\":\"mennworldcon\",\"@id\":\"https:\\\/\\\/mwc-cmm.org\\\/en\\\/#\\\/schema\\\/person\\\/11f6ae0d7d1868ba20a1cc27f067c836\"},\"headline\":\"El sitio perfecto: Un menonita de Kenia en la Oficina del CCM en la ONU\",\"datePublished\":\"2017-05-31T00:00:00+00:00\",\"dateModified\":\"2024-12-10T18:00:36+00:00\",\"mainEntityOfPage\":{\"@id\":\"https:\\\/\\\/mwc-cmm.org\\\/es\\\/stories\\\/the-perfect-placement-a-kenyan-mennonite-in-the-mcc-un-office-3\\\/\"},\"wordCount\":1006,\"publisher\":{\"@id\":\"https:\\\/\\\/mwc-cmm.org\\\/en\\\/#organization\"},\"image\":{\"@id\":\"https:\\\/\\\/mwc-cmm.org\\\/es\\\/stories\\\/the-perfect-placement-a-kenyan-mennonite-in-the-mcc-un-office-3\\\/#primaryimage\"},\"thumbnailUrl\":\"https:\\\/\\\/mwc-cmm.org\\\/wp-content\\\/uploads\\\/2024\\\/11\\\/nr-mcc-ivep-un_intern.jpg\",\"keywords\":[\"j\u00f3venes\",\"j\u00f3venes\",\"YABs\"],\"articleSection\":[\"Sin categorizar\"],\"inLanguage\":\"es\"},{\"@type\":\"WebPage\",\"@id\":\"https:\\\/\\\/mwc-cmm.org\\\/es\\\/stories\\\/the-perfect-placement-a-kenyan-mennonite-in-the-mcc-un-office-3\\\/\",\"url\":\"https:\\\/\\\/mwc-cmm.org\\\/es\\\/stories\\\/the-perfect-placement-a-kenyan-mennonite-in-the-mcc-un-office-3\\\/\",\"name\":\"El sitio perfecto: Un menonita de Kenia en la Oficina del CCM en la ONU - Mennonite World Conference\",\"isPartOf\":{\"@id\":\"https:\\\/\\\/mwc-cmm.org\\\/en\\\/#website\"},\"primaryImageOfPage\":{\"@id\":\"https:\\\/\\\/mwc-cmm.org\\\/es\\\/stories\\\/the-perfect-placement-a-kenyan-mennonite-in-the-mcc-un-office-3\\\/#primaryimage\"},\"image\":{\"@id\":\"https:\\\/\\\/mwc-cmm.org\\\/es\\\/stories\\\/the-perfect-placement-a-kenyan-mennonite-in-the-mcc-un-office-3\\\/#primaryimage\"},\"thumbnailUrl\":\"https:\\\/\\\/mwc-cmm.org\\\/wp-content\\\/uploads\\\/2024\\\/11\\\/nr-mcc-ivep-un_intern.jpg\",\"datePublished\":\"2017-05-31T00:00:00+00:00\",\"dateModified\":\"2024-12-10T18:00:36+00:00\",\"breadcrumb\":{\"@id\":\"https:\\\/\\\/mwc-cmm.org\\\/es\\\/stories\\\/the-perfect-placement-a-kenyan-mennonite-in-the-mcc-un-office-3\\\/#breadcrumb\"},\"inLanguage\":\"es\",\"potentialAction\":[{\"@type\":\"ReadAction\",\"target\":[\"https:\\\/\\\/mwc-cmm.org\\\/es\\\/stories\\\/the-perfect-placement-a-kenyan-mennonite-in-the-mcc-un-office-3\\\/\"]}]},{\"@type\":\"ImageObject\",\"inLanguage\":\"es\",\"@id\":\"https:\\\/\\\/mwc-cmm.org\\\/es\\\/stories\\\/the-perfect-placement-a-kenyan-mennonite-in-the-mcc-un-office-3\\\/#primaryimage\",\"url\":\"https:\\\/\\\/mwc-cmm.org\\\/wp-content\\\/uploads\\\/2024\\\/11\\\/nr-mcc-ivep-un_intern.jpg\",\"contentUrl\":\"https:\\\/\\\/mwc-cmm.org\\\/wp-content\\\/uploads\\\/2024\\\/11\\\/nr-mcc-ivep-un_intern.jpg\",\"width\":1024,\"height\":682},{\"@type\":\"BreadcrumbList\",\"@id\":\"https:\\\/\\\/mwc-cmm.org\\\/es\\\/stories\\\/the-perfect-placement-a-kenyan-mennonite-in-the-mcc-un-office-3\\\/#breadcrumb\",\"itemListElement\":[{\"@type\":\"ListItem\",\"position\":1,\"name\":\"Home\",\"item\":\"https:\\\/\\\/mwc-cmm.org\\\/es\\\/\"},{\"@type\":\"ListItem\",\"position\":2,\"name\":\"El sitio perfecto: Un menonita de Kenia en la Oficina del CCM en la ONU\"}]},{\"@type\":\"WebSite\",\"@id\":\"https:\\\/\\\/mwc-cmm.org\\\/en\\\/#website\",\"url\":\"https:\\\/\\\/mwc-cmm.org\\\/en\\\/\",\"name\":\"Mennonite World Conference\",\"description\":\"A communion of Anabaptist-related churches\",\"publisher\":{\"@id\":\"https:\\\/\\\/mwc-cmm.org\\\/en\\\/#organization\"},\"alternateName\":\"MWC\",\"potentialAction\":[{\"@type\":\"SearchAction\",\"target\":{\"@type\":\"EntryPoint\",\"urlTemplate\":\"https:\\\/\\\/mwc-cmm.org\\\/en\\\/?s={search_term_string}\"},\"query-input\":{\"@type\":\"PropertyValueSpecification\",\"valueRequired\":true,\"valueName\":\"search_term_string\"}}],\"inLanguage\":\"es\"},{\"@type\":\"Organization\",\"@id\":\"https:\\\/\\\/mwc-cmm.org\\\/en\\\/#organization\",\"name\":\"Mennonite World Conference\",\"alternateName\":\"MWC\",\"url\":\"https:\\\/\\\/mwc-cmm.org\\\/en\\\/\",\"logo\":{\"@type\":\"ImageObject\",\"inLanguage\":\"es\",\"@id\":\"https:\\\/\\\/mwc-cmm.org\\\/en\\\/#\\\/schema\\\/logo\\\/image\\\/\",\"url\":\"https:\\\/\\\/mwc-cmm.org\\\/wp-content\\\/uploads\\\/2026\\\/01\\\/MWC_Sig_Blue_Horiz_webheader1-logo.svg\",\"contentUrl\":\"https:\\\/\\\/mwc-cmm.org\\\/wp-content\\\/uploads\\\/2026\\\/01\\\/MWC_Sig_Blue_Horiz_webheader1-logo.svg\",\"width\":786,\"height\":82,\"caption\":\"Mennonite World Conference\"},\"image\":{\"@id\":\"https:\\\/\\\/mwc-cmm.org\\\/en\\\/#\\\/schema\\\/logo\\\/image\\\/\"},\"sameAs\":[\"https:\\\/\\\/www.facebook.com\\\/MennoniteWorldConference\",\"https:\\\/\\\/www.linkedin.com\\\/company\\\/mennonite-world-conference-mwc\\\/\",\"https:\\\/\\\/www.instagram.com\\\/mwcmm\\\/\",\"https:\\\/\\\/www.youtube.com\\\/user\\\/mwccmm\",\"https:\\\/\\\/bsky.app\\\/profile\\\/mwcmm.bsky.social\"]},{\"@type\":\"Person\",\"@id\":\"https:\\\/\\\/mwc-cmm.org\\\/en\\\/#\\\/schema\\\/person\\\/11f6ae0d7d1868ba20a1cc27f067c836\",\"name\":\"mennworldcon\",\"image\":{\"@type\":\"ImageObject\",\"inLanguage\":\"es\",\"@id\":\"https:\\\/\\\/secure.gravatar.com\\\/avatar\\\/06fdc0dc81c157dfdb82ec42f252178a22307808988d22c043f9eb96f1e0fe80?s=96&d=mm&r=g\",\"url\":\"https:\\\/\\\/secure.gravatar.com\\\/avatar\\\/06fdc0dc81c157dfdb82ec42f252178a22307808988d22c043f9eb96f1e0fe80?s=96&d=mm&r=g\",\"contentUrl\":\"https:\\\/\\\/secure.gravatar.com\\\/avatar\\\/06fdc0dc81c157dfdb82ec42f252178a22307808988d22c043f9eb96f1e0fe80?s=96&d=mm&r=g\",\"caption\":\"mennworldcon\"},\"sameAs\":[\"https:\\\/\\\/mwc-cmm.org\"],\"url\":\"https:\\\/\\\/mwc-cmm.org\\\/es\\\/stories\\\/author\\\/mennworldcon\\\/\"}]}<\/script>\n<!-- \/ Yoast SEO plugin. -->","yoast_head_json":{"title":"El sitio perfecto: Un menonita de Kenia en la Oficina del CCM en la ONU - Mennonite World Conference","robots":{"index":"index","follow":"follow","max-snippet":"max-snippet:-1","max-image-preview":"max-image-preview:large","max-video-preview":"max-video-preview:-1"},"canonical":"https:\/\/mwc-cmm.org\/es\/stories\/the-perfect-placement-a-kenyan-mennonite-in-the-mcc-un-office-3\/","og_locale":"es_ES","og_type":"article","og_title":"El sitio perfecto: Un menonita de Kenia en la Oficina del CCM en la ONU - Mennonite World Conference","og_description":"NULL","og_url":"https:\/\/mwc-cmm.org\/es\/stories\/the-perfect-placement-a-kenyan-mennonite-in-the-mcc-un-office-3\/","og_site_name":"Mennonite World Conference","article_publisher":"https:\/\/www.facebook.com\/MennoniteWorldConference","article_published_time":"2017-05-31T00:00:00+00:00","article_modified_time":"2024-12-10T18:00:36+00:00","og_image":[{"width":1024,"height":682,"url":"https:\/\/mwc-cmm.org\/wp-content\/uploads\/2024\/11\/nr-mcc-ivep-un_intern.jpg","type":"image\/jpeg"}],"author":"mennworldcon","schema":{"@context":"https:\/\/schema.org","@graph":[{"@type":"Article","@id":"https:\/\/mwc-cmm.org\/es\/stories\/the-perfect-placement-a-kenyan-mennonite-in-the-mcc-un-office-3\/#article","isPartOf":{"@id":"https:\/\/mwc-cmm.org\/es\/stories\/the-perfect-placement-a-kenyan-mennonite-in-the-mcc-un-office-3\/"},"author":{"name":"mennworldcon","@id":"https:\/\/mwc-cmm.org\/en\/#\/schema\/person\/11f6ae0d7d1868ba20a1cc27f067c836"},"headline":"El sitio perfecto: Un menonita de Kenia en la Oficina del CCM en la ONU","datePublished":"2017-05-31T00:00:00+00:00","dateModified":"2024-12-10T18:00:36+00:00","mainEntityOfPage":{"@id":"https:\/\/mwc-cmm.org\/es\/stories\/the-perfect-placement-a-kenyan-mennonite-in-the-mcc-un-office-3\/"},"wordCount":1006,"publisher":{"@id":"https:\/\/mwc-cmm.org\/en\/#organization"},"image":{"@id":"https:\/\/mwc-cmm.org\/es\/stories\/the-perfect-placement-a-kenyan-mennonite-in-the-mcc-un-office-3\/#primaryimage"},"thumbnailUrl":"https:\/\/mwc-cmm.org\/wp-content\/uploads\/2024\/11\/nr-mcc-ivep-un_intern.jpg","keywords":["j\u00f3venes","j\u00f3venes","YABs"],"articleSection":["Sin categorizar"],"inLanguage":"es"},{"@type":"WebPage","@id":"https:\/\/mwc-cmm.org\/es\/stories\/the-perfect-placement-a-kenyan-mennonite-in-the-mcc-un-office-3\/","url":"https:\/\/mwc-cmm.org\/es\/stories\/the-perfect-placement-a-kenyan-mennonite-in-the-mcc-un-office-3\/","name":"El sitio perfecto: Un menonita de Kenia en la Oficina del CCM en la ONU - Mennonite World Conference","isPartOf":{"@id":"https:\/\/mwc-cmm.org\/en\/#website"},"primaryImageOfPage":{"@id":"https:\/\/mwc-cmm.org\/es\/stories\/the-perfect-placement-a-kenyan-mennonite-in-the-mcc-un-office-3\/#primaryimage"},"image":{"@id":"https:\/\/mwc-cmm.org\/es\/stories\/the-perfect-placement-a-kenyan-mennonite-in-the-mcc-un-office-3\/#primaryimage"},"thumbnailUrl":"https:\/\/mwc-cmm.org\/wp-content\/uploads\/2024\/11\/nr-mcc-ivep-un_intern.jpg","datePublished":"2017-05-31T00:00:00+00:00","dateModified":"2024-12-10T18:00:36+00:00","breadcrumb":{"@id":"https:\/\/mwc-cmm.org\/es\/stories\/the-perfect-placement-a-kenyan-mennonite-in-the-mcc-un-office-3\/#breadcrumb"},"inLanguage":"es","potentialAction":[{"@type":"ReadAction","target":["https:\/\/mwc-cmm.org\/es\/stories\/the-perfect-placement-a-kenyan-mennonite-in-the-mcc-un-office-3\/"]}]},{"@type":"ImageObject","inLanguage":"es","@id":"https:\/\/mwc-cmm.org\/es\/stories\/the-perfect-placement-a-kenyan-mennonite-in-the-mcc-un-office-3\/#primaryimage","url":"https:\/\/mwc-cmm.org\/wp-content\/uploads\/2024\/11\/nr-mcc-ivep-un_intern.jpg","contentUrl":"https:\/\/mwc-cmm.org\/wp-content\/uploads\/2024\/11\/nr-mcc-ivep-un_intern.jpg","width":1024,"height":682},{"@type":"BreadcrumbList","@id":"https:\/\/mwc-cmm.org\/es\/stories\/the-perfect-placement-a-kenyan-mennonite-in-the-mcc-un-office-3\/#breadcrumb","itemListElement":[{"@type":"ListItem","position":1,"name":"Home","item":"https:\/\/mwc-cmm.org\/es\/"},{"@type":"ListItem","position":2,"name":"El sitio perfecto: Un menonita de Kenia en la Oficina del CCM en la ONU"}]},{"@type":"WebSite","@id":"https:\/\/mwc-cmm.org\/en\/#website","url":"https:\/\/mwc-cmm.org\/en\/","name":"Mennonite World Conference","description":"A communion of Anabaptist-related churches","publisher":{"@id":"https:\/\/mwc-cmm.org\/en\/#organization"},"alternateName":"MWC","potentialAction":[{"@type":"SearchAction","target":{"@type":"EntryPoint","urlTemplate":"https:\/\/mwc-cmm.org\/en\/?s={search_term_string}"},"query-input":{"@type":"PropertyValueSpecification","valueRequired":true,"valueName":"search_term_string"}}],"inLanguage":"es"},{"@type":"Organization","@id":"https:\/\/mwc-cmm.org\/en\/#organization","name":"Mennonite World Conference","alternateName":"MWC","url":"https:\/\/mwc-cmm.org\/en\/","logo":{"@type":"ImageObject","inLanguage":"es","@id":"https:\/\/mwc-cmm.org\/en\/#\/schema\/logo\/image\/","url":"https:\/\/mwc-cmm.org\/wp-content\/uploads\/2026\/01\/MWC_Sig_Blue_Horiz_webheader1-logo.svg","contentUrl":"https:\/\/mwc-cmm.org\/wp-content\/uploads\/2026\/01\/MWC_Sig_Blue_Horiz_webheader1-logo.svg","width":786,"height":82,"caption":"Mennonite World Conference"},"image":{"@id":"https:\/\/mwc-cmm.org\/en\/#\/schema\/logo\/image\/"},"sameAs":["https:\/\/www.facebook.com\/MennoniteWorldConference","https:\/\/www.linkedin.com\/company\/mennonite-world-conference-mwc\/","https:\/\/www.instagram.com\/mwcmm\/","https:\/\/www.youtube.com\/user\/mwccmm","https:\/\/bsky.app\/profile\/mwcmm.bsky.social"]},{"@type":"Person","@id":"https:\/\/mwc-cmm.org\/en\/#\/schema\/person\/11f6ae0d7d1868ba20a1cc27f067c836","name":"mennworldcon","image":{"@type":"ImageObject","inLanguage":"es","@id":"https:\/\/secure.gravatar.com\/avatar\/06fdc0dc81c157dfdb82ec42f252178a22307808988d22c043f9eb96f1e0fe80?s=96&d=mm&r=g","url":"https:\/\/secure.gravatar.com\/avatar\/06fdc0dc81c157dfdb82ec42f252178a22307808988d22c043f9eb96f1e0fe80?s=96&d=mm&r=g","contentUrl":"https:\/\/secure.gravatar.com\/avatar\/06fdc0dc81c157dfdb82ec42f252178a22307808988d22c043f9eb96f1e0fe80?s=96&d=mm&r=g","caption":"mennworldcon"},"sameAs":["https:\/\/mwc-cmm.org"],"url":"https:\/\/mwc-cmm.org\/es\/stories\/author\/mennworldcon\/"}]}},"_links":{"self":[{"href":"https:\/\/mwc-cmm.org\/es\/wp-json\/wp\/v2\/posts\/8700","targetHints":{"allow":["GET"]}}],"collection":[{"href":"https:\/\/mwc-cmm.org\/es\/wp-json\/wp\/v2\/posts"}],"about":[{"href":"https:\/\/mwc-cmm.org\/es\/wp-json\/wp\/v2\/types\/post"}],"author":[{"embeddable":true,"href":"https:\/\/mwc-cmm.org\/es\/wp-json\/wp\/v2\/users\/1"}],"replies":[{"embeddable":true,"href":"https:\/\/mwc-cmm.org\/es\/wp-json\/wp\/v2\/comments?post=8700"}],"version-history":[{"count":0,"href":"https:\/\/mwc-cmm.org\/es\/wp-json\/wp\/v2\/posts\/8700\/revisions"}],"wp:featuredmedia":[{"embeddable":true,"href":"https:\/\/mwc-cmm.org\/es\/wp-json\/wp\/v2\/media\/91212"}],"wp:attachment":[{"href":"https:\/\/mwc-cmm.org\/es\/wp-json\/wp\/v2\/media?parent=8700"}],"wp:term":[{"taxonomy":"category","embeddable":true,"href":"https:\/\/mwc-cmm.org\/es\/wp-json\/wp\/v2\/categories?post=8700"},{"taxonomy":"post_tag","embeddable":true,"href":"https:\/\/mwc-cmm.org\/es\/wp-json\/wp\/v2\/tags?post=8700"},{"taxonomy":"network","embeddable":true,"href":"https:\/\/mwc-cmm.org\/es\/wp-json\/wp\/v2\/network?post=8700"},{"taxonomy":"eventcategory","embeddable":true,"href":"https:\/\/mwc-cmm.org\/es\/wp-json\/wp\/v2\/eventcategory?post=8700"}],"curies":[{"name":"wp","href":"https:\/\/api.w.org\/{rel}","templated":true}]}}