{"id":8694,"date":"2017-04-11T00:00:00","date_gmt":"2017-04-11T00:00:00","guid":{"rendered":"https:\/\/mwc-cmm.org\/songs-sermons-and-saucers-3\/"},"modified":"2024-12-10T18:00:34","modified_gmt":"2024-12-10T18:00:34","slug":"cantos-sermones-y-platillos","status":"publish","type":"post","link":"https:\/\/mwc-cmm.org\/es\/stories\/cantos-sermones-y-platillos\/","title":{"rendered":"Cantos, sermones y platillos"},"content":{"rendered":"<p>Bogot\u00e1 Colombia \u2013 La m\u00fasica de otras culturas, lecturas b\u00edblicas sobre un tema com\u00fan, la comida compartida y ofrendas especiales, caracterizaron el Domingo de la Fraternidad Mundial, una celebraci\u00f3n de la familia anabautista realizada el 22 de enero de 2017, en las iglesias menonitas y de los Hermanos en Cristo de todo el mundo.<\/p>\n<p>El tema de 2017, \u201cEscucha mi clamor\u201d, sirvi\u00f3 para reflexionar sobre la fidelidad de Dios en medio de las dificultades en la crisis mundial de desplazados y de los desaf\u00edos personales de la vida (Salmos 40,1\u201310, Gen\u00e9sis 11,1\u20139, Hechos 2,1\u201318). El paquete de recursos lit\u00fargicos descargable en <a href=\"http:\/\/www.mwc-cmm.org\/domingofraternidadmundial\">www.mwc-cmm.org\/domingofraternidadmundial<\/a>, se podr\u00e1 usar cualquier domingo del a\u00f1o a fin de ayudar a las iglesias a celebrar la hermandad anabautista mundial.<\/p>\n<p>\u201cRecordemos que hace quinientos a\u00f1os, mujeres y hombres valientes, impulsados por las verdaderas ense\u00f1anzas de Jes\u00fas, decidieron seguirle aunque dicha acci\u00f3n les costara la vida\u201d, dec\u00eda Oscar Su\u00e1rez, miembro de la Iglesia Menonita de Ibagu\u00e9, Colombia.<\/p>\n<p><img decoding=\"async\" alt=\"Iglesias menonitas de Groningen y Drenthe, Pa\u00edses Bajos, celebraron el Domingo de la Fraternidad Mundial en Doopsgezind Gemeente Haren. Foto gentileza de Jacob H Kikkert.\" data-src=\"\/sites\/default\/files\/website_files\/unknown_0.jpeg\" style=\"width: 200px; height: 150px; margin: 10px; float: right;\" src=\"data:image\/svg+xml;base64,PHN2ZyB3aWR0aD0iMSIgaGVpZ2h0PSIxIiB4bWxucz0iaHR0cDovL3d3dy53My5vcmcvMjAwMC9zdmciPjwvc3ZnPg==\" class=\"lazyload\" \/><\/p>\n<div>\n<p>\u201cSignifica partir el pan al servir y responder a las necesidades de los dem\u00e1s. No quiere decir la ausencia de desaf\u00edos, sino el reconocimiento de que se nos ha asegurado la <\/p>\n<p>victoria con y por medio de Dios\u201d, expresaba Manjula Roul de la Iglesia Bethel de los Hermanos en Cristo, Cuttack, Odisha, India.<\/p>\n<p>Para la pastora Ofelia Garc\u00eda de Pedroza, de Chihuahua, M\u00e9xico, el Domingo de la Fraternidad Mundial tiene que ver con, \u201calentar e instar a los hermanos a tomar decisiones que trasciendan las barreras que los dem\u00e1s quieren imponer.<\/p>\n<p>Para una peque\u00f1a iglesia local como la de Frankfurt, Alemania, la celebraci\u00f3n represent\u00f3 la alegr\u00eda de formar parte de la hermandad anabautista mundial. \u201cMediante la oraci\u00f3n, destacamos las inquietudes de nuestra familia mundial de fe, quienes son perseguidos y quienes est\u00e1n desanimados por los acontecimientos pol\u00edticos\u201d, dec\u00eda Andrea Lange, de la congregaci\u00f3n Arbeitsgemeinschaft.<\/p>\n<p>\u201cQu\u00e9 bueno fue hablar de la realidad de los refugiados\u201d, comentaba el pastor Siaka Traor\u00e9, de la Iglesia Menonita de Bobo-Dioulasso, Burkina Faso, quien ha recibido a quienes huyen de Mal\u00ed. El domingo 29 de enero de 2017, la congregaci\u00f3n celebr\u00f3 el Domingo de la Fraternidad Mundial inaugurando un nuevo edificio. \u201cNuestra alegr\u00eda fue aun mayor porque nuestra nueva iglesia le dio la bienvenida a siete personas nuevas para adorar a Dios con nosotros, y convertirse en miembros de nuestra comunidad.\u201d<\/p>\n<p>El Domingo de la Fraternidad Mundial es, \u201cun evento importante porque afirma que las ense\u00f1anzas de Jes\u00fas constituyen la autoridad final en cuanto al modo en que los cristianos viven su vida\u201d, se\u00f1alaba Marvin Dyck, pastor de la Iglesia Crossroads de los Hermanos Menonitas de Winnipeg, Manitoba, Canad\u00e1. No se trata de lo que diga el gobierno o la cultura respecto a lo que debe hacer la gente: \u201cse trata de seguir las ense\u00f1anzas y el ejemplo de Jes\u00fas en la Biblia.\u201d<\/p>\n<p><em>\u2014Comunicado del Congreso Mundial Menonita<\/em><\/p>\n<p><a href=\"https:\/\/www.mwc-cmm.org\/gallery\/2064\">Haga clic aqu\u00ed<\/a> para ver la galer\u00eda de fotos del Domingo de la Fraternidad Mundial 2017: Cantos, sermones y platillos<\/p>\n<\/div>\n","protected":false},"excerpt":{"rendered":"<p>NULL<\/p>\n","protected":false},"author":1,"featured_media":0,"comment_status":"closed","ping_status":"closed","sticky":false,"template":"","format":"standard","meta":{"_acf_changed":false,"footnotes":""},"categories":[6],"tags":[],"network":[],"eventcategory":[],"class_list":["post-8694","post","type-post","status-publish","format-standard","hentry","category-sin-categorizar"],"acf":[],"yoast_head":"<!-- This site is optimized with the Yoast SEO plugin v27.2 - https:\/\/yoast.com\/product\/yoast-seo-wordpress\/ -->\n<title>Cantos, sermones y platillos - Mennonite World Conference<\/title>\n<meta name=\"robots\" content=\"index, follow, max-snippet:-1, max-image-preview:large, max-video-preview:-1\" \/>\n<link rel=\"canonical\" href=\"https:\/\/mwc-cmm.org\/es\/stories\/cantos-sermones-y-platillos\/\" \/>\n<meta property=\"og:locale\" content=\"es_ES\" \/>\n<meta property=\"og:type\" content=\"article\" \/>\n<meta property=\"og:title\" content=\"Cantos, sermones y platillos - Mennonite World Conference\" \/>\n<meta property=\"og:description\" content=\"NULL\" \/>\n<meta property=\"og:url\" content=\"https:\/\/mwc-cmm.org\/es\/stories\/cantos-sermones-y-platillos\/\" \/>\n<meta property=\"og:site_name\" content=\"Mennonite World Conference\" \/>\n<meta property=\"article:publisher\" content=\"https:\/\/www.facebook.com\/MennoniteWorldConference\" \/>\n<meta property=\"article:published_time\" content=\"2017-04-11T00:00:00+00:00\" \/>\n<meta property=\"article:modified_time\" content=\"2024-12-10T18:00:34+00:00\" \/>\n<meta name=\"author\" content=\"mennworldcon\" \/>\n<script type=\"application\/ld+json\" class=\"yoast-schema-graph\">{\"@context\":\"https:\/\/schema.org\",\"@graph\":[{\"@type\":\"Article\",\"@id\":\"https:\/\/mwc-cmm.org\/es\/stories\/cantos-sermones-y-platillos\/#article\",\"isPartOf\":{\"@id\":\"https:\/\/mwc-cmm.org\/es\/stories\/cantos-sermones-y-platillos\/\"},\"author\":{\"name\":\"mennworldcon\",\"@id\":\"https:\/\/mwc-cmm.org\/en\/#\/schema\/person\/11f6ae0d7d1868ba20a1cc27f067c836\"},\"headline\":\"Cantos, sermones y platillos\",\"datePublished\":\"2017-04-11T00:00:00+00:00\",\"dateModified\":\"2024-12-10T18:00:34+00:00\",\"mainEntityOfPage\":{\"@id\":\"https:\/\/mwc-cmm.org\/es\/stories\/cantos-sermones-y-platillos\/\"},\"wordCount\":522,\"publisher\":{\"@id\":\"https:\/\/mwc-cmm.org\/en\/#organization\"},\"articleSection\":[\"Sin categorizar\"],\"inLanguage\":\"es\"},{\"@type\":\"WebPage\",\"@id\":\"https:\/\/mwc-cmm.org\/es\/stories\/cantos-sermones-y-platillos\/\",\"url\":\"https:\/\/mwc-cmm.org\/es\/stories\/cantos-sermones-y-platillos\/\",\"name\":\"Cantos, sermones y platillos - Mennonite World Conference\",\"isPartOf\":{\"@id\":\"https:\/\/mwc-cmm.org\/en\/#website\"},\"datePublished\":\"2017-04-11T00:00:00+00:00\",\"dateModified\":\"2024-12-10T18:00:34+00:00\",\"breadcrumb\":{\"@id\":\"https:\/\/mwc-cmm.org\/es\/stories\/cantos-sermones-y-platillos\/#breadcrumb\"},\"inLanguage\":\"es\",\"potentialAction\":[{\"@type\":\"ReadAction\",\"target\":[\"https:\/\/mwc-cmm.org\/es\/stories\/cantos-sermones-y-platillos\/\"]}]},{\"@type\":\"BreadcrumbList\",\"@id\":\"https:\/\/mwc-cmm.org\/es\/stories\/cantos-sermones-y-platillos\/#breadcrumb\",\"itemListElement\":[{\"@type\":\"ListItem\",\"position\":1,\"name\":\"Home\",\"item\":\"https:\/\/mwc-cmm.org\/es\/\"},{\"@type\":\"ListItem\",\"position\":2,\"name\":\"Cantos, sermones y platillos\"}]},{\"@type\":\"WebSite\",\"@id\":\"https:\/\/mwc-cmm.org\/en\/#website\",\"url\":\"https:\/\/mwc-cmm.org\/en\/\",\"name\":\"Mennonite World Conference\",\"description\":\"A communion of Anabaptist-related churches\",\"publisher\":{\"@id\":\"https:\/\/mwc-cmm.org\/en\/#organization\"},\"alternateName\":\"MWC\",\"potentialAction\":[{\"@type\":\"SearchAction\",\"target\":{\"@type\":\"EntryPoint\",\"urlTemplate\":\"https:\/\/mwc-cmm.org\/en\/?s={search_term_string}\"},\"query-input\":{\"@type\":\"PropertyValueSpecification\",\"valueRequired\":true,\"valueName\":\"search_term_string\"}}],\"inLanguage\":\"es\"},{\"@type\":\"Organization\",\"@id\":\"https:\/\/mwc-cmm.org\/en\/#organization\",\"name\":\"Mennonite World Conference\",\"alternateName\":\"MWC\",\"url\":\"https:\/\/mwc-cmm.org\/en\/\",\"logo\":{\"@type\":\"ImageObject\",\"inLanguage\":\"es\",\"@id\":\"https:\/\/mwc-cmm.org\/en\/#\/schema\/logo\/image\/\",\"url\":\"https:\/\/mwc-cmm.org\/wp-content\/uploads\/2026\/01\/MWC_Sig_Blue_Horiz_webheader1-logo.svg\",\"contentUrl\":\"https:\/\/mwc-cmm.org\/wp-content\/uploads\/2026\/01\/MWC_Sig_Blue_Horiz_webheader1-logo.svg\",\"width\":786,\"height\":82,\"caption\":\"Mennonite World Conference\"},\"image\":{\"@id\":\"https:\/\/mwc-cmm.org\/en\/#\/schema\/logo\/image\/\"},\"sameAs\":[\"https:\/\/www.facebook.com\/MennoniteWorldConference\",\"https:\/\/www.linkedin.com\/company\/mennonite-world-conference-mwc\/\",\"https:\/\/www.instagram.com\/mwcmm\/\",\"https:\/\/www.youtube.com\/user\/mwccmm\",\"https:\/\/bsky.app\/profile\/mwcmm.bsky.social\"]},{\"@type\":\"Person\",\"@id\":\"https:\/\/mwc-cmm.org\/en\/#\/schema\/person\/11f6ae0d7d1868ba20a1cc27f067c836\",\"name\":\"mennworldcon\",\"image\":{\"@type\":\"ImageObject\",\"inLanguage\":\"es\",\"@id\":\"https:\/\/secure.gravatar.com\/avatar\/06fdc0dc81c157dfdb82ec42f252178a22307808988d22c043f9eb96f1e0fe80?s=96&d=mm&r=g\",\"url\":\"https:\/\/secure.gravatar.com\/avatar\/06fdc0dc81c157dfdb82ec42f252178a22307808988d22c043f9eb96f1e0fe80?s=96&d=mm&r=g\",\"contentUrl\":\"https:\/\/secure.gravatar.com\/avatar\/06fdc0dc81c157dfdb82ec42f252178a22307808988d22c043f9eb96f1e0fe80?s=96&d=mm&r=g\",\"caption\":\"mennworldcon\"},\"sameAs\":[\"https:\/\/mwc-cmm.org\"],\"url\":\"https:\/\/mwc-cmm.org\/es\/stories\/author\/mennworldcon\/\"}]}<\/script>\n<!-- \/ Yoast SEO plugin. -->","yoast_head_json":{"title":"Cantos, sermones y platillos - Mennonite World Conference","robots":{"index":"index","follow":"follow","max-snippet":"max-snippet:-1","max-image-preview":"max-image-preview:large","max-video-preview":"max-video-preview:-1"},"canonical":"https:\/\/mwc-cmm.org\/es\/stories\/cantos-sermones-y-platillos\/","og_locale":"es_ES","og_type":"article","og_title":"Cantos, sermones y platillos - Mennonite World Conference","og_description":"NULL","og_url":"https:\/\/mwc-cmm.org\/es\/stories\/cantos-sermones-y-platillos\/","og_site_name":"Mennonite World Conference","article_publisher":"https:\/\/www.facebook.com\/MennoniteWorldConference","article_published_time":"2017-04-11T00:00:00+00:00","article_modified_time":"2024-12-10T18:00:34+00:00","author":"mennworldcon","schema":{"@context":"https:\/\/schema.org","@graph":[{"@type":"Article","@id":"https:\/\/mwc-cmm.org\/es\/stories\/cantos-sermones-y-platillos\/#article","isPartOf":{"@id":"https:\/\/mwc-cmm.org\/es\/stories\/cantos-sermones-y-platillos\/"},"author":{"name":"mennworldcon","@id":"https:\/\/mwc-cmm.org\/en\/#\/schema\/person\/11f6ae0d7d1868ba20a1cc27f067c836"},"headline":"Cantos, sermones y platillos","datePublished":"2017-04-11T00:00:00+00:00","dateModified":"2024-12-10T18:00:34+00:00","mainEntityOfPage":{"@id":"https:\/\/mwc-cmm.org\/es\/stories\/cantos-sermones-y-platillos\/"},"wordCount":522,"publisher":{"@id":"https:\/\/mwc-cmm.org\/en\/#organization"},"articleSection":["Sin categorizar"],"inLanguage":"es"},{"@type":"WebPage","@id":"https:\/\/mwc-cmm.org\/es\/stories\/cantos-sermones-y-platillos\/","url":"https:\/\/mwc-cmm.org\/es\/stories\/cantos-sermones-y-platillos\/","name":"Cantos, sermones y platillos - Mennonite World Conference","isPartOf":{"@id":"https:\/\/mwc-cmm.org\/en\/#website"},"datePublished":"2017-04-11T00:00:00+00:00","dateModified":"2024-12-10T18:00:34+00:00","breadcrumb":{"@id":"https:\/\/mwc-cmm.org\/es\/stories\/cantos-sermones-y-platillos\/#breadcrumb"},"inLanguage":"es","potentialAction":[{"@type":"ReadAction","target":["https:\/\/mwc-cmm.org\/es\/stories\/cantos-sermones-y-platillos\/"]}]},{"@type":"BreadcrumbList","@id":"https:\/\/mwc-cmm.org\/es\/stories\/cantos-sermones-y-platillos\/#breadcrumb","itemListElement":[{"@type":"ListItem","position":1,"name":"Home","item":"https:\/\/mwc-cmm.org\/es\/"},{"@type":"ListItem","position":2,"name":"Cantos, sermones y platillos"}]},{"@type":"WebSite","@id":"https:\/\/mwc-cmm.org\/en\/#website","url":"https:\/\/mwc-cmm.org\/en\/","name":"Mennonite World Conference","description":"A communion of Anabaptist-related churches","publisher":{"@id":"https:\/\/mwc-cmm.org\/en\/#organization"},"alternateName":"MWC","potentialAction":[{"@type":"SearchAction","target":{"@type":"EntryPoint","urlTemplate":"https:\/\/mwc-cmm.org\/en\/?s={search_term_string}"},"query-input":{"@type":"PropertyValueSpecification","valueRequired":true,"valueName":"search_term_string"}}],"inLanguage":"es"},{"@type":"Organization","@id":"https:\/\/mwc-cmm.org\/en\/#organization","name":"Mennonite World Conference","alternateName":"MWC","url":"https:\/\/mwc-cmm.org\/en\/","logo":{"@type":"ImageObject","inLanguage":"es","@id":"https:\/\/mwc-cmm.org\/en\/#\/schema\/logo\/image\/","url":"https:\/\/mwc-cmm.org\/wp-content\/uploads\/2026\/01\/MWC_Sig_Blue_Horiz_webheader1-logo.svg","contentUrl":"https:\/\/mwc-cmm.org\/wp-content\/uploads\/2026\/01\/MWC_Sig_Blue_Horiz_webheader1-logo.svg","width":786,"height":82,"caption":"Mennonite World Conference"},"image":{"@id":"https:\/\/mwc-cmm.org\/en\/#\/schema\/logo\/image\/"},"sameAs":["https:\/\/www.facebook.com\/MennoniteWorldConference","https:\/\/www.linkedin.com\/company\/mennonite-world-conference-mwc\/","https:\/\/www.instagram.com\/mwcmm\/","https:\/\/www.youtube.com\/user\/mwccmm","https:\/\/bsky.app\/profile\/mwcmm.bsky.social"]},{"@type":"Person","@id":"https:\/\/mwc-cmm.org\/en\/#\/schema\/person\/11f6ae0d7d1868ba20a1cc27f067c836","name":"mennworldcon","image":{"@type":"ImageObject","inLanguage":"es","@id":"https:\/\/secure.gravatar.com\/avatar\/06fdc0dc81c157dfdb82ec42f252178a22307808988d22c043f9eb96f1e0fe80?s=96&d=mm&r=g","url":"https:\/\/secure.gravatar.com\/avatar\/06fdc0dc81c157dfdb82ec42f252178a22307808988d22c043f9eb96f1e0fe80?s=96&d=mm&r=g","contentUrl":"https:\/\/secure.gravatar.com\/avatar\/06fdc0dc81c157dfdb82ec42f252178a22307808988d22c043f9eb96f1e0fe80?s=96&d=mm&r=g","caption":"mennworldcon"},"sameAs":["https:\/\/mwc-cmm.org"],"url":"https:\/\/mwc-cmm.org\/es\/stories\/author\/mennworldcon\/"}]}},"_links":{"self":[{"href":"https:\/\/mwc-cmm.org\/es\/wp-json\/wp\/v2\/posts\/8694","targetHints":{"allow":["GET"]}}],"collection":[{"href":"https:\/\/mwc-cmm.org\/es\/wp-json\/wp\/v2\/posts"}],"about":[{"href":"https:\/\/mwc-cmm.org\/es\/wp-json\/wp\/v2\/types\/post"}],"author":[{"embeddable":true,"href":"https:\/\/mwc-cmm.org\/es\/wp-json\/wp\/v2\/users\/1"}],"replies":[{"embeddable":true,"href":"https:\/\/mwc-cmm.org\/es\/wp-json\/wp\/v2\/comments?post=8694"}],"version-history":[{"count":0,"href":"https:\/\/mwc-cmm.org\/es\/wp-json\/wp\/v2\/posts\/8694\/revisions"}],"wp:attachment":[{"href":"https:\/\/mwc-cmm.org\/es\/wp-json\/wp\/v2\/media?parent=8694"}],"wp:term":[{"taxonomy":"category","embeddable":true,"href":"https:\/\/mwc-cmm.org\/es\/wp-json\/wp\/v2\/categories?post=8694"},{"taxonomy":"post_tag","embeddable":true,"href":"https:\/\/mwc-cmm.org\/es\/wp-json\/wp\/v2\/tags?post=8694"},{"taxonomy":"network","embeddable":true,"href":"https:\/\/mwc-cmm.org\/es\/wp-json\/wp\/v2\/network?post=8694"},{"taxonomy":"eventcategory","embeddable":true,"href":"https:\/\/mwc-cmm.org\/es\/wp-json\/wp\/v2\/eventcategory?post=8694"}],"curies":[{"name":"wp","href":"https:\/\/api.w.org\/{rel}","templated":true}]}}